{"id":54287,"date":"2025-07-02T00:04:52","date_gmt":"2025-07-01T22:04:52","guid":{"rendered":"https:\/\/www.livemag.it\/index.php\/2025\/07\/02\/crescono-dell15-i-prezzi-delle-case-usate-nel-secondo-trimestre-2025\/"},"modified":"2025-07-02T00:04:52","modified_gmt":"2025-07-01T22:04:52","slug":"crescono-dell15-i-prezzi-delle-case-usate-nel-secondo-trimestre-2025","status":"publish","type":"post","link":"https:\/\/www.livemag.it\/index.php\/2025\/07\/02\/crescono-dell15-i-prezzi-delle-case-usate-nel-secondo-trimestre-2025\/","title":{"rendered":"Crescono dell\u20191,5% i prezzi delle case usate nel secondo trimestre 2025"},"content":{"rendered":"<div>\n<p>ROMA (ITALPRESS) \u2013 Secondo l\u2019ultimo report del portale immobiliare idealista, i prezzi delle abitazioni usate sono cresciuti dell\u20191,5% nel secondo trimestre, portando il valore medio nazionale a 1.828 euro al metro quadro. Su base mensile, l\u2019aumento \u00e8 stato dello 0,2% rispetto a maggio, confermando un\u2019accelerazione dei valori rispetto alla sostanziale stabilit\u00e0 registrata su base annua (0,4%).<br \/>\n\u201cNel complesso, i prezzi delle abitazioni usate si mantengono abbastanza stabili su base annua, ma il secondo trimestre del 2025 ha segnato un\u2019accelerazione significativa. Questo cambio di passo \u00e8 stato favorito dal taglio dei tassi da parte della BCE, che ha generato un rinnovato ottimismo tra gli acquirenti. Il sentiment del mercato sta migliorando: con i tassi sui mutui in calo e i prezzi relativamente fermi, si stanno creando le condizioni ideali per una forte ripresa delle compravendite nella seconda parte dell\u2019anno con incrementi pi\u00f9 decisi dei prezzi\u201d, ha commentato Vincenzo De Tommaso, responsabile dell\u2019Ufficio Studi di idealista.<br \/>\nA livello cittadino, il 76% dei capoluoghi monitorati ha mostrato aumenti nei prezzi delle abitazioni usate nell\u2019ultimo anno. In cima alla classifica delle performance migliori si posizionano Rovigo (7,4%), Como e Udine (entrambe 5,6%). Incrementi rilevanti si registrano anche in molti grandi mercati urbani: Firenze (3,7%), Palermo (3,1%), Torino e Roma (entrambe 2,9%), seguite da Milano (2,4%), Bologna e Genova (entrambe 2,2%). Napoli mostra una crescita pi\u00f9 contenuta, con un +0,8% su base trimestrale. Stabilit\u00e0 a Barletta, Cremona e Foggia, mentre i ribassi pi\u00f9 consistenti si osservano ad Agrigento (-3,6%), Caltanissetta (-3,1%) e L\u2019Aquila (- 2,5%).<br \/>\nMilano resta il capoluogo pi\u00f9 costoso con un prezzo medio di 5.104 euro\/metro quadro, seguita da Venezia (4.642 euro\/metro quadro), Bolzano (4.619 euro\/metro quadro) e Firenze (4.492 euro\/metro quadro). Roma si colloca sesta nel ranking dei capoluoghi pi\u00f9 cari con 3.250 euro\/metro quadro, dopo Bologna (3.525 euro\/metro quadro). Le citt\u00e0 pi\u00f9 economiche per acquistare sono Caltanissetta (675 euro\/metro quadro), Ragusa (707 euro\/metro quadro) e Biella (775 euro\/metro quadro).<br \/>\nAnche a livello provinciale si registra una prevalenza di rialzi: su 106 aree monitorate, ben 78 evidenziano un aumento dei prezzi. In testa c\u2019\u00e8 Gorizia, con una crescita trimestrale del 5,7%, seguita da Milano, Firenze e Sondrio, tutte con incrementi del 3,9%. In crescita anche i valori nell\u2019area metropolitana di Roma, con un +2%. Le diminuzioni pi\u00f9 significative si rilevano invece a Isernia (-7,7%), Belluno (-2,7%) e Barletta-Andria-Trani (-1,7%).<br \/>\nA giugno 2025, la provincia pi\u00f9 cara d\u2019Italia \u00e8 Bolzano, con un prezzo medio di 4.505 euro\/metro quadro, seguita da Milano (3.601 euro\/metro quadro), Lucca (3.220 euro\/metro quadro) e Savona (3.094 euro\/metro quadro). Le aree provinciali pi\u00f9 economiche per l\u2019acquisto di un\u2019abitazione sono Biella (612 euro\/metro quadro), Caltanissetta (643 euro\/metro quadro) e Isernia (676 euro\/metro quadro).<br \/>\nRegioni A livello territoriale, i rincari hanno interessato 16 regioni su 20, con la Lombardia (4,4%) che precede la Sardegna (3,3%) e il Friuli-Venezia Giulia (2,3%). Anche Toscana e Trentino-Alto Adige registrano incrementi superiori alla media nazionale del periodo, rispettivamente con il 2,2% e l\u20191,7%.<br \/>\nIl Piemonte mantiene prezzi stabili; mentre, sono 4 le regioni in calo, con il ribasso pi\u00f9 significativo che si registra in Valle d\u2019Aosta (-1,3%), che precede la Basilicata (-1,2%), marginali i cali di Puglia e Sicilia, rispettivamente con -0,3% e 0,2%.<br \/>\nDal punto di vista dei valori immobiliari, il Trentino-Alto Adige si conferma la regione pi\u00f9 cara, con una media di 3.152 euro\/metro quadro, seguita da Valle d\u2019Aosta (2.508 euro\/metro quadro), Liguria (2.484 euro\/metro quadro) e Toscana (2.387 euro\/metro quadro). Anche Lombardia, Lazio ed Emilia-Romagna registrano prezzi superiori alla media nazionale di 1.828 euro\/metro quadro.<br \/>\nLe regioni pi\u00f9 accessibili restano Calabria (911 euro\/metro quadro) e Molise (925 euro\/metro quadro), le uniche con valori inferiori a 1.000 euro\/metro quadro.<\/p>\n<p>\u2013 news in collaborazione con Idealista \u2013<br \/>\n\u2013 foto ufficio stampa Idealista \u2013<\/p>\n<p>(ITALPRESS).<\/p>\n<\/div>\n","protected":false},"excerpt":{"rendered":"<p>ROMA (ITALPRESS) \u2013 Secondo l\u2019ultimo report del portale immobiliare idealista, i prezzi delle abitazioni usate sono cresciuti dell\u20191,5% nel secondo trimestre, portando il valore medio nazionale a 1.828 euro al metro quadro. Su base mensile, l\u2019aumento \u00e8 stato dello 0,2% rispetto a maggio, confermando un\u2019accelerazione dei valori rispetto alla sostanziale stabilit\u00e0 registrata su base annua [&hellip;]<\/p>\n","protected":false},"author":16,"featured_media":54288,"comment_status":"closed","ping_status":"closed","sticky":false,"template":"","format":"standard","meta":{"jnews-multi-image_gallery":[],"jnews_single_post":[],"jnews_primary_category":[],"jnews_social_meta":[],"jnews_override_counter":[],"jnews_post_split":[],"footnotes":""},"categories":[1129],"tags":[],"class_list":["post-54287","post","type-post","status-publish","format-standard","has-post-thumbnail","hentry","category-mondo"],"yoast_head":"<!-- This site is optimized with the Yoast SEO plugin v27.5 - https:\/\/yoast.com\/product\/yoast-seo-wordpress\/ -->\n<title>Crescono dell\u20191,5% i prezzi delle case usate nel secondo trimestre 2025 - Live Magazine<\/title>\n<meta name=\"robots\" content=\"index, follow, max-snippet:-1, max-image-preview:large, max-video-preview:-1\" \/>\n<link rel=\"canonical\" href=\"https:\/\/www.livemag.it\/index.php\/2025\/07\/02\/crescono-dell15-i-prezzi-delle-case-usate-nel-secondo-trimestre-2025\/\" \/>\n<meta property=\"og:locale\" content=\"it_IT\" \/>\n<meta property=\"og:type\" content=\"article\" \/>\n<meta property=\"og:title\" content=\"Crescono dell\u20191,5% i prezzi delle case usate nel secondo trimestre 2025 - Live Magazine\" \/>\n<meta property=\"og:description\" content=\"ROMA (ITALPRESS) \u2013 Secondo l\u2019ultimo report del portale immobiliare idealista, i prezzi delle abitazioni usate sono cresciuti dell\u20191,5% nel secondo trimestre, portando il valore medio nazionale a 1.828 euro al metro quadro. Su base mensile, l\u2019aumento \u00e8 stato dello 0,2% rispetto a maggio, confermando un\u2019accelerazione dei valori rispetto alla sostanziale stabilit\u00e0 registrata su base annua [&hellip;]\" \/>\n<meta property=\"og:url\" content=\"https:\/\/www.livemag.it\/index.php\/2025\/07\/02\/crescono-dell15-i-prezzi-delle-case-usate-nel-secondo-trimestre-2025\/\" \/>\n<meta property=\"og:site_name\" content=\"Live Magazine\" \/>\n<meta property=\"article:publisher\" content=\"https:\/\/www.facebook.com\/LiveMag\/\" \/>\n<meta property=\"article:published_time\" content=\"2025-07-01T22:04:52+00:00\" \/>\n<meta property=\"og:image\" content=\"https:\/\/www.livemag.it\/wp-content\/uploads\/2024\/02\/ograph.jpg\" \/>\n\t<meta property=\"og:image:width\" content=\"1200\" \/>\n\t<meta property=\"og:image:height\" content=\"675\" \/>\n\t<meta property=\"og:image:type\" content=\"image\/jpeg\" \/>\n<meta name=\"author\" content=\"italpress\" \/>\n<meta name=\"twitter:card\" content=\"summary_large_image\" \/>\n<meta name=\"twitter:creator\" content=\"@LiveNotizie\" \/>\n<meta name=\"twitter:site\" content=\"@LiveNotizie\" \/>\n<meta name=\"twitter:label1\" content=\"Scritto da\" \/>\n\t<meta name=\"twitter:data1\" content=\"italpress\" \/>\n\t<meta name=\"twitter:label2\" content=\"Tempo di lettura stimato\" \/>\n\t<meta name=\"twitter:data2\" content=\"3 minuti\" \/>\n<script type=\"application\/ld+json\" class=\"yoast-schema-graph\">{\"@context\":\"https:\\\/\\\/schema.org\",\"@graph\":[{\"@type\":\"Article\",\"@id\":\"https:\\\/\\\/www.livemag.it\\\/index.php\\\/2025\\\/07\\\/02\\\/crescono-dell15-i-prezzi-delle-case-usate-nel-secondo-trimestre-2025\\\/#article\",\"isPartOf\":{\"@id\":\"https:\\\/\\\/www.livemag.it\\\/index.php\\\/2025\\\/07\\\/02\\\/crescono-dell15-i-prezzi-delle-case-usate-nel-secondo-trimestre-2025\\\/\"},\"author\":{\"name\":\"italpress\",\"@id\":\"https:\\\/\\\/www.livemag.it\\\/#\\\/schema\\\/person\\\/b62c5f44451fdcdaeb0afe6c2424e73c\"},\"headline\":\"Crescono dell\u20191,5% i prezzi delle case usate nel secondo trimestre 2025\",\"datePublished\":\"2025-07-01T22:04:52+00:00\",\"mainEntityOfPage\":{\"@id\":\"https:\\\/\\\/www.livemag.it\\\/index.php\\\/2025\\\/07\\\/02\\\/crescono-dell15-i-prezzi-delle-case-usate-nel-secondo-trimestre-2025\\\/\"},\"wordCount\":608,\"publisher\":{\"@id\":\"https:\\\/\\\/www.livemag.it\\\/#organization\"},\"image\":{\"@id\":\"https:\\\/\\\/www.livemag.it\\\/index.php\\\/2025\\\/07\\\/02\\\/crescono-dell15-i-prezzi-delle-case-usate-nel-secondo-trimestre-2025\\\/#primaryimage\"},\"thumbnailUrl\":\"https:\\\/\\\/www.livemag.it\\\/wp-content\\\/uploads\\\/2025\\\/07\\\/20250701_2286.jpg\",\"articleSection\":[\"Mondo\"],\"inLanguage\":\"it-IT\"},{\"@type\":\"WebPage\",\"@id\":\"https:\\\/\\\/www.livemag.it\\\/index.php\\\/2025\\\/07\\\/02\\\/crescono-dell15-i-prezzi-delle-case-usate-nel-secondo-trimestre-2025\\\/\",\"url\":\"https:\\\/\\\/www.livemag.it\\\/index.php\\\/2025\\\/07\\\/02\\\/crescono-dell15-i-prezzi-delle-case-usate-nel-secondo-trimestre-2025\\\/\",\"name\":\"Crescono dell\u20191,5% i prezzi delle case usate nel secondo trimestre 2025 - Live Magazine\",\"isPartOf\":{\"@id\":\"https:\\\/\\\/www.livemag.it\\\/#website\"},\"primaryImageOfPage\":{\"@id\":\"https:\\\/\\\/www.livemag.it\\\/index.php\\\/2025\\\/07\\\/02\\\/crescono-dell15-i-prezzi-delle-case-usate-nel-secondo-trimestre-2025\\\/#primaryimage\"},\"image\":{\"@id\":\"https:\\\/\\\/www.livemag.it\\\/index.php\\\/2025\\\/07\\\/02\\\/crescono-dell15-i-prezzi-delle-case-usate-nel-secondo-trimestre-2025\\\/#primaryimage\"},\"thumbnailUrl\":\"https:\\\/\\\/www.livemag.it\\\/wp-content\\\/uploads\\\/2025\\\/07\\\/20250701_2286.jpg\",\"datePublished\":\"2025-07-01T22:04:52+00:00\",\"breadcrumb\":{\"@id\":\"https:\\\/\\\/www.livemag.it\\\/index.php\\\/2025\\\/07\\\/02\\\/crescono-dell15-i-prezzi-delle-case-usate-nel-secondo-trimestre-2025\\\/#breadcrumb\"},\"inLanguage\":\"it-IT\",\"potentialAction\":[{\"@type\":\"ReadAction\",\"target\":[\"https:\\\/\\\/www.livemag.it\\\/index.php\\\/2025\\\/07\\\/02\\\/crescono-dell15-i-prezzi-delle-case-usate-nel-secondo-trimestre-2025\\\/\"]}]},{\"@type\":\"ImageObject\",\"inLanguage\":\"it-IT\",\"@id\":\"https:\\\/\\\/www.livemag.it\\\/index.php\\\/2025\\\/07\\\/02\\\/crescono-dell15-i-prezzi-delle-case-usate-nel-secondo-trimestre-2025\\\/#primaryimage\",\"url\":\"https:\\\/\\\/www.livemag.it\\\/wp-content\\\/uploads\\\/2025\\\/07\\\/20250701_2286.jpg\",\"contentUrl\":\"https:\\\/\\\/www.livemag.it\\\/wp-content\\\/uploads\\\/2025\\\/07\\\/20250701_2286.jpg\",\"width\":1200,\"height\":627},{\"@type\":\"BreadcrumbList\",\"@id\":\"https:\\\/\\\/www.livemag.it\\\/index.php\\\/2025\\\/07\\\/02\\\/crescono-dell15-i-prezzi-delle-case-usate-nel-secondo-trimestre-2025\\\/#breadcrumb\",\"itemListElement\":[{\"@type\":\"ListItem\",\"position\":1,\"name\":\"Home\",\"item\":\"https:\\\/\\\/www.livemag.it\\\/\"},{\"@type\":\"ListItem\",\"position\":2,\"name\":\"Crescono dell\u20191,5% i prezzi delle case usate nel secondo trimestre 2025\"}]},{\"@type\":\"WebSite\",\"@id\":\"https:\\\/\\\/www.livemag.it\\\/#website\",\"url\":\"https:\\\/\\\/www.livemag.it\\\/\",\"name\":\"Live Magazine\",\"description\":\"Varie ed eventi\",\"publisher\":{\"@id\":\"https:\\\/\\\/www.livemag.it\\\/#organization\"},\"potentialAction\":[{\"@type\":\"SearchAction\",\"target\":{\"@type\":\"EntryPoint\",\"urlTemplate\":\"https:\\\/\\\/www.livemag.it\\\/?s={search_term_string}\"},\"query-input\":{\"@type\":\"PropertyValueSpecification\",\"valueRequired\":true,\"valueName\":\"search_term_string\"}}],\"inLanguage\":\"it-IT\"},{\"@type\":\"Organization\",\"@id\":\"https:\\\/\\\/www.livemag.it\\\/#organization\",\"name\":\"LiveMag\",\"alternateName\":\"LiveMag News ed eventi\",\"url\":\"https:\\\/\\\/www.livemag.it\\\/\",\"logo\":{\"@type\":\"ImageObject\",\"inLanguage\":\"it-IT\",\"@id\":\"https:\\\/\\\/www.livemag.it\\\/#\\\/schema\\\/logo\\\/image\\\/\",\"url\":\"https:\\\/\\\/www.livemag.it\\\/wp-content\\\/uploads\\\/2024\\\/02\\\/immagine-sito.jpg\",\"contentUrl\":\"https:\\\/\\\/www.livemag.it\\\/wp-content\\\/uploads\\\/2024\\\/02\\\/immagine-sito.jpg\",\"width\":696,\"height\":696,\"caption\":\"LiveMag\"},\"image\":{\"@id\":\"https:\\\/\\\/www.livemag.it\\\/#\\\/schema\\\/logo\\\/image\\\/\"},\"sameAs\":[\"https:\\\/\\\/www.facebook.com\\\/LiveMag\\\/\",\"https:\\\/\\\/x.com\\\/LiveNotizie\",\"https:\\\/\\\/www.instagram.com\\\/livemag\\\/\"]},{\"@type\":\"Person\",\"@id\":\"https:\\\/\\\/www.livemag.it\\\/#\\\/schema\\\/person\\\/b62c5f44451fdcdaeb0afe6c2424e73c\",\"name\":\"italpress\",\"image\":{\"@type\":\"ImageObject\",\"inLanguage\":\"it-IT\",\"@id\":\"https:\\\/\\\/secure.gravatar.com\\\/avatar\\\/b6a21695fc713ce7ee312cf57c97e2e641feb365be72d8745574d3c3e2b59066?s=96&r=g\",\"url\":\"https:\\\/\\\/secure.gravatar.com\\\/avatar\\\/b6a21695fc713ce7ee312cf57c97e2e641feb365be72d8745574d3c3e2b59066?s=96&r=g\",\"contentUrl\":\"https:\\\/\\\/secure.gravatar.com\\\/avatar\\\/b6a21695fc713ce7ee312cf57c97e2e641feb365be72d8745574d3c3e2b59066?s=96&r=g\",\"caption\":\"italpress\"},\"description\":\"Italpress \u00e8 un'agenzia di stampa italiana a carattere nazionale.\",\"url\":\"https:\\\/\\\/www.livemag.it\\\/index.php\\\/author\\\/italpress\\\/\"}]}<\/script>\n<!-- \/ Yoast SEO plugin. -->","yoast_head_json":{"title":"Crescono dell\u20191,5% i prezzi delle case usate nel secondo trimestre 2025 - Live Magazine","robots":{"index":"index","follow":"follow","max-snippet":"max-snippet:-1","max-image-preview":"max-image-preview:large","max-video-preview":"max-video-preview:-1"},"canonical":"https:\/\/www.livemag.it\/index.php\/2025\/07\/02\/crescono-dell15-i-prezzi-delle-case-usate-nel-secondo-trimestre-2025\/","og_locale":"it_IT","og_type":"article","og_title":"Crescono dell\u20191,5% i prezzi delle case usate nel secondo trimestre 2025 - Live Magazine","og_description":"ROMA (ITALPRESS) \u2013 Secondo l\u2019ultimo report del portale immobiliare idealista, i prezzi delle abitazioni usate sono cresciuti dell\u20191,5% nel secondo trimestre, portando il valore medio nazionale a 1.828 euro al metro quadro. Su base mensile, l\u2019aumento \u00e8 stato dello 0,2% rispetto a maggio, confermando un\u2019accelerazione dei valori rispetto alla sostanziale stabilit\u00e0 registrata su base annua [&hellip;]","og_url":"https:\/\/www.livemag.it\/index.php\/2025\/07\/02\/crescono-dell15-i-prezzi-delle-case-usate-nel-secondo-trimestre-2025\/","og_site_name":"Live Magazine","article_publisher":"https:\/\/www.facebook.com\/LiveMag\/","article_published_time":"2025-07-01T22:04:52+00:00","og_image":[{"width":1200,"height":675,"url":"https:\/\/www.livemag.it\/wp-content\/uploads\/2024\/02\/ograph.jpg","type":"image\/jpeg"}],"author":"italpress","twitter_card":"summary_large_image","twitter_creator":"@LiveNotizie","twitter_site":"@LiveNotizie","twitter_misc":{"Scritto da":"italpress","Tempo di lettura stimato":"3 minuti"},"schema":{"@context":"https:\/\/schema.org","@graph":[{"@type":"Article","@id":"https:\/\/www.livemag.it\/index.php\/2025\/07\/02\/crescono-dell15-i-prezzi-delle-case-usate-nel-secondo-trimestre-2025\/#article","isPartOf":{"@id":"https:\/\/www.livemag.it\/index.php\/2025\/07\/02\/crescono-dell15-i-prezzi-delle-case-usate-nel-secondo-trimestre-2025\/"},"author":{"name":"italpress","@id":"https:\/\/www.livemag.it\/#\/schema\/person\/b62c5f44451fdcdaeb0afe6c2424e73c"},"headline":"Crescono dell\u20191,5% i prezzi delle case usate nel secondo trimestre 2025","datePublished":"2025-07-01T22:04:52+00:00","mainEntityOfPage":{"@id":"https:\/\/www.livemag.it\/index.php\/2025\/07\/02\/crescono-dell15-i-prezzi-delle-case-usate-nel-secondo-trimestre-2025\/"},"wordCount":608,"publisher":{"@id":"https:\/\/www.livemag.it\/#organization"},"image":{"@id":"https:\/\/www.livemag.it\/index.php\/2025\/07\/02\/crescono-dell15-i-prezzi-delle-case-usate-nel-secondo-trimestre-2025\/#primaryimage"},"thumbnailUrl":"https:\/\/www.livemag.it\/wp-content\/uploads\/2025\/07\/20250701_2286.jpg","articleSection":["Mondo"],"inLanguage":"it-IT"},{"@type":"WebPage","@id":"https:\/\/www.livemag.it\/index.php\/2025\/07\/02\/crescono-dell15-i-prezzi-delle-case-usate-nel-secondo-trimestre-2025\/","url":"https:\/\/www.livemag.it\/index.php\/2025\/07\/02\/crescono-dell15-i-prezzi-delle-case-usate-nel-secondo-trimestre-2025\/","name":"Crescono dell\u20191,5% i prezzi delle case usate nel secondo trimestre 2025 - Live Magazine","isPartOf":{"@id":"https:\/\/www.livemag.it\/#website"},"primaryImageOfPage":{"@id":"https:\/\/www.livemag.it\/index.php\/2025\/07\/02\/crescono-dell15-i-prezzi-delle-case-usate-nel-secondo-trimestre-2025\/#primaryimage"},"image":{"@id":"https:\/\/www.livemag.it\/index.php\/2025\/07\/02\/crescono-dell15-i-prezzi-delle-case-usate-nel-secondo-trimestre-2025\/#primaryimage"},"thumbnailUrl":"https:\/\/www.livemag.it\/wp-content\/uploads\/2025\/07\/20250701_2286.jpg","datePublished":"2025-07-01T22:04:52+00:00","breadcrumb":{"@id":"https:\/\/www.livemag.it\/index.php\/2025\/07\/02\/crescono-dell15-i-prezzi-delle-case-usate-nel-secondo-trimestre-2025\/#breadcrumb"},"inLanguage":"it-IT","potentialAction":[{"@type":"ReadAction","target":["https:\/\/www.livemag.it\/index.php\/2025\/07\/02\/crescono-dell15-i-prezzi-delle-case-usate-nel-secondo-trimestre-2025\/"]}]},{"@type":"ImageObject","inLanguage":"it-IT","@id":"https:\/\/www.livemag.it\/index.php\/2025\/07\/02\/crescono-dell15-i-prezzi-delle-case-usate-nel-secondo-trimestre-2025\/#primaryimage","url":"https:\/\/www.livemag.it\/wp-content\/uploads\/2025\/07\/20250701_2286.jpg","contentUrl":"https:\/\/www.livemag.it\/wp-content\/uploads\/2025\/07\/20250701_2286.jpg","width":1200,"height":627},{"@type":"BreadcrumbList","@id":"https:\/\/www.livemag.it\/index.php\/2025\/07\/02\/crescono-dell15-i-prezzi-delle-case-usate-nel-secondo-trimestre-2025\/#breadcrumb","itemListElement":[{"@type":"ListItem","position":1,"name":"Home","item":"https:\/\/www.livemag.it\/"},{"@type":"ListItem","position":2,"name":"Crescono dell\u20191,5% i prezzi delle case usate nel secondo trimestre 2025"}]},{"@type":"WebSite","@id":"https:\/\/www.livemag.it\/#website","url":"https:\/\/www.livemag.it\/","name":"Live Magazine","description":"Varie ed eventi","publisher":{"@id":"https:\/\/www.livemag.it\/#organization"},"potentialAction":[{"@type":"SearchAction","target":{"@type":"EntryPoint","urlTemplate":"https:\/\/www.livemag.it\/?s={search_term_string}"},"query-input":{"@type":"PropertyValueSpecification","valueRequired":true,"valueName":"search_term_string"}}],"inLanguage":"it-IT"},{"@type":"Organization","@id":"https:\/\/www.livemag.it\/#organization","name":"LiveMag","alternateName":"LiveMag News ed eventi","url":"https:\/\/www.livemag.it\/","logo":{"@type":"ImageObject","inLanguage":"it-IT","@id":"https:\/\/www.livemag.it\/#\/schema\/logo\/image\/","url":"https:\/\/www.livemag.it\/wp-content\/uploads\/2024\/02\/immagine-sito.jpg","contentUrl":"https:\/\/www.livemag.it\/wp-content\/uploads\/2024\/02\/immagine-sito.jpg","width":696,"height":696,"caption":"LiveMag"},"image":{"@id":"https:\/\/www.livemag.it\/#\/schema\/logo\/image\/"},"sameAs":["https:\/\/www.facebook.com\/LiveMag\/","https:\/\/x.com\/LiveNotizie","https:\/\/www.instagram.com\/livemag\/"]},{"@type":"Person","@id":"https:\/\/www.livemag.it\/#\/schema\/person\/b62c5f44451fdcdaeb0afe6c2424e73c","name":"italpress","image":{"@type":"ImageObject","inLanguage":"it-IT","@id":"https:\/\/secure.gravatar.com\/avatar\/b6a21695fc713ce7ee312cf57c97e2e641feb365be72d8745574d3c3e2b59066?s=96&r=g","url":"https:\/\/secure.gravatar.com\/avatar\/b6a21695fc713ce7ee312cf57c97e2e641feb365be72d8745574d3c3e2b59066?s=96&r=g","contentUrl":"https:\/\/secure.gravatar.com\/avatar\/b6a21695fc713ce7ee312cf57c97e2e641feb365be72d8745574d3c3e2b59066?s=96&r=g","caption":"italpress"},"description":"Italpress \u00e8 un'agenzia di stampa italiana a carattere nazionale.","url":"https:\/\/www.livemag.it\/index.php\/author\/italpress\/"}]}},"jetpack_featured_media_url":"https:\/\/www.livemag.it\/wp-content\/uploads\/2025\/07\/20250701_2286.jpg","_links":{"self":[{"href":"https:\/\/www.livemag.it\/index.php\/wp-json\/wp\/v2\/posts\/54287","targetHints":{"allow":["GET"]}}],"collection":[{"href":"https:\/\/www.livemag.it\/index.php\/wp-json\/wp\/v2\/posts"}],"about":[{"href":"https:\/\/www.livemag.it\/index.php\/wp-json\/wp\/v2\/types\/post"}],"author":[{"embeddable":true,"href":"https:\/\/www.livemag.it\/index.php\/wp-json\/wp\/v2\/users\/16"}],"replies":[{"embeddable":true,"href":"https:\/\/www.livemag.it\/index.php\/wp-json\/wp\/v2\/comments?post=54287"}],"version-history":[{"count":0,"href":"https:\/\/www.livemag.it\/index.php\/wp-json\/wp\/v2\/posts\/54287\/revisions"}],"wp:featuredmedia":[{"embeddable":true,"href":"https:\/\/www.livemag.it\/index.php\/wp-json\/wp\/v2\/media\/54288"}],"wp:attachment":[{"href":"https:\/\/www.livemag.it\/index.php\/wp-json\/wp\/v2\/media?parent=54287"}],"wp:term":[{"taxonomy":"category","embeddable":true,"href":"https:\/\/www.livemag.it\/index.php\/wp-json\/wp\/v2\/categories?post=54287"},{"taxonomy":"post_tag","embeddable":true,"href":"https:\/\/www.livemag.it\/index.php\/wp-json\/wp\/v2\/tags?post=54287"}],"curies":[{"name":"wp","href":"https:\/\/api.w.org\/{rel}","templated":true}]}}