{"id":54266,"date":"2025-07-01T18:03:34","date_gmt":"2025-07-01T16:03:34","guid":{"rendered":"https:\/\/www.livemag.it\/index.php\/2025\/07\/01\/assarmatori-messina-stop-alla-penalizzazione-dei-marittimi-italiani\/"},"modified":"2025-07-01T18:03:34","modified_gmt":"2025-07-01T16:03:34","slug":"assarmatori-messina-stop-alla-penalizzazione-dei-marittimi-italiani","status":"publish","type":"post","link":"https:\/\/www.livemag.it\/index.php\/2025\/07\/01\/assarmatori-messina-stop-alla-penalizzazione-dei-marittimi-italiani\/","title":{"rendered":"Assarmatori, Messina \u201cStop alla penalizzazione dei marittimi italiani\u201d"},"content":{"rendered":"<div>\n<p>ROMA (ITALPRESS) \u2013 Immediato superamento della distorsione per cui l\u2019Italia sostiene economicamente i marittimi extracomunitari impiegati nei servizi internazionali e di crociera e non i marittimi italiani imbarcati sulle navi che effettuano i collegamenti di corto raggio. E definizione di un intervento mirato dello Stato per favorire il rinnovo e il ringiovanimento delle flotte dei traghetti in un mercato che non pu\u00f2 essere supportato economicamente solo da finanziamenti privati; quindi, un nuovo schema di aiuti pubblici per i cantieri europei per rilanciare concretamente la cantieristica del continente senza ricorrere a insensate misure protezionistiche.<br \/>Muovendo circostanziate critiche alla politica marittima, industriale e ambientalista seguita negli ultimi anni dall\u2019Unione europea, Stefano Messina, Presidente di Assarmatori (l\u2019Associazione aderente a Conftrasporto-Confcommercio che riunisce armatori italiani, europei e di Paesi terzi che operano regolarmente in Italia), ha indirizzato al Governo e al Parlamento un vero e proprio cahier de doleance che fa perno su queste richieste. E lo ha fatto aprendo l\u2019Annual Meeting 2025, che si \u00e8 tenuto a Roma alla presenza, fra gli altri, del Vice Presidente del Consiglio e Ministro per gli Affari Esteri e la Cooperazione Internazionale, Antonio Tajani, del Ministro delle Imprese e del Made in Italy, Adolfo Urso, del Ministro per la Protezione Civile e le Politiche del Mare, Nello Musumeci, del Ministro della Salute Orazio Schillaci e del Vice Ministro delle Infrastrutture e dei Trasporti, Edoardo Rixi. L\u2019Assemblea ha ricevuto anche i videomessaggi del Presidente del Consiglio, Giorgia Meloni e del Vice Presidente Esecutivo della Commissione europea, Raffaele Fitto.<br \/>\u201cLa pi\u00f9 grande flotta di traghetti al mondo, quella italiana, non potr\u00e0 essere rinnovata esclusivamente con le risorse degli armatori \u2013 ha affermato esplicitamente Messina \u2013 ed \u00e8 ora di dire la verit\u00e0 sulla favoletta dell\u2019ETS, il prelievo \u201cecologico\u201d su merci e passeggeri che avrebbe dovuto produrre proventi per il comparto marittimo al fine di finanziare innovazione, rinnovo della flotta, sicurezza\u201d. \u201cNon \u00e8 cos\u00ec\u201d, ha rivelato Messina, precisando che il 50% di questi fondi \u201c\u00e8 oggi destinato a tamponare il debito pubblico. Una modalit\u00e0 che deve essere cambiata, reindirizzando quelle risorse al settore che le ha generate e affrontando cos\u00ec, in modo concreto, il tema del rinnovo della flotta traghetti; rinnovo per il quale \u00e8 indispensabile un intervento concreto dello Stato che affianchi le iniziative degli armatori\u201d.<br \/>Messina ha anche evidenziato il tema del rilancio della cantieristica europea, tornato di scottante attualit\u00e0 alla luce delle guerre commerciali in atto e della crociata lanciata dall\u2019amministrazione americana, per la creazione non solo di una cantieristica USA, ma anche di un\u2019offerta di costruzioni navali che sia alternativa al monopolio asiatico: \u201cIn Europa \u2013 ha detto \u2013 c\u2019\u00e8 chi vorrebbe sostenere un approccio protezionistico che, anzich\u00e8 promuovere attivamente la competitivit\u00e0 dei cantieri europei, potrebbe aprire la strada a misure di stampo protezionistico per chi non sceglie il \u2018Made in Europ\u00e8. Come accade con l\u2019ETS, le politiche comunitarie generano forti contraddizioni fra metodo e obiettivi da raggiugere. Siamo favorevoli e assolutamente convinti, e in questo gli armatori sono pronti a recitare la loro parte, della necessit\u00e0 di rilanciare la cantieristica europea in segmenti dove ha perso leadership e competenze. Tuttavia, questo obiettivo non pu\u00f2 essere perseguito attraverso mere politiche protezionistiche. Occorre ridisegnare, in coerenza con il mercato, un regime di Aiuti di Stato a favore dei cantieri europei\u201d.<br \/>Messina ha quindi acceso i riflettori sull\u2019urgenza di una massiccia opera di sburocratizzazione dell\u2019ordinamento della navigazione e di digitalizzazione, fattori che rilancerebbero la competitivit\u00e0 di una bandiera italiana che invece continua a perdere tonnellaggio a causa del flagging out verso bandiere di altri Stati, anche comunitari, che offrono tempi ridotti e procedure semplificate.<br \/>Il Presidente dell\u2019associazione armatoriale si \u00e8 quindi concentrato sul tema del lavoro marittimo. \u201cE\u2019 mai possibile \u2013 la provocazione di Messina \u2013 che il nostro Paese sostenga economicamente i marittimi extracomunitari nei servizi internazionali e di crociera e non i marittimi, quasi tutti se non tutti italiani, che lavorano sulle navi impiegate nei servizi di corto raggio e in particolare nei collegamenti con le isole che assicurano la continuit\u00e0 territoriale? E\u2019 forse questa la ragione per cui abbiamo rinunciato a misurare il fenomeno dei marittimi non europei non dotandoci di un\u2019anagrafe digitale dei marittimi? Di certo \u00e8 una stortura inaccettabile, su cui si \u00e8 pronunciata la Commissione Europea invitando l\u2019Italia a rispettare le regole europee. Noi ci batteremo per far rispettare queste regole e per portare un beneficio concreto ad un comparto che ha bisogno di essere messo al centro delle politiche di sostegno all\u2019occupazione\u201d.<br \/>Nel corso dell\u2019Assemblea odierna, il Premio Assarmatori 2025, tradizionale riconoscimento consegnato dall\u2019Associazione, \u00e8 andato alla Fondazione Stella Maris di Genova per il suo lavoro di sostegno e cura proprio nei confronti del personale marittimo.<br \/>Il dibattito dell\u2019Annual Meeting \u00e8 stato arricchito, inoltre, da una tavola rotonda moderata dal Direttore de Il Secolo XIX, Michele Brambilla, cui hanno preso parte Salvatore Deidda, Presidente della Commissione Trasporti della Camera, Marco Bisagno, Presidente del cantiere T.Mariotti, Vincenzo Franza, CEO di Caronte &amp; Tourist Isole Minori, Mauro Mallone, Presidente del Comitato ETS, e Christos Stylianides, gi\u00e0 Ministro per la Navigazione e della Politica insulare della Grecia.<\/p>\n<p>\u2013 foto ufficio stampa Assarmatori \u2013<br \/>(ITALPRESS).<\/p>\n<\/div>\n","protected":false},"excerpt":{"rendered":"<p>ROMA (ITALPRESS) \u2013 Immediato superamento della distorsione per cui l\u2019Italia sostiene economicamente i marittimi extracomunitari impiegati nei servizi internazionali e di crociera e non i marittimi italiani imbarcati sulle navi che effettuano i collegamenti di corto raggio. E definizione di un intervento mirato dello Stato per favorire il rinnovo e il ringiovanimento delle flotte dei [&hellip;]<\/p>\n","protected":false},"author":16,"featured_media":54267,"comment_status":"closed","ping_status":"closed","sticky":false,"template":"","format":"standard","meta":{"jnews-multi-image_gallery":[],"jnews_single_post":[],"jnews_primary_category":[],"jnews_social_meta":[],"jnews_override_counter":[],"jnews_post_split":[],"footnotes":""},"categories":[1129],"tags":[],"class_list":["post-54266","post","type-post","status-publish","format-standard","has-post-thumbnail","hentry","category-mondo"],"yoast_head":"<!-- This site is optimized with the Yoast SEO plugin v27.5 - https:\/\/yoast.com\/product\/yoast-seo-wordpress\/ -->\n<title>Assarmatori, Messina \u201cStop alla penalizzazione dei marittimi italiani\u201d - Live Magazine<\/title>\n<meta name=\"robots\" content=\"index, follow, max-snippet:-1, max-image-preview:large, max-video-preview:-1\" \/>\n<link rel=\"canonical\" href=\"https:\/\/www.livemag.it\/index.php\/2025\/07\/01\/assarmatori-messina-stop-alla-penalizzazione-dei-marittimi-italiani\/\" \/>\n<meta property=\"og:locale\" content=\"it_IT\" \/>\n<meta property=\"og:type\" content=\"article\" \/>\n<meta property=\"og:title\" content=\"Assarmatori, Messina \u201cStop alla penalizzazione dei marittimi italiani\u201d - Live Magazine\" \/>\n<meta property=\"og:description\" content=\"ROMA (ITALPRESS) \u2013 Immediato superamento della distorsione per cui l\u2019Italia sostiene economicamente i marittimi extracomunitari impiegati nei servizi internazionali e di crociera e non i marittimi italiani imbarcati sulle navi che effettuano i collegamenti di corto raggio. E definizione di un intervento mirato dello Stato per favorire il rinnovo e il ringiovanimento delle flotte dei [&hellip;]\" \/>\n<meta property=\"og:url\" content=\"https:\/\/www.livemag.it\/index.php\/2025\/07\/01\/assarmatori-messina-stop-alla-penalizzazione-dei-marittimi-italiani\/\" \/>\n<meta property=\"og:site_name\" content=\"Live Magazine\" \/>\n<meta property=\"article:publisher\" content=\"https:\/\/www.facebook.com\/LiveMag\/\" \/>\n<meta property=\"article:published_time\" content=\"2025-07-01T16:03:34+00:00\" \/>\n<meta property=\"og:image\" content=\"https:\/\/www.livemag.it\/wp-content\/uploads\/2024\/02\/ograph.jpg\" \/>\n\t<meta property=\"og:image:width\" content=\"1200\" \/>\n\t<meta property=\"og:image:height\" content=\"675\" \/>\n\t<meta property=\"og:image:type\" content=\"image\/jpeg\" \/>\n<meta name=\"author\" content=\"italpress\" \/>\n<meta name=\"twitter:card\" content=\"summary_large_image\" \/>\n<meta name=\"twitter:creator\" content=\"@LiveNotizie\" \/>\n<meta name=\"twitter:site\" content=\"@LiveNotizie\" \/>\n<meta name=\"twitter:label1\" content=\"Scritto da\" \/>\n\t<meta name=\"twitter:data1\" content=\"italpress\" \/>\n\t<meta name=\"twitter:label2\" content=\"Tempo di lettura stimato\" \/>\n\t<meta name=\"twitter:data2\" content=\"4 minuti\" \/>\n<script type=\"application\/ld+json\" class=\"yoast-schema-graph\">{\"@context\":\"https:\\\/\\\/schema.org\",\"@graph\":[{\"@type\":\"Article\",\"@id\":\"https:\\\/\\\/www.livemag.it\\\/index.php\\\/2025\\\/07\\\/01\\\/assarmatori-messina-stop-alla-penalizzazione-dei-marittimi-italiani\\\/#article\",\"isPartOf\":{\"@id\":\"https:\\\/\\\/www.livemag.it\\\/index.php\\\/2025\\\/07\\\/01\\\/assarmatori-messina-stop-alla-penalizzazione-dei-marittimi-italiani\\\/\"},\"author\":{\"name\":\"italpress\",\"@id\":\"https:\\\/\\\/www.livemag.it\\\/#\\\/schema\\\/person\\\/b62c5f44451fdcdaeb0afe6c2424e73c\"},\"headline\":\"Assarmatori, Messina \u201cStop alla penalizzazione dei marittimi italiani\u201d\",\"datePublished\":\"2025-07-01T16:03:34+00:00\",\"mainEntityOfPage\":{\"@id\":\"https:\\\/\\\/www.livemag.it\\\/index.php\\\/2025\\\/07\\\/01\\\/assarmatori-messina-stop-alla-penalizzazione-dei-marittimi-italiani\\\/\"},\"wordCount\":855,\"publisher\":{\"@id\":\"https:\\\/\\\/www.livemag.it\\\/#organization\"},\"image\":{\"@id\":\"https:\\\/\\\/www.livemag.it\\\/index.php\\\/2025\\\/07\\\/01\\\/assarmatori-messina-stop-alla-penalizzazione-dei-marittimi-italiani\\\/#primaryimage\"},\"thumbnailUrl\":\"https:\\\/\\\/www.livemag.it\\\/wp-content\\\/uploads\\\/2025\\\/07\\\/20250701_1072.jpg\",\"articleSection\":[\"Mondo\"],\"inLanguage\":\"it-IT\"},{\"@type\":\"WebPage\",\"@id\":\"https:\\\/\\\/www.livemag.it\\\/index.php\\\/2025\\\/07\\\/01\\\/assarmatori-messina-stop-alla-penalizzazione-dei-marittimi-italiani\\\/\",\"url\":\"https:\\\/\\\/www.livemag.it\\\/index.php\\\/2025\\\/07\\\/01\\\/assarmatori-messina-stop-alla-penalizzazione-dei-marittimi-italiani\\\/\",\"name\":\"Assarmatori, Messina \u201cStop alla penalizzazione dei marittimi italiani\u201d - Live Magazine\",\"isPartOf\":{\"@id\":\"https:\\\/\\\/www.livemag.it\\\/#website\"},\"primaryImageOfPage\":{\"@id\":\"https:\\\/\\\/www.livemag.it\\\/index.php\\\/2025\\\/07\\\/01\\\/assarmatori-messina-stop-alla-penalizzazione-dei-marittimi-italiani\\\/#primaryimage\"},\"image\":{\"@id\":\"https:\\\/\\\/www.livemag.it\\\/index.php\\\/2025\\\/07\\\/01\\\/assarmatori-messina-stop-alla-penalizzazione-dei-marittimi-italiani\\\/#primaryimage\"},\"thumbnailUrl\":\"https:\\\/\\\/www.livemag.it\\\/wp-content\\\/uploads\\\/2025\\\/07\\\/20250701_1072.jpg\",\"datePublished\":\"2025-07-01T16:03:34+00:00\",\"breadcrumb\":{\"@id\":\"https:\\\/\\\/www.livemag.it\\\/index.php\\\/2025\\\/07\\\/01\\\/assarmatori-messina-stop-alla-penalizzazione-dei-marittimi-italiani\\\/#breadcrumb\"},\"inLanguage\":\"it-IT\",\"potentialAction\":[{\"@type\":\"ReadAction\",\"target\":[\"https:\\\/\\\/www.livemag.it\\\/index.php\\\/2025\\\/07\\\/01\\\/assarmatori-messina-stop-alla-penalizzazione-dei-marittimi-italiani\\\/\"]}]},{\"@type\":\"ImageObject\",\"inLanguage\":\"it-IT\",\"@id\":\"https:\\\/\\\/www.livemag.it\\\/index.php\\\/2025\\\/07\\\/01\\\/assarmatori-messina-stop-alla-penalizzazione-dei-marittimi-italiani\\\/#primaryimage\",\"url\":\"https:\\\/\\\/www.livemag.it\\\/wp-content\\\/uploads\\\/2025\\\/07\\\/20250701_1072.jpg\",\"contentUrl\":\"https:\\\/\\\/www.livemag.it\\\/wp-content\\\/uploads\\\/2025\\\/07\\\/20250701_1072.jpg\",\"width\":1024,\"height\":683},{\"@type\":\"BreadcrumbList\",\"@id\":\"https:\\\/\\\/www.livemag.it\\\/index.php\\\/2025\\\/07\\\/01\\\/assarmatori-messina-stop-alla-penalizzazione-dei-marittimi-italiani\\\/#breadcrumb\",\"itemListElement\":[{\"@type\":\"ListItem\",\"position\":1,\"name\":\"Home\",\"item\":\"https:\\\/\\\/www.livemag.it\\\/\"},{\"@type\":\"ListItem\",\"position\":2,\"name\":\"Assarmatori, Messina \u201cStop alla penalizzazione dei marittimi italiani\u201d\"}]},{\"@type\":\"WebSite\",\"@id\":\"https:\\\/\\\/www.livemag.it\\\/#website\",\"url\":\"https:\\\/\\\/www.livemag.it\\\/\",\"name\":\"Live Magazine\",\"description\":\"Varie ed eventi\",\"publisher\":{\"@id\":\"https:\\\/\\\/www.livemag.it\\\/#organization\"},\"potentialAction\":[{\"@type\":\"SearchAction\",\"target\":{\"@type\":\"EntryPoint\",\"urlTemplate\":\"https:\\\/\\\/www.livemag.it\\\/?s={search_term_string}\"},\"query-input\":{\"@type\":\"PropertyValueSpecification\",\"valueRequired\":true,\"valueName\":\"search_term_string\"}}],\"inLanguage\":\"it-IT\"},{\"@type\":\"Organization\",\"@id\":\"https:\\\/\\\/www.livemag.it\\\/#organization\",\"name\":\"LiveMag\",\"alternateName\":\"LiveMag News ed eventi\",\"url\":\"https:\\\/\\\/www.livemag.it\\\/\",\"logo\":{\"@type\":\"ImageObject\",\"inLanguage\":\"it-IT\",\"@id\":\"https:\\\/\\\/www.livemag.it\\\/#\\\/schema\\\/logo\\\/image\\\/\",\"url\":\"https:\\\/\\\/www.livemag.it\\\/wp-content\\\/uploads\\\/2024\\\/02\\\/immagine-sito.jpg\",\"contentUrl\":\"https:\\\/\\\/www.livemag.it\\\/wp-content\\\/uploads\\\/2024\\\/02\\\/immagine-sito.jpg\",\"width\":696,\"height\":696,\"caption\":\"LiveMag\"},\"image\":{\"@id\":\"https:\\\/\\\/www.livemag.it\\\/#\\\/schema\\\/logo\\\/image\\\/\"},\"sameAs\":[\"https:\\\/\\\/www.facebook.com\\\/LiveMag\\\/\",\"https:\\\/\\\/x.com\\\/LiveNotizie\",\"https:\\\/\\\/www.instagram.com\\\/livemag\\\/\"]},{\"@type\":\"Person\",\"@id\":\"https:\\\/\\\/www.livemag.it\\\/#\\\/schema\\\/person\\\/b62c5f44451fdcdaeb0afe6c2424e73c\",\"name\":\"italpress\",\"image\":{\"@type\":\"ImageObject\",\"inLanguage\":\"it-IT\",\"@id\":\"https:\\\/\\\/secure.gravatar.com\\\/avatar\\\/b6a21695fc713ce7ee312cf57c97e2e641feb365be72d8745574d3c3e2b59066?s=96&r=g\",\"url\":\"https:\\\/\\\/secure.gravatar.com\\\/avatar\\\/b6a21695fc713ce7ee312cf57c97e2e641feb365be72d8745574d3c3e2b59066?s=96&r=g\",\"contentUrl\":\"https:\\\/\\\/secure.gravatar.com\\\/avatar\\\/b6a21695fc713ce7ee312cf57c97e2e641feb365be72d8745574d3c3e2b59066?s=96&r=g\",\"caption\":\"italpress\"},\"description\":\"Italpress \u00e8 un'agenzia di stampa italiana a carattere nazionale.\",\"url\":\"https:\\\/\\\/www.livemag.it\\\/index.php\\\/author\\\/italpress\\\/\"}]}<\/script>\n<!-- \/ Yoast SEO plugin. -->","yoast_head_json":{"title":"Assarmatori, Messina \u201cStop alla penalizzazione dei marittimi italiani\u201d - Live Magazine","robots":{"index":"index","follow":"follow","max-snippet":"max-snippet:-1","max-image-preview":"max-image-preview:large","max-video-preview":"max-video-preview:-1"},"canonical":"https:\/\/www.livemag.it\/index.php\/2025\/07\/01\/assarmatori-messina-stop-alla-penalizzazione-dei-marittimi-italiani\/","og_locale":"it_IT","og_type":"article","og_title":"Assarmatori, Messina \u201cStop alla penalizzazione dei marittimi italiani\u201d - Live Magazine","og_description":"ROMA (ITALPRESS) \u2013 Immediato superamento della distorsione per cui l\u2019Italia sostiene economicamente i marittimi extracomunitari impiegati nei servizi internazionali e di crociera e non i marittimi italiani imbarcati sulle navi che effettuano i collegamenti di corto raggio. E definizione di un intervento mirato dello Stato per favorire il rinnovo e il ringiovanimento delle flotte dei [&hellip;]","og_url":"https:\/\/www.livemag.it\/index.php\/2025\/07\/01\/assarmatori-messina-stop-alla-penalizzazione-dei-marittimi-italiani\/","og_site_name":"Live Magazine","article_publisher":"https:\/\/www.facebook.com\/LiveMag\/","article_published_time":"2025-07-01T16:03:34+00:00","og_image":[{"width":1200,"height":675,"url":"https:\/\/www.livemag.it\/wp-content\/uploads\/2024\/02\/ograph.jpg","type":"image\/jpeg"}],"author":"italpress","twitter_card":"summary_large_image","twitter_creator":"@LiveNotizie","twitter_site":"@LiveNotizie","twitter_misc":{"Scritto da":"italpress","Tempo di lettura stimato":"4 minuti"},"schema":{"@context":"https:\/\/schema.org","@graph":[{"@type":"Article","@id":"https:\/\/www.livemag.it\/index.php\/2025\/07\/01\/assarmatori-messina-stop-alla-penalizzazione-dei-marittimi-italiani\/#article","isPartOf":{"@id":"https:\/\/www.livemag.it\/index.php\/2025\/07\/01\/assarmatori-messina-stop-alla-penalizzazione-dei-marittimi-italiani\/"},"author":{"name":"italpress","@id":"https:\/\/www.livemag.it\/#\/schema\/person\/b62c5f44451fdcdaeb0afe6c2424e73c"},"headline":"Assarmatori, Messina \u201cStop alla penalizzazione dei marittimi italiani\u201d","datePublished":"2025-07-01T16:03:34+00:00","mainEntityOfPage":{"@id":"https:\/\/www.livemag.it\/index.php\/2025\/07\/01\/assarmatori-messina-stop-alla-penalizzazione-dei-marittimi-italiani\/"},"wordCount":855,"publisher":{"@id":"https:\/\/www.livemag.it\/#organization"},"image":{"@id":"https:\/\/www.livemag.it\/index.php\/2025\/07\/01\/assarmatori-messina-stop-alla-penalizzazione-dei-marittimi-italiani\/#primaryimage"},"thumbnailUrl":"https:\/\/www.livemag.it\/wp-content\/uploads\/2025\/07\/20250701_1072.jpg","articleSection":["Mondo"],"inLanguage":"it-IT"},{"@type":"WebPage","@id":"https:\/\/www.livemag.it\/index.php\/2025\/07\/01\/assarmatori-messina-stop-alla-penalizzazione-dei-marittimi-italiani\/","url":"https:\/\/www.livemag.it\/index.php\/2025\/07\/01\/assarmatori-messina-stop-alla-penalizzazione-dei-marittimi-italiani\/","name":"Assarmatori, Messina \u201cStop alla penalizzazione dei marittimi italiani\u201d - Live Magazine","isPartOf":{"@id":"https:\/\/www.livemag.it\/#website"},"primaryImageOfPage":{"@id":"https:\/\/www.livemag.it\/index.php\/2025\/07\/01\/assarmatori-messina-stop-alla-penalizzazione-dei-marittimi-italiani\/#primaryimage"},"image":{"@id":"https:\/\/www.livemag.it\/index.php\/2025\/07\/01\/assarmatori-messina-stop-alla-penalizzazione-dei-marittimi-italiani\/#primaryimage"},"thumbnailUrl":"https:\/\/www.livemag.it\/wp-content\/uploads\/2025\/07\/20250701_1072.jpg","datePublished":"2025-07-01T16:03:34+00:00","breadcrumb":{"@id":"https:\/\/www.livemag.it\/index.php\/2025\/07\/01\/assarmatori-messina-stop-alla-penalizzazione-dei-marittimi-italiani\/#breadcrumb"},"inLanguage":"it-IT","potentialAction":[{"@type":"ReadAction","target":["https:\/\/www.livemag.it\/index.php\/2025\/07\/01\/assarmatori-messina-stop-alla-penalizzazione-dei-marittimi-italiani\/"]}]},{"@type":"ImageObject","inLanguage":"it-IT","@id":"https:\/\/www.livemag.it\/index.php\/2025\/07\/01\/assarmatori-messina-stop-alla-penalizzazione-dei-marittimi-italiani\/#primaryimage","url":"https:\/\/www.livemag.it\/wp-content\/uploads\/2025\/07\/20250701_1072.jpg","contentUrl":"https:\/\/www.livemag.it\/wp-content\/uploads\/2025\/07\/20250701_1072.jpg","width":1024,"height":683},{"@type":"BreadcrumbList","@id":"https:\/\/www.livemag.it\/index.php\/2025\/07\/01\/assarmatori-messina-stop-alla-penalizzazione-dei-marittimi-italiani\/#breadcrumb","itemListElement":[{"@type":"ListItem","position":1,"name":"Home","item":"https:\/\/www.livemag.it\/"},{"@type":"ListItem","position":2,"name":"Assarmatori, Messina \u201cStop alla penalizzazione dei marittimi italiani\u201d"}]},{"@type":"WebSite","@id":"https:\/\/www.livemag.it\/#website","url":"https:\/\/www.livemag.it\/","name":"Live Magazine","description":"Varie ed eventi","publisher":{"@id":"https:\/\/www.livemag.it\/#organization"},"potentialAction":[{"@type":"SearchAction","target":{"@type":"EntryPoint","urlTemplate":"https:\/\/www.livemag.it\/?s={search_term_string}"},"query-input":{"@type":"PropertyValueSpecification","valueRequired":true,"valueName":"search_term_string"}}],"inLanguage":"it-IT"},{"@type":"Organization","@id":"https:\/\/www.livemag.it\/#organization","name":"LiveMag","alternateName":"LiveMag News ed eventi","url":"https:\/\/www.livemag.it\/","logo":{"@type":"ImageObject","inLanguage":"it-IT","@id":"https:\/\/www.livemag.it\/#\/schema\/logo\/image\/","url":"https:\/\/www.livemag.it\/wp-content\/uploads\/2024\/02\/immagine-sito.jpg","contentUrl":"https:\/\/www.livemag.it\/wp-content\/uploads\/2024\/02\/immagine-sito.jpg","width":696,"height":696,"caption":"LiveMag"},"image":{"@id":"https:\/\/www.livemag.it\/#\/schema\/logo\/image\/"},"sameAs":["https:\/\/www.facebook.com\/LiveMag\/","https:\/\/x.com\/LiveNotizie","https:\/\/www.instagram.com\/livemag\/"]},{"@type":"Person","@id":"https:\/\/www.livemag.it\/#\/schema\/person\/b62c5f44451fdcdaeb0afe6c2424e73c","name":"italpress","image":{"@type":"ImageObject","inLanguage":"it-IT","@id":"https:\/\/secure.gravatar.com\/avatar\/b6a21695fc713ce7ee312cf57c97e2e641feb365be72d8745574d3c3e2b59066?s=96&r=g","url":"https:\/\/secure.gravatar.com\/avatar\/b6a21695fc713ce7ee312cf57c97e2e641feb365be72d8745574d3c3e2b59066?s=96&r=g","contentUrl":"https:\/\/secure.gravatar.com\/avatar\/b6a21695fc713ce7ee312cf57c97e2e641feb365be72d8745574d3c3e2b59066?s=96&r=g","caption":"italpress"},"description":"Italpress \u00e8 un'agenzia di stampa italiana a carattere nazionale.","url":"https:\/\/www.livemag.it\/index.php\/author\/italpress\/"}]}},"jetpack_featured_media_url":"https:\/\/www.livemag.it\/wp-content\/uploads\/2025\/07\/20250701_1072.jpg","_links":{"self":[{"href":"https:\/\/www.livemag.it\/index.php\/wp-json\/wp\/v2\/posts\/54266","targetHints":{"allow":["GET"]}}],"collection":[{"href":"https:\/\/www.livemag.it\/index.php\/wp-json\/wp\/v2\/posts"}],"about":[{"href":"https:\/\/www.livemag.it\/index.php\/wp-json\/wp\/v2\/types\/post"}],"author":[{"embeddable":true,"href":"https:\/\/www.livemag.it\/index.php\/wp-json\/wp\/v2\/users\/16"}],"replies":[{"embeddable":true,"href":"https:\/\/www.livemag.it\/index.php\/wp-json\/wp\/v2\/comments?post=54266"}],"version-history":[{"count":0,"href":"https:\/\/www.livemag.it\/index.php\/wp-json\/wp\/v2\/posts\/54266\/revisions"}],"wp:featuredmedia":[{"embeddable":true,"href":"https:\/\/www.livemag.it\/index.php\/wp-json\/wp\/v2\/media\/54267"}],"wp:attachment":[{"href":"https:\/\/www.livemag.it\/index.php\/wp-json\/wp\/v2\/media?parent=54266"}],"wp:term":[{"taxonomy":"category","embeddable":true,"href":"https:\/\/www.livemag.it\/index.php\/wp-json\/wp\/v2\/categories?post=54266"},{"taxonomy":"post_tag","embeddable":true,"href":"https:\/\/www.livemag.it\/index.php\/wp-json\/wp\/v2\/tags?post=54266"}],"curies":[{"name":"wp","href":"https:\/\/api.w.org\/{rel}","templated":true}]}}