{"id":54213,"date":"2025-07-01T00:06:43","date_gmt":"2025-06-30T22:06:43","guid":{"rendered":"https:\/\/www.livemag.it\/index.php\/2025\/07\/01\/via-libera-al-decreto-flussi-497-mila-ingressi-in-3-anni\/"},"modified":"2025-07-01T00:06:43","modified_gmt":"2025-06-30T22:06:43","slug":"via-libera-al-decreto-flussi-497-mila-ingressi-in-3-anni","status":"publish","type":"post","link":"https:\/\/www.livemag.it\/index.php\/2025\/07\/01\/via-libera-al-decreto-flussi-497-mila-ingressi-in-3-anni\/","title":{"rendered":"Via libera al decreto flussi, 497 mila ingressi in 3 anni"},"content":{"rendered":"<div>\n<p>ROMA (ITALPRESS) \u2013 Il <strong>Consiglio dei ministri<\/strong>, su proposta del presidente Giorgia Meloni, del ministro dell\u2019interno Matteo Piantedosi, del ministro del lavoro e delle politiche sociali Marina Calderone, del ministro degli affari esteri e della cooperazione internazionale Antonio Tajani, del ministro dell\u2019agricoltura, della sovranit\u00e0 alimentare e delle foreste Francesco Lollobrigida e del ministro del turismo Daniela Santanch\u00e8, ha approvato, in esame preliminare, il<strong> decreto del Presidente del Consiglio dei ministri relativo ai flussi migratori per il triennio 2026-2028<\/strong>, che programma per tale periodo gli ingressi regolari in Italia di lavoratori non comunitari.<\/p>\n<p><em>\u201cL\u2019obiettivo del provvedimento \u00e8 di consentire l\u2019ingresso in Italia di manodopera indispensabile al sistema economico e produttivo nazionale e altrimenti non reperibile<\/em> \u2013 spiega Palazzo Chigi nel comunicato diffuso dopo il Cdm -.<em> Inoltre, con la stabile individuazione di un meccanismo d\u2019immigrazione legale e controllato, si attivano canali di comunicazione fondamentali nel dialogo con i Paesi di origine dei flussi migratori e si costruisce uno strumento per il contrasto a fenomeni di irregolarit\u00e0 nell\u2019ingresso e permanenza nel nostro Paese, nella lotta contro il lavoro sommerso e allo sfruttamento dei lavoratori\u201d.<\/em><\/p>\n<p>Il decreto prevede, per il 2026, 164.850 ingressi autorizzati. Nell\u2019arco del triennio 2026-2028 le unit\u00e0 autorizzate saranno 497.550, con la seguente ripartizione: lavoro subordinato non stagionale e autonomo, 230.550 unit\u00e0; lavoro stagionale nei settori agricolo e turistico, 267.000 unit\u00e0.<\/p>\n<p>Le quote sono state determinate tenendo conto dei fabbisogni espressi dalle parti sociali e delle domande di nulla osta al lavoro effettivamente presentate negli anni scorsi, con l\u2019obiettivo di una programmazione che recepisca le esigenze delle imprese e che sia anche realistica.<\/p>\n<p>Resta ferma la volont\u00e0 di incentivare gli ingressi fuori quota, anche nella prospettiva di un ridimensionamento del meccanismo del \u201cclick day\u201d, che potr\u00e0 avvenire seguendo un percorso graduale, che riguardi anzitutto i profili professionali pi\u00f9 ricercati dai datori di lavoro e che potenzi la formazione dei lavoratori nei Paesi di origine.<\/p>\n<p>\u2013 Foto IPA Agency \u2013<\/p>\n<p>(ITALPRESS).<\/p>\n<\/div>\n","protected":false},"excerpt":{"rendered":"<p>ROMA (ITALPRESS) \u2013 Il Consiglio dei ministri, su proposta del presidente Giorgia Meloni, del ministro dell\u2019interno Matteo Piantedosi, del ministro del lavoro e delle politiche sociali Marina Calderone, del ministro degli affari esteri e della cooperazione internazionale Antonio Tajani, del ministro dell\u2019agricoltura, della sovranit\u00e0 alimentare e delle foreste Francesco Lollobrigida e del ministro del turismo [&hellip;]<\/p>\n","protected":false},"author":16,"featured_media":54214,"comment_status":"closed","ping_status":"closed","sticky":false,"template":"","format":"standard","meta":{"jnews-multi-image_gallery":[],"jnews_single_post":[],"jnews_primary_category":[],"jnews_social_meta":[],"jnews_override_counter":[],"jnews_post_split":[],"footnotes":""},"categories":[1129],"tags":[],"class_list":["post-54213","post","type-post","status-publish","format-standard","has-post-thumbnail","hentry","category-mondo"],"yoast_head":"<!-- This site is optimized with the Yoast SEO plugin v27.5 - https:\/\/yoast.com\/product\/yoast-seo-wordpress\/ -->\n<title>Via libera al decreto flussi, 497 mila ingressi in 3 anni - Live Magazine<\/title>\n<meta name=\"robots\" content=\"index, follow, max-snippet:-1, max-image-preview:large, max-video-preview:-1\" \/>\n<link rel=\"canonical\" href=\"https:\/\/www.livemag.it\/index.php\/2025\/07\/01\/via-libera-al-decreto-flussi-497-mila-ingressi-in-3-anni\/\" \/>\n<meta property=\"og:locale\" content=\"it_IT\" \/>\n<meta property=\"og:type\" content=\"article\" \/>\n<meta property=\"og:title\" content=\"Via libera al decreto flussi, 497 mila ingressi in 3 anni - Live Magazine\" \/>\n<meta property=\"og:description\" content=\"ROMA (ITALPRESS) \u2013 Il Consiglio dei ministri, su proposta del presidente Giorgia Meloni, del ministro dell\u2019interno Matteo Piantedosi, del ministro del lavoro e delle politiche sociali Marina Calderone, del ministro degli affari esteri e della cooperazione internazionale Antonio Tajani, del ministro dell\u2019agricoltura, della sovranit\u00e0 alimentare e delle foreste Francesco Lollobrigida e del ministro del turismo [&hellip;]\" \/>\n<meta property=\"og:url\" content=\"https:\/\/www.livemag.it\/index.php\/2025\/07\/01\/via-libera-al-decreto-flussi-497-mila-ingressi-in-3-anni\/\" \/>\n<meta property=\"og:site_name\" content=\"Live Magazine\" \/>\n<meta property=\"article:publisher\" content=\"https:\/\/www.facebook.com\/LiveMag\/\" \/>\n<meta property=\"article:published_time\" content=\"2025-06-30T22:06:43+00:00\" \/>\n<meta property=\"og:image\" content=\"https:\/\/www.livemag.it\/wp-content\/uploads\/2024\/02\/ograph.jpg\" \/>\n\t<meta property=\"og:image:width\" content=\"1200\" \/>\n\t<meta property=\"og:image:height\" content=\"675\" \/>\n\t<meta property=\"og:image:type\" content=\"image\/jpeg\" \/>\n<meta name=\"author\" content=\"italpress\" \/>\n<meta name=\"twitter:card\" content=\"summary_large_image\" \/>\n<meta name=\"twitter:creator\" content=\"@LiveNotizie\" \/>\n<meta name=\"twitter:site\" content=\"@LiveNotizie\" \/>\n<meta name=\"twitter:label1\" content=\"Scritto da\" \/>\n\t<meta name=\"twitter:data1\" content=\"italpress\" \/>\n\t<meta name=\"twitter:label2\" content=\"Tempo di lettura stimato\" \/>\n\t<meta name=\"twitter:data2\" content=\"2 minuti\" \/>\n<script type=\"application\/ld+json\" class=\"yoast-schema-graph\">{\"@context\":\"https:\\\/\\\/schema.org\",\"@graph\":[{\"@type\":\"Article\",\"@id\":\"https:\\\/\\\/www.livemag.it\\\/index.php\\\/2025\\\/07\\\/01\\\/via-libera-al-decreto-flussi-497-mila-ingressi-in-3-anni\\\/#article\",\"isPartOf\":{\"@id\":\"https:\\\/\\\/www.livemag.it\\\/index.php\\\/2025\\\/07\\\/01\\\/via-libera-al-decreto-flussi-497-mila-ingressi-in-3-anni\\\/\"},\"author\":{\"name\":\"italpress\",\"@id\":\"https:\\\/\\\/www.livemag.it\\\/#\\\/schema\\\/person\\\/b62c5f44451fdcdaeb0afe6c2424e73c\"},\"headline\":\"Via libera al decreto flussi, 497 mila ingressi in 3 anni\",\"datePublished\":\"2025-06-30T22:06:43+00:00\",\"mainEntityOfPage\":{\"@id\":\"https:\\\/\\\/www.livemag.it\\\/index.php\\\/2025\\\/07\\\/01\\\/via-libera-al-decreto-flussi-497-mila-ingressi-in-3-anni\\\/\"},\"wordCount\":327,\"publisher\":{\"@id\":\"https:\\\/\\\/www.livemag.it\\\/#organization\"},\"image\":{\"@id\":\"https:\\\/\\\/www.livemag.it\\\/index.php\\\/2025\\\/07\\\/01\\\/via-libera-al-decreto-flussi-497-mila-ingressi-in-3-anni\\\/#primaryimage\"},\"thumbnailUrl\":\"https:\\\/\\\/www.livemag.it\\\/wp-content\\\/uploads\\\/2025\\\/07\\\/20250630_2576.jpg\",\"articleSection\":[\"Mondo\"],\"inLanguage\":\"it-IT\"},{\"@type\":\"WebPage\",\"@id\":\"https:\\\/\\\/www.livemag.it\\\/index.php\\\/2025\\\/07\\\/01\\\/via-libera-al-decreto-flussi-497-mila-ingressi-in-3-anni\\\/\",\"url\":\"https:\\\/\\\/www.livemag.it\\\/index.php\\\/2025\\\/07\\\/01\\\/via-libera-al-decreto-flussi-497-mila-ingressi-in-3-anni\\\/\",\"name\":\"Via libera al decreto flussi, 497 mila ingressi in 3 anni - Live Magazine\",\"isPartOf\":{\"@id\":\"https:\\\/\\\/www.livemag.it\\\/#website\"},\"primaryImageOfPage\":{\"@id\":\"https:\\\/\\\/www.livemag.it\\\/index.php\\\/2025\\\/07\\\/01\\\/via-libera-al-decreto-flussi-497-mila-ingressi-in-3-anni\\\/#primaryimage\"},\"image\":{\"@id\":\"https:\\\/\\\/www.livemag.it\\\/index.php\\\/2025\\\/07\\\/01\\\/via-libera-al-decreto-flussi-497-mila-ingressi-in-3-anni\\\/#primaryimage\"},\"thumbnailUrl\":\"https:\\\/\\\/www.livemag.it\\\/wp-content\\\/uploads\\\/2025\\\/07\\\/20250630_2576.jpg\",\"datePublished\":\"2025-06-30T22:06:43+00:00\",\"breadcrumb\":{\"@id\":\"https:\\\/\\\/www.livemag.it\\\/index.php\\\/2025\\\/07\\\/01\\\/via-libera-al-decreto-flussi-497-mila-ingressi-in-3-anni\\\/#breadcrumb\"},\"inLanguage\":\"it-IT\",\"potentialAction\":[{\"@type\":\"ReadAction\",\"target\":[\"https:\\\/\\\/www.livemag.it\\\/index.php\\\/2025\\\/07\\\/01\\\/via-libera-al-decreto-flussi-497-mila-ingressi-in-3-anni\\\/\"]}]},{\"@type\":\"ImageObject\",\"inLanguage\":\"it-IT\",\"@id\":\"https:\\\/\\\/www.livemag.it\\\/index.php\\\/2025\\\/07\\\/01\\\/via-libera-al-decreto-flussi-497-mila-ingressi-in-3-anni\\\/#primaryimage\",\"url\":\"https:\\\/\\\/www.livemag.it\\\/wp-content\\\/uploads\\\/2025\\\/07\\\/20250630_2576.jpg\",\"contentUrl\":\"https:\\\/\\\/www.livemag.it\\\/wp-content\\\/uploads\\\/2025\\\/07\\\/20250630_2576.jpg\",\"width\":1200,\"height\":697},{\"@type\":\"BreadcrumbList\",\"@id\":\"https:\\\/\\\/www.livemag.it\\\/index.php\\\/2025\\\/07\\\/01\\\/via-libera-al-decreto-flussi-497-mila-ingressi-in-3-anni\\\/#breadcrumb\",\"itemListElement\":[{\"@type\":\"ListItem\",\"position\":1,\"name\":\"Home\",\"item\":\"https:\\\/\\\/www.livemag.it\\\/\"},{\"@type\":\"ListItem\",\"position\":2,\"name\":\"Via libera al decreto flussi, 497 mila ingressi in 3 anni\"}]},{\"@type\":\"WebSite\",\"@id\":\"https:\\\/\\\/www.livemag.it\\\/#website\",\"url\":\"https:\\\/\\\/www.livemag.it\\\/\",\"name\":\"Live Magazine\",\"description\":\"Varie ed eventi\",\"publisher\":{\"@id\":\"https:\\\/\\\/www.livemag.it\\\/#organization\"},\"potentialAction\":[{\"@type\":\"SearchAction\",\"target\":{\"@type\":\"EntryPoint\",\"urlTemplate\":\"https:\\\/\\\/www.livemag.it\\\/?s={search_term_string}\"},\"query-input\":{\"@type\":\"PropertyValueSpecification\",\"valueRequired\":true,\"valueName\":\"search_term_string\"}}],\"inLanguage\":\"it-IT\"},{\"@type\":\"Organization\",\"@id\":\"https:\\\/\\\/www.livemag.it\\\/#organization\",\"name\":\"LiveMag\",\"alternateName\":\"LiveMag News ed eventi\",\"url\":\"https:\\\/\\\/www.livemag.it\\\/\",\"logo\":{\"@type\":\"ImageObject\",\"inLanguage\":\"it-IT\",\"@id\":\"https:\\\/\\\/www.livemag.it\\\/#\\\/schema\\\/logo\\\/image\\\/\",\"url\":\"https:\\\/\\\/www.livemag.it\\\/wp-content\\\/uploads\\\/2024\\\/02\\\/immagine-sito.jpg\",\"contentUrl\":\"https:\\\/\\\/www.livemag.it\\\/wp-content\\\/uploads\\\/2024\\\/02\\\/immagine-sito.jpg\",\"width\":696,\"height\":696,\"caption\":\"LiveMag\"},\"image\":{\"@id\":\"https:\\\/\\\/www.livemag.it\\\/#\\\/schema\\\/logo\\\/image\\\/\"},\"sameAs\":[\"https:\\\/\\\/www.facebook.com\\\/LiveMag\\\/\",\"https:\\\/\\\/x.com\\\/LiveNotizie\",\"https:\\\/\\\/www.instagram.com\\\/livemag\\\/\"]},{\"@type\":\"Person\",\"@id\":\"https:\\\/\\\/www.livemag.it\\\/#\\\/schema\\\/person\\\/b62c5f44451fdcdaeb0afe6c2424e73c\",\"name\":\"italpress\",\"image\":{\"@type\":\"ImageObject\",\"inLanguage\":\"it-IT\",\"@id\":\"https:\\\/\\\/secure.gravatar.com\\\/avatar\\\/b6a21695fc713ce7ee312cf57c97e2e641feb365be72d8745574d3c3e2b59066?s=96&r=g\",\"url\":\"https:\\\/\\\/secure.gravatar.com\\\/avatar\\\/b6a21695fc713ce7ee312cf57c97e2e641feb365be72d8745574d3c3e2b59066?s=96&r=g\",\"contentUrl\":\"https:\\\/\\\/secure.gravatar.com\\\/avatar\\\/b6a21695fc713ce7ee312cf57c97e2e641feb365be72d8745574d3c3e2b59066?s=96&r=g\",\"caption\":\"italpress\"},\"description\":\"Italpress \u00e8 un'agenzia di stampa italiana a carattere nazionale.\",\"url\":\"https:\\\/\\\/www.livemag.it\\\/index.php\\\/author\\\/italpress\\\/\"}]}<\/script>\n<!-- \/ Yoast SEO plugin. -->","yoast_head_json":{"title":"Via libera al decreto flussi, 497 mila ingressi in 3 anni - Live Magazine","robots":{"index":"index","follow":"follow","max-snippet":"max-snippet:-1","max-image-preview":"max-image-preview:large","max-video-preview":"max-video-preview:-1"},"canonical":"https:\/\/www.livemag.it\/index.php\/2025\/07\/01\/via-libera-al-decreto-flussi-497-mila-ingressi-in-3-anni\/","og_locale":"it_IT","og_type":"article","og_title":"Via libera al decreto flussi, 497 mila ingressi in 3 anni - Live Magazine","og_description":"ROMA (ITALPRESS) \u2013 Il Consiglio dei ministri, su proposta del presidente Giorgia Meloni, del ministro dell\u2019interno Matteo Piantedosi, del ministro del lavoro e delle politiche sociali Marina Calderone, del ministro degli affari esteri e della cooperazione internazionale Antonio Tajani, del ministro dell\u2019agricoltura, della sovranit\u00e0 alimentare e delle foreste Francesco Lollobrigida e del ministro del turismo [&hellip;]","og_url":"https:\/\/www.livemag.it\/index.php\/2025\/07\/01\/via-libera-al-decreto-flussi-497-mila-ingressi-in-3-anni\/","og_site_name":"Live Magazine","article_publisher":"https:\/\/www.facebook.com\/LiveMag\/","article_published_time":"2025-06-30T22:06:43+00:00","og_image":[{"width":1200,"height":675,"url":"https:\/\/www.livemag.it\/wp-content\/uploads\/2024\/02\/ograph.jpg","type":"image\/jpeg"}],"author":"italpress","twitter_card":"summary_large_image","twitter_creator":"@LiveNotizie","twitter_site":"@LiveNotizie","twitter_misc":{"Scritto da":"italpress","Tempo di lettura stimato":"2 minuti"},"schema":{"@context":"https:\/\/schema.org","@graph":[{"@type":"Article","@id":"https:\/\/www.livemag.it\/index.php\/2025\/07\/01\/via-libera-al-decreto-flussi-497-mila-ingressi-in-3-anni\/#article","isPartOf":{"@id":"https:\/\/www.livemag.it\/index.php\/2025\/07\/01\/via-libera-al-decreto-flussi-497-mila-ingressi-in-3-anni\/"},"author":{"name":"italpress","@id":"https:\/\/www.livemag.it\/#\/schema\/person\/b62c5f44451fdcdaeb0afe6c2424e73c"},"headline":"Via libera al decreto flussi, 497 mila ingressi in 3 anni","datePublished":"2025-06-30T22:06:43+00:00","mainEntityOfPage":{"@id":"https:\/\/www.livemag.it\/index.php\/2025\/07\/01\/via-libera-al-decreto-flussi-497-mila-ingressi-in-3-anni\/"},"wordCount":327,"publisher":{"@id":"https:\/\/www.livemag.it\/#organization"},"image":{"@id":"https:\/\/www.livemag.it\/index.php\/2025\/07\/01\/via-libera-al-decreto-flussi-497-mila-ingressi-in-3-anni\/#primaryimage"},"thumbnailUrl":"https:\/\/www.livemag.it\/wp-content\/uploads\/2025\/07\/20250630_2576.jpg","articleSection":["Mondo"],"inLanguage":"it-IT"},{"@type":"WebPage","@id":"https:\/\/www.livemag.it\/index.php\/2025\/07\/01\/via-libera-al-decreto-flussi-497-mila-ingressi-in-3-anni\/","url":"https:\/\/www.livemag.it\/index.php\/2025\/07\/01\/via-libera-al-decreto-flussi-497-mila-ingressi-in-3-anni\/","name":"Via libera al decreto flussi, 497 mila ingressi in 3 anni - Live Magazine","isPartOf":{"@id":"https:\/\/www.livemag.it\/#website"},"primaryImageOfPage":{"@id":"https:\/\/www.livemag.it\/index.php\/2025\/07\/01\/via-libera-al-decreto-flussi-497-mila-ingressi-in-3-anni\/#primaryimage"},"image":{"@id":"https:\/\/www.livemag.it\/index.php\/2025\/07\/01\/via-libera-al-decreto-flussi-497-mila-ingressi-in-3-anni\/#primaryimage"},"thumbnailUrl":"https:\/\/www.livemag.it\/wp-content\/uploads\/2025\/07\/20250630_2576.jpg","datePublished":"2025-06-30T22:06:43+00:00","breadcrumb":{"@id":"https:\/\/www.livemag.it\/index.php\/2025\/07\/01\/via-libera-al-decreto-flussi-497-mila-ingressi-in-3-anni\/#breadcrumb"},"inLanguage":"it-IT","potentialAction":[{"@type":"ReadAction","target":["https:\/\/www.livemag.it\/index.php\/2025\/07\/01\/via-libera-al-decreto-flussi-497-mila-ingressi-in-3-anni\/"]}]},{"@type":"ImageObject","inLanguage":"it-IT","@id":"https:\/\/www.livemag.it\/index.php\/2025\/07\/01\/via-libera-al-decreto-flussi-497-mila-ingressi-in-3-anni\/#primaryimage","url":"https:\/\/www.livemag.it\/wp-content\/uploads\/2025\/07\/20250630_2576.jpg","contentUrl":"https:\/\/www.livemag.it\/wp-content\/uploads\/2025\/07\/20250630_2576.jpg","width":1200,"height":697},{"@type":"BreadcrumbList","@id":"https:\/\/www.livemag.it\/index.php\/2025\/07\/01\/via-libera-al-decreto-flussi-497-mila-ingressi-in-3-anni\/#breadcrumb","itemListElement":[{"@type":"ListItem","position":1,"name":"Home","item":"https:\/\/www.livemag.it\/"},{"@type":"ListItem","position":2,"name":"Via libera al decreto flussi, 497 mila ingressi in 3 anni"}]},{"@type":"WebSite","@id":"https:\/\/www.livemag.it\/#website","url":"https:\/\/www.livemag.it\/","name":"Live Magazine","description":"Varie ed eventi","publisher":{"@id":"https:\/\/www.livemag.it\/#organization"},"potentialAction":[{"@type":"SearchAction","target":{"@type":"EntryPoint","urlTemplate":"https:\/\/www.livemag.it\/?s={search_term_string}"},"query-input":{"@type":"PropertyValueSpecification","valueRequired":true,"valueName":"search_term_string"}}],"inLanguage":"it-IT"},{"@type":"Organization","@id":"https:\/\/www.livemag.it\/#organization","name":"LiveMag","alternateName":"LiveMag News ed eventi","url":"https:\/\/www.livemag.it\/","logo":{"@type":"ImageObject","inLanguage":"it-IT","@id":"https:\/\/www.livemag.it\/#\/schema\/logo\/image\/","url":"https:\/\/www.livemag.it\/wp-content\/uploads\/2024\/02\/immagine-sito.jpg","contentUrl":"https:\/\/www.livemag.it\/wp-content\/uploads\/2024\/02\/immagine-sito.jpg","width":696,"height":696,"caption":"LiveMag"},"image":{"@id":"https:\/\/www.livemag.it\/#\/schema\/logo\/image\/"},"sameAs":["https:\/\/www.facebook.com\/LiveMag\/","https:\/\/x.com\/LiveNotizie","https:\/\/www.instagram.com\/livemag\/"]},{"@type":"Person","@id":"https:\/\/www.livemag.it\/#\/schema\/person\/b62c5f44451fdcdaeb0afe6c2424e73c","name":"italpress","image":{"@type":"ImageObject","inLanguage":"it-IT","@id":"https:\/\/secure.gravatar.com\/avatar\/b6a21695fc713ce7ee312cf57c97e2e641feb365be72d8745574d3c3e2b59066?s=96&r=g","url":"https:\/\/secure.gravatar.com\/avatar\/b6a21695fc713ce7ee312cf57c97e2e641feb365be72d8745574d3c3e2b59066?s=96&r=g","contentUrl":"https:\/\/secure.gravatar.com\/avatar\/b6a21695fc713ce7ee312cf57c97e2e641feb365be72d8745574d3c3e2b59066?s=96&r=g","caption":"italpress"},"description":"Italpress \u00e8 un'agenzia di stampa italiana a carattere nazionale.","url":"https:\/\/www.livemag.it\/index.php\/author\/italpress\/"}]}},"jetpack_featured_media_url":"https:\/\/www.livemag.it\/wp-content\/uploads\/2025\/07\/20250630_2576.jpg","_links":{"self":[{"href":"https:\/\/www.livemag.it\/index.php\/wp-json\/wp\/v2\/posts\/54213","targetHints":{"allow":["GET"]}}],"collection":[{"href":"https:\/\/www.livemag.it\/index.php\/wp-json\/wp\/v2\/posts"}],"about":[{"href":"https:\/\/www.livemag.it\/index.php\/wp-json\/wp\/v2\/types\/post"}],"author":[{"embeddable":true,"href":"https:\/\/www.livemag.it\/index.php\/wp-json\/wp\/v2\/users\/16"}],"replies":[{"embeddable":true,"href":"https:\/\/www.livemag.it\/index.php\/wp-json\/wp\/v2\/comments?post=54213"}],"version-history":[{"count":0,"href":"https:\/\/www.livemag.it\/index.php\/wp-json\/wp\/v2\/posts\/54213\/revisions"}],"wp:featuredmedia":[{"embeddable":true,"href":"https:\/\/www.livemag.it\/index.php\/wp-json\/wp\/v2\/media\/54214"}],"wp:attachment":[{"href":"https:\/\/www.livemag.it\/index.php\/wp-json\/wp\/v2\/media?parent=54213"}],"wp:term":[{"taxonomy":"category","embeddable":true,"href":"https:\/\/www.livemag.it\/index.php\/wp-json\/wp\/v2\/categories?post=54213"},{"taxonomy":"post_tag","embeddable":true,"href":"https:\/\/www.livemag.it\/index.php\/wp-json\/wp\/v2\/tags?post=54213"}],"curies":[{"name":"wp","href":"https:\/\/api.w.org\/{rel}","templated":true}]}}