{"id":53775,"date":"2025-06-24T12:52:31","date_gmt":"2025-06-24T10:52:31","guid":{"rendered":"https:\/\/www.livemag.it\/?p=53775"},"modified":"2025-06-24T12:52:39","modified_gmt":"2025-06-24T10:52:39","slug":"il-28-giugno-2025-hector-romero-b2b-michel-cleis-praja-gallipoli","status":"publish","type":"post","link":"https:\/\/www.livemag.it\/index.php\/2025\/06\/24\/il-28-giugno-2025-hector-romero-b2b-michel-cleis-praja-gallipoli\/","title":{"rendered":"Il 28 giugno 2025 Hector Romero b2b Michel Cleis @ Praja Gallipoli"},"content":{"rendered":"\n<p id=\"block-8376e5ef-ff23-453c-be30-211b4e22fd0a\"><a href=\"https:\/\/www.livemag.it\/index.php\/good-life\/\">Il 28 giugno 2025 Hector Romero<\/a> b2b Michel Cleis @ Praja Gallipoli\u00a0&#8230; Sabato 28 giugno alla <a href=\"https:\/\/www.instagram.com\/prajagallipoli\">Praja Gallipoli<\/a> prende vita una notte fatta di groove, selezione raffinata e pura cultura house, in cui ogni artista si esibir\u00e0 in B2B per un&#8217;esperienza sonora unica. Sono quattro gli artisti sul palco. Hector Romero suoner\u00e0 in b2b con Michel Cleis, mentre \u00a0Paolo Mele si esibir\u00e0 a quattro mani con Maurizio Macr\u00ec. Sar\u00e0 un viaggio sonoro condiviso, dal primo all&#8217;ultimo beat.<\/p>\n\n\n\n<h2 class=\"wp-block-heading\" id=\"block-bb17985d-d973-4572-b396-cc67cdd0c2d8\"><strong>Il 28\/6 Hector Romero b2b Michel Cleis @ Praja Gallipoli&nbsp;<\/strong><\/h2>\n\n\n\n<p id=\"block-5998f996-f4e4-40fa-a87b-8fc909ad7def\">Giocano in casa Paolo Mele e Maurizio Macr\u00ec, artisti molto apprezzati da sempre dal pubblico salentino pi\u00f9 raffnato&#8230; e non solo. E&#8217; molto atteso, poi , Hector Romero, Nato nel Bronx nel 1970, \u00e8 un DJ e produttore iconico della scena house mondiale. Ha iniziato giovanissimo, a 13 anni, guadagnandosi il soprannome di &#8220;Baby Hec&#8221; nei party di quartiere. Cresciuto artisticamente nei leggendari club newyorkesi come The Roxy e Palladium, \u00e8 diventato parte del collettivo Def Mix al fianco di David Morales.&nbsp;<\/p>\n\n\n\n<h2 class=\"wp-block-heading\" id=\"block-a10e4190-2e3b-40b0-9cce-113c1e18994d\">Con Satoshi Tomiie Romero ha fondato l&#8217;etichetta SAW.Recordings, contribuendo a plasmare il sound house degli anni 2000. Oggi \u00e8 ancora attivissimo tra set internazionali, podcast e residenze nei migliori club.&nbsp;<\/h2>\n\n\n\n<p id=\"block-0ede3593-3558-4af5-a42f-86eb8d1c05b0\">Gli appassionati non vedono l&#8217;ora di poter ascoltare Romero con Michel Cleis, produttore originario della Svizzera italiana con una sensibilit\u00e0 musicale influenzata da jazz, elettronica e musica latina. La sua carriera esplode nel 2008 con il brano &#8220;La Mezcla&#8221;, diventato un classico del dancefloor grazie al supporto di Luciano e dell&#8217;etichetta Cadenza. Il suo stile fonde ritmi caldi e percussivi con una raffinata costruzione sonora.<\/p>\n\n\n\n<h2 class=\"wp-block-heading\" id=\"block-3c991a14-8624-4a88-bb82-b9c4a53d21ab\">Il club \u00e8 l&#8217;anima della Praja Gallipoli, che nell&#8217;estate 2025 fa scatenare con top dj come Bob Sinclar e Steve Aoki. Il suo palco \u00e8 il mainstage di tutti i grandi spettacoli live e dj set.<\/h2>\n\n\n\n<p id=\"block-adb090b7-5169-4f37-9d55-dc3c1d741fb9\">Stare in pista \u00e8 come sentirsi parte dello show, tra scenografia ed effetti speciali e servizi per tutte le esigenze. Vivere uno show alla Praja Gallipoli \u00e8 un&#8217;emozione indimenticabile. La Praja ha tante diverse zone in cui vivere la serata: Amam\u00e8, Kabana, Soqquadro, aree priv\u00e8. Sono tutte diverse e in tutte si sta al centro della scena, quella della musica (elettronica, pop, etc) internazionale.&nbsp;<\/p>\n\n\n\n<p><\/p>\n","protected":false},"excerpt":{"rendered":"<p>Il 28 giugno 2025 Hector Romero b2b Michel Cleis @ Praja Gallipoli\u00a0&#8230; Sabato 28 giugno alla Praja Gallipoli prende vita una notte fatta di groove, selezione raffinata e pura cultura house, in cui ogni artista si esibir\u00e0 in B2B per un&#8217;esperienza sonora unica. Sono quattro gli artisti sul palco. Hector Romero suoner\u00e0 in b2b con [&hellip;]<\/p>\n","protected":false},"author":21,"featured_media":53776,"comment_status":"open","ping_status":"open","sticky":false,"template":"","format":"standard","meta":{"jnews-multi-image_gallery":[],"jnews_single_post":{"format":"standard"},"jnews_primary_category":[],"jnews_social_meta":[],"jnews_override_counter":[],"jnews_post_split":[],"footnotes":""},"categories":[1372],"tags":[2327],"class_list":["post-53775","post","type-post","status-publish","format-standard","has-post-thumbnail","hentry","category-good-life","tag-praja"],"yoast_head":"<!-- This site is optimized with the Yoast SEO plugin v27.5 - https:\/\/yoast.com\/product\/yoast-seo-wordpress\/ -->\n<title>Il 28 giugno 2025 Hector Romero b2b Michel Cleis @ Praja<\/title>\n<meta name=\"description\" content=\"Il 28 giugno 2025 Hector Romero b2b Michel Cleis @ Praja Gallipoli\u00a0... Sabato 28 giugno alla Praja Gallipoli prende vita\" \/>\n<meta name=\"robots\" content=\"index, follow, max-snippet:-1, max-image-preview:large, max-video-preview:-1\" \/>\n<link rel=\"canonical\" href=\"https:\/\/www.livemag.it\/index.php\/2025\/06\/24\/il-28-giugno-2025-hector-romero-b2b-michel-cleis-praja-gallipoli\/\" \/>\n<meta property=\"og:locale\" content=\"it_IT\" \/>\n<meta property=\"og:type\" content=\"article\" \/>\n<meta property=\"og:title\" content=\"Il 28 giugno 2025 Hector Romero b2b Michel Cleis @ Praja\" \/>\n<meta property=\"og:description\" content=\"Il 28 giugno 2025 Hector Romero b2b Michel Cleis @ Praja Gallipoli\u00a0... Sabato 28 giugno alla Praja Gallipoli prende vita\" \/>\n<meta property=\"og:url\" content=\"https:\/\/www.livemag.it\/index.php\/2025\/06\/24\/il-28-giugno-2025-hector-romero-b2b-michel-cleis-praja-gallipoli\/\" \/>\n<meta property=\"og:site_name\" content=\"Live Magazine\" \/>\n<meta property=\"article:publisher\" content=\"https:\/\/www.facebook.com\/LiveMag\/\" \/>\n<meta property=\"article:published_time\" content=\"2025-06-24T10:52:31+00:00\" \/>\n<meta property=\"article:modified_time\" content=\"2025-06-24T10:52:39+00:00\" \/>\n<meta property=\"og:image\" content=\"https:\/\/www.livemag.it\/wp-content\/uploads\/2025\/06\/Praja-Gallipoli-767371.jpg\" \/>\n\t<meta property=\"og:image:width\" content=\"640\" \/>\n\t<meta property=\"og:image:height\" content=\"357\" \/>\n\t<meta property=\"og:image:type\" content=\"image\/jpeg\" \/>\n<meta name=\"author\" content=\"Lorenzo Tiezzi\" \/>\n<meta name=\"twitter:card\" content=\"summary_large_image\" \/>\n<meta name=\"twitter:creator\" content=\"@LiveNotizie\" \/>\n<meta name=\"twitter:site\" content=\"@LiveNotizie\" \/>\n<meta name=\"twitter:label1\" content=\"Scritto da\" \/>\n\t<meta name=\"twitter:data1\" content=\"Lorenzo Tiezzi\" \/>\n\t<meta name=\"twitter:label2\" content=\"Tempo di lettura stimato\" \/>\n\t<meta name=\"twitter:data2\" content=\"3 minuti\" \/>\n<script type=\"application\/ld+json\" class=\"yoast-schema-graph\">{\"@context\":\"https:\\\/\\\/schema.org\",\"@graph\":[{\"@type\":\"Article\",\"@id\":\"https:\\\/\\\/www.livemag.it\\\/index.php\\\/2025\\\/06\\\/24\\\/il-28-giugno-2025-hector-romero-b2b-michel-cleis-praja-gallipoli\\\/#article\",\"isPartOf\":{\"@id\":\"https:\\\/\\\/www.livemag.it\\\/index.php\\\/2025\\\/06\\\/24\\\/il-28-giugno-2025-hector-romero-b2b-michel-cleis-praja-gallipoli\\\/\"},\"author\":{\"name\":\"Lorenzo Tiezzi\",\"@id\":\"https:\\\/\\\/www.livemag.it\\\/#\\\/schema\\\/person\\\/c6fe2dde14ae4517f823e167a12354b6\"},\"headline\":\"Il 28 giugno 2025 Hector Romero b2b Michel Cleis @ Praja Gallipoli\",\"datePublished\":\"2025-06-24T10:52:31+00:00\",\"dateModified\":\"2025-06-24T10:52:39+00:00\",\"mainEntityOfPage\":{\"@id\":\"https:\\\/\\\/www.livemag.it\\\/index.php\\\/2025\\\/06\\\/24\\\/il-28-giugno-2025-hector-romero-b2b-michel-cleis-praja-gallipoli\\\/\"},\"wordCount\":372,\"commentCount\":0,\"publisher\":{\"@id\":\"https:\\\/\\\/www.livemag.it\\\/#organization\"},\"image\":{\"@id\":\"https:\\\/\\\/www.livemag.it\\\/index.php\\\/2025\\\/06\\\/24\\\/il-28-giugno-2025-hector-romero-b2b-michel-cleis-praja-gallipoli\\\/#primaryimage\"},\"thumbnailUrl\":\"https:\\\/\\\/www.livemag.it\\\/wp-content\\\/uploads\\\/2025\\\/06\\\/Praja-Gallipoli-767371.jpg\",\"keywords\":[\"praja\"],\"articleSection\":[\"Good Life\"],\"inLanguage\":\"it-IT\",\"potentialAction\":[{\"@type\":\"CommentAction\",\"name\":\"Comment\",\"target\":[\"https:\\\/\\\/www.livemag.it\\\/index.php\\\/2025\\\/06\\\/24\\\/il-28-giugno-2025-hector-romero-b2b-michel-cleis-praja-gallipoli\\\/#respond\"]}]},{\"@type\":\"WebPage\",\"@id\":\"https:\\\/\\\/www.livemag.it\\\/index.php\\\/2025\\\/06\\\/24\\\/il-28-giugno-2025-hector-romero-b2b-michel-cleis-praja-gallipoli\\\/\",\"url\":\"https:\\\/\\\/www.livemag.it\\\/index.php\\\/2025\\\/06\\\/24\\\/il-28-giugno-2025-hector-romero-b2b-michel-cleis-praja-gallipoli\\\/\",\"name\":\"Il 28 giugno 2025 Hector Romero b2b Michel Cleis @ Praja\",\"isPartOf\":{\"@id\":\"https:\\\/\\\/www.livemag.it\\\/#website\"},\"primaryImageOfPage\":{\"@id\":\"https:\\\/\\\/www.livemag.it\\\/index.php\\\/2025\\\/06\\\/24\\\/il-28-giugno-2025-hector-romero-b2b-michel-cleis-praja-gallipoli\\\/#primaryimage\"},\"image\":{\"@id\":\"https:\\\/\\\/www.livemag.it\\\/index.php\\\/2025\\\/06\\\/24\\\/il-28-giugno-2025-hector-romero-b2b-michel-cleis-praja-gallipoli\\\/#primaryimage\"},\"thumbnailUrl\":\"https:\\\/\\\/www.livemag.it\\\/wp-content\\\/uploads\\\/2025\\\/06\\\/Praja-Gallipoli-767371.jpg\",\"datePublished\":\"2025-06-24T10:52:31+00:00\",\"dateModified\":\"2025-06-24T10:52:39+00:00\",\"description\":\"Il 28 giugno 2025 Hector Romero b2b Michel Cleis @ Praja Gallipoli\u00a0... Sabato 28 giugno alla Praja Gallipoli prende vita\",\"breadcrumb\":{\"@id\":\"https:\\\/\\\/www.livemag.it\\\/index.php\\\/2025\\\/06\\\/24\\\/il-28-giugno-2025-hector-romero-b2b-michel-cleis-praja-gallipoli\\\/#breadcrumb\"},\"inLanguage\":\"it-IT\",\"potentialAction\":[{\"@type\":\"ReadAction\",\"target\":[\"https:\\\/\\\/www.livemag.it\\\/index.php\\\/2025\\\/06\\\/24\\\/il-28-giugno-2025-hector-romero-b2b-michel-cleis-praja-gallipoli\\\/\"]}]},{\"@type\":\"ImageObject\",\"inLanguage\":\"it-IT\",\"@id\":\"https:\\\/\\\/www.livemag.it\\\/index.php\\\/2025\\\/06\\\/24\\\/il-28-giugno-2025-hector-romero-b2b-michel-cleis-praja-gallipoli\\\/#primaryimage\",\"url\":\"https:\\\/\\\/www.livemag.it\\\/wp-content\\\/uploads\\\/2025\\\/06\\\/Praja-Gallipoli-767371.jpg\",\"contentUrl\":\"https:\\\/\\\/www.livemag.it\\\/wp-content\\\/uploads\\\/2025\\\/06\\\/Praja-Gallipoli-767371.jpg\",\"width\":640,\"height\":357},{\"@type\":\"BreadcrumbList\",\"@id\":\"https:\\\/\\\/www.livemag.it\\\/index.php\\\/2025\\\/06\\\/24\\\/il-28-giugno-2025-hector-romero-b2b-michel-cleis-praja-gallipoli\\\/#breadcrumb\",\"itemListElement\":[{\"@type\":\"ListItem\",\"position\":1,\"name\":\"Home\",\"item\":\"https:\\\/\\\/www.livemag.it\\\/\"},{\"@type\":\"ListItem\",\"position\":2,\"name\":\"Il 28 giugno 2025 Hector Romero b2b Michel Cleis @ Praja Gallipoli\"}]},{\"@type\":\"WebSite\",\"@id\":\"https:\\\/\\\/www.livemag.it\\\/#website\",\"url\":\"https:\\\/\\\/www.livemag.it\\\/\",\"name\":\"Live Magazine\",\"description\":\"Varie ed eventi\",\"publisher\":{\"@id\":\"https:\\\/\\\/www.livemag.it\\\/#organization\"},\"potentialAction\":[{\"@type\":\"SearchAction\",\"target\":{\"@type\":\"EntryPoint\",\"urlTemplate\":\"https:\\\/\\\/www.livemag.it\\\/?s={search_term_string}\"},\"query-input\":{\"@type\":\"PropertyValueSpecification\",\"valueRequired\":true,\"valueName\":\"search_term_string\"}}],\"inLanguage\":\"it-IT\"},{\"@type\":\"Organization\",\"@id\":\"https:\\\/\\\/www.livemag.it\\\/#organization\",\"name\":\"LiveMag\",\"alternateName\":\"LiveMag News ed eventi\",\"url\":\"https:\\\/\\\/www.livemag.it\\\/\",\"logo\":{\"@type\":\"ImageObject\",\"inLanguage\":\"it-IT\",\"@id\":\"https:\\\/\\\/www.livemag.it\\\/#\\\/schema\\\/logo\\\/image\\\/\",\"url\":\"https:\\\/\\\/www.livemag.it\\\/wp-content\\\/uploads\\\/2024\\\/02\\\/immagine-sito.jpg\",\"contentUrl\":\"https:\\\/\\\/www.livemag.it\\\/wp-content\\\/uploads\\\/2024\\\/02\\\/immagine-sito.jpg\",\"width\":696,\"height\":696,\"caption\":\"LiveMag\"},\"image\":{\"@id\":\"https:\\\/\\\/www.livemag.it\\\/#\\\/schema\\\/logo\\\/image\\\/\"},\"sameAs\":[\"https:\\\/\\\/www.facebook.com\\\/LiveMag\\\/\",\"https:\\\/\\\/x.com\\\/LiveNotizie\",\"https:\\\/\\\/www.instagram.com\\\/livemag\\\/\"]},{\"@type\":\"Person\",\"@id\":\"https:\\\/\\\/www.livemag.it\\\/#\\\/schema\\\/person\\\/c6fe2dde14ae4517f823e167a12354b6\",\"name\":\"Lorenzo Tiezzi\",\"image\":{\"@type\":\"ImageObject\",\"inLanguage\":\"it-IT\",\"@id\":\"https:\\\/\\\/secure.gravatar.com\\\/avatar\\\/055a51cbe21ba6c03af667c75f797ec8642fe78050e8602547fec943f6500144?s=96&r=g\",\"url\":\"https:\\\/\\\/secure.gravatar.com\\\/avatar\\\/055a51cbe21ba6c03af667c75f797ec8642fe78050e8602547fec943f6500144?s=96&r=g\",\"contentUrl\":\"https:\\\/\\\/secure.gravatar.com\\\/avatar\\\/055a51cbe21ba6c03af667c75f797ec8642fe78050e8602547fec943f6500144?s=96&r=g\",\"caption\":\"Lorenzo Tiezzi\"},\"description\":\"giornalista, press office, pr\",\"url\":\"https:\\\/\\\/www.livemag.it\\\/index.php\\\/author\\\/lorenzo-tiezzi\\\/\"}]}<\/script>\n<!-- \/ Yoast SEO plugin. -->","yoast_head_json":{"title":"Il 28 giugno 2025 Hector Romero b2b Michel Cleis @ Praja","description":"Il 28 giugno 2025 Hector Romero b2b Michel Cleis @ Praja Gallipoli\u00a0... Sabato 28 giugno alla Praja Gallipoli prende vita","robots":{"index":"index","follow":"follow","max-snippet":"max-snippet:-1","max-image-preview":"max-image-preview:large","max-video-preview":"max-video-preview:-1"},"canonical":"https:\/\/www.livemag.it\/index.php\/2025\/06\/24\/il-28-giugno-2025-hector-romero-b2b-michel-cleis-praja-gallipoli\/","og_locale":"it_IT","og_type":"article","og_title":"Il 28 giugno 2025 Hector Romero b2b Michel Cleis @ Praja","og_description":"Il 28 giugno 2025 Hector Romero b2b Michel Cleis @ Praja Gallipoli\u00a0... Sabato 28 giugno alla Praja Gallipoli prende vita","og_url":"https:\/\/www.livemag.it\/index.php\/2025\/06\/24\/il-28-giugno-2025-hector-romero-b2b-michel-cleis-praja-gallipoli\/","og_site_name":"Live Magazine","article_publisher":"https:\/\/www.facebook.com\/LiveMag\/","article_published_time":"2025-06-24T10:52:31+00:00","article_modified_time":"2025-06-24T10:52:39+00:00","og_image":[{"width":640,"height":357,"url":"https:\/\/www.livemag.it\/wp-content\/uploads\/2025\/06\/Praja-Gallipoli-767371.jpg","type":"image\/jpeg"}],"author":"Lorenzo Tiezzi","twitter_card":"summary_large_image","twitter_creator":"@LiveNotizie","twitter_site":"@LiveNotizie","twitter_misc":{"Scritto da":"Lorenzo Tiezzi","Tempo di lettura stimato":"3 minuti"},"schema":{"@context":"https:\/\/schema.org","@graph":[{"@type":"Article","@id":"https:\/\/www.livemag.it\/index.php\/2025\/06\/24\/il-28-giugno-2025-hector-romero-b2b-michel-cleis-praja-gallipoli\/#article","isPartOf":{"@id":"https:\/\/www.livemag.it\/index.php\/2025\/06\/24\/il-28-giugno-2025-hector-romero-b2b-michel-cleis-praja-gallipoli\/"},"author":{"name":"Lorenzo Tiezzi","@id":"https:\/\/www.livemag.it\/#\/schema\/person\/c6fe2dde14ae4517f823e167a12354b6"},"headline":"Il 28 giugno 2025 Hector Romero b2b Michel Cleis @ Praja Gallipoli","datePublished":"2025-06-24T10:52:31+00:00","dateModified":"2025-06-24T10:52:39+00:00","mainEntityOfPage":{"@id":"https:\/\/www.livemag.it\/index.php\/2025\/06\/24\/il-28-giugno-2025-hector-romero-b2b-michel-cleis-praja-gallipoli\/"},"wordCount":372,"commentCount":0,"publisher":{"@id":"https:\/\/www.livemag.it\/#organization"},"image":{"@id":"https:\/\/www.livemag.it\/index.php\/2025\/06\/24\/il-28-giugno-2025-hector-romero-b2b-michel-cleis-praja-gallipoli\/#primaryimage"},"thumbnailUrl":"https:\/\/www.livemag.it\/wp-content\/uploads\/2025\/06\/Praja-Gallipoli-767371.jpg","keywords":["praja"],"articleSection":["Good Life"],"inLanguage":"it-IT","potentialAction":[{"@type":"CommentAction","name":"Comment","target":["https:\/\/www.livemag.it\/index.php\/2025\/06\/24\/il-28-giugno-2025-hector-romero-b2b-michel-cleis-praja-gallipoli\/#respond"]}]},{"@type":"WebPage","@id":"https:\/\/www.livemag.it\/index.php\/2025\/06\/24\/il-28-giugno-2025-hector-romero-b2b-michel-cleis-praja-gallipoli\/","url":"https:\/\/www.livemag.it\/index.php\/2025\/06\/24\/il-28-giugno-2025-hector-romero-b2b-michel-cleis-praja-gallipoli\/","name":"Il 28 giugno 2025 Hector Romero b2b Michel Cleis @ Praja","isPartOf":{"@id":"https:\/\/www.livemag.it\/#website"},"primaryImageOfPage":{"@id":"https:\/\/www.livemag.it\/index.php\/2025\/06\/24\/il-28-giugno-2025-hector-romero-b2b-michel-cleis-praja-gallipoli\/#primaryimage"},"image":{"@id":"https:\/\/www.livemag.it\/index.php\/2025\/06\/24\/il-28-giugno-2025-hector-romero-b2b-michel-cleis-praja-gallipoli\/#primaryimage"},"thumbnailUrl":"https:\/\/www.livemag.it\/wp-content\/uploads\/2025\/06\/Praja-Gallipoli-767371.jpg","datePublished":"2025-06-24T10:52:31+00:00","dateModified":"2025-06-24T10:52:39+00:00","description":"Il 28 giugno 2025 Hector Romero b2b Michel Cleis @ Praja Gallipoli\u00a0... Sabato 28 giugno alla Praja Gallipoli prende vita","breadcrumb":{"@id":"https:\/\/www.livemag.it\/index.php\/2025\/06\/24\/il-28-giugno-2025-hector-romero-b2b-michel-cleis-praja-gallipoli\/#breadcrumb"},"inLanguage":"it-IT","potentialAction":[{"@type":"ReadAction","target":["https:\/\/www.livemag.it\/index.php\/2025\/06\/24\/il-28-giugno-2025-hector-romero-b2b-michel-cleis-praja-gallipoli\/"]}]},{"@type":"ImageObject","inLanguage":"it-IT","@id":"https:\/\/www.livemag.it\/index.php\/2025\/06\/24\/il-28-giugno-2025-hector-romero-b2b-michel-cleis-praja-gallipoli\/#primaryimage","url":"https:\/\/www.livemag.it\/wp-content\/uploads\/2025\/06\/Praja-Gallipoli-767371.jpg","contentUrl":"https:\/\/www.livemag.it\/wp-content\/uploads\/2025\/06\/Praja-Gallipoli-767371.jpg","width":640,"height":357},{"@type":"BreadcrumbList","@id":"https:\/\/www.livemag.it\/index.php\/2025\/06\/24\/il-28-giugno-2025-hector-romero-b2b-michel-cleis-praja-gallipoli\/#breadcrumb","itemListElement":[{"@type":"ListItem","position":1,"name":"Home","item":"https:\/\/www.livemag.it\/"},{"@type":"ListItem","position":2,"name":"Il 28 giugno 2025 Hector Romero b2b Michel Cleis @ Praja Gallipoli"}]},{"@type":"WebSite","@id":"https:\/\/www.livemag.it\/#website","url":"https:\/\/www.livemag.it\/","name":"Live Magazine","description":"Varie ed eventi","publisher":{"@id":"https:\/\/www.livemag.it\/#organization"},"potentialAction":[{"@type":"SearchAction","target":{"@type":"EntryPoint","urlTemplate":"https:\/\/www.livemag.it\/?s={search_term_string}"},"query-input":{"@type":"PropertyValueSpecification","valueRequired":true,"valueName":"search_term_string"}}],"inLanguage":"it-IT"},{"@type":"Organization","@id":"https:\/\/www.livemag.it\/#organization","name":"LiveMag","alternateName":"LiveMag News ed eventi","url":"https:\/\/www.livemag.it\/","logo":{"@type":"ImageObject","inLanguage":"it-IT","@id":"https:\/\/www.livemag.it\/#\/schema\/logo\/image\/","url":"https:\/\/www.livemag.it\/wp-content\/uploads\/2024\/02\/immagine-sito.jpg","contentUrl":"https:\/\/www.livemag.it\/wp-content\/uploads\/2024\/02\/immagine-sito.jpg","width":696,"height":696,"caption":"LiveMag"},"image":{"@id":"https:\/\/www.livemag.it\/#\/schema\/logo\/image\/"},"sameAs":["https:\/\/www.facebook.com\/LiveMag\/","https:\/\/x.com\/LiveNotizie","https:\/\/www.instagram.com\/livemag\/"]},{"@type":"Person","@id":"https:\/\/www.livemag.it\/#\/schema\/person\/c6fe2dde14ae4517f823e167a12354b6","name":"Lorenzo Tiezzi","image":{"@type":"ImageObject","inLanguage":"it-IT","@id":"https:\/\/secure.gravatar.com\/avatar\/055a51cbe21ba6c03af667c75f797ec8642fe78050e8602547fec943f6500144?s=96&r=g","url":"https:\/\/secure.gravatar.com\/avatar\/055a51cbe21ba6c03af667c75f797ec8642fe78050e8602547fec943f6500144?s=96&r=g","contentUrl":"https:\/\/secure.gravatar.com\/avatar\/055a51cbe21ba6c03af667c75f797ec8642fe78050e8602547fec943f6500144?s=96&r=g","caption":"Lorenzo Tiezzi"},"description":"giornalista, press office, pr","url":"https:\/\/www.livemag.it\/index.php\/author\/lorenzo-tiezzi\/"}]}},"jetpack_featured_media_url":"https:\/\/www.livemag.it\/wp-content\/uploads\/2025\/06\/Praja-Gallipoli-767371.jpg","_links":{"self":[{"href":"https:\/\/www.livemag.it\/index.php\/wp-json\/wp\/v2\/posts\/53775","targetHints":{"allow":["GET"]}}],"collection":[{"href":"https:\/\/www.livemag.it\/index.php\/wp-json\/wp\/v2\/posts"}],"about":[{"href":"https:\/\/www.livemag.it\/index.php\/wp-json\/wp\/v2\/types\/post"}],"author":[{"embeddable":true,"href":"https:\/\/www.livemag.it\/index.php\/wp-json\/wp\/v2\/users\/21"}],"replies":[{"embeddable":true,"href":"https:\/\/www.livemag.it\/index.php\/wp-json\/wp\/v2\/comments?post=53775"}],"version-history":[{"count":1,"href":"https:\/\/www.livemag.it\/index.php\/wp-json\/wp\/v2\/posts\/53775\/revisions"}],"predecessor-version":[{"id":53777,"href":"https:\/\/www.livemag.it\/index.php\/wp-json\/wp\/v2\/posts\/53775\/revisions\/53777"}],"wp:featuredmedia":[{"embeddable":true,"href":"https:\/\/www.livemag.it\/index.php\/wp-json\/wp\/v2\/media\/53776"}],"wp:attachment":[{"href":"https:\/\/www.livemag.it\/index.php\/wp-json\/wp\/v2\/media?parent=53775"}],"wp:term":[{"taxonomy":"category","embeddable":true,"href":"https:\/\/www.livemag.it\/index.php\/wp-json\/wp\/v2\/categories?post=53775"},{"taxonomy":"post_tag","embeddable":true,"href":"https:\/\/www.livemag.it\/index.php\/wp-json\/wp\/v2\/tags?post=53775"}],"curies":[{"name":"wp","href":"https:\/\/api.w.org\/{rel}","templated":true}]}}