{"id":53633,"date":"2025-06-21T17:25:56","date_gmt":"2025-06-21T15:25:56","guid":{"rendered":"https:\/\/www.livemag.it\/?p=53633"},"modified":"2025-06-21T17:29:48","modified_gmt":"2025-06-21T15:29:48","slug":"il-cinema-e-laudiovisivo-per-la-nuova-fondazione-roma-lazio-film-commission","status":"publish","type":"post","link":"https:\/\/www.livemag.it\/index.php\/2025\/06\/21\/il-cinema-e-laudiovisivo-per-la-nuova-fondazione-roma-lazio-film-commission\/","title":{"rendered":"Il cinema e l\u2019audiovisivo per la nuova Fondazione Roma Lazio Film Commission"},"content":{"rendered":"\n<p>Inaugurata a Roma la nuova Fondazione Film Commission di Roma e del Lazio, un percorso di profonda riforma strutturale con l\u2019obiettivo di diventare il polo del cinema e dell\u2019audiovisivo di Roma e del Lazio, punto di riferimento per tutto il settore. Numerose personalit\u00e0 presenti alla serata, in rappresentanza delle Istituzioni, del mondo della cultura, del cinema e dello spettacolo.<\/p>\n\n\n\n<p>Il rinnovamento della Fondazione parte dal nuovo Consiglio di Amministrazione, appena nominato dai Soci Regione Lazio e Roma Capitale, che vede la Presidente&nbsp;<strong>Maria Giuseppina Troccoli<\/strong>,&nbsp;<strong>Christian Uva<\/strong>&nbsp;come Vicepresidente, e&nbsp;<strong>Lorenza Lei<\/strong>&nbsp;con il ruolo di Amministratore Delegato.<\/p>\n\n\n\n<p>La nuova governance punta a rafforzare il ruolo centrale di Roma Lazio Film Commission nello sviluppo del cinema e dell\u2019audiovisivo nel territorio, sostenendo le imprese locali, promuovendo la crescita professionale degli operatori e favorendo nuove opportunit\u00e0 a livello nazionale e internazionale, con una strategia innovativa e di lungo periodo che vuole raccogliere nuove importanti sfide.&nbsp;<\/p>\n\n\n\n<p>La Fondazione lavorer\u00e0 sui principali asset del settore cine-audiovisivo. Sul lato<strong>&nbsp;Industry,&nbsp;<\/strong>per rispondere alle esigenze della produzione e della distribuzione, attivando percorsi di sostegno sia a livello di contributi sia a livello di assistenza tecnico-organizzativa. In quest\u2019ottica si colloca l\u2019apertura di&nbsp;<strong>sportelli territoriali<\/strong>&nbsp;nel Lazio, per favorire uno sviluppo pi\u00f9 diffuso e capillare del settore, con un approccio integrato pi\u00f9 efficiente e innovativo, che mira a facilitare il lavoro delle produzioni, anche grazie a una guida alla produzione intelligente e una guida alle location film friendly.<\/p>\n\n\n\n<p>Altro asset fondamentale \u00e8 la<strong>&nbsp;Formazione,&nbsp;<\/strong>per cui Roma Lazio Film Commission assume un ruolo chiave, proponendo programmi educativi, workshop, masterclass, attivit\u00e0 dedicate ai nuovi talenti della TV.&nbsp; Interventi pensati per sviluppare competenze, stimolare la creativit\u00e0 e favorire l\u2019ingresso di giovani professionisti nel mercato, contribuendo cos\u00ec a costruire un sistema pi\u00f9 forte e competitivo. Con queste finalit\u00e0, la&nbsp;<strong>Scuola d&#8217;Arte Cinematografica Gian Maria Volont\u00e9<\/strong>, con corsi gratuiti per le principali professionalit\u00e0 del cinema, progetto di eccellenza finanziato con il Fondo Sociale Europeo, diventer\u00e0 parte integrante della Fondazione.<\/p>\n\n\n\n<p>Di strategica importanza, per avere un settore forte e competitivo, \u00e8 il coinvolgimento dell\u2019intero comparto, dalle professionalit\u00e0 pi\u00f9 specializzate alle meno conosciute, con particolare attenzione alle maestranze e ai lavoratori del settore, agenti, casting director, location manager, che saranno coinvolti attivamente in diverse attivit\u00e0, perch\u00e9 la Fondazione intende diventare una piattaforma condivisa per raccogliere e affrontare le sfide del futuro, con l\u2019obiettivo di favorire un sistema pi\u00f9 coeso, innovativo e aperto alle opportunit\u00e0. Crescere insieme vuol dire sostenere lo sviluppo economico, culturale e sociale di Roma e del Lazio con uno sguardo aperto e internazionale. L\u2019impegno \u00e8 promuovere e sostenere le coproduzioni internazionali anche attraverso la presenza nei principali mercati e festival di settore, per mostrare le potenzialit\u00e0 del territorio e creare nuove opportunit\u00e0 di crescita e innovazione per tutte le figure professionali coinvolte, con un impegno che vedr\u00e0 la Fondazione in prima linea per attrarre nuovi progetti, investimenti e collaborazioni.<\/p>\n\n\n\n<p>Roma Lazio Film Commission: un polo del cinema e dell\u2019audiovisivo per inquadrare insieme nuovi orizzonti.<\/p>\n\n\n\n<p><strong>I numeri dell\u2019Audiovisivo del Lazio<\/strong><\/p>\n\n\n\n<p>\u2794<strong>&nbsp;Fondi regionali<\/strong><\/p>\n\n\n\n<p>&nbsp;Per il 2025 sono previsti interventi che riguardano investimenti per la promozione della cultura cinematografica e audiovisiva, sostegno alla produzione cinematografica ed audiovisiva, scrittura di progetti di sceneggiatura, promozione dell\u2019esercizio cinematografico, per oltre 9 milioni di euro, di cui 3 milioni destinati per il 2025 alla Fondazione Roma Lazio Film Commission.<\/p>\n\n\n\n<p>\u2794&nbsp;<strong>Fondi PR-FESR Lazio 2021-2027<\/strong><\/p>\n\n\n\n<p>&nbsp;La programmazione 2021-2027 ha tra le finalit\u00e0 il sostegno al sistema delle imprese, con una particolare attenzione alla filiera del cinema e dell\u2019audiovisivo. L\u2019intervento \u201cLazio Cinema International\u201d, individuato come progetto strategico, sostiene, tra l\u2019altro, la produzione di Opere Audiovisive internazionali per rafforzare e migliorare la competitivit\u00e0 delle imprese di produzione cinematografica e il relativo indotto, con particolare attenzione ai territori. Le risorse FESR 2021-2027 stanziate per questo intervento sono pari a 10 milioni di euro annui, con la pubblicazione di due edizioni annuali di un avviso pubblico.<\/p>\n\n\n\n<p>&nbsp;\u2794&nbsp;<strong>Fondi FSE+ 2021-2027<\/strong><\/p>\n\n\n\n<p>Un ulteriore settore di intervento riguarda le scuole di formazione, in particolare: la Scuola d\u2019Arte Cinematografica Gian Maria Volont\u00e9&nbsp;e l\u2019Officina delle Arti Pier Paolo Pasolini. Per tali Scuole di alta formazione, gestite dalla Direzione Regionale Istruzione, Formazione e Politiche per l\u2019occupazione e finalizzate alla valorizzazione e al potenziamento di specifiche figure professionali &#8211; legate a settori considerati rilevanti per l\u2019economia regionale quali cultura, audiovisivo, cinema e spettacolo &#8211; sono programmate risorse FSE+ con un risultato atteso di numerosi progetti, percorsi formativi, azioni di sistema e tirocini.<\/p>\n\n\n\n<p><strong>1\u00b0 POSTO&nbsp;<\/strong>in Italia per imprese attive nel settore e&nbsp;<strong>2\u00b0 POSTO<\/strong>&nbsp;in Europa per investimenti a favore di cinema e audiovisivo<\/p>\n\n\n\n<p><strong>2.400<\/strong>&nbsp;imprese attive del Lazio nel settore audiovisivo<\/p>\n\n\n\n<p><strong>13.000<\/strong>&nbsp;addetti nel Lazio&nbsp;nel settore della \u201cproduzione di film, video e programmi televisivi\u201d<\/p>\n\n\n\n<p><strong>70,6 MILIONI DI EURO&nbsp;<\/strong>tra 2016 e 2023 per il cofinanziamento delle coproduzioni internazionali, attraverso il bando Lazio Cinema International.<\/p>\n\n\n\n<p><strong>215 OPERE<\/strong>&nbsp;cofinanziate dal bando tra 2016 e 2024 (film, serie TV, documentari, film di animazione)<\/p>\n\n\n\n<p><strong>357 PREMI<\/strong>&nbsp;e&nbsp;<strong>474 NOMINATION<\/strong>&nbsp;raccolti dai film cofinanziati da Lazio Cinema International in Festival nazionali e internazionali<\/p>\n\n\n\n<p><strong>261 CASE DI PRODUZIONE STRANIERE<\/strong>&nbsp;coinvolte nelle coproduzioni, in rappresentanza di&nbsp;<strong>38 Paesi<\/strong><\/p>\n\n\n\n<p>Foto di Raffaele Marino<\/p>\n","protected":false},"excerpt":{"rendered":"<p>Inaugurata a Roma la nuova Fondazione Film Commission di Roma e del Lazio, un percorso di profonda riforma strutturale con l\u2019obiettivo di diventare il polo del cinema e dell\u2019audiovisivo di Roma e del Lazio, punto di riferimento per tutto il settore. Numerose personalit\u00e0 presenti alla serata, in rappresentanza delle Istituzioni, del mondo della cultura, del [&hellip;]<\/p>\n","protected":false},"author":19,"featured_media":53636,"comment_status":"open","ping_status":"open","sticky":false,"template":"","format":"standard","meta":{"jnews-multi-image_gallery":[],"jnews_single_post":{"format":"standard"},"jnews_primary_category":[],"jnews_social_meta":[],"jnews_override_counter":[],"jnews_post_split":[],"footnotes":""},"categories":[142,1],"tags":[],"class_list":["post-53633","post","type-post","status-publish","format-standard","has-post-thumbnail","hentry","category-cultura-eventi","category-senza-categoria"],"yoast_head":"<!-- This site is optimized with the Yoast SEO plugin v27.5 - https:\/\/yoast.com\/product\/yoast-seo-wordpress\/ -->\n<title>Il cinema e l\u2019audiovisivo per la nuova Fondazione Roma Lazio Film Commission - Live Magazine<\/title>\n<meta name=\"robots\" content=\"index, follow, max-snippet:-1, max-image-preview:large, max-video-preview:-1\" \/>\n<link rel=\"canonical\" href=\"https:\/\/www.livemag.it\/index.php\/2025\/06\/21\/il-cinema-e-laudiovisivo-per-la-nuova-fondazione-roma-lazio-film-commission\/\" \/>\n<meta property=\"og:locale\" content=\"it_IT\" \/>\n<meta property=\"og:type\" content=\"article\" \/>\n<meta property=\"og:title\" content=\"Il cinema e l\u2019audiovisivo per la nuova Fondazione Roma Lazio Film Commission - Live Magazine\" \/>\n<meta property=\"og:description\" content=\"Inaugurata a Roma la nuova Fondazione Film Commission di Roma e del Lazio, un percorso di profonda riforma strutturale con l\u2019obiettivo di diventare il polo del cinema e dell\u2019audiovisivo di Roma e del Lazio, punto di riferimento per tutto il settore. Numerose personalit\u00e0 presenti alla serata, in rappresentanza delle Istituzioni, del mondo della cultura, del [&hellip;]\" \/>\n<meta property=\"og:url\" content=\"https:\/\/www.livemag.it\/index.php\/2025\/06\/21\/il-cinema-e-laudiovisivo-per-la-nuova-fondazione-roma-lazio-film-commission\/\" \/>\n<meta property=\"og:site_name\" content=\"Live Magazine\" \/>\n<meta property=\"article:publisher\" content=\"https:\/\/www.facebook.com\/LiveMag\/\" \/>\n<meta property=\"article:published_time\" content=\"2025-06-21T15:25:56+00:00\" \/>\n<meta property=\"article:modified_time\" content=\"2025-06-21T15:29:48+00:00\" \/>\n<meta property=\"og:image\" content=\"https:\/\/www.livemag.it\/wp-content\/uploads\/2025\/06\/IMG_6753-1.jpeg\" \/>\n\t<meta property=\"og:image:width\" content=\"1008\" \/>\n\t<meta property=\"og:image:height\" content=\"624\" \/>\n\t<meta property=\"og:image:type\" content=\"image\/jpeg\" \/>\n<meta name=\"author\" content=\"Tommaso Martinelli\" \/>\n<meta name=\"twitter:card\" content=\"summary_large_image\" \/>\n<meta name=\"twitter:creator\" content=\"@LiveNotizie\" \/>\n<meta name=\"twitter:site\" content=\"@LiveNotizie\" \/>\n<meta name=\"twitter:label1\" content=\"Scritto da\" \/>\n\t<meta name=\"twitter:data1\" content=\"Tommaso Martinelli\" \/>\n\t<meta name=\"twitter:label2\" content=\"Tempo di lettura stimato\" \/>\n\t<meta name=\"twitter:data2\" content=\"5 minuti\" \/>\n<script type=\"application\/ld+json\" class=\"yoast-schema-graph\">{\"@context\":\"https:\\\/\\\/schema.org\",\"@graph\":[{\"@type\":\"Article\",\"@id\":\"https:\\\/\\\/www.livemag.it\\\/index.php\\\/2025\\\/06\\\/21\\\/il-cinema-e-laudiovisivo-per-la-nuova-fondazione-roma-lazio-film-commission\\\/#article\",\"isPartOf\":{\"@id\":\"https:\\\/\\\/www.livemag.it\\\/index.php\\\/2025\\\/06\\\/21\\\/il-cinema-e-laudiovisivo-per-la-nuova-fondazione-roma-lazio-film-commission\\\/\"},\"author\":{\"name\":\"Tommaso Martinelli\",\"@id\":\"https:\\\/\\\/www.livemag.it\\\/#\\\/schema\\\/person\\\/64e4d99deedbca0ff0431c5475ed3d7c\"},\"headline\":\"Il cinema e l\u2019audiovisivo per la nuova Fondazione Roma Lazio Film Commission\",\"datePublished\":\"2025-06-21T15:25:56+00:00\",\"dateModified\":\"2025-06-21T15:29:48+00:00\",\"mainEntityOfPage\":{\"@id\":\"https:\\\/\\\/www.livemag.it\\\/index.php\\\/2025\\\/06\\\/21\\\/il-cinema-e-laudiovisivo-per-la-nuova-fondazione-roma-lazio-film-commission\\\/\"},\"wordCount\":892,\"commentCount\":0,\"publisher\":{\"@id\":\"https:\\\/\\\/www.livemag.it\\\/#organization\"},\"image\":{\"@id\":\"https:\\\/\\\/www.livemag.it\\\/index.php\\\/2025\\\/06\\\/21\\\/il-cinema-e-laudiovisivo-per-la-nuova-fondazione-roma-lazio-film-commission\\\/#primaryimage\"},\"thumbnailUrl\":\"https:\\\/\\\/www.livemag.it\\\/wp-content\\\/uploads\\\/2025\\\/06\\\/IMG_6753-1.jpeg\",\"articleSection\":[\"Cultura Eventi\"],\"inLanguage\":\"it-IT\",\"potentialAction\":[{\"@type\":\"CommentAction\",\"name\":\"Comment\",\"target\":[\"https:\\\/\\\/www.livemag.it\\\/index.php\\\/2025\\\/06\\\/21\\\/il-cinema-e-laudiovisivo-per-la-nuova-fondazione-roma-lazio-film-commission\\\/#respond\"]}]},{\"@type\":\"WebPage\",\"@id\":\"https:\\\/\\\/www.livemag.it\\\/index.php\\\/2025\\\/06\\\/21\\\/il-cinema-e-laudiovisivo-per-la-nuova-fondazione-roma-lazio-film-commission\\\/\",\"url\":\"https:\\\/\\\/www.livemag.it\\\/index.php\\\/2025\\\/06\\\/21\\\/il-cinema-e-laudiovisivo-per-la-nuova-fondazione-roma-lazio-film-commission\\\/\",\"name\":\"Il cinema e l\u2019audiovisivo per la nuova Fondazione Roma Lazio Film Commission - Live Magazine\",\"isPartOf\":{\"@id\":\"https:\\\/\\\/www.livemag.it\\\/#website\"},\"primaryImageOfPage\":{\"@id\":\"https:\\\/\\\/www.livemag.it\\\/index.php\\\/2025\\\/06\\\/21\\\/il-cinema-e-laudiovisivo-per-la-nuova-fondazione-roma-lazio-film-commission\\\/#primaryimage\"},\"image\":{\"@id\":\"https:\\\/\\\/www.livemag.it\\\/index.php\\\/2025\\\/06\\\/21\\\/il-cinema-e-laudiovisivo-per-la-nuova-fondazione-roma-lazio-film-commission\\\/#primaryimage\"},\"thumbnailUrl\":\"https:\\\/\\\/www.livemag.it\\\/wp-content\\\/uploads\\\/2025\\\/06\\\/IMG_6753-1.jpeg\",\"datePublished\":\"2025-06-21T15:25:56+00:00\",\"dateModified\":\"2025-06-21T15:29:48+00:00\",\"breadcrumb\":{\"@id\":\"https:\\\/\\\/www.livemag.it\\\/index.php\\\/2025\\\/06\\\/21\\\/il-cinema-e-laudiovisivo-per-la-nuova-fondazione-roma-lazio-film-commission\\\/#breadcrumb\"},\"inLanguage\":\"it-IT\",\"potentialAction\":[{\"@type\":\"ReadAction\",\"target\":[\"https:\\\/\\\/www.livemag.it\\\/index.php\\\/2025\\\/06\\\/21\\\/il-cinema-e-laudiovisivo-per-la-nuova-fondazione-roma-lazio-film-commission\\\/\"]}]},{\"@type\":\"ImageObject\",\"inLanguage\":\"it-IT\",\"@id\":\"https:\\\/\\\/www.livemag.it\\\/index.php\\\/2025\\\/06\\\/21\\\/il-cinema-e-laudiovisivo-per-la-nuova-fondazione-roma-lazio-film-commission\\\/#primaryimage\",\"url\":\"https:\\\/\\\/www.livemag.it\\\/wp-content\\\/uploads\\\/2025\\\/06\\\/IMG_6753-1.jpeg\",\"contentUrl\":\"https:\\\/\\\/www.livemag.it\\\/wp-content\\\/uploads\\\/2025\\\/06\\\/IMG_6753-1.jpeg\",\"width\":1008,\"height\":624},{\"@type\":\"BreadcrumbList\",\"@id\":\"https:\\\/\\\/www.livemag.it\\\/index.php\\\/2025\\\/06\\\/21\\\/il-cinema-e-laudiovisivo-per-la-nuova-fondazione-roma-lazio-film-commission\\\/#breadcrumb\",\"itemListElement\":[{\"@type\":\"ListItem\",\"position\":1,\"name\":\"Home\",\"item\":\"https:\\\/\\\/www.livemag.it\\\/\"},{\"@type\":\"ListItem\",\"position\":2,\"name\":\"Il cinema e l\u2019audiovisivo per la nuova Fondazione Roma Lazio Film Commission\"}]},{\"@type\":\"WebSite\",\"@id\":\"https:\\\/\\\/www.livemag.it\\\/#website\",\"url\":\"https:\\\/\\\/www.livemag.it\\\/\",\"name\":\"Live Magazine\",\"description\":\"Varie ed eventi\",\"publisher\":{\"@id\":\"https:\\\/\\\/www.livemag.it\\\/#organization\"},\"potentialAction\":[{\"@type\":\"SearchAction\",\"target\":{\"@type\":\"EntryPoint\",\"urlTemplate\":\"https:\\\/\\\/www.livemag.it\\\/?s={search_term_string}\"},\"query-input\":{\"@type\":\"PropertyValueSpecification\",\"valueRequired\":true,\"valueName\":\"search_term_string\"}}],\"inLanguage\":\"it-IT\"},{\"@type\":\"Organization\",\"@id\":\"https:\\\/\\\/www.livemag.it\\\/#organization\",\"name\":\"LiveMag\",\"alternateName\":\"LiveMag News ed eventi\",\"url\":\"https:\\\/\\\/www.livemag.it\\\/\",\"logo\":{\"@type\":\"ImageObject\",\"inLanguage\":\"it-IT\",\"@id\":\"https:\\\/\\\/www.livemag.it\\\/#\\\/schema\\\/logo\\\/image\\\/\",\"url\":\"https:\\\/\\\/www.livemag.it\\\/wp-content\\\/uploads\\\/2024\\\/02\\\/immagine-sito.jpg\",\"contentUrl\":\"https:\\\/\\\/www.livemag.it\\\/wp-content\\\/uploads\\\/2024\\\/02\\\/immagine-sito.jpg\",\"width\":696,\"height\":696,\"caption\":\"LiveMag\"},\"image\":{\"@id\":\"https:\\\/\\\/www.livemag.it\\\/#\\\/schema\\\/logo\\\/image\\\/\"},\"sameAs\":[\"https:\\\/\\\/www.facebook.com\\\/LiveMag\\\/\",\"https:\\\/\\\/x.com\\\/LiveNotizie\",\"https:\\\/\\\/www.instagram.com\\\/livemag\\\/\"]},{\"@type\":\"Person\",\"@id\":\"https:\\\/\\\/www.livemag.it\\\/#\\\/schema\\\/person\\\/64e4d99deedbca0ff0431c5475ed3d7c\",\"name\":\"Tommaso Martinelli\",\"image\":{\"@type\":\"ImageObject\",\"inLanguage\":\"it-IT\",\"@id\":\"https:\\\/\\\/secure.gravatar.com\\\/avatar\\\/3a50ee1f7a8c55711405ad56929346424a6313702660992000bae98f19cfc216?s=96&r=g\",\"url\":\"https:\\\/\\\/secure.gravatar.com\\\/avatar\\\/3a50ee1f7a8c55711405ad56929346424a6313702660992000bae98f19cfc216?s=96&r=g\",\"contentUrl\":\"https:\\\/\\\/secure.gravatar.com\\\/avatar\\\/3a50ee1f7a8c55711405ad56929346424a6313702660992000bae98f19cfc216?s=96&r=g\",\"caption\":\"Tommaso Martinelli\"},\"description\":\"giornalista, press office\",\"url\":\"https:\\\/\\\/www.livemag.it\\\/index.php\\\/author\\\/tommaso-martinelli\\\/\"}]}<\/script>\n<!-- \/ Yoast SEO plugin. -->","yoast_head_json":{"title":"Il cinema e l\u2019audiovisivo per la nuova Fondazione Roma Lazio Film Commission - Live Magazine","robots":{"index":"index","follow":"follow","max-snippet":"max-snippet:-1","max-image-preview":"max-image-preview:large","max-video-preview":"max-video-preview:-1"},"canonical":"https:\/\/www.livemag.it\/index.php\/2025\/06\/21\/il-cinema-e-laudiovisivo-per-la-nuova-fondazione-roma-lazio-film-commission\/","og_locale":"it_IT","og_type":"article","og_title":"Il cinema e l\u2019audiovisivo per la nuova Fondazione Roma Lazio Film Commission - Live Magazine","og_description":"Inaugurata a Roma la nuova Fondazione Film Commission di Roma e del Lazio, un percorso di profonda riforma strutturale con l\u2019obiettivo di diventare il polo del cinema e dell\u2019audiovisivo di Roma e del Lazio, punto di riferimento per tutto il settore. Numerose personalit\u00e0 presenti alla serata, in rappresentanza delle Istituzioni, del mondo della cultura, del [&hellip;]","og_url":"https:\/\/www.livemag.it\/index.php\/2025\/06\/21\/il-cinema-e-laudiovisivo-per-la-nuova-fondazione-roma-lazio-film-commission\/","og_site_name":"Live Magazine","article_publisher":"https:\/\/www.facebook.com\/LiveMag\/","article_published_time":"2025-06-21T15:25:56+00:00","article_modified_time":"2025-06-21T15:29:48+00:00","og_image":[{"width":1008,"height":624,"url":"https:\/\/www.livemag.it\/wp-content\/uploads\/2025\/06\/IMG_6753-1.jpeg","type":"image\/jpeg"}],"author":"Tommaso Martinelli","twitter_card":"summary_large_image","twitter_creator":"@LiveNotizie","twitter_site":"@LiveNotizie","twitter_misc":{"Scritto da":"Tommaso Martinelli","Tempo di lettura stimato":"5 minuti"},"schema":{"@context":"https:\/\/schema.org","@graph":[{"@type":"Article","@id":"https:\/\/www.livemag.it\/index.php\/2025\/06\/21\/il-cinema-e-laudiovisivo-per-la-nuova-fondazione-roma-lazio-film-commission\/#article","isPartOf":{"@id":"https:\/\/www.livemag.it\/index.php\/2025\/06\/21\/il-cinema-e-laudiovisivo-per-la-nuova-fondazione-roma-lazio-film-commission\/"},"author":{"name":"Tommaso Martinelli","@id":"https:\/\/www.livemag.it\/#\/schema\/person\/64e4d99deedbca0ff0431c5475ed3d7c"},"headline":"Il cinema e l\u2019audiovisivo per la nuova Fondazione Roma Lazio Film Commission","datePublished":"2025-06-21T15:25:56+00:00","dateModified":"2025-06-21T15:29:48+00:00","mainEntityOfPage":{"@id":"https:\/\/www.livemag.it\/index.php\/2025\/06\/21\/il-cinema-e-laudiovisivo-per-la-nuova-fondazione-roma-lazio-film-commission\/"},"wordCount":892,"commentCount":0,"publisher":{"@id":"https:\/\/www.livemag.it\/#organization"},"image":{"@id":"https:\/\/www.livemag.it\/index.php\/2025\/06\/21\/il-cinema-e-laudiovisivo-per-la-nuova-fondazione-roma-lazio-film-commission\/#primaryimage"},"thumbnailUrl":"https:\/\/www.livemag.it\/wp-content\/uploads\/2025\/06\/IMG_6753-1.jpeg","articleSection":["Cultura Eventi"],"inLanguage":"it-IT","potentialAction":[{"@type":"CommentAction","name":"Comment","target":["https:\/\/www.livemag.it\/index.php\/2025\/06\/21\/il-cinema-e-laudiovisivo-per-la-nuova-fondazione-roma-lazio-film-commission\/#respond"]}]},{"@type":"WebPage","@id":"https:\/\/www.livemag.it\/index.php\/2025\/06\/21\/il-cinema-e-laudiovisivo-per-la-nuova-fondazione-roma-lazio-film-commission\/","url":"https:\/\/www.livemag.it\/index.php\/2025\/06\/21\/il-cinema-e-laudiovisivo-per-la-nuova-fondazione-roma-lazio-film-commission\/","name":"Il cinema e l\u2019audiovisivo per la nuova Fondazione Roma Lazio Film Commission - Live Magazine","isPartOf":{"@id":"https:\/\/www.livemag.it\/#website"},"primaryImageOfPage":{"@id":"https:\/\/www.livemag.it\/index.php\/2025\/06\/21\/il-cinema-e-laudiovisivo-per-la-nuova-fondazione-roma-lazio-film-commission\/#primaryimage"},"image":{"@id":"https:\/\/www.livemag.it\/index.php\/2025\/06\/21\/il-cinema-e-laudiovisivo-per-la-nuova-fondazione-roma-lazio-film-commission\/#primaryimage"},"thumbnailUrl":"https:\/\/www.livemag.it\/wp-content\/uploads\/2025\/06\/IMG_6753-1.jpeg","datePublished":"2025-06-21T15:25:56+00:00","dateModified":"2025-06-21T15:29:48+00:00","breadcrumb":{"@id":"https:\/\/www.livemag.it\/index.php\/2025\/06\/21\/il-cinema-e-laudiovisivo-per-la-nuova-fondazione-roma-lazio-film-commission\/#breadcrumb"},"inLanguage":"it-IT","potentialAction":[{"@type":"ReadAction","target":["https:\/\/www.livemag.it\/index.php\/2025\/06\/21\/il-cinema-e-laudiovisivo-per-la-nuova-fondazione-roma-lazio-film-commission\/"]}]},{"@type":"ImageObject","inLanguage":"it-IT","@id":"https:\/\/www.livemag.it\/index.php\/2025\/06\/21\/il-cinema-e-laudiovisivo-per-la-nuova-fondazione-roma-lazio-film-commission\/#primaryimage","url":"https:\/\/www.livemag.it\/wp-content\/uploads\/2025\/06\/IMG_6753-1.jpeg","contentUrl":"https:\/\/www.livemag.it\/wp-content\/uploads\/2025\/06\/IMG_6753-1.jpeg","width":1008,"height":624},{"@type":"BreadcrumbList","@id":"https:\/\/www.livemag.it\/index.php\/2025\/06\/21\/il-cinema-e-laudiovisivo-per-la-nuova-fondazione-roma-lazio-film-commission\/#breadcrumb","itemListElement":[{"@type":"ListItem","position":1,"name":"Home","item":"https:\/\/www.livemag.it\/"},{"@type":"ListItem","position":2,"name":"Il cinema e l\u2019audiovisivo per la nuova Fondazione Roma Lazio Film Commission"}]},{"@type":"WebSite","@id":"https:\/\/www.livemag.it\/#website","url":"https:\/\/www.livemag.it\/","name":"Live Magazine","description":"Varie ed eventi","publisher":{"@id":"https:\/\/www.livemag.it\/#organization"},"potentialAction":[{"@type":"SearchAction","target":{"@type":"EntryPoint","urlTemplate":"https:\/\/www.livemag.it\/?s={search_term_string}"},"query-input":{"@type":"PropertyValueSpecification","valueRequired":true,"valueName":"search_term_string"}}],"inLanguage":"it-IT"},{"@type":"Organization","@id":"https:\/\/www.livemag.it\/#organization","name":"LiveMag","alternateName":"LiveMag News ed eventi","url":"https:\/\/www.livemag.it\/","logo":{"@type":"ImageObject","inLanguage":"it-IT","@id":"https:\/\/www.livemag.it\/#\/schema\/logo\/image\/","url":"https:\/\/www.livemag.it\/wp-content\/uploads\/2024\/02\/immagine-sito.jpg","contentUrl":"https:\/\/www.livemag.it\/wp-content\/uploads\/2024\/02\/immagine-sito.jpg","width":696,"height":696,"caption":"LiveMag"},"image":{"@id":"https:\/\/www.livemag.it\/#\/schema\/logo\/image\/"},"sameAs":["https:\/\/www.facebook.com\/LiveMag\/","https:\/\/x.com\/LiveNotizie","https:\/\/www.instagram.com\/livemag\/"]},{"@type":"Person","@id":"https:\/\/www.livemag.it\/#\/schema\/person\/64e4d99deedbca0ff0431c5475ed3d7c","name":"Tommaso Martinelli","image":{"@type":"ImageObject","inLanguage":"it-IT","@id":"https:\/\/secure.gravatar.com\/avatar\/3a50ee1f7a8c55711405ad56929346424a6313702660992000bae98f19cfc216?s=96&r=g","url":"https:\/\/secure.gravatar.com\/avatar\/3a50ee1f7a8c55711405ad56929346424a6313702660992000bae98f19cfc216?s=96&r=g","contentUrl":"https:\/\/secure.gravatar.com\/avatar\/3a50ee1f7a8c55711405ad56929346424a6313702660992000bae98f19cfc216?s=96&r=g","caption":"Tommaso Martinelli"},"description":"giornalista, press office","url":"https:\/\/www.livemag.it\/index.php\/author\/tommaso-martinelli\/"}]}},"jetpack_featured_media_url":"https:\/\/www.livemag.it\/wp-content\/uploads\/2025\/06\/IMG_6753-1.jpeg","_links":{"self":[{"href":"https:\/\/www.livemag.it\/index.php\/wp-json\/wp\/v2\/posts\/53633","targetHints":{"allow":["GET"]}}],"collection":[{"href":"https:\/\/www.livemag.it\/index.php\/wp-json\/wp\/v2\/posts"}],"about":[{"href":"https:\/\/www.livemag.it\/index.php\/wp-json\/wp\/v2\/types\/post"}],"author":[{"embeddable":true,"href":"https:\/\/www.livemag.it\/index.php\/wp-json\/wp\/v2\/users\/19"}],"replies":[{"embeddable":true,"href":"https:\/\/www.livemag.it\/index.php\/wp-json\/wp\/v2\/comments?post=53633"}],"version-history":[{"count":1,"href":"https:\/\/www.livemag.it\/index.php\/wp-json\/wp\/v2\/posts\/53633\/revisions"}],"predecessor-version":[{"id":53635,"href":"https:\/\/www.livemag.it\/index.php\/wp-json\/wp\/v2\/posts\/53633\/revisions\/53635"}],"wp:featuredmedia":[{"embeddable":true,"href":"https:\/\/www.livemag.it\/index.php\/wp-json\/wp\/v2\/media\/53636"}],"wp:attachment":[{"href":"https:\/\/www.livemag.it\/index.php\/wp-json\/wp\/v2\/media?parent=53633"}],"wp:term":[{"taxonomy":"category","embeddable":true,"href":"https:\/\/www.livemag.it\/index.php\/wp-json\/wp\/v2\/categories?post=53633"},{"taxonomy":"post_tag","embeddable":true,"href":"https:\/\/www.livemag.it\/index.php\/wp-json\/wp\/v2\/tags?post=53633"}],"curies":[{"name":"wp","href":"https:\/\/api.w.org\/{rel}","templated":true}]}}