{"id":53276,"date":"2025-06-16T18:02:52","date_gmt":"2025-06-16T16:02:52","guid":{"rendered":"https:\/\/www.livemag.it\/index.php\/2025\/06\/16\/salute-meloni-per-governo-fondamentale-investire-su-prevenzione\/"},"modified":"2025-06-16T18:02:52","modified_gmt":"2025-06-16T16:02:52","slug":"salute-meloni-per-governo-fondamentale-investire-su-prevenzione","status":"publish","type":"post","link":"https:\/\/www.livemag.it\/index.php\/2025\/06\/16\/salute-meloni-per-governo-fondamentale-investire-su-prevenzione\/","title":{"rendered":"Salute, Meloni \u201cPer Governo fondamentale investire su prevenzione\u201d"},"content":{"rendered":"<div>\n<p>ROMA (ITALPRESS) \u2013 <em>\u201cQuesto Governo considera fondamentale investire nelle politiche di prevenzione. E\u2019 la ragione per quale stiamo lavorando, fin dal nostro insediamento, per consolidare un cambio di paradigma, promuovere con sempre maggiore determinazione l\u2019adozione di stili di vita sani e la partecipazione ai programmi di screening, che come sapete sono uno strumento decisivo per migliorare lo stato di salute, per evitare l\u2019insorgenza di malattie, per intervenire con tempestivit\u00e0 dove \u00e8 necessario. Il nostro obiettivo \u00e8 quello di passare da un sistema sanitario reattivo, che interviene, cio\u00e8, solo dopo l\u2019insorgere della malattia, a un modello proattivo, capace cio\u00e8 di anticipare e contenere i rischi prima che diventino emergenze. Ecco perch\u00e8 siamo convinti che i programmi di screening debbano essere sempre pi\u00f9 diffusi e radicati su tutto il territorio nazionale\u201d.<\/em><\/p>\n<p>Cos\u00ec la premier <strong>Giorgia<\/strong> <strong>Meloni<\/strong>, in un videomessaggio agli Stati Generali della Prevenzione in corso a Napoli. <em>\u201cLa scelta del ministero della Salute di organizzare gli Stati Generali a Napoli non \u00e8 casuale, ma rientra nella strategia pi\u00f9 ampia che il Governo sta portando avanti per colmare i divari che esistono tra i territori e rendere il sistema sanitario nazionale pi\u00f9 moderno ed efficiente, garantendo ai cittadini risposte sempre pi\u00f9 adeguate e tempestive, su tutto il territorio nazionale e nello stesso modo. E rientrano in questa strategia le tante azioni che il Governo ha messo in campo in questi due anni e mezzo\u201d<\/em>, ha aggiunto.<\/p>\n<p>-Foto Palazzo Chigi-<\/p>\n<p>(ITALPRESS)<\/p>\n<\/div>\n","protected":false},"excerpt":{"rendered":"<p>ROMA (ITALPRESS) \u2013 \u201cQuesto Governo considera fondamentale investire nelle politiche di prevenzione. E\u2019 la ragione per quale stiamo lavorando, fin dal nostro insediamento, per consolidare un cambio di paradigma, promuovere con sempre maggiore determinazione l\u2019adozione di stili di vita sani e la partecipazione ai programmi di screening, che come sapete sono uno strumento decisivo per [&hellip;]<\/p>\n","protected":false},"author":16,"featured_media":53277,"comment_status":"closed","ping_status":"closed","sticky":false,"template":"","format":"standard","meta":{"jnews-multi-image_gallery":[],"jnews_single_post":[],"jnews_primary_category":[],"jnews_social_meta":[],"jnews_override_counter":[],"jnews_post_split":[],"footnotes":""},"categories":[1129],"tags":[],"class_list":["post-53276","post","type-post","status-publish","format-standard","has-post-thumbnail","hentry","category-mondo"],"yoast_head":"<!-- This site is optimized with the Yoast SEO plugin v27.4 - https:\/\/yoast.com\/product\/yoast-seo-wordpress\/ -->\n<title>Salute, Meloni \u201cPer Governo fondamentale investire su prevenzione\u201d - Live Magazine<\/title>\n<meta name=\"robots\" content=\"index, follow, max-snippet:-1, max-image-preview:large, max-video-preview:-1\" \/>\n<link rel=\"canonical\" href=\"https:\/\/www.livemag.it\/index.php\/2025\/06\/16\/salute-meloni-per-governo-fondamentale-investire-su-prevenzione\/\" \/>\n<meta property=\"og:locale\" content=\"it_IT\" \/>\n<meta property=\"og:type\" content=\"article\" \/>\n<meta property=\"og:title\" content=\"Salute, Meloni \u201cPer Governo fondamentale investire su prevenzione\u201d - Live Magazine\" \/>\n<meta property=\"og:description\" content=\"ROMA (ITALPRESS) \u2013 \u201cQuesto Governo considera fondamentale investire nelle politiche di prevenzione. E\u2019 la ragione per quale stiamo lavorando, fin dal nostro insediamento, per consolidare un cambio di paradigma, promuovere con sempre maggiore determinazione l\u2019adozione di stili di vita sani e la partecipazione ai programmi di screening, che come sapete sono uno strumento decisivo per [&hellip;]\" \/>\n<meta property=\"og:url\" content=\"https:\/\/www.livemag.it\/index.php\/2025\/06\/16\/salute-meloni-per-governo-fondamentale-investire-su-prevenzione\/\" \/>\n<meta property=\"og:site_name\" content=\"Live Magazine\" \/>\n<meta property=\"article:publisher\" content=\"https:\/\/www.facebook.com\/LiveMag\/\" \/>\n<meta property=\"article:published_time\" content=\"2025-06-16T16:02:52+00:00\" \/>\n<meta property=\"og:image\" content=\"https:\/\/www.livemag.it\/wp-content\/uploads\/2024\/02\/ograph.jpg\" \/>\n\t<meta property=\"og:image:width\" content=\"1200\" \/>\n\t<meta property=\"og:image:height\" content=\"675\" \/>\n\t<meta property=\"og:image:type\" content=\"image\/jpeg\" \/>\n<meta name=\"author\" content=\"italpress\" \/>\n<meta name=\"twitter:card\" content=\"summary_large_image\" \/>\n<meta name=\"twitter:creator\" content=\"@LiveNotizie\" \/>\n<meta name=\"twitter:site\" content=\"@LiveNotizie\" \/>\n<meta name=\"twitter:label1\" content=\"Scritto da\" \/>\n\t<meta name=\"twitter:data1\" content=\"italpress\" \/>\n\t<meta name=\"twitter:label2\" content=\"Tempo di lettura stimato\" \/>\n\t<meta name=\"twitter:data2\" content=\"1 minuto\" \/>\n<script type=\"application\/ld+json\" class=\"yoast-schema-graph\">{\"@context\":\"https:\\\/\\\/schema.org\",\"@graph\":[{\"@type\":\"Article\",\"@id\":\"https:\\\/\\\/www.livemag.it\\\/index.php\\\/2025\\\/06\\\/16\\\/salute-meloni-per-governo-fondamentale-investire-su-prevenzione\\\/#article\",\"isPartOf\":{\"@id\":\"https:\\\/\\\/www.livemag.it\\\/index.php\\\/2025\\\/06\\\/16\\\/salute-meloni-per-governo-fondamentale-investire-su-prevenzione\\\/\"},\"author\":{\"name\":\"italpress\",\"@id\":\"https:\\\/\\\/www.livemag.it\\\/#\\\/schema\\\/person\\\/b62c5f44451fdcdaeb0afe6c2424e73c\"},\"headline\":\"Salute, Meloni \u201cPer Governo fondamentale investire su prevenzione\u201d\",\"datePublished\":\"2025-06-16T16:02:52+00:00\",\"mainEntityOfPage\":{\"@id\":\"https:\\\/\\\/www.livemag.it\\\/index.php\\\/2025\\\/06\\\/16\\\/salute-meloni-per-governo-fondamentale-investire-su-prevenzione\\\/\"},\"wordCount\":245,\"publisher\":{\"@id\":\"https:\\\/\\\/www.livemag.it\\\/#organization\"},\"image\":{\"@id\":\"https:\\\/\\\/www.livemag.it\\\/index.php\\\/2025\\\/06\\\/16\\\/salute-meloni-per-governo-fondamentale-investire-su-prevenzione\\\/#primaryimage\"},\"thumbnailUrl\":\"https:\\\/\\\/www.livemag.it\\\/wp-content\\\/uploads\\\/2025\\\/06\\\/20250616_0786.jpg\",\"articleSection\":[\"Mondo\"],\"inLanguage\":\"it-IT\"},{\"@type\":\"WebPage\",\"@id\":\"https:\\\/\\\/www.livemag.it\\\/index.php\\\/2025\\\/06\\\/16\\\/salute-meloni-per-governo-fondamentale-investire-su-prevenzione\\\/\",\"url\":\"https:\\\/\\\/www.livemag.it\\\/index.php\\\/2025\\\/06\\\/16\\\/salute-meloni-per-governo-fondamentale-investire-su-prevenzione\\\/\",\"name\":\"Salute, Meloni \u201cPer Governo fondamentale investire su prevenzione\u201d - Live Magazine\",\"isPartOf\":{\"@id\":\"https:\\\/\\\/www.livemag.it\\\/#website\"},\"primaryImageOfPage\":{\"@id\":\"https:\\\/\\\/www.livemag.it\\\/index.php\\\/2025\\\/06\\\/16\\\/salute-meloni-per-governo-fondamentale-investire-su-prevenzione\\\/#primaryimage\"},\"image\":{\"@id\":\"https:\\\/\\\/www.livemag.it\\\/index.php\\\/2025\\\/06\\\/16\\\/salute-meloni-per-governo-fondamentale-investire-su-prevenzione\\\/#primaryimage\"},\"thumbnailUrl\":\"https:\\\/\\\/www.livemag.it\\\/wp-content\\\/uploads\\\/2025\\\/06\\\/20250616_0786.jpg\",\"datePublished\":\"2025-06-16T16:02:52+00:00\",\"breadcrumb\":{\"@id\":\"https:\\\/\\\/www.livemag.it\\\/index.php\\\/2025\\\/06\\\/16\\\/salute-meloni-per-governo-fondamentale-investire-su-prevenzione\\\/#breadcrumb\"},\"inLanguage\":\"it-IT\",\"potentialAction\":[{\"@type\":\"ReadAction\",\"target\":[\"https:\\\/\\\/www.livemag.it\\\/index.php\\\/2025\\\/06\\\/16\\\/salute-meloni-per-governo-fondamentale-investire-su-prevenzione\\\/\"]}]},{\"@type\":\"ImageObject\",\"inLanguage\":\"it-IT\",\"@id\":\"https:\\\/\\\/www.livemag.it\\\/index.php\\\/2025\\\/06\\\/16\\\/salute-meloni-per-governo-fondamentale-investire-su-prevenzione\\\/#primaryimage\",\"url\":\"https:\\\/\\\/www.livemag.it\\\/wp-content\\\/uploads\\\/2025\\\/06\\\/20250616_0786.jpg\",\"contentUrl\":\"https:\\\/\\\/www.livemag.it\\\/wp-content\\\/uploads\\\/2025\\\/06\\\/20250616_0786.jpg\",\"width\":870,\"height\":551},{\"@type\":\"BreadcrumbList\",\"@id\":\"https:\\\/\\\/www.livemag.it\\\/index.php\\\/2025\\\/06\\\/16\\\/salute-meloni-per-governo-fondamentale-investire-su-prevenzione\\\/#breadcrumb\",\"itemListElement\":[{\"@type\":\"ListItem\",\"position\":1,\"name\":\"Home\",\"item\":\"https:\\\/\\\/www.livemag.it\\\/\"},{\"@type\":\"ListItem\",\"position\":2,\"name\":\"Salute, Meloni \u201cPer Governo fondamentale investire su prevenzione\u201d\"}]},{\"@type\":\"WebSite\",\"@id\":\"https:\\\/\\\/www.livemag.it\\\/#website\",\"url\":\"https:\\\/\\\/www.livemag.it\\\/\",\"name\":\"Live Magazine\",\"description\":\"Varie ed eventi\",\"publisher\":{\"@id\":\"https:\\\/\\\/www.livemag.it\\\/#organization\"},\"potentialAction\":[{\"@type\":\"SearchAction\",\"target\":{\"@type\":\"EntryPoint\",\"urlTemplate\":\"https:\\\/\\\/www.livemag.it\\\/?s={search_term_string}\"},\"query-input\":{\"@type\":\"PropertyValueSpecification\",\"valueRequired\":true,\"valueName\":\"search_term_string\"}}],\"inLanguage\":\"it-IT\"},{\"@type\":\"Organization\",\"@id\":\"https:\\\/\\\/www.livemag.it\\\/#organization\",\"name\":\"LiveMag\",\"alternateName\":\"LiveMag News ed eventi\",\"url\":\"https:\\\/\\\/www.livemag.it\\\/\",\"logo\":{\"@type\":\"ImageObject\",\"inLanguage\":\"it-IT\",\"@id\":\"https:\\\/\\\/www.livemag.it\\\/#\\\/schema\\\/logo\\\/image\\\/\",\"url\":\"https:\\\/\\\/www.livemag.it\\\/wp-content\\\/uploads\\\/2024\\\/02\\\/immagine-sito.jpg\",\"contentUrl\":\"https:\\\/\\\/www.livemag.it\\\/wp-content\\\/uploads\\\/2024\\\/02\\\/immagine-sito.jpg\",\"width\":696,\"height\":696,\"caption\":\"LiveMag\"},\"image\":{\"@id\":\"https:\\\/\\\/www.livemag.it\\\/#\\\/schema\\\/logo\\\/image\\\/\"},\"sameAs\":[\"https:\\\/\\\/www.facebook.com\\\/LiveMag\\\/\",\"https:\\\/\\\/x.com\\\/LiveNotizie\",\"https:\\\/\\\/www.instagram.com\\\/livemag\\\/\"]},{\"@type\":\"Person\",\"@id\":\"https:\\\/\\\/www.livemag.it\\\/#\\\/schema\\\/person\\\/b62c5f44451fdcdaeb0afe6c2424e73c\",\"name\":\"italpress\",\"image\":{\"@type\":\"ImageObject\",\"inLanguage\":\"it-IT\",\"@id\":\"https:\\\/\\\/secure.gravatar.com\\\/avatar\\\/b6a21695fc713ce7ee312cf57c97e2e641feb365be72d8745574d3c3e2b59066?s=96&r=g\",\"url\":\"https:\\\/\\\/secure.gravatar.com\\\/avatar\\\/b6a21695fc713ce7ee312cf57c97e2e641feb365be72d8745574d3c3e2b59066?s=96&r=g\",\"contentUrl\":\"https:\\\/\\\/secure.gravatar.com\\\/avatar\\\/b6a21695fc713ce7ee312cf57c97e2e641feb365be72d8745574d3c3e2b59066?s=96&r=g\",\"caption\":\"italpress\"},\"description\":\"Italpress \u00e8 un'agenzia di stampa italiana a carattere nazionale.\",\"url\":\"https:\\\/\\\/www.livemag.it\\\/index.php\\\/author\\\/italpress\\\/\"}]}<\/script>\n<!-- \/ Yoast SEO plugin. -->","yoast_head_json":{"title":"Salute, Meloni \u201cPer Governo fondamentale investire su prevenzione\u201d - Live Magazine","robots":{"index":"index","follow":"follow","max-snippet":"max-snippet:-1","max-image-preview":"max-image-preview:large","max-video-preview":"max-video-preview:-1"},"canonical":"https:\/\/www.livemag.it\/index.php\/2025\/06\/16\/salute-meloni-per-governo-fondamentale-investire-su-prevenzione\/","og_locale":"it_IT","og_type":"article","og_title":"Salute, Meloni \u201cPer Governo fondamentale investire su prevenzione\u201d - Live Magazine","og_description":"ROMA (ITALPRESS) \u2013 \u201cQuesto Governo considera fondamentale investire nelle politiche di prevenzione. E\u2019 la ragione per quale stiamo lavorando, fin dal nostro insediamento, per consolidare un cambio di paradigma, promuovere con sempre maggiore determinazione l\u2019adozione di stili di vita sani e la partecipazione ai programmi di screening, che come sapete sono uno strumento decisivo per [&hellip;]","og_url":"https:\/\/www.livemag.it\/index.php\/2025\/06\/16\/salute-meloni-per-governo-fondamentale-investire-su-prevenzione\/","og_site_name":"Live Magazine","article_publisher":"https:\/\/www.facebook.com\/LiveMag\/","article_published_time":"2025-06-16T16:02:52+00:00","og_image":[{"width":1200,"height":675,"url":"https:\/\/www.livemag.it\/wp-content\/uploads\/2024\/02\/ograph.jpg","type":"image\/jpeg"}],"author":"italpress","twitter_card":"summary_large_image","twitter_creator":"@LiveNotizie","twitter_site":"@LiveNotizie","twitter_misc":{"Scritto da":"italpress","Tempo di lettura stimato":"1 minuto"},"schema":{"@context":"https:\/\/schema.org","@graph":[{"@type":"Article","@id":"https:\/\/www.livemag.it\/index.php\/2025\/06\/16\/salute-meloni-per-governo-fondamentale-investire-su-prevenzione\/#article","isPartOf":{"@id":"https:\/\/www.livemag.it\/index.php\/2025\/06\/16\/salute-meloni-per-governo-fondamentale-investire-su-prevenzione\/"},"author":{"name":"italpress","@id":"https:\/\/www.livemag.it\/#\/schema\/person\/b62c5f44451fdcdaeb0afe6c2424e73c"},"headline":"Salute, Meloni \u201cPer Governo fondamentale investire su prevenzione\u201d","datePublished":"2025-06-16T16:02:52+00:00","mainEntityOfPage":{"@id":"https:\/\/www.livemag.it\/index.php\/2025\/06\/16\/salute-meloni-per-governo-fondamentale-investire-su-prevenzione\/"},"wordCount":245,"publisher":{"@id":"https:\/\/www.livemag.it\/#organization"},"image":{"@id":"https:\/\/www.livemag.it\/index.php\/2025\/06\/16\/salute-meloni-per-governo-fondamentale-investire-su-prevenzione\/#primaryimage"},"thumbnailUrl":"https:\/\/www.livemag.it\/wp-content\/uploads\/2025\/06\/20250616_0786.jpg","articleSection":["Mondo"],"inLanguage":"it-IT"},{"@type":"WebPage","@id":"https:\/\/www.livemag.it\/index.php\/2025\/06\/16\/salute-meloni-per-governo-fondamentale-investire-su-prevenzione\/","url":"https:\/\/www.livemag.it\/index.php\/2025\/06\/16\/salute-meloni-per-governo-fondamentale-investire-su-prevenzione\/","name":"Salute, Meloni \u201cPer Governo fondamentale investire su prevenzione\u201d - Live Magazine","isPartOf":{"@id":"https:\/\/www.livemag.it\/#website"},"primaryImageOfPage":{"@id":"https:\/\/www.livemag.it\/index.php\/2025\/06\/16\/salute-meloni-per-governo-fondamentale-investire-su-prevenzione\/#primaryimage"},"image":{"@id":"https:\/\/www.livemag.it\/index.php\/2025\/06\/16\/salute-meloni-per-governo-fondamentale-investire-su-prevenzione\/#primaryimage"},"thumbnailUrl":"https:\/\/www.livemag.it\/wp-content\/uploads\/2025\/06\/20250616_0786.jpg","datePublished":"2025-06-16T16:02:52+00:00","breadcrumb":{"@id":"https:\/\/www.livemag.it\/index.php\/2025\/06\/16\/salute-meloni-per-governo-fondamentale-investire-su-prevenzione\/#breadcrumb"},"inLanguage":"it-IT","potentialAction":[{"@type":"ReadAction","target":["https:\/\/www.livemag.it\/index.php\/2025\/06\/16\/salute-meloni-per-governo-fondamentale-investire-su-prevenzione\/"]}]},{"@type":"ImageObject","inLanguage":"it-IT","@id":"https:\/\/www.livemag.it\/index.php\/2025\/06\/16\/salute-meloni-per-governo-fondamentale-investire-su-prevenzione\/#primaryimage","url":"https:\/\/www.livemag.it\/wp-content\/uploads\/2025\/06\/20250616_0786.jpg","contentUrl":"https:\/\/www.livemag.it\/wp-content\/uploads\/2025\/06\/20250616_0786.jpg","width":870,"height":551},{"@type":"BreadcrumbList","@id":"https:\/\/www.livemag.it\/index.php\/2025\/06\/16\/salute-meloni-per-governo-fondamentale-investire-su-prevenzione\/#breadcrumb","itemListElement":[{"@type":"ListItem","position":1,"name":"Home","item":"https:\/\/www.livemag.it\/"},{"@type":"ListItem","position":2,"name":"Salute, Meloni \u201cPer Governo fondamentale investire su prevenzione\u201d"}]},{"@type":"WebSite","@id":"https:\/\/www.livemag.it\/#website","url":"https:\/\/www.livemag.it\/","name":"Live Magazine","description":"Varie ed eventi","publisher":{"@id":"https:\/\/www.livemag.it\/#organization"},"potentialAction":[{"@type":"SearchAction","target":{"@type":"EntryPoint","urlTemplate":"https:\/\/www.livemag.it\/?s={search_term_string}"},"query-input":{"@type":"PropertyValueSpecification","valueRequired":true,"valueName":"search_term_string"}}],"inLanguage":"it-IT"},{"@type":"Organization","@id":"https:\/\/www.livemag.it\/#organization","name":"LiveMag","alternateName":"LiveMag News ed eventi","url":"https:\/\/www.livemag.it\/","logo":{"@type":"ImageObject","inLanguage":"it-IT","@id":"https:\/\/www.livemag.it\/#\/schema\/logo\/image\/","url":"https:\/\/www.livemag.it\/wp-content\/uploads\/2024\/02\/immagine-sito.jpg","contentUrl":"https:\/\/www.livemag.it\/wp-content\/uploads\/2024\/02\/immagine-sito.jpg","width":696,"height":696,"caption":"LiveMag"},"image":{"@id":"https:\/\/www.livemag.it\/#\/schema\/logo\/image\/"},"sameAs":["https:\/\/www.facebook.com\/LiveMag\/","https:\/\/x.com\/LiveNotizie","https:\/\/www.instagram.com\/livemag\/"]},{"@type":"Person","@id":"https:\/\/www.livemag.it\/#\/schema\/person\/b62c5f44451fdcdaeb0afe6c2424e73c","name":"italpress","image":{"@type":"ImageObject","inLanguage":"it-IT","@id":"https:\/\/secure.gravatar.com\/avatar\/b6a21695fc713ce7ee312cf57c97e2e641feb365be72d8745574d3c3e2b59066?s=96&r=g","url":"https:\/\/secure.gravatar.com\/avatar\/b6a21695fc713ce7ee312cf57c97e2e641feb365be72d8745574d3c3e2b59066?s=96&r=g","contentUrl":"https:\/\/secure.gravatar.com\/avatar\/b6a21695fc713ce7ee312cf57c97e2e641feb365be72d8745574d3c3e2b59066?s=96&r=g","caption":"italpress"},"description":"Italpress \u00e8 un'agenzia di stampa italiana a carattere nazionale.","url":"https:\/\/www.livemag.it\/index.php\/author\/italpress\/"}]}},"jetpack_featured_media_url":"https:\/\/www.livemag.it\/wp-content\/uploads\/2025\/06\/20250616_0786.jpg","_links":{"self":[{"href":"https:\/\/www.livemag.it\/index.php\/wp-json\/wp\/v2\/posts\/53276","targetHints":{"allow":["GET"]}}],"collection":[{"href":"https:\/\/www.livemag.it\/index.php\/wp-json\/wp\/v2\/posts"}],"about":[{"href":"https:\/\/www.livemag.it\/index.php\/wp-json\/wp\/v2\/types\/post"}],"author":[{"embeddable":true,"href":"https:\/\/www.livemag.it\/index.php\/wp-json\/wp\/v2\/users\/16"}],"replies":[{"embeddable":true,"href":"https:\/\/www.livemag.it\/index.php\/wp-json\/wp\/v2\/comments?post=53276"}],"version-history":[{"count":0,"href":"https:\/\/www.livemag.it\/index.php\/wp-json\/wp\/v2\/posts\/53276\/revisions"}],"wp:featuredmedia":[{"embeddable":true,"href":"https:\/\/www.livemag.it\/index.php\/wp-json\/wp\/v2\/media\/53277"}],"wp:attachment":[{"href":"https:\/\/www.livemag.it\/index.php\/wp-json\/wp\/v2\/media?parent=53276"}],"wp:term":[{"taxonomy":"category","embeddable":true,"href":"https:\/\/www.livemag.it\/index.php\/wp-json\/wp\/v2\/categories?post=53276"},{"taxonomy":"post_tag","embeddable":true,"href":"https:\/\/www.livemag.it\/index.php\/wp-json\/wp\/v2\/tags?post=53276"}],"curies":[{"name":"wp","href":"https:\/\/api.w.org\/{rel}","templated":true}]}}