{"id":52538,"date":"2025-06-05T18:03:41","date_gmt":"2025-06-05T16:03:41","guid":{"rendered":"https:\/\/www.livemag.it\/index.php\/2025\/06\/05\/franco-carraro-candidato-alla-presidenza-del-coni\/"},"modified":"2025-06-05T18:03:41","modified_gmt":"2025-06-05T16:03:41","slug":"franco-carraro-candidato-alla-presidenza-del-coni","status":"publish","type":"post","link":"https:\/\/www.livemag.it\/index.php\/2025\/06\/05\/franco-carraro-candidato-alla-presidenza-del-coni\/","title":{"rendered":"Franco Carraro candidato alla presidenza del Coni"},"content":{"rendered":"<div>\n<p>ROMA (ITALPRESS) \u2013 Franco Carraro ha depositato la sua candidatura alla presidenza del Comitato Olimpico Nazionale Italiano. Gi\u00e0 numero uno dello sport italiano dal 1978 al 1987, membro del Comitato Olimpico Internazionale e, tra gli altri incarichi, sindaco di Roma, Carraro, presente questa mattina a Palazzo H, ha allegato anche una memoria sulla sua eleggibilit\u00e0 e diffuso il proprio programma agli 81 grandi elettori che il 26 giugno sceglieranno il nuovo presidente che prender\u00e0 il posto di Giovanni Malag\u00f2, numero 1 dello sport italiano dal febbraio 2013.<br \/>\u201cIl Consiglio Nazionale del Coni \u00e8 composto dai membri del Cio, dai rappresentanti degli atleti e dei tecnici, dai presidenti delle Federazioni nazionali e dai rappresentanti delle discipline sportive associate, degli enti di promozione sportiva e delle associazioni benemerite. Sono stati eletti da 114.038 societ\u00e0 con 14.619.314 tesserati, la pi\u00f9 numerosa organizzazione di volontariato d\u2019Italia. Le norme sul vincolo e sul lavoro sportivo, giuste sul piano etico e sociale, hanno creato oneri economici e appesantimenti burocratici alle societ\u00e0 e associazioni Sportive, in un momento drammatico nel mondo. Il Coni deve formulare al Governo e al Parlamento proposte concrete per aiutarle\u201d le considerazioni di Franco Carraro. \u201cDal dicembre 2018 \u2013 prosegue il dirigente \u2013 Governo e Parlamento hanno deciso di incentivare la pratica sportiva nella scuola e nella societ\u00e0 civile. E\u2019 quindi logico che chi ha grande esperienza accumulata in tanti anni di attivit\u00e0 e di supplenza, la metta a disposizione del Governo, delle regioni e dei comuni. Il Coni \u00e8 un ente pubblico, Sport e Salute \u00e8 una SpA di propriet\u00e0 pubblica, nella quale l\u201980% di chi lavora ha maturato la propria professionalit\u00e0 in Coni Servizi. Per obbligo istituzionale e nell\u2019interesse dello sport, debbono collaborare e fare sinergia\u201d ha proseguito Carraro che conclude cos\u00ec: \u201cLaddove fossi eletto, proporrei alla Giunta<br \/>Carlo Mornati, che ha svolto un eccellente lavoro, come segretario generale; continuerebbe a operare con tutto l\u2019attuale staff, formato da eccellenti professionisti che hanno consentito a Giovanni Malag\u00f2 di operare al meglio per tre mandati  sportivamente straordinari\u201d. <br \/>\u2013 foto Image \u2013<br \/>(ITALPRESS).<\/p>\n<\/div>\n","protected":false},"excerpt":{"rendered":"<p>ROMA (ITALPRESS) \u2013 Franco Carraro ha depositato la sua candidatura alla presidenza del Comitato Olimpico Nazionale Italiano. Gi\u00e0 numero uno dello sport italiano dal 1978 al 1987, membro del Comitato Olimpico Internazionale e, tra gli altri incarichi, sindaco di Roma, Carraro, presente questa mattina a Palazzo H, ha allegato anche una memoria sulla sua eleggibilit\u00e0 [&hellip;]<\/p>\n","protected":false},"author":16,"featured_media":52539,"comment_status":"closed","ping_status":"closed","sticky":false,"template":"","format":"standard","meta":{"jnews-multi-image_gallery":[],"jnews_single_post":[],"jnews_primary_category":[],"jnews_social_meta":[],"jnews_override_counter":[],"jnews_post_split":[],"footnotes":""},"categories":[1129],"tags":[],"class_list":["post-52538","post","type-post","status-publish","format-standard","has-post-thumbnail","hentry","category-mondo"],"yoast_head":"<!-- This site is optimized with the Yoast SEO plugin v27.5 - https:\/\/yoast.com\/product\/yoast-seo-wordpress\/ -->\n<title>Franco Carraro candidato alla presidenza del Coni - Live Magazine<\/title>\n<meta name=\"robots\" content=\"index, follow, max-snippet:-1, max-image-preview:large, max-video-preview:-1\" \/>\n<link rel=\"canonical\" href=\"https:\/\/www.livemag.it\/index.php\/2025\/06\/05\/franco-carraro-candidato-alla-presidenza-del-coni\/\" \/>\n<meta property=\"og:locale\" content=\"it_IT\" \/>\n<meta property=\"og:type\" content=\"article\" \/>\n<meta property=\"og:title\" content=\"Franco Carraro candidato alla presidenza del Coni - Live Magazine\" \/>\n<meta property=\"og:description\" content=\"ROMA (ITALPRESS) \u2013 Franco Carraro ha depositato la sua candidatura alla presidenza del Comitato Olimpico Nazionale Italiano. Gi\u00e0 numero uno dello sport italiano dal 1978 al 1987, membro del Comitato Olimpico Internazionale e, tra gli altri incarichi, sindaco di Roma, Carraro, presente questa mattina a Palazzo H, ha allegato anche una memoria sulla sua eleggibilit\u00e0 [&hellip;]\" \/>\n<meta property=\"og:url\" content=\"https:\/\/www.livemag.it\/index.php\/2025\/06\/05\/franco-carraro-candidato-alla-presidenza-del-coni\/\" \/>\n<meta property=\"og:site_name\" content=\"Live Magazine\" \/>\n<meta property=\"article:publisher\" content=\"https:\/\/www.facebook.com\/LiveMag\/\" \/>\n<meta property=\"article:published_time\" content=\"2025-06-05T16:03:41+00:00\" \/>\n<meta property=\"og:image\" content=\"https:\/\/www.livemag.it\/wp-content\/uploads\/2024\/02\/ograph.jpg\" \/>\n\t<meta property=\"og:image:width\" content=\"1200\" \/>\n\t<meta property=\"og:image:height\" content=\"675\" \/>\n\t<meta property=\"og:image:type\" content=\"image\/jpeg\" \/>\n<meta name=\"author\" content=\"italpress\" \/>\n<meta name=\"twitter:card\" content=\"summary_large_image\" \/>\n<meta name=\"twitter:creator\" content=\"@LiveNotizie\" \/>\n<meta name=\"twitter:site\" content=\"@LiveNotizie\" \/>\n<meta name=\"twitter:label1\" content=\"Scritto da\" \/>\n\t<meta name=\"twitter:data1\" content=\"italpress\" \/>\n\t<meta name=\"twitter:label2\" content=\"Tempo di lettura stimato\" \/>\n\t<meta name=\"twitter:data2\" content=\"2 minuti\" \/>\n<script type=\"application\/ld+json\" class=\"yoast-schema-graph\">{\"@context\":\"https:\\\/\\\/schema.org\",\"@graph\":[{\"@type\":\"Article\",\"@id\":\"https:\\\/\\\/www.livemag.it\\\/index.php\\\/2025\\\/06\\\/05\\\/franco-carraro-candidato-alla-presidenza-del-coni\\\/#article\",\"isPartOf\":{\"@id\":\"https:\\\/\\\/www.livemag.it\\\/index.php\\\/2025\\\/06\\\/05\\\/franco-carraro-candidato-alla-presidenza-del-coni\\\/\"},\"author\":{\"name\":\"italpress\",\"@id\":\"https:\\\/\\\/www.livemag.it\\\/#\\\/schema\\\/person\\\/b62c5f44451fdcdaeb0afe6c2424e73c\"},\"headline\":\"Franco Carraro candidato alla presidenza del Coni\",\"datePublished\":\"2025-06-05T16:03:41+00:00\",\"mainEntityOfPage\":{\"@id\":\"https:\\\/\\\/www.livemag.it\\\/index.php\\\/2025\\\/06\\\/05\\\/franco-carraro-candidato-alla-presidenza-del-coni\\\/\"},\"wordCount\":331,\"publisher\":{\"@id\":\"https:\\\/\\\/www.livemag.it\\\/#organization\"},\"image\":{\"@id\":\"https:\\\/\\\/www.livemag.it\\\/index.php\\\/2025\\\/06\\\/05\\\/franco-carraro-candidato-alla-presidenza-del-coni\\\/#primaryimage\"},\"thumbnailUrl\":\"https:\\\/\\\/www.livemag.it\\\/wp-content\\\/uploads\\\/2025\\\/06\\\/20250605_0691.jpg\",\"articleSection\":[\"Mondo\"],\"inLanguage\":\"it-IT\"},{\"@type\":\"WebPage\",\"@id\":\"https:\\\/\\\/www.livemag.it\\\/index.php\\\/2025\\\/06\\\/05\\\/franco-carraro-candidato-alla-presidenza-del-coni\\\/\",\"url\":\"https:\\\/\\\/www.livemag.it\\\/index.php\\\/2025\\\/06\\\/05\\\/franco-carraro-candidato-alla-presidenza-del-coni\\\/\",\"name\":\"Franco Carraro candidato alla presidenza del Coni - Live Magazine\",\"isPartOf\":{\"@id\":\"https:\\\/\\\/www.livemag.it\\\/#website\"},\"primaryImageOfPage\":{\"@id\":\"https:\\\/\\\/www.livemag.it\\\/index.php\\\/2025\\\/06\\\/05\\\/franco-carraro-candidato-alla-presidenza-del-coni\\\/#primaryimage\"},\"image\":{\"@id\":\"https:\\\/\\\/www.livemag.it\\\/index.php\\\/2025\\\/06\\\/05\\\/franco-carraro-candidato-alla-presidenza-del-coni\\\/#primaryimage\"},\"thumbnailUrl\":\"https:\\\/\\\/www.livemag.it\\\/wp-content\\\/uploads\\\/2025\\\/06\\\/20250605_0691.jpg\",\"datePublished\":\"2025-06-05T16:03:41+00:00\",\"breadcrumb\":{\"@id\":\"https:\\\/\\\/www.livemag.it\\\/index.php\\\/2025\\\/06\\\/05\\\/franco-carraro-candidato-alla-presidenza-del-coni\\\/#breadcrumb\"},\"inLanguage\":\"it-IT\",\"potentialAction\":[{\"@type\":\"ReadAction\",\"target\":[\"https:\\\/\\\/www.livemag.it\\\/index.php\\\/2025\\\/06\\\/05\\\/franco-carraro-candidato-alla-presidenza-del-coni\\\/\"]}]},{\"@type\":\"ImageObject\",\"inLanguage\":\"it-IT\",\"@id\":\"https:\\\/\\\/www.livemag.it\\\/index.php\\\/2025\\\/06\\\/05\\\/franco-carraro-candidato-alla-presidenza-del-coni\\\/#primaryimage\",\"url\":\"https:\\\/\\\/www.livemag.it\\\/wp-content\\\/uploads\\\/2025\\\/06\\\/20250605_0691.jpg\",\"contentUrl\":\"https:\\\/\\\/www.livemag.it\\\/wp-content\\\/uploads\\\/2025\\\/06\\\/20250605_0691.jpg\",\"width\":1200,\"height\":800},{\"@type\":\"BreadcrumbList\",\"@id\":\"https:\\\/\\\/www.livemag.it\\\/index.php\\\/2025\\\/06\\\/05\\\/franco-carraro-candidato-alla-presidenza-del-coni\\\/#breadcrumb\",\"itemListElement\":[{\"@type\":\"ListItem\",\"position\":1,\"name\":\"Home\",\"item\":\"https:\\\/\\\/www.livemag.it\\\/\"},{\"@type\":\"ListItem\",\"position\":2,\"name\":\"Franco Carraro candidato alla presidenza del Coni\"}]},{\"@type\":\"WebSite\",\"@id\":\"https:\\\/\\\/www.livemag.it\\\/#website\",\"url\":\"https:\\\/\\\/www.livemag.it\\\/\",\"name\":\"Live Magazine\",\"description\":\"Varie ed eventi\",\"publisher\":{\"@id\":\"https:\\\/\\\/www.livemag.it\\\/#organization\"},\"potentialAction\":[{\"@type\":\"SearchAction\",\"target\":{\"@type\":\"EntryPoint\",\"urlTemplate\":\"https:\\\/\\\/www.livemag.it\\\/?s={search_term_string}\"},\"query-input\":{\"@type\":\"PropertyValueSpecification\",\"valueRequired\":true,\"valueName\":\"search_term_string\"}}],\"inLanguage\":\"it-IT\"},{\"@type\":\"Organization\",\"@id\":\"https:\\\/\\\/www.livemag.it\\\/#organization\",\"name\":\"LiveMag\",\"alternateName\":\"LiveMag News ed eventi\",\"url\":\"https:\\\/\\\/www.livemag.it\\\/\",\"logo\":{\"@type\":\"ImageObject\",\"inLanguage\":\"it-IT\",\"@id\":\"https:\\\/\\\/www.livemag.it\\\/#\\\/schema\\\/logo\\\/image\\\/\",\"url\":\"https:\\\/\\\/www.livemag.it\\\/wp-content\\\/uploads\\\/2024\\\/02\\\/immagine-sito.jpg\",\"contentUrl\":\"https:\\\/\\\/www.livemag.it\\\/wp-content\\\/uploads\\\/2024\\\/02\\\/immagine-sito.jpg\",\"width\":696,\"height\":696,\"caption\":\"LiveMag\"},\"image\":{\"@id\":\"https:\\\/\\\/www.livemag.it\\\/#\\\/schema\\\/logo\\\/image\\\/\"},\"sameAs\":[\"https:\\\/\\\/www.facebook.com\\\/LiveMag\\\/\",\"https:\\\/\\\/x.com\\\/LiveNotizie\",\"https:\\\/\\\/www.instagram.com\\\/livemag\\\/\"]},{\"@type\":\"Person\",\"@id\":\"https:\\\/\\\/www.livemag.it\\\/#\\\/schema\\\/person\\\/b62c5f44451fdcdaeb0afe6c2424e73c\",\"name\":\"italpress\",\"image\":{\"@type\":\"ImageObject\",\"inLanguage\":\"it-IT\",\"@id\":\"https:\\\/\\\/secure.gravatar.com\\\/avatar\\\/b6a21695fc713ce7ee312cf57c97e2e641feb365be72d8745574d3c3e2b59066?s=96&r=g\",\"url\":\"https:\\\/\\\/secure.gravatar.com\\\/avatar\\\/b6a21695fc713ce7ee312cf57c97e2e641feb365be72d8745574d3c3e2b59066?s=96&r=g\",\"contentUrl\":\"https:\\\/\\\/secure.gravatar.com\\\/avatar\\\/b6a21695fc713ce7ee312cf57c97e2e641feb365be72d8745574d3c3e2b59066?s=96&r=g\",\"caption\":\"italpress\"},\"description\":\"Italpress \u00e8 un'agenzia di stampa italiana a carattere nazionale.\",\"url\":\"https:\\\/\\\/www.livemag.it\\\/index.php\\\/author\\\/italpress\\\/\"}]}<\/script>\n<!-- \/ Yoast SEO plugin. -->","yoast_head_json":{"title":"Franco Carraro candidato alla presidenza del Coni - Live Magazine","robots":{"index":"index","follow":"follow","max-snippet":"max-snippet:-1","max-image-preview":"max-image-preview:large","max-video-preview":"max-video-preview:-1"},"canonical":"https:\/\/www.livemag.it\/index.php\/2025\/06\/05\/franco-carraro-candidato-alla-presidenza-del-coni\/","og_locale":"it_IT","og_type":"article","og_title":"Franco Carraro candidato alla presidenza del Coni - Live Magazine","og_description":"ROMA (ITALPRESS) \u2013 Franco Carraro ha depositato la sua candidatura alla presidenza del Comitato Olimpico Nazionale Italiano. Gi\u00e0 numero uno dello sport italiano dal 1978 al 1987, membro del Comitato Olimpico Internazionale e, tra gli altri incarichi, sindaco di Roma, Carraro, presente questa mattina a Palazzo H, ha allegato anche una memoria sulla sua eleggibilit\u00e0 [&hellip;]","og_url":"https:\/\/www.livemag.it\/index.php\/2025\/06\/05\/franco-carraro-candidato-alla-presidenza-del-coni\/","og_site_name":"Live Magazine","article_publisher":"https:\/\/www.facebook.com\/LiveMag\/","article_published_time":"2025-06-05T16:03:41+00:00","og_image":[{"width":1200,"height":675,"url":"https:\/\/www.livemag.it\/wp-content\/uploads\/2024\/02\/ograph.jpg","type":"image\/jpeg"}],"author":"italpress","twitter_card":"summary_large_image","twitter_creator":"@LiveNotizie","twitter_site":"@LiveNotizie","twitter_misc":{"Scritto da":"italpress","Tempo di lettura stimato":"2 minuti"},"schema":{"@context":"https:\/\/schema.org","@graph":[{"@type":"Article","@id":"https:\/\/www.livemag.it\/index.php\/2025\/06\/05\/franco-carraro-candidato-alla-presidenza-del-coni\/#article","isPartOf":{"@id":"https:\/\/www.livemag.it\/index.php\/2025\/06\/05\/franco-carraro-candidato-alla-presidenza-del-coni\/"},"author":{"name":"italpress","@id":"https:\/\/www.livemag.it\/#\/schema\/person\/b62c5f44451fdcdaeb0afe6c2424e73c"},"headline":"Franco Carraro candidato alla presidenza del Coni","datePublished":"2025-06-05T16:03:41+00:00","mainEntityOfPage":{"@id":"https:\/\/www.livemag.it\/index.php\/2025\/06\/05\/franco-carraro-candidato-alla-presidenza-del-coni\/"},"wordCount":331,"publisher":{"@id":"https:\/\/www.livemag.it\/#organization"},"image":{"@id":"https:\/\/www.livemag.it\/index.php\/2025\/06\/05\/franco-carraro-candidato-alla-presidenza-del-coni\/#primaryimage"},"thumbnailUrl":"https:\/\/www.livemag.it\/wp-content\/uploads\/2025\/06\/20250605_0691.jpg","articleSection":["Mondo"],"inLanguage":"it-IT"},{"@type":"WebPage","@id":"https:\/\/www.livemag.it\/index.php\/2025\/06\/05\/franco-carraro-candidato-alla-presidenza-del-coni\/","url":"https:\/\/www.livemag.it\/index.php\/2025\/06\/05\/franco-carraro-candidato-alla-presidenza-del-coni\/","name":"Franco Carraro candidato alla presidenza del Coni - Live Magazine","isPartOf":{"@id":"https:\/\/www.livemag.it\/#website"},"primaryImageOfPage":{"@id":"https:\/\/www.livemag.it\/index.php\/2025\/06\/05\/franco-carraro-candidato-alla-presidenza-del-coni\/#primaryimage"},"image":{"@id":"https:\/\/www.livemag.it\/index.php\/2025\/06\/05\/franco-carraro-candidato-alla-presidenza-del-coni\/#primaryimage"},"thumbnailUrl":"https:\/\/www.livemag.it\/wp-content\/uploads\/2025\/06\/20250605_0691.jpg","datePublished":"2025-06-05T16:03:41+00:00","breadcrumb":{"@id":"https:\/\/www.livemag.it\/index.php\/2025\/06\/05\/franco-carraro-candidato-alla-presidenza-del-coni\/#breadcrumb"},"inLanguage":"it-IT","potentialAction":[{"@type":"ReadAction","target":["https:\/\/www.livemag.it\/index.php\/2025\/06\/05\/franco-carraro-candidato-alla-presidenza-del-coni\/"]}]},{"@type":"ImageObject","inLanguage":"it-IT","@id":"https:\/\/www.livemag.it\/index.php\/2025\/06\/05\/franco-carraro-candidato-alla-presidenza-del-coni\/#primaryimage","url":"https:\/\/www.livemag.it\/wp-content\/uploads\/2025\/06\/20250605_0691.jpg","contentUrl":"https:\/\/www.livemag.it\/wp-content\/uploads\/2025\/06\/20250605_0691.jpg","width":1200,"height":800},{"@type":"BreadcrumbList","@id":"https:\/\/www.livemag.it\/index.php\/2025\/06\/05\/franco-carraro-candidato-alla-presidenza-del-coni\/#breadcrumb","itemListElement":[{"@type":"ListItem","position":1,"name":"Home","item":"https:\/\/www.livemag.it\/"},{"@type":"ListItem","position":2,"name":"Franco Carraro candidato alla presidenza del Coni"}]},{"@type":"WebSite","@id":"https:\/\/www.livemag.it\/#website","url":"https:\/\/www.livemag.it\/","name":"Live Magazine","description":"Varie ed eventi","publisher":{"@id":"https:\/\/www.livemag.it\/#organization"},"potentialAction":[{"@type":"SearchAction","target":{"@type":"EntryPoint","urlTemplate":"https:\/\/www.livemag.it\/?s={search_term_string}"},"query-input":{"@type":"PropertyValueSpecification","valueRequired":true,"valueName":"search_term_string"}}],"inLanguage":"it-IT"},{"@type":"Organization","@id":"https:\/\/www.livemag.it\/#organization","name":"LiveMag","alternateName":"LiveMag News ed eventi","url":"https:\/\/www.livemag.it\/","logo":{"@type":"ImageObject","inLanguage":"it-IT","@id":"https:\/\/www.livemag.it\/#\/schema\/logo\/image\/","url":"https:\/\/www.livemag.it\/wp-content\/uploads\/2024\/02\/immagine-sito.jpg","contentUrl":"https:\/\/www.livemag.it\/wp-content\/uploads\/2024\/02\/immagine-sito.jpg","width":696,"height":696,"caption":"LiveMag"},"image":{"@id":"https:\/\/www.livemag.it\/#\/schema\/logo\/image\/"},"sameAs":["https:\/\/www.facebook.com\/LiveMag\/","https:\/\/x.com\/LiveNotizie","https:\/\/www.instagram.com\/livemag\/"]},{"@type":"Person","@id":"https:\/\/www.livemag.it\/#\/schema\/person\/b62c5f44451fdcdaeb0afe6c2424e73c","name":"italpress","image":{"@type":"ImageObject","inLanguage":"it-IT","@id":"https:\/\/secure.gravatar.com\/avatar\/b6a21695fc713ce7ee312cf57c97e2e641feb365be72d8745574d3c3e2b59066?s=96&r=g","url":"https:\/\/secure.gravatar.com\/avatar\/b6a21695fc713ce7ee312cf57c97e2e641feb365be72d8745574d3c3e2b59066?s=96&r=g","contentUrl":"https:\/\/secure.gravatar.com\/avatar\/b6a21695fc713ce7ee312cf57c97e2e641feb365be72d8745574d3c3e2b59066?s=96&r=g","caption":"italpress"},"description":"Italpress \u00e8 un'agenzia di stampa italiana a carattere nazionale.","url":"https:\/\/www.livemag.it\/index.php\/author\/italpress\/"}]}},"jetpack_featured_media_url":"https:\/\/www.livemag.it\/wp-content\/uploads\/2025\/06\/20250605_0691.jpg","_links":{"self":[{"href":"https:\/\/www.livemag.it\/index.php\/wp-json\/wp\/v2\/posts\/52538","targetHints":{"allow":["GET"]}}],"collection":[{"href":"https:\/\/www.livemag.it\/index.php\/wp-json\/wp\/v2\/posts"}],"about":[{"href":"https:\/\/www.livemag.it\/index.php\/wp-json\/wp\/v2\/types\/post"}],"author":[{"embeddable":true,"href":"https:\/\/www.livemag.it\/index.php\/wp-json\/wp\/v2\/users\/16"}],"replies":[{"embeddable":true,"href":"https:\/\/www.livemag.it\/index.php\/wp-json\/wp\/v2\/comments?post=52538"}],"version-history":[{"count":0,"href":"https:\/\/www.livemag.it\/index.php\/wp-json\/wp\/v2\/posts\/52538\/revisions"}],"wp:featuredmedia":[{"embeddable":true,"href":"https:\/\/www.livemag.it\/index.php\/wp-json\/wp\/v2\/media\/52539"}],"wp:attachment":[{"href":"https:\/\/www.livemag.it\/index.php\/wp-json\/wp\/v2\/media?parent=52538"}],"wp:term":[{"taxonomy":"category","embeddable":true,"href":"https:\/\/www.livemag.it\/index.php\/wp-json\/wp\/v2\/categories?post=52538"},{"taxonomy":"post_tag","embeddable":true,"href":"https:\/\/www.livemag.it\/index.php\/wp-json\/wp\/v2\/tags?post=52538"}],"curies":[{"name":"wp","href":"https:\/\/api.w.org\/{rel}","templated":true}]}}