{"id":51246,"date":"2025-05-19T12:02:37","date_gmt":"2025-05-19T10:02:37","guid":{"rendered":"https:\/\/www.livemag.it\/index.php\/2025\/05\/19\/mattarella-laceranti-violenze-su-donne-e-minori-serve-sostegno\/"},"modified":"2025-05-19T12:02:37","modified_gmt":"2025-05-19T10:02:37","slug":"mattarella-laceranti-violenze-su-donne-e-minori-serve-sostegno","status":"publish","type":"post","link":"https:\/\/www.livemag.it\/index.php\/2025\/05\/19\/mattarella-laceranti-violenze-su-donne-e-minori-serve-sostegno\/","title":{"rendered":"Mattarella \u201cLaceranti violenze su donne e minori, serve sostegno\u201d"},"content":{"rendered":"<div>\n<p>ROMA (ITALPRESS) \u2013 <em>\u201cLa legge di riforma del diritto di famiglia, fu un momento fondamentale di applicazione dei principi costituzionali sanciti in particolare agli articoli 29 e 30 della nostra Carta, riscrivendo parti significative del Codice civile. <\/em><em>Il legislatore operava cos\u00ec, sul terreno dell\u2019uguaglianza, una modifica radicale dei rapporti all\u2019interno della famiglia sia tra i coniugi, riconoscendo una piena parit\u00e0, sia riguardo ai figli, rimuovendo inammissibili discriminazioni tra loro. Si attuava un modello di famiglia basato sulla pari condizione tra marito e moglie e sulla libera volont\u00e0 dei coniugi nella gestione del vincolo matrimoniale. A rafforzare il rispetto della volont\u00e0 delle parti, veniva, altres\u00ec, elevata l\u2019et\u00e0 per contrarre matrimonio, si sopprimeva la \u2018potest\u00e0 maritale\u2019 sulla moglie e la esclusiva \u2018patri\u00e0 potest\u00e0 sui figli; cos\u00ec come ogni altra previsione che sanciva il predominio della volont\u00e0 del marito rispetto alla moglie e ai figli\u201d<\/em>. Cos\u00ec il <strong>presidente<\/strong> della <strong>Repubblica,<\/strong> Sergio <strong>Mattarella,<\/strong> per il 50\u00b0 anniversario dell\u2019entrata in vigore della legge 151\/75 sulla <strong>riforma del diritto di famiglia<\/strong>.<em> \u201cMisure<\/em> \u2013 osserva il capo dello Stato \u2013 <em>tutte dirette a rendere concreta ed effettiva la pari responsabilit\u00e0 tra i coniugi, intervenendo anche sui rapporti patrimoniali della famiglia. Realizzando come regime ordinario la comunione dei beni si \u00e8 valorizzato il lavoro della donna all\u2019interno della famiglia cos\u00ec come la disciplina dell\u2019impresa familiare consentiva di tutelare il lavoro prestato dalla moglie e dai figli. Anche il regime successorio veniva modificato, affermando i diritti della moglie e dei figli naturali. La riforma, approvata con un ampio consenso parlamentare, ha reso l\u2019Italia un Paese pi\u00f9 giusto e pi\u00f9 libero, riconoscendo pari dignit\u00e0 a donna e uomo e ai figli. La tutela dei diritti, naturalmente, non si esaurisce nell\u2019astrattezza delle norme di legge ma richiede consapevolezza, coscienza sociale, rigore\u201d.<\/em><\/p>\n<p><em>\u201cRimangono tuttora laceranti le violenze perpetrate sulle donne, sovente in ambito familiare, sino agli abusi che si registrano nei confronti dei minori. Ai vari livelli occorre che le istituzioni sappiano offrire sostegno ai contesti familiari e alle fragilit\u00e0 che si manifestano, promuovendo anche una cultura e comportamenti sempre pi\u00f9 rispettosi dei diritti e della dignit\u00e0 delle persone, specie dei soggetti pi\u00f9 deboli, rafforzando cos\u00ec la coesione sociale\u201d,<\/em> conclude Mattarella.<\/p>\n<p>-Foto: Quirinale-<\/p>\n<p>(ITALPRESS).<\/p>\n<\/div>\n","protected":false},"excerpt":{"rendered":"<p>ROMA (ITALPRESS) \u2013 \u201cLa legge di riforma del diritto di famiglia, fu un momento fondamentale di applicazione dei principi costituzionali sanciti in particolare agli articoli 29 e 30 della nostra Carta, riscrivendo parti significative del Codice civile. Il legislatore operava cos\u00ec, sul terreno dell\u2019uguaglianza, una modifica radicale dei rapporti all\u2019interno della famiglia sia tra i [&hellip;]<\/p>\n","protected":false},"author":16,"featured_media":51247,"comment_status":"closed","ping_status":"closed","sticky":false,"template":"","format":"standard","meta":{"jnews-multi-image_gallery":[],"jnews_single_post":[],"jnews_primary_category":[],"jnews_social_meta":[],"jnews_override_counter":[],"jnews_post_split":[],"footnotes":""},"categories":[1129],"tags":[],"class_list":["post-51246","post","type-post","status-publish","format-standard","has-post-thumbnail","hentry","category-mondo"],"yoast_head":"<!-- This site is optimized with the Yoast SEO plugin v27.5 - https:\/\/yoast.com\/product\/yoast-seo-wordpress\/ -->\n<title>Mattarella \u201cLaceranti violenze su donne e minori, serve sostegno\u201d - Live Magazine<\/title>\n<meta name=\"robots\" content=\"index, follow, max-snippet:-1, max-image-preview:large, max-video-preview:-1\" \/>\n<link rel=\"canonical\" href=\"https:\/\/www.livemag.it\/index.php\/2025\/05\/19\/mattarella-laceranti-violenze-su-donne-e-minori-serve-sostegno\/\" \/>\n<meta property=\"og:locale\" content=\"it_IT\" \/>\n<meta property=\"og:type\" content=\"article\" \/>\n<meta property=\"og:title\" content=\"Mattarella \u201cLaceranti violenze su donne e minori, serve sostegno\u201d - Live Magazine\" \/>\n<meta property=\"og:description\" content=\"ROMA (ITALPRESS) \u2013 \u201cLa legge di riforma del diritto di famiglia, fu un momento fondamentale di applicazione dei principi costituzionali sanciti in particolare agli articoli 29 e 30 della nostra Carta, riscrivendo parti significative del Codice civile. Il legislatore operava cos\u00ec, sul terreno dell\u2019uguaglianza, una modifica radicale dei rapporti all\u2019interno della famiglia sia tra i [&hellip;]\" \/>\n<meta property=\"og:url\" content=\"https:\/\/www.livemag.it\/index.php\/2025\/05\/19\/mattarella-laceranti-violenze-su-donne-e-minori-serve-sostegno\/\" \/>\n<meta property=\"og:site_name\" content=\"Live Magazine\" \/>\n<meta property=\"article:publisher\" content=\"https:\/\/www.facebook.com\/LiveMag\/\" \/>\n<meta property=\"article:published_time\" content=\"2025-05-19T10:02:37+00:00\" \/>\n<meta property=\"og:image\" content=\"https:\/\/www.livemag.it\/wp-content\/uploads\/2024\/02\/ograph.jpg\" \/>\n\t<meta property=\"og:image:width\" content=\"1200\" \/>\n\t<meta property=\"og:image:height\" content=\"675\" \/>\n\t<meta property=\"og:image:type\" content=\"image\/jpeg\" \/>\n<meta name=\"author\" content=\"italpress\" \/>\n<meta name=\"twitter:card\" content=\"summary_large_image\" \/>\n<meta name=\"twitter:creator\" content=\"@LiveNotizie\" \/>\n<meta name=\"twitter:site\" content=\"@LiveNotizie\" \/>\n<meta name=\"twitter:label1\" content=\"Scritto da\" \/>\n\t<meta name=\"twitter:data1\" content=\"italpress\" \/>\n\t<meta name=\"twitter:label2\" content=\"Tempo di lettura stimato\" \/>\n\t<meta name=\"twitter:data2\" content=\"2 minuti\" \/>\n<script type=\"application\/ld+json\" class=\"yoast-schema-graph\">{\"@context\":\"https:\\\/\\\/schema.org\",\"@graph\":[{\"@type\":\"Article\",\"@id\":\"https:\\\/\\\/www.livemag.it\\\/index.php\\\/2025\\\/05\\\/19\\\/mattarella-laceranti-violenze-su-donne-e-minori-serve-sostegno\\\/#article\",\"isPartOf\":{\"@id\":\"https:\\\/\\\/www.livemag.it\\\/index.php\\\/2025\\\/05\\\/19\\\/mattarella-laceranti-violenze-su-donne-e-minori-serve-sostegno\\\/\"},\"author\":{\"name\":\"italpress\",\"@id\":\"https:\\\/\\\/www.livemag.it\\\/#\\\/schema\\\/person\\\/b62c5f44451fdcdaeb0afe6c2424e73c\"},\"headline\":\"Mattarella \u201cLaceranti violenze su donne e minori, serve sostegno\u201d\",\"datePublished\":\"2025-05-19T10:02:37+00:00\",\"mainEntityOfPage\":{\"@id\":\"https:\\\/\\\/www.livemag.it\\\/index.php\\\/2025\\\/05\\\/19\\\/mattarella-laceranti-violenze-su-donne-e-minori-serve-sostegno\\\/\"},\"wordCount\":371,\"publisher\":{\"@id\":\"https:\\\/\\\/www.livemag.it\\\/#organization\"},\"image\":{\"@id\":\"https:\\\/\\\/www.livemag.it\\\/index.php\\\/2025\\\/05\\\/19\\\/mattarella-laceranti-violenze-su-donne-e-minori-serve-sostegno\\\/#primaryimage\"},\"thumbnailUrl\":\"https:\\\/\\\/www.livemag.it\\\/wp-content\\\/uploads\\\/2025\\\/05\\\/20250519_0142.jpg\",\"articleSection\":[\"Mondo\"],\"inLanguage\":\"it-IT\"},{\"@type\":\"WebPage\",\"@id\":\"https:\\\/\\\/www.livemag.it\\\/index.php\\\/2025\\\/05\\\/19\\\/mattarella-laceranti-violenze-su-donne-e-minori-serve-sostegno\\\/\",\"url\":\"https:\\\/\\\/www.livemag.it\\\/index.php\\\/2025\\\/05\\\/19\\\/mattarella-laceranti-violenze-su-donne-e-minori-serve-sostegno\\\/\",\"name\":\"Mattarella \u201cLaceranti violenze su donne e minori, serve sostegno\u201d - Live Magazine\",\"isPartOf\":{\"@id\":\"https:\\\/\\\/www.livemag.it\\\/#website\"},\"primaryImageOfPage\":{\"@id\":\"https:\\\/\\\/www.livemag.it\\\/index.php\\\/2025\\\/05\\\/19\\\/mattarella-laceranti-violenze-su-donne-e-minori-serve-sostegno\\\/#primaryimage\"},\"image\":{\"@id\":\"https:\\\/\\\/www.livemag.it\\\/index.php\\\/2025\\\/05\\\/19\\\/mattarella-laceranti-violenze-su-donne-e-minori-serve-sostegno\\\/#primaryimage\"},\"thumbnailUrl\":\"https:\\\/\\\/www.livemag.it\\\/wp-content\\\/uploads\\\/2025\\\/05\\\/20250519_0142.jpg\",\"datePublished\":\"2025-05-19T10:02:37+00:00\",\"breadcrumb\":{\"@id\":\"https:\\\/\\\/www.livemag.it\\\/index.php\\\/2025\\\/05\\\/19\\\/mattarella-laceranti-violenze-su-donne-e-minori-serve-sostegno\\\/#breadcrumb\"},\"inLanguage\":\"it-IT\",\"potentialAction\":[{\"@type\":\"ReadAction\",\"target\":[\"https:\\\/\\\/www.livemag.it\\\/index.php\\\/2025\\\/05\\\/19\\\/mattarella-laceranti-violenze-su-donne-e-minori-serve-sostegno\\\/\"]}]},{\"@type\":\"ImageObject\",\"inLanguage\":\"it-IT\",\"@id\":\"https:\\\/\\\/www.livemag.it\\\/index.php\\\/2025\\\/05\\\/19\\\/mattarella-laceranti-violenze-su-donne-e-minori-serve-sostegno\\\/#primaryimage\",\"url\":\"https:\\\/\\\/www.livemag.it\\\/wp-content\\\/uploads\\\/2025\\\/05\\\/20250519_0142.jpg\",\"contentUrl\":\"https:\\\/\\\/www.livemag.it\\\/wp-content\\\/uploads\\\/2025\\\/05\\\/20250519_0142.jpg\",\"width\":820,\"height\":547},{\"@type\":\"BreadcrumbList\",\"@id\":\"https:\\\/\\\/www.livemag.it\\\/index.php\\\/2025\\\/05\\\/19\\\/mattarella-laceranti-violenze-su-donne-e-minori-serve-sostegno\\\/#breadcrumb\",\"itemListElement\":[{\"@type\":\"ListItem\",\"position\":1,\"name\":\"Home\",\"item\":\"https:\\\/\\\/www.livemag.it\\\/\"},{\"@type\":\"ListItem\",\"position\":2,\"name\":\"Mattarella \u201cLaceranti violenze su donne e minori, serve sostegno\u201d\"}]},{\"@type\":\"WebSite\",\"@id\":\"https:\\\/\\\/www.livemag.it\\\/#website\",\"url\":\"https:\\\/\\\/www.livemag.it\\\/\",\"name\":\"Live Magazine\",\"description\":\"Varie ed eventi\",\"publisher\":{\"@id\":\"https:\\\/\\\/www.livemag.it\\\/#organization\"},\"potentialAction\":[{\"@type\":\"SearchAction\",\"target\":{\"@type\":\"EntryPoint\",\"urlTemplate\":\"https:\\\/\\\/www.livemag.it\\\/?s={search_term_string}\"},\"query-input\":{\"@type\":\"PropertyValueSpecification\",\"valueRequired\":true,\"valueName\":\"search_term_string\"}}],\"inLanguage\":\"it-IT\"},{\"@type\":\"Organization\",\"@id\":\"https:\\\/\\\/www.livemag.it\\\/#organization\",\"name\":\"LiveMag\",\"alternateName\":\"LiveMag News ed eventi\",\"url\":\"https:\\\/\\\/www.livemag.it\\\/\",\"logo\":{\"@type\":\"ImageObject\",\"inLanguage\":\"it-IT\",\"@id\":\"https:\\\/\\\/www.livemag.it\\\/#\\\/schema\\\/logo\\\/image\\\/\",\"url\":\"https:\\\/\\\/www.livemag.it\\\/wp-content\\\/uploads\\\/2024\\\/02\\\/immagine-sito.jpg\",\"contentUrl\":\"https:\\\/\\\/www.livemag.it\\\/wp-content\\\/uploads\\\/2024\\\/02\\\/immagine-sito.jpg\",\"width\":696,\"height\":696,\"caption\":\"LiveMag\"},\"image\":{\"@id\":\"https:\\\/\\\/www.livemag.it\\\/#\\\/schema\\\/logo\\\/image\\\/\"},\"sameAs\":[\"https:\\\/\\\/www.facebook.com\\\/LiveMag\\\/\",\"https:\\\/\\\/x.com\\\/LiveNotizie\",\"https:\\\/\\\/www.instagram.com\\\/livemag\\\/\"]},{\"@type\":\"Person\",\"@id\":\"https:\\\/\\\/www.livemag.it\\\/#\\\/schema\\\/person\\\/b62c5f44451fdcdaeb0afe6c2424e73c\",\"name\":\"italpress\",\"image\":{\"@type\":\"ImageObject\",\"inLanguage\":\"it-IT\",\"@id\":\"https:\\\/\\\/secure.gravatar.com\\\/avatar\\\/b6a21695fc713ce7ee312cf57c97e2e641feb365be72d8745574d3c3e2b59066?s=96&r=g\",\"url\":\"https:\\\/\\\/secure.gravatar.com\\\/avatar\\\/b6a21695fc713ce7ee312cf57c97e2e641feb365be72d8745574d3c3e2b59066?s=96&r=g\",\"contentUrl\":\"https:\\\/\\\/secure.gravatar.com\\\/avatar\\\/b6a21695fc713ce7ee312cf57c97e2e641feb365be72d8745574d3c3e2b59066?s=96&r=g\",\"caption\":\"italpress\"},\"description\":\"Italpress \u00e8 un'agenzia di stampa italiana a carattere nazionale.\",\"url\":\"https:\\\/\\\/www.livemag.it\\\/index.php\\\/author\\\/italpress\\\/\"}]}<\/script>\n<!-- \/ Yoast SEO plugin. -->","yoast_head_json":{"title":"Mattarella \u201cLaceranti violenze su donne e minori, serve sostegno\u201d - Live Magazine","robots":{"index":"index","follow":"follow","max-snippet":"max-snippet:-1","max-image-preview":"max-image-preview:large","max-video-preview":"max-video-preview:-1"},"canonical":"https:\/\/www.livemag.it\/index.php\/2025\/05\/19\/mattarella-laceranti-violenze-su-donne-e-minori-serve-sostegno\/","og_locale":"it_IT","og_type":"article","og_title":"Mattarella \u201cLaceranti violenze su donne e minori, serve sostegno\u201d - Live Magazine","og_description":"ROMA (ITALPRESS) \u2013 \u201cLa legge di riforma del diritto di famiglia, fu un momento fondamentale di applicazione dei principi costituzionali sanciti in particolare agli articoli 29 e 30 della nostra Carta, riscrivendo parti significative del Codice civile. Il legislatore operava cos\u00ec, sul terreno dell\u2019uguaglianza, una modifica radicale dei rapporti all\u2019interno della famiglia sia tra i [&hellip;]","og_url":"https:\/\/www.livemag.it\/index.php\/2025\/05\/19\/mattarella-laceranti-violenze-su-donne-e-minori-serve-sostegno\/","og_site_name":"Live Magazine","article_publisher":"https:\/\/www.facebook.com\/LiveMag\/","article_published_time":"2025-05-19T10:02:37+00:00","og_image":[{"width":1200,"height":675,"url":"https:\/\/www.livemag.it\/wp-content\/uploads\/2024\/02\/ograph.jpg","type":"image\/jpeg"}],"author":"italpress","twitter_card":"summary_large_image","twitter_creator":"@LiveNotizie","twitter_site":"@LiveNotizie","twitter_misc":{"Scritto da":"italpress","Tempo di lettura stimato":"2 minuti"},"schema":{"@context":"https:\/\/schema.org","@graph":[{"@type":"Article","@id":"https:\/\/www.livemag.it\/index.php\/2025\/05\/19\/mattarella-laceranti-violenze-su-donne-e-minori-serve-sostegno\/#article","isPartOf":{"@id":"https:\/\/www.livemag.it\/index.php\/2025\/05\/19\/mattarella-laceranti-violenze-su-donne-e-minori-serve-sostegno\/"},"author":{"name":"italpress","@id":"https:\/\/www.livemag.it\/#\/schema\/person\/b62c5f44451fdcdaeb0afe6c2424e73c"},"headline":"Mattarella \u201cLaceranti violenze su donne e minori, serve sostegno\u201d","datePublished":"2025-05-19T10:02:37+00:00","mainEntityOfPage":{"@id":"https:\/\/www.livemag.it\/index.php\/2025\/05\/19\/mattarella-laceranti-violenze-su-donne-e-minori-serve-sostegno\/"},"wordCount":371,"publisher":{"@id":"https:\/\/www.livemag.it\/#organization"},"image":{"@id":"https:\/\/www.livemag.it\/index.php\/2025\/05\/19\/mattarella-laceranti-violenze-su-donne-e-minori-serve-sostegno\/#primaryimage"},"thumbnailUrl":"https:\/\/www.livemag.it\/wp-content\/uploads\/2025\/05\/20250519_0142.jpg","articleSection":["Mondo"],"inLanguage":"it-IT"},{"@type":"WebPage","@id":"https:\/\/www.livemag.it\/index.php\/2025\/05\/19\/mattarella-laceranti-violenze-su-donne-e-minori-serve-sostegno\/","url":"https:\/\/www.livemag.it\/index.php\/2025\/05\/19\/mattarella-laceranti-violenze-su-donne-e-minori-serve-sostegno\/","name":"Mattarella \u201cLaceranti violenze su donne e minori, serve sostegno\u201d - Live Magazine","isPartOf":{"@id":"https:\/\/www.livemag.it\/#website"},"primaryImageOfPage":{"@id":"https:\/\/www.livemag.it\/index.php\/2025\/05\/19\/mattarella-laceranti-violenze-su-donne-e-minori-serve-sostegno\/#primaryimage"},"image":{"@id":"https:\/\/www.livemag.it\/index.php\/2025\/05\/19\/mattarella-laceranti-violenze-su-donne-e-minori-serve-sostegno\/#primaryimage"},"thumbnailUrl":"https:\/\/www.livemag.it\/wp-content\/uploads\/2025\/05\/20250519_0142.jpg","datePublished":"2025-05-19T10:02:37+00:00","breadcrumb":{"@id":"https:\/\/www.livemag.it\/index.php\/2025\/05\/19\/mattarella-laceranti-violenze-su-donne-e-minori-serve-sostegno\/#breadcrumb"},"inLanguage":"it-IT","potentialAction":[{"@type":"ReadAction","target":["https:\/\/www.livemag.it\/index.php\/2025\/05\/19\/mattarella-laceranti-violenze-su-donne-e-minori-serve-sostegno\/"]}]},{"@type":"ImageObject","inLanguage":"it-IT","@id":"https:\/\/www.livemag.it\/index.php\/2025\/05\/19\/mattarella-laceranti-violenze-su-donne-e-minori-serve-sostegno\/#primaryimage","url":"https:\/\/www.livemag.it\/wp-content\/uploads\/2025\/05\/20250519_0142.jpg","contentUrl":"https:\/\/www.livemag.it\/wp-content\/uploads\/2025\/05\/20250519_0142.jpg","width":820,"height":547},{"@type":"BreadcrumbList","@id":"https:\/\/www.livemag.it\/index.php\/2025\/05\/19\/mattarella-laceranti-violenze-su-donne-e-minori-serve-sostegno\/#breadcrumb","itemListElement":[{"@type":"ListItem","position":1,"name":"Home","item":"https:\/\/www.livemag.it\/"},{"@type":"ListItem","position":2,"name":"Mattarella \u201cLaceranti violenze su donne e minori, serve sostegno\u201d"}]},{"@type":"WebSite","@id":"https:\/\/www.livemag.it\/#website","url":"https:\/\/www.livemag.it\/","name":"Live Magazine","description":"Varie ed eventi","publisher":{"@id":"https:\/\/www.livemag.it\/#organization"},"potentialAction":[{"@type":"SearchAction","target":{"@type":"EntryPoint","urlTemplate":"https:\/\/www.livemag.it\/?s={search_term_string}"},"query-input":{"@type":"PropertyValueSpecification","valueRequired":true,"valueName":"search_term_string"}}],"inLanguage":"it-IT"},{"@type":"Organization","@id":"https:\/\/www.livemag.it\/#organization","name":"LiveMag","alternateName":"LiveMag News ed eventi","url":"https:\/\/www.livemag.it\/","logo":{"@type":"ImageObject","inLanguage":"it-IT","@id":"https:\/\/www.livemag.it\/#\/schema\/logo\/image\/","url":"https:\/\/www.livemag.it\/wp-content\/uploads\/2024\/02\/immagine-sito.jpg","contentUrl":"https:\/\/www.livemag.it\/wp-content\/uploads\/2024\/02\/immagine-sito.jpg","width":696,"height":696,"caption":"LiveMag"},"image":{"@id":"https:\/\/www.livemag.it\/#\/schema\/logo\/image\/"},"sameAs":["https:\/\/www.facebook.com\/LiveMag\/","https:\/\/x.com\/LiveNotizie","https:\/\/www.instagram.com\/livemag\/"]},{"@type":"Person","@id":"https:\/\/www.livemag.it\/#\/schema\/person\/b62c5f44451fdcdaeb0afe6c2424e73c","name":"italpress","image":{"@type":"ImageObject","inLanguage":"it-IT","@id":"https:\/\/secure.gravatar.com\/avatar\/b6a21695fc713ce7ee312cf57c97e2e641feb365be72d8745574d3c3e2b59066?s=96&r=g","url":"https:\/\/secure.gravatar.com\/avatar\/b6a21695fc713ce7ee312cf57c97e2e641feb365be72d8745574d3c3e2b59066?s=96&r=g","contentUrl":"https:\/\/secure.gravatar.com\/avatar\/b6a21695fc713ce7ee312cf57c97e2e641feb365be72d8745574d3c3e2b59066?s=96&r=g","caption":"italpress"},"description":"Italpress \u00e8 un'agenzia di stampa italiana a carattere nazionale.","url":"https:\/\/www.livemag.it\/index.php\/author\/italpress\/"}]}},"jetpack_featured_media_url":"https:\/\/www.livemag.it\/wp-content\/uploads\/2025\/05\/20250519_0142.jpg","_links":{"self":[{"href":"https:\/\/www.livemag.it\/index.php\/wp-json\/wp\/v2\/posts\/51246","targetHints":{"allow":["GET"]}}],"collection":[{"href":"https:\/\/www.livemag.it\/index.php\/wp-json\/wp\/v2\/posts"}],"about":[{"href":"https:\/\/www.livemag.it\/index.php\/wp-json\/wp\/v2\/types\/post"}],"author":[{"embeddable":true,"href":"https:\/\/www.livemag.it\/index.php\/wp-json\/wp\/v2\/users\/16"}],"replies":[{"embeddable":true,"href":"https:\/\/www.livemag.it\/index.php\/wp-json\/wp\/v2\/comments?post=51246"}],"version-history":[{"count":0,"href":"https:\/\/www.livemag.it\/index.php\/wp-json\/wp\/v2\/posts\/51246\/revisions"}],"wp:featuredmedia":[{"embeddable":true,"href":"https:\/\/www.livemag.it\/index.php\/wp-json\/wp\/v2\/media\/51247"}],"wp:attachment":[{"href":"https:\/\/www.livemag.it\/index.php\/wp-json\/wp\/v2\/media?parent=51246"}],"wp:term":[{"taxonomy":"category","embeddable":true,"href":"https:\/\/www.livemag.it\/index.php\/wp-json\/wp\/v2\/categories?post=51246"},{"taxonomy":"post_tag","embeddable":true,"href":"https:\/\/www.livemag.it\/index.php\/wp-json\/wp\/v2\/tags?post=51246"}],"curies":[{"name":"wp","href":"https:\/\/api.w.org\/{rel}","templated":true}]}}