{"id":51086,"date":"2025-05-16T21:55:36","date_gmt":"2025-05-16T19:55:36","guid":{"rendered":"https:\/\/www.livemag.it\/?p=51086"},"modified":"2025-05-16T21:55:44","modified_gmt":"2025-05-16T19:55:44","slug":"green-ark-lancia-un-appello-per-un-cambiamento-epocale-nel-segno-della-sostenibilita-e-della-memoria","status":"publish","type":"post","link":"https:\/\/www.livemag.it\/index.php\/2025\/05\/16\/green-ark-lancia-un-appello-per-un-cambiamento-epocale-nel-segno-della-sostenibilita-e-della-memoria\/","title":{"rendered":"Green Ark lancia un appello per un cambiamento epocale nel segno della sostenibilit\u00e0 e della memoria"},"content":{"rendered":"\n<p>Cinque episodi, cinque messaggi che nelle ultime tre settimane hanno lasciato un segno profondo nel tessuto civile e spirituale del nostro Paese. In questo contesto, la societ\u00e0 Green Ark rilancia un forte appello per un cambiamento epocale, ispirato ai valori della pace, della fratellanza, della memoria e della sostenibilit\u00e0.<\/p>\n\n\n\n<ol class=\"wp-block-list\">\n<li>Papa Francesco: \u201cPap\u00e0 di tutti i popoli, Nonno di tutti i bambini\u201d. Il Pontefice ha lasciato un\u2019eredit\u00e0 di pace e impegno per il futuro, culminata nel suo toccante messaggio in Piazza San Pietro: \u201cLa sofferenza che si \u00e8 fatta presente nell\u2019ultima parte della mia vita l\u2019ho offerta al Signore per la pace nel mondo e la fratellanza tra i popoli.\u201d<\/li>\n\n\n\n<li>Papa Leone IV: il nuovo successore di Pietro ha gi\u00e0 pi\u00f9 volte ribadito, con forza e semplicit\u00e0, un\u2019unica parola: \u201cpace\u201d. Una testimonianza che risuona come un richiamo universale all\u2019unit\u00e0.<\/li>\n\n\n\n<li>Raduno Nazionale degli Alpini: simbolo autentico di dignit\u00e0, sacrificio e memoria, portatori silenziosi di speranza. Il loro motto, \u201cTutti Uno\u201d, incarna il senso profondo della solidariet\u00e0 nazionale.<\/li>\n\n\n\n<li>Raduno Nazionale dei Bersaglieri: le piume al vento e il passo di corsa raccontano l\u2019incontro tra passato e presente, tra le radici storiche e il coinvolgimento delle comunit\u00e0 locali.<\/li>\n\n\n\n<li>Festa della Liberazione: l\u2019Italia si \u00e8 ritrovata divisa, segnata da tensioni sociali e politiche che richiedono una nuova visione collettiva, pi\u00f9 coesa e orientata al bene comune.<\/li>\n<\/ol>\n\n\n\n<p>Di fronte a questi segnali forti, Green Ark invita l\u2019opinione pubblica a scegliere:<br>proseguire sulla via dell\u2019egocentrismo, dell\u2019ipertecnologia e della devastazione ambientale, o abbracciare un movimento concreto che promuove pace, scienza, sport e salute, nel rispetto della dignit\u00e0 umana e delle generazioni future.<\/p>\n\n\n\n<p>Un progetto integrato per il futuro<\/p>\n\n\n\n<p>Green Ark promuove un nuovo modello ispirato a quattro pilastri fondamentali: SPORT \u2013 SANIT\u00c0 \u2013 SCIENZA \u2013 INDUSTRIA, che sar\u00e0 presentato in occasione del:<\/p>\n\n\n\n<p>3\u00b0 Rally della Lana Revival \u2013 1975\/2025<br>Biella, 24\u201325 maggio 2025<br>In collaborazione con ACI Biella, Fondo e Fondazione Edo ed Elvo Tempia.<\/p>\n\n\n\n<p>L\u2019obiettivo \u00e8 chiaro: coniugare innovazione, memoria storica e tutela ambientale, attraverso eventi sportivi e iniziative scientifiche a beneficio del benessere collettivo.<\/p>\n\n\n\n<p>Per aderire o ricevere maggiori informazioni:<br>greenark@green-ark.it<\/p>\n","protected":false},"excerpt":{"rendered":"<p>Cinque episodi, cinque messaggi che nelle ultime tre settimane hanno lasciato un segno profondo nel tessuto civile e spirituale del nostro Paese. In questo contesto, la societ\u00e0 Green Ark rilancia un forte appello per un cambiamento epocale, ispirato ai valori della pace, della fratellanza, della memoria e della sostenibilit\u00e0. Di fronte a questi segnali forti, [&hellip;]<\/p>\n","protected":false},"author":19,"featured_media":51087,"comment_status":"open","ping_status":"open","sticky":false,"template":"","format":"standard","meta":{"jnews-multi-image_gallery":[],"jnews_single_post":{"format":"standard"},"jnews_primary_category":[],"jnews_social_meta":[],"jnews_override_counter":[],"jnews_post_split":[],"footnotes":""},"categories":[1],"tags":[],"class_list":["post-51086","post","type-post","status-publish","format-standard","has-post-thumbnail","hentry","category-senza-categoria"],"yoast_head":"<!-- This site is optimized with the Yoast SEO plugin v27.5 - https:\/\/yoast.com\/product\/yoast-seo-wordpress\/ -->\n<title>Green Ark lancia un appello per un cambiamento epocale nel segno della sostenibilit\u00e0 e della memoria - Live Magazine<\/title>\n<meta name=\"robots\" content=\"index, follow, max-snippet:-1, max-image-preview:large, max-video-preview:-1\" \/>\n<link rel=\"canonical\" href=\"https:\/\/www.livemag.it\/index.php\/2025\/05\/16\/green-ark-lancia-un-appello-per-un-cambiamento-epocale-nel-segno-della-sostenibilita-e-della-memoria\/\" \/>\n<meta property=\"og:locale\" content=\"it_IT\" \/>\n<meta property=\"og:type\" content=\"article\" \/>\n<meta property=\"og:title\" content=\"Green Ark lancia un appello per un cambiamento epocale nel segno della sostenibilit\u00e0 e della memoria - Live Magazine\" \/>\n<meta property=\"og:description\" content=\"Cinque episodi, cinque messaggi che nelle ultime tre settimane hanno lasciato un segno profondo nel tessuto civile e spirituale del nostro Paese. In questo contesto, la societ\u00e0 Green Ark rilancia un forte appello per un cambiamento epocale, ispirato ai valori della pace, della fratellanza, della memoria e della sostenibilit\u00e0. Di fronte a questi segnali forti, [&hellip;]\" \/>\n<meta property=\"og:url\" content=\"https:\/\/www.livemag.it\/index.php\/2025\/05\/16\/green-ark-lancia-un-appello-per-un-cambiamento-epocale-nel-segno-della-sostenibilita-e-della-memoria\/\" \/>\n<meta property=\"og:site_name\" content=\"Live Magazine\" \/>\n<meta property=\"article:publisher\" content=\"https:\/\/www.facebook.com\/LiveMag\/\" \/>\n<meta property=\"article:published_time\" content=\"2025-05-16T19:55:36+00:00\" \/>\n<meta property=\"article:modified_time\" content=\"2025-05-16T19:55:44+00:00\" \/>\n<meta property=\"og:image\" content=\"https:\/\/www.livemag.it\/wp-content\/uploads\/2025\/05\/IMG_3881.jpeg\" \/>\n\t<meta property=\"og:image:width\" content=\"1320\" \/>\n\t<meta property=\"og:image:height\" content=\"818\" \/>\n\t<meta property=\"og:image:type\" content=\"image\/jpeg\" \/>\n<meta name=\"author\" content=\"Tommaso Martinelli\" \/>\n<meta name=\"twitter:card\" content=\"summary_large_image\" \/>\n<meta name=\"twitter:creator\" content=\"@LiveNotizie\" \/>\n<meta name=\"twitter:site\" content=\"@LiveNotizie\" \/>\n<meta name=\"twitter:label1\" content=\"Scritto da\" \/>\n\t<meta name=\"twitter:data1\" content=\"Tommaso Martinelli\" \/>\n\t<meta name=\"twitter:label2\" content=\"Tempo di lettura stimato\" \/>\n\t<meta name=\"twitter:data2\" content=\"3 minuti\" \/>\n<script type=\"application\/ld+json\" class=\"yoast-schema-graph\">{\"@context\":\"https:\\\/\\\/schema.org\",\"@graph\":[{\"@type\":\"Article\",\"@id\":\"https:\\\/\\\/www.livemag.it\\\/index.php\\\/2025\\\/05\\\/16\\\/green-ark-lancia-un-appello-per-un-cambiamento-epocale-nel-segno-della-sostenibilita-e-della-memoria\\\/#article\",\"isPartOf\":{\"@id\":\"https:\\\/\\\/www.livemag.it\\\/index.php\\\/2025\\\/05\\\/16\\\/green-ark-lancia-un-appello-per-un-cambiamento-epocale-nel-segno-della-sostenibilita-e-della-memoria\\\/\"},\"author\":{\"name\":\"Tommaso Martinelli\",\"@id\":\"https:\\\/\\\/www.livemag.it\\\/#\\\/schema\\\/person\\\/64e4d99deedbca0ff0431c5475ed3d7c\"},\"headline\":\"Green Ark lancia un appello per un cambiamento epocale nel segno della sostenibilit\u00e0 e della memoria\",\"datePublished\":\"2025-05-16T19:55:36+00:00\",\"dateModified\":\"2025-05-16T19:55:44+00:00\",\"mainEntityOfPage\":{\"@id\":\"https:\\\/\\\/www.livemag.it\\\/index.php\\\/2025\\\/05\\\/16\\\/green-ark-lancia-un-appello-per-un-cambiamento-epocale-nel-segno-della-sostenibilita-e-della-memoria\\\/\"},\"wordCount\":363,\"commentCount\":0,\"publisher\":{\"@id\":\"https:\\\/\\\/www.livemag.it\\\/#organization\"},\"image\":{\"@id\":\"https:\\\/\\\/www.livemag.it\\\/index.php\\\/2025\\\/05\\\/16\\\/green-ark-lancia-un-appello-per-un-cambiamento-epocale-nel-segno-della-sostenibilita-e-della-memoria\\\/#primaryimage\"},\"thumbnailUrl\":\"https:\\\/\\\/www.livemag.it\\\/wp-content\\\/uploads\\\/2025\\\/05\\\/IMG_3881.jpeg\",\"inLanguage\":\"it-IT\",\"potentialAction\":[{\"@type\":\"CommentAction\",\"name\":\"Comment\",\"target\":[\"https:\\\/\\\/www.livemag.it\\\/index.php\\\/2025\\\/05\\\/16\\\/green-ark-lancia-un-appello-per-un-cambiamento-epocale-nel-segno-della-sostenibilita-e-della-memoria\\\/#respond\"]}]},{\"@type\":\"WebPage\",\"@id\":\"https:\\\/\\\/www.livemag.it\\\/index.php\\\/2025\\\/05\\\/16\\\/green-ark-lancia-un-appello-per-un-cambiamento-epocale-nel-segno-della-sostenibilita-e-della-memoria\\\/\",\"url\":\"https:\\\/\\\/www.livemag.it\\\/index.php\\\/2025\\\/05\\\/16\\\/green-ark-lancia-un-appello-per-un-cambiamento-epocale-nel-segno-della-sostenibilita-e-della-memoria\\\/\",\"name\":\"Green Ark lancia un appello per un cambiamento epocale nel segno della sostenibilit\u00e0 e della memoria - Live Magazine\",\"isPartOf\":{\"@id\":\"https:\\\/\\\/www.livemag.it\\\/#website\"},\"primaryImageOfPage\":{\"@id\":\"https:\\\/\\\/www.livemag.it\\\/index.php\\\/2025\\\/05\\\/16\\\/green-ark-lancia-un-appello-per-un-cambiamento-epocale-nel-segno-della-sostenibilita-e-della-memoria\\\/#primaryimage\"},\"image\":{\"@id\":\"https:\\\/\\\/www.livemag.it\\\/index.php\\\/2025\\\/05\\\/16\\\/green-ark-lancia-un-appello-per-un-cambiamento-epocale-nel-segno-della-sostenibilita-e-della-memoria\\\/#primaryimage\"},\"thumbnailUrl\":\"https:\\\/\\\/www.livemag.it\\\/wp-content\\\/uploads\\\/2025\\\/05\\\/IMG_3881.jpeg\",\"datePublished\":\"2025-05-16T19:55:36+00:00\",\"dateModified\":\"2025-05-16T19:55:44+00:00\",\"breadcrumb\":{\"@id\":\"https:\\\/\\\/www.livemag.it\\\/index.php\\\/2025\\\/05\\\/16\\\/green-ark-lancia-un-appello-per-un-cambiamento-epocale-nel-segno-della-sostenibilita-e-della-memoria\\\/#breadcrumb\"},\"inLanguage\":\"it-IT\",\"potentialAction\":[{\"@type\":\"ReadAction\",\"target\":[\"https:\\\/\\\/www.livemag.it\\\/index.php\\\/2025\\\/05\\\/16\\\/green-ark-lancia-un-appello-per-un-cambiamento-epocale-nel-segno-della-sostenibilita-e-della-memoria\\\/\"]}]},{\"@type\":\"ImageObject\",\"inLanguage\":\"it-IT\",\"@id\":\"https:\\\/\\\/www.livemag.it\\\/index.php\\\/2025\\\/05\\\/16\\\/green-ark-lancia-un-appello-per-un-cambiamento-epocale-nel-segno-della-sostenibilita-e-della-memoria\\\/#primaryimage\",\"url\":\"https:\\\/\\\/www.livemag.it\\\/wp-content\\\/uploads\\\/2025\\\/05\\\/IMG_3881.jpeg\",\"contentUrl\":\"https:\\\/\\\/www.livemag.it\\\/wp-content\\\/uploads\\\/2025\\\/05\\\/IMG_3881.jpeg\",\"width\":1320,\"height\":818},{\"@type\":\"BreadcrumbList\",\"@id\":\"https:\\\/\\\/www.livemag.it\\\/index.php\\\/2025\\\/05\\\/16\\\/green-ark-lancia-un-appello-per-un-cambiamento-epocale-nel-segno-della-sostenibilita-e-della-memoria\\\/#breadcrumb\",\"itemListElement\":[{\"@type\":\"ListItem\",\"position\":1,\"name\":\"Home\",\"item\":\"https:\\\/\\\/www.livemag.it\\\/\"},{\"@type\":\"ListItem\",\"position\":2,\"name\":\"Green Ark lancia un appello per un cambiamento epocale nel segno della sostenibilit\u00e0 e della memoria\"}]},{\"@type\":\"WebSite\",\"@id\":\"https:\\\/\\\/www.livemag.it\\\/#website\",\"url\":\"https:\\\/\\\/www.livemag.it\\\/\",\"name\":\"Live Magazine\",\"description\":\"Varie ed eventi\",\"publisher\":{\"@id\":\"https:\\\/\\\/www.livemag.it\\\/#organization\"},\"potentialAction\":[{\"@type\":\"SearchAction\",\"target\":{\"@type\":\"EntryPoint\",\"urlTemplate\":\"https:\\\/\\\/www.livemag.it\\\/?s={search_term_string}\"},\"query-input\":{\"@type\":\"PropertyValueSpecification\",\"valueRequired\":true,\"valueName\":\"search_term_string\"}}],\"inLanguage\":\"it-IT\"},{\"@type\":\"Organization\",\"@id\":\"https:\\\/\\\/www.livemag.it\\\/#organization\",\"name\":\"LiveMag\",\"alternateName\":\"LiveMag News ed eventi\",\"url\":\"https:\\\/\\\/www.livemag.it\\\/\",\"logo\":{\"@type\":\"ImageObject\",\"inLanguage\":\"it-IT\",\"@id\":\"https:\\\/\\\/www.livemag.it\\\/#\\\/schema\\\/logo\\\/image\\\/\",\"url\":\"https:\\\/\\\/www.livemag.it\\\/wp-content\\\/uploads\\\/2024\\\/02\\\/immagine-sito.jpg\",\"contentUrl\":\"https:\\\/\\\/www.livemag.it\\\/wp-content\\\/uploads\\\/2024\\\/02\\\/immagine-sito.jpg\",\"width\":696,\"height\":696,\"caption\":\"LiveMag\"},\"image\":{\"@id\":\"https:\\\/\\\/www.livemag.it\\\/#\\\/schema\\\/logo\\\/image\\\/\"},\"sameAs\":[\"https:\\\/\\\/www.facebook.com\\\/LiveMag\\\/\",\"https:\\\/\\\/x.com\\\/LiveNotizie\",\"https:\\\/\\\/www.instagram.com\\\/livemag\\\/\"]},{\"@type\":\"Person\",\"@id\":\"https:\\\/\\\/www.livemag.it\\\/#\\\/schema\\\/person\\\/64e4d99deedbca0ff0431c5475ed3d7c\",\"name\":\"Tommaso Martinelli\",\"image\":{\"@type\":\"ImageObject\",\"inLanguage\":\"it-IT\",\"@id\":\"https:\\\/\\\/secure.gravatar.com\\\/avatar\\\/3a50ee1f7a8c55711405ad56929346424a6313702660992000bae98f19cfc216?s=96&r=g\",\"url\":\"https:\\\/\\\/secure.gravatar.com\\\/avatar\\\/3a50ee1f7a8c55711405ad56929346424a6313702660992000bae98f19cfc216?s=96&r=g\",\"contentUrl\":\"https:\\\/\\\/secure.gravatar.com\\\/avatar\\\/3a50ee1f7a8c55711405ad56929346424a6313702660992000bae98f19cfc216?s=96&r=g\",\"caption\":\"Tommaso Martinelli\"},\"description\":\"giornalista, press office\",\"url\":\"https:\\\/\\\/www.livemag.it\\\/index.php\\\/author\\\/tommaso-martinelli\\\/\"}]}<\/script>\n<!-- \/ Yoast SEO plugin. -->","yoast_head_json":{"title":"Green Ark lancia un appello per un cambiamento epocale nel segno della sostenibilit\u00e0 e della memoria - Live Magazine","robots":{"index":"index","follow":"follow","max-snippet":"max-snippet:-1","max-image-preview":"max-image-preview:large","max-video-preview":"max-video-preview:-1"},"canonical":"https:\/\/www.livemag.it\/index.php\/2025\/05\/16\/green-ark-lancia-un-appello-per-un-cambiamento-epocale-nel-segno-della-sostenibilita-e-della-memoria\/","og_locale":"it_IT","og_type":"article","og_title":"Green Ark lancia un appello per un cambiamento epocale nel segno della sostenibilit\u00e0 e della memoria - Live Magazine","og_description":"Cinque episodi, cinque messaggi che nelle ultime tre settimane hanno lasciato un segno profondo nel tessuto civile e spirituale del nostro Paese. In questo contesto, la societ\u00e0 Green Ark rilancia un forte appello per un cambiamento epocale, ispirato ai valori della pace, della fratellanza, della memoria e della sostenibilit\u00e0. Di fronte a questi segnali forti, [&hellip;]","og_url":"https:\/\/www.livemag.it\/index.php\/2025\/05\/16\/green-ark-lancia-un-appello-per-un-cambiamento-epocale-nel-segno-della-sostenibilita-e-della-memoria\/","og_site_name":"Live Magazine","article_publisher":"https:\/\/www.facebook.com\/LiveMag\/","article_published_time":"2025-05-16T19:55:36+00:00","article_modified_time":"2025-05-16T19:55:44+00:00","og_image":[{"width":1320,"height":818,"url":"https:\/\/www.livemag.it\/wp-content\/uploads\/2025\/05\/IMG_3881.jpeg","type":"image\/jpeg"}],"author":"Tommaso Martinelli","twitter_card":"summary_large_image","twitter_creator":"@LiveNotizie","twitter_site":"@LiveNotizie","twitter_misc":{"Scritto da":"Tommaso Martinelli","Tempo di lettura stimato":"3 minuti"},"schema":{"@context":"https:\/\/schema.org","@graph":[{"@type":"Article","@id":"https:\/\/www.livemag.it\/index.php\/2025\/05\/16\/green-ark-lancia-un-appello-per-un-cambiamento-epocale-nel-segno-della-sostenibilita-e-della-memoria\/#article","isPartOf":{"@id":"https:\/\/www.livemag.it\/index.php\/2025\/05\/16\/green-ark-lancia-un-appello-per-un-cambiamento-epocale-nel-segno-della-sostenibilita-e-della-memoria\/"},"author":{"name":"Tommaso Martinelli","@id":"https:\/\/www.livemag.it\/#\/schema\/person\/64e4d99deedbca0ff0431c5475ed3d7c"},"headline":"Green Ark lancia un appello per un cambiamento epocale nel segno della sostenibilit\u00e0 e della memoria","datePublished":"2025-05-16T19:55:36+00:00","dateModified":"2025-05-16T19:55:44+00:00","mainEntityOfPage":{"@id":"https:\/\/www.livemag.it\/index.php\/2025\/05\/16\/green-ark-lancia-un-appello-per-un-cambiamento-epocale-nel-segno-della-sostenibilita-e-della-memoria\/"},"wordCount":363,"commentCount":0,"publisher":{"@id":"https:\/\/www.livemag.it\/#organization"},"image":{"@id":"https:\/\/www.livemag.it\/index.php\/2025\/05\/16\/green-ark-lancia-un-appello-per-un-cambiamento-epocale-nel-segno-della-sostenibilita-e-della-memoria\/#primaryimage"},"thumbnailUrl":"https:\/\/www.livemag.it\/wp-content\/uploads\/2025\/05\/IMG_3881.jpeg","inLanguage":"it-IT","potentialAction":[{"@type":"CommentAction","name":"Comment","target":["https:\/\/www.livemag.it\/index.php\/2025\/05\/16\/green-ark-lancia-un-appello-per-un-cambiamento-epocale-nel-segno-della-sostenibilita-e-della-memoria\/#respond"]}]},{"@type":"WebPage","@id":"https:\/\/www.livemag.it\/index.php\/2025\/05\/16\/green-ark-lancia-un-appello-per-un-cambiamento-epocale-nel-segno-della-sostenibilita-e-della-memoria\/","url":"https:\/\/www.livemag.it\/index.php\/2025\/05\/16\/green-ark-lancia-un-appello-per-un-cambiamento-epocale-nel-segno-della-sostenibilita-e-della-memoria\/","name":"Green Ark lancia un appello per un cambiamento epocale nel segno della sostenibilit\u00e0 e della memoria - Live Magazine","isPartOf":{"@id":"https:\/\/www.livemag.it\/#website"},"primaryImageOfPage":{"@id":"https:\/\/www.livemag.it\/index.php\/2025\/05\/16\/green-ark-lancia-un-appello-per-un-cambiamento-epocale-nel-segno-della-sostenibilita-e-della-memoria\/#primaryimage"},"image":{"@id":"https:\/\/www.livemag.it\/index.php\/2025\/05\/16\/green-ark-lancia-un-appello-per-un-cambiamento-epocale-nel-segno-della-sostenibilita-e-della-memoria\/#primaryimage"},"thumbnailUrl":"https:\/\/www.livemag.it\/wp-content\/uploads\/2025\/05\/IMG_3881.jpeg","datePublished":"2025-05-16T19:55:36+00:00","dateModified":"2025-05-16T19:55:44+00:00","breadcrumb":{"@id":"https:\/\/www.livemag.it\/index.php\/2025\/05\/16\/green-ark-lancia-un-appello-per-un-cambiamento-epocale-nel-segno-della-sostenibilita-e-della-memoria\/#breadcrumb"},"inLanguage":"it-IT","potentialAction":[{"@type":"ReadAction","target":["https:\/\/www.livemag.it\/index.php\/2025\/05\/16\/green-ark-lancia-un-appello-per-un-cambiamento-epocale-nel-segno-della-sostenibilita-e-della-memoria\/"]}]},{"@type":"ImageObject","inLanguage":"it-IT","@id":"https:\/\/www.livemag.it\/index.php\/2025\/05\/16\/green-ark-lancia-un-appello-per-un-cambiamento-epocale-nel-segno-della-sostenibilita-e-della-memoria\/#primaryimage","url":"https:\/\/www.livemag.it\/wp-content\/uploads\/2025\/05\/IMG_3881.jpeg","contentUrl":"https:\/\/www.livemag.it\/wp-content\/uploads\/2025\/05\/IMG_3881.jpeg","width":1320,"height":818},{"@type":"BreadcrumbList","@id":"https:\/\/www.livemag.it\/index.php\/2025\/05\/16\/green-ark-lancia-un-appello-per-un-cambiamento-epocale-nel-segno-della-sostenibilita-e-della-memoria\/#breadcrumb","itemListElement":[{"@type":"ListItem","position":1,"name":"Home","item":"https:\/\/www.livemag.it\/"},{"@type":"ListItem","position":2,"name":"Green Ark lancia un appello per un cambiamento epocale nel segno della sostenibilit\u00e0 e della memoria"}]},{"@type":"WebSite","@id":"https:\/\/www.livemag.it\/#website","url":"https:\/\/www.livemag.it\/","name":"Live Magazine","description":"Varie ed eventi","publisher":{"@id":"https:\/\/www.livemag.it\/#organization"},"potentialAction":[{"@type":"SearchAction","target":{"@type":"EntryPoint","urlTemplate":"https:\/\/www.livemag.it\/?s={search_term_string}"},"query-input":{"@type":"PropertyValueSpecification","valueRequired":true,"valueName":"search_term_string"}}],"inLanguage":"it-IT"},{"@type":"Organization","@id":"https:\/\/www.livemag.it\/#organization","name":"LiveMag","alternateName":"LiveMag News ed eventi","url":"https:\/\/www.livemag.it\/","logo":{"@type":"ImageObject","inLanguage":"it-IT","@id":"https:\/\/www.livemag.it\/#\/schema\/logo\/image\/","url":"https:\/\/www.livemag.it\/wp-content\/uploads\/2024\/02\/immagine-sito.jpg","contentUrl":"https:\/\/www.livemag.it\/wp-content\/uploads\/2024\/02\/immagine-sito.jpg","width":696,"height":696,"caption":"LiveMag"},"image":{"@id":"https:\/\/www.livemag.it\/#\/schema\/logo\/image\/"},"sameAs":["https:\/\/www.facebook.com\/LiveMag\/","https:\/\/x.com\/LiveNotizie","https:\/\/www.instagram.com\/livemag\/"]},{"@type":"Person","@id":"https:\/\/www.livemag.it\/#\/schema\/person\/64e4d99deedbca0ff0431c5475ed3d7c","name":"Tommaso Martinelli","image":{"@type":"ImageObject","inLanguage":"it-IT","@id":"https:\/\/secure.gravatar.com\/avatar\/3a50ee1f7a8c55711405ad56929346424a6313702660992000bae98f19cfc216?s=96&r=g","url":"https:\/\/secure.gravatar.com\/avatar\/3a50ee1f7a8c55711405ad56929346424a6313702660992000bae98f19cfc216?s=96&r=g","contentUrl":"https:\/\/secure.gravatar.com\/avatar\/3a50ee1f7a8c55711405ad56929346424a6313702660992000bae98f19cfc216?s=96&r=g","caption":"Tommaso Martinelli"},"description":"giornalista, press office","url":"https:\/\/www.livemag.it\/index.php\/author\/tommaso-martinelli\/"}]}},"jetpack_featured_media_url":"https:\/\/www.livemag.it\/wp-content\/uploads\/2025\/05\/IMG_3881.jpeg","_links":{"self":[{"href":"https:\/\/www.livemag.it\/index.php\/wp-json\/wp\/v2\/posts\/51086","targetHints":{"allow":["GET"]}}],"collection":[{"href":"https:\/\/www.livemag.it\/index.php\/wp-json\/wp\/v2\/posts"}],"about":[{"href":"https:\/\/www.livemag.it\/index.php\/wp-json\/wp\/v2\/types\/post"}],"author":[{"embeddable":true,"href":"https:\/\/www.livemag.it\/index.php\/wp-json\/wp\/v2\/users\/19"}],"replies":[{"embeddable":true,"href":"https:\/\/www.livemag.it\/index.php\/wp-json\/wp\/v2\/comments?post=51086"}],"version-history":[{"count":1,"href":"https:\/\/www.livemag.it\/index.php\/wp-json\/wp\/v2\/posts\/51086\/revisions"}],"predecessor-version":[{"id":51088,"href":"https:\/\/www.livemag.it\/index.php\/wp-json\/wp\/v2\/posts\/51086\/revisions\/51088"}],"wp:featuredmedia":[{"embeddable":true,"href":"https:\/\/www.livemag.it\/index.php\/wp-json\/wp\/v2\/media\/51087"}],"wp:attachment":[{"href":"https:\/\/www.livemag.it\/index.php\/wp-json\/wp\/v2\/media?parent=51086"}],"wp:term":[{"taxonomy":"category","embeddable":true,"href":"https:\/\/www.livemag.it\/index.php\/wp-json\/wp\/v2\/categories?post=51086"},{"taxonomy":"post_tag","embeddable":true,"href":"https:\/\/www.livemag.it\/index.php\/wp-json\/wp\/v2\/tags?post=51086"}],"curies":[{"name":"wp","href":"https:\/\/api.w.org\/{rel}","templated":true}]}}