{"id":51083,"date":"2025-05-16T21:02:57","date_gmt":"2025-05-16T19:02:57","guid":{"rendered":"https:\/\/www.livemag.it\/index.php\/2025\/05\/16\/le-mclaren-dominano-il-venerdi-di-imola-piastri-il-piu-veloce\/"},"modified":"2025-05-16T21:02:57","modified_gmt":"2025-05-16T19:02:57","slug":"le-mclaren-dominano-il-venerdi-di-imola-piastri-il-piu-veloce","status":"publish","type":"post","link":"https:\/\/www.livemag.it\/index.php\/2025\/05\/16\/le-mclaren-dominano-il-venerdi-di-imola-piastri-il-piu-veloce\/","title":{"rendered":"Le McLaren dominano il venerd\u00ec di Imola, Piastri il pi\u00f9 veloce"},"content":{"rendered":"<div>\n<p>IMOLA (ITALPRESS) \u2013 <strong>Le McLaren dettano legge anche nel venerd\u00ec di Imola<\/strong>. Prime due sessioni di libere del Gran Premio dell\u2019Emilia Romagna a forti tinte papaya, con Oscar <strong>Piastri<\/strong> che fa segnare il miglior tempo sia al mattino (1\u201916\u2033545) che al pomeriggio (1\u201915\u2033293), precedendo di un soffio il compagno di squadra Lando <strong>Norris,<\/strong> di appena 25 millesimi pi\u00f9 lento nelle FP2 dopo i 32 di ritardo della prima sessione.<\/p>\n<p>E\u2019 comunque nel pomeriggio che si registrano i tempi migliori, con la sorprendente Alpine di Pierre <strong>Gasly<\/strong> che si piazza terza a 0\u2033276 da Piastri davanti a George <strong>Russell<\/strong> su Mercedes e Max <strong>Verstappen<\/strong> su Red Bull, con l\u2019olandese a circa 4 decimi e mezzo.<\/p>\n<p>Il migliore dei ferraristi \u00e8 Charles <strong>Leclerc<\/strong> che, 12esimo al mattino, scala fino al sesto posto la classifica dei tempi, attestandosi a 0\u2033475 da Piastri. Passo indietro invece per Lewis <strong>Hamilton:<\/strong> se nelle FP1 era riuscito a piazzarsi quinto contenendo sotto il decimo il ritardo dal miglior crono, nella seconda sessione \u2013 pur abbassando il tempo sul giro di circa sette decimi \u2013 chiude undicesimo a 0\u2033650.<\/p>\n<p>Pomeriggio positivo per le Williams, con Alexander <strong>Albon<\/strong> e Carlos <strong>Sainz<\/strong> a chiudere la Top Ten, per Andrea Kimi <strong>Antonelli<\/strong> \u00e8 stato invece un venerd\u00ec complicato: il 18enne pilota bolognese della Mercedes \u00e8 solo 18esimo a poco pi\u00f9 di 1\u20331 dal crono di riferimento.<\/p>\n<p>\u2013 foto Ipa Agency \u2013<\/p>\n<p>(ITALPRESS).<\/p>\n<\/div>\n","protected":false},"excerpt":{"rendered":"<p>IMOLA (ITALPRESS) \u2013 Le McLaren dettano legge anche nel venerd\u00ec di Imola. Prime due sessioni di libere del Gran Premio dell\u2019Emilia Romagna a forti tinte papaya, con Oscar Piastri che fa segnare il miglior tempo sia al mattino (1\u201916\u2033545) che al pomeriggio (1\u201915\u2033293), precedendo di un soffio il compagno di squadra Lando Norris, di appena [&hellip;]<\/p>\n","protected":false},"author":16,"featured_media":51084,"comment_status":"closed","ping_status":"closed","sticky":false,"template":"","format":"standard","meta":{"jnews-multi-image_gallery":[],"jnews_single_post":[],"jnews_primary_category":[],"jnews_social_meta":[],"jnews_override_counter":[],"jnews_post_split":[],"footnotes":""},"categories":[1129],"tags":[],"class_list":["post-51083","post","type-post","status-publish","format-standard","has-post-thumbnail","hentry","category-mondo"],"yoast_head":"<!-- This site is optimized with the Yoast SEO plugin v27.5 - https:\/\/yoast.com\/product\/yoast-seo-wordpress\/ -->\n<title>Le McLaren dominano il venerd\u00ec di Imola, Piastri il pi\u00f9 veloce - Live Magazine<\/title>\n<meta name=\"robots\" content=\"index, follow, max-snippet:-1, max-image-preview:large, max-video-preview:-1\" \/>\n<link rel=\"canonical\" href=\"https:\/\/www.livemag.it\/index.php\/2025\/05\/16\/le-mclaren-dominano-il-venerdi-di-imola-piastri-il-piu-veloce\/\" \/>\n<meta property=\"og:locale\" content=\"it_IT\" \/>\n<meta property=\"og:type\" content=\"article\" \/>\n<meta property=\"og:title\" content=\"Le McLaren dominano il venerd\u00ec di Imola, Piastri il pi\u00f9 veloce - Live Magazine\" \/>\n<meta property=\"og:description\" content=\"IMOLA (ITALPRESS) \u2013 Le McLaren dettano legge anche nel venerd\u00ec di Imola. Prime due sessioni di libere del Gran Premio dell\u2019Emilia Romagna a forti tinte papaya, con Oscar Piastri che fa segnare il miglior tempo sia al mattino (1\u201916\u2033545) che al pomeriggio (1\u201915\u2033293), precedendo di un soffio il compagno di squadra Lando Norris, di appena [&hellip;]\" \/>\n<meta property=\"og:url\" content=\"https:\/\/www.livemag.it\/index.php\/2025\/05\/16\/le-mclaren-dominano-il-venerdi-di-imola-piastri-il-piu-veloce\/\" \/>\n<meta property=\"og:site_name\" content=\"Live Magazine\" \/>\n<meta property=\"article:publisher\" content=\"https:\/\/www.facebook.com\/LiveMag\/\" \/>\n<meta property=\"article:published_time\" content=\"2025-05-16T19:02:57+00:00\" \/>\n<meta property=\"og:image\" content=\"https:\/\/www.livemag.it\/wp-content\/uploads\/2024\/02\/ograph.jpg\" \/>\n\t<meta property=\"og:image:width\" content=\"1200\" \/>\n\t<meta property=\"og:image:height\" content=\"675\" \/>\n\t<meta property=\"og:image:type\" content=\"image\/jpeg\" \/>\n<meta name=\"author\" content=\"italpress\" \/>\n<meta name=\"twitter:card\" content=\"summary_large_image\" \/>\n<meta name=\"twitter:creator\" content=\"@LiveNotizie\" \/>\n<meta name=\"twitter:site\" content=\"@LiveNotizie\" \/>\n<meta name=\"twitter:label1\" content=\"Scritto da\" \/>\n\t<meta name=\"twitter:data1\" content=\"italpress\" \/>\n\t<meta name=\"twitter:label2\" content=\"Tempo di lettura stimato\" \/>\n\t<meta name=\"twitter:data2\" content=\"1 minuto\" \/>\n<script type=\"application\/ld+json\" class=\"yoast-schema-graph\">{\"@context\":\"https:\\\/\\\/schema.org\",\"@graph\":[{\"@type\":\"Article\",\"@id\":\"https:\\\/\\\/www.livemag.it\\\/index.php\\\/2025\\\/05\\\/16\\\/le-mclaren-dominano-il-venerdi-di-imola-piastri-il-piu-veloce\\\/#article\",\"isPartOf\":{\"@id\":\"https:\\\/\\\/www.livemag.it\\\/index.php\\\/2025\\\/05\\\/16\\\/le-mclaren-dominano-il-venerdi-di-imola-piastri-il-piu-veloce\\\/\"},\"author\":{\"name\":\"italpress\",\"@id\":\"https:\\\/\\\/www.livemag.it\\\/#\\\/schema\\\/person\\\/b62c5f44451fdcdaeb0afe6c2424e73c\"},\"headline\":\"Le McLaren dominano il venerd\u00ec di Imola, Piastri il pi\u00f9 veloce\",\"datePublished\":\"2025-05-16T19:02:57+00:00\",\"mainEntityOfPage\":{\"@id\":\"https:\\\/\\\/www.livemag.it\\\/index.php\\\/2025\\\/05\\\/16\\\/le-mclaren-dominano-il-venerdi-di-imola-piastri-il-piu-veloce\\\/\"},\"wordCount\":227,\"publisher\":{\"@id\":\"https:\\\/\\\/www.livemag.it\\\/#organization\"},\"image\":{\"@id\":\"https:\\\/\\\/www.livemag.it\\\/index.php\\\/2025\\\/05\\\/16\\\/le-mclaren-dominano-il-venerdi-di-imola-piastri-il-piu-veloce\\\/#primaryimage\"},\"thumbnailUrl\":\"https:\\\/\\\/www.livemag.it\\\/wp-content\\\/uploads\\\/2025\\\/05\\\/20250516_2685.jpg\",\"articleSection\":[\"Mondo\"],\"inLanguage\":\"it-IT\"},{\"@type\":\"WebPage\",\"@id\":\"https:\\\/\\\/www.livemag.it\\\/index.php\\\/2025\\\/05\\\/16\\\/le-mclaren-dominano-il-venerdi-di-imola-piastri-il-piu-veloce\\\/\",\"url\":\"https:\\\/\\\/www.livemag.it\\\/index.php\\\/2025\\\/05\\\/16\\\/le-mclaren-dominano-il-venerdi-di-imola-piastri-il-piu-veloce\\\/\",\"name\":\"Le McLaren dominano il venerd\u00ec di Imola, Piastri il pi\u00f9 veloce - Live Magazine\",\"isPartOf\":{\"@id\":\"https:\\\/\\\/www.livemag.it\\\/#website\"},\"primaryImageOfPage\":{\"@id\":\"https:\\\/\\\/www.livemag.it\\\/index.php\\\/2025\\\/05\\\/16\\\/le-mclaren-dominano-il-venerdi-di-imola-piastri-il-piu-veloce\\\/#primaryimage\"},\"image\":{\"@id\":\"https:\\\/\\\/www.livemag.it\\\/index.php\\\/2025\\\/05\\\/16\\\/le-mclaren-dominano-il-venerdi-di-imola-piastri-il-piu-veloce\\\/#primaryimage\"},\"thumbnailUrl\":\"https:\\\/\\\/www.livemag.it\\\/wp-content\\\/uploads\\\/2025\\\/05\\\/20250516_2685.jpg\",\"datePublished\":\"2025-05-16T19:02:57+00:00\",\"breadcrumb\":{\"@id\":\"https:\\\/\\\/www.livemag.it\\\/index.php\\\/2025\\\/05\\\/16\\\/le-mclaren-dominano-il-venerdi-di-imola-piastri-il-piu-veloce\\\/#breadcrumb\"},\"inLanguage\":\"it-IT\",\"potentialAction\":[{\"@type\":\"ReadAction\",\"target\":[\"https:\\\/\\\/www.livemag.it\\\/index.php\\\/2025\\\/05\\\/16\\\/le-mclaren-dominano-il-venerdi-di-imola-piastri-il-piu-veloce\\\/\"]}]},{\"@type\":\"ImageObject\",\"inLanguage\":\"it-IT\",\"@id\":\"https:\\\/\\\/www.livemag.it\\\/index.php\\\/2025\\\/05\\\/16\\\/le-mclaren-dominano-il-venerdi-di-imola-piastri-il-piu-veloce\\\/#primaryimage\",\"url\":\"https:\\\/\\\/www.livemag.it\\\/wp-content\\\/uploads\\\/2025\\\/05\\\/20250516_2685.jpg\",\"contentUrl\":\"https:\\\/\\\/www.livemag.it\\\/wp-content\\\/uploads\\\/2025\\\/05\\\/20250516_2685.jpg\",\"width\":1200,\"height\":800},{\"@type\":\"BreadcrumbList\",\"@id\":\"https:\\\/\\\/www.livemag.it\\\/index.php\\\/2025\\\/05\\\/16\\\/le-mclaren-dominano-il-venerdi-di-imola-piastri-il-piu-veloce\\\/#breadcrumb\",\"itemListElement\":[{\"@type\":\"ListItem\",\"position\":1,\"name\":\"Home\",\"item\":\"https:\\\/\\\/www.livemag.it\\\/\"},{\"@type\":\"ListItem\",\"position\":2,\"name\":\"Le McLaren dominano il venerd\u00ec di Imola, Piastri il pi\u00f9 veloce\"}]},{\"@type\":\"WebSite\",\"@id\":\"https:\\\/\\\/www.livemag.it\\\/#website\",\"url\":\"https:\\\/\\\/www.livemag.it\\\/\",\"name\":\"Live Magazine\",\"description\":\"Varie ed eventi\",\"publisher\":{\"@id\":\"https:\\\/\\\/www.livemag.it\\\/#organization\"},\"potentialAction\":[{\"@type\":\"SearchAction\",\"target\":{\"@type\":\"EntryPoint\",\"urlTemplate\":\"https:\\\/\\\/www.livemag.it\\\/?s={search_term_string}\"},\"query-input\":{\"@type\":\"PropertyValueSpecification\",\"valueRequired\":true,\"valueName\":\"search_term_string\"}}],\"inLanguage\":\"it-IT\"},{\"@type\":\"Organization\",\"@id\":\"https:\\\/\\\/www.livemag.it\\\/#organization\",\"name\":\"LiveMag\",\"alternateName\":\"LiveMag News ed eventi\",\"url\":\"https:\\\/\\\/www.livemag.it\\\/\",\"logo\":{\"@type\":\"ImageObject\",\"inLanguage\":\"it-IT\",\"@id\":\"https:\\\/\\\/www.livemag.it\\\/#\\\/schema\\\/logo\\\/image\\\/\",\"url\":\"https:\\\/\\\/www.livemag.it\\\/wp-content\\\/uploads\\\/2024\\\/02\\\/immagine-sito.jpg\",\"contentUrl\":\"https:\\\/\\\/www.livemag.it\\\/wp-content\\\/uploads\\\/2024\\\/02\\\/immagine-sito.jpg\",\"width\":696,\"height\":696,\"caption\":\"LiveMag\"},\"image\":{\"@id\":\"https:\\\/\\\/www.livemag.it\\\/#\\\/schema\\\/logo\\\/image\\\/\"},\"sameAs\":[\"https:\\\/\\\/www.facebook.com\\\/LiveMag\\\/\",\"https:\\\/\\\/x.com\\\/LiveNotizie\",\"https:\\\/\\\/www.instagram.com\\\/livemag\\\/\"]},{\"@type\":\"Person\",\"@id\":\"https:\\\/\\\/www.livemag.it\\\/#\\\/schema\\\/person\\\/b62c5f44451fdcdaeb0afe6c2424e73c\",\"name\":\"italpress\",\"image\":{\"@type\":\"ImageObject\",\"inLanguage\":\"it-IT\",\"@id\":\"https:\\\/\\\/secure.gravatar.com\\\/avatar\\\/b6a21695fc713ce7ee312cf57c97e2e641feb365be72d8745574d3c3e2b59066?s=96&r=g\",\"url\":\"https:\\\/\\\/secure.gravatar.com\\\/avatar\\\/b6a21695fc713ce7ee312cf57c97e2e641feb365be72d8745574d3c3e2b59066?s=96&r=g\",\"contentUrl\":\"https:\\\/\\\/secure.gravatar.com\\\/avatar\\\/b6a21695fc713ce7ee312cf57c97e2e641feb365be72d8745574d3c3e2b59066?s=96&r=g\",\"caption\":\"italpress\"},\"description\":\"Italpress \u00e8 un'agenzia di stampa italiana a carattere nazionale.\",\"url\":\"https:\\\/\\\/www.livemag.it\\\/index.php\\\/author\\\/italpress\\\/\"}]}<\/script>\n<!-- \/ Yoast SEO plugin. -->","yoast_head_json":{"title":"Le McLaren dominano il venerd\u00ec di Imola, Piastri il pi\u00f9 veloce - Live Magazine","robots":{"index":"index","follow":"follow","max-snippet":"max-snippet:-1","max-image-preview":"max-image-preview:large","max-video-preview":"max-video-preview:-1"},"canonical":"https:\/\/www.livemag.it\/index.php\/2025\/05\/16\/le-mclaren-dominano-il-venerdi-di-imola-piastri-il-piu-veloce\/","og_locale":"it_IT","og_type":"article","og_title":"Le McLaren dominano il venerd\u00ec di Imola, Piastri il pi\u00f9 veloce - Live Magazine","og_description":"IMOLA (ITALPRESS) \u2013 Le McLaren dettano legge anche nel venerd\u00ec di Imola. Prime due sessioni di libere del Gran Premio dell\u2019Emilia Romagna a forti tinte papaya, con Oscar Piastri che fa segnare il miglior tempo sia al mattino (1\u201916\u2033545) che al pomeriggio (1\u201915\u2033293), precedendo di un soffio il compagno di squadra Lando Norris, di appena [&hellip;]","og_url":"https:\/\/www.livemag.it\/index.php\/2025\/05\/16\/le-mclaren-dominano-il-venerdi-di-imola-piastri-il-piu-veloce\/","og_site_name":"Live Magazine","article_publisher":"https:\/\/www.facebook.com\/LiveMag\/","article_published_time":"2025-05-16T19:02:57+00:00","og_image":[{"width":1200,"height":675,"url":"https:\/\/www.livemag.it\/wp-content\/uploads\/2024\/02\/ograph.jpg","type":"image\/jpeg"}],"author":"italpress","twitter_card":"summary_large_image","twitter_creator":"@LiveNotizie","twitter_site":"@LiveNotizie","twitter_misc":{"Scritto da":"italpress","Tempo di lettura stimato":"1 minuto"},"schema":{"@context":"https:\/\/schema.org","@graph":[{"@type":"Article","@id":"https:\/\/www.livemag.it\/index.php\/2025\/05\/16\/le-mclaren-dominano-il-venerdi-di-imola-piastri-il-piu-veloce\/#article","isPartOf":{"@id":"https:\/\/www.livemag.it\/index.php\/2025\/05\/16\/le-mclaren-dominano-il-venerdi-di-imola-piastri-il-piu-veloce\/"},"author":{"name":"italpress","@id":"https:\/\/www.livemag.it\/#\/schema\/person\/b62c5f44451fdcdaeb0afe6c2424e73c"},"headline":"Le McLaren dominano il venerd\u00ec di Imola, Piastri il pi\u00f9 veloce","datePublished":"2025-05-16T19:02:57+00:00","mainEntityOfPage":{"@id":"https:\/\/www.livemag.it\/index.php\/2025\/05\/16\/le-mclaren-dominano-il-venerdi-di-imola-piastri-il-piu-veloce\/"},"wordCount":227,"publisher":{"@id":"https:\/\/www.livemag.it\/#organization"},"image":{"@id":"https:\/\/www.livemag.it\/index.php\/2025\/05\/16\/le-mclaren-dominano-il-venerdi-di-imola-piastri-il-piu-veloce\/#primaryimage"},"thumbnailUrl":"https:\/\/www.livemag.it\/wp-content\/uploads\/2025\/05\/20250516_2685.jpg","articleSection":["Mondo"],"inLanguage":"it-IT"},{"@type":"WebPage","@id":"https:\/\/www.livemag.it\/index.php\/2025\/05\/16\/le-mclaren-dominano-il-venerdi-di-imola-piastri-il-piu-veloce\/","url":"https:\/\/www.livemag.it\/index.php\/2025\/05\/16\/le-mclaren-dominano-il-venerdi-di-imola-piastri-il-piu-veloce\/","name":"Le McLaren dominano il venerd\u00ec di Imola, Piastri il pi\u00f9 veloce - Live Magazine","isPartOf":{"@id":"https:\/\/www.livemag.it\/#website"},"primaryImageOfPage":{"@id":"https:\/\/www.livemag.it\/index.php\/2025\/05\/16\/le-mclaren-dominano-il-venerdi-di-imola-piastri-il-piu-veloce\/#primaryimage"},"image":{"@id":"https:\/\/www.livemag.it\/index.php\/2025\/05\/16\/le-mclaren-dominano-il-venerdi-di-imola-piastri-il-piu-veloce\/#primaryimage"},"thumbnailUrl":"https:\/\/www.livemag.it\/wp-content\/uploads\/2025\/05\/20250516_2685.jpg","datePublished":"2025-05-16T19:02:57+00:00","breadcrumb":{"@id":"https:\/\/www.livemag.it\/index.php\/2025\/05\/16\/le-mclaren-dominano-il-venerdi-di-imola-piastri-il-piu-veloce\/#breadcrumb"},"inLanguage":"it-IT","potentialAction":[{"@type":"ReadAction","target":["https:\/\/www.livemag.it\/index.php\/2025\/05\/16\/le-mclaren-dominano-il-venerdi-di-imola-piastri-il-piu-veloce\/"]}]},{"@type":"ImageObject","inLanguage":"it-IT","@id":"https:\/\/www.livemag.it\/index.php\/2025\/05\/16\/le-mclaren-dominano-il-venerdi-di-imola-piastri-il-piu-veloce\/#primaryimage","url":"https:\/\/www.livemag.it\/wp-content\/uploads\/2025\/05\/20250516_2685.jpg","contentUrl":"https:\/\/www.livemag.it\/wp-content\/uploads\/2025\/05\/20250516_2685.jpg","width":1200,"height":800},{"@type":"BreadcrumbList","@id":"https:\/\/www.livemag.it\/index.php\/2025\/05\/16\/le-mclaren-dominano-il-venerdi-di-imola-piastri-il-piu-veloce\/#breadcrumb","itemListElement":[{"@type":"ListItem","position":1,"name":"Home","item":"https:\/\/www.livemag.it\/"},{"@type":"ListItem","position":2,"name":"Le McLaren dominano il venerd\u00ec di Imola, Piastri il pi\u00f9 veloce"}]},{"@type":"WebSite","@id":"https:\/\/www.livemag.it\/#website","url":"https:\/\/www.livemag.it\/","name":"Live Magazine","description":"Varie ed eventi","publisher":{"@id":"https:\/\/www.livemag.it\/#organization"},"potentialAction":[{"@type":"SearchAction","target":{"@type":"EntryPoint","urlTemplate":"https:\/\/www.livemag.it\/?s={search_term_string}"},"query-input":{"@type":"PropertyValueSpecification","valueRequired":true,"valueName":"search_term_string"}}],"inLanguage":"it-IT"},{"@type":"Organization","@id":"https:\/\/www.livemag.it\/#organization","name":"LiveMag","alternateName":"LiveMag News ed eventi","url":"https:\/\/www.livemag.it\/","logo":{"@type":"ImageObject","inLanguage":"it-IT","@id":"https:\/\/www.livemag.it\/#\/schema\/logo\/image\/","url":"https:\/\/www.livemag.it\/wp-content\/uploads\/2024\/02\/immagine-sito.jpg","contentUrl":"https:\/\/www.livemag.it\/wp-content\/uploads\/2024\/02\/immagine-sito.jpg","width":696,"height":696,"caption":"LiveMag"},"image":{"@id":"https:\/\/www.livemag.it\/#\/schema\/logo\/image\/"},"sameAs":["https:\/\/www.facebook.com\/LiveMag\/","https:\/\/x.com\/LiveNotizie","https:\/\/www.instagram.com\/livemag\/"]},{"@type":"Person","@id":"https:\/\/www.livemag.it\/#\/schema\/person\/b62c5f44451fdcdaeb0afe6c2424e73c","name":"italpress","image":{"@type":"ImageObject","inLanguage":"it-IT","@id":"https:\/\/secure.gravatar.com\/avatar\/b6a21695fc713ce7ee312cf57c97e2e641feb365be72d8745574d3c3e2b59066?s=96&r=g","url":"https:\/\/secure.gravatar.com\/avatar\/b6a21695fc713ce7ee312cf57c97e2e641feb365be72d8745574d3c3e2b59066?s=96&r=g","contentUrl":"https:\/\/secure.gravatar.com\/avatar\/b6a21695fc713ce7ee312cf57c97e2e641feb365be72d8745574d3c3e2b59066?s=96&r=g","caption":"italpress"},"description":"Italpress \u00e8 un'agenzia di stampa italiana a carattere nazionale.","url":"https:\/\/www.livemag.it\/index.php\/author\/italpress\/"}]}},"jetpack_featured_media_url":"https:\/\/www.livemag.it\/wp-content\/uploads\/2025\/05\/20250516_2685.jpg","_links":{"self":[{"href":"https:\/\/www.livemag.it\/index.php\/wp-json\/wp\/v2\/posts\/51083","targetHints":{"allow":["GET"]}}],"collection":[{"href":"https:\/\/www.livemag.it\/index.php\/wp-json\/wp\/v2\/posts"}],"about":[{"href":"https:\/\/www.livemag.it\/index.php\/wp-json\/wp\/v2\/types\/post"}],"author":[{"embeddable":true,"href":"https:\/\/www.livemag.it\/index.php\/wp-json\/wp\/v2\/users\/16"}],"replies":[{"embeddable":true,"href":"https:\/\/www.livemag.it\/index.php\/wp-json\/wp\/v2\/comments?post=51083"}],"version-history":[{"count":0,"href":"https:\/\/www.livemag.it\/index.php\/wp-json\/wp\/v2\/posts\/51083\/revisions"}],"wp:featuredmedia":[{"embeddable":true,"href":"https:\/\/www.livemag.it\/index.php\/wp-json\/wp\/v2\/media\/51084"}],"wp:attachment":[{"href":"https:\/\/www.livemag.it\/index.php\/wp-json\/wp\/v2\/media?parent=51083"}],"wp:term":[{"taxonomy":"category","embeddable":true,"href":"https:\/\/www.livemag.it\/index.php\/wp-json\/wp\/v2\/categories?post=51083"},{"taxonomy":"post_tag","embeddable":true,"href":"https:\/\/www.livemag.it\/index.php\/wp-json\/wp\/v2\/tags?post=51083"}],"curies":[{"name":"wp","href":"https:\/\/api.w.org\/{rel}","templated":true}]}}