{"id":49438,"date":"2025-04-21T18:22:04","date_gmt":"2025-04-21T16:22:04","guid":{"rendered":"https:\/\/www.livemag.it\/?p=49438"},"modified":"2025-04-21T18:22:14","modified_gmt":"2025-04-21T16:22:14","slug":"e-morto-il-papa-il-mondo-saluta-un-uomo-tra-la-fede-e-la-storia","status":"publish","type":"post","link":"https:\/\/www.livemag.it\/index.php\/2025\/04\/21\/e-morto-il-papa-il-mondo-saluta-un-uomo-tra-la-fede-e-la-storia\/","title":{"rendered":"\u00c8 morto il Papa: il mondo saluta un uomo tra la fede e la storia"},"content":{"rendered":"\n<h3 class=\"wp-block-heading\"><strong>L\u2019ultimo saluto al Pontefice che ha segnato un\u2019epoca<\/strong><\/h3>\n\n\n\n<p>Il <strong>Papa<\/strong> \u00e8 morto. La notizia \u00e8 giunta in una mattina grigia, sospesa, come se il cielo avesse trattenuto il respiro insieme ai fedeli di tutto il mondo. Il <strong>successore di Pietro<\/strong>, <em>uomo di preghiera, dialogo e contraddizioni<\/em>, si \u00e8 spento nel suo appartamento in Vaticano, circondato da pochi collaboratori fidati. Aveva <strong>87 anni<\/strong>.<\/p>\n\n\n\n<p>La sua scomparsa lascia un vuoto non solo nella <strong>Chiesa cattolica<\/strong>, ma anche nella coscienza collettiva di un\u2019epoca che ha cercato un equilibrio tra <em>tradizione e modernit\u00e0<\/em>. Il <strong>Papa<\/strong> non \u00e8 stato solo un capo spirituale, ma anche un protagonista della scena internazionale. Ha parlato alle Nazioni Unite, ha visitato le periferie del mondo, ha stretto mani segnate dalla guerra e ha chiesto perdono a nome della Chiesa per le ferite mai rimarginate del passato.<\/p>\n\n\n\n<h3 class=\"wp-block-heading\"><strong>Una vita tra il Vangelo e la diplomazia<\/strong><\/h3>\n\n\n\n<figure class=\"wp-block-gallery has-nested-images columns-default is-cropped wp-block-gallery-1 is-layout-flex wp-block-gallery-is-layout-flex\">\n<figure class=\"wp-block-image size-large\"><img fetchpriority=\"high\" decoding=\"async\" width=\"428\" height=\"433\" data-id=\"49440\" src=\"https:\/\/www.livemag.it\/wp-content\/uploads\/2025\/04\/Papa-Francesco-4.png\" alt=\"\" class=\"wp-image-49440\" srcset=\"https:\/\/www.livemag.it\/wp-content\/uploads\/2025\/04\/Papa-Francesco-4.png 428w, https:\/\/www.livemag.it\/wp-content\/uploads\/2025\/04\/Papa-Francesco-4-297x300.png 297w, https:\/\/www.livemag.it\/wp-content\/uploads\/2025\/04\/Papa-Francesco-4-75x75.png 75w\" sizes=\"(max-width: 428px) 100vw, 428px\" \/><\/figure>\n<\/figure>\n\n\n\n<p>Il <strong>Papa<\/strong> ha scelto la via dell\u2019evangelizzazione silenziosa, della prossimit\u00e0 umana, del dialogo aperto con le religioni e con chi della fede non sapeva cosa farsene. Ha lasciato il palazzo apostolico per vivere in una residenza pi\u00f9 umile, ha rinunciato agli orpelli del potere e ha preferito <em>la carezza alla condanna<\/em>. In molti lo hanno amato, altri lo hanno criticato con veemenza: <strong>ha spaccato<\/strong>, ha <em>provocato<\/em>, ha fatto tremare le certezze. Ma non ha mai smesso di mettersi in discussione.<\/p>\n\n\n\n<p>Ha viaggiato nei Paesi pi\u00f9 poveri, ha parlato di <strong>giustizia sociale<\/strong>, ha denunciato l\u2019ipocrisia e il consumismo. Ha scritto encicliche sul clima, ha aperto le porte a chi chiedeva ascolto, anche quando la dottrina faticava a reggere l\u2019urto del presente.<\/p>\n\n\n\n<h3 class=\"wp-block-heading\"><strong>Il Conclave che verr\u00e0 e il tempo della riflessione<\/strong><\/h3>\n\n\n\n<p>Con la morte del <strong>Papa<\/strong>, si apre ora il tempo della <em>Sede Vacante<\/em>. I cardinali si riuniranno nei prossimi giorni per eleggere il successore. Intanto, la <strong>Basilica di San Pietro<\/strong> accoglie i fedeli accorsi da ogni angolo del pianeta. Le campane hanno suonato lente, i volti bagnati dalle lacrime si mischiano ai rosari sgranati in silenzio.<\/p>\n\n\n\n<p>Il mondo intero si ferma. Si riflette, si ricorda, si prega. <strong>Un\u2019era si chiude<\/strong>, lasciando aperta la domanda pi\u00f9 grande: <em>chi sapr\u00e0 raccogliere il testimone?<\/em><\/p>\n\n\n\n<p>La risposta non arriver\u00e0 oggi. Ma oggi, il mondo si inchina davanti a un uomo che ha cercato, nel cuore del potere, la semplicit\u00e0 del Vangelo. Un <strong>uomo di Dio<\/strong>. Un <strong>uomo del popolo<\/strong>.<\/p>\n\n\n\n<p><a href=\"https:\/\/www.instagram.com\/ilibriconveronique?igsh=bGV0YndnY2MxenVm\">A cura di Veronica Aceti<\/a><br><br><\/p>\n","protected":false},"excerpt":{"rendered":"<p>L\u2019ultimo saluto al Pontefice che ha segnato un\u2019epoca Il Papa \u00e8 morto. La notizia \u00e8 giunta in una mattina grigia, sospesa, come se il cielo avesse trattenuto il respiro insieme ai fedeli di tutto il mondo. Il successore di Pietro, uomo di preghiera, dialogo e contraddizioni, si \u00e8 spento nel suo appartamento in Vaticano, circondato [&hellip;]<\/p>\n","protected":false},"author":20,"featured_media":49439,"comment_status":"open","ping_status":"open","sticky":false,"template":"","format":"standard","meta":{"jnews-multi-image_gallery":[],"jnews_single_post":{"format":"standard"},"jnews_primary_category":[],"jnews_social_meta":[],"jnews_override_counter":[],"jnews_post_split":[],"footnotes":""},"categories":[24,1],"tags":[6761,6753,4646,6752,6743,3384,6764,6747,6734,6751,6742,6749,6735,6440,5025,6739,6750,6748,2852,6758,6738,6730,6744,6766,2738,6746,6736,6763,6729,6451,6737,2411,6733,6454,6741,3107,6756,6755,6731,6601,6754,5065,4262,2830,2539,6732,6757,2794,6745,2925,6760,6759,6740,6762,6765],"class_list":["post-49438","post","type-post","status-publish","format-standard","has-post-thumbnail","hentry","category-prima-pagina","category-senza-categoria","tag-basilica-di-san-pietro","tag-campane","tag-capo","tag-cardinali","tag-carezza","tag-chiesa","tag-chiesa-cattolica","tag-clima","tag-collettiva","tag-conclave","tag-condanna","tag-consumismo","tag-contraddizioni","tag-coscienza","tag-dialogo","tag-diplomazia","tag-dottrina","tag-encicliche","tag-epoca","tag-era","tag-evangelizzazione","tag-fede","tag-giustizia","tag-ilibriconveronique","tag-internazionale","tag-ipocrisia","tag-modernita","tag-nazioni-unite","tag-papa","tag-passato","tag-perdono","tag-potere","tag-preghiera","tag-presente","tag-prossimita","tag-riflessione","tag-risposta","tag-rosari","tag-saluto","tag-scena","tag-sede-vacante","tag-silenzio","tag-sociale","tag-spirituale","tag-storia","tag-successore","tag-testimone","tag-tradizione","tag-umilta","tag-uomo","tag-uomo-del-popolo","tag-uomo-di-dio","tag-vangelo","tag-vaticano","tag-veronica-aceti"],"yoast_head":"<!-- This site is optimized with the Yoast SEO plugin v27.5 - https:\/\/yoast.com\/product\/yoast-seo-wordpress\/ -->\n<title>\u00c8 morto il Papa: il mondo saluta un uomo tra la fede e la storia<\/title>\n<meta name=\"description\" content=\"l Papa \u00e8 morto. La notizia \u00e8 giunta in una mattina grigia, sospesa, come se il cielo avesse trattenuto il respiro\" \/>\n<meta name=\"robots\" content=\"index, follow, max-snippet:-1, max-image-preview:large, max-video-preview:-1\" \/>\n<link rel=\"canonical\" href=\"https:\/\/www.livemag.it\/index.php\/2025\/04\/21\/e-morto-il-papa-il-mondo-saluta-un-uomo-tra-la-fede-e-la-storia\/\" \/>\n<meta property=\"og:locale\" content=\"it_IT\" \/>\n<meta property=\"og:type\" content=\"article\" \/>\n<meta property=\"og:title\" content=\"\u00c8 morto il Papa: il mondo saluta un uomo tra la fede e la storia\" \/>\n<meta property=\"og:description\" content=\"l Papa \u00e8 morto. La notizia \u00e8 giunta in una mattina grigia, sospesa, come se il cielo avesse trattenuto il respiro\" \/>\n<meta property=\"og:url\" content=\"https:\/\/www.livemag.it\/index.php\/2025\/04\/21\/e-morto-il-papa-il-mondo-saluta-un-uomo-tra-la-fede-e-la-storia\/\" \/>\n<meta property=\"og:site_name\" content=\"Live Magazine\" \/>\n<meta property=\"article:publisher\" content=\"https:\/\/www.facebook.com\/LiveMag\/\" \/>\n<meta property=\"article:published_time\" content=\"2025-04-21T16:22:04+00:00\" \/>\n<meta property=\"article:modified_time\" content=\"2025-04-21T16:22:14+00:00\" \/>\n<meta property=\"og:image\" content=\"https:\/\/www.livemag.it\/wp-content\/uploads\/2025\/04\/Papa-Francesco-2.png\" \/>\n\t<meta property=\"og:image:width\" content=\"537\" \/>\n\t<meta property=\"og:image:height\" content=\"467\" \/>\n\t<meta property=\"og:image:type\" content=\"image\/png\" \/>\n<meta name=\"author\" content=\"Mario Altomura\" \/>\n<meta name=\"twitter:card\" content=\"summary_large_image\" \/>\n<meta name=\"twitter:creator\" content=\"@LiveNotizie\" \/>\n<meta name=\"twitter:site\" content=\"@LiveNotizie\" \/>\n<meta name=\"twitter:label1\" content=\"Scritto da\" \/>\n\t<meta name=\"twitter:data1\" content=\"Mario Altomura\" \/>\n\t<meta name=\"twitter:label2\" content=\"Tempo di lettura stimato\" \/>\n\t<meta name=\"twitter:data2\" content=\"3 minuti\" \/>\n<script type=\"application\/ld+json\" class=\"yoast-schema-graph\">{\"@context\":\"https:\\\/\\\/schema.org\",\"@graph\":[{\"@type\":\"Article\",\"@id\":\"https:\\\/\\\/www.livemag.it\\\/index.php\\\/2025\\\/04\\\/21\\\/e-morto-il-papa-il-mondo-saluta-un-uomo-tra-la-fede-e-la-storia\\\/#article\",\"isPartOf\":{\"@id\":\"https:\\\/\\\/www.livemag.it\\\/index.php\\\/2025\\\/04\\\/21\\\/e-morto-il-papa-il-mondo-saluta-un-uomo-tra-la-fede-e-la-storia\\\/\"},\"author\":{\"name\":\"Mario Altomura\",\"@id\":\"https:\\\/\\\/www.livemag.it\\\/#\\\/schema\\\/person\\\/cc097583ef7f4da9e9fe62e8b552ab72\"},\"headline\":\"\u00c8 morto il Papa: il mondo saluta un uomo tra la fede e la storia\",\"datePublished\":\"2025-04-21T16:22:04+00:00\",\"dateModified\":\"2025-04-21T16:22:14+00:00\",\"mainEntityOfPage\":{\"@id\":\"https:\\\/\\\/www.livemag.it\\\/index.php\\\/2025\\\/04\\\/21\\\/e-morto-il-papa-il-mondo-saluta-un-uomo-tra-la-fede-e-la-storia\\\/\"},\"wordCount\":410,\"commentCount\":0,\"publisher\":{\"@id\":\"https:\\\/\\\/www.livemag.it\\\/#organization\"},\"image\":{\"@id\":\"https:\\\/\\\/www.livemag.it\\\/index.php\\\/2025\\\/04\\\/21\\\/e-morto-il-papa-il-mondo-saluta-un-uomo-tra-la-fede-e-la-storia\\\/#primaryimage\"},\"thumbnailUrl\":\"https:\\\/\\\/www.livemag.it\\\/wp-content\\\/uploads\\\/2025\\\/04\\\/Papa-Francesco-2.png\",\"keywords\":[\"Basilica di San Pietro\",\"campane\",\"capo\",\"cardinali\",\"carezza\",\"Chiesa\",\"Chiesa cattolica\",\"clima\",\"collettiva\",\"Conclave\",\"condanna\",\"consumismo\",\"contraddizioni\",\"coscienza\",\"Dialogo\",\"diplomazia\",\"dottrina\",\"encicliche\",\"epoca\",\"era\",\"evangelizzazione\",\"fede\",\"giustizia\",\"ilibriconveronique\",\"internazionale\",\"ipocrisia\",\"modernit\u00e0\",\"Nazioni Unite\",\"Papa\",\"passato\",\"perdono\",\"potere\",\"preghiera\",\"presente\",\"prossimit\u00e0\",\"riflessione\",\"risposta\",\"rosari\",\"saluto\",\"scena\",\"Sede Vacante\",\"silenzio\",\"sociale\",\"spirituale\",\"storia\",\"successore\",\"testimone\",\"tradizione\",\"umilt\u00e0\",\"uomo\",\"uomo del popolo\",\"uomo di Dio\",\"Vangelo\",\"Vaticano\",\"veronica aceti\"],\"articleSection\":[\"Prima Pagina\"],\"inLanguage\":\"it-IT\",\"potentialAction\":[{\"@type\":\"CommentAction\",\"name\":\"Comment\",\"target\":[\"https:\\\/\\\/www.livemag.it\\\/index.php\\\/2025\\\/04\\\/21\\\/e-morto-il-papa-il-mondo-saluta-un-uomo-tra-la-fede-e-la-storia\\\/#respond\"]}]},{\"@type\":\"WebPage\",\"@id\":\"https:\\\/\\\/www.livemag.it\\\/index.php\\\/2025\\\/04\\\/21\\\/e-morto-il-papa-il-mondo-saluta-un-uomo-tra-la-fede-e-la-storia\\\/\",\"url\":\"https:\\\/\\\/www.livemag.it\\\/index.php\\\/2025\\\/04\\\/21\\\/e-morto-il-papa-il-mondo-saluta-un-uomo-tra-la-fede-e-la-storia\\\/\",\"name\":\"\u00c8 morto il Papa: il mondo saluta un uomo tra la fede e la storia\",\"isPartOf\":{\"@id\":\"https:\\\/\\\/www.livemag.it\\\/#website\"},\"primaryImageOfPage\":{\"@id\":\"https:\\\/\\\/www.livemag.it\\\/index.php\\\/2025\\\/04\\\/21\\\/e-morto-il-papa-il-mondo-saluta-un-uomo-tra-la-fede-e-la-storia\\\/#primaryimage\"},\"image\":{\"@id\":\"https:\\\/\\\/www.livemag.it\\\/index.php\\\/2025\\\/04\\\/21\\\/e-morto-il-papa-il-mondo-saluta-un-uomo-tra-la-fede-e-la-storia\\\/#primaryimage\"},\"thumbnailUrl\":\"https:\\\/\\\/www.livemag.it\\\/wp-content\\\/uploads\\\/2025\\\/04\\\/Papa-Francesco-2.png\",\"datePublished\":\"2025-04-21T16:22:04+00:00\",\"dateModified\":\"2025-04-21T16:22:14+00:00\",\"description\":\"l Papa \u00e8 morto. La notizia \u00e8 giunta in una mattina grigia, sospesa, come se il cielo avesse trattenuto il respiro\",\"breadcrumb\":{\"@id\":\"https:\\\/\\\/www.livemag.it\\\/index.php\\\/2025\\\/04\\\/21\\\/e-morto-il-papa-il-mondo-saluta-un-uomo-tra-la-fede-e-la-storia\\\/#breadcrumb\"},\"inLanguage\":\"it-IT\",\"potentialAction\":[{\"@type\":\"ReadAction\",\"target\":[\"https:\\\/\\\/www.livemag.it\\\/index.php\\\/2025\\\/04\\\/21\\\/e-morto-il-papa-il-mondo-saluta-un-uomo-tra-la-fede-e-la-storia\\\/\"]}]},{\"@type\":\"ImageObject\",\"inLanguage\":\"it-IT\",\"@id\":\"https:\\\/\\\/www.livemag.it\\\/index.php\\\/2025\\\/04\\\/21\\\/e-morto-il-papa-il-mondo-saluta-un-uomo-tra-la-fede-e-la-storia\\\/#primaryimage\",\"url\":\"https:\\\/\\\/www.livemag.it\\\/wp-content\\\/uploads\\\/2025\\\/04\\\/Papa-Francesco-2.png\",\"contentUrl\":\"https:\\\/\\\/www.livemag.it\\\/wp-content\\\/uploads\\\/2025\\\/04\\\/Papa-Francesco-2.png\",\"width\":537,\"height\":467,\"caption\":\"Papa Francesco\"},{\"@type\":\"BreadcrumbList\",\"@id\":\"https:\\\/\\\/www.livemag.it\\\/index.php\\\/2025\\\/04\\\/21\\\/e-morto-il-papa-il-mondo-saluta-un-uomo-tra-la-fede-e-la-storia\\\/#breadcrumb\",\"itemListElement\":[{\"@type\":\"ListItem\",\"position\":1,\"name\":\"Home\",\"item\":\"https:\\\/\\\/www.livemag.it\\\/\"},{\"@type\":\"ListItem\",\"position\":2,\"name\":\"\u00c8 morto il Papa: il mondo saluta un uomo tra la fede e la storia\"}]},{\"@type\":\"WebSite\",\"@id\":\"https:\\\/\\\/www.livemag.it\\\/#website\",\"url\":\"https:\\\/\\\/www.livemag.it\\\/\",\"name\":\"Live Magazine\",\"description\":\"Varie ed eventi\",\"publisher\":{\"@id\":\"https:\\\/\\\/www.livemag.it\\\/#organization\"},\"potentialAction\":[{\"@type\":\"SearchAction\",\"target\":{\"@type\":\"EntryPoint\",\"urlTemplate\":\"https:\\\/\\\/www.livemag.it\\\/?s={search_term_string}\"},\"query-input\":{\"@type\":\"PropertyValueSpecification\",\"valueRequired\":true,\"valueName\":\"search_term_string\"}}],\"inLanguage\":\"it-IT\"},{\"@type\":\"Organization\",\"@id\":\"https:\\\/\\\/www.livemag.it\\\/#organization\",\"name\":\"LiveMag\",\"alternateName\":\"LiveMag News ed eventi\",\"url\":\"https:\\\/\\\/www.livemag.it\\\/\",\"logo\":{\"@type\":\"ImageObject\",\"inLanguage\":\"it-IT\",\"@id\":\"https:\\\/\\\/www.livemag.it\\\/#\\\/schema\\\/logo\\\/image\\\/\",\"url\":\"https:\\\/\\\/www.livemag.it\\\/wp-content\\\/uploads\\\/2024\\\/02\\\/immagine-sito.jpg\",\"contentUrl\":\"https:\\\/\\\/www.livemag.it\\\/wp-content\\\/uploads\\\/2024\\\/02\\\/immagine-sito.jpg\",\"width\":696,\"height\":696,\"caption\":\"LiveMag\"},\"image\":{\"@id\":\"https:\\\/\\\/www.livemag.it\\\/#\\\/schema\\\/logo\\\/image\\\/\"},\"sameAs\":[\"https:\\\/\\\/www.facebook.com\\\/LiveMag\\\/\",\"https:\\\/\\\/x.com\\\/LiveNotizie\",\"https:\\\/\\\/www.instagram.com\\\/livemag\\\/\"]},{\"@type\":\"Person\",\"@id\":\"https:\\\/\\\/www.livemag.it\\\/#\\\/schema\\\/person\\\/cc097583ef7f4da9e9fe62e8b552ab72\",\"name\":\"Mario Altomura\",\"image\":{\"@type\":\"ImageObject\",\"inLanguage\":\"it-IT\",\"@id\":\"https:\\\/\\\/secure.gravatar.com\\\/avatar\\\/3c7d3ce72a2bed6bab5e3681d59712a49247bdd227b4ef67de56814084f945dd?s=96&r=g\",\"url\":\"https:\\\/\\\/secure.gravatar.com\\\/avatar\\\/3c7d3ce72a2bed6bab5e3681d59712a49247bdd227b4ef67de56814084f945dd?s=96&r=g\",\"contentUrl\":\"https:\\\/\\\/secure.gravatar.com\\\/avatar\\\/3c7d3ce72a2bed6bab5e3681d59712a49247bdd227b4ef67de56814084f945dd?s=96&r=g\",\"caption\":\"Mario Altomura\"},\"description\":\"fotografo celebrity\",\"url\":\"https:\\\/\\\/www.livemag.it\\\/index.php\\\/author\\\/fabio-scarpati\\\/\"}]}<\/script>\n<!-- \/ Yoast SEO plugin. -->","yoast_head_json":{"title":"\u00c8 morto il Papa: il mondo saluta un uomo tra la fede e la storia","description":"l Papa \u00e8 morto. La notizia \u00e8 giunta in una mattina grigia, sospesa, come se il cielo avesse trattenuto il respiro","robots":{"index":"index","follow":"follow","max-snippet":"max-snippet:-1","max-image-preview":"max-image-preview:large","max-video-preview":"max-video-preview:-1"},"canonical":"https:\/\/www.livemag.it\/index.php\/2025\/04\/21\/e-morto-il-papa-il-mondo-saluta-un-uomo-tra-la-fede-e-la-storia\/","og_locale":"it_IT","og_type":"article","og_title":"\u00c8 morto il Papa: il mondo saluta un uomo tra la fede e la storia","og_description":"l Papa \u00e8 morto. La notizia \u00e8 giunta in una mattina grigia, sospesa, come se il cielo avesse trattenuto il respiro","og_url":"https:\/\/www.livemag.it\/index.php\/2025\/04\/21\/e-morto-il-papa-il-mondo-saluta-un-uomo-tra-la-fede-e-la-storia\/","og_site_name":"Live Magazine","article_publisher":"https:\/\/www.facebook.com\/LiveMag\/","article_published_time":"2025-04-21T16:22:04+00:00","article_modified_time":"2025-04-21T16:22:14+00:00","og_image":[{"width":537,"height":467,"url":"https:\/\/www.livemag.it\/wp-content\/uploads\/2025\/04\/Papa-Francesco-2.png","type":"image\/png"}],"author":"Mario Altomura","twitter_card":"summary_large_image","twitter_creator":"@LiveNotizie","twitter_site":"@LiveNotizie","twitter_misc":{"Scritto da":"Mario Altomura","Tempo di lettura stimato":"3 minuti"},"schema":{"@context":"https:\/\/schema.org","@graph":[{"@type":"Article","@id":"https:\/\/www.livemag.it\/index.php\/2025\/04\/21\/e-morto-il-papa-il-mondo-saluta-un-uomo-tra-la-fede-e-la-storia\/#article","isPartOf":{"@id":"https:\/\/www.livemag.it\/index.php\/2025\/04\/21\/e-morto-il-papa-il-mondo-saluta-un-uomo-tra-la-fede-e-la-storia\/"},"author":{"name":"Mario Altomura","@id":"https:\/\/www.livemag.it\/#\/schema\/person\/cc097583ef7f4da9e9fe62e8b552ab72"},"headline":"\u00c8 morto il Papa: il mondo saluta un uomo tra la fede e la storia","datePublished":"2025-04-21T16:22:04+00:00","dateModified":"2025-04-21T16:22:14+00:00","mainEntityOfPage":{"@id":"https:\/\/www.livemag.it\/index.php\/2025\/04\/21\/e-morto-il-papa-il-mondo-saluta-un-uomo-tra-la-fede-e-la-storia\/"},"wordCount":410,"commentCount":0,"publisher":{"@id":"https:\/\/www.livemag.it\/#organization"},"image":{"@id":"https:\/\/www.livemag.it\/index.php\/2025\/04\/21\/e-morto-il-papa-il-mondo-saluta-un-uomo-tra-la-fede-e-la-storia\/#primaryimage"},"thumbnailUrl":"https:\/\/www.livemag.it\/wp-content\/uploads\/2025\/04\/Papa-Francesco-2.png","keywords":["Basilica di San Pietro","campane","capo","cardinali","carezza","Chiesa","Chiesa cattolica","clima","collettiva","Conclave","condanna","consumismo","contraddizioni","coscienza","Dialogo","diplomazia","dottrina","encicliche","epoca","era","evangelizzazione","fede","giustizia","ilibriconveronique","internazionale","ipocrisia","modernit\u00e0","Nazioni Unite","Papa","passato","perdono","potere","preghiera","presente","prossimit\u00e0","riflessione","risposta","rosari","saluto","scena","Sede Vacante","silenzio","sociale","spirituale","storia","successore","testimone","tradizione","umilt\u00e0","uomo","uomo del popolo","uomo di Dio","Vangelo","Vaticano","veronica aceti"],"articleSection":["Prima Pagina"],"inLanguage":"it-IT","potentialAction":[{"@type":"CommentAction","name":"Comment","target":["https:\/\/www.livemag.it\/index.php\/2025\/04\/21\/e-morto-il-papa-il-mondo-saluta-un-uomo-tra-la-fede-e-la-storia\/#respond"]}]},{"@type":"WebPage","@id":"https:\/\/www.livemag.it\/index.php\/2025\/04\/21\/e-morto-il-papa-il-mondo-saluta-un-uomo-tra-la-fede-e-la-storia\/","url":"https:\/\/www.livemag.it\/index.php\/2025\/04\/21\/e-morto-il-papa-il-mondo-saluta-un-uomo-tra-la-fede-e-la-storia\/","name":"\u00c8 morto il Papa: il mondo saluta un uomo tra la fede e la storia","isPartOf":{"@id":"https:\/\/www.livemag.it\/#website"},"primaryImageOfPage":{"@id":"https:\/\/www.livemag.it\/index.php\/2025\/04\/21\/e-morto-il-papa-il-mondo-saluta-un-uomo-tra-la-fede-e-la-storia\/#primaryimage"},"image":{"@id":"https:\/\/www.livemag.it\/index.php\/2025\/04\/21\/e-morto-il-papa-il-mondo-saluta-un-uomo-tra-la-fede-e-la-storia\/#primaryimage"},"thumbnailUrl":"https:\/\/www.livemag.it\/wp-content\/uploads\/2025\/04\/Papa-Francesco-2.png","datePublished":"2025-04-21T16:22:04+00:00","dateModified":"2025-04-21T16:22:14+00:00","description":"l Papa \u00e8 morto. La notizia \u00e8 giunta in una mattina grigia, sospesa, come se il cielo avesse trattenuto il respiro","breadcrumb":{"@id":"https:\/\/www.livemag.it\/index.php\/2025\/04\/21\/e-morto-il-papa-il-mondo-saluta-un-uomo-tra-la-fede-e-la-storia\/#breadcrumb"},"inLanguage":"it-IT","potentialAction":[{"@type":"ReadAction","target":["https:\/\/www.livemag.it\/index.php\/2025\/04\/21\/e-morto-il-papa-il-mondo-saluta-un-uomo-tra-la-fede-e-la-storia\/"]}]},{"@type":"ImageObject","inLanguage":"it-IT","@id":"https:\/\/www.livemag.it\/index.php\/2025\/04\/21\/e-morto-il-papa-il-mondo-saluta-un-uomo-tra-la-fede-e-la-storia\/#primaryimage","url":"https:\/\/www.livemag.it\/wp-content\/uploads\/2025\/04\/Papa-Francesco-2.png","contentUrl":"https:\/\/www.livemag.it\/wp-content\/uploads\/2025\/04\/Papa-Francesco-2.png","width":537,"height":467,"caption":"Papa Francesco"},{"@type":"BreadcrumbList","@id":"https:\/\/www.livemag.it\/index.php\/2025\/04\/21\/e-morto-il-papa-il-mondo-saluta-un-uomo-tra-la-fede-e-la-storia\/#breadcrumb","itemListElement":[{"@type":"ListItem","position":1,"name":"Home","item":"https:\/\/www.livemag.it\/"},{"@type":"ListItem","position":2,"name":"\u00c8 morto il Papa: il mondo saluta un uomo tra la fede e la storia"}]},{"@type":"WebSite","@id":"https:\/\/www.livemag.it\/#website","url":"https:\/\/www.livemag.it\/","name":"Live Magazine","description":"Varie ed eventi","publisher":{"@id":"https:\/\/www.livemag.it\/#organization"},"potentialAction":[{"@type":"SearchAction","target":{"@type":"EntryPoint","urlTemplate":"https:\/\/www.livemag.it\/?s={search_term_string}"},"query-input":{"@type":"PropertyValueSpecification","valueRequired":true,"valueName":"search_term_string"}}],"inLanguage":"it-IT"},{"@type":"Organization","@id":"https:\/\/www.livemag.it\/#organization","name":"LiveMag","alternateName":"LiveMag News ed eventi","url":"https:\/\/www.livemag.it\/","logo":{"@type":"ImageObject","inLanguage":"it-IT","@id":"https:\/\/www.livemag.it\/#\/schema\/logo\/image\/","url":"https:\/\/www.livemag.it\/wp-content\/uploads\/2024\/02\/immagine-sito.jpg","contentUrl":"https:\/\/www.livemag.it\/wp-content\/uploads\/2024\/02\/immagine-sito.jpg","width":696,"height":696,"caption":"LiveMag"},"image":{"@id":"https:\/\/www.livemag.it\/#\/schema\/logo\/image\/"},"sameAs":["https:\/\/www.facebook.com\/LiveMag\/","https:\/\/x.com\/LiveNotizie","https:\/\/www.instagram.com\/livemag\/"]},{"@type":"Person","@id":"https:\/\/www.livemag.it\/#\/schema\/person\/cc097583ef7f4da9e9fe62e8b552ab72","name":"Mario Altomura","image":{"@type":"ImageObject","inLanguage":"it-IT","@id":"https:\/\/secure.gravatar.com\/avatar\/3c7d3ce72a2bed6bab5e3681d59712a49247bdd227b4ef67de56814084f945dd?s=96&r=g","url":"https:\/\/secure.gravatar.com\/avatar\/3c7d3ce72a2bed6bab5e3681d59712a49247bdd227b4ef67de56814084f945dd?s=96&r=g","contentUrl":"https:\/\/secure.gravatar.com\/avatar\/3c7d3ce72a2bed6bab5e3681d59712a49247bdd227b4ef67de56814084f945dd?s=96&r=g","caption":"Mario Altomura"},"description":"fotografo celebrity","url":"https:\/\/www.livemag.it\/index.php\/author\/fabio-scarpati\/"}]}},"jetpack_featured_media_url":"https:\/\/www.livemag.it\/wp-content\/uploads\/2025\/04\/Papa-Francesco-2.png","_links":{"self":[{"href":"https:\/\/www.livemag.it\/index.php\/wp-json\/wp\/v2\/posts\/49438","targetHints":{"allow":["GET"]}}],"collection":[{"href":"https:\/\/www.livemag.it\/index.php\/wp-json\/wp\/v2\/posts"}],"about":[{"href":"https:\/\/www.livemag.it\/index.php\/wp-json\/wp\/v2\/types\/post"}],"author":[{"embeddable":true,"href":"https:\/\/www.livemag.it\/index.php\/wp-json\/wp\/v2\/users\/20"}],"replies":[{"embeddable":true,"href":"https:\/\/www.livemag.it\/index.php\/wp-json\/wp\/v2\/comments?post=49438"}],"version-history":[{"count":1,"href":"https:\/\/www.livemag.it\/index.php\/wp-json\/wp\/v2\/posts\/49438\/revisions"}],"predecessor-version":[{"id":49441,"href":"https:\/\/www.livemag.it\/index.php\/wp-json\/wp\/v2\/posts\/49438\/revisions\/49441"}],"wp:featuredmedia":[{"embeddable":true,"href":"https:\/\/www.livemag.it\/index.php\/wp-json\/wp\/v2\/media\/49439"}],"wp:attachment":[{"href":"https:\/\/www.livemag.it\/index.php\/wp-json\/wp\/v2\/media?parent=49438"}],"wp:term":[{"taxonomy":"category","embeddable":true,"href":"https:\/\/www.livemag.it\/index.php\/wp-json\/wp\/v2\/categories?post=49438"},{"taxonomy":"post_tag","embeddable":true,"href":"https:\/\/www.livemag.it\/index.php\/wp-json\/wp\/v2\/tags?post=49438"}],"curies":[{"name":"wp","href":"https:\/\/api.w.org\/{rel}","templated":true}]}}