{"id":46941,"date":"2025-03-18T17:04:47","date_gmt":"2025-03-18T16:04:47","guid":{"rendered":"https:\/\/www.livemag.it\/?p=46941"},"modified":"2025-03-18T17:05:24","modified_gmt":"2025-03-18T16:05:24","slug":"estate-a-cesenatico-con-artisti-e-ospiti-di-prestigio","status":"publish","type":"post","link":"https:\/\/www.livemag.it\/index.php\/2025\/03\/18\/estate-a-cesenatico-con-artisti-e-ospiti-di-prestigio\/","title":{"rendered":"Estate a Cesenatico con artisti e ospiti di prestigio"},"content":{"rendered":"\n<h2 class=\"wp-block-heading\">Un programma esclusivo con artisti e ospiti di prestigio<\/h2>\n\n\n<div class=\"wp-block-image\">\n<figure class=\"alignright size-large is-resized\"><img fetchpriority=\"high\" decoding=\"async\" width=\"1024\" height=\"682\" src=\"https:\/\/www.livemag.it\/wp-content\/uploads\/2025\/03\/red-ronnie-1024x682.jpg\" alt=\"red ronnie\" class=\"wp-image-46943\" style=\"width:360px;height:auto\" srcset=\"https:\/\/www.livemag.it\/wp-content\/uploads\/2025\/03\/red-ronnie-1024x682.jpg 1024w, https:\/\/www.livemag.it\/wp-content\/uploads\/2025\/03\/red-ronnie-300x200.jpg 300w, https:\/\/www.livemag.it\/wp-content\/uploads\/2025\/03\/red-ronnie-768x511.jpg 768w, https:\/\/www.livemag.it\/wp-content\/uploads\/2025\/03\/red-ronnie-750x499.jpg 750w, https:\/\/www.livemag.it\/wp-content\/uploads\/2025\/03\/red-ronnie-1140x759.jpg 1140w, https:\/\/www.livemag.it\/wp-content\/uploads\/2025\/03\/red-ronnie.jpg 1299w\" sizes=\"(max-width: 1024px) 100vw, 1024px\" \/><\/figure>\n<\/div>\n\n\n<p>L\u2019estate a <strong>Cesenatico<\/strong> si trasforma in un\u2019esperienza indimenticabile grazie a <strong>cento serate ricche di eventi<\/strong>, che uniscono musica, arte, cultura e intrattenimento. Il nuovo hotel <strong>Custodisca<\/strong>, primo <strong>Evolution Hotel<\/strong> in Italia, ospiter\u00e0 un palinsesto unico, impreziosito dalla presenza di personaggi di grande rilievo. All\u2019interno del suggestivo <strong>Giardino Mondani<\/strong>, il pubblico potr\u00e0 ammirare un\u2019opera affascinante: il magnifico <strong>Mandala Elettromeccanico<\/strong>, un\u2019installazione d\u2019arte contemporanea realizzata dal visionario <strong>Florian Goerlitz<\/strong>, artista berlinese noto per il suo stile innovativo.<\/p>\n\n\n\n<h3 class=\"wp-block-heading\"><strong>Musica, spettacoli dal vivo e momenti di crescita personale<\/strong><\/h3>\n\n\n\n<p>Il cartellone degli eventi offre un viaggio attraverso discipline diverse, con serate che abbracciano poesia, musica d\u2019autore, tecniche meditative e arti marziali. Tra i protagonisti, saliranno sul palco <strong>Roberto Mercadini<\/strong>, con i suoi monologhi teatrali pieni di passione, <strong>Red Ronnie<\/strong>, esperto di musica e grande narratore di storie, <strong>Salvatore Brizzi<\/strong>, con i suoi racconti esoterici e spirituali, il talentuoso pianista <strong>Christian Delord<\/strong> e il <strong>Lord Filippo Nardi<\/strong>, con le sue inconfondibili playlist.<\/p>\n\n\n\n<p>Ogni spettacolo offrir\u00e0 un\u2019occasione per scoprire nuove emozioni, lasciandosi trasportare dalla magia delle arti performative e della musica dal vivo.<\/p>\n\n\n\n<h3 class=\"wp-block-heading\"><strong>Uno spazio a Cesenatico che si trasforma tra relax ed energia<\/strong><\/h3>\n\n\n<div class=\"wp-block-image\">\n<figure class=\"alignleft size-large is-resized\"><img decoding=\"async\" width=\"1024\" height=\"740\" src=\"https:\/\/www.livemag.it\/wp-content\/uploads\/2025\/03\/roberto-mercadini-1024x740.gif\" alt=\"roberto mercadini\" class=\"wp-image-46945\" style=\"width:367px;height:auto\" srcset=\"https:\/\/www.livemag.it\/wp-content\/uploads\/2025\/03\/roberto-mercadini-1024x740.gif 1024w, https:\/\/www.livemag.it\/wp-content\/uploads\/2025\/03\/roberto-mercadini-300x217.gif 300w, https:\/\/www.livemag.it\/wp-content\/uploads\/2025\/03\/roberto-mercadini-768x555.gif 768w, https:\/\/www.livemag.it\/wp-content\/uploads\/2025\/03\/roberto-mercadini-120x86.gif 120w, https:\/\/www.livemag.it\/wp-content\/uploads\/2025\/03\/roberto-mercadini-750x542.gif 750w, https:\/\/www.livemag.it\/wp-content\/uploads\/2025\/03\/roberto-mercadini-1140x824.gif 1140w\" sizes=\"(max-width: 1024px) 100vw, 1024px\" \/><\/figure>\n<\/div>\n\n\n<p>Il grande <strong>Giardino Mondani<\/strong>, con i suoi <strong>1.400 metri quadrati<\/strong>, cambier\u00e0 atmosfera ogni sera, adattandosi ai temi degli eventi in programma. Durante gli incontri dedicati alla meditazione e alle discipline olistiche, l\u2019ambiente sar\u00e0 un rifugio di pace e introspezione, mentre nelle serate musicali si trasformer\u00e0 in un vivace <strong>disco-club dallo stile ibizenco<\/strong>, animato da <strong>deejay<\/strong>, performer e artisti di fama.<\/p>\n\n\n\n<p>A rendere l\u2019atmosfera ancora pi\u00f9 spettacolare, il maestoso <strong>Mandala Elettromeccanico<\/strong>, un\u2019opera unica nel suo genere, ideata dall\u2019estroso <strong>Florian Goerlitz<\/strong>, capace di creare scenografie straordinarie grazie ai suoi giochi di luci e movimenti dinamici.<\/p>\n\n\n\n<h3 class=\"wp-block-heading\"><strong>Grandi ospiti per incontri speciali ogni gioved\u00ec a Cesenatico<\/strong><\/h3>\n\n\n\n<p>Il gioved\u00ec sera sar\u00e0 sicuramente il momento pi\u00f9 atteso della settimana grazie alla rassegna <strong>&#8220;Incontri con uomini e donne straordinari&#8221;<\/strong>, una serie di appuntamenti dedicati alle storie e alle esperienze di figure di spicco nel panorama culturale e artistico. Tra gli ospiti attesi, anche il narratore di <strong>Rai3 Roberto Mercadini<\/strong>, l\u2019autore di thriller e romanzi noir <strong>Salvatore Brizzi<\/strong>, il filosofo seguace di Yogananda <strong>Riccardo Sardon\u00e8<\/strong>, il carismatico esperto musicale <strong>Red Ronnie<\/strong>, i coach motivazionali <strong>Roberta Liguori<\/strong> e <strong>Livio Sgarbi<\/strong>, il maestro di <strong>Bujutsu Silvano Sintini<\/strong> e il celebre regista e produttore <strong>Thomas Torelli<\/strong>, fondatore della piattaforma <strong>UAM Tv<\/strong>.<\/p>\n\n\n\n<figure class=\"wp-block-gallery has-nested-images columns-default is-cropped wp-block-gallery-1 is-layout-flex wp-block-gallery-is-layout-flex\">\n<figure class=\"wp-block-image size-large\"><img decoding=\"async\" width=\"1024\" height=\"576\" data-id=\"46944\" src=\"https:\/\/www.livemag.it\/wp-content\/uploads\/2025\/03\/reende-mandala-1024x576.jpg\" alt=\"reende mandala\" class=\"wp-image-46944\" srcset=\"https:\/\/www.livemag.it\/wp-content\/uploads\/2025\/03\/reende-mandala-1024x576.jpg 1024w, https:\/\/www.livemag.it\/wp-content\/uploads\/2025\/03\/reende-mandala-300x169.jpg 300w, https:\/\/www.livemag.it\/wp-content\/uploads\/2025\/03\/reende-mandala-768x432.jpg 768w, https:\/\/www.livemag.it\/wp-content\/uploads\/2025\/03\/reende-mandala-1536x864.jpg 1536w, https:\/\/www.livemag.it\/wp-content\/uploads\/2025\/03\/reende-mandala-750x422.jpg 750w, https:\/\/www.livemag.it\/wp-content\/uploads\/2025\/03\/reende-mandala-1140x641.jpg 1140w, https:\/\/www.livemag.it\/wp-content\/uploads\/2025\/03\/reende-mandala.jpg 1663w\" sizes=\"(max-width: 1024px) 100vw, 1024px\" \/><\/figure>\n\n\n\n<figure class=\"wp-block-image size-large\"><img loading=\"lazy\" decoding=\"async\" width=\"1024\" height=\"576\" data-id=\"46942\" src=\"https:\/\/www.livemag.it\/wp-content\/uploads\/2025\/03\/giardino-mondani-1024x576.jpg\" alt=\"giardino mondani\" class=\"wp-image-46942\" srcset=\"https:\/\/www.livemag.it\/wp-content\/uploads\/2025\/03\/giardino-mondani-1024x576.jpg 1024w, https:\/\/www.livemag.it\/wp-content\/uploads\/2025\/03\/giardino-mondani-300x169.jpg 300w, https:\/\/www.livemag.it\/wp-content\/uploads\/2025\/03\/giardino-mondani-768x432.jpg 768w, https:\/\/www.livemag.it\/wp-content\/uploads\/2025\/03\/giardino-mondani-750x422.jpg 750w, https:\/\/www.livemag.it\/wp-content\/uploads\/2025\/03\/giardino-mondani-1140x641.jpg 1140w, https:\/\/www.livemag.it\/wp-content\/uploads\/2025\/03\/giardino-mondani.jpg 1247w\" sizes=\"(max-width: 1024px) 100vw, 1024px\" \/><\/figure>\n<\/figure>\n\n\n\n<h3 class=\"wp-block-heading\"><strong>Un viaggio tra suoni, energia positiva e riflessione<\/strong><\/h3>\n\n\n\n<p>Il programma include anche la partecipazione del maestro della <strong>pace interiore Marino Ottaviani<\/strong>, che accompagner\u00e0 il pubblico in un percorso di crescita spirituale. L\u2019esperienza sar\u00e0 arricchita dalle <strong>good vibes<\/strong> di <strong>Chiara Bartoletti<\/strong>, che attraverso i suoi suoni, i suoi canti e i suoi mantra trasporter\u00e0 gli spettatori in una dimensione di armonia e benessere.<\/p>\n\n\n\n<p>Gli appassionati di musica potranno immergersi nel sound <strong>groove &amp; swing<\/strong> del travolgente <strong>JJ Vianello<\/strong> e della sua band, mentre il talentuoso <strong>Marco Ossanna<\/strong> sorprender\u00e0 con un mix di sonorit\u00e0 uniche, arricchite da contaminazioni innovative e sperimentali.<\/p>\n\n\n\n<h3 class=\"wp-block-heading\"><strong>Custodisca di Cesenatico: un luogo in cui arte, cultura e benessere si incontrano<\/strong><\/h3>\n\n\n\n<p><strong>Edward Scialfa<\/strong>, ideatore degli <strong>hotel Evolution<\/strong>, racconta con entusiasmo la filosofia dietro a questo progetto:<\/p>\n\n\n\n<blockquote class=\"wp-block-quote is-layout-flow wp-block-quote-is-layout-flow\">\n<p>\u201c<em>Abbiamo creato un palinsesto che unisce <strong>spettacolo, cultura e benessere<\/strong>, regalando un\u2019esperienza completa e coinvolgente. <strong>Custodisca<\/strong> sar\u00e0 il cuore pulsante dell\u2019estate a <strong>Cesenatico<\/strong>, un luogo magico in cui l\u2019arte incontra il divertimento e il relax. Il nostro <strong>Giardino Mondani<\/strong> \u00e8 lo scenario perfetto per alternare momenti di festa, riflessione e crescita personale. Vogliamo che qui le persone riscoprano il piacere della condivisione, dell\u2019emozione e della bellezza della vita.<\/em>\u201d<\/p>\n<\/blockquote>\n\n\n\n<p>L\u2019estate si preannuncia <strong>ricca di emozioni, incontri sorprendenti e spettacoli di grande livello<\/strong>, per un\u2019esperienza indimenticabile nel cuore della meravigliosa <strong>riviera romagnola<\/strong>.<\/p>\n\n\n\n<p><a href=\"https:\/\/www.instagram.com\/altomura\/00?hl=it\" target=\"_blank\" rel=\"noreferrer noopener\">A cura di Mario Altomura<\/a><br><a href=\"https:\/\/www.bollicinevip.com\/nuovo-capitolo-per-unintesa-vincente-tra-virgo-e-grande-fratello\/\">Leggi anche: Nuovo capitolo per un\u2019intesa vincente tra Virgo e Grande Fratello<\/a><\/p>\n","protected":false},"excerpt":{"rendered":"<p>Un programma esclusivo con artisti e ospiti di prestigio L\u2019estate a Cesenatico si trasforma in un\u2019esperienza indimenticabile grazie a cento serate ricche di eventi, che uniscono musica, arte, cultura e intrattenimento. Il nuovo hotel Custodisca, primo Evolution Hotel in Italia, ospiter\u00e0 un palinsesto unico, impreziosito dalla presenza di personaggi di grande rilievo. All\u2019interno del suggestivo [&hellip;]<\/p>\n","protected":false},"author":20,"featured_media":46946,"comment_status":"open","ping_status":"open","sticky":false,"template":"","format":"standard","meta":{"jnews-multi-image_gallery":[],"jnews_single_post":{"format":"standard"},"jnews_primary_category":[],"jnews_social_meta":[],"jnews_override_counter":[],"jnews_post_split":[],"footnotes":""},"categories":[142,152,90,2,83],"tags":[6461,60,6462,6463,6464,6465,6466,6467,6468,1615,6471,6469,6470,6473,6474,6476,1892,6478,6475,6477,6472,6479,174,6458,2945,6480,6481,6484,6483,6482,3733,6485,6486,6487],"class_list":["post-46941","post","type-post","status-publish","format-standard","has-post-thumbnail","hentry","category-cultura-eventi","category-events","category-liveevent","category-livepeople","category-livevip","tag-arti-marziali","tag-calendario","tag-cesenatico","tag-chiara-bartoletti","tag-christian-delord","tag-coaching","tag-custodisca","tag-d-ronnie","tag-edward-scialfa","tag-eventi","tag-evolution","tag-filippo-nardi","tag-florian-goerlitz","tag-giardino-mondani","tag-good-vibes","tag-groove","tag-hotel","tag-jj-vianello","tag-livio-sgarbi","tag-mandala-elettromeccanico","tag-marco-ossanna","tag-marino-ottaviani","tag-musica","tag-poesia","tag-rassegna","tag-riccardo-sardone","tag-roberta-liguori","tag-roberto-mercadini","tag-salvatore-brizzi","tag-silvano-sintini","tag-swing","tag-tecniche-meditative","tag-thomas-torelli","tag-uam-tv"],"yoast_head":"<!-- This site is optimized with the Yoast SEO plugin v27.5 - https:\/\/yoast.com\/product\/yoast-seo-wordpress\/ -->\n<title>Estate a Cesenatico con artisti e ospiti di prestigio<\/title>\n<meta name=\"description\" content=\"L\u2019estate a Cesenatico si trasforma in un\u2019esperienza indimenticabile grazie a cento serate ricche di eventi, che uniscono musica, arte\" \/>\n<meta name=\"robots\" content=\"index, follow, max-snippet:-1, max-image-preview:large, max-video-preview:-1\" \/>\n<link rel=\"canonical\" href=\"https:\/\/www.livemag.it\/index.php\/2025\/03\/18\/estate-a-cesenatico-con-artisti-e-ospiti-di-prestigio\/\" \/>\n<meta property=\"og:locale\" content=\"it_IT\" \/>\n<meta property=\"og:type\" content=\"article\" \/>\n<meta property=\"og:title\" content=\"Estate a Cesenatico con artisti e ospiti di prestigio\" \/>\n<meta property=\"og:description\" content=\"L\u2019estate a Cesenatico si trasforma in un\u2019esperienza indimenticabile grazie a cento serate ricche di eventi, che uniscono musica, arte\" \/>\n<meta property=\"og:url\" content=\"https:\/\/www.livemag.it\/index.php\/2025\/03\/18\/estate-a-cesenatico-con-artisti-e-ospiti-di-prestigio\/\" \/>\n<meta property=\"og:site_name\" content=\"Live Magazine\" \/>\n<meta property=\"article:publisher\" content=\"https:\/\/www.facebook.com\/LiveMag\/\" \/>\n<meta property=\"article:published_time\" content=\"2025-03-18T16:04:47+00:00\" \/>\n<meta property=\"article:modified_time\" content=\"2025-03-18T16:05:24+00:00\" \/>\n<meta property=\"og:image\" content=\"https:\/\/www.livemag.it\/wp-content\/uploads\/2025\/03\/salvatore-brizzi.gif\" \/>\n\t<meta property=\"og:image:width\" content=\"1247\" \/>\n\t<meta property=\"og:image:height\" content=\"1160\" \/>\n\t<meta property=\"og:image:type\" content=\"image\/gif\" \/>\n<meta name=\"author\" content=\"Mario Altomura\" \/>\n<meta name=\"twitter:card\" content=\"summary_large_image\" \/>\n<meta name=\"twitter:creator\" content=\"@LiveNotizie\" \/>\n<meta name=\"twitter:site\" content=\"@LiveNotizie\" \/>\n<meta name=\"twitter:label1\" content=\"Scritto da\" \/>\n\t<meta name=\"twitter:data1\" content=\"Mario Altomura\" \/>\n\t<meta name=\"twitter:label2\" content=\"Tempo di lettura stimato\" \/>\n\t<meta name=\"twitter:data2\" content=\"4 minuti\" \/>\n<script type=\"application\/ld+json\" class=\"yoast-schema-graph\">{\"@context\":\"https:\\\/\\\/schema.org\",\"@graph\":[{\"@type\":\"Article\",\"@id\":\"https:\\\/\\\/www.livemag.it\\\/index.php\\\/2025\\\/03\\\/18\\\/estate-a-cesenatico-con-artisti-e-ospiti-di-prestigio\\\/#article\",\"isPartOf\":{\"@id\":\"https:\\\/\\\/www.livemag.it\\\/index.php\\\/2025\\\/03\\\/18\\\/estate-a-cesenatico-con-artisti-e-ospiti-di-prestigio\\\/\"},\"author\":{\"name\":\"Mario Altomura\",\"@id\":\"https:\\\/\\\/www.livemag.it\\\/#\\\/schema\\\/person\\\/cc097583ef7f4da9e9fe62e8b552ab72\"},\"headline\":\"Estate a Cesenatico con artisti e ospiti di prestigio\",\"datePublished\":\"2025-03-18T16:04:47+00:00\",\"dateModified\":\"2025-03-18T16:05:24+00:00\",\"mainEntityOfPage\":{\"@id\":\"https:\\\/\\\/www.livemag.it\\\/index.php\\\/2025\\\/03\\\/18\\\/estate-a-cesenatico-con-artisti-e-ospiti-di-prestigio\\\/\"},\"wordCount\":657,\"commentCount\":0,\"publisher\":{\"@id\":\"https:\\\/\\\/www.livemag.it\\\/#organization\"},\"image\":{\"@id\":\"https:\\\/\\\/www.livemag.it\\\/index.php\\\/2025\\\/03\\\/18\\\/estate-a-cesenatico-con-artisti-e-ospiti-di-prestigio\\\/#primaryimage\"},\"thumbnailUrl\":\"https:\\\/\\\/www.livemag.it\\\/wp-content\\\/uploads\\\/2025\\\/03\\\/salvatore-brizzi.gif\",\"keywords\":[\"arti marziali\",\"calendario\",\"Cesenatico\",\"Chiara Bartoletti\",\"Christian Delord\",\"coaching\",\"Custodisca\",\"d Ronnie\",\"Edward Scialfa\",\"eventi\",\"Evolution\",\"Filippo Nardi\",\"Florian Goerlitz\",\"Giardino Mondani\",\"good vibes\",\"groove\",\"hotel\",\"JJ Vianello\",\"Livio Sgarbi\",\"Mandala Elettromeccanico\",\"Marco Ossanna\",\"Marino Ottaviani\",\"musica\",\"poesia\",\"Rassegna\",\"Riccardo Sardon\u00e8\",\"Roberta Liguori\",\"Roberto Mercadini\",\"Salvatore Brizzi\",\"Silvano Sintini\",\"Swing\",\"tecniche meditative\",\"Thomas Torelli\",\"UAM Tv\"],\"articleSection\":[\"Cultura Eventi\",\"events\",\"LiveEvent\",\"LivePeople\",\"LiveVIP\"],\"inLanguage\":\"it-IT\",\"potentialAction\":[{\"@type\":\"CommentAction\",\"name\":\"Comment\",\"target\":[\"https:\\\/\\\/www.livemag.it\\\/index.php\\\/2025\\\/03\\\/18\\\/estate-a-cesenatico-con-artisti-e-ospiti-di-prestigio\\\/#respond\"]}]},{\"@type\":\"WebPage\",\"@id\":\"https:\\\/\\\/www.livemag.it\\\/index.php\\\/2025\\\/03\\\/18\\\/estate-a-cesenatico-con-artisti-e-ospiti-di-prestigio\\\/\",\"url\":\"https:\\\/\\\/www.livemag.it\\\/index.php\\\/2025\\\/03\\\/18\\\/estate-a-cesenatico-con-artisti-e-ospiti-di-prestigio\\\/\",\"name\":\"Estate a Cesenatico con artisti e ospiti di prestigio\",\"isPartOf\":{\"@id\":\"https:\\\/\\\/www.livemag.it\\\/#website\"},\"primaryImageOfPage\":{\"@id\":\"https:\\\/\\\/www.livemag.it\\\/index.php\\\/2025\\\/03\\\/18\\\/estate-a-cesenatico-con-artisti-e-ospiti-di-prestigio\\\/#primaryimage\"},\"image\":{\"@id\":\"https:\\\/\\\/www.livemag.it\\\/index.php\\\/2025\\\/03\\\/18\\\/estate-a-cesenatico-con-artisti-e-ospiti-di-prestigio\\\/#primaryimage\"},\"thumbnailUrl\":\"https:\\\/\\\/www.livemag.it\\\/wp-content\\\/uploads\\\/2025\\\/03\\\/salvatore-brizzi.gif\",\"datePublished\":\"2025-03-18T16:04:47+00:00\",\"dateModified\":\"2025-03-18T16:05:24+00:00\",\"description\":\"L\u2019estate a Cesenatico si trasforma in un\u2019esperienza indimenticabile grazie a cento serate ricche di eventi, che uniscono musica, arte\",\"breadcrumb\":{\"@id\":\"https:\\\/\\\/www.livemag.it\\\/index.php\\\/2025\\\/03\\\/18\\\/estate-a-cesenatico-con-artisti-e-ospiti-di-prestigio\\\/#breadcrumb\"},\"inLanguage\":\"it-IT\",\"potentialAction\":[{\"@type\":\"ReadAction\",\"target\":[\"https:\\\/\\\/www.livemag.it\\\/index.php\\\/2025\\\/03\\\/18\\\/estate-a-cesenatico-con-artisti-e-ospiti-di-prestigio\\\/\"]}]},{\"@type\":\"ImageObject\",\"inLanguage\":\"it-IT\",\"@id\":\"https:\\\/\\\/www.livemag.it\\\/index.php\\\/2025\\\/03\\\/18\\\/estate-a-cesenatico-con-artisti-e-ospiti-di-prestigio\\\/#primaryimage\",\"url\":\"https:\\\/\\\/www.livemag.it\\\/wp-content\\\/uploads\\\/2025\\\/03\\\/salvatore-brizzi.gif\",\"contentUrl\":\"https:\\\/\\\/www.livemag.it\\\/wp-content\\\/uploads\\\/2025\\\/03\\\/salvatore-brizzi.gif\",\"width\":1247,\"height\":1160,\"caption\":\"salvatore brizzi\"},{\"@type\":\"BreadcrumbList\",\"@id\":\"https:\\\/\\\/www.livemag.it\\\/index.php\\\/2025\\\/03\\\/18\\\/estate-a-cesenatico-con-artisti-e-ospiti-di-prestigio\\\/#breadcrumb\",\"itemListElement\":[{\"@type\":\"ListItem\",\"position\":1,\"name\":\"Home\",\"item\":\"https:\\\/\\\/www.livemag.it\\\/\"},{\"@type\":\"ListItem\",\"position\":2,\"name\":\"Estate a Cesenatico con artisti e ospiti di prestigio\"}]},{\"@type\":\"WebSite\",\"@id\":\"https:\\\/\\\/www.livemag.it\\\/#website\",\"url\":\"https:\\\/\\\/www.livemag.it\\\/\",\"name\":\"Live Magazine\",\"description\":\"Varie ed eventi\",\"publisher\":{\"@id\":\"https:\\\/\\\/www.livemag.it\\\/#organization\"},\"potentialAction\":[{\"@type\":\"SearchAction\",\"target\":{\"@type\":\"EntryPoint\",\"urlTemplate\":\"https:\\\/\\\/www.livemag.it\\\/?s={search_term_string}\"},\"query-input\":{\"@type\":\"PropertyValueSpecification\",\"valueRequired\":true,\"valueName\":\"search_term_string\"}}],\"inLanguage\":\"it-IT\"},{\"@type\":\"Organization\",\"@id\":\"https:\\\/\\\/www.livemag.it\\\/#organization\",\"name\":\"LiveMag\",\"alternateName\":\"LiveMag News ed eventi\",\"url\":\"https:\\\/\\\/www.livemag.it\\\/\",\"logo\":{\"@type\":\"ImageObject\",\"inLanguage\":\"it-IT\",\"@id\":\"https:\\\/\\\/www.livemag.it\\\/#\\\/schema\\\/logo\\\/image\\\/\",\"url\":\"https:\\\/\\\/www.livemag.it\\\/wp-content\\\/uploads\\\/2024\\\/02\\\/immagine-sito.jpg\",\"contentUrl\":\"https:\\\/\\\/www.livemag.it\\\/wp-content\\\/uploads\\\/2024\\\/02\\\/immagine-sito.jpg\",\"width\":696,\"height\":696,\"caption\":\"LiveMag\"},\"image\":{\"@id\":\"https:\\\/\\\/www.livemag.it\\\/#\\\/schema\\\/logo\\\/image\\\/\"},\"sameAs\":[\"https:\\\/\\\/www.facebook.com\\\/LiveMag\\\/\",\"https:\\\/\\\/x.com\\\/LiveNotizie\",\"https:\\\/\\\/www.instagram.com\\\/livemag\\\/\"]},{\"@type\":\"Person\",\"@id\":\"https:\\\/\\\/www.livemag.it\\\/#\\\/schema\\\/person\\\/cc097583ef7f4da9e9fe62e8b552ab72\",\"name\":\"Mario Altomura\",\"image\":{\"@type\":\"ImageObject\",\"inLanguage\":\"it-IT\",\"@id\":\"https:\\\/\\\/secure.gravatar.com\\\/avatar\\\/3c7d3ce72a2bed6bab5e3681d59712a49247bdd227b4ef67de56814084f945dd?s=96&r=g\",\"url\":\"https:\\\/\\\/secure.gravatar.com\\\/avatar\\\/3c7d3ce72a2bed6bab5e3681d59712a49247bdd227b4ef67de56814084f945dd?s=96&r=g\",\"contentUrl\":\"https:\\\/\\\/secure.gravatar.com\\\/avatar\\\/3c7d3ce72a2bed6bab5e3681d59712a49247bdd227b4ef67de56814084f945dd?s=96&r=g\",\"caption\":\"Mario Altomura\"},\"description\":\"fotografo celebrity\",\"url\":\"https:\\\/\\\/www.livemag.it\\\/index.php\\\/author\\\/fabio-scarpati\\\/\"}]}<\/script>\n<!-- \/ Yoast SEO plugin. -->","yoast_head_json":{"title":"Estate a Cesenatico con artisti e ospiti di prestigio","description":"L\u2019estate a Cesenatico si trasforma in un\u2019esperienza indimenticabile grazie a cento serate ricche di eventi, che uniscono musica, arte","robots":{"index":"index","follow":"follow","max-snippet":"max-snippet:-1","max-image-preview":"max-image-preview:large","max-video-preview":"max-video-preview:-1"},"canonical":"https:\/\/www.livemag.it\/index.php\/2025\/03\/18\/estate-a-cesenatico-con-artisti-e-ospiti-di-prestigio\/","og_locale":"it_IT","og_type":"article","og_title":"Estate a Cesenatico con artisti e ospiti di prestigio","og_description":"L\u2019estate a Cesenatico si trasforma in un\u2019esperienza indimenticabile grazie a cento serate ricche di eventi, che uniscono musica, arte","og_url":"https:\/\/www.livemag.it\/index.php\/2025\/03\/18\/estate-a-cesenatico-con-artisti-e-ospiti-di-prestigio\/","og_site_name":"Live Magazine","article_publisher":"https:\/\/www.facebook.com\/LiveMag\/","article_published_time":"2025-03-18T16:04:47+00:00","article_modified_time":"2025-03-18T16:05:24+00:00","og_image":[{"width":1247,"height":1160,"url":"https:\/\/www.livemag.it\/wp-content\/uploads\/2025\/03\/salvatore-brizzi.gif","type":"image\/gif"}],"author":"Mario Altomura","twitter_card":"summary_large_image","twitter_creator":"@LiveNotizie","twitter_site":"@LiveNotizie","twitter_misc":{"Scritto da":"Mario Altomura","Tempo di lettura stimato":"4 minuti"},"schema":{"@context":"https:\/\/schema.org","@graph":[{"@type":"Article","@id":"https:\/\/www.livemag.it\/index.php\/2025\/03\/18\/estate-a-cesenatico-con-artisti-e-ospiti-di-prestigio\/#article","isPartOf":{"@id":"https:\/\/www.livemag.it\/index.php\/2025\/03\/18\/estate-a-cesenatico-con-artisti-e-ospiti-di-prestigio\/"},"author":{"name":"Mario Altomura","@id":"https:\/\/www.livemag.it\/#\/schema\/person\/cc097583ef7f4da9e9fe62e8b552ab72"},"headline":"Estate a Cesenatico con artisti e ospiti di prestigio","datePublished":"2025-03-18T16:04:47+00:00","dateModified":"2025-03-18T16:05:24+00:00","mainEntityOfPage":{"@id":"https:\/\/www.livemag.it\/index.php\/2025\/03\/18\/estate-a-cesenatico-con-artisti-e-ospiti-di-prestigio\/"},"wordCount":657,"commentCount":0,"publisher":{"@id":"https:\/\/www.livemag.it\/#organization"},"image":{"@id":"https:\/\/www.livemag.it\/index.php\/2025\/03\/18\/estate-a-cesenatico-con-artisti-e-ospiti-di-prestigio\/#primaryimage"},"thumbnailUrl":"https:\/\/www.livemag.it\/wp-content\/uploads\/2025\/03\/salvatore-brizzi.gif","keywords":["arti marziali","calendario","Cesenatico","Chiara Bartoletti","Christian Delord","coaching","Custodisca","d Ronnie","Edward Scialfa","eventi","Evolution","Filippo Nardi","Florian Goerlitz","Giardino Mondani","good vibes","groove","hotel","JJ Vianello","Livio Sgarbi","Mandala Elettromeccanico","Marco Ossanna","Marino Ottaviani","musica","poesia","Rassegna","Riccardo Sardon\u00e8","Roberta Liguori","Roberto Mercadini","Salvatore Brizzi","Silvano Sintini","Swing","tecniche meditative","Thomas Torelli","UAM Tv"],"articleSection":["Cultura Eventi","events","LiveEvent","LivePeople","LiveVIP"],"inLanguage":"it-IT","potentialAction":[{"@type":"CommentAction","name":"Comment","target":["https:\/\/www.livemag.it\/index.php\/2025\/03\/18\/estate-a-cesenatico-con-artisti-e-ospiti-di-prestigio\/#respond"]}]},{"@type":"WebPage","@id":"https:\/\/www.livemag.it\/index.php\/2025\/03\/18\/estate-a-cesenatico-con-artisti-e-ospiti-di-prestigio\/","url":"https:\/\/www.livemag.it\/index.php\/2025\/03\/18\/estate-a-cesenatico-con-artisti-e-ospiti-di-prestigio\/","name":"Estate a Cesenatico con artisti e ospiti di prestigio","isPartOf":{"@id":"https:\/\/www.livemag.it\/#website"},"primaryImageOfPage":{"@id":"https:\/\/www.livemag.it\/index.php\/2025\/03\/18\/estate-a-cesenatico-con-artisti-e-ospiti-di-prestigio\/#primaryimage"},"image":{"@id":"https:\/\/www.livemag.it\/index.php\/2025\/03\/18\/estate-a-cesenatico-con-artisti-e-ospiti-di-prestigio\/#primaryimage"},"thumbnailUrl":"https:\/\/www.livemag.it\/wp-content\/uploads\/2025\/03\/salvatore-brizzi.gif","datePublished":"2025-03-18T16:04:47+00:00","dateModified":"2025-03-18T16:05:24+00:00","description":"L\u2019estate a Cesenatico si trasforma in un\u2019esperienza indimenticabile grazie a cento serate ricche di eventi, che uniscono musica, arte","breadcrumb":{"@id":"https:\/\/www.livemag.it\/index.php\/2025\/03\/18\/estate-a-cesenatico-con-artisti-e-ospiti-di-prestigio\/#breadcrumb"},"inLanguage":"it-IT","potentialAction":[{"@type":"ReadAction","target":["https:\/\/www.livemag.it\/index.php\/2025\/03\/18\/estate-a-cesenatico-con-artisti-e-ospiti-di-prestigio\/"]}]},{"@type":"ImageObject","inLanguage":"it-IT","@id":"https:\/\/www.livemag.it\/index.php\/2025\/03\/18\/estate-a-cesenatico-con-artisti-e-ospiti-di-prestigio\/#primaryimage","url":"https:\/\/www.livemag.it\/wp-content\/uploads\/2025\/03\/salvatore-brizzi.gif","contentUrl":"https:\/\/www.livemag.it\/wp-content\/uploads\/2025\/03\/salvatore-brizzi.gif","width":1247,"height":1160,"caption":"salvatore brizzi"},{"@type":"BreadcrumbList","@id":"https:\/\/www.livemag.it\/index.php\/2025\/03\/18\/estate-a-cesenatico-con-artisti-e-ospiti-di-prestigio\/#breadcrumb","itemListElement":[{"@type":"ListItem","position":1,"name":"Home","item":"https:\/\/www.livemag.it\/"},{"@type":"ListItem","position":2,"name":"Estate a Cesenatico con artisti e ospiti di prestigio"}]},{"@type":"WebSite","@id":"https:\/\/www.livemag.it\/#website","url":"https:\/\/www.livemag.it\/","name":"Live Magazine","description":"Varie ed eventi","publisher":{"@id":"https:\/\/www.livemag.it\/#organization"},"potentialAction":[{"@type":"SearchAction","target":{"@type":"EntryPoint","urlTemplate":"https:\/\/www.livemag.it\/?s={search_term_string}"},"query-input":{"@type":"PropertyValueSpecification","valueRequired":true,"valueName":"search_term_string"}}],"inLanguage":"it-IT"},{"@type":"Organization","@id":"https:\/\/www.livemag.it\/#organization","name":"LiveMag","alternateName":"LiveMag News ed eventi","url":"https:\/\/www.livemag.it\/","logo":{"@type":"ImageObject","inLanguage":"it-IT","@id":"https:\/\/www.livemag.it\/#\/schema\/logo\/image\/","url":"https:\/\/www.livemag.it\/wp-content\/uploads\/2024\/02\/immagine-sito.jpg","contentUrl":"https:\/\/www.livemag.it\/wp-content\/uploads\/2024\/02\/immagine-sito.jpg","width":696,"height":696,"caption":"LiveMag"},"image":{"@id":"https:\/\/www.livemag.it\/#\/schema\/logo\/image\/"},"sameAs":["https:\/\/www.facebook.com\/LiveMag\/","https:\/\/x.com\/LiveNotizie","https:\/\/www.instagram.com\/livemag\/"]},{"@type":"Person","@id":"https:\/\/www.livemag.it\/#\/schema\/person\/cc097583ef7f4da9e9fe62e8b552ab72","name":"Mario Altomura","image":{"@type":"ImageObject","inLanguage":"it-IT","@id":"https:\/\/secure.gravatar.com\/avatar\/3c7d3ce72a2bed6bab5e3681d59712a49247bdd227b4ef67de56814084f945dd?s=96&r=g","url":"https:\/\/secure.gravatar.com\/avatar\/3c7d3ce72a2bed6bab5e3681d59712a49247bdd227b4ef67de56814084f945dd?s=96&r=g","contentUrl":"https:\/\/secure.gravatar.com\/avatar\/3c7d3ce72a2bed6bab5e3681d59712a49247bdd227b4ef67de56814084f945dd?s=96&r=g","caption":"Mario Altomura"},"description":"fotografo celebrity","url":"https:\/\/www.livemag.it\/index.php\/author\/fabio-scarpati\/"}]}},"jetpack_featured_media_url":"https:\/\/www.livemag.it\/wp-content\/uploads\/2025\/03\/salvatore-brizzi.gif","_links":{"self":[{"href":"https:\/\/www.livemag.it\/index.php\/wp-json\/wp\/v2\/posts\/46941","targetHints":{"allow":["GET"]}}],"collection":[{"href":"https:\/\/www.livemag.it\/index.php\/wp-json\/wp\/v2\/posts"}],"about":[{"href":"https:\/\/www.livemag.it\/index.php\/wp-json\/wp\/v2\/types\/post"}],"author":[{"embeddable":true,"href":"https:\/\/www.livemag.it\/index.php\/wp-json\/wp\/v2\/users\/20"}],"replies":[{"embeddable":true,"href":"https:\/\/www.livemag.it\/index.php\/wp-json\/wp\/v2\/comments?post=46941"}],"version-history":[{"count":2,"href":"https:\/\/www.livemag.it\/index.php\/wp-json\/wp\/v2\/posts\/46941\/revisions"}],"predecessor-version":[{"id":46949,"href":"https:\/\/www.livemag.it\/index.php\/wp-json\/wp\/v2\/posts\/46941\/revisions\/46949"}],"wp:featuredmedia":[{"embeddable":true,"href":"https:\/\/www.livemag.it\/index.php\/wp-json\/wp\/v2\/media\/46946"}],"wp:attachment":[{"href":"https:\/\/www.livemag.it\/index.php\/wp-json\/wp\/v2\/media?parent=46941"}],"wp:term":[{"taxonomy":"category","embeddable":true,"href":"https:\/\/www.livemag.it\/index.php\/wp-json\/wp\/v2\/categories?post=46941"},{"taxonomy":"post_tag","embeddable":true,"href":"https:\/\/www.livemag.it\/index.php\/wp-json\/wp\/v2\/tags?post=46941"}],"curies":[{"name":"wp","href":"https:\/\/api.w.org\/{rel}","templated":true}]}}