{"id":44976,"date":"2025-02-19T15:01:07","date_gmt":"2025-02-19T14:01:07","guid":{"rendered":"https:\/\/www.livemag.it\/index.php\/2025\/02\/19\/pcos-al-via-dal-senato-la-maratona-informativa\/"},"modified":"2025-02-19T15:01:07","modified_gmt":"2025-02-19T14:01:07","slug":"pcos-al-via-dal-senato-la-maratona-informativa","status":"publish","type":"post","link":"https:\/\/www.livemag.it\/index.php\/2025\/02\/19\/pcos-al-via-dal-senato-la-maratona-informativa\/","title":{"rendered":"PCOS, al via dal Senato la maratona informativa"},"content":{"rendered":"<div>\n<p>ROMA (ITALPRESS) \u2013 A 90 anni dallo studio di Stein e Leventhal del 1935 sulla Sindrome dell\u2019Ovaio Policistico (PCOS), patologia che colpisce tra il 5% e il 18% delle donne in et\u00e0 fertile e che spesso \u00e8 causa di infertilit\u00e0, su iniziativa del Senatore Marco Scurria (Fdl) l\u2019Associazione scientifica EGOI-PCOS organizza una serie di eventi istituzionali e di formazione medico-scientifica che verranno promossi nel 2025, anno dedicato alla sensibilizzazione e all\u2019approfondimento di questa patologia ancora poco conosciuta.<br \/>Ad aprire la serie di iniziative, il convegno istituzionale \u2013 Tavola Rotonda che si \u00e8 svolta presso il Senato della Repubblica, in Sala Zuccari.<br \/>Un\u2019occasione di dialogo, confronto diretto e maggiore consapevolezza sulla gestione della sindrome.<br \/>La Tavola Rotonda ha incluso anche uno spazio per interventi e domande delle partecipanti affette dalla patologia e presenti in sala.<br \/>\u201cL\u2019Associazione scientifica internazionale EGOI-PCOS sta concentrando i propri sforzi su un aspetto cruciale di questa patologia, ossia l\u2019origine metabolica, tanto da rinominarla Sindrome endocrino-metabolica, i cui segni e sintomi: insulino-resistenza, irsutismo, obesit\u00e0, acne, depressione, ansia sono talmente diversificati da rendere spesso complessa la diagnosi. Dall\u2019altro lato, invece, abbiamo l\u2019ovaio multifollicolare, tipico delle adolescenti e che solitamente evolve fisiologicamente con l\u2019et\u00e0\u201d: a dirlo il Professor Vittorio Unfer, ginecologo, ricercatore e co-Presidente dell\u2019EGOI-PCOS che prosegue: \u201cQuesta nuova classificazione che rappresenta un superamento della classificazione promossa dall\u2019ESHRE deve porre le basi per sviluppare un percorso terapeutico personalizzato per le pazienti, che comprenda modifiche nello stile di vita e nelle abitudini alimentari, e favorisca la scelta di terapie adeguate, siano esse farmacologiche o non farmacologiche\u201d.<br \/>\u201cUn punto di attenzione \u2013 aggiunge Unfer \u2013 \u00e8 l\u2019uso della pillola contraccettiva, trattamento ritenuto erroneamente come gold standard della patologia ma che, parlando di Sindrome Endocrino- Metabolica, pu\u00f2 causare effetti indesiderati significativi come alterazione del peso corporeo e disturbi cardiovascolari, a cui queste pazienti sono gi\u00e0 predisposte\u201d. E conclude: \u201cL\u2019incontro ha la finalit\u00e0 di creare una nuova consapevolezza sulla Sindrome dell\u2019Ovaio Policistico in linea con le recenti scoperte per un approccio multidisciplinare ed innovativo\u201d.<\/p>\n<p>\u2013 foto spf\/Italpress \u2013<br \/>(ITALPRESS).<\/p>\n<\/div>\n","protected":false},"excerpt":{"rendered":"<p>ROMA (ITALPRESS) \u2013 A 90 anni dallo studio di Stein e Leventhal del 1935 sulla Sindrome dell\u2019Ovaio Policistico (PCOS), patologia che colpisce tra il 5% e il 18% delle donne in et\u00e0 fertile e che spesso \u00e8 causa di infertilit\u00e0, su iniziativa del Senatore Marco Scurria (Fdl) l\u2019Associazione scientifica EGOI-PCOS organizza una serie di eventi [&hellip;]<\/p>\n","protected":false},"author":16,"featured_media":44977,"comment_status":"closed","ping_status":"closed","sticky":false,"template":"","format":"standard","meta":{"jnews-multi-image_gallery":[],"jnews_single_post":[],"jnews_primary_category":[],"jnews_social_meta":[],"jnews_override_counter":[],"jnews_post_split":[],"footnotes":""},"categories":[1129],"tags":[],"class_list":["post-44976","post","type-post","status-publish","format-standard","has-post-thumbnail","hentry","category-mondo"],"yoast_head":"<!-- This site is optimized with the Yoast SEO plugin v27.5 - https:\/\/yoast.com\/product\/yoast-seo-wordpress\/ -->\n<title>PCOS, al via dal Senato la maratona informativa - Live Magazine<\/title>\n<meta name=\"robots\" content=\"index, follow, max-snippet:-1, max-image-preview:large, max-video-preview:-1\" \/>\n<link rel=\"canonical\" href=\"https:\/\/www.livemag.it\/index.php\/2025\/02\/19\/pcos-al-via-dal-senato-la-maratona-informativa\/\" \/>\n<meta property=\"og:locale\" content=\"it_IT\" \/>\n<meta property=\"og:type\" content=\"article\" \/>\n<meta property=\"og:title\" content=\"PCOS, al via dal Senato la maratona informativa - Live Magazine\" \/>\n<meta property=\"og:description\" content=\"ROMA (ITALPRESS) \u2013 A 90 anni dallo studio di Stein e Leventhal del 1935 sulla Sindrome dell\u2019Ovaio Policistico (PCOS), patologia che colpisce tra il 5% e il 18% delle donne in et\u00e0 fertile e che spesso \u00e8 causa di infertilit\u00e0, su iniziativa del Senatore Marco Scurria (Fdl) l\u2019Associazione scientifica EGOI-PCOS organizza una serie di eventi [&hellip;]\" \/>\n<meta property=\"og:url\" content=\"https:\/\/www.livemag.it\/index.php\/2025\/02\/19\/pcos-al-via-dal-senato-la-maratona-informativa\/\" \/>\n<meta property=\"og:site_name\" content=\"Live Magazine\" \/>\n<meta property=\"article:publisher\" content=\"https:\/\/www.facebook.com\/LiveMag\/\" \/>\n<meta property=\"article:published_time\" content=\"2025-02-19T14:01:07+00:00\" \/>\n<meta property=\"og:image\" content=\"https:\/\/www.livemag.it\/wp-content\/uploads\/2024\/02\/ograph.jpg\" \/>\n\t<meta property=\"og:image:width\" content=\"1200\" \/>\n\t<meta property=\"og:image:height\" content=\"675\" \/>\n\t<meta property=\"og:image:type\" content=\"image\/jpeg\" \/>\n<meta name=\"author\" content=\"italpress\" \/>\n<meta name=\"twitter:card\" content=\"summary_large_image\" \/>\n<meta name=\"twitter:creator\" content=\"@LiveNotizie\" \/>\n<meta name=\"twitter:site\" content=\"@LiveNotizie\" \/>\n<meta name=\"twitter:label1\" content=\"Scritto da\" \/>\n\t<meta name=\"twitter:data1\" content=\"italpress\" \/>\n\t<meta name=\"twitter:label2\" content=\"Tempo di lettura stimato\" \/>\n\t<meta name=\"twitter:data2\" content=\"2 minuti\" \/>\n<script type=\"application\/ld+json\" class=\"yoast-schema-graph\">{\"@context\":\"https:\\\/\\\/schema.org\",\"@graph\":[{\"@type\":\"Article\",\"@id\":\"https:\\\/\\\/www.livemag.it\\\/index.php\\\/2025\\\/02\\\/19\\\/pcos-al-via-dal-senato-la-maratona-informativa\\\/#article\",\"isPartOf\":{\"@id\":\"https:\\\/\\\/www.livemag.it\\\/index.php\\\/2025\\\/02\\\/19\\\/pcos-al-via-dal-senato-la-maratona-informativa\\\/\"},\"author\":{\"name\":\"italpress\",\"@id\":\"https:\\\/\\\/www.livemag.it\\\/#\\\/schema\\\/person\\\/b62c5f44451fdcdaeb0afe6c2424e73c\"},\"headline\":\"PCOS, al via dal Senato la maratona informativa\",\"datePublished\":\"2025-02-19T14:01:07+00:00\",\"mainEntityOfPage\":{\"@id\":\"https:\\\/\\\/www.livemag.it\\\/index.php\\\/2025\\\/02\\\/19\\\/pcos-al-via-dal-senato-la-maratona-informativa\\\/\"},\"wordCount\":344,\"publisher\":{\"@id\":\"https:\\\/\\\/www.livemag.it\\\/#organization\"},\"image\":{\"@id\":\"https:\\\/\\\/www.livemag.it\\\/index.php\\\/2025\\\/02\\\/19\\\/pcos-al-via-dal-senato-la-maratona-informativa\\\/#primaryimage\"},\"thumbnailUrl\":\"https:\\\/\\\/www.livemag.it\\\/wp-content\\\/uploads\\\/2025\\\/02\\\/20250219_0302.jpg\",\"articleSection\":[\"Mondo\"],\"inLanguage\":\"it-IT\"},{\"@type\":\"WebPage\",\"@id\":\"https:\\\/\\\/www.livemag.it\\\/index.php\\\/2025\\\/02\\\/19\\\/pcos-al-via-dal-senato-la-maratona-informativa\\\/\",\"url\":\"https:\\\/\\\/www.livemag.it\\\/index.php\\\/2025\\\/02\\\/19\\\/pcos-al-via-dal-senato-la-maratona-informativa\\\/\",\"name\":\"PCOS, al via dal Senato la maratona informativa - Live Magazine\",\"isPartOf\":{\"@id\":\"https:\\\/\\\/www.livemag.it\\\/#website\"},\"primaryImageOfPage\":{\"@id\":\"https:\\\/\\\/www.livemag.it\\\/index.php\\\/2025\\\/02\\\/19\\\/pcos-al-via-dal-senato-la-maratona-informativa\\\/#primaryimage\"},\"image\":{\"@id\":\"https:\\\/\\\/www.livemag.it\\\/index.php\\\/2025\\\/02\\\/19\\\/pcos-al-via-dal-senato-la-maratona-informativa\\\/#primaryimage\"},\"thumbnailUrl\":\"https:\\\/\\\/www.livemag.it\\\/wp-content\\\/uploads\\\/2025\\\/02\\\/20250219_0302.jpg\",\"datePublished\":\"2025-02-19T14:01:07+00:00\",\"breadcrumb\":{\"@id\":\"https:\\\/\\\/www.livemag.it\\\/index.php\\\/2025\\\/02\\\/19\\\/pcos-al-via-dal-senato-la-maratona-informativa\\\/#breadcrumb\"},\"inLanguage\":\"it-IT\",\"potentialAction\":[{\"@type\":\"ReadAction\",\"target\":[\"https:\\\/\\\/www.livemag.it\\\/index.php\\\/2025\\\/02\\\/19\\\/pcos-al-via-dal-senato-la-maratona-informativa\\\/\"]}]},{\"@type\":\"ImageObject\",\"inLanguage\":\"it-IT\",\"@id\":\"https:\\\/\\\/www.livemag.it\\\/index.php\\\/2025\\\/02\\\/19\\\/pcos-al-via-dal-senato-la-maratona-informativa\\\/#primaryimage\",\"url\":\"https:\\\/\\\/www.livemag.it\\\/wp-content\\\/uploads\\\/2025\\\/02\\\/20250219_0302.jpg\",\"contentUrl\":\"https:\\\/\\\/www.livemag.it\\\/wp-content\\\/uploads\\\/2025\\\/02\\\/20250219_0302.jpg\",\"width\":1200,\"height\":900},{\"@type\":\"BreadcrumbList\",\"@id\":\"https:\\\/\\\/www.livemag.it\\\/index.php\\\/2025\\\/02\\\/19\\\/pcos-al-via-dal-senato-la-maratona-informativa\\\/#breadcrumb\",\"itemListElement\":[{\"@type\":\"ListItem\",\"position\":1,\"name\":\"Home\",\"item\":\"https:\\\/\\\/www.livemag.it\\\/\"},{\"@type\":\"ListItem\",\"position\":2,\"name\":\"PCOS, al via dal Senato la maratona informativa\"}]},{\"@type\":\"WebSite\",\"@id\":\"https:\\\/\\\/www.livemag.it\\\/#website\",\"url\":\"https:\\\/\\\/www.livemag.it\\\/\",\"name\":\"Live Magazine\",\"description\":\"Varie ed eventi\",\"publisher\":{\"@id\":\"https:\\\/\\\/www.livemag.it\\\/#organization\"},\"potentialAction\":[{\"@type\":\"SearchAction\",\"target\":{\"@type\":\"EntryPoint\",\"urlTemplate\":\"https:\\\/\\\/www.livemag.it\\\/?s={search_term_string}\"},\"query-input\":{\"@type\":\"PropertyValueSpecification\",\"valueRequired\":true,\"valueName\":\"search_term_string\"}}],\"inLanguage\":\"it-IT\"},{\"@type\":\"Organization\",\"@id\":\"https:\\\/\\\/www.livemag.it\\\/#organization\",\"name\":\"LiveMag\",\"alternateName\":\"LiveMag News ed eventi\",\"url\":\"https:\\\/\\\/www.livemag.it\\\/\",\"logo\":{\"@type\":\"ImageObject\",\"inLanguage\":\"it-IT\",\"@id\":\"https:\\\/\\\/www.livemag.it\\\/#\\\/schema\\\/logo\\\/image\\\/\",\"url\":\"https:\\\/\\\/www.livemag.it\\\/wp-content\\\/uploads\\\/2024\\\/02\\\/immagine-sito.jpg\",\"contentUrl\":\"https:\\\/\\\/www.livemag.it\\\/wp-content\\\/uploads\\\/2024\\\/02\\\/immagine-sito.jpg\",\"width\":696,\"height\":696,\"caption\":\"LiveMag\"},\"image\":{\"@id\":\"https:\\\/\\\/www.livemag.it\\\/#\\\/schema\\\/logo\\\/image\\\/\"},\"sameAs\":[\"https:\\\/\\\/www.facebook.com\\\/LiveMag\\\/\",\"https:\\\/\\\/x.com\\\/LiveNotizie\",\"https:\\\/\\\/www.instagram.com\\\/livemag\\\/\"]},{\"@type\":\"Person\",\"@id\":\"https:\\\/\\\/www.livemag.it\\\/#\\\/schema\\\/person\\\/b62c5f44451fdcdaeb0afe6c2424e73c\",\"name\":\"italpress\",\"image\":{\"@type\":\"ImageObject\",\"inLanguage\":\"it-IT\",\"@id\":\"https:\\\/\\\/secure.gravatar.com\\\/avatar\\\/b6a21695fc713ce7ee312cf57c97e2e641feb365be72d8745574d3c3e2b59066?s=96&r=g\",\"url\":\"https:\\\/\\\/secure.gravatar.com\\\/avatar\\\/b6a21695fc713ce7ee312cf57c97e2e641feb365be72d8745574d3c3e2b59066?s=96&r=g\",\"contentUrl\":\"https:\\\/\\\/secure.gravatar.com\\\/avatar\\\/b6a21695fc713ce7ee312cf57c97e2e641feb365be72d8745574d3c3e2b59066?s=96&r=g\",\"caption\":\"italpress\"},\"description\":\"Italpress \u00e8 un'agenzia di stampa italiana a carattere nazionale.\",\"url\":\"https:\\\/\\\/www.livemag.it\\\/index.php\\\/author\\\/italpress\\\/\"}]}<\/script>\n<!-- \/ Yoast SEO plugin. -->","yoast_head_json":{"title":"PCOS, al via dal Senato la maratona informativa - Live Magazine","robots":{"index":"index","follow":"follow","max-snippet":"max-snippet:-1","max-image-preview":"max-image-preview:large","max-video-preview":"max-video-preview:-1"},"canonical":"https:\/\/www.livemag.it\/index.php\/2025\/02\/19\/pcos-al-via-dal-senato-la-maratona-informativa\/","og_locale":"it_IT","og_type":"article","og_title":"PCOS, al via dal Senato la maratona informativa - Live Magazine","og_description":"ROMA (ITALPRESS) \u2013 A 90 anni dallo studio di Stein e Leventhal del 1935 sulla Sindrome dell\u2019Ovaio Policistico (PCOS), patologia che colpisce tra il 5% e il 18% delle donne in et\u00e0 fertile e che spesso \u00e8 causa di infertilit\u00e0, su iniziativa del Senatore Marco Scurria (Fdl) l\u2019Associazione scientifica EGOI-PCOS organizza una serie di eventi [&hellip;]","og_url":"https:\/\/www.livemag.it\/index.php\/2025\/02\/19\/pcos-al-via-dal-senato-la-maratona-informativa\/","og_site_name":"Live Magazine","article_publisher":"https:\/\/www.facebook.com\/LiveMag\/","article_published_time":"2025-02-19T14:01:07+00:00","og_image":[{"width":1200,"height":675,"url":"https:\/\/www.livemag.it\/wp-content\/uploads\/2024\/02\/ograph.jpg","type":"image\/jpeg"}],"author":"italpress","twitter_card":"summary_large_image","twitter_creator":"@LiveNotizie","twitter_site":"@LiveNotizie","twitter_misc":{"Scritto da":"italpress","Tempo di lettura stimato":"2 minuti"},"schema":{"@context":"https:\/\/schema.org","@graph":[{"@type":"Article","@id":"https:\/\/www.livemag.it\/index.php\/2025\/02\/19\/pcos-al-via-dal-senato-la-maratona-informativa\/#article","isPartOf":{"@id":"https:\/\/www.livemag.it\/index.php\/2025\/02\/19\/pcos-al-via-dal-senato-la-maratona-informativa\/"},"author":{"name":"italpress","@id":"https:\/\/www.livemag.it\/#\/schema\/person\/b62c5f44451fdcdaeb0afe6c2424e73c"},"headline":"PCOS, al via dal Senato la maratona informativa","datePublished":"2025-02-19T14:01:07+00:00","mainEntityOfPage":{"@id":"https:\/\/www.livemag.it\/index.php\/2025\/02\/19\/pcos-al-via-dal-senato-la-maratona-informativa\/"},"wordCount":344,"publisher":{"@id":"https:\/\/www.livemag.it\/#organization"},"image":{"@id":"https:\/\/www.livemag.it\/index.php\/2025\/02\/19\/pcos-al-via-dal-senato-la-maratona-informativa\/#primaryimage"},"thumbnailUrl":"https:\/\/www.livemag.it\/wp-content\/uploads\/2025\/02\/20250219_0302.jpg","articleSection":["Mondo"],"inLanguage":"it-IT"},{"@type":"WebPage","@id":"https:\/\/www.livemag.it\/index.php\/2025\/02\/19\/pcos-al-via-dal-senato-la-maratona-informativa\/","url":"https:\/\/www.livemag.it\/index.php\/2025\/02\/19\/pcos-al-via-dal-senato-la-maratona-informativa\/","name":"PCOS, al via dal Senato la maratona informativa - Live Magazine","isPartOf":{"@id":"https:\/\/www.livemag.it\/#website"},"primaryImageOfPage":{"@id":"https:\/\/www.livemag.it\/index.php\/2025\/02\/19\/pcos-al-via-dal-senato-la-maratona-informativa\/#primaryimage"},"image":{"@id":"https:\/\/www.livemag.it\/index.php\/2025\/02\/19\/pcos-al-via-dal-senato-la-maratona-informativa\/#primaryimage"},"thumbnailUrl":"https:\/\/www.livemag.it\/wp-content\/uploads\/2025\/02\/20250219_0302.jpg","datePublished":"2025-02-19T14:01:07+00:00","breadcrumb":{"@id":"https:\/\/www.livemag.it\/index.php\/2025\/02\/19\/pcos-al-via-dal-senato-la-maratona-informativa\/#breadcrumb"},"inLanguage":"it-IT","potentialAction":[{"@type":"ReadAction","target":["https:\/\/www.livemag.it\/index.php\/2025\/02\/19\/pcos-al-via-dal-senato-la-maratona-informativa\/"]}]},{"@type":"ImageObject","inLanguage":"it-IT","@id":"https:\/\/www.livemag.it\/index.php\/2025\/02\/19\/pcos-al-via-dal-senato-la-maratona-informativa\/#primaryimage","url":"https:\/\/www.livemag.it\/wp-content\/uploads\/2025\/02\/20250219_0302.jpg","contentUrl":"https:\/\/www.livemag.it\/wp-content\/uploads\/2025\/02\/20250219_0302.jpg","width":1200,"height":900},{"@type":"BreadcrumbList","@id":"https:\/\/www.livemag.it\/index.php\/2025\/02\/19\/pcos-al-via-dal-senato-la-maratona-informativa\/#breadcrumb","itemListElement":[{"@type":"ListItem","position":1,"name":"Home","item":"https:\/\/www.livemag.it\/"},{"@type":"ListItem","position":2,"name":"PCOS, al via dal Senato la maratona informativa"}]},{"@type":"WebSite","@id":"https:\/\/www.livemag.it\/#website","url":"https:\/\/www.livemag.it\/","name":"Live Magazine","description":"Varie ed eventi","publisher":{"@id":"https:\/\/www.livemag.it\/#organization"},"potentialAction":[{"@type":"SearchAction","target":{"@type":"EntryPoint","urlTemplate":"https:\/\/www.livemag.it\/?s={search_term_string}"},"query-input":{"@type":"PropertyValueSpecification","valueRequired":true,"valueName":"search_term_string"}}],"inLanguage":"it-IT"},{"@type":"Organization","@id":"https:\/\/www.livemag.it\/#organization","name":"LiveMag","alternateName":"LiveMag News ed eventi","url":"https:\/\/www.livemag.it\/","logo":{"@type":"ImageObject","inLanguage":"it-IT","@id":"https:\/\/www.livemag.it\/#\/schema\/logo\/image\/","url":"https:\/\/www.livemag.it\/wp-content\/uploads\/2024\/02\/immagine-sito.jpg","contentUrl":"https:\/\/www.livemag.it\/wp-content\/uploads\/2024\/02\/immagine-sito.jpg","width":696,"height":696,"caption":"LiveMag"},"image":{"@id":"https:\/\/www.livemag.it\/#\/schema\/logo\/image\/"},"sameAs":["https:\/\/www.facebook.com\/LiveMag\/","https:\/\/x.com\/LiveNotizie","https:\/\/www.instagram.com\/livemag\/"]},{"@type":"Person","@id":"https:\/\/www.livemag.it\/#\/schema\/person\/b62c5f44451fdcdaeb0afe6c2424e73c","name":"italpress","image":{"@type":"ImageObject","inLanguage":"it-IT","@id":"https:\/\/secure.gravatar.com\/avatar\/b6a21695fc713ce7ee312cf57c97e2e641feb365be72d8745574d3c3e2b59066?s=96&r=g","url":"https:\/\/secure.gravatar.com\/avatar\/b6a21695fc713ce7ee312cf57c97e2e641feb365be72d8745574d3c3e2b59066?s=96&r=g","contentUrl":"https:\/\/secure.gravatar.com\/avatar\/b6a21695fc713ce7ee312cf57c97e2e641feb365be72d8745574d3c3e2b59066?s=96&r=g","caption":"italpress"},"description":"Italpress \u00e8 un'agenzia di stampa italiana a carattere nazionale.","url":"https:\/\/www.livemag.it\/index.php\/author\/italpress\/"}]}},"jetpack_featured_media_url":"https:\/\/www.livemag.it\/wp-content\/uploads\/2025\/02\/20250219_0302.jpg","_links":{"self":[{"href":"https:\/\/www.livemag.it\/index.php\/wp-json\/wp\/v2\/posts\/44976","targetHints":{"allow":["GET"]}}],"collection":[{"href":"https:\/\/www.livemag.it\/index.php\/wp-json\/wp\/v2\/posts"}],"about":[{"href":"https:\/\/www.livemag.it\/index.php\/wp-json\/wp\/v2\/types\/post"}],"author":[{"embeddable":true,"href":"https:\/\/www.livemag.it\/index.php\/wp-json\/wp\/v2\/users\/16"}],"replies":[{"embeddable":true,"href":"https:\/\/www.livemag.it\/index.php\/wp-json\/wp\/v2\/comments?post=44976"}],"version-history":[{"count":0,"href":"https:\/\/www.livemag.it\/index.php\/wp-json\/wp\/v2\/posts\/44976\/revisions"}],"wp:featuredmedia":[{"embeddable":true,"href":"https:\/\/www.livemag.it\/index.php\/wp-json\/wp\/v2\/media\/44977"}],"wp:attachment":[{"href":"https:\/\/www.livemag.it\/index.php\/wp-json\/wp\/v2\/media?parent=44976"}],"wp:term":[{"taxonomy":"category","embeddable":true,"href":"https:\/\/www.livemag.it\/index.php\/wp-json\/wp\/v2\/categories?post=44976"},{"taxonomy":"post_tag","embeddable":true,"href":"https:\/\/www.livemag.it\/index.php\/wp-json\/wp\/v2\/tags?post=44976"}],"curies":[{"name":"wp","href":"https:\/\/api.w.org\/{rel}","templated":true}]}}