{"id":44229,"date":"2025-02-08T19:03:52","date_gmt":"2025-02-08T18:03:52","guid":{"rendered":"https:\/\/www.livemag.it\/?p=44229"},"modified":"2025-02-09T17:48:37","modified_gmt":"2025-02-09T16:48:37","slug":"marco-paracchini-tra-cinema-letteratura-e-formazione","status":"publish","type":"post","link":"https:\/\/www.livemag.it\/index.php\/2025\/02\/08\/marco-paracchini-tra-cinema-letteratura-e-formazione\/","title":{"rendered":"Marco Paracchini: tra cinema, letteratura e formazione"},"content":{"rendered":"\n<figure class=\"wp-block-image size-large\"><img decoding=\"async\" src=\"https:\/\/www.livemag.it\/wp-content\/uploads\/2025\/02\/ParacchiniMarco.MB2_-1024x768.jpg\" alt=\"\" class=\"wp-image-44239\"\/><\/figure>\n\n\n\n<p><strong>Intervista di Giusy Trimboli al regista, scrittore e docente novarese.<\/strong><\/p>\n\n\n\n<p><strong>Regista, scrittore, e docente. Un percorso poliedrico che abbraccia diverse forme di narrazione. Da dove nasce questa tua passione per il racconto?<\/strong><\/p>\n\n\n\n<blockquote class=\"wp-block-quote is-layout-flow wp-block-quote-is-layout-flow\">\n<p>La mia passione per la narrazione nasce dall\u2019amore per le storie che mi hanno accompagnato fin da bambino. Ricordo che da piccolo ero affascinato dai libri, dai film, dai fumetti (che all&#8217;epoca erano davvero una valvola di sfogo e di conoscenza) e persino dai racconti orali che ascoltavo in famiglia.&nbsp;<\/p>\n\n\n\n<p>La narrazione \u00e8 sempre stata per me un modo per esplorare mondi diversi, per capire meglio le persone e per dare un senso alla realt\u00e0. Raccontare storie \u00e8 un bisogno umano primario, un modo per condividere emozioni, idee e visioni del mondo.<\/p>\n<\/blockquote>\n\n\n\n<blockquote class=\"wp-block-quote is-layout-flow wp-block-quote-is-layout-flow\">\n<p><strong>Recentemente hai pubblicato diversi nuovi libri e lavorato a progetti audiovisivi. Puoi raccontarci qualcosa di pi\u00f9 su queste tue ultime fatiche creative?<\/strong><\/p>\n<\/blockquote>\n\n\n\n<blockquote class=\"wp-block-quote is-layout-flow wp-block-quote-is-layout-flow\">\n<p>Nel 2024 hanno pubblicato un saggio dal titolo &#8220;Sociologia Telefilmica. Nascita ed evoluzione delle serie TV&#8221;, ch&#8217;\u00e8 un testo che va a sviscerare tutto l&#8217;amore che ho per le narrazioni seriali. Ma \u00e8 stato ripubblicato anche &#8220;Kenzo Tanaka e la Tetrafobia&#8221; e, nel corso del 2025, dovrebbero uscire (il condizionale \u00e8 d&#8217;obbligo) cinque nuovi libri. Un nuovo saggio che tratta il fenomeno dei vigilanti mascherati, un racconto con Sherlock Holmes protagonista, il nuovo reboot di Kenzo Tanaka e altri due romanzi. Un altro, a dire il vero, l&#8217;ho inserito autonomamente su Amazon: &#8220;L&#8217;Audace Viaggiatore&#8221; parte proprio da un plot audiovisivo (cortometraggio omonimo del 2009) e l&#8217;ho trasformato in un romanzo di fantascienza italiana.&nbsp;<\/p>\n\n\n\n<p>Nell&#8217;ambito audiovisivo ho realizzato alcuni progetti, uno per un Liceo Artistico, un music-video per una band di Torino e un mio cortometraggio ch&#8217;\u00e8 disponibile su YouTube col titolo de &#8220;Il Dono&#8221; dove il poeta milanese Vincenzo Costantino &#8211; in arte Cinaski &#8211; offre una sua poesia e la narra con la sua voce. Un film breve emozionante e concettuale.&nbsp;<\/p>\n\n\n\n<figure class=\"wp-block-gallery has-nested-images columns-default is-cropped wp-block-gallery-1 is-layout-flex wp-block-gallery-is-layout-flex\">\n<figure class=\"wp-block-image size-large\"><img fetchpriority=\"high\" decoding=\"async\" width=\"1024\" height=\"938\" data-id=\"44240\" src=\"https:\/\/www.livemag.it\/wp-content\/uploads\/2025\/02\/464470579_8572396622875700_6786721621815266831_n-1024x938.jpg\" alt=\"\" class=\"wp-image-44240\" srcset=\"https:\/\/www.livemag.it\/wp-content\/uploads\/2025\/02\/464470579_8572396622875700_6786721621815266831_n-1024x938.jpg 1024w, https:\/\/www.livemag.it\/wp-content\/uploads\/2025\/02\/464470579_8572396622875700_6786721621815266831_n-300x275.jpg 300w, https:\/\/www.livemag.it\/wp-content\/uploads\/2025\/02\/464470579_8572396622875700_6786721621815266831_n-768x704.jpg 768w, https:\/\/www.livemag.it\/wp-content\/uploads\/2025\/02\/464470579_8572396622875700_6786721621815266831_n-750x687.jpg 750w, https:\/\/www.livemag.it\/wp-content\/uploads\/2025\/02\/464470579_8572396622875700_6786721621815266831_n-1140x1045.jpg 1140w, https:\/\/www.livemag.it\/wp-content\/uploads\/2025\/02\/464470579_8572396622875700_6786721621815266831_n.jpg 1373w\" sizes=\"(max-width: 1024px) 100vw, 1024px\" \/><\/figure>\n\n\n\n<figure class=\"wp-block-image size-large\"><img decoding=\"async\" width=\"699\" height=\"1024\" data-id=\"44241\" src=\"https:\/\/www.livemag.it\/wp-content\/uploads\/2025\/02\/SociologiaTelefilmica_Cover-699x1024.jpg\" alt=\"\" class=\"wp-image-44241\" srcset=\"https:\/\/www.livemag.it\/wp-content\/uploads\/2025\/02\/SociologiaTelefilmica_Cover-699x1024.jpg 699w, https:\/\/www.livemag.it\/wp-content\/uploads\/2025\/02\/SociologiaTelefilmica_Cover-205x300.jpg 205w, https:\/\/www.livemag.it\/wp-content\/uploads\/2025\/02\/SociologiaTelefilmica_Cover-768x1125.jpg 768w, https:\/\/www.livemag.it\/wp-content\/uploads\/2025\/02\/SociologiaTelefilmica_Cover-750x1099.jpg 750w, https:\/\/www.livemag.it\/wp-content\/uploads\/2025\/02\/SociologiaTelefilmica_Cover.jpg 800w\" sizes=\"(max-width: 699px) 100vw, 699px\" \/><\/figure>\n<\/figure>\n\n\n\n<p><strong>Nei tuoi lavori, sia cinematografici sia letterari, emerge spesso un forte legame con la narrazione visiva e simbolica. Qual \u00e8 l\u2019elemento che consideri pi\u00f9 importante in una storia ben costruita?<\/strong><\/p>\n<\/blockquote>\n\n\n\n<blockquote class=\"wp-block-quote is-layout-flow wp-block-quote-is-layout-flow\">\n<p>Per me, l\u2019elemento pi\u00f9 importante in una storia \u00e8 l\u2019autenticit\u00e0. Che si tratti di un film, di un romanzo o di un cortometraggio, la storia deve avere un cuore vero, qualcosa che risuoni col pubblico a livello emotivo. Poi, ovviamente, ci sono altri aspetti cruciali: la struttura, i personaggi, il linguaggio visivo. Ma senza autenticit\u00e0, tutto il resto perde di significato. Mi piace usare simboli e immagini perch\u00e9 hanno il potere di comunicare in modo universale, superando le barriere linguistiche e culturali.<\/p>\n\n\n\n<p><strong>Oltre alla tua carriera di regista e scrittore, sei anche docente di storytelling multimediale. Quali sono le principali sfide nell\u2019insegnare l\u2019arte della narrazione oggi, in un mondo in cui i contenuti sono sempre pi\u00f9 rapidi e frammentati?<\/strong><\/p>\n\n\n\n<p>Insegnare storytelling oggi \u00e8 una sfida affascinante, ma complessa. I giovani sono immersi in un flusso costante di informazioni e contenuti, spesso molto brevi e superficiali. Ho dovuto modificare i moduli didattici negli anni, proprio per la continua evoluzione dei media.\u00a0La sfida \u00e8 aiutarli a capire che una buona storia richiede tempo, cura e profondit\u00e0. Cerco di insegnare loro che, nonostante la velocit\u00e0 dei social media e delle piattaforme digitali, il pubblico cerca ancora storie che lo emozionino e che lo facciano riflettere. Il trucco \u00e8 trovare un equilibrio tra l\u2019immediatezza dei nuovi media e la profondit\u00e0 della narrazione tradizionale. Ma non sempre \u00e8 facile, molti sono letteralmente annoiati dal &#8220;troppo&#8221;.<\/p>\n\n\n\n<p><strong>Il linguaggio audiovisivo \u00e8 in continua evoluzione grazie alle nuove tecnologie e ai social media. Come pensi che queste trasformazioni stiano influenzando il modo di raccontare storie?<\/strong><\/p>\n\n\n\n<p>Le nuove tecnologie e i social media hanno democratizzato la narrazione, permettendo a chiunque di raccontare storie e raggiungere un pubblico globale. Questo \u00e8 un aspetto positivo, perch\u00e9 ha ampliato le possibilit\u00e0 creative. Tuttavia c\u2019\u00e8 anche stata una certa omologazione e una perdita di qualit\u00e0 generale. Credo che il compito di chi fa storytelling oggi sia sfruttare questi strumenti senza perdere di vista l\u2019essenza della narrazione: creare connessioni emotive e significative col pubblico. in un mondo in cui i contenuti sono sempre pi\u00f9 rapidi e frammentati.<\/p>\n<\/blockquote>\n\n\n\n<blockquote class=\"wp-block-quote is-layout-flow wp-block-quote-is-layout-flow\">\n<p><strong>Hai lavorato su diversi formati, cortometraggi, documentari, sceneggiature, romanzi e videoclip musicali. Quale senti pi\u00f9 vicino al tuo modo di raccontare o che ti d\u00e0 maggiore libert\u00e0 espressiva e perch\u00e9?<\/strong><\/p>\n\n\n\n<p>Ogni formato ha il suo fascino e le sue peculiarit\u00e0, ma se devo scegliere, direi che il romanzo \u00e8 quello che mi d\u00e0 maggiore libert\u00e0 espressiva. Con la scrittura posso esplorare i pensieri pi\u00f9 intimi dei personaggi, creare mondi complessi e giocare con il tempo in modo pi\u00f9 fluido rispetto all&#8217;audiovisivo che ha tempi dettati sempre e solo dal budget.&nbsp;<\/p>\n\n\n\n<figure class=\"wp-block-image size-large\"><img decoding=\"async\" width=\"1024\" height=\"768\" src=\"https:\/\/www.livemag.it\/wp-content\/uploads\/2025\/02\/450812554_7854716027977100_6519842678167364981_n-1-1024x768.jpg\" alt=\"\" class=\"wp-image-44244\" srcset=\"https:\/\/www.livemag.it\/wp-content\/uploads\/2025\/02\/450812554_7854716027977100_6519842678167364981_n-1-1024x768.jpg 1024w, https:\/\/www.livemag.it\/wp-content\/uploads\/2025\/02\/450812554_7854716027977100_6519842678167364981_n-1-300x225.jpg 300w, https:\/\/www.livemag.it\/wp-content\/uploads\/2025\/02\/450812554_7854716027977100_6519842678167364981_n-1-768x576.jpg 768w, https:\/\/www.livemag.it\/wp-content\/uploads\/2025\/02\/450812554_7854716027977100_6519842678167364981_n-1-1536x1152.jpg 1536w, https:\/\/www.livemag.it\/wp-content\/uploads\/2025\/02\/450812554_7854716027977100_6519842678167364981_n-1-750x563.jpg 750w, https:\/\/www.livemag.it\/wp-content\/uploads\/2025\/02\/450812554_7854716027977100_6519842678167364981_n-1-1140x855.jpg 1140w, https:\/\/www.livemag.it\/wp-content\/uploads\/2025\/02\/450812554_7854716027977100_6519842678167364981_n-1.jpg 1600w\" sizes=\"(max-width: 1024px) 100vw, 1024px\" \/><\/figure>\n\n\n\n<p><strong>Molti dei tuoi progetti affrontano tematiche profonde, a volte anche sperimentali. C\u2019\u00e8 un filo conduttore che lega le tue opere, qualcosa che ricerchi costantemente nelle tue storie?<\/strong><\/p>\n\n\n\n<p>S\u00ec, c\u2019\u00e8 un filo conduttore che lega le mie opere: la ricerca della verit\u00e0 umana. Che si tratti di un romanzo, di un film o di un documentario, cerco sempre di scavare nelle profondit\u00e0 dell\u2019animo umano, di esplorare le contraddizioni, le paure, i sogni e le speranze delle persone. Mi interessa raccontare storie che siano universali, ma che al tempo stesso siano radicate in contesti specifici e autentici. La sperimentazione, per me, \u00e8 un modo per trovare nuove forme per esprimere queste verit\u00e0.<\/p>\n\n\n\n<p><strong>Guardando al futuro, quali sono i progetti che hai in cantiere? Possiamo aspettarci qualcosa di nuovo nel cinema o nella letteratura a breve?<\/strong><\/p>\n\n\n\n<p>Certamente. Come detto usciranno nuovi testi, alcuni sono stati scritti anni fa e rivisti per l&#8217;occasione. Quindi in ambito editoriale usciranno diversi titoli nel prossimo biennio. Se tutto andr\u00e0 bene usciranno anche due fumetti che per\u00f2 avranno una distribuzione autonoma. Per ci\u00f2 che concerne la parentesi audiovisiva&nbsp; direi che andr\u00e0 pi\u00f9 a rilento, ma ci sar\u00e0 spazio per un nuovo cortometraggio e, se andr\u00e0 in porto un progetto, anche una web-series con giovani attori.<\/p>\n\n\n\n<p><strong>Infine, che consiglio daresti a chi vuole intraprendere una carriera nel mondo dello storytelling, sia esso scritto, audiovisivo o multimediale?<\/strong><\/p>\n\n\n\n<p>Il mio consiglio \u00e8 semplice: siate curiosi e autentici. Leggete diversi generi, scoprite anche l&#8217;Arte del Fumetto, guardate film, ascoltate storie, ma soprattutto vivete esperienze che vi arricchiscano come persone. Lo storytelling \u00e8 prima di tutto una questione di umanit\u00e0. Non abbiate paura di sperimentare e di fare errori: \u00e8 attraverso gli errori che si impara e si cresce. E, soprattutto, non perdete mai di vista il vostro obiettivo: emozionare, far riflettere, connettervi con gli altri. Questo \u00e8 il cuore di ogni storia.<\/p>\n\n\n\n<p><strong>Contatti e riferimenti<\/strong><\/p>\n\n\n\n<p><a href=\"https:\/\/www.cfpbauer.it\/storytelling-multimediale-alla-scoperta-della-narrazione\/\" target=\"_blank\" rel=\"noreferrer noopener\">https:\/\/www.cfpbauer.it\/storytelling-multimediale-alla-scoperta-della-narrazione\/<\/a><\/p>\n\n\n\n<p><a href=\"http:\/\/www.paracchinilab.com\/chisono\" target=\"_blank\" rel=\"noreferrer noopener\">http:\/\/www.paracchinilab.com\/chisono<\/a><\/p>\n\n\n\n<p><a href=\"https:\/\/www.youtube.com\/user\/MacParak\" target=\"_blank\" rel=\"noreferrer noopener\">https:\/\/www.youtube.com\/user\/MacParak<\/a><\/p>\n<\/blockquote>\n","protected":false},"excerpt":{"rendered":"<p>Intervista di Giusy Trimboli al regista, scrittore e docente novarese. Regista, scrittore, e docente. Un percorso poliedrico che abbraccia diverse forme di narrazione. Da dove nasce questa tua passione per il racconto? La mia passione per la narrazione nasce dall\u2019amore per le storie che mi hanno accompagnato fin da bambino. Ricordo che da piccolo ero [&hellip;]<\/p>\n","protected":false},"author":18,"featured_media":44239,"comment_status":"open","ping_status":"open","sticky":false,"template":"","format":"standard","meta":{"jnews-multi-image_gallery":[],"jnews_single_post":{"format":"standard"},"jnews_primary_category":[],"jnews_social_meta":[],"jnews_override_counter":[],"jnews_post_split":[],"footnotes":""},"categories":[142,90,1130,113],"tags":[],"class_list":["post-44229","post","type-post","status-publish","format-standard","has-post-thumbnail","hentry","category-cultura-eventi","category-liveevent","category-nord-ovest","category-novaralive"],"yoast_head":"<!-- This site is optimized with the Yoast SEO plugin v27.5 - https:\/\/yoast.com\/product\/yoast-seo-wordpress\/ -->\n<title>Marco Paracchini: tra cinema, letteratura e formazione - Live Magazine<\/title>\n<meta name=\"robots\" content=\"index, follow, max-snippet:-1, max-image-preview:large, max-video-preview:-1\" \/>\n<link rel=\"canonical\" href=\"https:\/\/www.livemag.it\/index.php\/2025\/02\/08\/marco-paracchini-tra-cinema-letteratura-e-formazione\/\" \/>\n<meta property=\"og:locale\" content=\"it_IT\" \/>\n<meta property=\"og:type\" content=\"article\" \/>\n<meta property=\"og:title\" content=\"Marco Paracchini: tra cinema, letteratura e formazione - Live Magazine\" \/>\n<meta property=\"og:description\" content=\"Intervista di Giusy Trimboli al regista, scrittore e docente novarese. Regista, scrittore, e docente. Un percorso poliedrico che abbraccia diverse forme di narrazione. Da dove nasce questa tua passione per il racconto? La mia passione per la narrazione nasce dall\u2019amore per le storie che mi hanno accompagnato fin da bambino. Ricordo che da piccolo ero [&hellip;]\" \/>\n<meta property=\"og:url\" content=\"https:\/\/www.livemag.it\/index.php\/2025\/02\/08\/marco-paracchini-tra-cinema-letteratura-e-formazione\/\" \/>\n<meta property=\"og:site_name\" content=\"Live Magazine\" \/>\n<meta property=\"article:publisher\" content=\"https:\/\/www.facebook.com\/LiveMag\/\" \/>\n<meta property=\"article:published_time\" content=\"2025-02-08T18:03:52+00:00\" \/>\n<meta property=\"article:modified_time\" content=\"2025-02-09T16:48:37+00:00\" \/>\n<meta property=\"og:image\" content=\"https:\/\/www.livemag.it\/wp-content\/uploads\/2025\/02\/ParacchiniMarco.MB2_-e1739037801527.jpg\" \/>\n\t<meta property=\"og:image:width\" content=\"930\" \/>\n\t<meta property=\"og:image:height\" content=\"563\" \/>\n\t<meta property=\"og:image:type\" content=\"image\/jpeg\" \/>\n<meta name=\"author\" content=\"Giusy Trimboli\" \/>\n<meta name=\"twitter:card\" content=\"summary_large_image\" \/>\n<meta name=\"twitter:creator\" content=\"@LiveNotizie\" \/>\n<meta name=\"twitter:site\" content=\"@LiveNotizie\" \/>\n<meta name=\"twitter:label1\" content=\"Scritto da\" \/>\n\t<meta name=\"twitter:data1\" content=\"Giusy Trimboli\" \/>\n\t<meta name=\"twitter:label2\" content=\"Tempo di lettura stimato\" \/>\n\t<meta name=\"twitter:data2\" content=\"1 minuto\" \/>\n<script type=\"application\/ld+json\" class=\"yoast-schema-graph\">{\"@context\":\"https:\\\/\\\/schema.org\",\"@graph\":[{\"@type\":\"Article\",\"@id\":\"https:\\\/\\\/www.livemag.it\\\/index.php\\\/2025\\\/02\\\/08\\\/marco-paracchini-tra-cinema-letteratura-e-formazione\\\/#article\",\"isPartOf\":{\"@id\":\"https:\\\/\\\/www.livemag.it\\\/index.php\\\/2025\\\/02\\\/08\\\/marco-paracchini-tra-cinema-letteratura-e-formazione\\\/\"},\"author\":{\"name\":\"Giusy Trimboli\",\"@id\":\"https:\\\/\\\/www.livemag.it\\\/#\\\/schema\\\/person\\\/8c801cbd98a67d26f9e8035c50921cae\"},\"headline\":\"Marco Paracchini: tra cinema, letteratura e formazione\",\"datePublished\":\"2025-02-08T18:03:52+00:00\",\"dateModified\":\"2025-02-09T16:48:37+00:00\",\"mainEntityOfPage\":{\"@id\":\"https:\\\/\\\/www.livemag.it\\\/index.php\\\/2025\\\/02\\\/08\\\/marco-paracchini-tra-cinema-letteratura-e-formazione\\\/\"},\"wordCount\":1121,\"commentCount\":0,\"publisher\":{\"@id\":\"https:\\\/\\\/www.livemag.it\\\/#organization\"},\"image\":{\"@id\":\"https:\\\/\\\/www.livemag.it\\\/index.php\\\/2025\\\/02\\\/08\\\/marco-paracchini-tra-cinema-letteratura-e-formazione\\\/#primaryimage\"},\"thumbnailUrl\":\"https:\\\/\\\/www.livemag.it\\\/wp-content\\\/uploads\\\/2025\\\/02\\\/ParacchiniMarco.MB2_-e1739037801527.jpg\",\"articleSection\":[\"Cultura Eventi\",\"LiveEvent\",\"Nord Ovest\",\"NovaraLive\"],\"inLanguage\":\"it-IT\",\"potentialAction\":[{\"@type\":\"CommentAction\",\"name\":\"Comment\",\"target\":[\"https:\\\/\\\/www.livemag.it\\\/index.php\\\/2025\\\/02\\\/08\\\/marco-paracchini-tra-cinema-letteratura-e-formazione\\\/#respond\"]}]},{\"@type\":\"WebPage\",\"@id\":\"https:\\\/\\\/www.livemag.it\\\/index.php\\\/2025\\\/02\\\/08\\\/marco-paracchini-tra-cinema-letteratura-e-formazione\\\/\",\"url\":\"https:\\\/\\\/www.livemag.it\\\/index.php\\\/2025\\\/02\\\/08\\\/marco-paracchini-tra-cinema-letteratura-e-formazione\\\/\",\"name\":\"Marco Paracchini: tra cinema, letteratura e formazione - Live Magazine\",\"isPartOf\":{\"@id\":\"https:\\\/\\\/www.livemag.it\\\/#website\"},\"primaryImageOfPage\":{\"@id\":\"https:\\\/\\\/www.livemag.it\\\/index.php\\\/2025\\\/02\\\/08\\\/marco-paracchini-tra-cinema-letteratura-e-formazione\\\/#primaryimage\"},\"image\":{\"@id\":\"https:\\\/\\\/www.livemag.it\\\/index.php\\\/2025\\\/02\\\/08\\\/marco-paracchini-tra-cinema-letteratura-e-formazione\\\/#primaryimage\"},\"thumbnailUrl\":\"https:\\\/\\\/www.livemag.it\\\/wp-content\\\/uploads\\\/2025\\\/02\\\/ParacchiniMarco.MB2_-e1739037801527.jpg\",\"datePublished\":\"2025-02-08T18:03:52+00:00\",\"dateModified\":\"2025-02-09T16:48:37+00:00\",\"breadcrumb\":{\"@id\":\"https:\\\/\\\/www.livemag.it\\\/index.php\\\/2025\\\/02\\\/08\\\/marco-paracchini-tra-cinema-letteratura-e-formazione\\\/#breadcrumb\"},\"inLanguage\":\"it-IT\",\"potentialAction\":[{\"@type\":\"ReadAction\",\"target\":[\"https:\\\/\\\/www.livemag.it\\\/index.php\\\/2025\\\/02\\\/08\\\/marco-paracchini-tra-cinema-letteratura-e-formazione\\\/\"]}]},{\"@type\":\"ImageObject\",\"inLanguage\":\"it-IT\",\"@id\":\"https:\\\/\\\/www.livemag.it\\\/index.php\\\/2025\\\/02\\\/08\\\/marco-paracchini-tra-cinema-letteratura-e-formazione\\\/#primaryimage\",\"url\":\"https:\\\/\\\/www.livemag.it\\\/wp-content\\\/uploads\\\/2025\\\/02\\\/ParacchiniMarco.MB2_-e1739037801527.jpg\",\"contentUrl\":\"https:\\\/\\\/www.livemag.it\\\/wp-content\\\/uploads\\\/2025\\\/02\\\/ParacchiniMarco.MB2_-e1739037801527.jpg\",\"width\":930,\"height\":563},{\"@type\":\"BreadcrumbList\",\"@id\":\"https:\\\/\\\/www.livemag.it\\\/index.php\\\/2025\\\/02\\\/08\\\/marco-paracchini-tra-cinema-letteratura-e-formazione\\\/#breadcrumb\",\"itemListElement\":[{\"@type\":\"ListItem\",\"position\":1,\"name\":\"Home\",\"item\":\"https:\\\/\\\/www.livemag.it\\\/\"},{\"@type\":\"ListItem\",\"position\":2,\"name\":\"Marco Paracchini: tra cinema, letteratura e formazione\"}]},{\"@type\":\"WebSite\",\"@id\":\"https:\\\/\\\/www.livemag.it\\\/#website\",\"url\":\"https:\\\/\\\/www.livemag.it\\\/\",\"name\":\"Live Magazine\",\"description\":\"Varie ed eventi\",\"publisher\":{\"@id\":\"https:\\\/\\\/www.livemag.it\\\/#organization\"},\"potentialAction\":[{\"@type\":\"SearchAction\",\"target\":{\"@type\":\"EntryPoint\",\"urlTemplate\":\"https:\\\/\\\/www.livemag.it\\\/?s={search_term_string}\"},\"query-input\":{\"@type\":\"PropertyValueSpecification\",\"valueRequired\":true,\"valueName\":\"search_term_string\"}}],\"inLanguage\":\"it-IT\"},{\"@type\":\"Organization\",\"@id\":\"https:\\\/\\\/www.livemag.it\\\/#organization\",\"name\":\"LiveMag\",\"alternateName\":\"LiveMag News ed eventi\",\"url\":\"https:\\\/\\\/www.livemag.it\\\/\",\"logo\":{\"@type\":\"ImageObject\",\"inLanguage\":\"it-IT\",\"@id\":\"https:\\\/\\\/www.livemag.it\\\/#\\\/schema\\\/logo\\\/image\\\/\",\"url\":\"https:\\\/\\\/www.livemag.it\\\/wp-content\\\/uploads\\\/2024\\\/02\\\/immagine-sito.jpg\",\"contentUrl\":\"https:\\\/\\\/www.livemag.it\\\/wp-content\\\/uploads\\\/2024\\\/02\\\/immagine-sito.jpg\",\"width\":696,\"height\":696,\"caption\":\"LiveMag\"},\"image\":{\"@id\":\"https:\\\/\\\/www.livemag.it\\\/#\\\/schema\\\/logo\\\/image\\\/\"},\"sameAs\":[\"https:\\\/\\\/www.facebook.com\\\/LiveMag\\\/\",\"https:\\\/\\\/x.com\\\/LiveNotizie\",\"https:\\\/\\\/www.instagram.com\\\/livemag\\\/\"]},{\"@type\":\"Person\",\"@id\":\"https:\\\/\\\/www.livemag.it\\\/#\\\/schema\\\/person\\\/8c801cbd98a67d26f9e8035c50921cae\",\"name\":\"Giusy Trimboli\",\"image\":{\"@type\":\"ImageObject\",\"inLanguage\":\"it-IT\",\"@id\":\"https:\\\/\\\/secure.gravatar.com\\\/avatar\\\/f886ae735bbebcdd8da6be14cf45411d01debc46dd39341bb12673635db6ed2f?s=96&r=g\",\"url\":\"https:\\\/\\\/secure.gravatar.com\\\/avatar\\\/f886ae735bbebcdd8da6be14cf45411d01debc46dd39341bb12673635db6ed2f?s=96&r=g\",\"contentUrl\":\"https:\\\/\\\/secure.gravatar.com\\\/avatar\\\/f886ae735bbebcdd8da6be14cf45411d01debc46dd39341bb12673635db6ed2f?s=96&r=g\",\"caption\":\"Giusy Trimboli\"},\"description\":\"giornalista - content creator\",\"url\":\"https:\\\/\\\/www.livemag.it\\\/index.php\\\/author\\\/giusytrimboli\\\/\"}]}<\/script>\n<!-- \/ Yoast SEO plugin. -->","yoast_head_json":{"title":"Marco Paracchini: tra cinema, letteratura e formazione - Live Magazine","robots":{"index":"index","follow":"follow","max-snippet":"max-snippet:-1","max-image-preview":"max-image-preview:large","max-video-preview":"max-video-preview:-1"},"canonical":"https:\/\/www.livemag.it\/index.php\/2025\/02\/08\/marco-paracchini-tra-cinema-letteratura-e-formazione\/","og_locale":"it_IT","og_type":"article","og_title":"Marco Paracchini: tra cinema, letteratura e formazione - Live Magazine","og_description":"Intervista di Giusy Trimboli al regista, scrittore e docente novarese. Regista, scrittore, e docente. Un percorso poliedrico che abbraccia diverse forme di narrazione. Da dove nasce questa tua passione per il racconto? La mia passione per la narrazione nasce dall\u2019amore per le storie che mi hanno accompagnato fin da bambino. Ricordo che da piccolo ero [&hellip;]","og_url":"https:\/\/www.livemag.it\/index.php\/2025\/02\/08\/marco-paracchini-tra-cinema-letteratura-e-formazione\/","og_site_name":"Live Magazine","article_publisher":"https:\/\/www.facebook.com\/LiveMag\/","article_published_time":"2025-02-08T18:03:52+00:00","article_modified_time":"2025-02-09T16:48:37+00:00","og_image":[{"width":930,"height":563,"url":"https:\/\/www.livemag.it\/wp-content\/uploads\/2025\/02\/ParacchiniMarco.MB2_-e1739037801527.jpg","type":"image\/jpeg"}],"author":"Giusy Trimboli","twitter_card":"summary_large_image","twitter_creator":"@LiveNotizie","twitter_site":"@LiveNotizie","twitter_misc":{"Scritto da":"Giusy Trimboli","Tempo di lettura stimato":"1 minuto"},"schema":{"@context":"https:\/\/schema.org","@graph":[{"@type":"Article","@id":"https:\/\/www.livemag.it\/index.php\/2025\/02\/08\/marco-paracchini-tra-cinema-letteratura-e-formazione\/#article","isPartOf":{"@id":"https:\/\/www.livemag.it\/index.php\/2025\/02\/08\/marco-paracchini-tra-cinema-letteratura-e-formazione\/"},"author":{"name":"Giusy Trimboli","@id":"https:\/\/www.livemag.it\/#\/schema\/person\/8c801cbd98a67d26f9e8035c50921cae"},"headline":"Marco Paracchini: tra cinema, letteratura e formazione","datePublished":"2025-02-08T18:03:52+00:00","dateModified":"2025-02-09T16:48:37+00:00","mainEntityOfPage":{"@id":"https:\/\/www.livemag.it\/index.php\/2025\/02\/08\/marco-paracchini-tra-cinema-letteratura-e-formazione\/"},"wordCount":1121,"commentCount":0,"publisher":{"@id":"https:\/\/www.livemag.it\/#organization"},"image":{"@id":"https:\/\/www.livemag.it\/index.php\/2025\/02\/08\/marco-paracchini-tra-cinema-letteratura-e-formazione\/#primaryimage"},"thumbnailUrl":"https:\/\/www.livemag.it\/wp-content\/uploads\/2025\/02\/ParacchiniMarco.MB2_-e1739037801527.jpg","articleSection":["Cultura Eventi","LiveEvent","Nord Ovest","NovaraLive"],"inLanguage":"it-IT","potentialAction":[{"@type":"CommentAction","name":"Comment","target":["https:\/\/www.livemag.it\/index.php\/2025\/02\/08\/marco-paracchini-tra-cinema-letteratura-e-formazione\/#respond"]}]},{"@type":"WebPage","@id":"https:\/\/www.livemag.it\/index.php\/2025\/02\/08\/marco-paracchini-tra-cinema-letteratura-e-formazione\/","url":"https:\/\/www.livemag.it\/index.php\/2025\/02\/08\/marco-paracchini-tra-cinema-letteratura-e-formazione\/","name":"Marco Paracchini: tra cinema, letteratura e formazione - Live Magazine","isPartOf":{"@id":"https:\/\/www.livemag.it\/#website"},"primaryImageOfPage":{"@id":"https:\/\/www.livemag.it\/index.php\/2025\/02\/08\/marco-paracchini-tra-cinema-letteratura-e-formazione\/#primaryimage"},"image":{"@id":"https:\/\/www.livemag.it\/index.php\/2025\/02\/08\/marco-paracchini-tra-cinema-letteratura-e-formazione\/#primaryimage"},"thumbnailUrl":"https:\/\/www.livemag.it\/wp-content\/uploads\/2025\/02\/ParacchiniMarco.MB2_-e1739037801527.jpg","datePublished":"2025-02-08T18:03:52+00:00","dateModified":"2025-02-09T16:48:37+00:00","breadcrumb":{"@id":"https:\/\/www.livemag.it\/index.php\/2025\/02\/08\/marco-paracchini-tra-cinema-letteratura-e-formazione\/#breadcrumb"},"inLanguage":"it-IT","potentialAction":[{"@type":"ReadAction","target":["https:\/\/www.livemag.it\/index.php\/2025\/02\/08\/marco-paracchini-tra-cinema-letteratura-e-formazione\/"]}]},{"@type":"ImageObject","inLanguage":"it-IT","@id":"https:\/\/www.livemag.it\/index.php\/2025\/02\/08\/marco-paracchini-tra-cinema-letteratura-e-formazione\/#primaryimage","url":"https:\/\/www.livemag.it\/wp-content\/uploads\/2025\/02\/ParacchiniMarco.MB2_-e1739037801527.jpg","contentUrl":"https:\/\/www.livemag.it\/wp-content\/uploads\/2025\/02\/ParacchiniMarco.MB2_-e1739037801527.jpg","width":930,"height":563},{"@type":"BreadcrumbList","@id":"https:\/\/www.livemag.it\/index.php\/2025\/02\/08\/marco-paracchini-tra-cinema-letteratura-e-formazione\/#breadcrumb","itemListElement":[{"@type":"ListItem","position":1,"name":"Home","item":"https:\/\/www.livemag.it\/"},{"@type":"ListItem","position":2,"name":"Marco Paracchini: tra cinema, letteratura e formazione"}]},{"@type":"WebSite","@id":"https:\/\/www.livemag.it\/#website","url":"https:\/\/www.livemag.it\/","name":"Live Magazine","description":"Varie ed eventi","publisher":{"@id":"https:\/\/www.livemag.it\/#organization"},"potentialAction":[{"@type":"SearchAction","target":{"@type":"EntryPoint","urlTemplate":"https:\/\/www.livemag.it\/?s={search_term_string}"},"query-input":{"@type":"PropertyValueSpecification","valueRequired":true,"valueName":"search_term_string"}}],"inLanguage":"it-IT"},{"@type":"Organization","@id":"https:\/\/www.livemag.it\/#organization","name":"LiveMag","alternateName":"LiveMag News ed eventi","url":"https:\/\/www.livemag.it\/","logo":{"@type":"ImageObject","inLanguage":"it-IT","@id":"https:\/\/www.livemag.it\/#\/schema\/logo\/image\/","url":"https:\/\/www.livemag.it\/wp-content\/uploads\/2024\/02\/immagine-sito.jpg","contentUrl":"https:\/\/www.livemag.it\/wp-content\/uploads\/2024\/02\/immagine-sito.jpg","width":696,"height":696,"caption":"LiveMag"},"image":{"@id":"https:\/\/www.livemag.it\/#\/schema\/logo\/image\/"},"sameAs":["https:\/\/www.facebook.com\/LiveMag\/","https:\/\/x.com\/LiveNotizie","https:\/\/www.instagram.com\/livemag\/"]},{"@type":"Person","@id":"https:\/\/www.livemag.it\/#\/schema\/person\/8c801cbd98a67d26f9e8035c50921cae","name":"Giusy Trimboli","image":{"@type":"ImageObject","inLanguage":"it-IT","@id":"https:\/\/secure.gravatar.com\/avatar\/f886ae735bbebcdd8da6be14cf45411d01debc46dd39341bb12673635db6ed2f?s=96&r=g","url":"https:\/\/secure.gravatar.com\/avatar\/f886ae735bbebcdd8da6be14cf45411d01debc46dd39341bb12673635db6ed2f?s=96&r=g","contentUrl":"https:\/\/secure.gravatar.com\/avatar\/f886ae735bbebcdd8da6be14cf45411d01debc46dd39341bb12673635db6ed2f?s=96&r=g","caption":"Giusy Trimboli"},"description":"giornalista - content creator","url":"https:\/\/www.livemag.it\/index.php\/author\/giusytrimboli\/"}]}},"jetpack_featured_media_url":"https:\/\/www.livemag.it\/wp-content\/uploads\/2025\/02\/ParacchiniMarco.MB2_-e1739037801527.jpg","_links":{"self":[{"href":"https:\/\/www.livemag.it\/index.php\/wp-json\/wp\/v2\/posts\/44229","targetHints":{"allow":["GET"]}}],"collection":[{"href":"https:\/\/www.livemag.it\/index.php\/wp-json\/wp\/v2\/posts"}],"about":[{"href":"https:\/\/www.livemag.it\/index.php\/wp-json\/wp\/v2\/types\/post"}],"author":[{"embeddable":true,"href":"https:\/\/www.livemag.it\/index.php\/wp-json\/wp\/v2\/users\/18"}],"replies":[{"embeddable":true,"href":"https:\/\/www.livemag.it\/index.php\/wp-json\/wp\/v2\/comments?post=44229"}],"version-history":[{"count":4,"href":"https:\/\/www.livemag.it\/index.php\/wp-json\/wp\/v2\/posts\/44229\/revisions"}],"predecessor-version":[{"id":44279,"href":"https:\/\/www.livemag.it\/index.php\/wp-json\/wp\/v2\/posts\/44229\/revisions\/44279"}],"wp:featuredmedia":[{"embeddable":true,"href":"https:\/\/www.livemag.it\/index.php\/wp-json\/wp\/v2\/media\/44239"}],"wp:attachment":[{"href":"https:\/\/www.livemag.it\/index.php\/wp-json\/wp\/v2\/media?parent=44229"}],"wp:term":[{"taxonomy":"category","embeddable":true,"href":"https:\/\/www.livemag.it\/index.php\/wp-json\/wp\/v2\/categories?post=44229"},{"taxonomy":"post_tag","embeddable":true,"href":"https:\/\/www.livemag.it\/index.php\/wp-json\/wp\/v2\/tags?post=44229"}],"curies":[{"name":"wp","href":"https:\/\/api.w.org\/{rel}","templated":true}]}}