{"id":43765,"date":"2025-01-31T21:04:02","date_gmt":"2025-01-31T20:04:02","guid":{"rendered":"https:\/\/www.livemag.it\/index.php\/2025\/01\/31\/caramanna-i-dati-sulla-violenza-giovanile-sono-preoccupanti\/"},"modified":"2025-01-31T21:04:02","modified_gmt":"2025-01-31T20:04:02","slug":"caramanna-i-dati-sulla-violenza-giovanile-sono-preoccupanti","status":"publish","type":"post","link":"https:\/\/www.livemag.it\/index.php\/2025\/01\/31\/caramanna-i-dati-sulla-violenza-giovanile-sono-preoccupanti\/","title":{"rendered":"<div>Caramanna \u201cI dati sulla violenza giovanile sono preoccupanti&#8221;<\/div>"},"content":{"rendered":"<p>    <video-js id=\"videojs69f2fd31075da\" class=\"vjs-big-play-centered\" controls preload=\"auto\" playsinline data-setup='{\"fluid\": true}'>\r\n        <source src=\"https:\/\/video.italpress.com\/play\/mp4\/video\/ZgDQ\" type=\"video\/mp4\" \/>\r\n    <\/video-js>\r\n           <br \/>\n<\/p>\n<div> PALERMO (ITALPRESS) &#8211; \u201cI dati sulla violenza giovanile purtroppo sono estremamente preoccupanti&#8221;. Cos\u00ec Claudia Caramanna, Procuratore al Tribunale dei Minorenni di Palermo, a margine del convegno &#8220;I giovani e la violenza: un fenomeno in aumento?&#8221;, organizzato dall\u2019Omceo di Palermo e dal Centro Studi Giuridici e Sociali Cesare Terranova, in memoria di Francesca Morvillo.  &#8220;Abbiamo registrato dal 2022 un aumento del 25% dei reati commessi da minorenni, reati che sono stati peraltro caratterizzati da estrema violenza e brutalit\u00e0 &#8211; spiega -. Rispondere alla domanda su quali sono le cause \u00e8 molto complesso, ma \u00e8 chiaro che si tratta di concause, sicuramente incide in maniera molto significativa il consumo di sostanze stupefacenti ed in particolare di crack, una sostanza che si trova ormai a basso costo e che \u00e8 molto facile reperire e che viene consumata anche da ragazzini molto piccoli, ma oltre a questo ci sono anche tanti altri aspetti da considerare, un po&#8217; la crisi familiare, c&#8217;\u00e8 la crisi dei rapporti sociali che ormai sono rapporti che vengono intrattenuti spesso attraverso piattaforme, non sono pi\u00f9 rapporti veri. Abbiamo una societ\u00e0 che presenta tanti aspetti di fragilit\u00e0 e di insicurezza che sicuramente incidono sulla psiche di questi minori e abbiamo anche degli esempi da parte dei soggetti adulti che sono molto vicini alla violenza e allora \u00e8 chiaro che anche i minori agiscono con condotte di questo tipo\u201d. \u201cCome si inserisce la criminalit\u00e0 organizzata in questo quadro? La criminalit\u00e0 organizzata &#8211; aggiunge &#8211; sfrutta i soggetti minorenni, ma sfrutta anche i soggetti non imputabili ben consapevoli del fatto che a 10-12 anni non \u00e8 possibile neppure instaurare un procedimento penale. Quindi abbiamo moltissimi minori, anche minori di 14 anni, che sono pusher al servizio della criminalit\u00e0 organizzata\u201d. xd6\/vbo\/gtr<\/div>\n","protected":false},"excerpt":{"rendered":"<p>PALERMO (ITALPRESS) &#8211; \u201cI dati sulla violenza giovanile purtroppo sono estremamente preoccupanti&#8221;. Cos\u00ec Claudia Caramanna, Procuratore al Tribunale dei Minorenni di Palermo, a margine del convegno &#8220;I giovani e la violenza: un fenomeno in aumento?&#8221;, organizzato dall\u2019Omceo di Palermo e dal Centro Studi Giuridici e Sociali Cesare Terranova, in memoria di Francesca Morvillo. &#8220;Abbiamo registrato [&hellip;]<\/p>\n","protected":false},"author":16,"featured_media":0,"comment_status":"closed","ping_status":"closed","sticky":false,"template":"","format":"video","meta":{"jnews-multi-image_gallery":[],"jnews_single_post":[],"jnews_primary_category":[],"jnews_social_meta":[],"jnews_override_counter":[],"jnews_post_split":[],"footnotes":""},"categories":[1171],"tags":[],"class_list":["post-43765","post","type-post","status-publish","format-video","hentry","category-video","post_format-post-format-video"],"yoast_head":"<!-- This site is optimized with the Yoast SEO plugin v27.5 - https:\/\/yoast.com\/product\/yoast-seo-wordpress\/ -->\n<title>Caramanna \u201cI dati sulla violenza giovanile sono preoccupanti&quot; - Live Magazine<\/title>\n<meta name=\"robots\" content=\"index, follow, max-snippet:-1, max-image-preview:large, max-video-preview:-1\" \/>\n<link rel=\"canonical\" href=\"https:\/\/www.livemag.it\/index.php\/2025\/01\/31\/caramanna-i-dati-sulla-violenza-giovanile-sono-preoccupanti\/\" \/>\n<meta property=\"og:locale\" content=\"it_IT\" \/>\n<meta property=\"og:type\" content=\"article\" \/>\n<meta property=\"og:title\" content=\"Caramanna \u201cI dati sulla violenza giovanile sono preoccupanti&quot; - Live Magazine\" \/>\n<meta property=\"og:description\" content=\"PALERMO (ITALPRESS) &#8211; \u201cI dati sulla violenza giovanile purtroppo sono estremamente preoccupanti&#8221;. Cos\u00ec Claudia Caramanna, Procuratore al Tribunale dei Minorenni di Palermo, a margine del convegno &#8220;I giovani e la violenza: un fenomeno in aumento?&#8221;, organizzato dall\u2019Omceo di Palermo e dal Centro Studi Giuridici e Sociali Cesare Terranova, in memoria di Francesca Morvillo. &#8220;Abbiamo registrato [&hellip;]\" \/>\n<meta property=\"og:url\" content=\"https:\/\/www.livemag.it\/index.php\/2025\/01\/31\/caramanna-i-dati-sulla-violenza-giovanile-sono-preoccupanti\/\" \/>\n<meta property=\"og:site_name\" content=\"Live Magazine\" \/>\n<meta property=\"article:publisher\" content=\"https:\/\/www.facebook.com\/LiveMag\/\" \/>\n<meta property=\"article:published_time\" content=\"2025-01-31T20:04:02+00:00\" \/>\n<meta property=\"og:image\" content=\"https:\/\/www.livemag.it\/wp-content\/uploads\/2024\/02\/ograph.jpg\" \/>\n\t<meta property=\"og:image:width\" content=\"1200\" \/>\n\t<meta property=\"og:image:height\" content=\"675\" \/>\n\t<meta property=\"og:image:type\" content=\"image\/jpeg\" \/>\n<meta name=\"author\" content=\"italpress\" \/>\n<meta name=\"twitter:card\" content=\"summary_large_image\" \/>\n<meta name=\"twitter:creator\" content=\"@LiveNotizie\" \/>\n<meta name=\"twitter:site\" content=\"@LiveNotizie\" \/>\n<meta name=\"twitter:label1\" content=\"Scritto da\" \/>\n\t<meta name=\"twitter:data1\" content=\"italpress\" \/>\n\t<meta name=\"twitter:label2\" content=\"Tempo di lettura stimato\" \/>\n\t<meta name=\"twitter:data2\" content=\"1 minuto\" \/>\n<script type=\"application\/ld+json\" class=\"yoast-schema-graph\">{\"@context\":\"https:\\\/\\\/schema.org\",\"@graph\":[{\"@type\":\"Article\",\"@id\":\"https:\\\/\\\/www.livemag.it\\\/index.php\\\/2025\\\/01\\\/31\\\/caramanna-i-dati-sulla-violenza-giovanile-sono-preoccupanti\\\/#article\",\"isPartOf\":{\"@id\":\"https:\\\/\\\/www.livemag.it\\\/index.php\\\/2025\\\/01\\\/31\\\/caramanna-i-dati-sulla-violenza-giovanile-sono-preoccupanti\\\/\"},\"author\":{\"name\":\"italpress\",\"@id\":\"https:\\\/\\\/www.livemag.it\\\/#\\\/schema\\\/person\\\/b62c5f44451fdcdaeb0afe6c2424e73c\"},\"headline\":\"Caramanna \u201cI dati sulla violenza giovanile sono preoccupanti&#8221;\",\"datePublished\":\"2025-01-31T20:04:02+00:00\",\"mainEntityOfPage\":{\"@id\":\"https:\\\/\\\/www.livemag.it\\\/index.php\\\/2025\\\/01\\\/31\\\/caramanna-i-dati-sulla-violenza-giovanile-sono-preoccupanti\\\/\"},\"wordCount\":301,\"publisher\":{\"@id\":\"https:\\\/\\\/www.livemag.it\\\/#organization\"},\"articleSection\":[\"Video\"],\"inLanguage\":\"it-IT\"},{\"@type\":\"WebPage\",\"@id\":\"https:\\\/\\\/www.livemag.it\\\/index.php\\\/2025\\\/01\\\/31\\\/caramanna-i-dati-sulla-violenza-giovanile-sono-preoccupanti\\\/\",\"url\":\"https:\\\/\\\/www.livemag.it\\\/index.php\\\/2025\\\/01\\\/31\\\/caramanna-i-dati-sulla-violenza-giovanile-sono-preoccupanti\\\/\",\"name\":\"Caramanna \u201cI dati sulla violenza giovanile sono preoccupanti\\\" - Live Magazine\",\"isPartOf\":{\"@id\":\"https:\\\/\\\/www.livemag.it\\\/#website\"},\"datePublished\":\"2025-01-31T20:04:02+00:00\",\"breadcrumb\":{\"@id\":\"https:\\\/\\\/www.livemag.it\\\/index.php\\\/2025\\\/01\\\/31\\\/caramanna-i-dati-sulla-violenza-giovanile-sono-preoccupanti\\\/#breadcrumb\"},\"inLanguage\":\"it-IT\",\"potentialAction\":[{\"@type\":\"ReadAction\",\"target\":[\"https:\\\/\\\/www.livemag.it\\\/index.php\\\/2025\\\/01\\\/31\\\/caramanna-i-dati-sulla-violenza-giovanile-sono-preoccupanti\\\/\"]}]},{\"@type\":\"BreadcrumbList\",\"@id\":\"https:\\\/\\\/www.livemag.it\\\/index.php\\\/2025\\\/01\\\/31\\\/caramanna-i-dati-sulla-violenza-giovanile-sono-preoccupanti\\\/#breadcrumb\",\"itemListElement\":[{\"@type\":\"ListItem\",\"position\":1,\"name\":\"Home\",\"item\":\"https:\\\/\\\/www.livemag.it\\\/\"},{\"@type\":\"ListItem\",\"position\":2,\"name\":\"Caramanna \u201cI dati sulla violenza giovanile sono preoccupanti&#8221;\"}]},{\"@type\":\"WebSite\",\"@id\":\"https:\\\/\\\/www.livemag.it\\\/#website\",\"url\":\"https:\\\/\\\/www.livemag.it\\\/\",\"name\":\"Live Magazine\",\"description\":\"Varie ed eventi\",\"publisher\":{\"@id\":\"https:\\\/\\\/www.livemag.it\\\/#organization\"},\"potentialAction\":[{\"@type\":\"SearchAction\",\"target\":{\"@type\":\"EntryPoint\",\"urlTemplate\":\"https:\\\/\\\/www.livemag.it\\\/?s={search_term_string}\"},\"query-input\":{\"@type\":\"PropertyValueSpecification\",\"valueRequired\":true,\"valueName\":\"search_term_string\"}}],\"inLanguage\":\"it-IT\"},{\"@type\":\"Organization\",\"@id\":\"https:\\\/\\\/www.livemag.it\\\/#organization\",\"name\":\"LiveMag\",\"alternateName\":\"LiveMag News ed eventi\",\"url\":\"https:\\\/\\\/www.livemag.it\\\/\",\"logo\":{\"@type\":\"ImageObject\",\"inLanguage\":\"it-IT\",\"@id\":\"https:\\\/\\\/www.livemag.it\\\/#\\\/schema\\\/logo\\\/image\\\/\",\"url\":\"https:\\\/\\\/www.livemag.it\\\/wp-content\\\/uploads\\\/2024\\\/02\\\/immagine-sito.jpg\",\"contentUrl\":\"https:\\\/\\\/www.livemag.it\\\/wp-content\\\/uploads\\\/2024\\\/02\\\/immagine-sito.jpg\",\"width\":696,\"height\":696,\"caption\":\"LiveMag\"},\"image\":{\"@id\":\"https:\\\/\\\/www.livemag.it\\\/#\\\/schema\\\/logo\\\/image\\\/\"},\"sameAs\":[\"https:\\\/\\\/www.facebook.com\\\/LiveMag\\\/\",\"https:\\\/\\\/x.com\\\/LiveNotizie\",\"https:\\\/\\\/www.instagram.com\\\/livemag\\\/\"]},{\"@type\":\"Person\",\"@id\":\"https:\\\/\\\/www.livemag.it\\\/#\\\/schema\\\/person\\\/b62c5f44451fdcdaeb0afe6c2424e73c\",\"name\":\"italpress\",\"image\":{\"@type\":\"ImageObject\",\"inLanguage\":\"it-IT\",\"@id\":\"https:\\\/\\\/secure.gravatar.com\\\/avatar\\\/b6a21695fc713ce7ee312cf57c97e2e641feb365be72d8745574d3c3e2b59066?s=96&r=g\",\"url\":\"https:\\\/\\\/secure.gravatar.com\\\/avatar\\\/b6a21695fc713ce7ee312cf57c97e2e641feb365be72d8745574d3c3e2b59066?s=96&r=g\",\"contentUrl\":\"https:\\\/\\\/secure.gravatar.com\\\/avatar\\\/b6a21695fc713ce7ee312cf57c97e2e641feb365be72d8745574d3c3e2b59066?s=96&r=g\",\"caption\":\"italpress\"},\"description\":\"Italpress \u00e8 un'agenzia di stampa italiana a carattere nazionale.\",\"url\":\"https:\\\/\\\/www.livemag.it\\\/index.php\\\/author\\\/italpress\\\/\"}]}<\/script>\n<!-- \/ Yoast SEO plugin. -->","yoast_head_json":{"title":"Caramanna \u201cI dati sulla violenza giovanile sono preoccupanti\" - Live Magazine","robots":{"index":"index","follow":"follow","max-snippet":"max-snippet:-1","max-image-preview":"max-image-preview:large","max-video-preview":"max-video-preview:-1"},"canonical":"https:\/\/www.livemag.it\/index.php\/2025\/01\/31\/caramanna-i-dati-sulla-violenza-giovanile-sono-preoccupanti\/","og_locale":"it_IT","og_type":"article","og_title":"Caramanna \u201cI dati sulla violenza giovanile sono preoccupanti\" - Live Magazine","og_description":"PALERMO (ITALPRESS) &#8211; \u201cI dati sulla violenza giovanile purtroppo sono estremamente preoccupanti&#8221;. Cos\u00ec Claudia Caramanna, Procuratore al Tribunale dei Minorenni di Palermo, a margine del convegno &#8220;I giovani e la violenza: un fenomeno in aumento?&#8221;, organizzato dall\u2019Omceo di Palermo e dal Centro Studi Giuridici e Sociali Cesare Terranova, in memoria di Francesca Morvillo. &#8220;Abbiamo registrato [&hellip;]","og_url":"https:\/\/www.livemag.it\/index.php\/2025\/01\/31\/caramanna-i-dati-sulla-violenza-giovanile-sono-preoccupanti\/","og_site_name":"Live Magazine","article_publisher":"https:\/\/www.facebook.com\/LiveMag\/","article_published_time":"2025-01-31T20:04:02+00:00","og_image":[{"width":1200,"height":675,"url":"https:\/\/www.livemag.it\/wp-content\/uploads\/2024\/02\/ograph.jpg","type":"image\/jpeg"}],"author":"italpress","twitter_card":"summary_large_image","twitter_creator":"@LiveNotizie","twitter_site":"@LiveNotizie","twitter_misc":{"Scritto da":"italpress","Tempo di lettura stimato":"1 minuto"},"schema":{"@context":"https:\/\/schema.org","@graph":[{"@type":"Article","@id":"https:\/\/www.livemag.it\/index.php\/2025\/01\/31\/caramanna-i-dati-sulla-violenza-giovanile-sono-preoccupanti\/#article","isPartOf":{"@id":"https:\/\/www.livemag.it\/index.php\/2025\/01\/31\/caramanna-i-dati-sulla-violenza-giovanile-sono-preoccupanti\/"},"author":{"name":"italpress","@id":"https:\/\/www.livemag.it\/#\/schema\/person\/b62c5f44451fdcdaeb0afe6c2424e73c"},"headline":"Caramanna \u201cI dati sulla violenza giovanile sono preoccupanti&#8221;","datePublished":"2025-01-31T20:04:02+00:00","mainEntityOfPage":{"@id":"https:\/\/www.livemag.it\/index.php\/2025\/01\/31\/caramanna-i-dati-sulla-violenza-giovanile-sono-preoccupanti\/"},"wordCount":301,"publisher":{"@id":"https:\/\/www.livemag.it\/#organization"},"articleSection":["Video"],"inLanguage":"it-IT"},{"@type":"WebPage","@id":"https:\/\/www.livemag.it\/index.php\/2025\/01\/31\/caramanna-i-dati-sulla-violenza-giovanile-sono-preoccupanti\/","url":"https:\/\/www.livemag.it\/index.php\/2025\/01\/31\/caramanna-i-dati-sulla-violenza-giovanile-sono-preoccupanti\/","name":"Caramanna \u201cI dati sulla violenza giovanile sono preoccupanti\" - Live Magazine","isPartOf":{"@id":"https:\/\/www.livemag.it\/#website"},"datePublished":"2025-01-31T20:04:02+00:00","breadcrumb":{"@id":"https:\/\/www.livemag.it\/index.php\/2025\/01\/31\/caramanna-i-dati-sulla-violenza-giovanile-sono-preoccupanti\/#breadcrumb"},"inLanguage":"it-IT","potentialAction":[{"@type":"ReadAction","target":["https:\/\/www.livemag.it\/index.php\/2025\/01\/31\/caramanna-i-dati-sulla-violenza-giovanile-sono-preoccupanti\/"]}]},{"@type":"BreadcrumbList","@id":"https:\/\/www.livemag.it\/index.php\/2025\/01\/31\/caramanna-i-dati-sulla-violenza-giovanile-sono-preoccupanti\/#breadcrumb","itemListElement":[{"@type":"ListItem","position":1,"name":"Home","item":"https:\/\/www.livemag.it\/"},{"@type":"ListItem","position":2,"name":"Caramanna \u201cI dati sulla violenza giovanile sono preoccupanti&#8221;"}]},{"@type":"WebSite","@id":"https:\/\/www.livemag.it\/#website","url":"https:\/\/www.livemag.it\/","name":"Live Magazine","description":"Varie ed eventi","publisher":{"@id":"https:\/\/www.livemag.it\/#organization"},"potentialAction":[{"@type":"SearchAction","target":{"@type":"EntryPoint","urlTemplate":"https:\/\/www.livemag.it\/?s={search_term_string}"},"query-input":{"@type":"PropertyValueSpecification","valueRequired":true,"valueName":"search_term_string"}}],"inLanguage":"it-IT"},{"@type":"Organization","@id":"https:\/\/www.livemag.it\/#organization","name":"LiveMag","alternateName":"LiveMag News ed eventi","url":"https:\/\/www.livemag.it\/","logo":{"@type":"ImageObject","inLanguage":"it-IT","@id":"https:\/\/www.livemag.it\/#\/schema\/logo\/image\/","url":"https:\/\/www.livemag.it\/wp-content\/uploads\/2024\/02\/immagine-sito.jpg","contentUrl":"https:\/\/www.livemag.it\/wp-content\/uploads\/2024\/02\/immagine-sito.jpg","width":696,"height":696,"caption":"LiveMag"},"image":{"@id":"https:\/\/www.livemag.it\/#\/schema\/logo\/image\/"},"sameAs":["https:\/\/www.facebook.com\/LiveMag\/","https:\/\/x.com\/LiveNotizie","https:\/\/www.instagram.com\/livemag\/"]},{"@type":"Person","@id":"https:\/\/www.livemag.it\/#\/schema\/person\/b62c5f44451fdcdaeb0afe6c2424e73c","name":"italpress","image":{"@type":"ImageObject","inLanguage":"it-IT","@id":"https:\/\/secure.gravatar.com\/avatar\/b6a21695fc713ce7ee312cf57c97e2e641feb365be72d8745574d3c3e2b59066?s=96&r=g","url":"https:\/\/secure.gravatar.com\/avatar\/b6a21695fc713ce7ee312cf57c97e2e641feb365be72d8745574d3c3e2b59066?s=96&r=g","contentUrl":"https:\/\/secure.gravatar.com\/avatar\/b6a21695fc713ce7ee312cf57c97e2e641feb365be72d8745574d3c3e2b59066?s=96&r=g","caption":"italpress"},"description":"Italpress \u00e8 un'agenzia di stampa italiana a carattere nazionale.","url":"https:\/\/www.livemag.it\/index.php\/author\/italpress\/"}]}},"jetpack_featured_media_url":"","_links":{"self":[{"href":"https:\/\/www.livemag.it\/index.php\/wp-json\/wp\/v2\/posts\/43765","targetHints":{"allow":["GET"]}}],"collection":[{"href":"https:\/\/www.livemag.it\/index.php\/wp-json\/wp\/v2\/posts"}],"about":[{"href":"https:\/\/www.livemag.it\/index.php\/wp-json\/wp\/v2\/types\/post"}],"author":[{"embeddable":true,"href":"https:\/\/www.livemag.it\/index.php\/wp-json\/wp\/v2\/users\/16"}],"replies":[{"embeddable":true,"href":"https:\/\/www.livemag.it\/index.php\/wp-json\/wp\/v2\/comments?post=43765"}],"version-history":[{"count":0,"href":"https:\/\/www.livemag.it\/index.php\/wp-json\/wp\/v2\/posts\/43765\/revisions"}],"wp:attachment":[{"href":"https:\/\/www.livemag.it\/index.php\/wp-json\/wp\/v2\/media?parent=43765"}],"wp:term":[{"taxonomy":"category","embeddable":true,"href":"https:\/\/www.livemag.it\/index.php\/wp-json\/wp\/v2\/categories?post=43765"},{"taxonomy":"post_tag","embeddable":true,"href":"https:\/\/www.livemag.it\/index.php\/wp-json\/wp\/v2\/tags?post=43765"}],"curies":[{"name":"wp","href":"https:\/\/api.w.org\/{rel}","templated":true}]}}