{"id":42252,"date":"2025-01-09T15:04:36","date_gmt":"2025-01-09T14:04:36","guid":{"rendered":"https:\/\/www.livemag.it\/index.php\/2025\/01\/09\/luca-zuccala-e-il-nuovo-direttore-de-il-giornale-dellarte\/"},"modified":"2025-01-09T15:04:36","modified_gmt":"2025-01-09T14:04:36","slug":"luca-zuccala-e-il-nuovo-direttore-de-il-giornale-dellarte","status":"publish","type":"post","link":"https:\/\/www.livemag.it\/index.php\/2025\/01\/09\/luca-zuccala-e-il-nuovo-direttore-de-il-giornale-dellarte\/","title":{"rendered":"Luca Zuccala \u00e8 il nuovo direttore de Il Giornale dell\u2019Arte"},"content":{"rendered":"<div>\n<p>TORINO (ITALPRESS) \u2013 Il Presidente della societ\u00e0 editrice Allemandi Michele Coppola e l\u2019Amministratore Delegato Luigi Cerutti hanno annunciato al comitato di redazione la nomina del nuovo direttore de Il Giornale dell\u2019Arte: \u00e8 Luca Zuccala, gi\u00e0 direttore responsabile della testata specializzata in Economia dell\u2019Arte ArtsLife e collaboratore fisso per le pagine di economia dell\u2019arte de Il Corriere della Sera.<br \/>Luca Zuccala \u00e8 entrato in ruolo a partire dal 7 gennaio 2025 e firmer\u00e0 gi\u00e0 il prossimo numero di febbraio.<br \/>Zuccala succede nell\u2019incarico che \u00e8 stato per 42 ininterrotti anni di Umberto Allemandi, fondatore del Giornale e della casa editrice, acquisita lo scorso dicembre da Intesa Sanpaolo, Fondazione 1563 e Fondazione Cassa di Risparmio di Cuneo.<br \/>Luca Zuccala, 37 anni, milanese, ha una lunga esperienza di giornalismo culturale, di mercato dell\u2019arte e di costruzione editoriale maturata in seno alla galassia di progetti editoriali targati ArtsLife, dove ha lavorato dal 2007 al 2024; ha al suo attivo un portfolio di prestigiose collaborazioni in numerose testate italiane \u2013 cartacee, digitali, radiofoniche \u2013 ed \u00e8 impegnato in qualificate docenze in tema di mercato dell\u2019arte e giornalismo culturale digitale.<br \/>Michele Coppola ha dichiarato: \u201cDiamo il benvenuto al nuovo direttore de Il Giornale dell\u2019Arte, con l\u2019obiettivo di confermarne il ruolo e la leadership per l\u2019editoria della cultura, ma con la solida ambizione di guidare un rinnovamento basato sul giornalismo di qualit\u00e0, di opinione e ricco di reportage. Il Giornale dell\u2019Arte, completo e attuale, sar\u00e0 sempre pi\u00f9 capace di parlare a tutti i pubblici e di intercettare i cambiamenti in corso per contribuire alla comprensione e all\u2019approfondimento del tempo presente. Racconteremo ai lettori giornalmente le novit\u00e0 per offrire spunti di riflessione, puntando a diventare anche una grande piazza digitale dedicata all\u2019arte e alla cultura\u201d.<br \/>Cerutti sottolinea che \u201cil nuovo assetto della casa editrice mira a realizzare un sogno che fu anche di Umberto: un giornale di giornalisti capace di raccontare il mondo dell\u2019arte e della cultura in tutte le sue forme e ramificazioni, dettare l\u2019agenda culturale, farsi internazionale. Potenzieremo i Rapporti Annuali, i dorsi e gli speciali tematici dedicati ai grandi temi; lavoreremo sulla rete di relazioni del sistema Italia; intercetteremo le pi\u00f9 interessanti realt\u00e0 e manifestazioni artistiche e culturali per proporci come mediapartner innovativi e qualificati. Con Luca Zuccala stiamo gi\u00e0 parlando di rinnovamento grafico e implementazione digitale e con il nostro Presidente siamo al lavoro per il piano industriale di tutta la casa editrice\u201d.<br \/>\u201cSono infinitamente grato al Presidente Coppola e al Consiglio di Amministrazione \u2013 afferma Zuccala \u2013 per la grande fiducia che mi \u00e8 stata accordata. Entro nell\u2019incarico con l\u2019emozione di succedere a un vero Maestro del giornalismo culturale e il senso di responsabilit\u00e0 della missione che mi viene affidata. E\u2019 per me un onore e un privilegio poter lavorare fianco a fianco con tutta la redazione e i collaboratori de Il Giornale dell\u2019Arte, sotto la guida di una propriet\u00e0 illuminata e motivata a fare de Il Giornale dell\u2019Arte un assoluto protagonista dell\u2019informazione culturale\u201d.<br \/>Dal 2 gennaio \u00e8 in edicola l\u2019ultimo numero firmato da Umberto Allemandi, con un suo imperdibile editoriale di commiato.<br \/>Nelle prossime settimane prender\u00e0 avvio il Gran Tour per l\u2019Italia dedicato al Giornale, alle sue prospettive, al comparto cultura in Italia e all\u2019estero. <br \/>\u2013 foto ufficio stampa Allemandi (da sinistra Cerutti \u2013 Zuccala-Coppola) \u2013<br \/>(ITALPRESS).<\/p>\n<\/div>\n","protected":false},"excerpt":{"rendered":"<p>TORINO (ITALPRESS) \u2013 Il Presidente della societ\u00e0 editrice Allemandi Michele Coppola e l\u2019Amministratore Delegato Luigi Cerutti hanno annunciato al comitato di redazione la nomina del nuovo direttore de Il Giornale dell\u2019Arte: \u00e8 Luca Zuccala, gi\u00e0 direttore responsabile della testata specializzata in Economia dell\u2019Arte ArtsLife e collaboratore fisso per le pagine di economia dell\u2019arte de Il [&hellip;]<\/p>\n","protected":false},"author":16,"featured_media":42253,"comment_status":"closed","ping_status":"closed","sticky":false,"template":"","format":"standard","meta":{"jnews-multi-image_gallery":[],"jnews_single_post":[],"jnews_primary_category":[],"jnews_social_meta":[],"jnews_override_counter":[],"jnews_post_split":[],"footnotes":""},"categories":[1129],"tags":[],"class_list":["post-42252","post","type-post","status-publish","format-standard","has-post-thumbnail","hentry","category-mondo"],"yoast_head":"<!-- This site is optimized with the Yoast SEO plugin v27.5 - https:\/\/yoast.com\/product\/yoast-seo-wordpress\/ -->\n<title>Luca Zuccala \u00e8 il nuovo direttore de Il Giornale dell\u2019Arte - Live Magazine<\/title>\n<meta name=\"robots\" content=\"index, follow, max-snippet:-1, max-image-preview:large, max-video-preview:-1\" \/>\n<link rel=\"canonical\" href=\"https:\/\/www.livemag.it\/index.php\/2025\/01\/09\/luca-zuccala-e-il-nuovo-direttore-de-il-giornale-dellarte\/\" \/>\n<meta property=\"og:locale\" content=\"it_IT\" \/>\n<meta property=\"og:type\" content=\"article\" \/>\n<meta property=\"og:title\" content=\"Luca Zuccala \u00e8 il nuovo direttore de Il Giornale dell\u2019Arte - Live Magazine\" \/>\n<meta property=\"og:description\" content=\"TORINO (ITALPRESS) \u2013 Il Presidente della societ\u00e0 editrice Allemandi Michele Coppola e l\u2019Amministratore Delegato Luigi Cerutti hanno annunciato al comitato di redazione la nomina del nuovo direttore de Il Giornale dell\u2019Arte: \u00e8 Luca Zuccala, gi\u00e0 direttore responsabile della testata specializzata in Economia dell\u2019Arte ArtsLife e collaboratore fisso per le pagine di economia dell\u2019arte de Il [&hellip;]\" \/>\n<meta property=\"og:url\" content=\"https:\/\/www.livemag.it\/index.php\/2025\/01\/09\/luca-zuccala-e-il-nuovo-direttore-de-il-giornale-dellarte\/\" \/>\n<meta property=\"og:site_name\" content=\"Live Magazine\" \/>\n<meta property=\"article:publisher\" content=\"https:\/\/www.facebook.com\/LiveMag\/\" \/>\n<meta property=\"article:published_time\" content=\"2025-01-09T14:04:36+00:00\" \/>\n<meta property=\"og:image\" content=\"https:\/\/www.livemag.it\/wp-content\/uploads\/2024\/02\/ograph.jpg\" \/>\n\t<meta property=\"og:image:width\" content=\"1200\" \/>\n\t<meta property=\"og:image:height\" content=\"675\" \/>\n\t<meta property=\"og:image:type\" content=\"image\/jpeg\" \/>\n<meta name=\"author\" content=\"italpress\" \/>\n<meta name=\"twitter:card\" content=\"summary_large_image\" \/>\n<meta name=\"twitter:creator\" content=\"@LiveNotizie\" \/>\n<meta name=\"twitter:site\" content=\"@LiveNotizie\" \/>\n<meta name=\"twitter:label1\" content=\"Scritto da\" \/>\n\t<meta name=\"twitter:data1\" content=\"italpress\" \/>\n\t<meta name=\"twitter:label2\" content=\"Tempo di lettura stimato\" \/>\n\t<meta name=\"twitter:data2\" content=\"3 minuti\" \/>\n<script type=\"application\/ld+json\" class=\"yoast-schema-graph\">{\"@context\":\"https:\\\/\\\/schema.org\",\"@graph\":[{\"@type\":\"Article\",\"@id\":\"https:\\\/\\\/www.livemag.it\\\/index.php\\\/2025\\\/01\\\/09\\\/luca-zuccala-e-il-nuovo-direttore-de-il-giornale-dellarte\\\/#article\",\"isPartOf\":{\"@id\":\"https:\\\/\\\/www.livemag.it\\\/index.php\\\/2025\\\/01\\\/09\\\/luca-zuccala-e-il-nuovo-direttore-de-il-giornale-dellarte\\\/\"},\"author\":{\"name\":\"italpress\",\"@id\":\"https:\\\/\\\/www.livemag.it\\\/#\\\/schema\\\/person\\\/b62c5f44451fdcdaeb0afe6c2424e73c\"},\"headline\":\"Luca Zuccala \u00e8 il nuovo direttore de Il Giornale dell\u2019Arte\",\"datePublished\":\"2025-01-09T14:04:36+00:00\",\"mainEntityOfPage\":{\"@id\":\"https:\\\/\\\/www.livemag.it\\\/index.php\\\/2025\\\/01\\\/09\\\/luca-zuccala-e-il-nuovo-direttore-de-il-giornale-dellarte\\\/\"},\"wordCount\":555,\"publisher\":{\"@id\":\"https:\\\/\\\/www.livemag.it\\\/#organization\"},\"image\":{\"@id\":\"https:\\\/\\\/www.livemag.it\\\/index.php\\\/2025\\\/01\\\/09\\\/luca-zuccala-e-il-nuovo-direttore-de-il-giornale-dellarte\\\/#primaryimage\"},\"thumbnailUrl\":\"https:\\\/\\\/www.livemag.it\\\/wp-content\\\/uploads\\\/2025\\\/01\\\/20250109_0639.jpg\",\"articleSection\":[\"Mondo\"],\"inLanguage\":\"it-IT\"},{\"@type\":\"WebPage\",\"@id\":\"https:\\\/\\\/www.livemag.it\\\/index.php\\\/2025\\\/01\\\/09\\\/luca-zuccala-e-il-nuovo-direttore-de-il-giornale-dellarte\\\/\",\"url\":\"https:\\\/\\\/www.livemag.it\\\/index.php\\\/2025\\\/01\\\/09\\\/luca-zuccala-e-il-nuovo-direttore-de-il-giornale-dellarte\\\/\",\"name\":\"Luca Zuccala \u00e8 il nuovo direttore de Il Giornale dell\u2019Arte - Live Magazine\",\"isPartOf\":{\"@id\":\"https:\\\/\\\/www.livemag.it\\\/#website\"},\"primaryImageOfPage\":{\"@id\":\"https:\\\/\\\/www.livemag.it\\\/index.php\\\/2025\\\/01\\\/09\\\/luca-zuccala-e-il-nuovo-direttore-de-il-giornale-dellarte\\\/#primaryimage\"},\"image\":{\"@id\":\"https:\\\/\\\/www.livemag.it\\\/index.php\\\/2025\\\/01\\\/09\\\/luca-zuccala-e-il-nuovo-direttore-de-il-giornale-dellarte\\\/#primaryimage\"},\"thumbnailUrl\":\"https:\\\/\\\/www.livemag.it\\\/wp-content\\\/uploads\\\/2025\\\/01\\\/20250109_0639.jpg\",\"datePublished\":\"2025-01-09T14:04:36+00:00\",\"breadcrumb\":{\"@id\":\"https:\\\/\\\/www.livemag.it\\\/index.php\\\/2025\\\/01\\\/09\\\/luca-zuccala-e-il-nuovo-direttore-de-il-giornale-dellarte\\\/#breadcrumb\"},\"inLanguage\":\"it-IT\",\"potentialAction\":[{\"@type\":\"ReadAction\",\"target\":[\"https:\\\/\\\/www.livemag.it\\\/index.php\\\/2025\\\/01\\\/09\\\/luca-zuccala-e-il-nuovo-direttore-de-il-giornale-dellarte\\\/\"]}]},{\"@type\":\"ImageObject\",\"inLanguage\":\"it-IT\",\"@id\":\"https:\\\/\\\/www.livemag.it\\\/index.php\\\/2025\\\/01\\\/09\\\/luca-zuccala-e-il-nuovo-direttore-de-il-giornale-dellarte\\\/#primaryimage\",\"url\":\"https:\\\/\\\/www.livemag.it\\\/wp-content\\\/uploads\\\/2025\\\/01\\\/20250109_0639.jpg\",\"contentUrl\":\"https:\\\/\\\/www.livemag.it\\\/wp-content\\\/uploads\\\/2025\\\/01\\\/20250109_0639.jpg\",\"width\":1200,\"height\":800},{\"@type\":\"BreadcrumbList\",\"@id\":\"https:\\\/\\\/www.livemag.it\\\/index.php\\\/2025\\\/01\\\/09\\\/luca-zuccala-e-il-nuovo-direttore-de-il-giornale-dellarte\\\/#breadcrumb\",\"itemListElement\":[{\"@type\":\"ListItem\",\"position\":1,\"name\":\"Home\",\"item\":\"https:\\\/\\\/www.livemag.it\\\/\"},{\"@type\":\"ListItem\",\"position\":2,\"name\":\"Luca Zuccala \u00e8 il nuovo direttore de Il Giornale dell\u2019Arte\"}]},{\"@type\":\"WebSite\",\"@id\":\"https:\\\/\\\/www.livemag.it\\\/#website\",\"url\":\"https:\\\/\\\/www.livemag.it\\\/\",\"name\":\"Live Magazine\",\"description\":\"Varie ed eventi\",\"publisher\":{\"@id\":\"https:\\\/\\\/www.livemag.it\\\/#organization\"},\"potentialAction\":[{\"@type\":\"SearchAction\",\"target\":{\"@type\":\"EntryPoint\",\"urlTemplate\":\"https:\\\/\\\/www.livemag.it\\\/?s={search_term_string}\"},\"query-input\":{\"@type\":\"PropertyValueSpecification\",\"valueRequired\":true,\"valueName\":\"search_term_string\"}}],\"inLanguage\":\"it-IT\"},{\"@type\":\"Organization\",\"@id\":\"https:\\\/\\\/www.livemag.it\\\/#organization\",\"name\":\"LiveMag\",\"alternateName\":\"LiveMag News ed eventi\",\"url\":\"https:\\\/\\\/www.livemag.it\\\/\",\"logo\":{\"@type\":\"ImageObject\",\"inLanguage\":\"it-IT\",\"@id\":\"https:\\\/\\\/www.livemag.it\\\/#\\\/schema\\\/logo\\\/image\\\/\",\"url\":\"https:\\\/\\\/www.livemag.it\\\/wp-content\\\/uploads\\\/2024\\\/02\\\/immagine-sito.jpg\",\"contentUrl\":\"https:\\\/\\\/www.livemag.it\\\/wp-content\\\/uploads\\\/2024\\\/02\\\/immagine-sito.jpg\",\"width\":696,\"height\":696,\"caption\":\"LiveMag\"},\"image\":{\"@id\":\"https:\\\/\\\/www.livemag.it\\\/#\\\/schema\\\/logo\\\/image\\\/\"},\"sameAs\":[\"https:\\\/\\\/www.facebook.com\\\/LiveMag\\\/\",\"https:\\\/\\\/x.com\\\/LiveNotizie\",\"https:\\\/\\\/www.instagram.com\\\/livemag\\\/\"]},{\"@type\":\"Person\",\"@id\":\"https:\\\/\\\/www.livemag.it\\\/#\\\/schema\\\/person\\\/b62c5f44451fdcdaeb0afe6c2424e73c\",\"name\":\"italpress\",\"image\":{\"@type\":\"ImageObject\",\"inLanguage\":\"it-IT\",\"@id\":\"https:\\\/\\\/secure.gravatar.com\\\/avatar\\\/b6a21695fc713ce7ee312cf57c97e2e641feb365be72d8745574d3c3e2b59066?s=96&r=g\",\"url\":\"https:\\\/\\\/secure.gravatar.com\\\/avatar\\\/b6a21695fc713ce7ee312cf57c97e2e641feb365be72d8745574d3c3e2b59066?s=96&r=g\",\"contentUrl\":\"https:\\\/\\\/secure.gravatar.com\\\/avatar\\\/b6a21695fc713ce7ee312cf57c97e2e641feb365be72d8745574d3c3e2b59066?s=96&r=g\",\"caption\":\"italpress\"},\"description\":\"Italpress \u00e8 un'agenzia di stampa italiana a carattere nazionale.\",\"url\":\"https:\\\/\\\/www.livemag.it\\\/index.php\\\/author\\\/italpress\\\/\"}]}<\/script>\n<!-- \/ Yoast SEO plugin. -->","yoast_head_json":{"title":"Luca Zuccala \u00e8 il nuovo direttore de Il Giornale dell\u2019Arte - Live Magazine","robots":{"index":"index","follow":"follow","max-snippet":"max-snippet:-1","max-image-preview":"max-image-preview:large","max-video-preview":"max-video-preview:-1"},"canonical":"https:\/\/www.livemag.it\/index.php\/2025\/01\/09\/luca-zuccala-e-il-nuovo-direttore-de-il-giornale-dellarte\/","og_locale":"it_IT","og_type":"article","og_title":"Luca Zuccala \u00e8 il nuovo direttore de Il Giornale dell\u2019Arte - Live Magazine","og_description":"TORINO (ITALPRESS) \u2013 Il Presidente della societ\u00e0 editrice Allemandi Michele Coppola e l\u2019Amministratore Delegato Luigi Cerutti hanno annunciato al comitato di redazione la nomina del nuovo direttore de Il Giornale dell\u2019Arte: \u00e8 Luca Zuccala, gi\u00e0 direttore responsabile della testata specializzata in Economia dell\u2019Arte ArtsLife e collaboratore fisso per le pagine di economia dell\u2019arte de Il [&hellip;]","og_url":"https:\/\/www.livemag.it\/index.php\/2025\/01\/09\/luca-zuccala-e-il-nuovo-direttore-de-il-giornale-dellarte\/","og_site_name":"Live Magazine","article_publisher":"https:\/\/www.facebook.com\/LiveMag\/","article_published_time":"2025-01-09T14:04:36+00:00","og_image":[{"width":1200,"height":675,"url":"https:\/\/www.livemag.it\/wp-content\/uploads\/2024\/02\/ograph.jpg","type":"image\/jpeg"}],"author":"italpress","twitter_card":"summary_large_image","twitter_creator":"@LiveNotizie","twitter_site":"@LiveNotizie","twitter_misc":{"Scritto da":"italpress","Tempo di lettura stimato":"3 minuti"},"schema":{"@context":"https:\/\/schema.org","@graph":[{"@type":"Article","@id":"https:\/\/www.livemag.it\/index.php\/2025\/01\/09\/luca-zuccala-e-il-nuovo-direttore-de-il-giornale-dellarte\/#article","isPartOf":{"@id":"https:\/\/www.livemag.it\/index.php\/2025\/01\/09\/luca-zuccala-e-il-nuovo-direttore-de-il-giornale-dellarte\/"},"author":{"name":"italpress","@id":"https:\/\/www.livemag.it\/#\/schema\/person\/b62c5f44451fdcdaeb0afe6c2424e73c"},"headline":"Luca Zuccala \u00e8 il nuovo direttore de Il Giornale dell\u2019Arte","datePublished":"2025-01-09T14:04:36+00:00","mainEntityOfPage":{"@id":"https:\/\/www.livemag.it\/index.php\/2025\/01\/09\/luca-zuccala-e-il-nuovo-direttore-de-il-giornale-dellarte\/"},"wordCount":555,"publisher":{"@id":"https:\/\/www.livemag.it\/#organization"},"image":{"@id":"https:\/\/www.livemag.it\/index.php\/2025\/01\/09\/luca-zuccala-e-il-nuovo-direttore-de-il-giornale-dellarte\/#primaryimage"},"thumbnailUrl":"https:\/\/www.livemag.it\/wp-content\/uploads\/2025\/01\/20250109_0639.jpg","articleSection":["Mondo"],"inLanguage":"it-IT"},{"@type":"WebPage","@id":"https:\/\/www.livemag.it\/index.php\/2025\/01\/09\/luca-zuccala-e-il-nuovo-direttore-de-il-giornale-dellarte\/","url":"https:\/\/www.livemag.it\/index.php\/2025\/01\/09\/luca-zuccala-e-il-nuovo-direttore-de-il-giornale-dellarte\/","name":"Luca Zuccala \u00e8 il nuovo direttore de Il Giornale dell\u2019Arte - Live Magazine","isPartOf":{"@id":"https:\/\/www.livemag.it\/#website"},"primaryImageOfPage":{"@id":"https:\/\/www.livemag.it\/index.php\/2025\/01\/09\/luca-zuccala-e-il-nuovo-direttore-de-il-giornale-dellarte\/#primaryimage"},"image":{"@id":"https:\/\/www.livemag.it\/index.php\/2025\/01\/09\/luca-zuccala-e-il-nuovo-direttore-de-il-giornale-dellarte\/#primaryimage"},"thumbnailUrl":"https:\/\/www.livemag.it\/wp-content\/uploads\/2025\/01\/20250109_0639.jpg","datePublished":"2025-01-09T14:04:36+00:00","breadcrumb":{"@id":"https:\/\/www.livemag.it\/index.php\/2025\/01\/09\/luca-zuccala-e-il-nuovo-direttore-de-il-giornale-dellarte\/#breadcrumb"},"inLanguage":"it-IT","potentialAction":[{"@type":"ReadAction","target":["https:\/\/www.livemag.it\/index.php\/2025\/01\/09\/luca-zuccala-e-il-nuovo-direttore-de-il-giornale-dellarte\/"]}]},{"@type":"ImageObject","inLanguage":"it-IT","@id":"https:\/\/www.livemag.it\/index.php\/2025\/01\/09\/luca-zuccala-e-il-nuovo-direttore-de-il-giornale-dellarte\/#primaryimage","url":"https:\/\/www.livemag.it\/wp-content\/uploads\/2025\/01\/20250109_0639.jpg","contentUrl":"https:\/\/www.livemag.it\/wp-content\/uploads\/2025\/01\/20250109_0639.jpg","width":1200,"height":800},{"@type":"BreadcrumbList","@id":"https:\/\/www.livemag.it\/index.php\/2025\/01\/09\/luca-zuccala-e-il-nuovo-direttore-de-il-giornale-dellarte\/#breadcrumb","itemListElement":[{"@type":"ListItem","position":1,"name":"Home","item":"https:\/\/www.livemag.it\/"},{"@type":"ListItem","position":2,"name":"Luca Zuccala \u00e8 il nuovo direttore de Il Giornale dell\u2019Arte"}]},{"@type":"WebSite","@id":"https:\/\/www.livemag.it\/#website","url":"https:\/\/www.livemag.it\/","name":"Live Magazine","description":"Varie ed eventi","publisher":{"@id":"https:\/\/www.livemag.it\/#organization"},"potentialAction":[{"@type":"SearchAction","target":{"@type":"EntryPoint","urlTemplate":"https:\/\/www.livemag.it\/?s={search_term_string}"},"query-input":{"@type":"PropertyValueSpecification","valueRequired":true,"valueName":"search_term_string"}}],"inLanguage":"it-IT"},{"@type":"Organization","@id":"https:\/\/www.livemag.it\/#organization","name":"LiveMag","alternateName":"LiveMag News ed eventi","url":"https:\/\/www.livemag.it\/","logo":{"@type":"ImageObject","inLanguage":"it-IT","@id":"https:\/\/www.livemag.it\/#\/schema\/logo\/image\/","url":"https:\/\/www.livemag.it\/wp-content\/uploads\/2024\/02\/immagine-sito.jpg","contentUrl":"https:\/\/www.livemag.it\/wp-content\/uploads\/2024\/02\/immagine-sito.jpg","width":696,"height":696,"caption":"LiveMag"},"image":{"@id":"https:\/\/www.livemag.it\/#\/schema\/logo\/image\/"},"sameAs":["https:\/\/www.facebook.com\/LiveMag\/","https:\/\/x.com\/LiveNotizie","https:\/\/www.instagram.com\/livemag\/"]},{"@type":"Person","@id":"https:\/\/www.livemag.it\/#\/schema\/person\/b62c5f44451fdcdaeb0afe6c2424e73c","name":"italpress","image":{"@type":"ImageObject","inLanguage":"it-IT","@id":"https:\/\/secure.gravatar.com\/avatar\/b6a21695fc713ce7ee312cf57c97e2e641feb365be72d8745574d3c3e2b59066?s=96&r=g","url":"https:\/\/secure.gravatar.com\/avatar\/b6a21695fc713ce7ee312cf57c97e2e641feb365be72d8745574d3c3e2b59066?s=96&r=g","contentUrl":"https:\/\/secure.gravatar.com\/avatar\/b6a21695fc713ce7ee312cf57c97e2e641feb365be72d8745574d3c3e2b59066?s=96&r=g","caption":"italpress"},"description":"Italpress \u00e8 un'agenzia di stampa italiana a carattere nazionale.","url":"https:\/\/www.livemag.it\/index.php\/author\/italpress\/"}]}},"jetpack_featured_media_url":"https:\/\/www.livemag.it\/wp-content\/uploads\/2025\/01\/20250109_0639.jpg","_links":{"self":[{"href":"https:\/\/www.livemag.it\/index.php\/wp-json\/wp\/v2\/posts\/42252","targetHints":{"allow":["GET"]}}],"collection":[{"href":"https:\/\/www.livemag.it\/index.php\/wp-json\/wp\/v2\/posts"}],"about":[{"href":"https:\/\/www.livemag.it\/index.php\/wp-json\/wp\/v2\/types\/post"}],"author":[{"embeddable":true,"href":"https:\/\/www.livemag.it\/index.php\/wp-json\/wp\/v2\/users\/16"}],"replies":[{"embeddable":true,"href":"https:\/\/www.livemag.it\/index.php\/wp-json\/wp\/v2\/comments?post=42252"}],"version-history":[{"count":0,"href":"https:\/\/www.livemag.it\/index.php\/wp-json\/wp\/v2\/posts\/42252\/revisions"}],"wp:featuredmedia":[{"embeddable":true,"href":"https:\/\/www.livemag.it\/index.php\/wp-json\/wp\/v2\/media\/42253"}],"wp:attachment":[{"href":"https:\/\/www.livemag.it\/index.php\/wp-json\/wp\/v2\/media?parent=42252"}],"wp:term":[{"taxonomy":"category","embeddable":true,"href":"https:\/\/www.livemag.it\/index.php\/wp-json\/wp\/v2\/categories?post=42252"},{"taxonomy":"post_tag","embeddable":true,"href":"https:\/\/www.livemag.it\/index.php\/wp-json\/wp\/v2\/tags?post=42252"}],"curies":[{"name":"wp","href":"https:\/\/api.w.org\/{rel}","templated":true}]}}