{"id":39459,"date":"2024-11-21T11:57:17","date_gmt":"2024-11-21T10:57:17","guid":{"rendered":"https:\/\/www.livemag.it\/?p=39459"},"modified":"2024-11-21T11:58:02","modified_gmt":"2024-11-21T10:58:02","slug":"labito-rosso-un-simbolo-contro-il-femminicidio","status":"publish","type":"post","link":"https:\/\/www.livemag.it\/index.php\/2024\/11\/21\/labito-rosso-un-simbolo-contro-il-femminicidio\/","title":{"rendered":"L\u2019Abito Rosso, un simbolo contro il femminicidio"},"content":{"rendered":"\n<h2 class=\"wp-block-heading\">Un\u2019iniziativa che unisce sensibilit\u00e0 artistica e rinascita<\/h2>\n\n\n\n<p>Dal 22 al 30 novembre 2024, <strong>l\u2019Associazione Nazionale Antiviolenza &#8220;Senza Veli sulla Lingua&#8221; (SVSL)<\/strong>, in collaborazione con <strong>Freedom Power (FP)<\/strong>, impresa sociale impegnata nel sostegno alle vittime di violenza, presenta il progetto <strong>&#8220;L\u2019Abito del Sogno Infranto&#8221;<\/strong>. Questa iniziativa pone al centro un abito da sposa speciale, segnato da vistose macchie rosse che evocano la tragedia del femminicidio. L\u2019abito \u00e8 stato creato dalle donne impiegate nella sartoria sociale di <strong>Freedom Power<\/strong>, che, grazie al sostegno di SVSL, hanno trovato la forza per ricostruire le proprie vite dopo esperienze dolorose di violenza.<\/p>\n\n\n\n<h3 class=\"wp-block-heading\">Un contributo significativo per il 25 novembre<\/h3>\n\n\n\n<p>Il progetto <strong>&#8220;L\u2019Abito del Sogno Infranto&#8221;<\/strong> si inserisce nelle attivit\u00e0 dedicate al <strong>25 novembre<\/strong>, Giornata internazionale per l\u2019eliminazione della violenza contro le donne. L\u2019abito da sposa, normalmente associato a sogni di amore e speranza, diventa il simbolo di una promessa infranta e di una vita spezzata. Le macchie rosse, che ricordano il sangue delle vittime, rappresentano una denuncia visibile contro la violenza di genere. Attraverso questa iniziativa, <strong>Senza Veli sulla Lingua<\/strong> intende sensibilizzare la comunit\u00e0 e promuovere azioni concrete per contrastare il fenomeno.<\/p>\n\n\n\n<h3 class=\"wp-block-heading\">Le tappe dell\u2019esposizione in tutta Italia<\/h3>\n\n\n\n<p>L\u2019abito sar\u00e0 esposto in diverse localit\u00e0 italiane, dal 22 al 30 novembre 2024. Ogni citt\u00e0 offrir\u00e0 al pubblico un momento di riflessione:<\/p>\n\n\n\n<ul class=\"wp-block-list\">\n<li><strong>Seregno (MB)<\/strong>: Palazzo Landriani, piano terra, Piazza Martiri della Libert\u00e0 n.1<\/li>\n\n\n\n<li><strong>Varedo (MB)<\/strong>: Comune di Varedo, piano terra, Via Vittorio Emanuele II n.1<\/li>\n\n\n\n<li><strong>Limbiate (MB)<\/strong>: Comune di Limbiate, piano terra, Via Monte Bianco n.2<\/li>\n\n\n\n<li><strong>Lissone (MB)<\/strong>: Centro Commerciale Esselunga, Via Ermete Novelli n.20<\/li>\n\n\n\n<li><strong>Prato<\/strong>: Pubblica Assistenza L\u2019Avvenire, Via San Jacopo n.34<\/li>\n\n\n\n<li><strong>Due ulteriori citt\u00e0 italiane<\/strong>, presto annunciate, completeranno il percorso espositivo, ampliando il coinvolgimento del pubblico.<\/li>\n<\/ul>\n\n\n\n<p>In ogni tappa, sar\u00e0 possibile incontrare i rappresentanti del progetto, ascoltare storie di riscatto e condividere un messaggio di speranza e consapevolezza.<\/p>\n\n\n\n<h3 class=\"wp-block-heading\">Un abito che grida contro la violenza<\/h3>\n\n\n<div class=\"wp-block-image\">\n<figure class=\"alignright size-large is-resized\"><img fetchpriority=\"high\" decoding=\"async\" width=\"601\" height=\"1024\" src=\"https:\/\/www.livemag.it\/wp-content\/uploads\/2024\/11\/Abito-del-Sogno-Infranto-1-601x1024.jpg\" alt=\"Abito del Sogno Infranto 1\" class=\"wp-image-39460\" style=\"width:240px;height:auto\" srcset=\"https:\/\/www.livemag.it\/wp-content\/uploads\/2024\/11\/Abito-del-Sogno-Infranto-1-601x1024.jpg 601w, https:\/\/www.livemag.it\/wp-content\/uploads\/2024\/11\/Abito-del-Sogno-Infranto-1-176x300.jpg 176w, https:\/\/www.livemag.it\/wp-content\/uploads\/2024\/11\/Abito-del-Sogno-Infranto-1-768x1309.jpg 768w, https:\/\/www.livemag.it\/wp-content\/uploads\/2024\/11\/Abito-del-Sogno-Infranto-1-750x1278.jpg 750w, https:\/\/www.livemag.it\/wp-content\/uploads\/2024\/11\/Abito-del-Sogno-Infranto-1.jpg 897w\" sizes=\"(max-width: 601px) 100vw, 601px\" \/><\/figure>\n<\/div>\n\n\n<p><strong>Ebla Ahmed<\/strong>, fondatrice e presidente nazionale di <strong>Senza Veli sulla Lingua<\/strong>, ha espresso il significato profondo dell\u2019iniziativa:<\/p>\n\n\n\n<blockquote class=\"wp-block-quote is-layout-flow wp-block-quote-is-layout-flow\">\n<p>&#8220;Questo abito racconta una storia che troppe donne non possono pi\u00f9 narrare. Le sue macchie rosse sono un grido per una vita spezzata e un sogno infranto. Ogni femminicidio \u00e8 una perdita collettiva. Con questo progetto, vogliamo trasformare il dolore in un\u2019azione concreta e invitare la societ\u00e0 a comprendere la gravit\u00e0 del problema, impegnandosi per fermarlo&#8221;.<\/p>\n<\/blockquote>\n\n\n\n<p>L\u2019abito si unisce ai simboli della lotta contro la violenza di genere, come le ormai famose <strong>scarpette rosse<\/strong>, arricchendo le campagne di sensibilizzazione promosse da <strong>Senza Veli sulla Lingua<\/strong> con un nuovo e potente messaggio.<\/p>\n\n\n\n<h3 class=\"wp-block-heading\">Il ruolo di Freedom Power per un futuro migliore<\/h3>\n\n\n\n<p><strong>Freedom Power<\/strong>, fondata nel novembre 2023, lavora con determinazione per offrire alle donne vittime di violenza una via di emancipazione e riscatto. In collaborazione con <strong>Senza Veli sulla Lingua<\/strong>, si impegna a ridurre le disuguaglianze di genere, fornendo strumenti per un reinserimento lavorativo stabile e dignitoso.<\/p>\n\n\n\n<p>Il progetto della sartoria sociale, da cui nasce <strong>&#8220;L\u2019Abito del Sogno Infranto&#8221;<\/strong>, \u00e8 solo una delle tante attivit\u00e0 promosse. Freedom Power offre anche:<\/p>\n\n\n\n<ul class=\"wp-block-list\">\n<li>Programmi di formazione e aggiornamento professionale per migliorare le competenze delle donne<\/li>\n\n\n\n<li>Percorsi di coaching e orientamento per agevolare l\u2019inserimento lavorativo<\/li>\n\n\n\n<li>Supporto attraverso programmi di outplacement, pensati per chi cerca nuove opportunit\u00e0 di lavoro<\/li>\n<\/ul>\n\n\n\n<h3 class=\"wp-block-heading\">Un impegno concreto per un futuro pi\u00f9 equo<\/h3>\n\n\n\n<p>Con il progetto <strong>&#8220;L\u2019Abito del Sogno Infranto&#8221;<\/strong>, <strong>Freedom Power<\/strong> e <strong>Senza Veli sulla Lingua<\/strong> lavorano ogni giorno per sostenere le donne nel ritrovare autonomia e dignit\u00e0. Aiutare le donne a conquistare una posizione stabile e sicura rappresenta un passo fondamentale per spezzare il ciclo della violenza e costruire una societ\u00e0 pi\u00f9 giusta, inclusiva e libera da discriminazioni.<\/p>\n\n\n\n<p><a href=\"https:\/\/www.instagram.com\/altomura\/00?hl=it\" target=\"_blank\" rel=\"noreferrer noopener\">A cura di Mario Altomura<\/a><br>Leggi anche: <a href=\"https:\/\/www.bollicinevip.com\/come-prevenire-e-combattere-il-mal-di-schiena-secondo-il-dott-andrea-foriglio\/\">Come prevenire e combattere il mal di schiena secondo il dott. Andrea Foriglio<\/a><\/p>\n","protected":false},"excerpt":{"rendered":"<p>Un\u2019iniziativa che unisce sensibilit\u00e0 artistica e rinascita Dal 22 al 30 novembre 2024, l\u2019Associazione Nazionale Antiviolenza &#8220;Senza Veli sulla Lingua&#8221; (SVSL), in collaborazione con Freedom Power (FP), impresa sociale impegnata nel sostegno alle vittime di violenza, presenta il progetto &#8220;L\u2019Abito del Sogno Infranto&#8221;. Questa iniziativa pone al centro un abito da sposa speciale, segnato da [&hellip;]<\/p>\n","protected":false},"author":20,"featured_media":39461,"comment_status":"open","ping_status":"open","sticky":false,"template":"","format":"standard","meta":{"jnews-multi-image_gallery":[],"jnews_single_post":{"format":"standard"},"jnews_primary_category":[],"jnews_social_meta":[],"jnews_override_counter":[],"jnews_post_split":[],"footnotes":""},"categories":[152,90,3],"tags":[5663,5669,5660,5675,2521,5621,115,5634,5678,5661,5674,5676,5657,5673,313,2611,3883,3417,5666,5665,5659,5656,5662,5664,5658,5671,5667,5670,5668,5672,5677],"class_list":["post-39459","post","type-post","status-publish","format-standard","has-post-thumbnail","hentry","category-events","category-liveevent","category-livenews","tag-abito-da-sposa","tag-associazione","tag-associazione-nazionale-antiviolenza","tag-autonomia","tag-donna","tag-donnanews","tag-donne","tag-donnenews","tag-ebla-ahmed","tag-freedom-power","tag-labito-del-sogno-infranto","tag-lavoratrici","tag-limbiate","tag-lissone","tag-news","tag-obiettivo","tag-occupazione","tag-perdita","tag-prato","tag-riscatto","tag-senza-veli-sulla-lingua","tag-seregno","tag-sofferenza","tag-sogno-infranto","tag-sogno-spezzato","tag-svsl","tag-varedo","tag-vestito","tag-violenza","tag-violenza-contro-le-donne","tag-violenza-di-genere"],"yoast_head":"<!-- This site is optimized with the Yoast SEO plugin v27.5 - https:\/\/yoast.com\/product\/yoast-seo-wordpress\/ -->\n<title>L\u2019Abito Rosso, un simbolo contro il femminicidio<\/title>\n<meta name=\"description\" content=\"L\u2019Associazione Nazionale Antiviolenza &quot;Senza Veli sulla Lingua&quot; (SVSL), con Freedom Power, presenta il progetto &quot;L\u2019Abito del Sogno Infranto&quot;\" \/>\n<meta name=\"robots\" content=\"index, follow, max-snippet:-1, max-image-preview:large, max-video-preview:-1\" \/>\n<link rel=\"canonical\" href=\"https:\/\/www.livemag.it\/index.php\/2024\/11\/21\/labito-rosso-un-simbolo-contro-il-femminicidio\/\" \/>\n<meta property=\"og:locale\" content=\"it_IT\" \/>\n<meta property=\"og:type\" content=\"article\" \/>\n<meta property=\"og:title\" content=\"L\u2019Abito Rosso, un simbolo contro il femminicidio\" \/>\n<meta property=\"og:description\" content=\"L\u2019Associazione Nazionale Antiviolenza &quot;Senza Veli sulla Lingua&quot; (SVSL), con Freedom Power, presenta il progetto &quot;L\u2019Abito del Sogno Infranto&quot;\" \/>\n<meta property=\"og:url\" content=\"https:\/\/www.livemag.it\/index.php\/2024\/11\/21\/labito-rosso-un-simbolo-contro-il-femminicidio\/\" \/>\n<meta property=\"og:site_name\" content=\"Live Magazine\" \/>\n<meta property=\"article:publisher\" content=\"https:\/\/www.facebook.com\/LiveMag\/\" \/>\n<meta property=\"article:published_time\" content=\"2024-11-21T10:57:17+00:00\" \/>\n<meta property=\"article:modified_time\" content=\"2024-11-21T10:58:02+00:00\" \/>\n<meta property=\"og:image\" content=\"https:\/\/www.livemag.it\/wp-content\/uploads\/2024\/11\/Abito-del-Sogno-Infranto-2.jpg\" \/>\n\t<meta property=\"og:image:width\" content=\"1179\" \/>\n\t<meta property=\"og:image:height\" content=\"1444\" \/>\n\t<meta property=\"og:image:type\" content=\"image\/jpeg\" \/>\n<meta name=\"author\" content=\"Mario Altomura\" \/>\n<meta name=\"twitter:card\" content=\"summary_large_image\" \/>\n<meta name=\"twitter:creator\" content=\"@LiveNotizie\" \/>\n<meta name=\"twitter:site\" content=\"@LiveNotizie\" \/>\n<meta name=\"twitter:label1\" content=\"Scritto da\" \/>\n\t<meta name=\"twitter:data1\" content=\"Mario Altomura\" \/>\n\t<meta name=\"twitter:label2\" content=\"Tempo di lettura stimato\" \/>\n\t<meta name=\"twitter:data2\" content=\"4 minuti\" \/>\n<script type=\"application\/ld+json\" class=\"yoast-schema-graph\">{\"@context\":\"https:\\\/\\\/schema.org\",\"@graph\":[{\"@type\":\"Article\",\"@id\":\"https:\\\/\\\/www.livemag.it\\\/index.php\\\/2024\\\/11\\\/21\\\/labito-rosso-un-simbolo-contro-il-femminicidio\\\/#article\",\"isPartOf\":{\"@id\":\"https:\\\/\\\/www.livemag.it\\\/index.php\\\/2024\\\/11\\\/21\\\/labito-rosso-un-simbolo-contro-il-femminicidio\\\/\"},\"author\":{\"name\":\"Mario Altomura\",\"@id\":\"https:\\\/\\\/www.livemag.it\\\/#\\\/schema\\\/person\\\/cc097583ef7f4da9e9fe62e8b552ab72\"},\"headline\":\"L\u2019Abito Rosso, un simbolo contro il femminicidio\",\"datePublished\":\"2024-11-21T10:57:17+00:00\",\"dateModified\":\"2024-11-21T10:58:02+00:00\",\"mainEntityOfPage\":{\"@id\":\"https:\\\/\\\/www.livemag.it\\\/index.php\\\/2024\\\/11\\\/21\\\/labito-rosso-un-simbolo-contro-il-femminicidio\\\/\"},\"wordCount\":627,\"commentCount\":0,\"publisher\":{\"@id\":\"https:\\\/\\\/www.livemag.it\\\/#organization\"},\"image\":{\"@id\":\"https:\\\/\\\/www.livemag.it\\\/index.php\\\/2024\\\/11\\\/21\\\/labito-rosso-un-simbolo-contro-il-femminicidio\\\/#primaryimage\"},\"thumbnailUrl\":\"https:\\\/\\\/www.livemag.it\\\/wp-content\\\/uploads\\\/2024\\\/11\\\/Abito-del-Sogno-Infranto-2.jpg\",\"keywords\":[\"abito da sposa\",\"Associazione\",\"Associazione Nazionale Antiviolenza\",\"autonomia\",\"donna\",\"donnanews\",\"donne\",\"donnenews\",\"Ebla Ahmed\",\"Freedom Power\",\"L\u2019Abito del Sogno Infranto\",\"lavoratrici\",\"Limbiate\",\"Lissone\",\"news\",\"obiettivo\",\"occupazione\",\"perdita\",\"Prato\",\"riscatto\",\"Senza Veli sulla Lingua\",\"Seregno\",\"sofferenza\",\"sogno infranto\",\"sogno spezzato\",\"SVSL\",\"Varedo\",\"vestito\",\"violenza\",\"violenza contro le donne\",\"violenza di genere\"],\"articleSection\":[\"events\",\"LiveEvent\",\"LiveNews\"],\"inLanguage\":\"it-IT\",\"potentialAction\":[{\"@type\":\"CommentAction\",\"name\":\"Comment\",\"target\":[\"https:\\\/\\\/www.livemag.it\\\/index.php\\\/2024\\\/11\\\/21\\\/labito-rosso-un-simbolo-contro-il-femminicidio\\\/#respond\"]}]},{\"@type\":\"WebPage\",\"@id\":\"https:\\\/\\\/www.livemag.it\\\/index.php\\\/2024\\\/11\\\/21\\\/labito-rosso-un-simbolo-contro-il-femminicidio\\\/\",\"url\":\"https:\\\/\\\/www.livemag.it\\\/index.php\\\/2024\\\/11\\\/21\\\/labito-rosso-un-simbolo-contro-il-femminicidio\\\/\",\"name\":\"L\u2019Abito Rosso, un simbolo contro il femminicidio\",\"isPartOf\":{\"@id\":\"https:\\\/\\\/www.livemag.it\\\/#website\"},\"primaryImageOfPage\":{\"@id\":\"https:\\\/\\\/www.livemag.it\\\/index.php\\\/2024\\\/11\\\/21\\\/labito-rosso-un-simbolo-contro-il-femminicidio\\\/#primaryimage\"},\"image\":{\"@id\":\"https:\\\/\\\/www.livemag.it\\\/index.php\\\/2024\\\/11\\\/21\\\/labito-rosso-un-simbolo-contro-il-femminicidio\\\/#primaryimage\"},\"thumbnailUrl\":\"https:\\\/\\\/www.livemag.it\\\/wp-content\\\/uploads\\\/2024\\\/11\\\/Abito-del-Sogno-Infranto-2.jpg\",\"datePublished\":\"2024-11-21T10:57:17+00:00\",\"dateModified\":\"2024-11-21T10:58:02+00:00\",\"description\":\"L\u2019Associazione Nazionale Antiviolenza \\\"Senza Veli sulla Lingua\\\" (SVSL), con Freedom Power, presenta il progetto \\\"L\u2019Abito del Sogno Infranto\\\"\",\"breadcrumb\":{\"@id\":\"https:\\\/\\\/www.livemag.it\\\/index.php\\\/2024\\\/11\\\/21\\\/labito-rosso-un-simbolo-contro-il-femminicidio\\\/#breadcrumb\"},\"inLanguage\":\"it-IT\",\"potentialAction\":[{\"@type\":\"ReadAction\",\"target\":[\"https:\\\/\\\/www.livemag.it\\\/index.php\\\/2024\\\/11\\\/21\\\/labito-rosso-un-simbolo-contro-il-femminicidio\\\/\"]}]},{\"@type\":\"ImageObject\",\"inLanguage\":\"it-IT\",\"@id\":\"https:\\\/\\\/www.livemag.it\\\/index.php\\\/2024\\\/11\\\/21\\\/labito-rosso-un-simbolo-contro-il-femminicidio\\\/#primaryimage\",\"url\":\"https:\\\/\\\/www.livemag.it\\\/wp-content\\\/uploads\\\/2024\\\/11\\\/Abito-del-Sogno-Infranto-2.jpg\",\"contentUrl\":\"https:\\\/\\\/www.livemag.it\\\/wp-content\\\/uploads\\\/2024\\\/11\\\/Abito-del-Sogno-Infranto-2.jpg\",\"width\":1179,\"height\":1444,\"caption\":\"Abito del Sogno Infranto 2\"},{\"@type\":\"BreadcrumbList\",\"@id\":\"https:\\\/\\\/www.livemag.it\\\/index.php\\\/2024\\\/11\\\/21\\\/labito-rosso-un-simbolo-contro-il-femminicidio\\\/#breadcrumb\",\"itemListElement\":[{\"@type\":\"ListItem\",\"position\":1,\"name\":\"Home\",\"item\":\"https:\\\/\\\/www.livemag.it\\\/\"},{\"@type\":\"ListItem\",\"position\":2,\"name\":\"L\u2019Abito Rosso, un simbolo contro il femminicidio\"}]},{\"@type\":\"WebSite\",\"@id\":\"https:\\\/\\\/www.livemag.it\\\/#website\",\"url\":\"https:\\\/\\\/www.livemag.it\\\/\",\"name\":\"Live Magazine\",\"description\":\"Varie ed eventi\",\"publisher\":{\"@id\":\"https:\\\/\\\/www.livemag.it\\\/#organization\"},\"potentialAction\":[{\"@type\":\"SearchAction\",\"target\":{\"@type\":\"EntryPoint\",\"urlTemplate\":\"https:\\\/\\\/www.livemag.it\\\/?s={search_term_string}\"},\"query-input\":{\"@type\":\"PropertyValueSpecification\",\"valueRequired\":true,\"valueName\":\"search_term_string\"}}],\"inLanguage\":\"it-IT\"},{\"@type\":\"Organization\",\"@id\":\"https:\\\/\\\/www.livemag.it\\\/#organization\",\"name\":\"LiveMag\",\"alternateName\":\"LiveMag News ed eventi\",\"url\":\"https:\\\/\\\/www.livemag.it\\\/\",\"logo\":{\"@type\":\"ImageObject\",\"inLanguage\":\"it-IT\",\"@id\":\"https:\\\/\\\/www.livemag.it\\\/#\\\/schema\\\/logo\\\/image\\\/\",\"url\":\"https:\\\/\\\/www.livemag.it\\\/wp-content\\\/uploads\\\/2024\\\/02\\\/immagine-sito.jpg\",\"contentUrl\":\"https:\\\/\\\/www.livemag.it\\\/wp-content\\\/uploads\\\/2024\\\/02\\\/immagine-sito.jpg\",\"width\":696,\"height\":696,\"caption\":\"LiveMag\"},\"image\":{\"@id\":\"https:\\\/\\\/www.livemag.it\\\/#\\\/schema\\\/logo\\\/image\\\/\"},\"sameAs\":[\"https:\\\/\\\/www.facebook.com\\\/LiveMag\\\/\",\"https:\\\/\\\/x.com\\\/LiveNotizie\",\"https:\\\/\\\/www.instagram.com\\\/livemag\\\/\"]},{\"@type\":\"Person\",\"@id\":\"https:\\\/\\\/www.livemag.it\\\/#\\\/schema\\\/person\\\/cc097583ef7f4da9e9fe62e8b552ab72\",\"name\":\"Mario Altomura\",\"image\":{\"@type\":\"ImageObject\",\"inLanguage\":\"it-IT\",\"@id\":\"https:\\\/\\\/secure.gravatar.com\\\/avatar\\\/3c7d3ce72a2bed6bab5e3681d59712a49247bdd227b4ef67de56814084f945dd?s=96&r=g\",\"url\":\"https:\\\/\\\/secure.gravatar.com\\\/avatar\\\/3c7d3ce72a2bed6bab5e3681d59712a49247bdd227b4ef67de56814084f945dd?s=96&r=g\",\"contentUrl\":\"https:\\\/\\\/secure.gravatar.com\\\/avatar\\\/3c7d3ce72a2bed6bab5e3681d59712a49247bdd227b4ef67de56814084f945dd?s=96&r=g\",\"caption\":\"Mario Altomura\"},\"description\":\"fotografo celebrity\",\"url\":\"https:\\\/\\\/www.livemag.it\\\/index.php\\\/author\\\/fabio-scarpati\\\/\"}]}<\/script>\n<!-- \/ Yoast SEO plugin. -->","yoast_head_json":{"title":"L\u2019Abito Rosso, un simbolo contro il femminicidio","description":"L\u2019Associazione Nazionale Antiviolenza \"Senza Veli sulla Lingua\" (SVSL), con Freedom Power, presenta il progetto \"L\u2019Abito del Sogno Infranto\"","robots":{"index":"index","follow":"follow","max-snippet":"max-snippet:-1","max-image-preview":"max-image-preview:large","max-video-preview":"max-video-preview:-1"},"canonical":"https:\/\/www.livemag.it\/index.php\/2024\/11\/21\/labito-rosso-un-simbolo-contro-il-femminicidio\/","og_locale":"it_IT","og_type":"article","og_title":"L\u2019Abito Rosso, un simbolo contro il femminicidio","og_description":"L\u2019Associazione Nazionale Antiviolenza \"Senza Veli sulla Lingua\" (SVSL), con Freedom Power, presenta il progetto \"L\u2019Abito del Sogno Infranto\"","og_url":"https:\/\/www.livemag.it\/index.php\/2024\/11\/21\/labito-rosso-un-simbolo-contro-il-femminicidio\/","og_site_name":"Live Magazine","article_publisher":"https:\/\/www.facebook.com\/LiveMag\/","article_published_time":"2024-11-21T10:57:17+00:00","article_modified_time":"2024-11-21T10:58:02+00:00","og_image":[{"width":1179,"height":1444,"url":"https:\/\/www.livemag.it\/wp-content\/uploads\/2024\/11\/Abito-del-Sogno-Infranto-2.jpg","type":"image\/jpeg"}],"author":"Mario Altomura","twitter_card":"summary_large_image","twitter_creator":"@LiveNotizie","twitter_site":"@LiveNotizie","twitter_misc":{"Scritto da":"Mario Altomura","Tempo di lettura stimato":"4 minuti"},"schema":{"@context":"https:\/\/schema.org","@graph":[{"@type":"Article","@id":"https:\/\/www.livemag.it\/index.php\/2024\/11\/21\/labito-rosso-un-simbolo-contro-il-femminicidio\/#article","isPartOf":{"@id":"https:\/\/www.livemag.it\/index.php\/2024\/11\/21\/labito-rosso-un-simbolo-contro-il-femminicidio\/"},"author":{"name":"Mario Altomura","@id":"https:\/\/www.livemag.it\/#\/schema\/person\/cc097583ef7f4da9e9fe62e8b552ab72"},"headline":"L\u2019Abito Rosso, un simbolo contro il femminicidio","datePublished":"2024-11-21T10:57:17+00:00","dateModified":"2024-11-21T10:58:02+00:00","mainEntityOfPage":{"@id":"https:\/\/www.livemag.it\/index.php\/2024\/11\/21\/labito-rosso-un-simbolo-contro-il-femminicidio\/"},"wordCount":627,"commentCount":0,"publisher":{"@id":"https:\/\/www.livemag.it\/#organization"},"image":{"@id":"https:\/\/www.livemag.it\/index.php\/2024\/11\/21\/labito-rosso-un-simbolo-contro-il-femminicidio\/#primaryimage"},"thumbnailUrl":"https:\/\/www.livemag.it\/wp-content\/uploads\/2024\/11\/Abito-del-Sogno-Infranto-2.jpg","keywords":["abito da sposa","Associazione","Associazione Nazionale Antiviolenza","autonomia","donna","donnanews","donne","donnenews","Ebla Ahmed","Freedom Power","L\u2019Abito del Sogno Infranto","lavoratrici","Limbiate","Lissone","news","obiettivo","occupazione","perdita","Prato","riscatto","Senza Veli sulla Lingua","Seregno","sofferenza","sogno infranto","sogno spezzato","SVSL","Varedo","vestito","violenza","violenza contro le donne","violenza di genere"],"articleSection":["events","LiveEvent","LiveNews"],"inLanguage":"it-IT","potentialAction":[{"@type":"CommentAction","name":"Comment","target":["https:\/\/www.livemag.it\/index.php\/2024\/11\/21\/labito-rosso-un-simbolo-contro-il-femminicidio\/#respond"]}]},{"@type":"WebPage","@id":"https:\/\/www.livemag.it\/index.php\/2024\/11\/21\/labito-rosso-un-simbolo-contro-il-femminicidio\/","url":"https:\/\/www.livemag.it\/index.php\/2024\/11\/21\/labito-rosso-un-simbolo-contro-il-femminicidio\/","name":"L\u2019Abito Rosso, un simbolo contro il femminicidio","isPartOf":{"@id":"https:\/\/www.livemag.it\/#website"},"primaryImageOfPage":{"@id":"https:\/\/www.livemag.it\/index.php\/2024\/11\/21\/labito-rosso-un-simbolo-contro-il-femminicidio\/#primaryimage"},"image":{"@id":"https:\/\/www.livemag.it\/index.php\/2024\/11\/21\/labito-rosso-un-simbolo-contro-il-femminicidio\/#primaryimage"},"thumbnailUrl":"https:\/\/www.livemag.it\/wp-content\/uploads\/2024\/11\/Abito-del-Sogno-Infranto-2.jpg","datePublished":"2024-11-21T10:57:17+00:00","dateModified":"2024-11-21T10:58:02+00:00","description":"L\u2019Associazione Nazionale Antiviolenza \"Senza Veli sulla Lingua\" (SVSL), con Freedom Power, presenta il progetto \"L\u2019Abito del Sogno Infranto\"","breadcrumb":{"@id":"https:\/\/www.livemag.it\/index.php\/2024\/11\/21\/labito-rosso-un-simbolo-contro-il-femminicidio\/#breadcrumb"},"inLanguage":"it-IT","potentialAction":[{"@type":"ReadAction","target":["https:\/\/www.livemag.it\/index.php\/2024\/11\/21\/labito-rosso-un-simbolo-contro-il-femminicidio\/"]}]},{"@type":"ImageObject","inLanguage":"it-IT","@id":"https:\/\/www.livemag.it\/index.php\/2024\/11\/21\/labito-rosso-un-simbolo-contro-il-femminicidio\/#primaryimage","url":"https:\/\/www.livemag.it\/wp-content\/uploads\/2024\/11\/Abito-del-Sogno-Infranto-2.jpg","contentUrl":"https:\/\/www.livemag.it\/wp-content\/uploads\/2024\/11\/Abito-del-Sogno-Infranto-2.jpg","width":1179,"height":1444,"caption":"Abito del Sogno Infranto 2"},{"@type":"BreadcrumbList","@id":"https:\/\/www.livemag.it\/index.php\/2024\/11\/21\/labito-rosso-un-simbolo-contro-il-femminicidio\/#breadcrumb","itemListElement":[{"@type":"ListItem","position":1,"name":"Home","item":"https:\/\/www.livemag.it\/"},{"@type":"ListItem","position":2,"name":"L\u2019Abito Rosso, un simbolo contro il femminicidio"}]},{"@type":"WebSite","@id":"https:\/\/www.livemag.it\/#website","url":"https:\/\/www.livemag.it\/","name":"Live Magazine","description":"Varie ed eventi","publisher":{"@id":"https:\/\/www.livemag.it\/#organization"},"potentialAction":[{"@type":"SearchAction","target":{"@type":"EntryPoint","urlTemplate":"https:\/\/www.livemag.it\/?s={search_term_string}"},"query-input":{"@type":"PropertyValueSpecification","valueRequired":true,"valueName":"search_term_string"}}],"inLanguage":"it-IT"},{"@type":"Organization","@id":"https:\/\/www.livemag.it\/#organization","name":"LiveMag","alternateName":"LiveMag News ed eventi","url":"https:\/\/www.livemag.it\/","logo":{"@type":"ImageObject","inLanguage":"it-IT","@id":"https:\/\/www.livemag.it\/#\/schema\/logo\/image\/","url":"https:\/\/www.livemag.it\/wp-content\/uploads\/2024\/02\/immagine-sito.jpg","contentUrl":"https:\/\/www.livemag.it\/wp-content\/uploads\/2024\/02\/immagine-sito.jpg","width":696,"height":696,"caption":"LiveMag"},"image":{"@id":"https:\/\/www.livemag.it\/#\/schema\/logo\/image\/"},"sameAs":["https:\/\/www.facebook.com\/LiveMag\/","https:\/\/x.com\/LiveNotizie","https:\/\/www.instagram.com\/livemag\/"]},{"@type":"Person","@id":"https:\/\/www.livemag.it\/#\/schema\/person\/cc097583ef7f4da9e9fe62e8b552ab72","name":"Mario Altomura","image":{"@type":"ImageObject","inLanguage":"it-IT","@id":"https:\/\/secure.gravatar.com\/avatar\/3c7d3ce72a2bed6bab5e3681d59712a49247bdd227b4ef67de56814084f945dd?s=96&r=g","url":"https:\/\/secure.gravatar.com\/avatar\/3c7d3ce72a2bed6bab5e3681d59712a49247bdd227b4ef67de56814084f945dd?s=96&r=g","contentUrl":"https:\/\/secure.gravatar.com\/avatar\/3c7d3ce72a2bed6bab5e3681d59712a49247bdd227b4ef67de56814084f945dd?s=96&r=g","caption":"Mario Altomura"},"description":"fotografo celebrity","url":"https:\/\/www.livemag.it\/index.php\/author\/fabio-scarpati\/"}]}},"jetpack_featured_media_url":"https:\/\/www.livemag.it\/wp-content\/uploads\/2024\/11\/Abito-del-Sogno-Infranto-2.jpg","_links":{"self":[{"href":"https:\/\/www.livemag.it\/index.php\/wp-json\/wp\/v2\/posts\/39459","targetHints":{"allow":["GET"]}}],"collection":[{"href":"https:\/\/www.livemag.it\/index.php\/wp-json\/wp\/v2\/posts"}],"about":[{"href":"https:\/\/www.livemag.it\/index.php\/wp-json\/wp\/v2\/types\/post"}],"author":[{"embeddable":true,"href":"https:\/\/www.livemag.it\/index.php\/wp-json\/wp\/v2\/users\/20"}],"replies":[{"embeddable":true,"href":"https:\/\/www.livemag.it\/index.php\/wp-json\/wp\/v2\/comments?post=39459"}],"version-history":[{"count":2,"href":"https:\/\/www.livemag.it\/index.php\/wp-json\/wp\/v2\/posts\/39459\/revisions"}],"predecessor-version":[{"id":39463,"href":"https:\/\/www.livemag.it\/index.php\/wp-json\/wp\/v2\/posts\/39459\/revisions\/39463"}],"wp:featuredmedia":[{"embeddable":true,"href":"https:\/\/www.livemag.it\/index.php\/wp-json\/wp\/v2\/media\/39461"}],"wp:attachment":[{"href":"https:\/\/www.livemag.it\/index.php\/wp-json\/wp\/v2\/media?parent=39459"}],"wp:term":[{"taxonomy":"category","embeddable":true,"href":"https:\/\/www.livemag.it\/index.php\/wp-json\/wp\/v2\/categories?post=39459"},{"taxonomy":"post_tag","embeddable":true,"href":"https:\/\/www.livemag.it\/index.php\/wp-json\/wp\/v2\/tags?post=39459"}],"curies":[{"name":"wp","href":"https:\/\/api.w.org\/{rel}","templated":true}]}}