{"id":39208,"date":"2024-11-18T11:44:29","date_gmt":"2024-11-18T10:44:29","guid":{"rendered":"https:\/\/www.livemag.it\/?p=39208"},"modified":"2024-11-18T11:56:52","modified_gmt":"2024-11-18T10:56:52","slug":"ipantellas-celebrano-15-anni-con-uno-spettacolo-teatrale-unico","status":"publish","type":"post","link":"https:\/\/www.livemag.it\/index.php\/2024\/11\/18\/ipantellas-celebrano-15-anni-con-uno-spettacolo-teatrale-unico\/","title":{"rendered":"iPantellas celebrano 15 anni con uno spettacolo teatrale unico"},"content":{"rendered":"\n<h2 class=\"wp-block-heading\">Un tour imperdibile per festeggiare un traguardo speciale<\/h2>\n\n\n\n<p><strong>iPantellas<\/strong>, il duo comico formato da <strong>Jacopo Malnati<\/strong> e <strong>Daniel Marangiolo<\/strong>, festeggia 15 anni di attivit\u00e0 con il loro primo spettacolo teatrale. L\u2019evento, pensato per un pubblico di tutte le et\u00e0, far\u00e0 tappa in cinque citt\u00e0 italiane e offrir\u00e0 momenti di risate, sorprese e pura comicit\u00e0 dal vivo.<\/p>\n\n\n\n<h3 class=\"wp-block-heading\">Le date del tour: iPantellas sui palchi italiani<\/h3>\n\n\n\n<p><strong>Jacopo Malnati<\/strong> e <strong>Daniel Marangiolo<\/strong> porteranno il loro umorismo irresistibile sui palchi di alcune delle pi\u00f9 importanti citt\u00e0 italiane. Di seguito le date e i teatri in cui si terranno gli spettacoli:<\/p>\n\n\n\n<ul class=\"wp-block-list\">\n<li><strong>18 novembre 2024 ore 21:00: Torino &#8211; Teatro Gioiello<\/strong><\/li>\n\n\n\n<li><strong>22 novembre 2024 ore 21:00: Bologna &#8211; Teatro Dehon<\/strong><\/li>\n\n\n\n<li><strong>25 novembre 2024 ore 21:00: Milano &#8211; Teatro Martinitt<\/strong><\/li>\n\n\n\n<li><strong>26 novembre 2024 ore 21:00: Roma &#8211; Teatro Ghione<\/strong><\/li>\n\n\n\n<li><strong>27 novembre 2024 ore 21:00: Napoli &#8211; Teatro Troisi<\/strong><\/li>\n<\/ul>\n\n\n\n<h3 class=\"wp-block-heading\">Viaggi nel tempo e risate: il tema dello spettacolo<\/h3>\n\n\n<div class=\"wp-block-image\">\n<figure class=\"alignright size-large is-resized\"><img fetchpriority=\"high\" decoding=\"async\" width=\"822\" height=\"1024\" src=\"https:\/\/www.livemag.it\/wp-content\/uploads\/2024\/11\/iPantellas-6-822x1024.jpg\" alt=\"iPantellas 6\" class=\"wp-image-39210\" style=\"width:334px;height:auto\" srcset=\"https:\/\/www.livemag.it\/wp-content\/uploads\/2024\/11\/iPantellas-6-822x1024.jpg 822w, https:\/\/www.livemag.it\/wp-content\/uploads\/2024\/11\/iPantellas-6-241x300.jpg 241w, https:\/\/www.livemag.it\/wp-content\/uploads\/2024\/11\/iPantellas-6-768x957.jpg 768w, https:\/\/www.livemag.it\/wp-content\/uploads\/2024\/11\/iPantellas-6-750x935.jpg 750w, https:\/\/www.livemag.it\/wp-content\/uploads\/2024\/11\/iPantellas-6.jpg 1080w\" sizes=\"(max-width: 822px) 100vw, 822px\" \/><figcaption class=\"wp-element-caption\">PH Instagram<\/figcaption><\/figure>\n<\/div>\n\n\n<p>Lo show, dal titolo <em>&#8220;Viaggi nel tempo nella vita reale&#8221;<\/em>, accompagner\u00e0 il pubblico in un\u2019avventura incredibile e piena di colpi di scena. Grazie a uno strumento futuristico davvero originale, <strong>Jacopo Malnati<\/strong> e <strong>Daniel Marangiolo<\/strong> esploreranno mondi paralleli, incontrando personaggi iconici e vivendo situazioni esilaranti che conquisteranno tutti gli spettatori.<\/p>\n\n\n\n<p>Sul palco, insieme ai due comici, appariranno alcuni dei personaggi pi\u00f9 amati dai fan: <strong>Nonna Pantellas<\/strong>, il \u201cprof\u201d <strong>Roberto Sigurt\u00e0<\/strong>, il \u201cCarabinero\u201d <strong>Fine Master<\/strong>, <strong>Roberta Nicosia<\/strong> e altri volti celebri, che hanno contribuito al grande successo del duo attraverso video diventati virali e memorabili.<\/p>\n\n\n\n<h3 class=\"wp-block-heading\">Un riconoscimento importante per iPantellas<\/h3>\n\n\n\n<p>La Regione Toscana ha premiato <strong>Jacopo Malnati<\/strong> e <strong>Daniel Marangiolo<\/strong> con il <strong>premio GiovaniS\u00ec<\/strong> per il loro esempio positivo nel panorama culturale italiano. La cerimonia di premiazione si \u00e8 svolta il <strong>12 ottobre 2024<\/strong> presso il <strong>Teatro del Maggio<\/strong> a Firenze.<\/p>\n\n\n\n<p>Nel ricevere il premio, <strong>Jacopo Malnati<\/strong> e <strong>Daniel Marangiolo<\/strong> hanno dichiarato: <em>\u201cAbbiamo iniziato la nostra carriera proprio in teatro, 15 anni fa. Tornare su un palco per celebrare questo traguardo ci riempie di gioia e ci fa rivivere le emozioni degli inizi\u201d<\/em>.<\/p>\n\n\n\n<h3 class=\"wp-block-heading\">iPantellas: una carriera di successi lunga 15 anni<\/h3>\n\n\n\n<p><strong>Jacopo Malnati<\/strong> (nato il 25 giugno 1990) e <strong>Daniel Marangiolo<\/strong> (nato il 25 agosto 1990) sono diventati il duo comico digitale pi\u00f9 longevo in Italia. Dal loro esordio su YouTube, il <strong>14 ottobre 2009<\/strong>, hanno costruito una carriera solida, conquistando milioni di spettatori con contenuti innovativi e sempre divertenti.<\/p>\n\n\n\n<h3 class=\"wp-block-heading\">Una fanbase incredibile e numeri da record<\/h3>\n\n\n\n<p>La community di <strong>iPantellas<\/strong> conta oltre <strong>14 milioni di fan<\/strong> distribuiti tra le principali piattaforme digitali. Ecco i numeri che dimostrano il loro straordinario successo:<\/p>\n\n\n\n<ul class=\"wp-block-list\">\n<li><strong>6,85 milioni di iscritti su YouTube<\/strong><\/li>\n\n\n\n<li><strong>2,6 milioni di follower su TikTok<\/strong><\/li>\n\n\n\n<li><strong>2,3 milioni di follower su Instagram<\/strong><\/li>\n\n\n\n<li><strong>2,5 milioni tra Facebook, X e Threads<\/strong><\/li>\n<\/ul>\n\n\n\n<p>Tra i loro contenuti pi\u00f9 celebri si trovano la serie <em>\u201cMia madre \u00e8 Satana\u201d<\/em>, sketch comici ambientati a scuola e tra le forze dell\u2019ordine, parodie musicali e cortometraggi dal gusto cinematografico.<\/p>\n\n\n\n<h3 class=\"wp-block-heading\">Libri, TV e cinema: i tanti volti di iPantellas<\/h3>\n\n\n\n<p>Nel corso della loro carriera, <strong>iPantellas<\/strong> hanno scritto due libri di successo:<\/p>\n\n\n\n<ul class=\"wp-block-list\">\n<li><strong>\u201cCrazy School\u201d (2013)<\/strong><\/li>\n\n\n\n<li><strong>\u201cMia madre \u00e8 Satana &#8211; Diario di un figlio bullizzato dalla madre\u201d (2016)<\/strong><\/li>\n<\/ul>\n\n\n\n<p>Sono stati protagonisti anche in televisione, partecipando a programmi di grande popolarit\u00e0, tra cui:<\/p>\n\n\n\n<ul class=\"wp-block-list\">\n<li><strong>\u201cColorado\u201d<\/strong> (Italia 1, dal 2016 al 2019)<\/li>\n\n\n\n<li><strong>\u201cAvanti un Altro\u201d<\/strong> (2017)<\/li>\n\n\n\n<li><strong>\u201cMiss Italia\u201d<\/strong> (2017 e 2018, come giudici per il web)<\/li>\n\n\n\n<li><strong>\u201cChi Ha Incastrato Peter Pan?\u201d<\/strong> (2017)<\/li>\n<\/ul>\n\n\n\n<p>Nel 2018, hanno recitato in un cameo nel film <strong>\u201cSono Tornato\u201d<\/strong>, diretto da <strong>Luca Miniero<\/strong>, confermando la loro versatilit\u00e0 anche sul grande schermo.<\/p>\n\n\n\n<h3 class=\"wp-block-heading\">Premi e riconoscimenti: un successo continuo<\/h3>\n\n\n\n<p>Nel <strong>2015<\/strong>, <strong>iPantellas<\/strong> hanno ricevuto il prestigioso premio <strong>MTVAwards<\/strong> come <em>Web Star dell\u2019anno<\/em>, dimostrando di essere veri pionieri della comicit\u00e0 online. Il recente <strong>premio GiovaniS\u00ec<\/strong> aggiunge un ulteriore tassello al loro percorso, celebrando il loro impatto positivo sulle giovani generazioni e il loro contributo alla cultura italiana.<\/p>\n\n\n\n<p><a href=\"https:\/\/www.instagram.com\/altomura\/00?hl=it\" target=\"_blank\" rel=\"noreferrer noopener\">A cura di Mario Altomura<\/a><br>Leggi anche: <a href=\"https:\/\/www.bollicinevip.com\/come-prevenire-e-combattere-il-mal-di-schiena-secondo-il-dott-andrea-foriglio\/\">Come prevenire e combattere il mal di schiena secondo il dott. Andrea Foriglio<\/a><br><\/p>\n","protected":false},"excerpt":{"rendered":"<p>Un tour imperdibile per festeggiare un traguardo speciale iPantellas, il duo comico formato da Jacopo Malnati e Daniel Marangiolo, festeggia 15 anni di attivit\u00e0 con il loro primo spettacolo teatrale. L\u2019evento, pensato per un pubblico di tutte le et\u00e0, far\u00e0 tappa in cinque citt\u00e0 italiane e offrir\u00e0 momenti di risate, sorprese e pura comicit\u00e0 dal [&hellip;]<\/p>\n","protected":false},"author":20,"featured_media":39213,"comment_status":"open","ping_status":"open","sticky":false,"template":"","format":"standard","meta":{"jnews-multi-image_gallery":[],"jnews_single_post":{"format":"standard"},"jnews_primary_category":[],"jnews_social_meta":[],"jnews_override_counter":[],"jnews_post_split":[],"footnotes":""},"categories":[142,152,90,3,2,83,24],"tags":[5583,2418,5584,5585,5469,5586,5587,5588,112,5177,5589,1847,5590,81,5591,5592,5593,50,37,5594,1338,5595,1704,5596,5597,219,227,5598,3573,229,5599,5600,5601,5602,5603,5604,5605,395,185,2135,5606,5607,396,5608,5609,170],"class_list":["post-39208","post","type-post","status-publish","format-standard","has-post-thumbnail","hentry","category-cultura-eventi","category-events","category-liveevent","category-livenews","category-livepeople","category-livevip","category-prima-pagina","tag-avanti-un-altro","tag-bologna","tag-chi-ha-incastrato-peter-pan","tag-colorado","tag-comicita","tag-crazy-school","tag-daniel-marangiolo","tag-diario-di-un-figlio-bullizzato-dalla-madre","tag-facebook","tag-featured","tag-fine-master","tag-firenze","tag-giovanisi","tag-instagram","tag-ipantellas","tag-jacopo-malnati","tag-mia-madre-e-satana","tag-milano","tag-miss-italia","tag-mtvawards","tag-napoli","tag-nonna-pantellas","tag-premio","tag-roberta-nicosia","tag-roberto-sigurta","tag-roma","tag-spettacolo","tag-spettacolo-teatrale","tag-successi","tag-teatro","tag-teatro-dehon","tag-teatro-del-maggio","tag-teatro-ghione","tag-teatro-gioiello","tag-teatro-martinitt","tag-teatro-troisi","tag-threads","tag-tiktok","tag-torino","tag-tour","tag-tour-teatrale","tag-viaggi-nel-tempo-nella-vita-reale","tag-vip","tag-web-star-dellanno","tag-x","tag-youtube"],"yoast_head":"<!-- This site is optimized with the Yoast SEO plugin v27.5 - https:\/\/yoast.com\/product\/yoast-seo-wordpress\/ -->\n<title>iPantellas celebrano 15 anni con uno spettacolo teatrale unico<\/title>\n<meta name=\"description\" content=\"iPantellas, il duo comico formato da Jacopo Malnati e Daniel Marangiolo, festeggia 15 anni di attivit\u00e0 con il loro primo spettacolo teatrale\" \/>\n<meta name=\"robots\" content=\"index, follow, max-snippet:-1, max-image-preview:large, max-video-preview:-1\" \/>\n<link rel=\"canonical\" href=\"https:\/\/www.livemag.it\/index.php\/2024\/11\/18\/ipantellas-celebrano-15-anni-con-uno-spettacolo-teatrale-unico\/\" \/>\n<meta property=\"og:locale\" content=\"it_IT\" \/>\n<meta property=\"og:type\" content=\"article\" \/>\n<meta property=\"og:title\" content=\"iPantellas celebrano 15 anni con uno spettacolo teatrale unico\" \/>\n<meta property=\"og:description\" content=\"iPantellas, il duo comico formato da Jacopo Malnati e Daniel Marangiolo, festeggia 15 anni di attivit\u00e0 con il loro primo spettacolo teatrale\" \/>\n<meta property=\"og:url\" content=\"https:\/\/www.livemag.it\/index.php\/2024\/11\/18\/ipantellas-celebrano-15-anni-con-uno-spettacolo-teatrale-unico\/\" \/>\n<meta property=\"og:site_name\" content=\"Live Magazine\" \/>\n<meta property=\"article:publisher\" content=\"https:\/\/www.facebook.com\/LiveMag\/\" \/>\n<meta property=\"article:published_time\" content=\"2024-11-18T10:44:29+00:00\" \/>\n<meta property=\"article:modified_time\" content=\"2024-11-18T10:56:52+00:00\" \/>\n<meta property=\"og:image\" content=\"https:\/\/www.livemag.it\/wp-content\/uploads\/2024\/11\/iPantellas-2.jpg\" \/>\n\t<meta property=\"og:image:width\" content=\"480\" \/>\n\t<meta property=\"og:image:height\" content=\"598\" \/>\n\t<meta property=\"og:image:type\" content=\"image\/jpeg\" \/>\n<meta name=\"author\" content=\"Mario Altomura\" \/>\n<meta name=\"twitter:card\" content=\"summary_large_image\" \/>\n<meta name=\"twitter:creator\" content=\"@LiveNotizie\" \/>\n<meta name=\"twitter:site\" content=\"@LiveNotizie\" \/>\n<meta name=\"twitter:label1\" content=\"Scritto da\" \/>\n\t<meta name=\"twitter:data1\" content=\"Mario Altomura\" \/>\n\t<meta name=\"twitter:label2\" content=\"Tempo di lettura stimato\" \/>\n\t<meta name=\"twitter:data2\" content=\"4 minuti\" \/>\n<script type=\"application\/ld+json\" class=\"yoast-schema-graph\">{\"@context\":\"https:\\\/\\\/schema.org\",\"@graph\":[{\"@type\":\"Article\",\"@id\":\"https:\\\/\\\/www.livemag.it\\\/index.php\\\/2024\\\/11\\\/18\\\/ipantellas-celebrano-15-anni-con-uno-spettacolo-teatrale-unico\\\/#article\",\"isPartOf\":{\"@id\":\"https:\\\/\\\/www.livemag.it\\\/index.php\\\/2024\\\/11\\\/18\\\/ipantellas-celebrano-15-anni-con-uno-spettacolo-teatrale-unico\\\/\"},\"author\":{\"name\":\"Mario Altomura\",\"@id\":\"https:\\\/\\\/www.livemag.it\\\/#\\\/schema\\\/person\\\/cc097583ef7f4da9e9fe62e8b552ab72\"},\"headline\":\"iPantellas celebrano 15 anni con uno spettacolo teatrale unico\",\"datePublished\":\"2024-11-18T10:44:29+00:00\",\"dateModified\":\"2024-11-18T10:56:52+00:00\",\"mainEntityOfPage\":{\"@id\":\"https:\\\/\\\/www.livemag.it\\\/index.php\\\/2024\\\/11\\\/18\\\/ipantellas-celebrano-15-anni-con-uno-spettacolo-teatrale-unico\\\/\"},\"wordCount\":619,\"commentCount\":0,\"publisher\":{\"@id\":\"https:\\\/\\\/www.livemag.it\\\/#organization\"},\"image\":{\"@id\":\"https:\\\/\\\/www.livemag.it\\\/index.php\\\/2024\\\/11\\\/18\\\/ipantellas-celebrano-15-anni-con-uno-spettacolo-teatrale-unico\\\/#primaryimage\"},\"thumbnailUrl\":\"https:\\\/\\\/www.livemag.it\\\/wp-content\\\/uploads\\\/2024\\\/11\\\/iPantellas-2.jpg\",\"keywords\":[\"Avanti un Altro\",\"Bologna\",\"Chi Ha Incastrato Peter Pan?\",\"Colorado\",\"comicit\u00e0\",\"Crazy School\",\"Daniel Marangiolo\",\"Diario di un figlio bullizzato dalla madre\",\"facebook\",\"Featured\",\"Fine Master\",\"firenze\",\"GiovaniS\u00ec\",\"instagram\",\"iPantellas\",\"Jacopo Malnati\",\"Mia madre \u00e8 Satana\",\"milano\",\"miss italia\",\"MTVAwards\",\"napoli\",\"Nonna Pantellas\",\"premio\",\"Roberta Nicosia\",\"Roberto Sigurt\u00e0\",\"roma\",\"spettacolo\",\"spettacolo teatrale\",\"successi\",\"teatro\",\"Teatro Dehon\",\"Teatro del Maggio\",\"Teatro Ghione\",\"Teatro Gioiello\",\"Teatro Martinitt\",\"Teatro Troisi\",\"Threads\",\"tiktok\",\"torino\",\"Tour\",\"tour teatrale\",\"Viaggi nel tempo nella vita reale\",\"vip\",\"Web Star dell\u2019anno\",\"X\",\"youtube\"],\"articleSection\":[\"Cultura Eventi\",\"events\",\"LiveEvent\",\"LiveNews\",\"LivePeople\",\"LiveVIP\",\"Prima Pagina\"],\"inLanguage\":\"it-IT\",\"potentialAction\":[{\"@type\":\"CommentAction\",\"name\":\"Comment\",\"target\":[\"https:\\\/\\\/www.livemag.it\\\/index.php\\\/2024\\\/11\\\/18\\\/ipantellas-celebrano-15-anni-con-uno-spettacolo-teatrale-unico\\\/#respond\"]}]},{\"@type\":\"WebPage\",\"@id\":\"https:\\\/\\\/www.livemag.it\\\/index.php\\\/2024\\\/11\\\/18\\\/ipantellas-celebrano-15-anni-con-uno-spettacolo-teatrale-unico\\\/\",\"url\":\"https:\\\/\\\/www.livemag.it\\\/index.php\\\/2024\\\/11\\\/18\\\/ipantellas-celebrano-15-anni-con-uno-spettacolo-teatrale-unico\\\/\",\"name\":\"iPantellas celebrano 15 anni con uno spettacolo teatrale unico\",\"isPartOf\":{\"@id\":\"https:\\\/\\\/www.livemag.it\\\/#website\"},\"primaryImageOfPage\":{\"@id\":\"https:\\\/\\\/www.livemag.it\\\/index.php\\\/2024\\\/11\\\/18\\\/ipantellas-celebrano-15-anni-con-uno-spettacolo-teatrale-unico\\\/#primaryimage\"},\"image\":{\"@id\":\"https:\\\/\\\/www.livemag.it\\\/index.php\\\/2024\\\/11\\\/18\\\/ipantellas-celebrano-15-anni-con-uno-spettacolo-teatrale-unico\\\/#primaryimage\"},\"thumbnailUrl\":\"https:\\\/\\\/www.livemag.it\\\/wp-content\\\/uploads\\\/2024\\\/11\\\/iPantellas-2.jpg\",\"datePublished\":\"2024-11-18T10:44:29+00:00\",\"dateModified\":\"2024-11-18T10:56:52+00:00\",\"description\":\"iPantellas, il duo comico formato da Jacopo Malnati e Daniel Marangiolo, festeggia 15 anni di attivit\u00e0 con il loro primo spettacolo teatrale\",\"breadcrumb\":{\"@id\":\"https:\\\/\\\/www.livemag.it\\\/index.php\\\/2024\\\/11\\\/18\\\/ipantellas-celebrano-15-anni-con-uno-spettacolo-teatrale-unico\\\/#breadcrumb\"},\"inLanguage\":\"it-IT\",\"potentialAction\":[{\"@type\":\"ReadAction\",\"target\":[\"https:\\\/\\\/www.livemag.it\\\/index.php\\\/2024\\\/11\\\/18\\\/ipantellas-celebrano-15-anni-con-uno-spettacolo-teatrale-unico\\\/\"]}]},{\"@type\":\"ImageObject\",\"inLanguage\":\"it-IT\",\"@id\":\"https:\\\/\\\/www.livemag.it\\\/index.php\\\/2024\\\/11\\\/18\\\/ipantellas-celebrano-15-anni-con-uno-spettacolo-teatrale-unico\\\/#primaryimage\",\"url\":\"https:\\\/\\\/www.livemag.it\\\/wp-content\\\/uploads\\\/2024\\\/11\\\/iPantellas-2.jpg\",\"contentUrl\":\"https:\\\/\\\/www.livemag.it\\\/wp-content\\\/uploads\\\/2024\\\/11\\\/iPantellas-2.jpg\",\"width\":480,\"height\":598,\"caption\":\"PH Instagram\"},{\"@type\":\"BreadcrumbList\",\"@id\":\"https:\\\/\\\/www.livemag.it\\\/index.php\\\/2024\\\/11\\\/18\\\/ipantellas-celebrano-15-anni-con-uno-spettacolo-teatrale-unico\\\/#breadcrumb\",\"itemListElement\":[{\"@type\":\"ListItem\",\"position\":1,\"name\":\"Home\",\"item\":\"https:\\\/\\\/www.livemag.it\\\/\"},{\"@type\":\"ListItem\",\"position\":2,\"name\":\"iPantellas celebrano 15 anni con uno spettacolo teatrale unico\"}]},{\"@type\":\"WebSite\",\"@id\":\"https:\\\/\\\/www.livemag.it\\\/#website\",\"url\":\"https:\\\/\\\/www.livemag.it\\\/\",\"name\":\"Live Magazine\",\"description\":\"Varie ed eventi\",\"publisher\":{\"@id\":\"https:\\\/\\\/www.livemag.it\\\/#organization\"},\"potentialAction\":[{\"@type\":\"SearchAction\",\"target\":{\"@type\":\"EntryPoint\",\"urlTemplate\":\"https:\\\/\\\/www.livemag.it\\\/?s={search_term_string}\"},\"query-input\":{\"@type\":\"PropertyValueSpecification\",\"valueRequired\":true,\"valueName\":\"search_term_string\"}}],\"inLanguage\":\"it-IT\"},{\"@type\":\"Organization\",\"@id\":\"https:\\\/\\\/www.livemag.it\\\/#organization\",\"name\":\"LiveMag\",\"alternateName\":\"LiveMag News ed eventi\",\"url\":\"https:\\\/\\\/www.livemag.it\\\/\",\"logo\":{\"@type\":\"ImageObject\",\"inLanguage\":\"it-IT\",\"@id\":\"https:\\\/\\\/www.livemag.it\\\/#\\\/schema\\\/logo\\\/image\\\/\",\"url\":\"https:\\\/\\\/www.livemag.it\\\/wp-content\\\/uploads\\\/2024\\\/02\\\/immagine-sito.jpg\",\"contentUrl\":\"https:\\\/\\\/www.livemag.it\\\/wp-content\\\/uploads\\\/2024\\\/02\\\/immagine-sito.jpg\",\"width\":696,\"height\":696,\"caption\":\"LiveMag\"},\"image\":{\"@id\":\"https:\\\/\\\/www.livemag.it\\\/#\\\/schema\\\/logo\\\/image\\\/\"},\"sameAs\":[\"https:\\\/\\\/www.facebook.com\\\/LiveMag\\\/\",\"https:\\\/\\\/x.com\\\/LiveNotizie\",\"https:\\\/\\\/www.instagram.com\\\/livemag\\\/\"]},{\"@type\":\"Person\",\"@id\":\"https:\\\/\\\/www.livemag.it\\\/#\\\/schema\\\/person\\\/cc097583ef7f4da9e9fe62e8b552ab72\",\"name\":\"Mario Altomura\",\"image\":{\"@type\":\"ImageObject\",\"inLanguage\":\"it-IT\",\"@id\":\"https:\\\/\\\/secure.gravatar.com\\\/avatar\\\/3c7d3ce72a2bed6bab5e3681d59712a49247bdd227b4ef67de56814084f945dd?s=96&r=g\",\"url\":\"https:\\\/\\\/secure.gravatar.com\\\/avatar\\\/3c7d3ce72a2bed6bab5e3681d59712a49247bdd227b4ef67de56814084f945dd?s=96&r=g\",\"contentUrl\":\"https:\\\/\\\/secure.gravatar.com\\\/avatar\\\/3c7d3ce72a2bed6bab5e3681d59712a49247bdd227b4ef67de56814084f945dd?s=96&r=g\",\"caption\":\"Mario Altomura\"},\"description\":\"fotografo celebrity\",\"url\":\"https:\\\/\\\/www.livemag.it\\\/index.php\\\/author\\\/fabio-scarpati\\\/\"}]}<\/script>\n<!-- \/ Yoast SEO plugin. -->","yoast_head_json":{"title":"iPantellas celebrano 15 anni con uno spettacolo teatrale unico","description":"iPantellas, il duo comico formato da Jacopo Malnati e Daniel Marangiolo, festeggia 15 anni di attivit\u00e0 con il loro primo spettacolo teatrale","robots":{"index":"index","follow":"follow","max-snippet":"max-snippet:-1","max-image-preview":"max-image-preview:large","max-video-preview":"max-video-preview:-1"},"canonical":"https:\/\/www.livemag.it\/index.php\/2024\/11\/18\/ipantellas-celebrano-15-anni-con-uno-spettacolo-teatrale-unico\/","og_locale":"it_IT","og_type":"article","og_title":"iPantellas celebrano 15 anni con uno spettacolo teatrale unico","og_description":"iPantellas, il duo comico formato da Jacopo Malnati e Daniel Marangiolo, festeggia 15 anni di attivit\u00e0 con il loro primo spettacolo teatrale","og_url":"https:\/\/www.livemag.it\/index.php\/2024\/11\/18\/ipantellas-celebrano-15-anni-con-uno-spettacolo-teatrale-unico\/","og_site_name":"Live Magazine","article_publisher":"https:\/\/www.facebook.com\/LiveMag\/","article_published_time":"2024-11-18T10:44:29+00:00","article_modified_time":"2024-11-18T10:56:52+00:00","og_image":[{"width":480,"height":598,"url":"https:\/\/www.livemag.it\/wp-content\/uploads\/2024\/11\/iPantellas-2.jpg","type":"image\/jpeg"}],"author":"Mario Altomura","twitter_card":"summary_large_image","twitter_creator":"@LiveNotizie","twitter_site":"@LiveNotizie","twitter_misc":{"Scritto da":"Mario Altomura","Tempo di lettura stimato":"4 minuti"},"schema":{"@context":"https:\/\/schema.org","@graph":[{"@type":"Article","@id":"https:\/\/www.livemag.it\/index.php\/2024\/11\/18\/ipantellas-celebrano-15-anni-con-uno-spettacolo-teatrale-unico\/#article","isPartOf":{"@id":"https:\/\/www.livemag.it\/index.php\/2024\/11\/18\/ipantellas-celebrano-15-anni-con-uno-spettacolo-teatrale-unico\/"},"author":{"name":"Mario Altomura","@id":"https:\/\/www.livemag.it\/#\/schema\/person\/cc097583ef7f4da9e9fe62e8b552ab72"},"headline":"iPantellas celebrano 15 anni con uno spettacolo teatrale unico","datePublished":"2024-11-18T10:44:29+00:00","dateModified":"2024-11-18T10:56:52+00:00","mainEntityOfPage":{"@id":"https:\/\/www.livemag.it\/index.php\/2024\/11\/18\/ipantellas-celebrano-15-anni-con-uno-spettacolo-teatrale-unico\/"},"wordCount":619,"commentCount":0,"publisher":{"@id":"https:\/\/www.livemag.it\/#organization"},"image":{"@id":"https:\/\/www.livemag.it\/index.php\/2024\/11\/18\/ipantellas-celebrano-15-anni-con-uno-spettacolo-teatrale-unico\/#primaryimage"},"thumbnailUrl":"https:\/\/www.livemag.it\/wp-content\/uploads\/2024\/11\/iPantellas-2.jpg","keywords":["Avanti un Altro","Bologna","Chi Ha Incastrato Peter Pan?","Colorado","comicit\u00e0","Crazy School","Daniel Marangiolo","Diario di un figlio bullizzato dalla madre","facebook","Featured","Fine Master","firenze","GiovaniS\u00ec","instagram","iPantellas","Jacopo Malnati","Mia madre \u00e8 Satana","milano","miss italia","MTVAwards","napoli","Nonna Pantellas","premio","Roberta Nicosia","Roberto Sigurt\u00e0","roma","spettacolo","spettacolo teatrale","successi","teatro","Teatro Dehon","Teatro del Maggio","Teatro Ghione","Teatro Gioiello","Teatro Martinitt","Teatro Troisi","Threads","tiktok","torino","Tour","tour teatrale","Viaggi nel tempo nella vita reale","vip","Web Star dell\u2019anno","X","youtube"],"articleSection":["Cultura Eventi","events","LiveEvent","LiveNews","LivePeople","LiveVIP","Prima Pagina"],"inLanguage":"it-IT","potentialAction":[{"@type":"CommentAction","name":"Comment","target":["https:\/\/www.livemag.it\/index.php\/2024\/11\/18\/ipantellas-celebrano-15-anni-con-uno-spettacolo-teatrale-unico\/#respond"]}]},{"@type":"WebPage","@id":"https:\/\/www.livemag.it\/index.php\/2024\/11\/18\/ipantellas-celebrano-15-anni-con-uno-spettacolo-teatrale-unico\/","url":"https:\/\/www.livemag.it\/index.php\/2024\/11\/18\/ipantellas-celebrano-15-anni-con-uno-spettacolo-teatrale-unico\/","name":"iPantellas celebrano 15 anni con uno spettacolo teatrale unico","isPartOf":{"@id":"https:\/\/www.livemag.it\/#website"},"primaryImageOfPage":{"@id":"https:\/\/www.livemag.it\/index.php\/2024\/11\/18\/ipantellas-celebrano-15-anni-con-uno-spettacolo-teatrale-unico\/#primaryimage"},"image":{"@id":"https:\/\/www.livemag.it\/index.php\/2024\/11\/18\/ipantellas-celebrano-15-anni-con-uno-spettacolo-teatrale-unico\/#primaryimage"},"thumbnailUrl":"https:\/\/www.livemag.it\/wp-content\/uploads\/2024\/11\/iPantellas-2.jpg","datePublished":"2024-11-18T10:44:29+00:00","dateModified":"2024-11-18T10:56:52+00:00","description":"iPantellas, il duo comico formato da Jacopo Malnati e Daniel Marangiolo, festeggia 15 anni di attivit\u00e0 con il loro primo spettacolo teatrale","breadcrumb":{"@id":"https:\/\/www.livemag.it\/index.php\/2024\/11\/18\/ipantellas-celebrano-15-anni-con-uno-spettacolo-teatrale-unico\/#breadcrumb"},"inLanguage":"it-IT","potentialAction":[{"@type":"ReadAction","target":["https:\/\/www.livemag.it\/index.php\/2024\/11\/18\/ipantellas-celebrano-15-anni-con-uno-spettacolo-teatrale-unico\/"]}]},{"@type":"ImageObject","inLanguage":"it-IT","@id":"https:\/\/www.livemag.it\/index.php\/2024\/11\/18\/ipantellas-celebrano-15-anni-con-uno-spettacolo-teatrale-unico\/#primaryimage","url":"https:\/\/www.livemag.it\/wp-content\/uploads\/2024\/11\/iPantellas-2.jpg","contentUrl":"https:\/\/www.livemag.it\/wp-content\/uploads\/2024\/11\/iPantellas-2.jpg","width":480,"height":598,"caption":"PH Instagram"},{"@type":"BreadcrumbList","@id":"https:\/\/www.livemag.it\/index.php\/2024\/11\/18\/ipantellas-celebrano-15-anni-con-uno-spettacolo-teatrale-unico\/#breadcrumb","itemListElement":[{"@type":"ListItem","position":1,"name":"Home","item":"https:\/\/www.livemag.it\/"},{"@type":"ListItem","position":2,"name":"iPantellas celebrano 15 anni con uno spettacolo teatrale unico"}]},{"@type":"WebSite","@id":"https:\/\/www.livemag.it\/#website","url":"https:\/\/www.livemag.it\/","name":"Live Magazine","description":"Varie ed eventi","publisher":{"@id":"https:\/\/www.livemag.it\/#organization"},"potentialAction":[{"@type":"SearchAction","target":{"@type":"EntryPoint","urlTemplate":"https:\/\/www.livemag.it\/?s={search_term_string}"},"query-input":{"@type":"PropertyValueSpecification","valueRequired":true,"valueName":"search_term_string"}}],"inLanguage":"it-IT"},{"@type":"Organization","@id":"https:\/\/www.livemag.it\/#organization","name":"LiveMag","alternateName":"LiveMag News ed eventi","url":"https:\/\/www.livemag.it\/","logo":{"@type":"ImageObject","inLanguage":"it-IT","@id":"https:\/\/www.livemag.it\/#\/schema\/logo\/image\/","url":"https:\/\/www.livemag.it\/wp-content\/uploads\/2024\/02\/immagine-sito.jpg","contentUrl":"https:\/\/www.livemag.it\/wp-content\/uploads\/2024\/02\/immagine-sito.jpg","width":696,"height":696,"caption":"LiveMag"},"image":{"@id":"https:\/\/www.livemag.it\/#\/schema\/logo\/image\/"},"sameAs":["https:\/\/www.facebook.com\/LiveMag\/","https:\/\/x.com\/LiveNotizie","https:\/\/www.instagram.com\/livemag\/"]},{"@type":"Person","@id":"https:\/\/www.livemag.it\/#\/schema\/person\/cc097583ef7f4da9e9fe62e8b552ab72","name":"Mario Altomura","image":{"@type":"ImageObject","inLanguage":"it-IT","@id":"https:\/\/secure.gravatar.com\/avatar\/3c7d3ce72a2bed6bab5e3681d59712a49247bdd227b4ef67de56814084f945dd?s=96&r=g","url":"https:\/\/secure.gravatar.com\/avatar\/3c7d3ce72a2bed6bab5e3681d59712a49247bdd227b4ef67de56814084f945dd?s=96&r=g","contentUrl":"https:\/\/secure.gravatar.com\/avatar\/3c7d3ce72a2bed6bab5e3681d59712a49247bdd227b4ef67de56814084f945dd?s=96&r=g","caption":"Mario Altomura"},"description":"fotografo celebrity","url":"https:\/\/www.livemag.it\/index.php\/author\/fabio-scarpati\/"}]}},"jetpack_featured_media_url":"https:\/\/www.livemag.it\/wp-content\/uploads\/2024\/11\/iPantellas-2.jpg","_links":{"self":[{"href":"https:\/\/www.livemag.it\/index.php\/wp-json\/wp\/v2\/posts\/39208","targetHints":{"allow":["GET"]}}],"collection":[{"href":"https:\/\/www.livemag.it\/index.php\/wp-json\/wp\/v2\/posts"}],"about":[{"href":"https:\/\/www.livemag.it\/index.php\/wp-json\/wp\/v2\/types\/post"}],"author":[{"embeddable":true,"href":"https:\/\/www.livemag.it\/index.php\/wp-json\/wp\/v2\/users\/20"}],"replies":[{"embeddable":true,"href":"https:\/\/www.livemag.it\/index.php\/wp-json\/wp\/v2\/comments?post=39208"}],"version-history":[{"count":2,"href":"https:\/\/www.livemag.it\/index.php\/wp-json\/wp\/v2\/posts\/39208\/revisions"}],"predecessor-version":[{"id":39214,"href":"https:\/\/www.livemag.it\/index.php\/wp-json\/wp\/v2\/posts\/39208\/revisions\/39214"}],"wp:featuredmedia":[{"embeddable":true,"href":"https:\/\/www.livemag.it\/index.php\/wp-json\/wp\/v2\/media\/39213"}],"wp:attachment":[{"href":"https:\/\/www.livemag.it\/index.php\/wp-json\/wp\/v2\/media?parent=39208"}],"wp:term":[{"taxonomy":"category","embeddable":true,"href":"https:\/\/www.livemag.it\/index.php\/wp-json\/wp\/v2\/categories?post=39208"},{"taxonomy":"post_tag","embeddable":true,"href":"https:\/\/www.livemag.it\/index.php\/wp-json\/wp\/v2\/tags?post=39208"}],"curies":[{"name":"wp","href":"https:\/\/api.w.org\/{rel}","templated":true}]}}