{"id":38535,"date":"2024-11-07T11:02:43","date_gmt":"2024-11-07T10:02:43","guid":{"rendered":"https:\/\/www.livemag.it\/?p=38535"},"modified":"2024-11-07T11:18:05","modified_gmt":"2024-11-07T10:18:05","slug":"bollicine-vip-intervista-lattore-comico-regista-e-cantante-jerry-cala","status":"publish","type":"post","link":"https:\/\/www.livemag.it\/index.php\/2024\/11\/07\/bollicine-vip-intervista-lattore-comico-regista-e-cantante-jerry-cala\/","title":{"rendered":"Bollicine Vip intervista l&#8217;attore comico, regista e cantante Jerry Cal\u00e0"},"content":{"rendered":"\n<h2 class=\"wp-block-heading\">La carriera e la comicit\u00e0 di Jerry Cal\u00e0: un\u2019icona italiana<\/h2>\n\n\n\n<h3 class=\"wp-block-heading\">L\u2019inizio con &#8220;I Gatti di Vicolo Miracoli&#8221;<\/h3>\n\n\n\n<p>Il sito web <a href=\"https:\/\/www.bollicinevip.com\/jerry-cala-una-vita-di-successi-cinema-e-comicita\/\"><strong>BollicineVip<\/strong><\/a> pubblica l&#8217;intervista con il leggendario e divertente comico, attore e regista <strong>Jerry Cal\u00e0<\/strong>, che ha raccontato il suo esordio nel mondo dello spettacolo con il gruppo <strong>&#8220;I Gatti di Vicolo Miracoli&#8221;<\/strong>.<\/p>\n\n\n\n<p>\u00ab<em>Esatto, ho cominciato il mio percorso artistico come parte integrante de \u201c<strong>I Gatti di Vicolo Miracoli<\/strong>\u201d. Abbiamo avuto tante soddisfazioni, componendo qualche disco che si \u00e8 posizionato in vetta alle classifiche, vendendo milioni di copie. <strong>Con il gruppo musicale abbiamo fatto due film<\/strong>, dopodich\u00e9 io sono stato scelto dal cinema come protagonista, <strong>ho lasciato la band e ho incominciato la mia carriera come attore<\/strong><\/em>.\u00bb<\/p>\n\n\n\n<h3 class=\"wp-block-heading\">L\u2019ultimo film di Jerry Cal\u00e0: &#8220;Chi ha rapito Jerry Cal\u00e0?&#8221;<\/h3>\n\n\n<div class=\"wp-block-image\">\n<figure class=\"alignright size-full is-resized\"><img fetchpriority=\"high\" decoding=\"async\" width=\"446\" height=\"724\" src=\"https:\/\/www.livemag.it\/wp-content\/uploads\/2024\/11\/Jerry-Cala.jpg\" alt=\"Jerry Cal\u00e0\" class=\"wp-image-38538\" style=\"width:285px;height:auto\" srcset=\"https:\/\/www.livemag.it\/wp-content\/uploads\/2024\/11\/Jerry-Cala.jpg 446w, https:\/\/www.livemag.it\/wp-content\/uploads\/2024\/11\/Jerry-Cala-185x300.jpg 185w\" sizes=\"(max-width: 446px) 100vw, 446px\" \/><\/figure>\n<\/div>\n\n\n<p>Il suo ultimo lavoro, che lo vede regista, sceneggiatore e attore, \u00e8 stato <strong>&#8220;Chi ha rapito Jerry Cal\u00e0?&#8221;<\/strong>. Alla domanda su che tipo di film sia, Jerry risponde con entusiasmo:<\/p>\n\n\n\n<p>\u00ab<em>\u00c8 una commedia che a quanto pare \u00e8 piaciuta molto, non solo a coloro che hanno amato quella degli <strong>anni \u201980-\u201990<\/strong>. Ho cercato di restare sui canoni di leggerezza e divertimento che credo mi caratterizzino, aiutato sicuramente anche da un\u2019ambientazione meravigliosa. I<\/em><strong><em>l film \u00e8 stato difatti girato a Napoli e, come diceva Tot\u00f2, ho detto tutto<\/em>!<\/strong>\u00bb<\/p>\n\n\n\n<h3 class=\"wp-block-heading\">Un amore profondo per Napoli<\/h3>\n\n\n\n<p>Alla domanda se ama Napoli, Jerry risponde con grande affetto:<\/p>\n\n\n\n<p>\u00ab<em>S\u00ec, amo Napoli e credo che i napoletani abbiano una marcia in pi\u00f9. Hanno, ad esempio, un innato senso della musica e della comicit\u00e0. Sentire recitare poi i diversi attori napoletani presenti nel mio cast (tra gli altri <strong>Sergio Assisi<\/strong>, <strong>Antonio Fiorillo<\/strong>, <strong>Barbara Foria<\/strong>), con il loro accento, \u00e8 stata una vera e propria sinfonia<\/em>.\u00bb<\/p>\n\n\n\n<h3 class=\"wp-block-heading\">Un momento difficile: l\u2019infarto sul set<\/h3>\n\n\n\n<p>Lo scorso marzo, durante le riprese del suo film, Jerry ha avuto un grave problema di salute. Alla domanda su cosa sia accaduto, risponde:<\/p>\n\n\n\n<p>\u00ab<em>\u00c8 accaduto che <strong>ho avuto un infarto<\/strong>. \u00c8 stata una botta. <strong>Sono stato operato d\u2019urgenza <\/strong>e mi hanno messo tre stent. Eventi cos\u00ec ti ricordano che \u00e8 importante la vita, non il resto. E ti ci attacchi ancora di pi\u00f9. Ho capito che devo allentare la presa e lavorare con pi\u00f9 calma. Sono sempre stato molto appassionato al mio lavoro e frenarmi in questo senso non \u00e8 sempre facile.<\/em>\u00bb<\/p>\n\n\n\n<h3 class=\"wp-block-heading\">L\u2019uomo simpatico che conquista con il sorriso<\/h3>\n\n\n\n<p>Da sempre, <strong>Jerry <\/strong>\u00e8 noto per i suoi personaggi simpatici che riescono a conquistare con la simpatia. Parlando della sua immagine di \u201c<strong>tipo ganzo e playboy<\/strong>\u201d, Cal\u00e0 chiarisce:<\/p>\n\n\n\n<p>\u00ab<em>Pi\u00f9 che il figo, ho rappresentato il tipo simpatico che, pur non essendo di aspetto bellissimo, con la sua simpatia riusciva a conquistare le donne. La frase che riassume il <strong>prototipo dei miei personaggi <\/strong>la pronunciai in <strong>Vacanze di Natale<\/strong>: \u201cNon sono bello, piaccio!\u201d<\/em>\u00bb<\/p>\n\n\n\n<h3 class=\"wp-block-heading\">Il rapporto con Carlo Vanzina<\/h3>\n\n\n\n<p>Nel mondo del cinema, il nome di <strong>Jerry Cal\u00e0<\/strong> \u00e8 legato ai film dei fratelli <strong>Vanzina<\/strong>. Alla domanda su <strong>Carlo Vanzina<\/strong>, racconta:<\/p>\n\n\n\n<p>\u00ab<em><strong>Carlo Vanzina \u00e8 il regista a cui mi sento pi\u00f9 legato<\/strong> e mi manca tantissimo, \u00e8 lui che mi ha dato successo nel cinema. A lui sento di dover dire grazie. Sono legato pure al fratello <strong>Enrico<\/strong> perch\u00e9 loro due lavoravano sempre a stretto contatto<\/em>.\u00bb<\/p>\n\n\n\n<h3 class=\"wp-block-heading\">Il successo continuo tra i giovani<\/h3>\n\n\n<div class=\"wp-block-image\">\n<figure class=\"alignright size-full is-resized\"><img decoding=\"async\" width=\"590\" height=\"709\" src=\"https:\/\/www.livemag.it\/wp-content\/uploads\/2024\/11\/Jerry-Cala-6.jpg\" alt=\"Jerry Cal\u00e0 6\" class=\"wp-image-38537\" style=\"width:254px;height:auto\" srcset=\"https:\/\/www.livemag.it\/wp-content\/uploads\/2024\/11\/Jerry-Cala-6.jpg 590w, https:\/\/www.livemag.it\/wp-content\/uploads\/2024\/11\/Jerry-Cala-6-250x300.jpg 250w\" sizes=\"(max-width: 590px) 100vw, 590px\" \/><\/figure>\n<\/div>\n\n\n<p>Nonostante gli anni, Jerry \u00e8 sempre amatissimo dai giovani. Alla domanda su cosa attiri i ragazzi, Cal\u00e0 riflette:<\/p>\n\n\n\n<p>\u00ab<em>Il mio successo nei confronti dei giovani deriva dal fatto che ho avuto la fortuna di fare dei <strong>film che sono rimasti nel tempo<\/strong>, che ritrasmettono puntualmente sulle piattaforme e sulle reti televisive e che sono diventati dei cult<strong>. I giovani capiscono che quei film avevano qualcosa in pi\u00f9<\/strong>, che ci divertivamo di pi\u00f9 di oggi. I ragazzi questo lo percepiscono e quando vengono ai miei spettacoli cantano e <strong>conoscono tutte le mie canzoni<\/strong>, nonostante il salto generazionale.<\/em>\u00bb<\/p>\n\n\n\n<h3 class=\"wp-block-heading\">I progetti futuri di Jerry Cal\u00e0<\/h3>\n\n\n\n<p>Riguardo ai suoi progetti futuri, Jerry ha una nuova ambizione:<\/p>\n\n\n\n<p>\u00ab<em><strong>Mi piacerebbe interpretare personaggi non necessariamente comici<\/strong>. Con la mia nuova et\u00e0, con il mio nuovo aspetto e la mia maturit\u00e0, sarebbe bello recitare un ruolo interessante. Una<strong> fiction <\/strong>importante. \u00c8 ormai provato poi che gli attori comici possono cimentarsi brillantemente anche in <strong>parti drammatiche<\/strong>. Sono un comico che \u2013 sia chiaro \u2013 non ha nessun rimpianto per la carriera intrapresa. <strong>Mi piace far ridere la gente <\/strong>e mi piacerebbe semplicemente sperimentare strade diverse<\/em>.\u00bb<\/p>\n\n\n\n<h3 class=\"wp-block-heading\">Nessun rimpianto e un possibile libro<\/h3>\n\n\n\n<p>Alla domanda se c\u2019\u00e8 qualcosa che non rifarebbe, Jerry risponde:<\/p>\n\n\n\n<p>\u00ab<em><strong>Rifarei tutto<\/strong>, ogni cosa \u00e8 stata un\u2019importante esperienza di vita. \u201cU<strong>na vita di stent<\/strong>\u201d (quelli avuti dopo l\u2019infarto) sar\u00e0 probabilmente il mio prossimo libro.<\/em>\u00bb<\/p>\n\n\n\n<p>Con questa battuta, Jerry dimostra ancora una volta la sua capacit\u00e0 di condividere e sdrammatizzare, mantenendo la sua leggerezza anche di fronte alle sfide della vita.<\/p>\n\n\n\n<p><a href=\"https:\/\/www.instagram.com\/altomura\/00?hl=it\" target=\"_blank\" rel=\"noreferrer noopener\">A cura di Mario Altomura<\/a><br>Leggi anche: <a href=\"https:\/\/www.bollicinevip.com\/come-prevenire-e-combattere-il-mal-di-schiena-secondo-il-dott-andrea-foriglio\/\">Come prevenire e combattere il mal di schiena secondo il dott. Andrea Foriglio<\/a><\/p>\n","protected":false},"excerpt":{"rendered":"<p>La carriera e la comicit\u00e0 di Jerry Cal\u00e0: un\u2019icona italiana L\u2019inizio con &#8220;I Gatti di Vicolo Miracoli&#8221; Il sito web BollicineVip pubblica l&#8217;intervista con il leggendario e divertente comico, attore e regista Jerry Cal\u00e0, che ha raccontato il suo esordio nel mondo dello spettacolo con il gruppo &#8220;I Gatti di Vicolo Miracoli&#8221;. \u00abEsatto, ho cominciato [&hellip;]<\/p>\n","protected":false},"author":20,"featured_media":38536,"comment_status":"open","ping_status":"open","sticky":false,"template":"","format":"standard","meta":{"jnews-multi-image_gallery":[],"jnews_single_post":{"format":"standard"},"jnews_primary_category":[],"jnews_social_meta":[],"jnews_override_counter":[],"jnews_post_split":[],"footnotes":""},"categories":[9,3,2,83,24],"tags":[5259,5485,5484,2529,5468,5147,5471,2489,5473,2525,5472,1473,5469,4444,5474,5177,5475,2530,923,5467,5470,5476,4662,5480,5479,1338,3044,408,5482,5486,5477,3573,2104,5478,5483,396],"class_list":["post-38535","post","type-post","status-publish","format-standard","has-post-thumbnail","hentry","category-costume-e-societa","category-livenews","category-livepeople","category-livevip","category-prima-pagina","tag-anni-80","tag-anni-90","tag-antonio-fiorillo","tag-attore","tag-attori-comici","tag-band","tag-barbara-foria","tag-canzoni","tag-carlo-vanzina","tag-carriera","tag-chi-ha-rapito-jerry-cala","tag-cinema","tag-comicita","tag-comico","tag-commedia","tag-featured","tag-fiction","tag-film","tag-giovani","tag-gruppo-musicale","tag-i-gatti-di-vicolo-miracoli","tag-infarto","tag-jerry-cala","tag-malore","tag-napoletani","tag-napoli","tag-personaggio","tag-playboy","tag-regista","tag-sergio-assisi","tag-stent","tag-successi","tag-toto","tag-vacanze-di-natale","tag-vanzina","tag-vip"],"yoast_head":"<!-- This site is optimized with the Yoast SEO plugin v27.5 - https:\/\/yoast.com\/product\/yoast-seo-wordpress\/ -->\n<title>Bollicine Vip intervista l&#039;attore comico, regista e cantante Jerry Cal\u00e0<\/title>\n<meta name=\"description\" content=\"Abbiamo incontrato il leggendario e divertente comico, attore e regista Jerry Cal\u00e0, che ci ha raccontato il suo esordio nel mondo dello\" \/>\n<meta name=\"robots\" content=\"index, follow, max-snippet:-1, max-image-preview:large, max-video-preview:-1\" \/>\n<link rel=\"canonical\" href=\"https:\/\/www.livemag.it\/index.php\/2024\/11\/07\/bollicine-vip-intervista-lattore-comico-regista-e-cantante-jerry-cala\/\" \/>\n<meta property=\"og:locale\" content=\"it_IT\" \/>\n<meta property=\"og:type\" content=\"article\" \/>\n<meta property=\"og:title\" content=\"Bollicine Vip intervista l&#039;attore comico, regista e cantante Jerry Cal\u00e0\" \/>\n<meta property=\"og:description\" content=\"Abbiamo incontrato il leggendario e divertente comico, attore e regista Jerry Cal\u00e0, che ci ha raccontato il suo esordio nel mondo dello\" \/>\n<meta property=\"og:url\" content=\"https:\/\/www.livemag.it\/index.php\/2024\/11\/07\/bollicine-vip-intervista-lattore-comico-regista-e-cantante-jerry-cala\/\" \/>\n<meta property=\"og:site_name\" content=\"Live Magazine\" \/>\n<meta property=\"article:publisher\" content=\"https:\/\/www.facebook.com\/LiveMag\/\" \/>\n<meta property=\"article:published_time\" content=\"2024-11-07T10:02:43+00:00\" \/>\n<meta property=\"article:modified_time\" content=\"2024-11-07T10:18:05+00:00\" \/>\n<meta property=\"og:image\" content=\"https:\/\/www.livemag.it\/wp-content\/uploads\/2024\/11\/Jerry-Cala-3.jpg\" \/>\n\t<meta property=\"og:image:width\" content=\"824\" \/>\n\t<meta property=\"og:image:height\" content=\"531\" \/>\n\t<meta property=\"og:image:type\" content=\"image\/jpeg\" \/>\n<meta name=\"author\" content=\"Mario Altomura\" \/>\n<meta name=\"twitter:card\" content=\"summary_large_image\" \/>\n<meta name=\"twitter:creator\" content=\"@LiveNotizie\" \/>\n<meta name=\"twitter:site\" content=\"@LiveNotizie\" \/>\n<meta name=\"twitter:label1\" content=\"Scritto da\" \/>\n\t<meta name=\"twitter:data1\" content=\"Mario Altomura\" \/>\n\t<meta name=\"twitter:label2\" content=\"Tempo di lettura stimato\" \/>\n\t<meta name=\"twitter:data2\" content=\"5 minuti\" \/>\n<script type=\"application\/ld+json\" class=\"yoast-schema-graph\">{\"@context\":\"https:\\\/\\\/schema.org\",\"@graph\":[{\"@type\":\"Article\",\"@id\":\"https:\\\/\\\/www.livemag.it\\\/index.php\\\/2024\\\/11\\\/07\\\/bollicine-vip-intervista-lattore-comico-regista-e-cantante-jerry-cala\\\/#article\",\"isPartOf\":{\"@id\":\"https:\\\/\\\/www.livemag.it\\\/index.php\\\/2024\\\/11\\\/07\\\/bollicine-vip-intervista-lattore-comico-regista-e-cantante-jerry-cala\\\/\"},\"author\":{\"name\":\"Mario Altomura\",\"@id\":\"https:\\\/\\\/www.livemag.it\\\/#\\\/schema\\\/person\\\/cc097583ef7f4da9e9fe62e8b552ab72\"},\"headline\":\"Bollicine Vip intervista l&#8217;attore comico, regista e cantante Jerry Cal\u00e0\",\"datePublished\":\"2024-11-07T10:02:43+00:00\",\"dateModified\":\"2024-11-07T10:18:05+00:00\",\"mainEntityOfPage\":{\"@id\":\"https:\\\/\\\/www.livemag.it\\\/index.php\\\/2024\\\/11\\\/07\\\/bollicine-vip-intervista-lattore-comico-regista-e-cantante-jerry-cala\\\/\"},\"wordCount\":813,\"commentCount\":0,\"publisher\":{\"@id\":\"https:\\\/\\\/www.livemag.it\\\/#organization\"},\"image\":{\"@id\":\"https:\\\/\\\/www.livemag.it\\\/index.php\\\/2024\\\/11\\\/07\\\/bollicine-vip-intervista-lattore-comico-regista-e-cantante-jerry-cala\\\/#primaryimage\"},\"thumbnailUrl\":\"https:\\\/\\\/www.livemag.it\\\/wp-content\\\/uploads\\\/2024\\\/11\\\/Jerry-Cala-3.jpg\",\"keywords\":[\"anni \u201980\",\"anni 90\",\"Antonio Fiorillo\",\"attore\",\"attori comici\",\"band\",\"Barbara Foria\",\"canzoni\",\"Carlo Vanzina\",\"carriera\",\"Chi ha rapito Jerry Cal\u00e0\",\"cinema\",\"comicit\u00e0\",\"comico\",\"commedia\",\"Featured\",\"fiction\",\"film\",\"giovani\",\"gruppo musicale\",\"I Gatti di Vicolo Miracoli\",\"infarto\",\"Jerry Cal\u00e0\",\"malore\",\"napoletani\",\"napoli\",\"personaggio\",\"playboy\",\"REGISTA\",\"SERGIO ASSISI\",\"stent\",\"successi\",\"Toto\",\"Vacanze di Natale\",\"Vanzina\",\"vip\"],\"articleSection\":[\"Costume e Societ\u00e0\",\"LiveNews\",\"LivePeople\",\"LiveVIP\",\"Prima Pagina\"],\"inLanguage\":\"it-IT\",\"potentialAction\":[{\"@type\":\"CommentAction\",\"name\":\"Comment\",\"target\":[\"https:\\\/\\\/www.livemag.it\\\/index.php\\\/2024\\\/11\\\/07\\\/bollicine-vip-intervista-lattore-comico-regista-e-cantante-jerry-cala\\\/#respond\"]}]},{\"@type\":\"WebPage\",\"@id\":\"https:\\\/\\\/www.livemag.it\\\/index.php\\\/2024\\\/11\\\/07\\\/bollicine-vip-intervista-lattore-comico-regista-e-cantante-jerry-cala\\\/\",\"url\":\"https:\\\/\\\/www.livemag.it\\\/index.php\\\/2024\\\/11\\\/07\\\/bollicine-vip-intervista-lattore-comico-regista-e-cantante-jerry-cala\\\/\",\"name\":\"Bollicine Vip intervista l'attore comico, regista e cantante Jerry Cal\u00e0\",\"isPartOf\":{\"@id\":\"https:\\\/\\\/www.livemag.it\\\/#website\"},\"primaryImageOfPage\":{\"@id\":\"https:\\\/\\\/www.livemag.it\\\/index.php\\\/2024\\\/11\\\/07\\\/bollicine-vip-intervista-lattore-comico-regista-e-cantante-jerry-cala\\\/#primaryimage\"},\"image\":{\"@id\":\"https:\\\/\\\/www.livemag.it\\\/index.php\\\/2024\\\/11\\\/07\\\/bollicine-vip-intervista-lattore-comico-regista-e-cantante-jerry-cala\\\/#primaryimage\"},\"thumbnailUrl\":\"https:\\\/\\\/www.livemag.it\\\/wp-content\\\/uploads\\\/2024\\\/11\\\/Jerry-Cala-3.jpg\",\"datePublished\":\"2024-11-07T10:02:43+00:00\",\"dateModified\":\"2024-11-07T10:18:05+00:00\",\"description\":\"Abbiamo incontrato il leggendario e divertente comico, attore e regista Jerry Cal\u00e0, che ci ha raccontato il suo esordio nel mondo dello\",\"breadcrumb\":{\"@id\":\"https:\\\/\\\/www.livemag.it\\\/index.php\\\/2024\\\/11\\\/07\\\/bollicine-vip-intervista-lattore-comico-regista-e-cantante-jerry-cala\\\/#breadcrumb\"},\"inLanguage\":\"it-IT\",\"potentialAction\":[{\"@type\":\"ReadAction\",\"target\":[\"https:\\\/\\\/www.livemag.it\\\/index.php\\\/2024\\\/11\\\/07\\\/bollicine-vip-intervista-lattore-comico-regista-e-cantante-jerry-cala\\\/\"]}]},{\"@type\":\"ImageObject\",\"inLanguage\":\"it-IT\",\"@id\":\"https:\\\/\\\/www.livemag.it\\\/index.php\\\/2024\\\/11\\\/07\\\/bollicine-vip-intervista-lattore-comico-regista-e-cantante-jerry-cala\\\/#primaryimage\",\"url\":\"https:\\\/\\\/www.livemag.it\\\/wp-content\\\/uploads\\\/2024\\\/11\\\/Jerry-Cala-3.jpg\",\"contentUrl\":\"https:\\\/\\\/www.livemag.it\\\/wp-content\\\/uploads\\\/2024\\\/11\\\/Jerry-Cala-3.jpg\",\"width\":824,\"height\":531,\"caption\":\"Jerry Cal\u00e0 3\"},{\"@type\":\"BreadcrumbList\",\"@id\":\"https:\\\/\\\/www.livemag.it\\\/index.php\\\/2024\\\/11\\\/07\\\/bollicine-vip-intervista-lattore-comico-regista-e-cantante-jerry-cala\\\/#breadcrumb\",\"itemListElement\":[{\"@type\":\"ListItem\",\"position\":1,\"name\":\"Home\",\"item\":\"https:\\\/\\\/www.livemag.it\\\/\"},{\"@type\":\"ListItem\",\"position\":2,\"name\":\"Bollicine Vip intervista l&#8217;attore comico, regista e cantante Jerry Cal\u00e0\"}]},{\"@type\":\"WebSite\",\"@id\":\"https:\\\/\\\/www.livemag.it\\\/#website\",\"url\":\"https:\\\/\\\/www.livemag.it\\\/\",\"name\":\"Live Magazine\",\"description\":\"Varie ed eventi\",\"publisher\":{\"@id\":\"https:\\\/\\\/www.livemag.it\\\/#organization\"},\"potentialAction\":[{\"@type\":\"SearchAction\",\"target\":{\"@type\":\"EntryPoint\",\"urlTemplate\":\"https:\\\/\\\/www.livemag.it\\\/?s={search_term_string}\"},\"query-input\":{\"@type\":\"PropertyValueSpecification\",\"valueRequired\":true,\"valueName\":\"search_term_string\"}}],\"inLanguage\":\"it-IT\"},{\"@type\":\"Organization\",\"@id\":\"https:\\\/\\\/www.livemag.it\\\/#organization\",\"name\":\"LiveMag\",\"alternateName\":\"LiveMag News ed eventi\",\"url\":\"https:\\\/\\\/www.livemag.it\\\/\",\"logo\":{\"@type\":\"ImageObject\",\"inLanguage\":\"it-IT\",\"@id\":\"https:\\\/\\\/www.livemag.it\\\/#\\\/schema\\\/logo\\\/image\\\/\",\"url\":\"https:\\\/\\\/www.livemag.it\\\/wp-content\\\/uploads\\\/2024\\\/02\\\/immagine-sito.jpg\",\"contentUrl\":\"https:\\\/\\\/www.livemag.it\\\/wp-content\\\/uploads\\\/2024\\\/02\\\/immagine-sito.jpg\",\"width\":696,\"height\":696,\"caption\":\"LiveMag\"},\"image\":{\"@id\":\"https:\\\/\\\/www.livemag.it\\\/#\\\/schema\\\/logo\\\/image\\\/\"},\"sameAs\":[\"https:\\\/\\\/www.facebook.com\\\/LiveMag\\\/\",\"https:\\\/\\\/x.com\\\/LiveNotizie\",\"https:\\\/\\\/www.instagram.com\\\/livemag\\\/\"]},{\"@type\":\"Person\",\"@id\":\"https:\\\/\\\/www.livemag.it\\\/#\\\/schema\\\/person\\\/cc097583ef7f4da9e9fe62e8b552ab72\",\"name\":\"Mario Altomura\",\"image\":{\"@type\":\"ImageObject\",\"inLanguage\":\"it-IT\",\"@id\":\"https:\\\/\\\/secure.gravatar.com\\\/avatar\\\/3c7d3ce72a2bed6bab5e3681d59712a49247bdd227b4ef67de56814084f945dd?s=96&r=g\",\"url\":\"https:\\\/\\\/secure.gravatar.com\\\/avatar\\\/3c7d3ce72a2bed6bab5e3681d59712a49247bdd227b4ef67de56814084f945dd?s=96&r=g\",\"contentUrl\":\"https:\\\/\\\/secure.gravatar.com\\\/avatar\\\/3c7d3ce72a2bed6bab5e3681d59712a49247bdd227b4ef67de56814084f945dd?s=96&r=g\",\"caption\":\"Mario Altomura\"},\"description\":\"fotografo celebrity\",\"url\":\"https:\\\/\\\/www.livemag.it\\\/index.php\\\/author\\\/fabio-scarpati\\\/\"}]}<\/script>\n<!-- \/ Yoast SEO plugin. -->","yoast_head_json":{"title":"Bollicine Vip intervista l'attore comico, regista e cantante Jerry Cal\u00e0","description":"Abbiamo incontrato il leggendario e divertente comico, attore e regista Jerry Cal\u00e0, che ci ha raccontato il suo esordio nel mondo dello","robots":{"index":"index","follow":"follow","max-snippet":"max-snippet:-1","max-image-preview":"max-image-preview:large","max-video-preview":"max-video-preview:-1"},"canonical":"https:\/\/www.livemag.it\/index.php\/2024\/11\/07\/bollicine-vip-intervista-lattore-comico-regista-e-cantante-jerry-cala\/","og_locale":"it_IT","og_type":"article","og_title":"Bollicine Vip intervista l'attore comico, regista e cantante Jerry Cal\u00e0","og_description":"Abbiamo incontrato il leggendario e divertente comico, attore e regista Jerry Cal\u00e0, che ci ha raccontato il suo esordio nel mondo dello","og_url":"https:\/\/www.livemag.it\/index.php\/2024\/11\/07\/bollicine-vip-intervista-lattore-comico-regista-e-cantante-jerry-cala\/","og_site_name":"Live Magazine","article_publisher":"https:\/\/www.facebook.com\/LiveMag\/","article_published_time":"2024-11-07T10:02:43+00:00","article_modified_time":"2024-11-07T10:18:05+00:00","og_image":[{"width":824,"height":531,"url":"https:\/\/www.livemag.it\/wp-content\/uploads\/2024\/11\/Jerry-Cala-3.jpg","type":"image\/jpeg"}],"author":"Mario Altomura","twitter_card":"summary_large_image","twitter_creator":"@LiveNotizie","twitter_site":"@LiveNotizie","twitter_misc":{"Scritto da":"Mario Altomura","Tempo di lettura stimato":"5 minuti"},"schema":{"@context":"https:\/\/schema.org","@graph":[{"@type":"Article","@id":"https:\/\/www.livemag.it\/index.php\/2024\/11\/07\/bollicine-vip-intervista-lattore-comico-regista-e-cantante-jerry-cala\/#article","isPartOf":{"@id":"https:\/\/www.livemag.it\/index.php\/2024\/11\/07\/bollicine-vip-intervista-lattore-comico-regista-e-cantante-jerry-cala\/"},"author":{"name":"Mario Altomura","@id":"https:\/\/www.livemag.it\/#\/schema\/person\/cc097583ef7f4da9e9fe62e8b552ab72"},"headline":"Bollicine Vip intervista l&#8217;attore comico, regista e cantante Jerry Cal\u00e0","datePublished":"2024-11-07T10:02:43+00:00","dateModified":"2024-11-07T10:18:05+00:00","mainEntityOfPage":{"@id":"https:\/\/www.livemag.it\/index.php\/2024\/11\/07\/bollicine-vip-intervista-lattore-comico-regista-e-cantante-jerry-cala\/"},"wordCount":813,"commentCount":0,"publisher":{"@id":"https:\/\/www.livemag.it\/#organization"},"image":{"@id":"https:\/\/www.livemag.it\/index.php\/2024\/11\/07\/bollicine-vip-intervista-lattore-comico-regista-e-cantante-jerry-cala\/#primaryimage"},"thumbnailUrl":"https:\/\/www.livemag.it\/wp-content\/uploads\/2024\/11\/Jerry-Cala-3.jpg","keywords":["anni \u201980","anni 90","Antonio Fiorillo","attore","attori comici","band","Barbara Foria","canzoni","Carlo Vanzina","carriera","Chi ha rapito Jerry Cal\u00e0","cinema","comicit\u00e0","comico","commedia","Featured","fiction","film","giovani","gruppo musicale","I Gatti di Vicolo Miracoli","infarto","Jerry Cal\u00e0","malore","napoletani","napoli","personaggio","playboy","REGISTA","SERGIO ASSISI","stent","successi","Toto","Vacanze di Natale","Vanzina","vip"],"articleSection":["Costume e Societ\u00e0","LiveNews","LivePeople","LiveVIP","Prima Pagina"],"inLanguage":"it-IT","potentialAction":[{"@type":"CommentAction","name":"Comment","target":["https:\/\/www.livemag.it\/index.php\/2024\/11\/07\/bollicine-vip-intervista-lattore-comico-regista-e-cantante-jerry-cala\/#respond"]}]},{"@type":"WebPage","@id":"https:\/\/www.livemag.it\/index.php\/2024\/11\/07\/bollicine-vip-intervista-lattore-comico-regista-e-cantante-jerry-cala\/","url":"https:\/\/www.livemag.it\/index.php\/2024\/11\/07\/bollicine-vip-intervista-lattore-comico-regista-e-cantante-jerry-cala\/","name":"Bollicine Vip intervista l'attore comico, regista e cantante Jerry Cal\u00e0","isPartOf":{"@id":"https:\/\/www.livemag.it\/#website"},"primaryImageOfPage":{"@id":"https:\/\/www.livemag.it\/index.php\/2024\/11\/07\/bollicine-vip-intervista-lattore-comico-regista-e-cantante-jerry-cala\/#primaryimage"},"image":{"@id":"https:\/\/www.livemag.it\/index.php\/2024\/11\/07\/bollicine-vip-intervista-lattore-comico-regista-e-cantante-jerry-cala\/#primaryimage"},"thumbnailUrl":"https:\/\/www.livemag.it\/wp-content\/uploads\/2024\/11\/Jerry-Cala-3.jpg","datePublished":"2024-11-07T10:02:43+00:00","dateModified":"2024-11-07T10:18:05+00:00","description":"Abbiamo incontrato il leggendario e divertente comico, attore e regista Jerry Cal\u00e0, che ci ha raccontato il suo esordio nel mondo dello","breadcrumb":{"@id":"https:\/\/www.livemag.it\/index.php\/2024\/11\/07\/bollicine-vip-intervista-lattore-comico-regista-e-cantante-jerry-cala\/#breadcrumb"},"inLanguage":"it-IT","potentialAction":[{"@type":"ReadAction","target":["https:\/\/www.livemag.it\/index.php\/2024\/11\/07\/bollicine-vip-intervista-lattore-comico-regista-e-cantante-jerry-cala\/"]}]},{"@type":"ImageObject","inLanguage":"it-IT","@id":"https:\/\/www.livemag.it\/index.php\/2024\/11\/07\/bollicine-vip-intervista-lattore-comico-regista-e-cantante-jerry-cala\/#primaryimage","url":"https:\/\/www.livemag.it\/wp-content\/uploads\/2024\/11\/Jerry-Cala-3.jpg","contentUrl":"https:\/\/www.livemag.it\/wp-content\/uploads\/2024\/11\/Jerry-Cala-3.jpg","width":824,"height":531,"caption":"Jerry Cal\u00e0 3"},{"@type":"BreadcrumbList","@id":"https:\/\/www.livemag.it\/index.php\/2024\/11\/07\/bollicine-vip-intervista-lattore-comico-regista-e-cantante-jerry-cala\/#breadcrumb","itemListElement":[{"@type":"ListItem","position":1,"name":"Home","item":"https:\/\/www.livemag.it\/"},{"@type":"ListItem","position":2,"name":"Bollicine Vip intervista l&#8217;attore comico, regista e cantante Jerry Cal\u00e0"}]},{"@type":"WebSite","@id":"https:\/\/www.livemag.it\/#website","url":"https:\/\/www.livemag.it\/","name":"Live Magazine","description":"Varie ed eventi","publisher":{"@id":"https:\/\/www.livemag.it\/#organization"},"potentialAction":[{"@type":"SearchAction","target":{"@type":"EntryPoint","urlTemplate":"https:\/\/www.livemag.it\/?s={search_term_string}"},"query-input":{"@type":"PropertyValueSpecification","valueRequired":true,"valueName":"search_term_string"}}],"inLanguage":"it-IT"},{"@type":"Organization","@id":"https:\/\/www.livemag.it\/#organization","name":"LiveMag","alternateName":"LiveMag News ed eventi","url":"https:\/\/www.livemag.it\/","logo":{"@type":"ImageObject","inLanguage":"it-IT","@id":"https:\/\/www.livemag.it\/#\/schema\/logo\/image\/","url":"https:\/\/www.livemag.it\/wp-content\/uploads\/2024\/02\/immagine-sito.jpg","contentUrl":"https:\/\/www.livemag.it\/wp-content\/uploads\/2024\/02\/immagine-sito.jpg","width":696,"height":696,"caption":"LiveMag"},"image":{"@id":"https:\/\/www.livemag.it\/#\/schema\/logo\/image\/"},"sameAs":["https:\/\/www.facebook.com\/LiveMag\/","https:\/\/x.com\/LiveNotizie","https:\/\/www.instagram.com\/livemag\/"]},{"@type":"Person","@id":"https:\/\/www.livemag.it\/#\/schema\/person\/cc097583ef7f4da9e9fe62e8b552ab72","name":"Mario Altomura","image":{"@type":"ImageObject","inLanguage":"it-IT","@id":"https:\/\/secure.gravatar.com\/avatar\/3c7d3ce72a2bed6bab5e3681d59712a49247bdd227b4ef67de56814084f945dd?s=96&r=g","url":"https:\/\/secure.gravatar.com\/avatar\/3c7d3ce72a2bed6bab5e3681d59712a49247bdd227b4ef67de56814084f945dd?s=96&r=g","contentUrl":"https:\/\/secure.gravatar.com\/avatar\/3c7d3ce72a2bed6bab5e3681d59712a49247bdd227b4ef67de56814084f945dd?s=96&r=g","caption":"Mario Altomura"},"description":"fotografo celebrity","url":"https:\/\/www.livemag.it\/index.php\/author\/fabio-scarpati\/"}]}},"jetpack_featured_media_url":"https:\/\/www.livemag.it\/wp-content\/uploads\/2024\/11\/Jerry-Cala-3.jpg","_links":{"self":[{"href":"https:\/\/www.livemag.it\/index.php\/wp-json\/wp\/v2\/posts\/38535","targetHints":{"allow":["GET"]}}],"collection":[{"href":"https:\/\/www.livemag.it\/index.php\/wp-json\/wp\/v2\/posts"}],"about":[{"href":"https:\/\/www.livemag.it\/index.php\/wp-json\/wp\/v2\/types\/post"}],"author":[{"embeddable":true,"href":"https:\/\/www.livemag.it\/index.php\/wp-json\/wp\/v2\/users\/20"}],"replies":[{"embeddable":true,"href":"https:\/\/www.livemag.it\/index.php\/wp-json\/wp\/v2\/comments?post=38535"}],"version-history":[{"count":3,"href":"https:\/\/www.livemag.it\/index.php\/wp-json\/wp\/v2\/posts\/38535\/revisions"}],"predecessor-version":[{"id":38543,"href":"https:\/\/www.livemag.it\/index.php\/wp-json\/wp\/v2\/posts\/38535\/revisions\/38543"}],"wp:featuredmedia":[{"embeddable":true,"href":"https:\/\/www.livemag.it\/index.php\/wp-json\/wp\/v2\/media\/38536"}],"wp:attachment":[{"href":"https:\/\/www.livemag.it\/index.php\/wp-json\/wp\/v2\/media?parent=38535"}],"wp:term":[{"taxonomy":"category","embeddable":true,"href":"https:\/\/www.livemag.it\/index.php\/wp-json\/wp\/v2\/categories?post=38535"},{"taxonomy":"post_tag","embeddable":true,"href":"https:\/\/www.livemag.it\/index.php\/wp-json\/wp\/v2\/tags?post=38535"}],"curies":[{"name":"wp","href":"https:\/\/api.w.org\/{rel}","templated":true}]}}