{"id":37916,"date":"2024-10-28T11:42:29","date_gmt":"2024-10-28T10:42:29","guid":{"rendered":"https:\/\/www.livemag.it\/?p=37916"},"modified":"2024-10-28T11:42:46","modified_gmt":"2024-10-28T10:42:46","slug":"verona-ad-halloween-si-scatena-con-la-al-b-band","status":"publish","type":"post","link":"https:\/\/www.livemag.it\/index.php\/2024\/10\/28\/verona-ad-halloween-si-scatena-con-la-al-b-band\/","title":{"rendered":"Verona ad Halloween si scatena con la Al-B.Band"},"content":{"rendered":"\n<p>Verona ad Halloween si scatena con la Al-B.Band&#8230; Chi l&#8217;ha detto che per far festa, ballare e cantare ad Halloween sia necessario spendere una follia? &nbsp;La&nbsp;<strong>Al-B.Band&nbsp;<\/strong>di&nbsp;<strong>Alberto Salaorni<\/strong>&nbsp;e<strong>&nbsp;Davide Rossi<\/strong>&nbsp;suona live a <strong>Verona, dalle 21:30,<\/strong> nel grande palco di&nbsp;<strong>Forte Gisella<\/strong>&nbsp;(Via Mantovana 117), in un evento ad ingresso libero. <strong>E&#8217; Hallow&#8217;s Fort, Festival delle Lumere. <\/strong>Sono tre giorni di festival alla scoperta della cultura italiana delle Lumere, dedicato a grandi e piccini&#8230; che tra i tanti eventi il 31 ottobre &#8217;24 prevede appunto il concerto di un gruppo che fa cantare e ballare da sempre persone di ogni et\u00e0.&nbsp;<\/p>\n\n\n\n<p><strong>Verona ad Halloween si scatena con la Al-B.Band<\/strong><\/p>\n\n\n\n<p>Alberto Salaorni (voce e chitarra, nella foto in vespa) e Davide Rossi (basso, sul sidecar). Loro due, insieme ad altri musicisti sul palco, non propongono le hit del momento o i classici di Vasco e Ligabue. Fanno ballare e cantare con un repertorio davvero vario. &#8220;Suoniamo insieme da 25 anni&#8221;, raccontano. &#8220;Ogni sera l&#8217;emozione continua a scorrere ed \u00e8 quello che ci fa andare avanti&#8221;. In realt\u00e0 i due artisti il loro &#8216;anniversario in musica&#8217; lo festeggiamo ad ottobre 2024&#8230; ma perch\u00e9 non iniziare a celebrarlo qualche giorno prima?<\/p>\n\n\n\n<p>Alberto Salaorni, Davide Rossi dividono in questo periodo il palco con Andrea Mai (tastiere) Luca Modena (batteria) e pure con Matilde Grillo e Giulia Baldo, coriste d&#8217;eccezione, che salgono sul palco alternativamente.&nbsp;<\/p>\n\n\n\n<p><strong><a href=\"https:\/\/www.livemag.it\/index.php\/good-life\/\">Verona ad Halloween si scatena con la Al-B.Band<\/a><\/strong><\/p>\n\n\n\n<p><a href=\"https:\/\/www.instagram.com\/al_b.band\">https:\/\/www.instagram.com\/al_b.band<\/a><\/p>\n","protected":false},"excerpt":{"rendered":"<p>Verona ad Halloween si scatena con la Al-B.Band&#8230; Chi l&#8217;ha detto che per far festa, ballare e cantare ad Halloween sia necessario spendere una follia? &nbsp;La&nbsp;Al-B.Band&nbsp;di&nbsp;Alberto Salaorni&nbsp;e&nbsp;Davide Rossi&nbsp;suona live a Verona, dalle 21:30, nel grande palco di&nbsp;Forte Gisella&nbsp;(Via Mantovana 117), in un evento ad ingresso libero. E&#8217; Hallow&#8217;s Fort, Festival delle Lumere. Sono tre giorni [&hellip;]<\/p>\n","protected":false},"author":21,"featured_media":37917,"comment_status":"open","ping_status":"open","sticky":false,"template":"","format":"standard","meta":{"jnews-multi-image_gallery":[],"jnews_single_post":{"format":"standard"},"jnews_primary_category":[],"jnews_social_meta":[],"jnews_override_counter":[],"jnews_post_split":[],"footnotes":""},"categories":[1372],"tags":[1568,839],"class_list":["post-37916","post","type-post","status-publish","format-standard","has-post-thumbnail","hentry","category-good-life","tag-alberto-salaorni","tag-verona"],"yoast_head":"<!-- This site is optimized with the Yoast SEO plugin v27.5 - https:\/\/yoast.com\/product\/yoast-seo-wordpress\/ -->\n<title>Verona ad Halloween si scatena con la Al-B.Band - Live Magazine<\/title>\n<meta name=\"description\" content=\"Verona ad Halloween si scatena con la Al-B.Band... Chi l&#039;ha detto che per far festa, ballare e cantare ad Halloween sia\" \/>\n<meta name=\"robots\" content=\"index, follow, max-snippet:-1, max-image-preview:large, max-video-preview:-1\" \/>\n<link rel=\"canonical\" href=\"https:\/\/www.livemag.it\/index.php\/2024\/10\/28\/verona-ad-halloween-si-scatena-con-la-al-b-band\/\" \/>\n<meta property=\"og:locale\" content=\"it_IT\" \/>\n<meta property=\"og:type\" content=\"article\" \/>\n<meta property=\"og:title\" content=\"Verona ad Halloween si scatena con la Al-B.Band - Live Magazine\" \/>\n<meta property=\"og:description\" content=\"Verona ad Halloween si scatena con la Al-B.Band... Chi l&#039;ha detto che per far festa, ballare e cantare ad Halloween sia\" \/>\n<meta property=\"og:url\" content=\"https:\/\/www.livemag.it\/index.php\/2024\/10\/28\/verona-ad-halloween-si-scatena-con-la-al-b-band\/\" \/>\n<meta property=\"og:site_name\" content=\"Live Magazine\" \/>\n<meta property=\"article:publisher\" content=\"https:\/\/www.facebook.com\/LiveMag\/\" \/>\n<meta property=\"article:published_time\" content=\"2024-10-28T10:42:29+00:00\" \/>\n<meta property=\"article:modified_time\" content=\"2024-10-28T10:42:46+00:00\" \/>\n<meta property=\"og:image\" content=\"https:\/\/www.livemag.it\/wp-content\/uploads\/2024\/10\/Al-B-Band-728684.jpg\" \/>\n\t<meta property=\"og:image:width\" content=\"1304\" \/>\n\t<meta property=\"og:image:height\" content=\"836\" \/>\n\t<meta property=\"og:image:type\" content=\"image\/jpeg\" \/>\n<meta name=\"author\" content=\"Lorenzo Tiezzi\" \/>\n<meta name=\"twitter:card\" content=\"summary_large_image\" \/>\n<meta name=\"twitter:creator\" content=\"@LiveNotizie\" \/>\n<meta name=\"twitter:site\" content=\"@LiveNotizie\" \/>\n<meta name=\"twitter:label1\" content=\"Scritto da\" \/>\n\t<meta name=\"twitter:data1\" content=\"Lorenzo Tiezzi\" \/>\n\t<meta name=\"twitter:label2\" content=\"Tempo di lettura stimato\" \/>\n\t<meta name=\"twitter:data2\" content=\"2 minuti\" \/>\n<script type=\"application\/ld+json\" class=\"yoast-schema-graph\">{\"@context\":\"https:\\\/\\\/schema.org\",\"@graph\":[{\"@type\":\"Article\",\"@id\":\"https:\\\/\\\/www.livemag.it\\\/index.php\\\/2024\\\/10\\\/28\\\/verona-ad-halloween-si-scatena-con-la-al-b-band\\\/#article\",\"isPartOf\":{\"@id\":\"https:\\\/\\\/www.livemag.it\\\/index.php\\\/2024\\\/10\\\/28\\\/verona-ad-halloween-si-scatena-con-la-al-b-band\\\/\"},\"author\":{\"name\":\"Lorenzo Tiezzi\",\"@id\":\"https:\\\/\\\/www.livemag.it\\\/#\\\/schema\\\/person\\\/c6fe2dde14ae4517f823e167a12354b6\"},\"headline\":\"Verona ad Halloween si scatena con la Al-B.Band\",\"datePublished\":\"2024-10-28T10:42:29+00:00\",\"dateModified\":\"2024-10-28T10:42:46+00:00\",\"mainEntityOfPage\":{\"@id\":\"https:\\\/\\\/www.livemag.it\\\/index.php\\\/2024\\\/10\\\/28\\\/verona-ad-halloween-si-scatena-con-la-al-b-band\\\/\"},\"wordCount\":269,\"commentCount\":0,\"publisher\":{\"@id\":\"https:\\\/\\\/www.livemag.it\\\/#organization\"},\"image\":{\"@id\":\"https:\\\/\\\/www.livemag.it\\\/index.php\\\/2024\\\/10\\\/28\\\/verona-ad-halloween-si-scatena-con-la-al-b-band\\\/#primaryimage\"},\"thumbnailUrl\":\"https:\\\/\\\/www.livemag.it\\\/wp-content\\\/uploads\\\/2024\\\/10\\\/Al-B-Band-728684.jpg\",\"keywords\":[\"Alberto Salaorni\",\"verona\"],\"articleSection\":[\"Good Life\"],\"inLanguage\":\"it-IT\",\"potentialAction\":[{\"@type\":\"CommentAction\",\"name\":\"Comment\",\"target\":[\"https:\\\/\\\/www.livemag.it\\\/index.php\\\/2024\\\/10\\\/28\\\/verona-ad-halloween-si-scatena-con-la-al-b-band\\\/#respond\"]}]},{\"@type\":\"WebPage\",\"@id\":\"https:\\\/\\\/www.livemag.it\\\/index.php\\\/2024\\\/10\\\/28\\\/verona-ad-halloween-si-scatena-con-la-al-b-band\\\/\",\"url\":\"https:\\\/\\\/www.livemag.it\\\/index.php\\\/2024\\\/10\\\/28\\\/verona-ad-halloween-si-scatena-con-la-al-b-band\\\/\",\"name\":\"Verona ad Halloween si scatena con la Al-B.Band - Live Magazine\",\"isPartOf\":{\"@id\":\"https:\\\/\\\/www.livemag.it\\\/#website\"},\"primaryImageOfPage\":{\"@id\":\"https:\\\/\\\/www.livemag.it\\\/index.php\\\/2024\\\/10\\\/28\\\/verona-ad-halloween-si-scatena-con-la-al-b-band\\\/#primaryimage\"},\"image\":{\"@id\":\"https:\\\/\\\/www.livemag.it\\\/index.php\\\/2024\\\/10\\\/28\\\/verona-ad-halloween-si-scatena-con-la-al-b-band\\\/#primaryimage\"},\"thumbnailUrl\":\"https:\\\/\\\/www.livemag.it\\\/wp-content\\\/uploads\\\/2024\\\/10\\\/Al-B-Band-728684.jpg\",\"datePublished\":\"2024-10-28T10:42:29+00:00\",\"dateModified\":\"2024-10-28T10:42:46+00:00\",\"description\":\"Verona ad Halloween si scatena con la Al-B.Band... Chi l'ha detto che per far festa, ballare e cantare ad Halloween sia\",\"breadcrumb\":{\"@id\":\"https:\\\/\\\/www.livemag.it\\\/index.php\\\/2024\\\/10\\\/28\\\/verona-ad-halloween-si-scatena-con-la-al-b-band\\\/#breadcrumb\"},\"inLanguage\":\"it-IT\",\"potentialAction\":[{\"@type\":\"ReadAction\",\"target\":[\"https:\\\/\\\/www.livemag.it\\\/index.php\\\/2024\\\/10\\\/28\\\/verona-ad-halloween-si-scatena-con-la-al-b-band\\\/\"]}]},{\"@type\":\"ImageObject\",\"inLanguage\":\"it-IT\",\"@id\":\"https:\\\/\\\/www.livemag.it\\\/index.php\\\/2024\\\/10\\\/28\\\/verona-ad-halloween-si-scatena-con-la-al-b-band\\\/#primaryimage\",\"url\":\"https:\\\/\\\/www.livemag.it\\\/wp-content\\\/uploads\\\/2024\\\/10\\\/Al-B-Band-728684.jpg\",\"contentUrl\":\"https:\\\/\\\/www.livemag.it\\\/wp-content\\\/uploads\\\/2024\\\/10\\\/Al-B-Band-728684.jpg\",\"width\":1304,\"height\":836},{\"@type\":\"BreadcrumbList\",\"@id\":\"https:\\\/\\\/www.livemag.it\\\/index.php\\\/2024\\\/10\\\/28\\\/verona-ad-halloween-si-scatena-con-la-al-b-band\\\/#breadcrumb\",\"itemListElement\":[{\"@type\":\"ListItem\",\"position\":1,\"name\":\"Home\",\"item\":\"https:\\\/\\\/www.livemag.it\\\/\"},{\"@type\":\"ListItem\",\"position\":2,\"name\":\"Verona ad Halloween si scatena con la Al-B.Band\"}]},{\"@type\":\"WebSite\",\"@id\":\"https:\\\/\\\/www.livemag.it\\\/#website\",\"url\":\"https:\\\/\\\/www.livemag.it\\\/\",\"name\":\"Live Magazine\",\"description\":\"Varie ed eventi\",\"publisher\":{\"@id\":\"https:\\\/\\\/www.livemag.it\\\/#organization\"},\"potentialAction\":[{\"@type\":\"SearchAction\",\"target\":{\"@type\":\"EntryPoint\",\"urlTemplate\":\"https:\\\/\\\/www.livemag.it\\\/?s={search_term_string}\"},\"query-input\":{\"@type\":\"PropertyValueSpecification\",\"valueRequired\":true,\"valueName\":\"search_term_string\"}}],\"inLanguage\":\"it-IT\"},{\"@type\":\"Organization\",\"@id\":\"https:\\\/\\\/www.livemag.it\\\/#organization\",\"name\":\"LiveMag\",\"alternateName\":\"LiveMag News ed eventi\",\"url\":\"https:\\\/\\\/www.livemag.it\\\/\",\"logo\":{\"@type\":\"ImageObject\",\"inLanguage\":\"it-IT\",\"@id\":\"https:\\\/\\\/www.livemag.it\\\/#\\\/schema\\\/logo\\\/image\\\/\",\"url\":\"https:\\\/\\\/www.livemag.it\\\/wp-content\\\/uploads\\\/2024\\\/02\\\/immagine-sito.jpg\",\"contentUrl\":\"https:\\\/\\\/www.livemag.it\\\/wp-content\\\/uploads\\\/2024\\\/02\\\/immagine-sito.jpg\",\"width\":696,\"height\":696,\"caption\":\"LiveMag\"},\"image\":{\"@id\":\"https:\\\/\\\/www.livemag.it\\\/#\\\/schema\\\/logo\\\/image\\\/\"},\"sameAs\":[\"https:\\\/\\\/www.facebook.com\\\/LiveMag\\\/\",\"https:\\\/\\\/x.com\\\/LiveNotizie\",\"https:\\\/\\\/www.instagram.com\\\/livemag\\\/\"]},{\"@type\":\"Person\",\"@id\":\"https:\\\/\\\/www.livemag.it\\\/#\\\/schema\\\/person\\\/c6fe2dde14ae4517f823e167a12354b6\",\"name\":\"Lorenzo Tiezzi\",\"image\":{\"@type\":\"ImageObject\",\"inLanguage\":\"it-IT\",\"@id\":\"https:\\\/\\\/secure.gravatar.com\\\/avatar\\\/055a51cbe21ba6c03af667c75f797ec8642fe78050e8602547fec943f6500144?s=96&r=g\",\"url\":\"https:\\\/\\\/secure.gravatar.com\\\/avatar\\\/055a51cbe21ba6c03af667c75f797ec8642fe78050e8602547fec943f6500144?s=96&r=g\",\"contentUrl\":\"https:\\\/\\\/secure.gravatar.com\\\/avatar\\\/055a51cbe21ba6c03af667c75f797ec8642fe78050e8602547fec943f6500144?s=96&r=g\",\"caption\":\"Lorenzo Tiezzi\"},\"description\":\"giornalista, press office, pr\",\"url\":\"https:\\\/\\\/www.livemag.it\\\/index.php\\\/author\\\/lorenzo-tiezzi\\\/\"}]}<\/script>\n<!-- \/ Yoast SEO plugin. -->","yoast_head_json":{"title":"Verona ad Halloween si scatena con la Al-B.Band - Live Magazine","description":"Verona ad Halloween si scatena con la Al-B.Band... Chi l'ha detto che per far festa, ballare e cantare ad Halloween sia","robots":{"index":"index","follow":"follow","max-snippet":"max-snippet:-1","max-image-preview":"max-image-preview:large","max-video-preview":"max-video-preview:-1"},"canonical":"https:\/\/www.livemag.it\/index.php\/2024\/10\/28\/verona-ad-halloween-si-scatena-con-la-al-b-band\/","og_locale":"it_IT","og_type":"article","og_title":"Verona ad Halloween si scatena con la Al-B.Band - Live Magazine","og_description":"Verona ad Halloween si scatena con la Al-B.Band... Chi l'ha detto che per far festa, ballare e cantare ad Halloween sia","og_url":"https:\/\/www.livemag.it\/index.php\/2024\/10\/28\/verona-ad-halloween-si-scatena-con-la-al-b-band\/","og_site_name":"Live Magazine","article_publisher":"https:\/\/www.facebook.com\/LiveMag\/","article_published_time":"2024-10-28T10:42:29+00:00","article_modified_time":"2024-10-28T10:42:46+00:00","og_image":[{"width":1304,"height":836,"url":"https:\/\/www.livemag.it\/wp-content\/uploads\/2024\/10\/Al-B-Band-728684.jpg","type":"image\/jpeg"}],"author":"Lorenzo Tiezzi","twitter_card":"summary_large_image","twitter_creator":"@LiveNotizie","twitter_site":"@LiveNotizie","twitter_misc":{"Scritto da":"Lorenzo Tiezzi","Tempo di lettura stimato":"2 minuti"},"schema":{"@context":"https:\/\/schema.org","@graph":[{"@type":"Article","@id":"https:\/\/www.livemag.it\/index.php\/2024\/10\/28\/verona-ad-halloween-si-scatena-con-la-al-b-band\/#article","isPartOf":{"@id":"https:\/\/www.livemag.it\/index.php\/2024\/10\/28\/verona-ad-halloween-si-scatena-con-la-al-b-band\/"},"author":{"name":"Lorenzo Tiezzi","@id":"https:\/\/www.livemag.it\/#\/schema\/person\/c6fe2dde14ae4517f823e167a12354b6"},"headline":"Verona ad Halloween si scatena con la Al-B.Band","datePublished":"2024-10-28T10:42:29+00:00","dateModified":"2024-10-28T10:42:46+00:00","mainEntityOfPage":{"@id":"https:\/\/www.livemag.it\/index.php\/2024\/10\/28\/verona-ad-halloween-si-scatena-con-la-al-b-band\/"},"wordCount":269,"commentCount":0,"publisher":{"@id":"https:\/\/www.livemag.it\/#organization"},"image":{"@id":"https:\/\/www.livemag.it\/index.php\/2024\/10\/28\/verona-ad-halloween-si-scatena-con-la-al-b-band\/#primaryimage"},"thumbnailUrl":"https:\/\/www.livemag.it\/wp-content\/uploads\/2024\/10\/Al-B-Band-728684.jpg","keywords":["Alberto Salaorni","verona"],"articleSection":["Good Life"],"inLanguage":"it-IT","potentialAction":[{"@type":"CommentAction","name":"Comment","target":["https:\/\/www.livemag.it\/index.php\/2024\/10\/28\/verona-ad-halloween-si-scatena-con-la-al-b-band\/#respond"]}]},{"@type":"WebPage","@id":"https:\/\/www.livemag.it\/index.php\/2024\/10\/28\/verona-ad-halloween-si-scatena-con-la-al-b-band\/","url":"https:\/\/www.livemag.it\/index.php\/2024\/10\/28\/verona-ad-halloween-si-scatena-con-la-al-b-band\/","name":"Verona ad Halloween si scatena con la Al-B.Band - Live Magazine","isPartOf":{"@id":"https:\/\/www.livemag.it\/#website"},"primaryImageOfPage":{"@id":"https:\/\/www.livemag.it\/index.php\/2024\/10\/28\/verona-ad-halloween-si-scatena-con-la-al-b-band\/#primaryimage"},"image":{"@id":"https:\/\/www.livemag.it\/index.php\/2024\/10\/28\/verona-ad-halloween-si-scatena-con-la-al-b-band\/#primaryimage"},"thumbnailUrl":"https:\/\/www.livemag.it\/wp-content\/uploads\/2024\/10\/Al-B-Band-728684.jpg","datePublished":"2024-10-28T10:42:29+00:00","dateModified":"2024-10-28T10:42:46+00:00","description":"Verona ad Halloween si scatena con la Al-B.Band... Chi l'ha detto che per far festa, ballare e cantare ad Halloween sia","breadcrumb":{"@id":"https:\/\/www.livemag.it\/index.php\/2024\/10\/28\/verona-ad-halloween-si-scatena-con-la-al-b-band\/#breadcrumb"},"inLanguage":"it-IT","potentialAction":[{"@type":"ReadAction","target":["https:\/\/www.livemag.it\/index.php\/2024\/10\/28\/verona-ad-halloween-si-scatena-con-la-al-b-band\/"]}]},{"@type":"ImageObject","inLanguage":"it-IT","@id":"https:\/\/www.livemag.it\/index.php\/2024\/10\/28\/verona-ad-halloween-si-scatena-con-la-al-b-band\/#primaryimage","url":"https:\/\/www.livemag.it\/wp-content\/uploads\/2024\/10\/Al-B-Band-728684.jpg","contentUrl":"https:\/\/www.livemag.it\/wp-content\/uploads\/2024\/10\/Al-B-Band-728684.jpg","width":1304,"height":836},{"@type":"BreadcrumbList","@id":"https:\/\/www.livemag.it\/index.php\/2024\/10\/28\/verona-ad-halloween-si-scatena-con-la-al-b-band\/#breadcrumb","itemListElement":[{"@type":"ListItem","position":1,"name":"Home","item":"https:\/\/www.livemag.it\/"},{"@type":"ListItem","position":2,"name":"Verona ad Halloween si scatena con la Al-B.Band"}]},{"@type":"WebSite","@id":"https:\/\/www.livemag.it\/#website","url":"https:\/\/www.livemag.it\/","name":"Live Magazine","description":"Varie ed eventi","publisher":{"@id":"https:\/\/www.livemag.it\/#organization"},"potentialAction":[{"@type":"SearchAction","target":{"@type":"EntryPoint","urlTemplate":"https:\/\/www.livemag.it\/?s={search_term_string}"},"query-input":{"@type":"PropertyValueSpecification","valueRequired":true,"valueName":"search_term_string"}}],"inLanguage":"it-IT"},{"@type":"Organization","@id":"https:\/\/www.livemag.it\/#organization","name":"LiveMag","alternateName":"LiveMag News ed eventi","url":"https:\/\/www.livemag.it\/","logo":{"@type":"ImageObject","inLanguage":"it-IT","@id":"https:\/\/www.livemag.it\/#\/schema\/logo\/image\/","url":"https:\/\/www.livemag.it\/wp-content\/uploads\/2024\/02\/immagine-sito.jpg","contentUrl":"https:\/\/www.livemag.it\/wp-content\/uploads\/2024\/02\/immagine-sito.jpg","width":696,"height":696,"caption":"LiveMag"},"image":{"@id":"https:\/\/www.livemag.it\/#\/schema\/logo\/image\/"},"sameAs":["https:\/\/www.facebook.com\/LiveMag\/","https:\/\/x.com\/LiveNotizie","https:\/\/www.instagram.com\/livemag\/"]},{"@type":"Person","@id":"https:\/\/www.livemag.it\/#\/schema\/person\/c6fe2dde14ae4517f823e167a12354b6","name":"Lorenzo Tiezzi","image":{"@type":"ImageObject","inLanguage":"it-IT","@id":"https:\/\/secure.gravatar.com\/avatar\/055a51cbe21ba6c03af667c75f797ec8642fe78050e8602547fec943f6500144?s=96&r=g","url":"https:\/\/secure.gravatar.com\/avatar\/055a51cbe21ba6c03af667c75f797ec8642fe78050e8602547fec943f6500144?s=96&r=g","contentUrl":"https:\/\/secure.gravatar.com\/avatar\/055a51cbe21ba6c03af667c75f797ec8642fe78050e8602547fec943f6500144?s=96&r=g","caption":"Lorenzo Tiezzi"},"description":"giornalista, press office, pr","url":"https:\/\/www.livemag.it\/index.php\/author\/lorenzo-tiezzi\/"}]}},"jetpack_featured_media_url":"https:\/\/www.livemag.it\/wp-content\/uploads\/2024\/10\/Al-B-Band-728684.jpg","_links":{"self":[{"href":"https:\/\/www.livemag.it\/index.php\/wp-json\/wp\/v2\/posts\/37916","targetHints":{"allow":["GET"]}}],"collection":[{"href":"https:\/\/www.livemag.it\/index.php\/wp-json\/wp\/v2\/posts"}],"about":[{"href":"https:\/\/www.livemag.it\/index.php\/wp-json\/wp\/v2\/types\/post"}],"author":[{"embeddable":true,"href":"https:\/\/www.livemag.it\/index.php\/wp-json\/wp\/v2\/users\/21"}],"replies":[{"embeddable":true,"href":"https:\/\/www.livemag.it\/index.php\/wp-json\/wp\/v2\/comments?post=37916"}],"version-history":[{"count":1,"href":"https:\/\/www.livemag.it\/index.php\/wp-json\/wp\/v2\/posts\/37916\/revisions"}],"predecessor-version":[{"id":37918,"href":"https:\/\/www.livemag.it\/index.php\/wp-json\/wp\/v2\/posts\/37916\/revisions\/37918"}],"wp:featuredmedia":[{"embeddable":true,"href":"https:\/\/www.livemag.it\/index.php\/wp-json\/wp\/v2\/media\/37917"}],"wp:attachment":[{"href":"https:\/\/www.livemag.it\/index.php\/wp-json\/wp\/v2\/media?parent=37916"}],"wp:term":[{"taxonomy":"category","embeddable":true,"href":"https:\/\/www.livemag.it\/index.php\/wp-json\/wp\/v2\/categories?post=37916"},{"taxonomy":"post_tag","embeddable":true,"href":"https:\/\/www.livemag.it\/index.php\/wp-json\/wp\/v2\/tags?post=37916"}],"curies":[{"name":"wp","href":"https:\/\/api.w.org\/{rel}","templated":true}]}}