{"id":37108,"date":"2024-10-16T21:04:59","date_gmt":"2024-10-16T19:04:59","guid":{"rendered":"https:\/\/www.livemag.it\/index.php\/2024\/10\/16\/90-anni-consorzio-parmigiano-reggiano-evento-a-parma-con-mattarella\/"},"modified":"2024-10-16T21:04:59","modified_gmt":"2024-10-16T19:04:59","slug":"90-anni-consorzio-parmigiano-reggiano-evento-a-parma-con-mattarella","status":"publish","type":"post","link":"https:\/\/www.livemag.it\/index.php\/2024\/10\/16\/90-anni-consorzio-parmigiano-reggiano-evento-a-parma-con-mattarella\/","title":{"rendered":"90 anni Consorzio Parmigiano Reggiano, evento a Parma con Mattarella"},"content":{"rendered":"<div>\n<p>PARMA (ITALPRESS) \u2013 Mercoled\u00ec 16 ottobre, il Consorzio del Parmigiano Reggiano ha celebrato il 90\u00b0 anniversario della fondazione con una serata speciale al Teatro Regio di Parma \u201calla pregiatissima presenza di Sergio Mattarella, presidente della Repubblica Italiana, a riconoscimento dell\u2019importanza della Dop come prodotto fondante del patrimonio italiano e del valore dell\u2019opera di chi ogni giorno partecipa alla sua creazione\u201d, si legge in una nota. L\u2019evento, dal titolo 7 battiti, 90 anni di futuro, con la conduzione di Federico Quaranta, popolare personaggio televisivo e radiofonico della Rai, non \u00e8 stato solo un momento per celebrare l\u2019importante ricorrenza con tutti i caseifici soci, gli operatori della filiera, le autorit\u00e0 locali, i media nazionali e le rappresentanze degli enti economici della zona di origine, ma anche un\u2019occasione per presentare due importanti progetti che saranno punti di riferimento per il futuro del Consorzio: l\u2019Archivio storico digitale e la nuova Identit\u00e0 sonora del Parmigiano Reggiano. Nell\u2019arco della serata la Gerardo Di Lella Grand O\u2019rchestra ha suonato le note di alcune delle musiche pi\u00f9 emblematiche che hanno fatto la storia degli ultimi 90 anni, dalle colonne sonore dei capolavori di Federico Fellini e Franco Zeffirelli a canzoni rappresentative della musica pop quali Figli delle stelle di Alan Sorrenti e Con te partir\u00f2 di Andrea Bocelli. Dopo la consegna del dono \u201cColtello d\u2019oro\u201d al Presidente della Repubblica, una rappresentazione di alta oreficeria italiana realizzata in oro dell\u2019iconico coltello a mandorla utilizzato per l\u2019apertura della forma e per scagliare il formaggio, l\u2019evento si \u00e8 concluso con una cena presso il Complesso Monumentale della Pilotta.<br \/>L\u2019Archivio storico digitale del Consorzio del Parmigiano Reggiano racchiude un patrimonio di materiali costituito da oltre 1.500 fotografie, 200 video, 3.000 documenti tra cui i verbali dei Consigli di amministrazione, rassegne stampa, pubblicazioni, disegni e illustrazioni, oggetti e merchandising. L\u2019archivio include anche la storia della comunicazione del Consorzio, dai Caroselli dei primi anni Sessanta con protagonisti Giorgio Gaber e Francesco Mul\u00e8, fino alle campagne televisive e i manifesti pubblicitari. Sono inoltre disponibili le testimonianze della partecipazione del Consorzio alle Esposizioni internazionali di Parigi e New York negli anni Trenta. Un lavoro di ricerca e digitalizzazione importante, realizzato dall\u2019azienda italiana Promemoria Group, che rende accessibili questi materiali a tutti coloro che vorranno approfondire la conoscenza di un prodotto che fa parte della vita di ogni italiano, per preservarne l\u2019eredit\u00e0 e tenere memoria delle origini e delle tappe pi\u00f9 significative della storia della Dop. Per accedere all\u2019Archivio, basta andare sul sito: https:\/\/archiviostorico.parmigianoreggiano.com\/it <br \/>L\u2019Identit\u00e0 sonora del Parmigiano Reggiano, realizzata dall\u2019agenzia italiana di audio branding BrandMozart e suonata in anteprima durante la serata, \u00e8 un brano dal titolo 7 battiti che intende sottolineare come non solo il gusto, ma anche il suono abbiano caratterizzato da sempre la storia del Parmigiano Reggiano attraverso il rituale della \u201cbattitura\u201d: il controllo di ogni singola forma per verificare la qualit\u00e0 del prodotto a opera di esperti denominati \u201cbattitori\u201d mediante il tipico martelletto. Il tema principale, comprensibile e piacevole per simboleggiare la semplicit\u00e0, genuinit\u00e0 e bont\u00e0 della Dop, \u00e8 inteso a rappresentare lo sguardo del Parmigiano Reggiano, rivolto all\u2019indietro per non dimenticare le proprie origini millenarie e mantenere salda l\u2019ancora delle tradizioni e della qualit\u00e0, ma contemporaneamente proiettato nel futuro.<br \/>La serata \u00e8 stata anche un\u2019occasione per riflettere sull\u2019importanza sociale del Parmigiano Reggiano. La Dop \u00e8 infatti una risorsa economica che alimenta consumi per oltre 3 miliardi di euro all\u2019anno, con 292 caseifici produttori, oltre 2.100 allevatori e conferenti latte, e una filiera produttiva che coinvolge oltre 50.000 persone. Il Parmigiano Reggiano \u00e8 anche un baluardo della sostenibilit\u00e0 sociale, dato che contribuisce a fortificare l\u2019economia e a preservare l\u2019unicit\u00e0 della dorsale appenninica emiliana, ed \u00e8 il pi\u00f9 importante prodotto Dop ottenuto in montagna. Basti pensare che oltre il 21% della produzione totale, circa 861.000 forme, si \u00e8 concentrata negli 83 caseifici di montagna, che impiegano oltre 800 allevatori. Ci\u00f2 ha reso possibile il mantenimento di un\u2019agricoltura in zone altrimenti abbandonate, invertendo una tendenza di decrescita che aveva colpito il comparto fino al 2014, e ha contribuito allo sviluppo di una societ\u00e0 modernamente agricola e di un paesaggio riconoscibile e apprezzato sia dai suoi abitanti, sia dal circuito del turismo di qualit\u00e0. Inoltre, il Consorzio \u00e8 da sempre un attore in prima fila nella promozione delle Indicazioni geografiche come strumento di sviluppo del settore agroalimentare in Europa, a partire dalla conferenza di Stresa del 1951 fino alla stesura dei recenti regolamenti comunitari sulle Indicazioni geografiche. Oggi il Consorzio costituisce un modello di cooperazione per la gestione del bene comune legato all\u2019IG studiato e imitato da tantissime comunit\u00e0 italiane ed estere.<br \/>\u201cSiamo fieri che il Presidente della Repubblica ci abbia onorato della sua presenza in questa serata che non \u00e8 solo una ricorrenza, ma un\u2019occasione per rivivere insieme quella che \u00e8 stata la nostra storia e scrivere insieme le pagine del nostro futuro\u201d, ha dichiarato Nicola Bertinelli, presidente del Consorzio del Parmigiano Reggiano. \u201cIl Consorzio fu fondato il 27 luglio 1934 da 28 produttori animati da una formidabile intuizione: quella di raggiungere obiettivi irraggiungibili dai singoli, grazie all\u2019azione comune. Questo \u00e8 il perno della nostra storia, il saper \u201cfare insieme\u201d che ha legato i produttori della comunit\u00e0 del Parmigiano Reggiano e ci ha permesso di attraversare e superare le grandi sfide della storia del nostro Paese: dalla Seconda guerra mondiale alla ricostruzione del Dopoguerra; dal terremoto in Emilia del 2012 al Covid. Questo \u00e8 il pi\u00f9 grande insegnamento che viene dal passato e che deve ora guidarci verso gli anni a venire. Questa sera abbiamo preso un impegno, a nome di tutti i produttori e lavoratori della nostra comunit\u00e0, dinnanzi al Presidente della Repubblica: quello di affrontare le sfide di oggi e del futuro con rinnovata convinzione nella nostra azione basata sul \u201cfare insieme\u201d, che ci ha premiato fino ad oggi. Consapevoli che questa non \u00e8 solo un\u2019opportunit\u00e0 per tutti noi, ma anche una responsabilit\u00e0 per il ruolo di portabandiera e di esempio che ricopriamo per una parte assolutamente rilevante di imprese, lavoratori e cittadini italiani. Un ruolo che eserciteremo con un\u2019attenzione particolare agli aspetti che ci stanno pi\u00f9 a cuore: il rispetto per il territorio, la sostenibilit\u00e0 ambientale e sociale, l\u2019attenzione maniacale alla qualit\u00e0 che contraddistingue da sempre il nostro prodotto. Evviva il Parmigiano Reggiano!\u201d.<\/p>\n<p>\u2013 Foto ufficio stampa Consorzio Parmigiano Reggiano \u2013<\/p>\n<p>(ITALPRESS).<\/p>\n<\/div>\n","protected":false},"excerpt":{"rendered":"<p>PARMA (ITALPRESS) \u2013 Mercoled\u00ec 16 ottobre, il Consorzio del Parmigiano Reggiano ha celebrato il 90\u00b0 anniversario della fondazione con una serata speciale al Teatro Regio di Parma \u201calla pregiatissima presenza di Sergio Mattarella, presidente della Repubblica Italiana, a riconoscimento dell\u2019importanza della Dop come prodotto fondante del patrimonio italiano e del valore dell\u2019opera di chi ogni [&hellip;]<\/p>\n","protected":false},"author":16,"featured_media":37109,"comment_status":"closed","ping_status":"closed","sticky":false,"template":"","format":"standard","meta":{"jnews-multi-image_gallery":[],"jnews_single_post":[],"jnews_primary_category":[],"jnews_social_meta":[],"jnews_override_counter":[],"jnews_post_split":[],"footnotes":""},"categories":[1129],"tags":[],"class_list":["post-37108","post","type-post","status-publish","format-standard","has-post-thumbnail","hentry","category-mondo"],"yoast_head":"<!-- This site is optimized with the Yoast SEO plugin v27.5 - https:\/\/yoast.com\/product\/yoast-seo-wordpress\/ -->\n<title>90 anni Consorzio Parmigiano Reggiano, evento a Parma con Mattarella - Live Magazine<\/title>\n<meta name=\"robots\" content=\"index, follow, max-snippet:-1, max-image-preview:large, max-video-preview:-1\" \/>\n<link rel=\"canonical\" href=\"https:\/\/www.livemag.it\/index.php\/2024\/10\/16\/90-anni-consorzio-parmigiano-reggiano-evento-a-parma-con-mattarella\/\" \/>\n<meta property=\"og:locale\" content=\"it_IT\" \/>\n<meta property=\"og:type\" content=\"article\" \/>\n<meta property=\"og:title\" content=\"90 anni Consorzio Parmigiano Reggiano, evento a Parma con Mattarella - Live Magazine\" \/>\n<meta property=\"og:description\" content=\"PARMA (ITALPRESS) \u2013 Mercoled\u00ec 16 ottobre, il Consorzio del Parmigiano Reggiano ha celebrato il 90\u00b0 anniversario della fondazione con una serata speciale al Teatro Regio di Parma \u201calla pregiatissima presenza di Sergio Mattarella, presidente della Repubblica Italiana, a riconoscimento dell\u2019importanza della Dop come prodotto fondante del patrimonio italiano e del valore dell\u2019opera di chi ogni [&hellip;]\" \/>\n<meta property=\"og:url\" content=\"https:\/\/www.livemag.it\/index.php\/2024\/10\/16\/90-anni-consorzio-parmigiano-reggiano-evento-a-parma-con-mattarella\/\" \/>\n<meta property=\"og:site_name\" content=\"Live Magazine\" \/>\n<meta property=\"article:publisher\" content=\"https:\/\/www.facebook.com\/LiveMag\/\" \/>\n<meta property=\"article:published_time\" content=\"2024-10-16T19:04:59+00:00\" \/>\n<meta property=\"og:image\" content=\"https:\/\/www.livemag.it\/wp-content\/uploads\/2024\/02\/ograph.jpg\" \/>\n\t<meta property=\"og:image:width\" content=\"1200\" \/>\n\t<meta property=\"og:image:height\" content=\"675\" \/>\n\t<meta property=\"og:image:type\" content=\"image\/jpeg\" \/>\n<meta name=\"author\" content=\"italpress\" \/>\n<meta name=\"twitter:card\" content=\"summary_large_image\" \/>\n<meta name=\"twitter:creator\" content=\"@LiveNotizie\" \/>\n<meta name=\"twitter:site\" content=\"@LiveNotizie\" \/>\n<meta name=\"twitter:label1\" content=\"Scritto da\" \/>\n\t<meta name=\"twitter:data1\" content=\"italpress\" \/>\n\t<meta name=\"twitter:label2\" content=\"Tempo di lettura stimato\" \/>\n\t<meta name=\"twitter:data2\" content=\"5 minuti\" \/>\n<script type=\"application\/ld+json\" class=\"yoast-schema-graph\">{\"@context\":\"https:\\\/\\\/schema.org\",\"@graph\":[{\"@type\":\"Article\",\"@id\":\"https:\\\/\\\/www.livemag.it\\\/index.php\\\/2024\\\/10\\\/16\\\/90-anni-consorzio-parmigiano-reggiano-evento-a-parma-con-mattarella\\\/#article\",\"isPartOf\":{\"@id\":\"https:\\\/\\\/www.livemag.it\\\/index.php\\\/2024\\\/10\\\/16\\\/90-anni-consorzio-parmigiano-reggiano-evento-a-parma-con-mattarella\\\/\"},\"author\":{\"name\":\"italpress\",\"@id\":\"https:\\\/\\\/www.livemag.it\\\/#\\\/schema\\\/person\\\/b62c5f44451fdcdaeb0afe6c2424e73c\"},\"headline\":\"90 anni Consorzio Parmigiano Reggiano, evento a Parma con Mattarella\",\"datePublished\":\"2024-10-16T19:04:59+00:00\",\"mainEntityOfPage\":{\"@id\":\"https:\\\/\\\/www.livemag.it\\\/index.php\\\/2024\\\/10\\\/16\\\/90-anni-consorzio-parmigiano-reggiano-evento-a-parma-con-mattarella\\\/\"},\"wordCount\":1046,\"publisher\":{\"@id\":\"https:\\\/\\\/www.livemag.it\\\/#organization\"},\"image\":{\"@id\":\"https:\\\/\\\/www.livemag.it\\\/index.php\\\/2024\\\/10\\\/16\\\/90-anni-consorzio-parmigiano-reggiano-evento-a-parma-con-mattarella\\\/#primaryimage\"},\"thumbnailUrl\":\"https:\\\/\\\/www.livemag.it\\\/wp-content\\\/uploads\\\/2024\\\/10\\\/20241016_2424.jpg\",\"articleSection\":[\"Mondo\"],\"inLanguage\":\"it-IT\"},{\"@type\":\"WebPage\",\"@id\":\"https:\\\/\\\/www.livemag.it\\\/index.php\\\/2024\\\/10\\\/16\\\/90-anni-consorzio-parmigiano-reggiano-evento-a-parma-con-mattarella\\\/\",\"url\":\"https:\\\/\\\/www.livemag.it\\\/index.php\\\/2024\\\/10\\\/16\\\/90-anni-consorzio-parmigiano-reggiano-evento-a-parma-con-mattarella\\\/\",\"name\":\"90 anni Consorzio Parmigiano Reggiano, evento a Parma con Mattarella - Live Magazine\",\"isPartOf\":{\"@id\":\"https:\\\/\\\/www.livemag.it\\\/#website\"},\"primaryImageOfPage\":{\"@id\":\"https:\\\/\\\/www.livemag.it\\\/index.php\\\/2024\\\/10\\\/16\\\/90-anni-consorzio-parmigiano-reggiano-evento-a-parma-con-mattarella\\\/#primaryimage\"},\"image\":{\"@id\":\"https:\\\/\\\/www.livemag.it\\\/index.php\\\/2024\\\/10\\\/16\\\/90-anni-consorzio-parmigiano-reggiano-evento-a-parma-con-mattarella\\\/#primaryimage\"},\"thumbnailUrl\":\"https:\\\/\\\/www.livemag.it\\\/wp-content\\\/uploads\\\/2024\\\/10\\\/20241016_2424.jpg\",\"datePublished\":\"2024-10-16T19:04:59+00:00\",\"breadcrumb\":{\"@id\":\"https:\\\/\\\/www.livemag.it\\\/index.php\\\/2024\\\/10\\\/16\\\/90-anni-consorzio-parmigiano-reggiano-evento-a-parma-con-mattarella\\\/#breadcrumb\"},\"inLanguage\":\"it-IT\",\"potentialAction\":[{\"@type\":\"ReadAction\",\"target\":[\"https:\\\/\\\/www.livemag.it\\\/index.php\\\/2024\\\/10\\\/16\\\/90-anni-consorzio-parmigiano-reggiano-evento-a-parma-con-mattarella\\\/\"]}]},{\"@type\":\"ImageObject\",\"inLanguage\":\"it-IT\",\"@id\":\"https:\\\/\\\/www.livemag.it\\\/index.php\\\/2024\\\/10\\\/16\\\/90-anni-consorzio-parmigiano-reggiano-evento-a-parma-con-mattarella\\\/#primaryimage\",\"url\":\"https:\\\/\\\/www.livemag.it\\\/wp-content\\\/uploads\\\/2024\\\/10\\\/20241016_2424.jpg\",\"contentUrl\":\"https:\\\/\\\/www.livemag.it\\\/wp-content\\\/uploads\\\/2024\\\/10\\\/20241016_2424.jpg\",\"width\":1200,\"height\":800},{\"@type\":\"BreadcrumbList\",\"@id\":\"https:\\\/\\\/www.livemag.it\\\/index.php\\\/2024\\\/10\\\/16\\\/90-anni-consorzio-parmigiano-reggiano-evento-a-parma-con-mattarella\\\/#breadcrumb\",\"itemListElement\":[{\"@type\":\"ListItem\",\"position\":1,\"name\":\"Home\",\"item\":\"https:\\\/\\\/www.livemag.it\\\/\"},{\"@type\":\"ListItem\",\"position\":2,\"name\":\"90 anni Consorzio Parmigiano Reggiano, evento a Parma con Mattarella\"}]},{\"@type\":\"WebSite\",\"@id\":\"https:\\\/\\\/www.livemag.it\\\/#website\",\"url\":\"https:\\\/\\\/www.livemag.it\\\/\",\"name\":\"Live Magazine\",\"description\":\"Varie ed eventi\",\"publisher\":{\"@id\":\"https:\\\/\\\/www.livemag.it\\\/#organization\"},\"potentialAction\":[{\"@type\":\"SearchAction\",\"target\":{\"@type\":\"EntryPoint\",\"urlTemplate\":\"https:\\\/\\\/www.livemag.it\\\/?s={search_term_string}\"},\"query-input\":{\"@type\":\"PropertyValueSpecification\",\"valueRequired\":true,\"valueName\":\"search_term_string\"}}],\"inLanguage\":\"it-IT\"},{\"@type\":\"Organization\",\"@id\":\"https:\\\/\\\/www.livemag.it\\\/#organization\",\"name\":\"LiveMag\",\"alternateName\":\"LiveMag News ed eventi\",\"url\":\"https:\\\/\\\/www.livemag.it\\\/\",\"logo\":{\"@type\":\"ImageObject\",\"inLanguage\":\"it-IT\",\"@id\":\"https:\\\/\\\/www.livemag.it\\\/#\\\/schema\\\/logo\\\/image\\\/\",\"url\":\"https:\\\/\\\/www.livemag.it\\\/wp-content\\\/uploads\\\/2024\\\/02\\\/immagine-sito.jpg\",\"contentUrl\":\"https:\\\/\\\/www.livemag.it\\\/wp-content\\\/uploads\\\/2024\\\/02\\\/immagine-sito.jpg\",\"width\":696,\"height\":696,\"caption\":\"LiveMag\"},\"image\":{\"@id\":\"https:\\\/\\\/www.livemag.it\\\/#\\\/schema\\\/logo\\\/image\\\/\"},\"sameAs\":[\"https:\\\/\\\/www.facebook.com\\\/LiveMag\\\/\",\"https:\\\/\\\/x.com\\\/LiveNotizie\",\"https:\\\/\\\/www.instagram.com\\\/livemag\\\/\"]},{\"@type\":\"Person\",\"@id\":\"https:\\\/\\\/www.livemag.it\\\/#\\\/schema\\\/person\\\/b62c5f44451fdcdaeb0afe6c2424e73c\",\"name\":\"italpress\",\"image\":{\"@type\":\"ImageObject\",\"inLanguage\":\"it-IT\",\"@id\":\"https:\\\/\\\/secure.gravatar.com\\\/avatar\\\/b6a21695fc713ce7ee312cf57c97e2e641feb365be72d8745574d3c3e2b59066?s=96&r=g\",\"url\":\"https:\\\/\\\/secure.gravatar.com\\\/avatar\\\/b6a21695fc713ce7ee312cf57c97e2e641feb365be72d8745574d3c3e2b59066?s=96&r=g\",\"contentUrl\":\"https:\\\/\\\/secure.gravatar.com\\\/avatar\\\/b6a21695fc713ce7ee312cf57c97e2e641feb365be72d8745574d3c3e2b59066?s=96&r=g\",\"caption\":\"italpress\"},\"description\":\"Italpress \u00e8 un'agenzia di stampa italiana a carattere nazionale.\",\"url\":\"https:\\\/\\\/www.livemag.it\\\/index.php\\\/author\\\/italpress\\\/\"}]}<\/script>\n<!-- \/ Yoast SEO plugin. -->","yoast_head_json":{"title":"90 anni Consorzio Parmigiano Reggiano, evento a Parma con Mattarella - Live Magazine","robots":{"index":"index","follow":"follow","max-snippet":"max-snippet:-1","max-image-preview":"max-image-preview:large","max-video-preview":"max-video-preview:-1"},"canonical":"https:\/\/www.livemag.it\/index.php\/2024\/10\/16\/90-anni-consorzio-parmigiano-reggiano-evento-a-parma-con-mattarella\/","og_locale":"it_IT","og_type":"article","og_title":"90 anni Consorzio Parmigiano Reggiano, evento a Parma con Mattarella - Live Magazine","og_description":"PARMA (ITALPRESS) \u2013 Mercoled\u00ec 16 ottobre, il Consorzio del Parmigiano Reggiano ha celebrato il 90\u00b0 anniversario della fondazione con una serata speciale al Teatro Regio di Parma \u201calla pregiatissima presenza di Sergio Mattarella, presidente della Repubblica Italiana, a riconoscimento dell\u2019importanza della Dop come prodotto fondante del patrimonio italiano e del valore dell\u2019opera di chi ogni [&hellip;]","og_url":"https:\/\/www.livemag.it\/index.php\/2024\/10\/16\/90-anni-consorzio-parmigiano-reggiano-evento-a-parma-con-mattarella\/","og_site_name":"Live Magazine","article_publisher":"https:\/\/www.facebook.com\/LiveMag\/","article_published_time":"2024-10-16T19:04:59+00:00","og_image":[{"width":1200,"height":675,"url":"https:\/\/www.livemag.it\/wp-content\/uploads\/2024\/02\/ograph.jpg","type":"image\/jpeg"}],"author":"italpress","twitter_card":"summary_large_image","twitter_creator":"@LiveNotizie","twitter_site":"@LiveNotizie","twitter_misc":{"Scritto da":"italpress","Tempo di lettura stimato":"5 minuti"},"schema":{"@context":"https:\/\/schema.org","@graph":[{"@type":"Article","@id":"https:\/\/www.livemag.it\/index.php\/2024\/10\/16\/90-anni-consorzio-parmigiano-reggiano-evento-a-parma-con-mattarella\/#article","isPartOf":{"@id":"https:\/\/www.livemag.it\/index.php\/2024\/10\/16\/90-anni-consorzio-parmigiano-reggiano-evento-a-parma-con-mattarella\/"},"author":{"name":"italpress","@id":"https:\/\/www.livemag.it\/#\/schema\/person\/b62c5f44451fdcdaeb0afe6c2424e73c"},"headline":"90 anni Consorzio Parmigiano Reggiano, evento a Parma con Mattarella","datePublished":"2024-10-16T19:04:59+00:00","mainEntityOfPage":{"@id":"https:\/\/www.livemag.it\/index.php\/2024\/10\/16\/90-anni-consorzio-parmigiano-reggiano-evento-a-parma-con-mattarella\/"},"wordCount":1046,"publisher":{"@id":"https:\/\/www.livemag.it\/#organization"},"image":{"@id":"https:\/\/www.livemag.it\/index.php\/2024\/10\/16\/90-anni-consorzio-parmigiano-reggiano-evento-a-parma-con-mattarella\/#primaryimage"},"thumbnailUrl":"https:\/\/www.livemag.it\/wp-content\/uploads\/2024\/10\/20241016_2424.jpg","articleSection":["Mondo"],"inLanguage":"it-IT"},{"@type":"WebPage","@id":"https:\/\/www.livemag.it\/index.php\/2024\/10\/16\/90-anni-consorzio-parmigiano-reggiano-evento-a-parma-con-mattarella\/","url":"https:\/\/www.livemag.it\/index.php\/2024\/10\/16\/90-anni-consorzio-parmigiano-reggiano-evento-a-parma-con-mattarella\/","name":"90 anni Consorzio Parmigiano Reggiano, evento a Parma con Mattarella - Live Magazine","isPartOf":{"@id":"https:\/\/www.livemag.it\/#website"},"primaryImageOfPage":{"@id":"https:\/\/www.livemag.it\/index.php\/2024\/10\/16\/90-anni-consorzio-parmigiano-reggiano-evento-a-parma-con-mattarella\/#primaryimage"},"image":{"@id":"https:\/\/www.livemag.it\/index.php\/2024\/10\/16\/90-anni-consorzio-parmigiano-reggiano-evento-a-parma-con-mattarella\/#primaryimage"},"thumbnailUrl":"https:\/\/www.livemag.it\/wp-content\/uploads\/2024\/10\/20241016_2424.jpg","datePublished":"2024-10-16T19:04:59+00:00","breadcrumb":{"@id":"https:\/\/www.livemag.it\/index.php\/2024\/10\/16\/90-anni-consorzio-parmigiano-reggiano-evento-a-parma-con-mattarella\/#breadcrumb"},"inLanguage":"it-IT","potentialAction":[{"@type":"ReadAction","target":["https:\/\/www.livemag.it\/index.php\/2024\/10\/16\/90-anni-consorzio-parmigiano-reggiano-evento-a-parma-con-mattarella\/"]}]},{"@type":"ImageObject","inLanguage":"it-IT","@id":"https:\/\/www.livemag.it\/index.php\/2024\/10\/16\/90-anni-consorzio-parmigiano-reggiano-evento-a-parma-con-mattarella\/#primaryimage","url":"https:\/\/www.livemag.it\/wp-content\/uploads\/2024\/10\/20241016_2424.jpg","contentUrl":"https:\/\/www.livemag.it\/wp-content\/uploads\/2024\/10\/20241016_2424.jpg","width":1200,"height":800},{"@type":"BreadcrumbList","@id":"https:\/\/www.livemag.it\/index.php\/2024\/10\/16\/90-anni-consorzio-parmigiano-reggiano-evento-a-parma-con-mattarella\/#breadcrumb","itemListElement":[{"@type":"ListItem","position":1,"name":"Home","item":"https:\/\/www.livemag.it\/"},{"@type":"ListItem","position":2,"name":"90 anni Consorzio Parmigiano Reggiano, evento a Parma con Mattarella"}]},{"@type":"WebSite","@id":"https:\/\/www.livemag.it\/#website","url":"https:\/\/www.livemag.it\/","name":"Live Magazine","description":"Varie ed eventi","publisher":{"@id":"https:\/\/www.livemag.it\/#organization"},"potentialAction":[{"@type":"SearchAction","target":{"@type":"EntryPoint","urlTemplate":"https:\/\/www.livemag.it\/?s={search_term_string}"},"query-input":{"@type":"PropertyValueSpecification","valueRequired":true,"valueName":"search_term_string"}}],"inLanguage":"it-IT"},{"@type":"Organization","@id":"https:\/\/www.livemag.it\/#organization","name":"LiveMag","alternateName":"LiveMag News ed eventi","url":"https:\/\/www.livemag.it\/","logo":{"@type":"ImageObject","inLanguage":"it-IT","@id":"https:\/\/www.livemag.it\/#\/schema\/logo\/image\/","url":"https:\/\/www.livemag.it\/wp-content\/uploads\/2024\/02\/immagine-sito.jpg","contentUrl":"https:\/\/www.livemag.it\/wp-content\/uploads\/2024\/02\/immagine-sito.jpg","width":696,"height":696,"caption":"LiveMag"},"image":{"@id":"https:\/\/www.livemag.it\/#\/schema\/logo\/image\/"},"sameAs":["https:\/\/www.facebook.com\/LiveMag\/","https:\/\/x.com\/LiveNotizie","https:\/\/www.instagram.com\/livemag\/"]},{"@type":"Person","@id":"https:\/\/www.livemag.it\/#\/schema\/person\/b62c5f44451fdcdaeb0afe6c2424e73c","name":"italpress","image":{"@type":"ImageObject","inLanguage":"it-IT","@id":"https:\/\/secure.gravatar.com\/avatar\/b6a21695fc713ce7ee312cf57c97e2e641feb365be72d8745574d3c3e2b59066?s=96&r=g","url":"https:\/\/secure.gravatar.com\/avatar\/b6a21695fc713ce7ee312cf57c97e2e641feb365be72d8745574d3c3e2b59066?s=96&r=g","contentUrl":"https:\/\/secure.gravatar.com\/avatar\/b6a21695fc713ce7ee312cf57c97e2e641feb365be72d8745574d3c3e2b59066?s=96&r=g","caption":"italpress"},"description":"Italpress \u00e8 un'agenzia di stampa italiana a carattere nazionale.","url":"https:\/\/www.livemag.it\/index.php\/author\/italpress\/"}]}},"jetpack_featured_media_url":"https:\/\/www.livemag.it\/wp-content\/uploads\/2024\/10\/20241016_2424.jpg","_links":{"self":[{"href":"https:\/\/www.livemag.it\/index.php\/wp-json\/wp\/v2\/posts\/37108","targetHints":{"allow":["GET"]}}],"collection":[{"href":"https:\/\/www.livemag.it\/index.php\/wp-json\/wp\/v2\/posts"}],"about":[{"href":"https:\/\/www.livemag.it\/index.php\/wp-json\/wp\/v2\/types\/post"}],"author":[{"embeddable":true,"href":"https:\/\/www.livemag.it\/index.php\/wp-json\/wp\/v2\/users\/16"}],"replies":[{"embeddable":true,"href":"https:\/\/www.livemag.it\/index.php\/wp-json\/wp\/v2\/comments?post=37108"}],"version-history":[{"count":0,"href":"https:\/\/www.livemag.it\/index.php\/wp-json\/wp\/v2\/posts\/37108\/revisions"}],"wp:featuredmedia":[{"embeddable":true,"href":"https:\/\/www.livemag.it\/index.php\/wp-json\/wp\/v2\/media\/37109"}],"wp:attachment":[{"href":"https:\/\/www.livemag.it\/index.php\/wp-json\/wp\/v2\/media?parent=37108"}],"wp:term":[{"taxonomy":"category","embeddable":true,"href":"https:\/\/www.livemag.it\/index.php\/wp-json\/wp\/v2\/categories?post=37108"},{"taxonomy":"post_tag","embeddable":true,"href":"https:\/\/www.livemag.it\/index.php\/wp-json\/wp\/v2\/tags?post=37108"}],"curies":[{"name":"wp","href":"https:\/\/api.w.org\/{rel}","templated":true}]}}