{"id":37106,"date":"2024-10-16T21:04:37","date_gmt":"2024-10-16T19:04:37","guid":{"rendered":"https:\/\/www.livemag.it\/index.php\/2024\/10\/16\/manovra-meloni-sanita-resta-priorita-del-governo\/"},"modified":"2024-10-16T21:04:37","modified_gmt":"2024-10-16T19:04:37","slug":"manovra-meloni-sanita-resta-priorita-del-governo","status":"publish","type":"post","link":"https:\/\/www.livemag.it\/index.php\/2024\/10\/16\/manovra-meloni-sanita-resta-priorita-del-governo\/","title":{"rendered":"Manovra, Meloni \u201cSanit\u00e0 resta priorit\u00e0 del governo\u201d"},"content":{"rendered":"<div>\n<p>BRUXELLES (BELGIO) (ITALPRESS) \u2013 \u201cLa sanit\u00e0 da tre anni rimane la nostra priorit\u00e0\u201d ma \u201cqueste sono le risorse che noi abbiamo. Certo, se non avessimo speso allegramente in altri anni, ne avremmo avute di pi\u00f9. Pi\u00f9 di stabilire che sia una delle mie priorit\u00e0 non posso fare\u201d. Lo ha detto la presidente del Consiglio, Giorgia Meloni, in un punto stampa a Bruxelles a margine del Vertice Ue-Consiglio di cooperazione del Golfo. \u201cMi pare che sia una cifra record: negli anni del Covid sul fondo sanitario c\u2019erano 122 miliardi di euro e oggi ce ne sono 136,5, mi pare che gli sforzi che si potevano fare sono stati fatti ampiamente e lo dimostrano i numeri\u201d, ha aggiunto.<br \/>\u201cSono molto orgogliosa del lavoro che abbiamo fatto, sono molto soddisfatta della manovra e sono molto contenta della compattezza della maggioranza e della velocit\u00e0 con la quale la manovra di bilancio \u00e8 stata approvata ieri sera. E\u2019 una manovra seria, di buon senso, che concentra le non molte risorse che abbiamo a disposizione in quelle che noi consideriamo essere le priorit\u00e0 di questa nazione\u201d.<br \/>\u201cLa strategia rimane la stessa, ci concentriamo sui redditi, sui salari, sul lavoro sul sostegno alle imprese, sulla salute dei cittadini e sulla famiglia e lo facciamo senza aumentare le tasse per i cittadini, pure in una situazione molto complessa\u201d e \u201clo facciamo tenendo i conti in ordine\u201d.<br \/>\u201cNon vogliamo dare il segnale che le banche sono degli avversari, per questo abbiamo fatto un lavoro anche insieme a loro. Giustamente aspettano di vedere il testo finale ma c\u2019\u00e8 stata una collaborazione che secondo me \u00e8 un messaggio molto significativo e positivo\u201d, ha sottolineato Meloni.<\/p>\n<p>\u2013 Foto Agenzia Fotogramma \u2013<\/p>\n<p>(ITALPRESS).<\/p>\n<\/div>\n","protected":false},"excerpt":{"rendered":"<p>BRUXELLES (BELGIO) (ITALPRESS) \u2013 \u201cLa sanit\u00e0 da tre anni rimane la nostra priorit\u00e0\u201d ma \u201cqueste sono le risorse che noi abbiamo. Certo, se non avessimo speso allegramente in altri anni, ne avremmo avute di pi\u00f9. Pi\u00f9 di stabilire che sia una delle mie priorit\u00e0 non posso fare\u201d. Lo ha detto la presidente del Consiglio, Giorgia [&hellip;]<\/p>\n","protected":false},"author":16,"featured_media":37107,"comment_status":"closed","ping_status":"closed","sticky":false,"template":"","format":"standard","meta":{"jnews-multi-image_gallery":[],"jnews_single_post":[],"jnews_primary_category":[],"jnews_social_meta":[],"jnews_override_counter":[],"jnews_post_split":[],"footnotes":""},"categories":[1129],"tags":[],"class_list":["post-37106","post","type-post","status-publish","format-standard","has-post-thumbnail","hentry","category-mondo"],"yoast_head":"<!-- This site is optimized with the Yoast SEO plugin v27.5 - https:\/\/yoast.com\/product\/yoast-seo-wordpress\/ -->\n<title>Manovra, Meloni \u201cSanit\u00e0 resta priorit\u00e0 del governo\u201d - Live Magazine<\/title>\n<meta name=\"robots\" content=\"index, follow, max-snippet:-1, max-image-preview:large, max-video-preview:-1\" \/>\n<link rel=\"canonical\" href=\"https:\/\/www.livemag.it\/index.php\/2024\/10\/16\/manovra-meloni-sanita-resta-priorita-del-governo\/\" \/>\n<meta property=\"og:locale\" content=\"it_IT\" \/>\n<meta property=\"og:type\" content=\"article\" \/>\n<meta property=\"og:title\" content=\"Manovra, Meloni \u201cSanit\u00e0 resta priorit\u00e0 del governo\u201d - Live Magazine\" \/>\n<meta property=\"og:description\" content=\"BRUXELLES (BELGIO) (ITALPRESS) \u2013 \u201cLa sanit\u00e0 da tre anni rimane la nostra priorit\u00e0\u201d ma \u201cqueste sono le risorse che noi abbiamo. Certo, se non avessimo speso allegramente in altri anni, ne avremmo avute di pi\u00f9. Pi\u00f9 di stabilire che sia una delle mie priorit\u00e0 non posso fare\u201d. Lo ha detto la presidente del Consiglio, Giorgia [&hellip;]\" \/>\n<meta property=\"og:url\" content=\"https:\/\/www.livemag.it\/index.php\/2024\/10\/16\/manovra-meloni-sanita-resta-priorita-del-governo\/\" \/>\n<meta property=\"og:site_name\" content=\"Live Magazine\" \/>\n<meta property=\"article:publisher\" content=\"https:\/\/www.facebook.com\/LiveMag\/\" \/>\n<meta property=\"article:published_time\" content=\"2024-10-16T19:04:37+00:00\" \/>\n<meta property=\"og:image\" content=\"https:\/\/www.livemag.it\/wp-content\/uploads\/2024\/02\/ograph.jpg\" \/>\n\t<meta property=\"og:image:width\" content=\"1200\" \/>\n\t<meta property=\"og:image:height\" content=\"675\" \/>\n\t<meta property=\"og:image:type\" content=\"image\/jpeg\" \/>\n<meta name=\"author\" content=\"italpress\" \/>\n<meta name=\"twitter:card\" content=\"summary_large_image\" \/>\n<meta name=\"twitter:creator\" content=\"@LiveNotizie\" \/>\n<meta name=\"twitter:site\" content=\"@LiveNotizie\" \/>\n<meta name=\"twitter:label1\" content=\"Scritto da\" \/>\n\t<meta name=\"twitter:data1\" content=\"italpress\" \/>\n\t<meta name=\"twitter:label2\" content=\"Tempo di lettura stimato\" \/>\n\t<meta name=\"twitter:data2\" content=\"1 minuto\" \/>\n<script type=\"application\/ld+json\" class=\"yoast-schema-graph\">{\"@context\":\"https:\\\/\\\/schema.org\",\"@graph\":[{\"@type\":\"Article\",\"@id\":\"https:\\\/\\\/www.livemag.it\\\/index.php\\\/2024\\\/10\\\/16\\\/manovra-meloni-sanita-resta-priorita-del-governo\\\/#article\",\"isPartOf\":{\"@id\":\"https:\\\/\\\/www.livemag.it\\\/index.php\\\/2024\\\/10\\\/16\\\/manovra-meloni-sanita-resta-priorita-del-governo\\\/\"},\"author\":{\"name\":\"italpress\",\"@id\":\"https:\\\/\\\/www.livemag.it\\\/#\\\/schema\\\/person\\\/b62c5f44451fdcdaeb0afe6c2424e73c\"},\"headline\":\"Manovra, Meloni \u201cSanit\u00e0 resta priorit\u00e0 del governo\u201d\",\"datePublished\":\"2024-10-16T19:04:37+00:00\",\"mainEntityOfPage\":{\"@id\":\"https:\\\/\\\/www.livemag.it\\\/index.php\\\/2024\\\/10\\\/16\\\/manovra-meloni-sanita-resta-priorita-del-governo\\\/\"},\"wordCount\":281,\"publisher\":{\"@id\":\"https:\\\/\\\/www.livemag.it\\\/#organization\"},\"image\":{\"@id\":\"https:\\\/\\\/www.livemag.it\\\/index.php\\\/2024\\\/10\\\/16\\\/manovra-meloni-sanita-resta-priorita-del-governo\\\/#primaryimage\"},\"thumbnailUrl\":\"https:\\\/\\\/www.livemag.it\\\/wp-content\\\/uploads\\\/2024\\\/10\\\/20241016_2178.jpg\",\"articleSection\":[\"Mondo\"],\"inLanguage\":\"it-IT\"},{\"@type\":\"WebPage\",\"@id\":\"https:\\\/\\\/www.livemag.it\\\/index.php\\\/2024\\\/10\\\/16\\\/manovra-meloni-sanita-resta-priorita-del-governo\\\/\",\"url\":\"https:\\\/\\\/www.livemag.it\\\/index.php\\\/2024\\\/10\\\/16\\\/manovra-meloni-sanita-resta-priorita-del-governo\\\/\",\"name\":\"Manovra, Meloni \u201cSanit\u00e0 resta priorit\u00e0 del governo\u201d - Live Magazine\",\"isPartOf\":{\"@id\":\"https:\\\/\\\/www.livemag.it\\\/#website\"},\"primaryImageOfPage\":{\"@id\":\"https:\\\/\\\/www.livemag.it\\\/index.php\\\/2024\\\/10\\\/16\\\/manovra-meloni-sanita-resta-priorita-del-governo\\\/#primaryimage\"},\"image\":{\"@id\":\"https:\\\/\\\/www.livemag.it\\\/index.php\\\/2024\\\/10\\\/16\\\/manovra-meloni-sanita-resta-priorita-del-governo\\\/#primaryimage\"},\"thumbnailUrl\":\"https:\\\/\\\/www.livemag.it\\\/wp-content\\\/uploads\\\/2024\\\/10\\\/20241016_2178.jpg\",\"datePublished\":\"2024-10-16T19:04:37+00:00\",\"breadcrumb\":{\"@id\":\"https:\\\/\\\/www.livemag.it\\\/index.php\\\/2024\\\/10\\\/16\\\/manovra-meloni-sanita-resta-priorita-del-governo\\\/#breadcrumb\"},\"inLanguage\":\"it-IT\",\"potentialAction\":[{\"@type\":\"ReadAction\",\"target\":[\"https:\\\/\\\/www.livemag.it\\\/index.php\\\/2024\\\/10\\\/16\\\/manovra-meloni-sanita-resta-priorita-del-governo\\\/\"]}]},{\"@type\":\"ImageObject\",\"inLanguage\":\"it-IT\",\"@id\":\"https:\\\/\\\/www.livemag.it\\\/index.php\\\/2024\\\/10\\\/16\\\/manovra-meloni-sanita-resta-priorita-del-governo\\\/#primaryimage\",\"url\":\"https:\\\/\\\/www.livemag.it\\\/wp-content\\\/uploads\\\/2024\\\/10\\\/20241016_2178.jpg\",\"contentUrl\":\"https:\\\/\\\/www.livemag.it\\\/wp-content\\\/uploads\\\/2024\\\/10\\\/20241016_2178.jpg\",\"width\":1200,\"height\":800},{\"@type\":\"BreadcrumbList\",\"@id\":\"https:\\\/\\\/www.livemag.it\\\/index.php\\\/2024\\\/10\\\/16\\\/manovra-meloni-sanita-resta-priorita-del-governo\\\/#breadcrumb\",\"itemListElement\":[{\"@type\":\"ListItem\",\"position\":1,\"name\":\"Home\",\"item\":\"https:\\\/\\\/www.livemag.it\\\/\"},{\"@type\":\"ListItem\",\"position\":2,\"name\":\"Manovra, Meloni \u201cSanit\u00e0 resta priorit\u00e0 del governo\u201d\"}]},{\"@type\":\"WebSite\",\"@id\":\"https:\\\/\\\/www.livemag.it\\\/#website\",\"url\":\"https:\\\/\\\/www.livemag.it\\\/\",\"name\":\"Live Magazine\",\"description\":\"Varie ed eventi\",\"publisher\":{\"@id\":\"https:\\\/\\\/www.livemag.it\\\/#organization\"},\"potentialAction\":[{\"@type\":\"SearchAction\",\"target\":{\"@type\":\"EntryPoint\",\"urlTemplate\":\"https:\\\/\\\/www.livemag.it\\\/?s={search_term_string}\"},\"query-input\":{\"@type\":\"PropertyValueSpecification\",\"valueRequired\":true,\"valueName\":\"search_term_string\"}}],\"inLanguage\":\"it-IT\"},{\"@type\":\"Organization\",\"@id\":\"https:\\\/\\\/www.livemag.it\\\/#organization\",\"name\":\"LiveMag\",\"alternateName\":\"LiveMag News ed eventi\",\"url\":\"https:\\\/\\\/www.livemag.it\\\/\",\"logo\":{\"@type\":\"ImageObject\",\"inLanguage\":\"it-IT\",\"@id\":\"https:\\\/\\\/www.livemag.it\\\/#\\\/schema\\\/logo\\\/image\\\/\",\"url\":\"https:\\\/\\\/www.livemag.it\\\/wp-content\\\/uploads\\\/2024\\\/02\\\/immagine-sito.jpg\",\"contentUrl\":\"https:\\\/\\\/www.livemag.it\\\/wp-content\\\/uploads\\\/2024\\\/02\\\/immagine-sito.jpg\",\"width\":696,\"height\":696,\"caption\":\"LiveMag\"},\"image\":{\"@id\":\"https:\\\/\\\/www.livemag.it\\\/#\\\/schema\\\/logo\\\/image\\\/\"},\"sameAs\":[\"https:\\\/\\\/www.facebook.com\\\/LiveMag\\\/\",\"https:\\\/\\\/x.com\\\/LiveNotizie\",\"https:\\\/\\\/www.instagram.com\\\/livemag\\\/\"]},{\"@type\":\"Person\",\"@id\":\"https:\\\/\\\/www.livemag.it\\\/#\\\/schema\\\/person\\\/b62c5f44451fdcdaeb0afe6c2424e73c\",\"name\":\"italpress\",\"image\":{\"@type\":\"ImageObject\",\"inLanguage\":\"it-IT\",\"@id\":\"https:\\\/\\\/secure.gravatar.com\\\/avatar\\\/b6a21695fc713ce7ee312cf57c97e2e641feb365be72d8745574d3c3e2b59066?s=96&r=g\",\"url\":\"https:\\\/\\\/secure.gravatar.com\\\/avatar\\\/b6a21695fc713ce7ee312cf57c97e2e641feb365be72d8745574d3c3e2b59066?s=96&r=g\",\"contentUrl\":\"https:\\\/\\\/secure.gravatar.com\\\/avatar\\\/b6a21695fc713ce7ee312cf57c97e2e641feb365be72d8745574d3c3e2b59066?s=96&r=g\",\"caption\":\"italpress\"},\"description\":\"Italpress \u00e8 un'agenzia di stampa italiana a carattere nazionale.\",\"url\":\"https:\\\/\\\/www.livemag.it\\\/index.php\\\/author\\\/italpress\\\/\"}]}<\/script>\n<!-- \/ Yoast SEO plugin. -->","yoast_head_json":{"title":"Manovra, Meloni \u201cSanit\u00e0 resta priorit\u00e0 del governo\u201d - Live Magazine","robots":{"index":"index","follow":"follow","max-snippet":"max-snippet:-1","max-image-preview":"max-image-preview:large","max-video-preview":"max-video-preview:-1"},"canonical":"https:\/\/www.livemag.it\/index.php\/2024\/10\/16\/manovra-meloni-sanita-resta-priorita-del-governo\/","og_locale":"it_IT","og_type":"article","og_title":"Manovra, Meloni \u201cSanit\u00e0 resta priorit\u00e0 del governo\u201d - Live Magazine","og_description":"BRUXELLES (BELGIO) (ITALPRESS) \u2013 \u201cLa sanit\u00e0 da tre anni rimane la nostra priorit\u00e0\u201d ma \u201cqueste sono le risorse che noi abbiamo. Certo, se non avessimo speso allegramente in altri anni, ne avremmo avute di pi\u00f9. Pi\u00f9 di stabilire che sia una delle mie priorit\u00e0 non posso fare\u201d. Lo ha detto la presidente del Consiglio, Giorgia [&hellip;]","og_url":"https:\/\/www.livemag.it\/index.php\/2024\/10\/16\/manovra-meloni-sanita-resta-priorita-del-governo\/","og_site_name":"Live Magazine","article_publisher":"https:\/\/www.facebook.com\/LiveMag\/","article_published_time":"2024-10-16T19:04:37+00:00","og_image":[{"width":1200,"height":675,"url":"https:\/\/www.livemag.it\/wp-content\/uploads\/2024\/02\/ograph.jpg","type":"image\/jpeg"}],"author":"italpress","twitter_card":"summary_large_image","twitter_creator":"@LiveNotizie","twitter_site":"@LiveNotizie","twitter_misc":{"Scritto da":"italpress","Tempo di lettura stimato":"1 minuto"},"schema":{"@context":"https:\/\/schema.org","@graph":[{"@type":"Article","@id":"https:\/\/www.livemag.it\/index.php\/2024\/10\/16\/manovra-meloni-sanita-resta-priorita-del-governo\/#article","isPartOf":{"@id":"https:\/\/www.livemag.it\/index.php\/2024\/10\/16\/manovra-meloni-sanita-resta-priorita-del-governo\/"},"author":{"name":"italpress","@id":"https:\/\/www.livemag.it\/#\/schema\/person\/b62c5f44451fdcdaeb0afe6c2424e73c"},"headline":"Manovra, Meloni \u201cSanit\u00e0 resta priorit\u00e0 del governo\u201d","datePublished":"2024-10-16T19:04:37+00:00","mainEntityOfPage":{"@id":"https:\/\/www.livemag.it\/index.php\/2024\/10\/16\/manovra-meloni-sanita-resta-priorita-del-governo\/"},"wordCount":281,"publisher":{"@id":"https:\/\/www.livemag.it\/#organization"},"image":{"@id":"https:\/\/www.livemag.it\/index.php\/2024\/10\/16\/manovra-meloni-sanita-resta-priorita-del-governo\/#primaryimage"},"thumbnailUrl":"https:\/\/www.livemag.it\/wp-content\/uploads\/2024\/10\/20241016_2178.jpg","articleSection":["Mondo"],"inLanguage":"it-IT"},{"@type":"WebPage","@id":"https:\/\/www.livemag.it\/index.php\/2024\/10\/16\/manovra-meloni-sanita-resta-priorita-del-governo\/","url":"https:\/\/www.livemag.it\/index.php\/2024\/10\/16\/manovra-meloni-sanita-resta-priorita-del-governo\/","name":"Manovra, Meloni \u201cSanit\u00e0 resta priorit\u00e0 del governo\u201d - Live Magazine","isPartOf":{"@id":"https:\/\/www.livemag.it\/#website"},"primaryImageOfPage":{"@id":"https:\/\/www.livemag.it\/index.php\/2024\/10\/16\/manovra-meloni-sanita-resta-priorita-del-governo\/#primaryimage"},"image":{"@id":"https:\/\/www.livemag.it\/index.php\/2024\/10\/16\/manovra-meloni-sanita-resta-priorita-del-governo\/#primaryimage"},"thumbnailUrl":"https:\/\/www.livemag.it\/wp-content\/uploads\/2024\/10\/20241016_2178.jpg","datePublished":"2024-10-16T19:04:37+00:00","breadcrumb":{"@id":"https:\/\/www.livemag.it\/index.php\/2024\/10\/16\/manovra-meloni-sanita-resta-priorita-del-governo\/#breadcrumb"},"inLanguage":"it-IT","potentialAction":[{"@type":"ReadAction","target":["https:\/\/www.livemag.it\/index.php\/2024\/10\/16\/manovra-meloni-sanita-resta-priorita-del-governo\/"]}]},{"@type":"ImageObject","inLanguage":"it-IT","@id":"https:\/\/www.livemag.it\/index.php\/2024\/10\/16\/manovra-meloni-sanita-resta-priorita-del-governo\/#primaryimage","url":"https:\/\/www.livemag.it\/wp-content\/uploads\/2024\/10\/20241016_2178.jpg","contentUrl":"https:\/\/www.livemag.it\/wp-content\/uploads\/2024\/10\/20241016_2178.jpg","width":1200,"height":800},{"@type":"BreadcrumbList","@id":"https:\/\/www.livemag.it\/index.php\/2024\/10\/16\/manovra-meloni-sanita-resta-priorita-del-governo\/#breadcrumb","itemListElement":[{"@type":"ListItem","position":1,"name":"Home","item":"https:\/\/www.livemag.it\/"},{"@type":"ListItem","position":2,"name":"Manovra, Meloni \u201cSanit\u00e0 resta priorit\u00e0 del governo\u201d"}]},{"@type":"WebSite","@id":"https:\/\/www.livemag.it\/#website","url":"https:\/\/www.livemag.it\/","name":"Live Magazine","description":"Varie ed eventi","publisher":{"@id":"https:\/\/www.livemag.it\/#organization"},"potentialAction":[{"@type":"SearchAction","target":{"@type":"EntryPoint","urlTemplate":"https:\/\/www.livemag.it\/?s={search_term_string}"},"query-input":{"@type":"PropertyValueSpecification","valueRequired":true,"valueName":"search_term_string"}}],"inLanguage":"it-IT"},{"@type":"Organization","@id":"https:\/\/www.livemag.it\/#organization","name":"LiveMag","alternateName":"LiveMag News ed eventi","url":"https:\/\/www.livemag.it\/","logo":{"@type":"ImageObject","inLanguage":"it-IT","@id":"https:\/\/www.livemag.it\/#\/schema\/logo\/image\/","url":"https:\/\/www.livemag.it\/wp-content\/uploads\/2024\/02\/immagine-sito.jpg","contentUrl":"https:\/\/www.livemag.it\/wp-content\/uploads\/2024\/02\/immagine-sito.jpg","width":696,"height":696,"caption":"LiveMag"},"image":{"@id":"https:\/\/www.livemag.it\/#\/schema\/logo\/image\/"},"sameAs":["https:\/\/www.facebook.com\/LiveMag\/","https:\/\/x.com\/LiveNotizie","https:\/\/www.instagram.com\/livemag\/"]},{"@type":"Person","@id":"https:\/\/www.livemag.it\/#\/schema\/person\/b62c5f44451fdcdaeb0afe6c2424e73c","name":"italpress","image":{"@type":"ImageObject","inLanguage":"it-IT","@id":"https:\/\/secure.gravatar.com\/avatar\/b6a21695fc713ce7ee312cf57c97e2e641feb365be72d8745574d3c3e2b59066?s=96&r=g","url":"https:\/\/secure.gravatar.com\/avatar\/b6a21695fc713ce7ee312cf57c97e2e641feb365be72d8745574d3c3e2b59066?s=96&r=g","contentUrl":"https:\/\/secure.gravatar.com\/avatar\/b6a21695fc713ce7ee312cf57c97e2e641feb365be72d8745574d3c3e2b59066?s=96&r=g","caption":"italpress"},"description":"Italpress \u00e8 un'agenzia di stampa italiana a carattere nazionale.","url":"https:\/\/www.livemag.it\/index.php\/author\/italpress\/"}]}},"jetpack_featured_media_url":"https:\/\/www.livemag.it\/wp-content\/uploads\/2024\/10\/20241016_2178.jpg","_links":{"self":[{"href":"https:\/\/www.livemag.it\/index.php\/wp-json\/wp\/v2\/posts\/37106","targetHints":{"allow":["GET"]}}],"collection":[{"href":"https:\/\/www.livemag.it\/index.php\/wp-json\/wp\/v2\/posts"}],"about":[{"href":"https:\/\/www.livemag.it\/index.php\/wp-json\/wp\/v2\/types\/post"}],"author":[{"embeddable":true,"href":"https:\/\/www.livemag.it\/index.php\/wp-json\/wp\/v2\/users\/16"}],"replies":[{"embeddable":true,"href":"https:\/\/www.livemag.it\/index.php\/wp-json\/wp\/v2\/comments?post=37106"}],"version-history":[{"count":0,"href":"https:\/\/www.livemag.it\/index.php\/wp-json\/wp\/v2\/posts\/37106\/revisions"}],"wp:featuredmedia":[{"embeddable":true,"href":"https:\/\/www.livemag.it\/index.php\/wp-json\/wp\/v2\/media\/37107"}],"wp:attachment":[{"href":"https:\/\/www.livemag.it\/index.php\/wp-json\/wp\/v2\/media?parent=37106"}],"wp:term":[{"taxonomy":"category","embeddable":true,"href":"https:\/\/www.livemag.it\/index.php\/wp-json\/wp\/v2\/categories?post=37106"},{"taxonomy":"post_tag","embeddable":true,"href":"https:\/\/www.livemag.it\/index.php\/wp-json\/wp\/v2\/tags?post=37106"}],"curies":[{"name":"wp","href":"https:\/\/api.w.org\/{rel}","templated":true}]}}