{"id":37098,"date":"2024-10-16T21:03:56","date_gmt":"2024-10-16T19:03:56","guid":{"rendered":"https:\/\/www.livemag.it\/index.php\/2024\/10\/16\/meloni-sanita-e-una-delle-priorita-del-governo\/"},"modified":"2024-10-16T21:03:56","modified_gmt":"2024-10-16T19:03:56","slug":"meloni-sanita-e-una-delle-priorita-del-governo","status":"publish","type":"post","link":"https:\/\/www.livemag.it\/index.php\/2024\/10\/16\/meloni-sanita-e-una-delle-priorita-del-governo\/","title":{"rendered":"<div>Meloni &#8220;Sanit\u00e0 \u00e8 una delle priorit\u00e0 del Governo&#8221;<\/div>"},"content":{"rendered":"<p>    <video-js id=\"videojs69f4185793280\" class=\"vjs-big-play-centered\" controls preload=\"auto\" playsinline data-setup='{\"fluid\": true}'>\r\n        <source src=\"https:\/\/video.italpress.com\/play\/mp4\/video\/KEMR\" type=\"video\/mp4\" \/>\r\n    <\/video-js>\r\n           <br \/>\n<\/p>\n<div> BRUXELLES (BELGIO) (ITALPRESS)  &#8211; &#8220;La sanit\u00e0 da tre anni rimane la nostra priorit\u00e0&#8221; ma &#8220;queste sono le risorse che noi abbiamo. Certo, se non avessimo speso allegramente in altri anni, ne avremmo avute di pi\u00f9. Pi\u00f9 di stabilire che sia una delle mie priorit\u00e0 non posso fare&#8221;. Lo ha detto la presidente del Consiglio, Giorgia Meloni, in un punto stampa a margine del Vertice Ue-Consiglio di cooperazione del Golfo. &#8220;Mi pare che sia una cifra record: negli anni del Covid sul fondo sanitario c&#8217;erano 122 miliardi di euro e oggi ce ne sono 136,5, mi pare che gli sforzi che si potevano fare sono stati fatti ampiamente e lo dimostrano i numeri&#8221;, ha aggiunto.<\/p>\n<p>sat\/gtr<br \/>\n(Fonte video: Palazzo Chigi)<\/div>\n","protected":false},"excerpt":{"rendered":"<p>BRUXELLES (BELGIO) (ITALPRESS) &#8211; &#8220;La sanit\u00e0 da tre anni rimane la nostra priorit\u00e0&#8221; ma &#8220;queste sono le risorse che noi abbiamo. Certo, se non avessimo speso allegramente in altri anni, ne avremmo avute di pi\u00f9. Pi\u00f9 di stabilire che sia una delle mie priorit\u00e0 non posso fare&#8221;. Lo ha detto la presidente del Consiglio, Giorgia [&hellip;]<\/p>\n","protected":false},"author":16,"featured_media":37099,"comment_status":"closed","ping_status":"closed","sticky":false,"template":"","format":"video","meta":{"jnews-multi-image_gallery":[],"jnews_single_post":[],"jnews_primary_category":[],"jnews_social_meta":[],"jnews_override_counter":[],"jnews_post_split":[],"footnotes":""},"categories":[1171],"tags":[],"class_list":["post-37098","post","type-post","status-publish","format-video","has-post-thumbnail","hentry","category-video","post_format-post-format-video"],"yoast_head":"<!-- This site is optimized with the Yoast SEO plugin v27.5 - https:\/\/yoast.com\/product\/yoast-seo-wordpress\/ -->\n<title>Meloni &quot;Sanit\u00e0 \u00e8 una delle priorit\u00e0 del Governo&quot; - Live Magazine<\/title>\n<meta name=\"robots\" content=\"index, follow, max-snippet:-1, max-image-preview:large, max-video-preview:-1\" \/>\n<link rel=\"canonical\" href=\"https:\/\/www.livemag.it\/index.php\/2024\/10\/16\/meloni-sanita-e-una-delle-priorita-del-governo\/\" \/>\n<meta property=\"og:locale\" content=\"it_IT\" \/>\n<meta property=\"og:type\" content=\"article\" \/>\n<meta property=\"og:title\" content=\"Meloni &quot;Sanit\u00e0 \u00e8 una delle priorit\u00e0 del Governo&quot; - Live Magazine\" \/>\n<meta property=\"og:description\" content=\"BRUXELLES (BELGIO) (ITALPRESS) &#8211; &#8220;La sanit\u00e0 da tre anni rimane la nostra priorit\u00e0&#8221; ma &#8220;queste sono le risorse che noi abbiamo. Certo, se non avessimo speso allegramente in altri anni, ne avremmo avute di pi\u00f9. Pi\u00f9 di stabilire che sia una delle mie priorit\u00e0 non posso fare&#8221;. Lo ha detto la presidente del Consiglio, Giorgia [&hellip;]\" \/>\n<meta property=\"og:url\" content=\"https:\/\/www.livemag.it\/index.php\/2024\/10\/16\/meloni-sanita-e-una-delle-priorita-del-governo\/\" \/>\n<meta property=\"og:site_name\" content=\"Live Magazine\" \/>\n<meta property=\"article:publisher\" content=\"https:\/\/www.facebook.com\/LiveMag\/\" \/>\n<meta property=\"article:published_time\" content=\"2024-10-16T19:03:56+00:00\" \/>\n<meta property=\"og:image\" content=\"https:\/\/www.livemag.it\/wp-content\/uploads\/2024\/02\/ograph.jpg\" \/>\n\t<meta property=\"og:image:width\" content=\"1200\" \/>\n\t<meta property=\"og:image:height\" content=\"675\" \/>\n\t<meta property=\"og:image:type\" content=\"image\/jpeg\" \/>\n<meta name=\"author\" content=\"italpress\" \/>\n<meta name=\"twitter:card\" content=\"summary_large_image\" \/>\n<meta name=\"twitter:creator\" content=\"@LiveNotizie\" \/>\n<meta name=\"twitter:site\" content=\"@LiveNotizie\" \/>\n<meta name=\"twitter:label1\" content=\"Scritto da\" \/>\n\t<meta name=\"twitter:data1\" content=\"italpress\" \/>\n\t<meta name=\"twitter:label2\" content=\"Tempo di lettura stimato\" \/>\n\t<meta name=\"twitter:data2\" content=\"1 minuto\" \/>\n<script type=\"application\/ld+json\" class=\"yoast-schema-graph\">{\"@context\":\"https:\\\/\\\/schema.org\",\"@graph\":[{\"@type\":\"Article\",\"@id\":\"https:\\\/\\\/www.livemag.it\\\/index.php\\\/2024\\\/10\\\/16\\\/meloni-sanita-e-una-delle-priorita-del-governo\\\/#article\",\"isPartOf\":{\"@id\":\"https:\\\/\\\/www.livemag.it\\\/index.php\\\/2024\\\/10\\\/16\\\/meloni-sanita-e-una-delle-priorita-del-governo\\\/\"},\"author\":{\"name\":\"italpress\",\"@id\":\"https:\\\/\\\/www.livemag.it\\\/#\\\/schema\\\/person\\\/b62c5f44451fdcdaeb0afe6c2424e73c\"},\"headline\":\"Meloni &#8220;Sanit\u00e0 \u00e8 una delle priorit\u00e0 del Governo&#8221;\",\"datePublished\":\"2024-10-16T19:03:56+00:00\",\"mainEntityOfPage\":{\"@id\":\"https:\\\/\\\/www.livemag.it\\\/index.php\\\/2024\\\/10\\\/16\\\/meloni-sanita-e-una-delle-priorita-del-governo\\\/\"},\"wordCount\":137,\"publisher\":{\"@id\":\"https:\\\/\\\/www.livemag.it\\\/#organization\"},\"image\":{\"@id\":\"https:\\\/\\\/www.livemag.it\\\/index.php\\\/2024\\\/10\\\/16\\\/meloni-sanita-e-una-delle-priorita-del-governo\\\/#primaryimage\"},\"thumbnailUrl\":\"https:\\\/\\\/www.livemag.it\\\/wp-content\\\/uploads\\\/2024\\\/10\\\/KEMR.jpg\",\"articleSection\":[\"Video\"],\"inLanguage\":\"it-IT\"},{\"@type\":\"WebPage\",\"@id\":\"https:\\\/\\\/www.livemag.it\\\/index.php\\\/2024\\\/10\\\/16\\\/meloni-sanita-e-una-delle-priorita-del-governo\\\/\",\"url\":\"https:\\\/\\\/www.livemag.it\\\/index.php\\\/2024\\\/10\\\/16\\\/meloni-sanita-e-una-delle-priorita-del-governo\\\/\",\"name\":\"Meloni \\\"Sanit\u00e0 \u00e8 una delle priorit\u00e0 del Governo\\\" - Live Magazine\",\"isPartOf\":{\"@id\":\"https:\\\/\\\/www.livemag.it\\\/#website\"},\"primaryImageOfPage\":{\"@id\":\"https:\\\/\\\/www.livemag.it\\\/index.php\\\/2024\\\/10\\\/16\\\/meloni-sanita-e-una-delle-priorita-del-governo\\\/#primaryimage\"},\"image\":{\"@id\":\"https:\\\/\\\/www.livemag.it\\\/index.php\\\/2024\\\/10\\\/16\\\/meloni-sanita-e-una-delle-priorita-del-governo\\\/#primaryimage\"},\"thumbnailUrl\":\"https:\\\/\\\/www.livemag.it\\\/wp-content\\\/uploads\\\/2024\\\/10\\\/KEMR.jpg\",\"datePublished\":\"2024-10-16T19:03:56+00:00\",\"breadcrumb\":{\"@id\":\"https:\\\/\\\/www.livemag.it\\\/index.php\\\/2024\\\/10\\\/16\\\/meloni-sanita-e-una-delle-priorita-del-governo\\\/#breadcrumb\"},\"inLanguage\":\"it-IT\",\"potentialAction\":[{\"@type\":\"ReadAction\",\"target\":[\"https:\\\/\\\/www.livemag.it\\\/index.php\\\/2024\\\/10\\\/16\\\/meloni-sanita-e-una-delle-priorita-del-governo\\\/\"]}]},{\"@type\":\"ImageObject\",\"inLanguage\":\"it-IT\",\"@id\":\"https:\\\/\\\/www.livemag.it\\\/index.php\\\/2024\\\/10\\\/16\\\/meloni-sanita-e-una-delle-priorita-del-governo\\\/#primaryimage\",\"url\":\"https:\\\/\\\/www.livemag.it\\\/wp-content\\\/uploads\\\/2024\\\/10\\\/KEMR.jpg\",\"contentUrl\":\"https:\\\/\\\/www.livemag.it\\\/wp-content\\\/uploads\\\/2024\\\/10\\\/KEMR.jpg\",\"width\":1920,\"height\":1080},{\"@type\":\"BreadcrumbList\",\"@id\":\"https:\\\/\\\/www.livemag.it\\\/index.php\\\/2024\\\/10\\\/16\\\/meloni-sanita-e-una-delle-priorita-del-governo\\\/#breadcrumb\",\"itemListElement\":[{\"@type\":\"ListItem\",\"position\":1,\"name\":\"Home\",\"item\":\"https:\\\/\\\/www.livemag.it\\\/\"},{\"@type\":\"ListItem\",\"position\":2,\"name\":\"Meloni &#8220;Sanit\u00e0 \u00e8 una delle priorit\u00e0 del Governo&#8221;\"}]},{\"@type\":\"WebSite\",\"@id\":\"https:\\\/\\\/www.livemag.it\\\/#website\",\"url\":\"https:\\\/\\\/www.livemag.it\\\/\",\"name\":\"Live Magazine\",\"description\":\"Varie ed eventi\",\"publisher\":{\"@id\":\"https:\\\/\\\/www.livemag.it\\\/#organization\"},\"potentialAction\":[{\"@type\":\"SearchAction\",\"target\":{\"@type\":\"EntryPoint\",\"urlTemplate\":\"https:\\\/\\\/www.livemag.it\\\/?s={search_term_string}\"},\"query-input\":{\"@type\":\"PropertyValueSpecification\",\"valueRequired\":true,\"valueName\":\"search_term_string\"}}],\"inLanguage\":\"it-IT\"},{\"@type\":\"Organization\",\"@id\":\"https:\\\/\\\/www.livemag.it\\\/#organization\",\"name\":\"LiveMag\",\"alternateName\":\"LiveMag News ed eventi\",\"url\":\"https:\\\/\\\/www.livemag.it\\\/\",\"logo\":{\"@type\":\"ImageObject\",\"inLanguage\":\"it-IT\",\"@id\":\"https:\\\/\\\/www.livemag.it\\\/#\\\/schema\\\/logo\\\/image\\\/\",\"url\":\"https:\\\/\\\/www.livemag.it\\\/wp-content\\\/uploads\\\/2024\\\/02\\\/immagine-sito.jpg\",\"contentUrl\":\"https:\\\/\\\/www.livemag.it\\\/wp-content\\\/uploads\\\/2024\\\/02\\\/immagine-sito.jpg\",\"width\":696,\"height\":696,\"caption\":\"LiveMag\"},\"image\":{\"@id\":\"https:\\\/\\\/www.livemag.it\\\/#\\\/schema\\\/logo\\\/image\\\/\"},\"sameAs\":[\"https:\\\/\\\/www.facebook.com\\\/LiveMag\\\/\",\"https:\\\/\\\/x.com\\\/LiveNotizie\",\"https:\\\/\\\/www.instagram.com\\\/livemag\\\/\"]},{\"@type\":\"Person\",\"@id\":\"https:\\\/\\\/www.livemag.it\\\/#\\\/schema\\\/person\\\/b62c5f44451fdcdaeb0afe6c2424e73c\",\"name\":\"italpress\",\"image\":{\"@type\":\"ImageObject\",\"inLanguage\":\"it-IT\",\"@id\":\"https:\\\/\\\/secure.gravatar.com\\\/avatar\\\/b6a21695fc713ce7ee312cf57c97e2e641feb365be72d8745574d3c3e2b59066?s=96&r=g\",\"url\":\"https:\\\/\\\/secure.gravatar.com\\\/avatar\\\/b6a21695fc713ce7ee312cf57c97e2e641feb365be72d8745574d3c3e2b59066?s=96&r=g\",\"contentUrl\":\"https:\\\/\\\/secure.gravatar.com\\\/avatar\\\/b6a21695fc713ce7ee312cf57c97e2e641feb365be72d8745574d3c3e2b59066?s=96&r=g\",\"caption\":\"italpress\"},\"description\":\"Italpress \u00e8 un'agenzia di stampa italiana a carattere nazionale.\",\"url\":\"https:\\\/\\\/www.livemag.it\\\/index.php\\\/author\\\/italpress\\\/\"}]}<\/script>\n<!-- \/ Yoast SEO plugin. -->","yoast_head_json":{"title":"Meloni \"Sanit\u00e0 \u00e8 una delle priorit\u00e0 del Governo\" - Live Magazine","robots":{"index":"index","follow":"follow","max-snippet":"max-snippet:-1","max-image-preview":"max-image-preview:large","max-video-preview":"max-video-preview:-1"},"canonical":"https:\/\/www.livemag.it\/index.php\/2024\/10\/16\/meloni-sanita-e-una-delle-priorita-del-governo\/","og_locale":"it_IT","og_type":"article","og_title":"Meloni \"Sanit\u00e0 \u00e8 una delle priorit\u00e0 del Governo\" - Live Magazine","og_description":"BRUXELLES (BELGIO) (ITALPRESS) &#8211; &#8220;La sanit\u00e0 da tre anni rimane la nostra priorit\u00e0&#8221; ma &#8220;queste sono le risorse che noi abbiamo. Certo, se non avessimo speso allegramente in altri anni, ne avremmo avute di pi\u00f9. Pi\u00f9 di stabilire che sia una delle mie priorit\u00e0 non posso fare&#8221;. Lo ha detto la presidente del Consiglio, Giorgia [&hellip;]","og_url":"https:\/\/www.livemag.it\/index.php\/2024\/10\/16\/meloni-sanita-e-una-delle-priorita-del-governo\/","og_site_name":"Live Magazine","article_publisher":"https:\/\/www.facebook.com\/LiveMag\/","article_published_time":"2024-10-16T19:03:56+00:00","og_image":[{"width":1200,"height":675,"url":"https:\/\/www.livemag.it\/wp-content\/uploads\/2024\/02\/ograph.jpg","type":"image\/jpeg"}],"author":"italpress","twitter_card":"summary_large_image","twitter_creator":"@LiveNotizie","twitter_site":"@LiveNotizie","twitter_misc":{"Scritto da":"italpress","Tempo di lettura stimato":"1 minuto"},"schema":{"@context":"https:\/\/schema.org","@graph":[{"@type":"Article","@id":"https:\/\/www.livemag.it\/index.php\/2024\/10\/16\/meloni-sanita-e-una-delle-priorita-del-governo\/#article","isPartOf":{"@id":"https:\/\/www.livemag.it\/index.php\/2024\/10\/16\/meloni-sanita-e-una-delle-priorita-del-governo\/"},"author":{"name":"italpress","@id":"https:\/\/www.livemag.it\/#\/schema\/person\/b62c5f44451fdcdaeb0afe6c2424e73c"},"headline":"Meloni &#8220;Sanit\u00e0 \u00e8 una delle priorit\u00e0 del Governo&#8221;","datePublished":"2024-10-16T19:03:56+00:00","mainEntityOfPage":{"@id":"https:\/\/www.livemag.it\/index.php\/2024\/10\/16\/meloni-sanita-e-una-delle-priorita-del-governo\/"},"wordCount":137,"publisher":{"@id":"https:\/\/www.livemag.it\/#organization"},"image":{"@id":"https:\/\/www.livemag.it\/index.php\/2024\/10\/16\/meloni-sanita-e-una-delle-priorita-del-governo\/#primaryimage"},"thumbnailUrl":"https:\/\/www.livemag.it\/wp-content\/uploads\/2024\/10\/KEMR.jpg","articleSection":["Video"],"inLanguage":"it-IT"},{"@type":"WebPage","@id":"https:\/\/www.livemag.it\/index.php\/2024\/10\/16\/meloni-sanita-e-una-delle-priorita-del-governo\/","url":"https:\/\/www.livemag.it\/index.php\/2024\/10\/16\/meloni-sanita-e-una-delle-priorita-del-governo\/","name":"Meloni \"Sanit\u00e0 \u00e8 una delle priorit\u00e0 del Governo\" - Live Magazine","isPartOf":{"@id":"https:\/\/www.livemag.it\/#website"},"primaryImageOfPage":{"@id":"https:\/\/www.livemag.it\/index.php\/2024\/10\/16\/meloni-sanita-e-una-delle-priorita-del-governo\/#primaryimage"},"image":{"@id":"https:\/\/www.livemag.it\/index.php\/2024\/10\/16\/meloni-sanita-e-una-delle-priorita-del-governo\/#primaryimage"},"thumbnailUrl":"https:\/\/www.livemag.it\/wp-content\/uploads\/2024\/10\/KEMR.jpg","datePublished":"2024-10-16T19:03:56+00:00","breadcrumb":{"@id":"https:\/\/www.livemag.it\/index.php\/2024\/10\/16\/meloni-sanita-e-una-delle-priorita-del-governo\/#breadcrumb"},"inLanguage":"it-IT","potentialAction":[{"@type":"ReadAction","target":["https:\/\/www.livemag.it\/index.php\/2024\/10\/16\/meloni-sanita-e-una-delle-priorita-del-governo\/"]}]},{"@type":"ImageObject","inLanguage":"it-IT","@id":"https:\/\/www.livemag.it\/index.php\/2024\/10\/16\/meloni-sanita-e-una-delle-priorita-del-governo\/#primaryimage","url":"https:\/\/www.livemag.it\/wp-content\/uploads\/2024\/10\/KEMR.jpg","contentUrl":"https:\/\/www.livemag.it\/wp-content\/uploads\/2024\/10\/KEMR.jpg","width":1920,"height":1080},{"@type":"BreadcrumbList","@id":"https:\/\/www.livemag.it\/index.php\/2024\/10\/16\/meloni-sanita-e-una-delle-priorita-del-governo\/#breadcrumb","itemListElement":[{"@type":"ListItem","position":1,"name":"Home","item":"https:\/\/www.livemag.it\/"},{"@type":"ListItem","position":2,"name":"Meloni &#8220;Sanit\u00e0 \u00e8 una delle priorit\u00e0 del Governo&#8221;"}]},{"@type":"WebSite","@id":"https:\/\/www.livemag.it\/#website","url":"https:\/\/www.livemag.it\/","name":"Live Magazine","description":"Varie ed eventi","publisher":{"@id":"https:\/\/www.livemag.it\/#organization"},"potentialAction":[{"@type":"SearchAction","target":{"@type":"EntryPoint","urlTemplate":"https:\/\/www.livemag.it\/?s={search_term_string}"},"query-input":{"@type":"PropertyValueSpecification","valueRequired":true,"valueName":"search_term_string"}}],"inLanguage":"it-IT"},{"@type":"Organization","@id":"https:\/\/www.livemag.it\/#organization","name":"LiveMag","alternateName":"LiveMag News ed eventi","url":"https:\/\/www.livemag.it\/","logo":{"@type":"ImageObject","inLanguage":"it-IT","@id":"https:\/\/www.livemag.it\/#\/schema\/logo\/image\/","url":"https:\/\/www.livemag.it\/wp-content\/uploads\/2024\/02\/immagine-sito.jpg","contentUrl":"https:\/\/www.livemag.it\/wp-content\/uploads\/2024\/02\/immagine-sito.jpg","width":696,"height":696,"caption":"LiveMag"},"image":{"@id":"https:\/\/www.livemag.it\/#\/schema\/logo\/image\/"},"sameAs":["https:\/\/www.facebook.com\/LiveMag\/","https:\/\/x.com\/LiveNotizie","https:\/\/www.instagram.com\/livemag\/"]},{"@type":"Person","@id":"https:\/\/www.livemag.it\/#\/schema\/person\/b62c5f44451fdcdaeb0afe6c2424e73c","name":"italpress","image":{"@type":"ImageObject","inLanguage":"it-IT","@id":"https:\/\/secure.gravatar.com\/avatar\/b6a21695fc713ce7ee312cf57c97e2e641feb365be72d8745574d3c3e2b59066?s=96&r=g","url":"https:\/\/secure.gravatar.com\/avatar\/b6a21695fc713ce7ee312cf57c97e2e641feb365be72d8745574d3c3e2b59066?s=96&r=g","contentUrl":"https:\/\/secure.gravatar.com\/avatar\/b6a21695fc713ce7ee312cf57c97e2e641feb365be72d8745574d3c3e2b59066?s=96&r=g","caption":"italpress"},"description":"Italpress \u00e8 un'agenzia di stampa italiana a carattere nazionale.","url":"https:\/\/www.livemag.it\/index.php\/author\/italpress\/"}]}},"jetpack_featured_media_url":"https:\/\/www.livemag.it\/wp-content\/uploads\/2024\/10\/KEMR.jpg","_links":{"self":[{"href":"https:\/\/www.livemag.it\/index.php\/wp-json\/wp\/v2\/posts\/37098","targetHints":{"allow":["GET"]}}],"collection":[{"href":"https:\/\/www.livemag.it\/index.php\/wp-json\/wp\/v2\/posts"}],"about":[{"href":"https:\/\/www.livemag.it\/index.php\/wp-json\/wp\/v2\/types\/post"}],"author":[{"embeddable":true,"href":"https:\/\/www.livemag.it\/index.php\/wp-json\/wp\/v2\/users\/16"}],"replies":[{"embeddable":true,"href":"https:\/\/www.livemag.it\/index.php\/wp-json\/wp\/v2\/comments?post=37098"}],"version-history":[{"count":0,"href":"https:\/\/www.livemag.it\/index.php\/wp-json\/wp\/v2\/posts\/37098\/revisions"}],"wp:featuredmedia":[{"embeddable":true,"href":"https:\/\/www.livemag.it\/index.php\/wp-json\/wp\/v2\/media\/37099"}],"wp:attachment":[{"href":"https:\/\/www.livemag.it\/index.php\/wp-json\/wp\/v2\/media?parent=37098"}],"wp:term":[{"taxonomy":"category","embeddable":true,"href":"https:\/\/www.livemag.it\/index.php\/wp-json\/wp\/v2\/categories?post=37098"},{"taxonomy":"post_tag","embeddable":true,"href":"https:\/\/www.livemag.it\/index.php\/wp-json\/wp\/v2\/tags?post=37098"}],"curies":[{"name":"wp","href":"https:\/\/api.w.org\/{rel}","templated":true}]}}