{"id":37092,"date":"2024-10-16T18:09:30","date_gmt":"2024-10-16T16:09:30","guid":{"rendered":"https:\/\/www.livemag.it\/index.php\/2024\/10\/16\/centri-migranti-in-albania-piantedosi-ue-conferma-valore-progetto\/"},"modified":"2024-10-16T18:09:30","modified_gmt":"2024-10-16T16:09:30","slug":"centri-migranti-in-albania-piantedosi-ue-conferma-valore-progetto","status":"publish","type":"post","link":"https:\/\/www.livemag.it\/index.php\/2024\/10\/16\/centri-migranti-in-albania-piantedosi-ue-conferma-valore-progetto\/","title":{"rendered":"Centri migranti in Albania, Piantedosi \u201cUe conferma valore progetto\u201d"},"content":{"rendered":"<div>\n<p>ROMA (ITALPRESS) \u2013 Il protocollo sottoscritto con l\u2019Albania \u00e8 \u201cun\u2019iniziativa che si prefigge di contrastare l\u2019immigrazione illegale senza incidere sulle garanzie dei diritti fondamentali delle persone\u201d e \u201cla lettera della presidente von der Leyen indirizzata ai capi di Stato e di Governo in vista del prossimo Consiglio Europeo, ne costituisce ulteriore conferma\u201d. Le parole di von der Leyen \u201cevidenziano la rinnovata attenzione in Europa per l\u2019avanzamento verso un approccio comune ed una maggiore efficacia in materia di rimpatri\u201d. Lo ha detto il ministro dell\u2019Interno, Matteo Piantedosi, al question time in Aula alla Camera. \u201cIl forte calo del numero degli arrivi via mare dei migranti, -62% rispetto all\u2019anno scorso e meno 30% rispetto al 2022, \u00e8 frutto dell\u2019efficacia degli interventi del governo e della sua capacit\u00e0 di creare convergenza a livello internazionale sulle proprie linee di azione\u201d, ha sottolineato il ministro.<br \/>\u201cSaremo sempre attenti e proattivi anche sul piano operativo affinch\u00e8 la strategia delineata possa produrre al pi\u00f9 presto risultati concreti, contribuendo a ricondurre i flussi migratori entro una cornice di piena legalit\u00e0 e sostenibilit\u00e0 ed evitando che un\u2019immigrazione incontrollata diventi un fattore di insicurezza\u201d. La linea del governo in materia di politiche migratorie \u201csi muove su un doppio binario: da un lato la lotta al vergognoso traffico dei migranti e all\u2019immigrazione illegale, dall\u2019altro la promozione di canali di migrazione legale, con regole certe, semplici e chiare, per cui abbiamo favorito una migliore programmazione degli ingressi regolari, con numeri di gran lunga superiori a quelli del passato e con modalit\u00e0 pi\u00f9 rispondenti alle esigenze del nostro sistema produttivo\u201d.<br \/>Per la realizzazione dei centri per migranti \u201cvi \u00e8 stato un unico operatore economico selezionato a cui sono stati affidati i lavori\u201d, ha ricordato Piantedosi, e a \u201ctale impresa \u00e8 stata sottoposta alle verifiche e ai controlli tramite la banca dati nazionale antimafia\u201d e \u201cnon sono emerse criticit\u00e0 nei confronti dei soci e degli amministratori\u201d.<br \/>Inoltre \u201ctutti i contratti stipulati con gli operatori economici prevedono il divieto di subappalto\u201d e \u201cnella fase esecutiva dei lavori non risultano essere state segnalate violazioni del divieto all\u2019accesso in cantiere di personale diverso da quello delle imprese esecutrici autorizzate\u201d. Sui costi, lo stanziamento previsto \u201c\u00e8 riferito all\u2019arco di 5 anni e consiste in 134 milioni di euro all\u2019anno e riguarda un impianto polifunzionale: si tratta di un investimento che sul lungo periodo dovr\u00e0 consentire di abbattere le spese di gestione di prima accoglienza straordinaria che sono oggi pari a circa un miliardo e 700 milioni di euro all\u2019anno\u201d.<\/p>\n<p>\u2013 Foto Agenzia Fotogramma \u2013<\/p>\n<p>(ITALPRESS).<\/p>\n<\/div>\n","protected":false},"excerpt":{"rendered":"<p>ROMA (ITALPRESS) \u2013 Il protocollo sottoscritto con l\u2019Albania \u00e8 \u201cun\u2019iniziativa che si prefigge di contrastare l\u2019immigrazione illegale senza incidere sulle garanzie dei diritti fondamentali delle persone\u201d e \u201cla lettera della presidente von der Leyen indirizzata ai capi di Stato e di Governo in vista del prossimo Consiglio Europeo, ne costituisce ulteriore conferma\u201d. Le parole di [&hellip;]<\/p>\n","protected":false},"author":16,"featured_media":37093,"comment_status":"closed","ping_status":"closed","sticky":false,"template":"","format":"standard","meta":{"jnews-multi-image_gallery":[],"jnews_single_post":[],"jnews_primary_category":[],"jnews_social_meta":[],"jnews_override_counter":[],"jnews_post_split":[],"footnotes":""},"categories":[1129],"tags":[],"class_list":["post-37092","post","type-post","status-publish","format-standard","has-post-thumbnail","hentry","category-mondo"],"yoast_head":"<!-- This site is optimized with the Yoast SEO plugin v27.5 - https:\/\/yoast.com\/product\/yoast-seo-wordpress\/ -->\n<title>Centri migranti in Albania, Piantedosi \u201cUe conferma valore progetto\u201d - Live Magazine<\/title>\n<meta name=\"robots\" content=\"index, follow, max-snippet:-1, max-image-preview:large, max-video-preview:-1\" \/>\n<link rel=\"canonical\" href=\"https:\/\/www.livemag.it\/index.php\/2024\/10\/16\/centri-migranti-in-albania-piantedosi-ue-conferma-valore-progetto\/\" \/>\n<meta property=\"og:locale\" content=\"it_IT\" \/>\n<meta property=\"og:type\" content=\"article\" \/>\n<meta property=\"og:title\" content=\"Centri migranti in Albania, Piantedosi \u201cUe conferma valore progetto\u201d - Live Magazine\" \/>\n<meta property=\"og:description\" content=\"ROMA (ITALPRESS) \u2013 Il protocollo sottoscritto con l\u2019Albania \u00e8 \u201cun\u2019iniziativa che si prefigge di contrastare l\u2019immigrazione illegale senza incidere sulle garanzie dei diritti fondamentali delle persone\u201d e \u201cla lettera della presidente von der Leyen indirizzata ai capi di Stato e di Governo in vista del prossimo Consiglio Europeo, ne costituisce ulteriore conferma\u201d. Le parole di [&hellip;]\" \/>\n<meta property=\"og:url\" content=\"https:\/\/www.livemag.it\/index.php\/2024\/10\/16\/centri-migranti-in-albania-piantedosi-ue-conferma-valore-progetto\/\" \/>\n<meta property=\"og:site_name\" content=\"Live Magazine\" \/>\n<meta property=\"article:publisher\" content=\"https:\/\/www.facebook.com\/LiveMag\/\" \/>\n<meta property=\"article:published_time\" content=\"2024-10-16T16:09:30+00:00\" \/>\n<meta property=\"og:image\" content=\"https:\/\/www.livemag.it\/wp-content\/uploads\/2024\/02\/ograph.jpg\" \/>\n\t<meta property=\"og:image:width\" content=\"1200\" \/>\n\t<meta property=\"og:image:height\" content=\"675\" \/>\n\t<meta property=\"og:image:type\" content=\"image\/jpeg\" \/>\n<meta name=\"author\" content=\"italpress\" \/>\n<meta name=\"twitter:card\" content=\"summary_large_image\" \/>\n<meta name=\"twitter:creator\" content=\"@LiveNotizie\" \/>\n<meta name=\"twitter:site\" content=\"@LiveNotizie\" \/>\n<meta name=\"twitter:label1\" content=\"Scritto da\" \/>\n\t<meta name=\"twitter:data1\" content=\"italpress\" \/>\n\t<meta name=\"twitter:label2\" content=\"Tempo di lettura stimato\" \/>\n\t<meta name=\"twitter:data2\" content=\"2 minuti\" \/>\n<script type=\"application\/ld+json\" class=\"yoast-schema-graph\">{\"@context\":\"https:\\\/\\\/schema.org\",\"@graph\":[{\"@type\":\"Article\",\"@id\":\"https:\\\/\\\/www.livemag.it\\\/index.php\\\/2024\\\/10\\\/16\\\/centri-migranti-in-albania-piantedosi-ue-conferma-valore-progetto\\\/#article\",\"isPartOf\":{\"@id\":\"https:\\\/\\\/www.livemag.it\\\/index.php\\\/2024\\\/10\\\/16\\\/centri-migranti-in-albania-piantedosi-ue-conferma-valore-progetto\\\/\"},\"author\":{\"name\":\"italpress\",\"@id\":\"https:\\\/\\\/www.livemag.it\\\/#\\\/schema\\\/person\\\/b62c5f44451fdcdaeb0afe6c2424e73c\"},\"headline\":\"Centri migranti in Albania, Piantedosi \u201cUe conferma valore progetto\u201d\",\"datePublished\":\"2024-10-16T16:09:30+00:00\",\"mainEntityOfPage\":{\"@id\":\"https:\\\/\\\/www.livemag.it\\\/index.php\\\/2024\\\/10\\\/16\\\/centri-migranti-in-albania-piantedosi-ue-conferma-valore-progetto\\\/\"},\"wordCount\":427,\"publisher\":{\"@id\":\"https:\\\/\\\/www.livemag.it\\\/#organization\"},\"image\":{\"@id\":\"https:\\\/\\\/www.livemag.it\\\/index.php\\\/2024\\\/10\\\/16\\\/centri-migranti-in-albania-piantedosi-ue-conferma-valore-progetto\\\/#primaryimage\"},\"thumbnailUrl\":\"https:\\\/\\\/www.livemag.it\\\/wp-content\\\/uploads\\\/2024\\\/10\\\/20241016_1762.jpg\",\"articleSection\":[\"Mondo\"],\"inLanguage\":\"it-IT\"},{\"@type\":\"WebPage\",\"@id\":\"https:\\\/\\\/www.livemag.it\\\/index.php\\\/2024\\\/10\\\/16\\\/centri-migranti-in-albania-piantedosi-ue-conferma-valore-progetto\\\/\",\"url\":\"https:\\\/\\\/www.livemag.it\\\/index.php\\\/2024\\\/10\\\/16\\\/centri-migranti-in-albania-piantedosi-ue-conferma-valore-progetto\\\/\",\"name\":\"Centri migranti in Albania, Piantedosi \u201cUe conferma valore progetto\u201d - Live Magazine\",\"isPartOf\":{\"@id\":\"https:\\\/\\\/www.livemag.it\\\/#website\"},\"primaryImageOfPage\":{\"@id\":\"https:\\\/\\\/www.livemag.it\\\/index.php\\\/2024\\\/10\\\/16\\\/centri-migranti-in-albania-piantedosi-ue-conferma-valore-progetto\\\/#primaryimage\"},\"image\":{\"@id\":\"https:\\\/\\\/www.livemag.it\\\/index.php\\\/2024\\\/10\\\/16\\\/centri-migranti-in-albania-piantedosi-ue-conferma-valore-progetto\\\/#primaryimage\"},\"thumbnailUrl\":\"https:\\\/\\\/www.livemag.it\\\/wp-content\\\/uploads\\\/2024\\\/10\\\/20241016_1762.jpg\",\"datePublished\":\"2024-10-16T16:09:30+00:00\",\"breadcrumb\":{\"@id\":\"https:\\\/\\\/www.livemag.it\\\/index.php\\\/2024\\\/10\\\/16\\\/centri-migranti-in-albania-piantedosi-ue-conferma-valore-progetto\\\/#breadcrumb\"},\"inLanguage\":\"it-IT\",\"potentialAction\":[{\"@type\":\"ReadAction\",\"target\":[\"https:\\\/\\\/www.livemag.it\\\/index.php\\\/2024\\\/10\\\/16\\\/centri-migranti-in-albania-piantedosi-ue-conferma-valore-progetto\\\/\"]}]},{\"@type\":\"ImageObject\",\"inLanguage\":\"it-IT\",\"@id\":\"https:\\\/\\\/www.livemag.it\\\/index.php\\\/2024\\\/10\\\/16\\\/centri-migranti-in-albania-piantedosi-ue-conferma-valore-progetto\\\/#primaryimage\",\"url\":\"https:\\\/\\\/www.livemag.it\\\/wp-content\\\/uploads\\\/2024\\\/10\\\/20241016_1762.jpg\",\"contentUrl\":\"https:\\\/\\\/www.livemag.it\\\/wp-content\\\/uploads\\\/2024\\\/10\\\/20241016_1762.jpg\",\"width\":1200,\"height\":800},{\"@type\":\"BreadcrumbList\",\"@id\":\"https:\\\/\\\/www.livemag.it\\\/index.php\\\/2024\\\/10\\\/16\\\/centri-migranti-in-albania-piantedosi-ue-conferma-valore-progetto\\\/#breadcrumb\",\"itemListElement\":[{\"@type\":\"ListItem\",\"position\":1,\"name\":\"Home\",\"item\":\"https:\\\/\\\/www.livemag.it\\\/\"},{\"@type\":\"ListItem\",\"position\":2,\"name\":\"Centri migranti in Albania, Piantedosi \u201cUe conferma valore progetto\u201d\"}]},{\"@type\":\"WebSite\",\"@id\":\"https:\\\/\\\/www.livemag.it\\\/#website\",\"url\":\"https:\\\/\\\/www.livemag.it\\\/\",\"name\":\"Live Magazine\",\"description\":\"Varie ed eventi\",\"publisher\":{\"@id\":\"https:\\\/\\\/www.livemag.it\\\/#organization\"},\"potentialAction\":[{\"@type\":\"SearchAction\",\"target\":{\"@type\":\"EntryPoint\",\"urlTemplate\":\"https:\\\/\\\/www.livemag.it\\\/?s={search_term_string}\"},\"query-input\":{\"@type\":\"PropertyValueSpecification\",\"valueRequired\":true,\"valueName\":\"search_term_string\"}}],\"inLanguage\":\"it-IT\"},{\"@type\":\"Organization\",\"@id\":\"https:\\\/\\\/www.livemag.it\\\/#organization\",\"name\":\"LiveMag\",\"alternateName\":\"LiveMag News ed eventi\",\"url\":\"https:\\\/\\\/www.livemag.it\\\/\",\"logo\":{\"@type\":\"ImageObject\",\"inLanguage\":\"it-IT\",\"@id\":\"https:\\\/\\\/www.livemag.it\\\/#\\\/schema\\\/logo\\\/image\\\/\",\"url\":\"https:\\\/\\\/www.livemag.it\\\/wp-content\\\/uploads\\\/2024\\\/02\\\/immagine-sito.jpg\",\"contentUrl\":\"https:\\\/\\\/www.livemag.it\\\/wp-content\\\/uploads\\\/2024\\\/02\\\/immagine-sito.jpg\",\"width\":696,\"height\":696,\"caption\":\"LiveMag\"},\"image\":{\"@id\":\"https:\\\/\\\/www.livemag.it\\\/#\\\/schema\\\/logo\\\/image\\\/\"},\"sameAs\":[\"https:\\\/\\\/www.facebook.com\\\/LiveMag\\\/\",\"https:\\\/\\\/x.com\\\/LiveNotizie\",\"https:\\\/\\\/www.instagram.com\\\/livemag\\\/\"]},{\"@type\":\"Person\",\"@id\":\"https:\\\/\\\/www.livemag.it\\\/#\\\/schema\\\/person\\\/b62c5f44451fdcdaeb0afe6c2424e73c\",\"name\":\"italpress\",\"image\":{\"@type\":\"ImageObject\",\"inLanguage\":\"it-IT\",\"@id\":\"https:\\\/\\\/secure.gravatar.com\\\/avatar\\\/b6a21695fc713ce7ee312cf57c97e2e641feb365be72d8745574d3c3e2b59066?s=96&r=g\",\"url\":\"https:\\\/\\\/secure.gravatar.com\\\/avatar\\\/b6a21695fc713ce7ee312cf57c97e2e641feb365be72d8745574d3c3e2b59066?s=96&r=g\",\"contentUrl\":\"https:\\\/\\\/secure.gravatar.com\\\/avatar\\\/b6a21695fc713ce7ee312cf57c97e2e641feb365be72d8745574d3c3e2b59066?s=96&r=g\",\"caption\":\"italpress\"},\"description\":\"Italpress \u00e8 un'agenzia di stampa italiana a carattere nazionale.\",\"url\":\"https:\\\/\\\/www.livemag.it\\\/index.php\\\/author\\\/italpress\\\/\"}]}<\/script>\n<!-- \/ Yoast SEO plugin. -->","yoast_head_json":{"title":"Centri migranti in Albania, Piantedosi \u201cUe conferma valore progetto\u201d - Live Magazine","robots":{"index":"index","follow":"follow","max-snippet":"max-snippet:-1","max-image-preview":"max-image-preview:large","max-video-preview":"max-video-preview:-1"},"canonical":"https:\/\/www.livemag.it\/index.php\/2024\/10\/16\/centri-migranti-in-albania-piantedosi-ue-conferma-valore-progetto\/","og_locale":"it_IT","og_type":"article","og_title":"Centri migranti in Albania, Piantedosi \u201cUe conferma valore progetto\u201d - Live Magazine","og_description":"ROMA (ITALPRESS) \u2013 Il protocollo sottoscritto con l\u2019Albania \u00e8 \u201cun\u2019iniziativa che si prefigge di contrastare l\u2019immigrazione illegale senza incidere sulle garanzie dei diritti fondamentali delle persone\u201d e \u201cla lettera della presidente von der Leyen indirizzata ai capi di Stato e di Governo in vista del prossimo Consiglio Europeo, ne costituisce ulteriore conferma\u201d. Le parole di [&hellip;]","og_url":"https:\/\/www.livemag.it\/index.php\/2024\/10\/16\/centri-migranti-in-albania-piantedosi-ue-conferma-valore-progetto\/","og_site_name":"Live Magazine","article_publisher":"https:\/\/www.facebook.com\/LiveMag\/","article_published_time":"2024-10-16T16:09:30+00:00","og_image":[{"width":1200,"height":675,"url":"https:\/\/www.livemag.it\/wp-content\/uploads\/2024\/02\/ograph.jpg","type":"image\/jpeg"}],"author":"italpress","twitter_card":"summary_large_image","twitter_creator":"@LiveNotizie","twitter_site":"@LiveNotizie","twitter_misc":{"Scritto da":"italpress","Tempo di lettura stimato":"2 minuti"},"schema":{"@context":"https:\/\/schema.org","@graph":[{"@type":"Article","@id":"https:\/\/www.livemag.it\/index.php\/2024\/10\/16\/centri-migranti-in-albania-piantedosi-ue-conferma-valore-progetto\/#article","isPartOf":{"@id":"https:\/\/www.livemag.it\/index.php\/2024\/10\/16\/centri-migranti-in-albania-piantedosi-ue-conferma-valore-progetto\/"},"author":{"name":"italpress","@id":"https:\/\/www.livemag.it\/#\/schema\/person\/b62c5f44451fdcdaeb0afe6c2424e73c"},"headline":"Centri migranti in Albania, Piantedosi \u201cUe conferma valore progetto\u201d","datePublished":"2024-10-16T16:09:30+00:00","mainEntityOfPage":{"@id":"https:\/\/www.livemag.it\/index.php\/2024\/10\/16\/centri-migranti-in-albania-piantedosi-ue-conferma-valore-progetto\/"},"wordCount":427,"publisher":{"@id":"https:\/\/www.livemag.it\/#organization"},"image":{"@id":"https:\/\/www.livemag.it\/index.php\/2024\/10\/16\/centri-migranti-in-albania-piantedosi-ue-conferma-valore-progetto\/#primaryimage"},"thumbnailUrl":"https:\/\/www.livemag.it\/wp-content\/uploads\/2024\/10\/20241016_1762.jpg","articleSection":["Mondo"],"inLanguage":"it-IT"},{"@type":"WebPage","@id":"https:\/\/www.livemag.it\/index.php\/2024\/10\/16\/centri-migranti-in-albania-piantedosi-ue-conferma-valore-progetto\/","url":"https:\/\/www.livemag.it\/index.php\/2024\/10\/16\/centri-migranti-in-albania-piantedosi-ue-conferma-valore-progetto\/","name":"Centri migranti in Albania, Piantedosi \u201cUe conferma valore progetto\u201d - Live Magazine","isPartOf":{"@id":"https:\/\/www.livemag.it\/#website"},"primaryImageOfPage":{"@id":"https:\/\/www.livemag.it\/index.php\/2024\/10\/16\/centri-migranti-in-albania-piantedosi-ue-conferma-valore-progetto\/#primaryimage"},"image":{"@id":"https:\/\/www.livemag.it\/index.php\/2024\/10\/16\/centri-migranti-in-albania-piantedosi-ue-conferma-valore-progetto\/#primaryimage"},"thumbnailUrl":"https:\/\/www.livemag.it\/wp-content\/uploads\/2024\/10\/20241016_1762.jpg","datePublished":"2024-10-16T16:09:30+00:00","breadcrumb":{"@id":"https:\/\/www.livemag.it\/index.php\/2024\/10\/16\/centri-migranti-in-albania-piantedosi-ue-conferma-valore-progetto\/#breadcrumb"},"inLanguage":"it-IT","potentialAction":[{"@type":"ReadAction","target":["https:\/\/www.livemag.it\/index.php\/2024\/10\/16\/centri-migranti-in-albania-piantedosi-ue-conferma-valore-progetto\/"]}]},{"@type":"ImageObject","inLanguage":"it-IT","@id":"https:\/\/www.livemag.it\/index.php\/2024\/10\/16\/centri-migranti-in-albania-piantedosi-ue-conferma-valore-progetto\/#primaryimage","url":"https:\/\/www.livemag.it\/wp-content\/uploads\/2024\/10\/20241016_1762.jpg","contentUrl":"https:\/\/www.livemag.it\/wp-content\/uploads\/2024\/10\/20241016_1762.jpg","width":1200,"height":800},{"@type":"BreadcrumbList","@id":"https:\/\/www.livemag.it\/index.php\/2024\/10\/16\/centri-migranti-in-albania-piantedosi-ue-conferma-valore-progetto\/#breadcrumb","itemListElement":[{"@type":"ListItem","position":1,"name":"Home","item":"https:\/\/www.livemag.it\/"},{"@type":"ListItem","position":2,"name":"Centri migranti in Albania, Piantedosi \u201cUe conferma valore progetto\u201d"}]},{"@type":"WebSite","@id":"https:\/\/www.livemag.it\/#website","url":"https:\/\/www.livemag.it\/","name":"Live Magazine","description":"Varie ed eventi","publisher":{"@id":"https:\/\/www.livemag.it\/#organization"},"potentialAction":[{"@type":"SearchAction","target":{"@type":"EntryPoint","urlTemplate":"https:\/\/www.livemag.it\/?s={search_term_string}"},"query-input":{"@type":"PropertyValueSpecification","valueRequired":true,"valueName":"search_term_string"}}],"inLanguage":"it-IT"},{"@type":"Organization","@id":"https:\/\/www.livemag.it\/#organization","name":"LiveMag","alternateName":"LiveMag News ed eventi","url":"https:\/\/www.livemag.it\/","logo":{"@type":"ImageObject","inLanguage":"it-IT","@id":"https:\/\/www.livemag.it\/#\/schema\/logo\/image\/","url":"https:\/\/www.livemag.it\/wp-content\/uploads\/2024\/02\/immagine-sito.jpg","contentUrl":"https:\/\/www.livemag.it\/wp-content\/uploads\/2024\/02\/immagine-sito.jpg","width":696,"height":696,"caption":"LiveMag"},"image":{"@id":"https:\/\/www.livemag.it\/#\/schema\/logo\/image\/"},"sameAs":["https:\/\/www.facebook.com\/LiveMag\/","https:\/\/x.com\/LiveNotizie","https:\/\/www.instagram.com\/livemag\/"]},{"@type":"Person","@id":"https:\/\/www.livemag.it\/#\/schema\/person\/b62c5f44451fdcdaeb0afe6c2424e73c","name":"italpress","image":{"@type":"ImageObject","inLanguage":"it-IT","@id":"https:\/\/secure.gravatar.com\/avatar\/b6a21695fc713ce7ee312cf57c97e2e641feb365be72d8745574d3c3e2b59066?s=96&r=g","url":"https:\/\/secure.gravatar.com\/avatar\/b6a21695fc713ce7ee312cf57c97e2e641feb365be72d8745574d3c3e2b59066?s=96&r=g","contentUrl":"https:\/\/secure.gravatar.com\/avatar\/b6a21695fc713ce7ee312cf57c97e2e641feb365be72d8745574d3c3e2b59066?s=96&r=g","caption":"italpress"},"description":"Italpress \u00e8 un'agenzia di stampa italiana a carattere nazionale.","url":"https:\/\/www.livemag.it\/index.php\/author\/italpress\/"}]}},"jetpack_featured_media_url":"https:\/\/www.livemag.it\/wp-content\/uploads\/2024\/10\/20241016_1762.jpg","_links":{"self":[{"href":"https:\/\/www.livemag.it\/index.php\/wp-json\/wp\/v2\/posts\/37092","targetHints":{"allow":["GET"]}}],"collection":[{"href":"https:\/\/www.livemag.it\/index.php\/wp-json\/wp\/v2\/posts"}],"about":[{"href":"https:\/\/www.livemag.it\/index.php\/wp-json\/wp\/v2\/types\/post"}],"author":[{"embeddable":true,"href":"https:\/\/www.livemag.it\/index.php\/wp-json\/wp\/v2\/users\/16"}],"replies":[{"embeddable":true,"href":"https:\/\/www.livemag.it\/index.php\/wp-json\/wp\/v2\/comments?post=37092"}],"version-history":[{"count":0,"href":"https:\/\/www.livemag.it\/index.php\/wp-json\/wp\/v2\/posts\/37092\/revisions"}],"wp:featuredmedia":[{"embeddable":true,"href":"https:\/\/www.livemag.it\/index.php\/wp-json\/wp\/v2\/media\/37093"}],"wp:attachment":[{"href":"https:\/\/www.livemag.it\/index.php\/wp-json\/wp\/v2\/media?parent=37092"}],"wp:term":[{"taxonomy":"category","embeddable":true,"href":"https:\/\/www.livemag.it\/index.php\/wp-json\/wp\/v2\/categories?post=37092"},{"taxonomy":"post_tag","embeddable":true,"href":"https:\/\/www.livemag.it\/index.php\/wp-json\/wp\/v2\/tags?post=37092"}],"curies":[{"name":"wp","href":"https:\/\/api.w.org\/{rel}","templated":true}]}}