{"id":35422,"date":"2024-09-23T15:03:46","date_gmt":"2024-09-23T13:03:46","guid":{"rendered":"https:\/\/www.livemag.it\/index.php\/2024\/09\/23\/terna-autorizzato-il-nuovo-elettrodotto-che-collega-sicilia-e-calabria\/"},"modified":"2024-09-23T15:03:46","modified_gmt":"2024-09-23T13:03:46","slug":"terna-autorizzato-il-nuovo-elettrodotto-che-collega-sicilia-e-calabria","status":"publish","type":"post","link":"https:\/\/www.livemag.it\/index.php\/2024\/09\/23\/terna-autorizzato-il-nuovo-elettrodotto-che-collega-sicilia-e-calabria\/","title":{"rendered":"Terna, autorizzato il nuovo elettrodotto che collega Sicilia e Calabria"},"content":{"rendered":"<div>\n<p>ROMA (ITALPRESS) \u2013 Il Ministero dell\u2019Ambiente e della Sicurezza Energetica (MASE) ha autorizzato l\u2019infrastruttura elettrica \u201cBolano-Annunziata\u201d, il collegamento elettrico sottomarino in corrente alternata a 380 kV di Terna che unir\u00e0 la Sicilia e la Calabria. Per la realizzazione dell\u2019opera, strategica per la rete siciliana e per l\u2019intero sistema elettrico nazionale, la societ\u00e0 guidata da Giuseppina Di Foggia ha previsto un investimento di 128 milioni di euro.<br \/>L\u2019infrastruttura incrementer\u00e0 fino a 2.000 MW la capacit\u00e0 di interconnessione tra la Sicilia e il Continente a beneficio dello sviluppo e dell\u2019integrazione delle fonti rinnovabili previsto nel Sud Italia.<br \/>Il collegamento permetter\u00e0, inoltre, di migliorare la magliatura della rete e la flessibilit\u00e0 di esercizio, rendendo ancora pi\u00f9 sicuri i sistemi elettrici del Mezzogiorno e dell\u2019Isola.<br \/>\u201cAccogliamo con soddisfazione il via libera definitivo del MASE per un\u2019opera strategica che conferma l\u2019impegno di Terna per lo sviluppo della rete elettrica siciliana e l\u2019incremento delle interconnessioni \u2013 ha dichiarato Giuseppina Di Foggia, Amministratore Delegato e Direttore Generale di Terna -. Con la nuova infrastruttura l\u2019Isola sar\u00e0 collegata da tre elettrodotti a 380 kV con il continente: ci\u00f2 render\u00e0 ancora pi\u00f9 efficiente l\u2019integrazione nel sistema elettrico nazionale della crescente produzione di energia rinnovabile in Sicilia\u201d.<br \/>L\u2019opera si compone di pi\u00f9 interventi: il principale consiste nella posa di un cavo elettrico sottomarino di circa 7,5 km che collegher\u00e0 la costa calabrese, in provincia di Reggio Calabria, alla costa Siciliana in provincia di Messina.<br \/>Inoltre, Terna realizzer\u00e0 due nuove linee interrate dagli approdi del cavo sottomarino alle stazioni elettriche di Annunziata nel Comune di Messina e di Bolano nel Comune di Villa San Giovanni, lunghe rispettivamente circa 3 km per il lato siciliano e circa 500 metri per quello calabrese. L\u2019intero elettrodotto sar\u00e0 dotato anche di un collegamento in fibra ottica per la trasmissione dei dati.<br \/>Attualmente la Sicilia e la Calabria sono collegate da due elettrodotti a 380 kV: il collegamento \u2018Sorgente-Rizzicon\u00ec (tra Scilla e Villafranca), entrato in esercizio nel 2016, e la linea \u201cBolano-Paradiso\u201d, risalente agli anni \u201980. Per questa seconda infrastruttura, sono in corso i lavori di ammodernamento di Terna del tratto terrestre, ricadente nel territorio comunale di Messina.<\/p>\n<p>\u2013 foto ufficio stampa Terna \u2013<br \/>(ITALPRESS).<\/p>\n<\/div>\n","protected":false},"excerpt":{"rendered":"<p>ROMA (ITALPRESS) \u2013 Il Ministero dell\u2019Ambiente e della Sicurezza Energetica (MASE) ha autorizzato l\u2019infrastruttura elettrica \u201cBolano-Annunziata\u201d, il collegamento elettrico sottomarino in corrente alternata a 380 kV di Terna che unir\u00e0 la Sicilia e la Calabria. Per la realizzazione dell\u2019opera, strategica per la rete siciliana e per l\u2019intero sistema elettrico nazionale, la societ\u00e0 guidata da Giuseppina [&hellip;]<\/p>\n","protected":false},"author":16,"featured_media":35423,"comment_status":"closed","ping_status":"closed","sticky":false,"template":"","format":"standard","meta":{"jnews-multi-image_gallery":[],"jnews_single_post":[],"jnews_primary_category":[],"jnews_social_meta":[],"jnews_override_counter":[],"jnews_post_split":[],"footnotes":""},"categories":[1129],"tags":[],"class_list":["post-35422","post","type-post","status-publish","format-standard","has-post-thumbnail","hentry","category-mondo"],"yoast_head":"<!-- This site is optimized with the Yoast SEO plugin v27.5 - https:\/\/yoast.com\/product\/yoast-seo-wordpress\/ -->\n<title>Terna, autorizzato il nuovo elettrodotto che collega Sicilia e Calabria - Live Magazine<\/title>\n<meta name=\"robots\" content=\"index, follow, max-snippet:-1, max-image-preview:large, max-video-preview:-1\" \/>\n<link rel=\"canonical\" href=\"https:\/\/www.livemag.it\/index.php\/2024\/09\/23\/terna-autorizzato-il-nuovo-elettrodotto-che-collega-sicilia-e-calabria\/\" \/>\n<meta property=\"og:locale\" content=\"it_IT\" \/>\n<meta property=\"og:type\" content=\"article\" \/>\n<meta property=\"og:title\" content=\"Terna, autorizzato il nuovo elettrodotto che collega Sicilia e Calabria - Live Magazine\" \/>\n<meta property=\"og:description\" content=\"ROMA (ITALPRESS) \u2013 Il Ministero dell\u2019Ambiente e della Sicurezza Energetica (MASE) ha autorizzato l\u2019infrastruttura elettrica \u201cBolano-Annunziata\u201d, il collegamento elettrico sottomarino in corrente alternata a 380 kV di Terna che unir\u00e0 la Sicilia e la Calabria. Per la realizzazione dell\u2019opera, strategica per la rete siciliana e per l\u2019intero sistema elettrico nazionale, la societ\u00e0 guidata da Giuseppina [&hellip;]\" \/>\n<meta property=\"og:url\" content=\"https:\/\/www.livemag.it\/index.php\/2024\/09\/23\/terna-autorizzato-il-nuovo-elettrodotto-che-collega-sicilia-e-calabria\/\" \/>\n<meta property=\"og:site_name\" content=\"Live Magazine\" \/>\n<meta property=\"article:publisher\" content=\"https:\/\/www.facebook.com\/LiveMag\/\" \/>\n<meta property=\"article:published_time\" content=\"2024-09-23T13:03:46+00:00\" \/>\n<meta property=\"og:image\" content=\"https:\/\/www.livemag.it\/wp-content\/uploads\/2024\/02\/ograph.jpg\" \/>\n\t<meta property=\"og:image:width\" content=\"1200\" \/>\n\t<meta property=\"og:image:height\" content=\"675\" \/>\n\t<meta property=\"og:image:type\" content=\"image\/jpeg\" \/>\n<meta name=\"author\" content=\"italpress\" \/>\n<meta name=\"twitter:card\" content=\"summary_large_image\" \/>\n<meta name=\"twitter:creator\" content=\"@LiveNotizie\" \/>\n<meta name=\"twitter:site\" content=\"@LiveNotizie\" \/>\n<meta name=\"twitter:label1\" content=\"Scritto da\" \/>\n\t<meta name=\"twitter:data1\" content=\"italpress\" \/>\n\t<meta name=\"twitter:label2\" content=\"Tempo di lettura stimato\" \/>\n\t<meta name=\"twitter:data2\" content=\"2 minuti\" \/>\n<script type=\"application\/ld+json\" class=\"yoast-schema-graph\">{\"@context\":\"https:\\\/\\\/schema.org\",\"@graph\":[{\"@type\":\"Article\",\"@id\":\"https:\\\/\\\/www.livemag.it\\\/index.php\\\/2024\\\/09\\\/23\\\/terna-autorizzato-il-nuovo-elettrodotto-che-collega-sicilia-e-calabria\\\/#article\",\"isPartOf\":{\"@id\":\"https:\\\/\\\/www.livemag.it\\\/index.php\\\/2024\\\/09\\\/23\\\/terna-autorizzato-il-nuovo-elettrodotto-che-collega-sicilia-e-calabria\\\/\"},\"author\":{\"name\":\"italpress\",\"@id\":\"https:\\\/\\\/www.livemag.it\\\/#\\\/schema\\\/person\\\/b62c5f44451fdcdaeb0afe6c2424e73c\"},\"headline\":\"Terna, autorizzato il nuovo elettrodotto che collega Sicilia e Calabria\",\"datePublished\":\"2024-09-23T13:03:46+00:00\",\"mainEntityOfPage\":{\"@id\":\"https:\\\/\\\/www.livemag.it\\\/index.php\\\/2024\\\/09\\\/23\\\/terna-autorizzato-il-nuovo-elettrodotto-che-collega-sicilia-e-calabria\\\/\"},\"wordCount\":369,\"publisher\":{\"@id\":\"https:\\\/\\\/www.livemag.it\\\/#organization\"},\"image\":{\"@id\":\"https:\\\/\\\/www.livemag.it\\\/index.php\\\/2024\\\/09\\\/23\\\/terna-autorizzato-il-nuovo-elettrodotto-che-collega-sicilia-e-calabria\\\/#primaryimage\"},\"thumbnailUrl\":\"https:\\\/\\\/www.livemag.it\\\/wp-content\\\/uploads\\\/2024\\\/09\\\/20240923_0503.jpg\",\"articleSection\":[\"Mondo\"],\"inLanguage\":\"it-IT\"},{\"@type\":\"WebPage\",\"@id\":\"https:\\\/\\\/www.livemag.it\\\/index.php\\\/2024\\\/09\\\/23\\\/terna-autorizzato-il-nuovo-elettrodotto-che-collega-sicilia-e-calabria\\\/\",\"url\":\"https:\\\/\\\/www.livemag.it\\\/index.php\\\/2024\\\/09\\\/23\\\/terna-autorizzato-il-nuovo-elettrodotto-che-collega-sicilia-e-calabria\\\/\",\"name\":\"Terna, autorizzato il nuovo elettrodotto che collega Sicilia e Calabria - Live Magazine\",\"isPartOf\":{\"@id\":\"https:\\\/\\\/www.livemag.it\\\/#website\"},\"primaryImageOfPage\":{\"@id\":\"https:\\\/\\\/www.livemag.it\\\/index.php\\\/2024\\\/09\\\/23\\\/terna-autorizzato-il-nuovo-elettrodotto-che-collega-sicilia-e-calabria\\\/#primaryimage\"},\"image\":{\"@id\":\"https:\\\/\\\/www.livemag.it\\\/index.php\\\/2024\\\/09\\\/23\\\/terna-autorizzato-il-nuovo-elettrodotto-che-collega-sicilia-e-calabria\\\/#primaryimage\"},\"thumbnailUrl\":\"https:\\\/\\\/www.livemag.it\\\/wp-content\\\/uploads\\\/2024\\\/09\\\/20240923_0503.jpg\",\"datePublished\":\"2024-09-23T13:03:46+00:00\",\"breadcrumb\":{\"@id\":\"https:\\\/\\\/www.livemag.it\\\/index.php\\\/2024\\\/09\\\/23\\\/terna-autorizzato-il-nuovo-elettrodotto-che-collega-sicilia-e-calabria\\\/#breadcrumb\"},\"inLanguage\":\"it-IT\",\"potentialAction\":[{\"@type\":\"ReadAction\",\"target\":[\"https:\\\/\\\/www.livemag.it\\\/index.php\\\/2024\\\/09\\\/23\\\/terna-autorizzato-il-nuovo-elettrodotto-che-collega-sicilia-e-calabria\\\/\"]}]},{\"@type\":\"ImageObject\",\"inLanguage\":\"it-IT\",\"@id\":\"https:\\\/\\\/www.livemag.it\\\/index.php\\\/2024\\\/09\\\/23\\\/terna-autorizzato-il-nuovo-elettrodotto-che-collega-sicilia-e-calabria\\\/#primaryimage\",\"url\":\"https:\\\/\\\/www.livemag.it\\\/wp-content\\\/uploads\\\/2024\\\/09\\\/20240923_0503.jpg\",\"contentUrl\":\"https:\\\/\\\/www.livemag.it\\\/wp-content\\\/uploads\\\/2024\\\/09\\\/20240923_0503.jpg\",\"width\":1200,\"height\":800},{\"@type\":\"BreadcrumbList\",\"@id\":\"https:\\\/\\\/www.livemag.it\\\/index.php\\\/2024\\\/09\\\/23\\\/terna-autorizzato-il-nuovo-elettrodotto-che-collega-sicilia-e-calabria\\\/#breadcrumb\",\"itemListElement\":[{\"@type\":\"ListItem\",\"position\":1,\"name\":\"Home\",\"item\":\"https:\\\/\\\/www.livemag.it\\\/\"},{\"@type\":\"ListItem\",\"position\":2,\"name\":\"Terna, autorizzato il nuovo elettrodotto che collega Sicilia e Calabria\"}]},{\"@type\":\"WebSite\",\"@id\":\"https:\\\/\\\/www.livemag.it\\\/#website\",\"url\":\"https:\\\/\\\/www.livemag.it\\\/\",\"name\":\"Live Magazine\",\"description\":\"Varie ed eventi\",\"publisher\":{\"@id\":\"https:\\\/\\\/www.livemag.it\\\/#organization\"},\"potentialAction\":[{\"@type\":\"SearchAction\",\"target\":{\"@type\":\"EntryPoint\",\"urlTemplate\":\"https:\\\/\\\/www.livemag.it\\\/?s={search_term_string}\"},\"query-input\":{\"@type\":\"PropertyValueSpecification\",\"valueRequired\":true,\"valueName\":\"search_term_string\"}}],\"inLanguage\":\"it-IT\"},{\"@type\":\"Organization\",\"@id\":\"https:\\\/\\\/www.livemag.it\\\/#organization\",\"name\":\"LiveMag\",\"alternateName\":\"LiveMag News ed eventi\",\"url\":\"https:\\\/\\\/www.livemag.it\\\/\",\"logo\":{\"@type\":\"ImageObject\",\"inLanguage\":\"it-IT\",\"@id\":\"https:\\\/\\\/www.livemag.it\\\/#\\\/schema\\\/logo\\\/image\\\/\",\"url\":\"https:\\\/\\\/www.livemag.it\\\/wp-content\\\/uploads\\\/2024\\\/02\\\/immagine-sito.jpg\",\"contentUrl\":\"https:\\\/\\\/www.livemag.it\\\/wp-content\\\/uploads\\\/2024\\\/02\\\/immagine-sito.jpg\",\"width\":696,\"height\":696,\"caption\":\"LiveMag\"},\"image\":{\"@id\":\"https:\\\/\\\/www.livemag.it\\\/#\\\/schema\\\/logo\\\/image\\\/\"},\"sameAs\":[\"https:\\\/\\\/www.facebook.com\\\/LiveMag\\\/\",\"https:\\\/\\\/x.com\\\/LiveNotizie\",\"https:\\\/\\\/www.instagram.com\\\/livemag\\\/\"]},{\"@type\":\"Person\",\"@id\":\"https:\\\/\\\/www.livemag.it\\\/#\\\/schema\\\/person\\\/b62c5f44451fdcdaeb0afe6c2424e73c\",\"name\":\"italpress\",\"image\":{\"@type\":\"ImageObject\",\"inLanguage\":\"it-IT\",\"@id\":\"https:\\\/\\\/secure.gravatar.com\\\/avatar\\\/b6a21695fc713ce7ee312cf57c97e2e641feb365be72d8745574d3c3e2b59066?s=96&r=g\",\"url\":\"https:\\\/\\\/secure.gravatar.com\\\/avatar\\\/b6a21695fc713ce7ee312cf57c97e2e641feb365be72d8745574d3c3e2b59066?s=96&r=g\",\"contentUrl\":\"https:\\\/\\\/secure.gravatar.com\\\/avatar\\\/b6a21695fc713ce7ee312cf57c97e2e641feb365be72d8745574d3c3e2b59066?s=96&r=g\",\"caption\":\"italpress\"},\"description\":\"Italpress \u00e8 un'agenzia di stampa italiana a carattere nazionale.\",\"url\":\"https:\\\/\\\/www.livemag.it\\\/index.php\\\/author\\\/italpress\\\/\"}]}<\/script>\n<!-- \/ Yoast SEO plugin. -->","yoast_head_json":{"title":"Terna, autorizzato il nuovo elettrodotto che collega Sicilia e Calabria - Live Magazine","robots":{"index":"index","follow":"follow","max-snippet":"max-snippet:-1","max-image-preview":"max-image-preview:large","max-video-preview":"max-video-preview:-1"},"canonical":"https:\/\/www.livemag.it\/index.php\/2024\/09\/23\/terna-autorizzato-il-nuovo-elettrodotto-che-collega-sicilia-e-calabria\/","og_locale":"it_IT","og_type":"article","og_title":"Terna, autorizzato il nuovo elettrodotto che collega Sicilia e Calabria - Live Magazine","og_description":"ROMA (ITALPRESS) \u2013 Il Ministero dell\u2019Ambiente e della Sicurezza Energetica (MASE) ha autorizzato l\u2019infrastruttura elettrica \u201cBolano-Annunziata\u201d, il collegamento elettrico sottomarino in corrente alternata a 380 kV di Terna che unir\u00e0 la Sicilia e la Calabria. Per la realizzazione dell\u2019opera, strategica per la rete siciliana e per l\u2019intero sistema elettrico nazionale, la societ\u00e0 guidata da Giuseppina [&hellip;]","og_url":"https:\/\/www.livemag.it\/index.php\/2024\/09\/23\/terna-autorizzato-il-nuovo-elettrodotto-che-collega-sicilia-e-calabria\/","og_site_name":"Live Magazine","article_publisher":"https:\/\/www.facebook.com\/LiveMag\/","article_published_time":"2024-09-23T13:03:46+00:00","og_image":[{"width":1200,"height":675,"url":"https:\/\/www.livemag.it\/wp-content\/uploads\/2024\/02\/ograph.jpg","type":"image\/jpeg"}],"author":"italpress","twitter_card":"summary_large_image","twitter_creator":"@LiveNotizie","twitter_site":"@LiveNotizie","twitter_misc":{"Scritto da":"italpress","Tempo di lettura stimato":"2 minuti"},"schema":{"@context":"https:\/\/schema.org","@graph":[{"@type":"Article","@id":"https:\/\/www.livemag.it\/index.php\/2024\/09\/23\/terna-autorizzato-il-nuovo-elettrodotto-che-collega-sicilia-e-calabria\/#article","isPartOf":{"@id":"https:\/\/www.livemag.it\/index.php\/2024\/09\/23\/terna-autorizzato-il-nuovo-elettrodotto-che-collega-sicilia-e-calabria\/"},"author":{"name":"italpress","@id":"https:\/\/www.livemag.it\/#\/schema\/person\/b62c5f44451fdcdaeb0afe6c2424e73c"},"headline":"Terna, autorizzato il nuovo elettrodotto che collega Sicilia e Calabria","datePublished":"2024-09-23T13:03:46+00:00","mainEntityOfPage":{"@id":"https:\/\/www.livemag.it\/index.php\/2024\/09\/23\/terna-autorizzato-il-nuovo-elettrodotto-che-collega-sicilia-e-calabria\/"},"wordCount":369,"publisher":{"@id":"https:\/\/www.livemag.it\/#organization"},"image":{"@id":"https:\/\/www.livemag.it\/index.php\/2024\/09\/23\/terna-autorizzato-il-nuovo-elettrodotto-che-collega-sicilia-e-calabria\/#primaryimage"},"thumbnailUrl":"https:\/\/www.livemag.it\/wp-content\/uploads\/2024\/09\/20240923_0503.jpg","articleSection":["Mondo"],"inLanguage":"it-IT"},{"@type":"WebPage","@id":"https:\/\/www.livemag.it\/index.php\/2024\/09\/23\/terna-autorizzato-il-nuovo-elettrodotto-che-collega-sicilia-e-calabria\/","url":"https:\/\/www.livemag.it\/index.php\/2024\/09\/23\/terna-autorizzato-il-nuovo-elettrodotto-che-collega-sicilia-e-calabria\/","name":"Terna, autorizzato il nuovo elettrodotto che collega Sicilia e Calabria - Live Magazine","isPartOf":{"@id":"https:\/\/www.livemag.it\/#website"},"primaryImageOfPage":{"@id":"https:\/\/www.livemag.it\/index.php\/2024\/09\/23\/terna-autorizzato-il-nuovo-elettrodotto-che-collega-sicilia-e-calabria\/#primaryimage"},"image":{"@id":"https:\/\/www.livemag.it\/index.php\/2024\/09\/23\/terna-autorizzato-il-nuovo-elettrodotto-che-collega-sicilia-e-calabria\/#primaryimage"},"thumbnailUrl":"https:\/\/www.livemag.it\/wp-content\/uploads\/2024\/09\/20240923_0503.jpg","datePublished":"2024-09-23T13:03:46+00:00","breadcrumb":{"@id":"https:\/\/www.livemag.it\/index.php\/2024\/09\/23\/terna-autorizzato-il-nuovo-elettrodotto-che-collega-sicilia-e-calabria\/#breadcrumb"},"inLanguage":"it-IT","potentialAction":[{"@type":"ReadAction","target":["https:\/\/www.livemag.it\/index.php\/2024\/09\/23\/terna-autorizzato-il-nuovo-elettrodotto-che-collega-sicilia-e-calabria\/"]}]},{"@type":"ImageObject","inLanguage":"it-IT","@id":"https:\/\/www.livemag.it\/index.php\/2024\/09\/23\/terna-autorizzato-il-nuovo-elettrodotto-che-collega-sicilia-e-calabria\/#primaryimage","url":"https:\/\/www.livemag.it\/wp-content\/uploads\/2024\/09\/20240923_0503.jpg","contentUrl":"https:\/\/www.livemag.it\/wp-content\/uploads\/2024\/09\/20240923_0503.jpg","width":1200,"height":800},{"@type":"BreadcrumbList","@id":"https:\/\/www.livemag.it\/index.php\/2024\/09\/23\/terna-autorizzato-il-nuovo-elettrodotto-che-collega-sicilia-e-calabria\/#breadcrumb","itemListElement":[{"@type":"ListItem","position":1,"name":"Home","item":"https:\/\/www.livemag.it\/"},{"@type":"ListItem","position":2,"name":"Terna, autorizzato il nuovo elettrodotto che collega Sicilia e Calabria"}]},{"@type":"WebSite","@id":"https:\/\/www.livemag.it\/#website","url":"https:\/\/www.livemag.it\/","name":"Live Magazine","description":"Varie ed eventi","publisher":{"@id":"https:\/\/www.livemag.it\/#organization"},"potentialAction":[{"@type":"SearchAction","target":{"@type":"EntryPoint","urlTemplate":"https:\/\/www.livemag.it\/?s={search_term_string}"},"query-input":{"@type":"PropertyValueSpecification","valueRequired":true,"valueName":"search_term_string"}}],"inLanguage":"it-IT"},{"@type":"Organization","@id":"https:\/\/www.livemag.it\/#organization","name":"LiveMag","alternateName":"LiveMag News ed eventi","url":"https:\/\/www.livemag.it\/","logo":{"@type":"ImageObject","inLanguage":"it-IT","@id":"https:\/\/www.livemag.it\/#\/schema\/logo\/image\/","url":"https:\/\/www.livemag.it\/wp-content\/uploads\/2024\/02\/immagine-sito.jpg","contentUrl":"https:\/\/www.livemag.it\/wp-content\/uploads\/2024\/02\/immagine-sito.jpg","width":696,"height":696,"caption":"LiveMag"},"image":{"@id":"https:\/\/www.livemag.it\/#\/schema\/logo\/image\/"},"sameAs":["https:\/\/www.facebook.com\/LiveMag\/","https:\/\/x.com\/LiveNotizie","https:\/\/www.instagram.com\/livemag\/"]},{"@type":"Person","@id":"https:\/\/www.livemag.it\/#\/schema\/person\/b62c5f44451fdcdaeb0afe6c2424e73c","name":"italpress","image":{"@type":"ImageObject","inLanguage":"it-IT","@id":"https:\/\/secure.gravatar.com\/avatar\/b6a21695fc713ce7ee312cf57c97e2e641feb365be72d8745574d3c3e2b59066?s=96&r=g","url":"https:\/\/secure.gravatar.com\/avatar\/b6a21695fc713ce7ee312cf57c97e2e641feb365be72d8745574d3c3e2b59066?s=96&r=g","contentUrl":"https:\/\/secure.gravatar.com\/avatar\/b6a21695fc713ce7ee312cf57c97e2e641feb365be72d8745574d3c3e2b59066?s=96&r=g","caption":"italpress"},"description":"Italpress \u00e8 un'agenzia di stampa italiana a carattere nazionale.","url":"https:\/\/www.livemag.it\/index.php\/author\/italpress\/"}]}},"jetpack_featured_media_url":"https:\/\/www.livemag.it\/wp-content\/uploads\/2024\/09\/20240923_0503.jpg","_links":{"self":[{"href":"https:\/\/www.livemag.it\/index.php\/wp-json\/wp\/v2\/posts\/35422","targetHints":{"allow":["GET"]}}],"collection":[{"href":"https:\/\/www.livemag.it\/index.php\/wp-json\/wp\/v2\/posts"}],"about":[{"href":"https:\/\/www.livemag.it\/index.php\/wp-json\/wp\/v2\/types\/post"}],"author":[{"embeddable":true,"href":"https:\/\/www.livemag.it\/index.php\/wp-json\/wp\/v2\/users\/16"}],"replies":[{"embeddable":true,"href":"https:\/\/www.livemag.it\/index.php\/wp-json\/wp\/v2\/comments?post=35422"}],"version-history":[{"count":0,"href":"https:\/\/www.livemag.it\/index.php\/wp-json\/wp\/v2\/posts\/35422\/revisions"}],"wp:featuredmedia":[{"embeddable":true,"href":"https:\/\/www.livemag.it\/index.php\/wp-json\/wp\/v2\/media\/35423"}],"wp:attachment":[{"href":"https:\/\/www.livemag.it\/index.php\/wp-json\/wp\/v2\/media?parent=35422"}],"wp:term":[{"taxonomy":"category","embeddable":true,"href":"https:\/\/www.livemag.it\/index.php\/wp-json\/wp\/v2\/categories?post=35422"},{"taxonomy":"post_tag","embeddable":true,"href":"https:\/\/www.livemag.it\/index.php\/wp-json\/wp\/v2\/tags?post=35422"}],"curies":[{"name":"wp","href":"https:\/\/api.w.org\/{rel}","templated":true}]}}