{"id":35288,"date":"2024-09-21T12:03:40","date_gmt":"2024-09-21T10:03:40","guid":{"rendered":"https:\/\/www.livemag.it\/index.php\/2024\/09\/21\/maltempo-musumeci-lassicurazione-non-e-obbligatoria-per-le-famiglie\/"},"modified":"2024-09-21T12:03:40","modified_gmt":"2024-09-21T10:03:40","slug":"maltempo-musumeci-lassicurazione-non-e-obbligatoria-per-le-famiglie","status":"publish","type":"post","link":"https:\/\/www.livemag.it\/index.php\/2024\/09\/21\/maltempo-musumeci-lassicurazione-non-e-obbligatoria-per-le-famiglie\/","title":{"rendered":"Maltempo, Musumeci \u201cL\u2019assicurazione non \u00e8 obbligatoria per le famiglie\u201d"},"content":{"rendered":"<div>\n<p>MILANO (ITALPRESS) \u2013 \u201cL\u2019obbligatoriet\u00e0\u201d della polizza assicurativa contro i rischi naturali \u201c\u00e8 un\u2019iniziativa non mia ma del governo, votata dal Parlamento: si tratta di una norma gi\u00e0 inserita nella Legge di Bilancio 2024. E riguarda le imprese, escluse le aziende agricole. Ho proposto che questo processo non pu\u00f2 non riguardare i privati e le famiglie, gradualmente: nessuno ha parlato di obbligo. Pu\u00f2 essere una scelta assolutamente volontaria\u201d. Lo ha detto il ministro per la Protezione civile, Nello Musumeci, intervistato a Weekend Agor\u00e0 su Rai 3. \u201cSe decido di sottoscrivere una polizza lo Stato mi viene incontro perch\u00e8 mi paga la parte rimanente che la compagnia assicuratrice non mi paga. Se non voglio mettere in sicurezza la mia casa, sono liberissimo di non sottoscrivere l\u2019assicurazione \u2013 ha spiegato -. Noi immaginiamo un partnenariato pubblico-privato con le compagnie, che a loro volta vanno caute perch\u00e8 la loro esposizione \u00e8 particolarmente alta e quindi bisogna trovare la giusta soluzione\u201d. Musumeci ha precisato che \u201cGiorgetti, insieme a Urso, stanno esaminando il decreto attuativo sulla legge gi\u00e0 vigente sulle imprese. Superato questo aspetto, si passer\u00e0 a valutare come intervenire a favore dei privati: si tratta di mettere in garanzia gli immobili dei privati\u201d. \u201cLo Stato ogni anno tira fuori tra i 3,5 e i 6 miliardi, anche per ricostruire case a due metri dall\u2019alveo di un fiume\u201d, ha continuato<br \/>\u201cSciacallaggio politico da parte mia? E\u2019 una polemica politica sostenuta e alimentata a due mesi da voto regionale. Vorrei capire di cosa sono accusato. Mi hanno parlato di prevenzione e ho detto che su questo la Regione Emilia-Romagna in 10 anni ha avuto dai governi nazionali circa 600 milioni di euro. Come sono stati spesi non lo sappiamo, vorremmo saperlo e forse vorrebbero saperlo i cittadini\u201d ha precisato Musumeci. \u201cHo sentito parlare del commissario Figliuolo in relazione all\u2019alluvione di questi giorni\u201d in Emilia Romagna. Ma \u201cnon c\u2019entra assolutamente niente. E\u2019 stato nominato per la scorsa alluvione. Figliuolo \u00e8 un militare, non \u00e8 di destra n\u00e8 di sinistra. Per Ischia abbiamo nominato Legnini, che non \u00e8 di centrodestra. Quindi non \u00e8 una polemica legata all\u2019appartenenza politica\u201d, ha sottolineato poi il ministro. <\/p>\n<p>\u2013 Foto: Agenzia Fotogramma \u2013 <\/p>\n<p>(ITALPRESS).<\/p>\n<\/div>\n","protected":false},"excerpt":{"rendered":"<p>MILANO (ITALPRESS) \u2013 \u201cL\u2019obbligatoriet\u00e0\u201d della polizza assicurativa contro i rischi naturali \u201c\u00e8 un\u2019iniziativa non mia ma del governo, votata dal Parlamento: si tratta di una norma gi\u00e0 inserita nella Legge di Bilancio 2024. E riguarda le imprese, escluse le aziende agricole. Ho proposto che questo processo non pu\u00f2 non riguardare i privati e le famiglie, [&hellip;]<\/p>\n","protected":false},"author":16,"featured_media":35289,"comment_status":"closed","ping_status":"closed","sticky":false,"template":"","format":"standard","meta":{"jnews-multi-image_gallery":[],"jnews_single_post":[],"jnews_primary_category":[],"jnews_social_meta":[],"jnews_override_counter":[],"jnews_post_split":[],"footnotes":""},"categories":[1129],"tags":[],"class_list":["post-35288","post","type-post","status-publish","format-standard","has-post-thumbnail","hentry","category-mondo"],"yoast_head":"<!-- This site is optimized with the Yoast SEO plugin v27.5 - https:\/\/yoast.com\/product\/yoast-seo-wordpress\/ -->\n<title>Maltempo, Musumeci \u201cL\u2019assicurazione non \u00e8 obbligatoria per le famiglie\u201d - Live Magazine<\/title>\n<meta name=\"robots\" content=\"index, follow, max-snippet:-1, max-image-preview:large, max-video-preview:-1\" \/>\n<link rel=\"canonical\" href=\"https:\/\/www.livemag.it\/index.php\/2024\/09\/21\/maltempo-musumeci-lassicurazione-non-e-obbligatoria-per-le-famiglie\/\" \/>\n<meta property=\"og:locale\" content=\"it_IT\" \/>\n<meta property=\"og:type\" content=\"article\" \/>\n<meta property=\"og:title\" content=\"Maltempo, Musumeci \u201cL\u2019assicurazione non \u00e8 obbligatoria per le famiglie\u201d - Live Magazine\" \/>\n<meta property=\"og:description\" content=\"MILANO (ITALPRESS) \u2013 \u201cL\u2019obbligatoriet\u00e0\u201d della polizza assicurativa contro i rischi naturali \u201c\u00e8 un\u2019iniziativa non mia ma del governo, votata dal Parlamento: si tratta di una norma gi\u00e0 inserita nella Legge di Bilancio 2024. E riguarda le imprese, escluse le aziende agricole. Ho proposto che questo processo non pu\u00f2 non riguardare i privati e le famiglie, [&hellip;]\" \/>\n<meta property=\"og:url\" content=\"https:\/\/www.livemag.it\/index.php\/2024\/09\/21\/maltempo-musumeci-lassicurazione-non-e-obbligatoria-per-le-famiglie\/\" \/>\n<meta property=\"og:site_name\" content=\"Live Magazine\" \/>\n<meta property=\"article:publisher\" content=\"https:\/\/www.facebook.com\/LiveMag\/\" \/>\n<meta property=\"article:published_time\" content=\"2024-09-21T10:03:40+00:00\" \/>\n<meta property=\"og:image\" content=\"https:\/\/www.livemag.it\/wp-content\/uploads\/2024\/02\/ograph.jpg\" \/>\n\t<meta property=\"og:image:width\" content=\"1200\" \/>\n\t<meta property=\"og:image:height\" content=\"675\" \/>\n\t<meta property=\"og:image:type\" content=\"image\/jpeg\" \/>\n<meta name=\"author\" content=\"italpress\" \/>\n<meta name=\"twitter:card\" content=\"summary_large_image\" \/>\n<meta name=\"twitter:creator\" content=\"@LiveNotizie\" \/>\n<meta name=\"twitter:site\" content=\"@LiveNotizie\" \/>\n<meta name=\"twitter:label1\" content=\"Scritto da\" \/>\n\t<meta name=\"twitter:data1\" content=\"italpress\" \/>\n\t<meta name=\"twitter:label2\" content=\"Tempo di lettura stimato\" \/>\n\t<meta name=\"twitter:data2\" content=\"2 minuti\" \/>\n<script type=\"application\/ld+json\" class=\"yoast-schema-graph\">{\"@context\":\"https:\\\/\\\/schema.org\",\"@graph\":[{\"@type\":\"Article\",\"@id\":\"https:\\\/\\\/www.livemag.it\\\/index.php\\\/2024\\\/09\\\/21\\\/maltempo-musumeci-lassicurazione-non-e-obbligatoria-per-le-famiglie\\\/#article\",\"isPartOf\":{\"@id\":\"https:\\\/\\\/www.livemag.it\\\/index.php\\\/2024\\\/09\\\/21\\\/maltempo-musumeci-lassicurazione-non-e-obbligatoria-per-le-famiglie\\\/\"},\"author\":{\"name\":\"italpress\",\"@id\":\"https:\\\/\\\/www.livemag.it\\\/#\\\/schema\\\/person\\\/b62c5f44451fdcdaeb0afe6c2424e73c\"},\"headline\":\"Maltempo, Musumeci \u201cL\u2019assicurazione non \u00e8 obbligatoria per le famiglie\u201d\",\"datePublished\":\"2024-09-21T10:03:40+00:00\",\"mainEntityOfPage\":{\"@id\":\"https:\\\/\\\/www.livemag.it\\\/index.php\\\/2024\\\/09\\\/21\\\/maltempo-musumeci-lassicurazione-non-e-obbligatoria-per-le-famiglie\\\/\"},\"wordCount\":360,\"publisher\":{\"@id\":\"https:\\\/\\\/www.livemag.it\\\/#organization\"},\"image\":{\"@id\":\"https:\\\/\\\/www.livemag.it\\\/index.php\\\/2024\\\/09\\\/21\\\/maltempo-musumeci-lassicurazione-non-e-obbligatoria-per-le-famiglie\\\/#primaryimage\"},\"thumbnailUrl\":\"https:\\\/\\\/www.livemag.it\\\/wp-content\\\/uploads\\\/2024\\\/09\\\/20240921_0122.jpg\",\"articleSection\":[\"Mondo\"],\"inLanguage\":\"it-IT\"},{\"@type\":\"WebPage\",\"@id\":\"https:\\\/\\\/www.livemag.it\\\/index.php\\\/2024\\\/09\\\/21\\\/maltempo-musumeci-lassicurazione-non-e-obbligatoria-per-le-famiglie\\\/\",\"url\":\"https:\\\/\\\/www.livemag.it\\\/index.php\\\/2024\\\/09\\\/21\\\/maltempo-musumeci-lassicurazione-non-e-obbligatoria-per-le-famiglie\\\/\",\"name\":\"Maltempo, Musumeci \u201cL\u2019assicurazione non \u00e8 obbligatoria per le famiglie\u201d - Live Magazine\",\"isPartOf\":{\"@id\":\"https:\\\/\\\/www.livemag.it\\\/#website\"},\"primaryImageOfPage\":{\"@id\":\"https:\\\/\\\/www.livemag.it\\\/index.php\\\/2024\\\/09\\\/21\\\/maltempo-musumeci-lassicurazione-non-e-obbligatoria-per-le-famiglie\\\/#primaryimage\"},\"image\":{\"@id\":\"https:\\\/\\\/www.livemag.it\\\/index.php\\\/2024\\\/09\\\/21\\\/maltempo-musumeci-lassicurazione-non-e-obbligatoria-per-le-famiglie\\\/#primaryimage\"},\"thumbnailUrl\":\"https:\\\/\\\/www.livemag.it\\\/wp-content\\\/uploads\\\/2024\\\/09\\\/20240921_0122.jpg\",\"datePublished\":\"2024-09-21T10:03:40+00:00\",\"breadcrumb\":{\"@id\":\"https:\\\/\\\/www.livemag.it\\\/index.php\\\/2024\\\/09\\\/21\\\/maltempo-musumeci-lassicurazione-non-e-obbligatoria-per-le-famiglie\\\/#breadcrumb\"},\"inLanguage\":\"it-IT\",\"potentialAction\":[{\"@type\":\"ReadAction\",\"target\":[\"https:\\\/\\\/www.livemag.it\\\/index.php\\\/2024\\\/09\\\/21\\\/maltempo-musumeci-lassicurazione-non-e-obbligatoria-per-le-famiglie\\\/\"]}]},{\"@type\":\"ImageObject\",\"inLanguage\":\"it-IT\",\"@id\":\"https:\\\/\\\/www.livemag.it\\\/index.php\\\/2024\\\/09\\\/21\\\/maltempo-musumeci-lassicurazione-non-e-obbligatoria-per-le-famiglie\\\/#primaryimage\",\"url\":\"https:\\\/\\\/www.livemag.it\\\/wp-content\\\/uploads\\\/2024\\\/09\\\/20240921_0122.jpg\",\"contentUrl\":\"https:\\\/\\\/www.livemag.it\\\/wp-content\\\/uploads\\\/2024\\\/09\\\/20240921_0122.jpg\",\"width\":1024,\"height\":684},{\"@type\":\"BreadcrumbList\",\"@id\":\"https:\\\/\\\/www.livemag.it\\\/index.php\\\/2024\\\/09\\\/21\\\/maltempo-musumeci-lassicurazione-non-e-obbligatoria-per-le-famiglie\\\/#breadcrumb\",\"itemListElement\":[{\"@type\":\"ListItem\",\"position\":1,\"name\":\"Home\",\"item\":\"https:\\\/\\\/www.livemag.it\\\/\"},{\"@type\":\"ListItem\",\"position\":2,\"name\":\"Maltempo, Musumeci \u201cL\u2019assicurazione non \u00e8 obbligatoria per le famiglie\u201d\"}]},{\"@type\":\"WebSite\",\"@id\":\"https:\\\/\\\/www.livemag.it\\\/#website\",\"url\":\"https:\\\/\\\/www.livemag.it\\\/\",\"name\":\"Live Magazine\",\"description\":\"Varie ed eventi\",\"publisher\":{\"@id\":\"https:\\\/\\\/www.livemag.it\\\/#organization\"},\"potentialAction\":[{\"@type\":\"SearchAction\",\"target\":{\"@type\":\"EntryPoint\",\"urlTemplate\":\"https:\\\/\\\/www.livemag.it\\\/?s={search_term_string}\"},\"query-input\":{\"@type\":\"PropertyValueSpecification\",\"valueRequired\":true,\"valueName\":\"search_term_string\"}}],\"inLanguage\":\"it-IT\"},{\"@type\":\"Organization\",\"@id\":\"https:\\\/\\\/www.livemag.it\\\/#organization\",\"name\":\"LiveMag\",\"alternateName\":\"LiveMag News ed eventi\",\"url\":\"https:\\\/\\\/www.livemag.it\\\/\",\"logo\":{\"@type\":\"ImageObject\",\"inLanguage\":\"it-IT\",\"@id\":\"https:\\\/\\\/www.livemag.it\\\/#\\\/schema\\\/logo\\\/image\\\/\",\"url\":\"https:\\\/\\\/www.livemag.it\\\/wp-content\\\/uploads\\\/2024\\\/02\\\/immagine-sito.jpg\",\"contentUrl\":\"https:\\\/\\\/www.livemag.it\\\/wp-content\\\/uploads\\\/2024\\\/02\\\/immagine-sito.jpg\",\"width\":696,\"height\":696,\"caption\":\"LiveMag\"},\"image\":{\"@id\":\"https:\\\/\\\/www.livemag.it\\\/#\\\/schema\\\/logo\\\/image\\\/\"},\"sameAs\":[\"https:\\\/\\\/www.facebook.com\\\/LiveMag\\\/\",\"https:\\\/\\\/x.com\\\/LiveNotizie\",\"https:\\\/\\\/www.instagram.com\\\/livemag\\\/\"]},{\"@type\":\"Person\",\"@id\":\"https:\\\/\\\/www.livemag.it\\\/#\\\/schema\\\/person\\\/b62c5f44451fdcdaeb0afe6c2424e73c\",\"name\":\"italpress\",\"image\":{\"@type\":\"ImageObject\",\"inLanguage\":\"it-IT\",\"@id\":\"https:\\\/\\\/secure.gravatar.com\\\/avatar\\\/b6a21695fc713ce7ee312cf57c97e2e641feb365be72d8745574d3c3e2b59066?s=96&r=g\",\"url\":\"https:\\\/\\\/secure.gravatar.com\\\/avatar\\\/b6a21695fc713ce7ee312cf57c97e2e641feb365be72d8745574d3c3e2b59066?s=96&r=g\",\"contentUrl\":\"https:\\\/\\\/secure.gravatar.com\\\/avatar\\\/b6a21695fc713ce7ee312cf57c97e2e641feb365be72d8745574d3c3e2b59066?s=96&r=g\",\"caption\":\"italpress\"},\"description\":\"Italpress \u00e8 un'agenzia di stampa italiana a carattere nazionale.\",\"url\":\"https:\\\/\\\/www.livemag.it\\\/index.php\\\/author\\\/italpress\\\/\"}]}<\/script>\n<!-- \/ Yoast SEO plugin. -->","yoast_head_json":{"title":"Maltempo, Musumeci \u201cL\u2019assicurazione non \u00e8 obbligatoria per le famiglie\u201d - Live Magazine","robots":{"index":"index","follow":"follow","max-snippet":"max-snippet:-1","max-image-preview":"max-image-preview:large","max-video-preview":"max-video-preview:-1"},"canonical":"https:\/\/www.livemag.it\/index.php\/2024\/09\/21\/maltempo-musumeci-lassicurazione-non-e-obbligatoria-per-le-famiglie\/","og_locale":"it_IT","og_type":"article","og_title":"Maltempo, Musumeci \u201cL\u2019assicurazione non \u00e8 obbligatoria per le famiglie\u201d - Live Magazine","og_description":"MILANO (ITALPRESS) \u2013 \u201cL\u2019obbligatoriet\u00e0\u201d della polizza assicurativa contro i rischi naturali \u201c\u00e8 un\u2019iniziativa non mia ma del governo, votata dal Parlamento: si tratta di una norma gi\u00e0 inserita nella Legge di Bilancio 2024. E riguarda le imprese, escluse le aziende agricole. Ho proposto che questo processo non pu\u00f2 non riguardare i privati e le famiglie, [&hellip;]","og_url":"https:\/\/www.livemag.it\/index.php\/2024\/09\/21\/maltempo-musumeci-lassicurazione-non-e-obbligatoria-per-le-famiglie\/","og_site_name":"Live Magazine","article_publisher":"https:\/\/www.facebook.com\/LiveMag\/","article_published_time":"2024-09-21T10:03:40+00:00","og_image":[{"width":1200,"height":675,"url":"https:\/\/www.livemag.it\/wp-content\/uploads\/2024\/02\/ograph.jpg","type":"image\/jpeg"}],"author":"italpress","twitter_card":"summary_large_image","twitter_creator":"@LiveNotizie","twitter_site":"@LiveNotizie","twitter_misc":{"Scritto da":"italpress","Tempo di lettura stimato":"2 minuti"},"schema":{"@context":"https:\/\/schema.org","@graph":[{"@type":"Article","@id":"https:\/\/www.livemag.it\/index.php\/2024\/09\/21\/maltempo-musumeci-lassicurazione-non-e-obbligatoria-per-le-famiglie\/#article","isPartOf":{"@id":"https:\/\/www.livemag.it\/index.php\/2024\/09\/21\/maltempo-musumeci-lassicurazione-non-e-obbligatoria-per-le-famiglie\/"},"author":{"name":"italpress","@id":"https:\/\/www.livemag.it\/#\/schema\/person\/b62c5f44451fdcdaeb0afe6c2424e73c"},"headline":"Maltempo, Musumeci \u201cL\u2019assicurazione non \u00e8 obbligatoria per le famiglie\u201d","datePublished":"2024-09-21T10:03:40+00:00","mainEntityOfPage":{"@id":"https:\/\/www.livemag.it\/index.php\/2024\/09\/21\/maltempo-musumeci-lassicurazione-non-e-obbligatoria-per-le-famiglie\/"},"wordCount":360,"publisher":{"@id":"https:\/\/www.livemag.it\/#organization"},"image":{"@id":"https:\/\/www.livemag.it\/index.php\/2024\/09\/21\/maltempo-musumeci-lassicurazione-non-e-obbligatoria-per-le-famiglie\/#primaryimage"},"thumbnailUrl":"https:\/\/www.livemag.it\/wp-content\/uploads\/2024\/09\/20240921_0122.jpg","articleSection":["Mondo"],"inLanguage":"it-IT"},{"@type":"WebPage","@id":"https:\/\/www.livemag.it\/index.php\/2024\/09\/21\/maltempo-musumeci-lassicurazione-non-e-obbligatoria-per-le-famiglie\/","url":"https:\/\/www.livemag.it\/index.php\/2024\/09\/21\/maltempo-musumeci-lassicurazione-non-e-obbligatoria-per-le-famiglie\/","name":"Maltempo, Musumeci \u201cL\u2019assicurazione non \u00e8 obbligatoria per le famiglie\u201d - Live Magazine","isPartOf":{"@id":"https:\/\/www.livemag.it\/#website"},"primaryImageOfPage":{"@id":"https:\/\/www.livemag.it\/index.php\/2024\/09\/21\/maltempo-musumeci-lassicurazione-non-e-obbligatoria-per-le-famiglie\/#primaryimage"},"image":{"@id":"https:\/\/www.livemag.it\/index.php\/2024\/09\/21\/maltempo-musumeci-lassicurazione-non-e-obbligatoria-per-le-famiglie\/#primaryimage"},"thumbnailUrl":"https:\/\/www.livemag.it\/wp-content\/uploads\/2024\/09\/20240921_0122.jpg","datePublished":"2024-09-21T10:03:40+00:00","breadcrumb":{"@id":"https:\/\/www.livemag.it\/index.php\/2024\/09\/21\/maltempo-musumeci-lassicurazione-non-e-obbligatoria-per-le-famiglie\/#breadcrumb"},"inLanguage":"it-IT","potentialAction":[{"@type":"ReadAction","target":["https:\/\/www.livemag.it\/index.php\/2024\/09\/21\/maltempo-musumeci-lassicurazione-non-e-obbligatoria-per-le-famiglie\/"]}]},{"@type":"ImageObject","inLanguage":"it-IT","@id":"https:\/\/www.livemag.it\/index.php\/2024\/09\/21\/maltempo-musumeci-lassicurazione-non-e-obbligatoria-per-le-famiglie\/#primaryimage","url":"https:\/\/www.livemag.it\/wp-content\/uploads\/2024\/09\/20240921_0122.jpg","contentUrl":"https:\/\/www.livemag.it\/wp-content\/uploads\/2024\/09\/20240921_0122.jpg","width":1024,"height":684},{"@type":"BreadcrumbList","@id":"https:\/\/www.livemag.it\/index.php\/2024\/09\/21\/maltempo-musumeci-lassicurazione-non-e-obbligatoria-per-le-famiglie\/#breadcrumb","itemListElement":[{"@type":"ListItem","position":1,"name":"Home","item":"https:\/\/www.livemag.it\/"},{"@type":"ListItem","position":2,"name":"Maltempo, Musumeci \u201cL\u2019assicurazione non \u00e8 obbligatoria per le famiglie\u201d"}]},{"@type":"WebSite","@id":"https:\/\/www.livemag.it\/#website","url":"https:\/\/www.livemag.it\/","name":"Live Magazine","description":"Varie ed eventi","publisher":{"@id":"https:\/\/www.livemag.it\/#organization"},"potentialAction":[{"@type":"SearchAction","target":{"@type":"EntryPoint","urlTemplate":"https:\/\/www.livemag.it\/?s={search_term_string}"},"query-input":{"@type":"PropertyValueSpecification","valueRequired":true,"valueName":"search_term_string"}}],"inLanguage":"it-IT"},{"@type":"Organization","@id":"https:\/\/www.livemag.it\/#organization","name":"LiveMag","alternateName":"LiveMag News ed eventi","url":"https:\/\/www.livemag.it\/","logo":{"@type":"ImageObject","inLanguage":"it-IT","@id":"https:\/\/www.livemag.it\/#\/schema\/logo\/image\/","url":"https:\/\/www.livemag.it\/wp-content\/uploads\/2024\/02\/immagine-sito.jpg","contentUrl":"https:\/\/www.livemag.it\/wp-content\/uploads\/2024\/02\/immagine-sito.jpg","width":696,"height":696,"caption":"LiveMag"},"image":{"@id":"https:\/\/www.livemag.it\/#\/schema\/logo\/image\/"},"sameAs":["https:\/\/www.facebook.com\/LiveMag\/","https:\/\/x.com\/LiveNotizie","https:\/\/www.instagram.com\/livemag\/"]},{"@type":"Person","@id":"https:\/\/www.livemag.it\/#\/schema\/person\/b62c5f44451fdcdaeb0afe6c2424e73c","name":"italpress","image":{"@type":"ImageObject","inLanguage":"it-IT","@id":"https:\/\/secure.gravatar.com\/avatar\/b6a21695fc713ce7ee312cf57c97e2e641feb365be72d8745574d3c3e2b59066?s=96&r=g","url":"https:\/\/secure.gravatar.com\/avatar\/b6a21695fc713ce7ee312cf57c97e2e641feb365be72d8745574d3c3e2b59066?s=96&r=g","contentUrl":"https:\/\/secure.gravatar.com\/avatar\/b6a21695fc713ce7ee312cf57c97e2e641feb365be72d8745574d3c3e2b59066?s=96&r=g","caption":"italpress"},"description":"Italpress \u00e8 un'agenzia di stampa italiana a carattere nazionale.","url":"https:\/\/www.livemag.it\/index.php\/author\/italpress\/"}]}},"jetpack_featured_media_url":"https:\/\/www.livemag.it\/wp-content\/uploads\/2024\/09\/20240921_0122.jpg","_links":{"self":[{"href":"https:\/\/www.livemag.it\/index.php\/wp-json\/wp\/v2\/posts\/35288","targetHints":{"allow":["GET"]}}],"collection":[{"href":"https:\/\/www.livemag.it\/index.php\/wp-json\/wp\/v2\/posts"}],"about":[{"href":"https:\/\/www.livemag.it\/index.php\/wp-json\/wp\/v2\/types\/post"}],"author":[{"embeddable":true,"href":"https:\/\/www.livemag.it\/index.php\/wp-json\/wp\/v2\/users\/16"}],"replies":[{"embeddable":true,"href":"https:\/\/www.livemag.it\/index.php\/wp-json\/wp\/v2\/comments?post=35288"}],"version-history":[{"count":0,"href":"https:\/\/www.livemag.it\/index.php\/wp-json\/wp\/v2\/posts\/35288\/revisions"}],"wp:featuredmedia":[{"embeddable":true,"href":"https:\/\/www.livemag.it\/index.php\/wp-json\/wp\/v2\/media\/35289"}],"wp:attachment":[{"href":"https:\/\/www.livemag.it\/index.php\/wp-json\/wp\/v2\/media?parent=35288"}],"wp:term":[{"taxonomy":"category","embeddable":true,"href":"https:\/\/www.livemag.it\/index.php\/wp-json\/wp\/v2\/categories?post=35288"},{"taxonomy":"post_tag","embeddable":true,"href":"https:\/\/www.livemag.it\/index.php\/wp-json\/wp\/v2\/tags?post=35288"}],"curies":[{"name":"wp","href":"https:\/\/api.w.org\/{rel}","templated":true}]}}