{"id":35215,"date":"2024-09-20T17:37:34","date_gmt":"2024-09-20T15:37:34","guid":{"rendered":"https:\/\/www.livemag.it\/?p=35215"},"modified":"2024-09-20T17:39:29","modified_gmt":"2024-09-20T15:39:29","slug":"the-social-home-il-nuovo-reality-che-ridefinisce-lintrattenimento-online","status":"publish","type":"post","link":"https:\/\/www.livemag.it\/index.php\/2024\/09\/20\/the-social-home-il-nuovo-reality-che-ridefinisce-lintrattenimento-online\/","title":{"rendered":"The Social Home: il nuovo reality che ridefinisce l\u2019intrattenimento online"},"content":{"rendered":"\n<h2 class=\"wp-block-heading\">Il grande debutto di The Social Home fissato per il 25 settembre<\/h2>\n\n\n<div class=\"wp-block-image\">\n<figure class=\"alignright size-full is-resized\"><img decoding=\"async\" src=\"https:\/\/www.livemag.it\/wp-content\/uploads\/2024\/09\/Guenda-Goria.jpg\" alt=\"Guenda Goria\" class=\"wp-image-35217\" style=\"width:211px;height:auto\"\/><\/figure>\n<\/div>\n\n\n<p>La lunga attesa sta per concludersi! <strong>Mercoled\u00ec 25 settembre, gli spettatori potranno finalmente assistere alla prima puntata di <em>The Social Home<\/em>, un reality show pronto a diventare l\u2019evento televisivo pi\u00f9 chiacchierato dell&#8217;anno. Con Guenda Goria alla conduzione e la presenza di celebrit\u00e0 provenienti dal mondo dello spettacolo e dei social media<\/strong>, questo format si prefigge di cambiare le regole del gioco, portando un&#8217;energia completamente nuova all\u2019intrattenimento digitale.<\/p>\n\n\n\n<h3 class=\"wp-block-heading\">Sfide reali e adrenalina in diretta dalla villa<\/h3>\n\n\n\n<p><strong>I concorrenti sono entrati nella villa il 15 settembre, alle porte di Roma, dove hanno gi\u00e0 iniziato ad affrontare prove fisiche e mentali, che mettono alla prova la loro forza e la loro capacit\u00e0 di adattamento<\/strong>. Le sfide sono intense e<strong> il pubblico potr\u00e0 seguire ogni momento in streaming su YouTube, con aggiornamenti costanti sui social media come Instagram, TikTok e Facebook<\/strong>. In questo modo, i fan avranno la certezza di non perdersi nemmeno un istante delle emozioni vissute nella casa.<\/p>\n\n\n\n<h3 class=\"wp-block-heading\">Un successo mediatico costruito prima del lancio<\/h3>\n\n\n\n<p><strong><em>The Social Home<\/em> ha saputo attirare l&#8217;attenzione del pubblico gi\u00e0 nei mesi precedenti al debutto, grazie a dirette continue e contenuti aggiornati in tempo reale<\/strong>. Questo ha permesso al reality di ottenere un\u2019ampia visibilit\u00e0, con numeri di visualizzazioni e interazioni social che confermano un grande interesse.<\/p>\n\n\n\n<h3 class=\"wp-block-heading\">Un cast di volti noti e personalit\u00e0 originali<\/h3>\n\n\n<div class=\"wp-block-image\">\n<figure class=\"alignleft size-full is-resized\"><img decoding=\"async\" src=\"https:\/\/www.livemag.it\/wp-content\/uploads\/2024\/09\/Federico-Fashion-Style-e-Guendalina-Tavassi.jpg\" alt=\"Federico Fashion Style e Guendalina Tavassi\" class=\"wp-image-35216\" style=\"width:226px;height:auto\"\/><\/figure>\n<\/div>\n\n\n<p><strong>Guenda Goria sar\u00e0 affiancata da due opinionisti d\u2019eccezione: Federico Fashion Style e Guendalina Tavassi<\/strong>, entrambi pronti a commentare senza peli sulla lingua ci\u00f2 che accadr\u00e0 all&#8217;interno della villa. La loro presenza aggiunge brio e professionalit\u00e0 al programma. <strong>Guenda si \u00e8 detta entusiasta di questa nuova avventura televisiva<\/strong>, affermando: \u00ab<em>Sono affascinata dall&#8217;idea di un reality autentico, senza filtri e privo di compromessi. Non vedo l&#8217;ora di osservare come si evolveranno i rapporti tra i concorrenti<\/em>\u00bb.<\/p>\n\n\n\n<h3 class=\"wp-block-heading\">Concorrenti gi\u00e0 noti e volti emergenti nel cast<\/h3>\n\n\n\n<p><strong>Tra i partecipanti pi\u00f9 attesi troviamo Mariano Catanzaro, noto per le sue apparizioni a <em>Uomini e Donne<\/em> e <em>La Pupa e il Secchione<\/em>, e Davide Donadei, ex tronista e presenza costante sulle pagine del gossip, che potrebbe vivere un riavvicinamento con la sua ex, Nicole Di Mario, anch&#8217;essa parte del cast<\/strong>. Altri nomi di rilievo includono <strong>Giulia Sara Salemi, amata dai giovani su TikTok, Elga Enardu, Gabriela Chieffo insieme al suo compagno Giuseppe Ferrara, Barbara Gambatesa e Gianluca Costantino<\/strong>. Nel gruppo ci sono anche nuove personalit\u00e0 come <strong>Arianna Gianfelici, Massimo Zappia, Manuela \u201cTeste Pazze\u201d, Agostino Degan, Emy Buono, Patrick Rizzuto e Luca Domenici, soprannominato &#8220;Er Bombolino&#8221;<\/strong>.<\/p>\n\n\n\n<h3 class=\"wp-block-heading\">Il futuro di The Social Home si preannuncia brillante<\/h3>\n\n\n\n<p>Tutti i segnali suggeriscono che <strong><em>The Social Home<\/em> sar\u00e0 un successo, con il pubblico gi\u00e0 coinvolto e attivo online<\/strong>. I numeri parlano chiaro: il reality sta gi\u00e0 conquistando un seguito entusiasta, e il suo potenziale sembra illimitato.<\/p>\n\n\n\n<p><strong>Contatti e informazioni:<\/strong><\/p>\n\n\n\n<ul class=\"wp-block-list\">\n<li>Ufficio stampa The Social Home: <a>ufficiostampa@thesocialhome.it<\/a><\/li>\n\n\n\n<li>Sito ufficiale: <a href=\"http:\/\/www.thesocialhome.it\">www.thesocialhome.it<\/a><\/li>\n\n\n\n<li>Instagram: @thesocialhome.official<\/li>\n\n\n\n<li>YouTube: <em>The Social Home<\/em><\/li>\n\n\n\n<li>TikTok: <a href=\"https:\/\/www.tiktok.com\/@the_social_home\">The Social Home<\/a><\/li>\n<\/ul>\n\n\n\n<p><a href=\"https:\/\/www.instagram.com\/altomura\/00?hl=it\" target=\"_blank\" rel=\"noreferrer noopener\">A cura di Mario Altomura<\/a><br>Leggi anche: <a href=\"https:\/\/www.bollicinevip.com\/i-cofanetti-di-make-up-alleati-di-bellezza\/\">I cofanetti di make up: alleati di bellezza<\/a><strong><u><\/u><\/strong><\/p>\n","protected":false},"excerpt":{"rendered":"<p>Il grande debutto di The Social Home fissato per il 25 settembre La lunga attesa sta per concludersi! Mercoled\u00ec 25 settembre, gli spettatori potranno finalmente assistere alla prima puntata di The Social Home, un reality show pronto a diventare l\u2019evento televisivo pi\u00f9 chiacchierato dell&#8217;anno. Con Guenda Goria alla conduzione e la presenza di celebrit\u00e0 provenienti [&hellip;]<\/p>\n","protected":false},"author":20,"featured_media":35218,"comment_status":"open","ping_status":"open","sticky":false,"template":"","format":"standard","meta":{"jnews-multi-image_gallery":[],"jnews_single_post":{"format":"standard"},"jnews_primary_category":[],"jnews_social_meta":[],"jnews_override_counter":[],"jnews_post_split":[],"footnotes":""},"categories":[90],"tags":[4841,4843,2728,4838,4315,4837,4849,4451,4832,4351,4833,4842,4831,4829,1615,112,4755,2567,4835,3790,2188,4852,1913,4754,4756,4848,81,2708,4850,4834,4847,4845,4846,4839,4836,4844,4840,2278,2532,584,219,4496,57,221,227,3047,4830,2554,4828,395,4851,4692,3182,170],"class_list":["post-35215","post","type-post","status-publish","format-standard","has-post-thumbnail","hentry","category-liveevent","tag-agostino-degan","tag-arianna-gianfelici","tag-attenzione","tag-barbara-gambatesa","tag-concorrenti","tag-davide-donadei","tag-digitale","tag-diretta","tag-diretta-streaming","tag-elga-enardu","tag-emy-buono","tag-er-bombolino","tag-esperimento","tag-esperimento-sociale","tag-eventi","tag-facebook","tag-federico-fashion-style","tag-format","tag-gabriela-chieffo","tag-gianluca-costantino","tag-giulia-sara-salemi","tag-giuseppe-ferrara","tag-gossip","tag-guenda-goria","tag-guendalina-tavassi","tag-home","tag-instagram","tag-intrattenimento","tag-intrattenimento-digitale","tag-la-pupa-e-il-secchione","tag-luca-domenici","tag-manuela-teste-pazze","tag-mariano-catanzaro","tag-massimo-zappia","tag-nicole-di-mario","tag-online","tag-patrick-rizzuto","tag-pubblico","tag-reality","tag-reality-show","tag-roma","tag-sfide","tag-show","tag-social","tag-spettacolo","tag-spettatori","tag-streaming","tag-successo","tag-the-social-home","tag-tiktok","tag-tronista","tag-uomini-e-donne","tag-visualizzazioni","tag-youtube"],"yoast_head":"<!-- This site is optimized with the Yoast SEO plugin v27.5 - https:\/\/yoast.com\/product\/yoast-seo-wordpress\/ -->\n<title>The Social Home: il nuovo reality che ridefinisce l\u2019intrattenimento<\/title>\n<meta name=\"description\" content=\"Mercoled\u00ec 25 settembre, gli spettatori potranno finalmente assistere alla prima puntata di The Social Home\" \/>\n<meta name=\"robots\" content=\"index, follow, max-snippet:-1, max-image-preview:large, max-video-preview:-1\" \/>\n<link rel=\"canonical\" href=\"https:\/\/www.livemag.it\/index.php\/2024\/09\/20\/the-social-home-il-nuovo-reality-che-ridefinisce-lintrattenimento-online\/\" \/>\n<meta property=\"og:locale\" content=\"it_IT\" \/>\n<meta property=\"og:type\" content=\"article\" \/>\n<meta property=\"og:title\" content=\"The Social Home: il nuovo reality che ridefinisce l\u2019intrattenimento\" \/>\n<meta property=\"og:description\" content=\"Mercoled\u00ec 25 settembre, gli spettatori potranno finalmente assistere alla prima puntata di The Social Home\" \/>\n<meta property=\"og:url\" content=\"https:\/\/www.livemag.it\/index.php\/2024\/09\/20\/the-social-home-il-nuovo-reality-che-ridefinisce-lintrattenimento-online\/\" \/>\n<meta property=\"og:site_name\" content=\"Live Magazine\" \/>\n<meta property=\"article:publisher\" content=\"https:\/\/www.facebook.com\/LiveMag\/\" \/>\n<meta property=\"article:published_time\" content=\"2024-09-20T15:37:34+00:00\" \/>\n<meta property=\"article:modified_time\" content=\"2024-09-20T15:39:29+00:00\" \/>\n<meta property=\"og:image\" content=\"https:\/\/www.livemag.it\/wp-content\/uploads\/2024\/09\/The-Social-Home-2-scaled.jpg\" \/>\n\t<meta property=\"og:image:width\" content=\"2560\" \/>\n\t<meta property=\"og:image:height\" content=\"1686\" \/>\n\t<meta property=\"og:image:type\" content=\"image\/jpeg\" \/>\n<meta name=\"author\" content=\"Mario Altomura\" \/>\n<meta name=\"twitter:card\" content=\"summary_large_image\" \/>\n<meta name=\"twitter:creator\" content=\"@LiveNotizie\" \/>\n<meta name=\"twitter:site\" content=\"@LiveNotizie\" \/>\n<meta name=\"twitter:label1\" content=\"Scritto da\" \/>\n\t<meta name=\"twitter:data1\" content=\"Mario Altomura\" \/>\n\t<meta name=\"twitter:label2\" content=\"Tempo di lettura stimato\" \/>\n\t<meta name=\"twitter:data2\" content=\"4 minuti\" \/>\n<script type=\"application\/ld+json\" class=\"yoast-schema-graph\">{\"@context\":\"https:\\\/\\\/schema.org\",\"@graph\":[{\"@type\":\"Article\",\"@id\":\"https:\\\/\\\/www.livemag.it\\\/index.php\\\/2024\\\/09\\\/20\\\/the-social-home-il-nuovo-reality-che-ridefinisce-lintrattenimento-online\\\/#article\",\"isPartOf\":{\"@id\":\"https:\\\/\\\/www.livemag.it\\\/index.php\\\/2024\\\/09\\\/20\\\/the-social-home-il-nuovo-reality-che-ridefinisce-lintrattenimento-online\\\/\"},\"author\":{\"name\":\"Mario Altomura\",\"@id\":\"https:\\\/\\\/www.livemag.it\\\/#\\\/schema\\\/person\\\/cc097583ef7f4da9e9fe62e8b552ab72\"},\"headline\":\"The Social Home: il nuovo reality che ridefinisce l\u2019intrattenimento online\",\"datePublished\":\"2024-09-20T15:37:34+00:00\",\"dateModified\":\"2024-09-20T15:39:29+00:00\",\"mainEntityOfPage\":{\"@id\":\"https:\\\/\\\/www.livemag.it\\\/index.php\\\/2024\\\/09\\\/20\\\/the-social-home-il-nuovo-reality-che-ridefinisce-lintrattenimento-online\\\/\"},\"wordCount\":523,\"commentCount\":0,\"publisher\":{\"@id\":\"https:\\\/\\\/www.livemag.it\\\/#organization\"},\"image\":{\"@id\":\"https:\\\/\\\/www.livemag.it\\\/index.php\\\/2024\\\/09\\\/20\\\/the-social-home-il-nuovo-reality-che-ridefinisce-lintrattenimento-online\\\/#primaryimage\"},\"thumbnailUrl\":\"https:\\\/\\\/www.livemag.it\\\/wp-content\\\/uploads\\\/2024\\\/09\\\/The-Social-Home-2-scaled.jpg\",\"keywords\":[\"Agostino Degan\",\"Arianna Gianfelici\",\"attenzione\",\"Barbara Gambatesa\",\"concorrenti\",\"Davide Donadei\",\"digitale\",\"Diretta\",\"diretta streaming\",\"Elga Enardu\",\"Emy Buono\",\"Er Bombolino\",\"esperimento\",\"esperimento sociale\",\"eventi\",\"facebook\",\"Federico Fashion Style\",\"format\",\"Gabriela Chieffo\",\"Gianluca Costantino\",\"Giulia Sara Salemi\",\"Giuseppe Ferrara\",\"gossip\",\"Guenda Goria\",\"Guendalina Tavassi\",\"Home\",\"instagram\",\"intrattenimento\",\"intrattenimento digitale\",\"La Pupa e il Secchione\",\"Luca Domenici\",\"Manuela Teste Pazze\",\"Mariano Catanzaro\",\"Massimo Zappia\",\"Nicole Di Mario\",\"online\",\"Patrick Rizzuto\",\"pubblico\",\"reality\",\"reality show\",\"roma\",\"sfide\",\"show\",\"social\",\"spettacolo\",\"spettatori\",\"streaming\",\"successo\",\"The Social Home\",\"tiktok\",\"tronista\",\"uomini e Donne\",\"visualizzazioni\",\"youtube\"],\"articleSection\":[\"LiveEvent\"],\"inLanguage\":\"it-IT\",\"potentialAction\":[{\"@type\":\"CommentAction\",\"name\":\"Comment\",\"target\":[\"https:\\\/\\\/www.livemag.it\\\/index.php\\\/2024\\\/09\\\/20\\\/the-social-home-il-nuovo-reality-che-ridefinisce-lintrattenimento-online\\\/#respond\"]}]},{\"@type\":\"WebPage\",\"@id\":\"https:\\\/\\\/www.livemag.it\\\/index.php\\\/2024\\\/09\\\/20\\\/the-social-home-il-nuovo-reality-che-ridefinisce-lintrattenimento-online\\\/\",\"url\":\"https:\\\/\\\/www.livemag.it\\\/index.php\\\/2024\\\/09\\\/20\\\/the-social-home-il-nuovo-reality-che-ridefinisce-lintrattenimento-online\\\/\",\"name\":\"The Social Home: il nuovo reality che ridefinisce l\u2019intrattenimento\",\"isPartOf\":{\"@id\":\"https:\\\/\\\/www.livemag.it\\\/#website\"},\"primaryImageOfPage\":{\"@id\":\"https:\\\/\\\/www.livemag.it\\\/index.php\\\/2024\\\/09\\\/20\\\/the-social-home-il-nuovo-reality-che-ridefinisce-lintrattenimento-online\\\/#primaryimage\"},\"image\":{\"@id\":\"https:\\\/\\\/www.livemag.it\\\/index.php\\\/2024\\\/09\\\/20\\\/the-social-home-il-nuovo-reality-che-ridefinisce-lintrattenimento-online\\\/#primaryimage\"},\"thumbnailUrl\":\"https:\\\/\\\/www.livemag.it\\\/wp-content\\\/uploads\\\/2024\\\/09\\\/The-Social-Home-2-scaled.jpg\",\"datePublished\":\"2024-09-20T15:37:34+00:00\",\"dateModified\":\"2024-09-20T15:39:29+00:00\",\"description\":\"Mercoled\u00ec 25 settembre, gli spettatori potranno finalmente assistere alla prima puntata di The Social Home\",\"breadcrumb\":{\"@id\":\"https:\\\/\\\/www.livemag.it\\\/index.php\\\/2024\\\/09\\\/20\\\/the-social-home-il-nuovo-reality-che-ridefinisce-lintrattenimento-online\\\/#breadcrumb\"},\"inLanguage\":\"it-IT\",\"potentialAction\":[{\"@type\":\"ReadAction\",\"target\":[\"https:\\\/\\\/www.livemag.it\\\/index.php\\\/2024\\\/09\\\/20\\\/the-social-home-il-nuovo-reality-che-ridefinisce-lintrattenimento-online\\\/\"]}]},{\"@type\":\"ImageObject\",\"inLanguage\":\"it-IT\",\"@id\":\"https:\\\/\\\/www.livemag.it\\\/index.php\\\/2024\\\/09\\\/20\\\/the-social-home-il-nuovo-reality-che-ridefinisce-lintrattenimento-online\\\/#primaryimage\",\"url\":\"https:\\\/\\\/www.livemag.it\\\/wp-content\\\/uploads\\\/2024\\\/09\\\/The-Social-Home-2-scaled.jpg\",\"contentUrl\":\"https:\\\/\\\/www.livemag.it\\\/wp-content\\\/uploads\\\/2024\\\/09\\\/The-Social-Home-2-scaled.jpg\",\"width\":2560,\"height\":1686,\"caption\":\"The Social Home 2\"},{\"@type\":\"BreadcrumbList\",\"@id\":\"https:\\\/\\\/www.livemag.it\\\/index.php\\\/2024\\\/09\\\/20\\\/the-social-home-il-nuovo-reality-che-ridefinisce-lintrattenimento-online\\\/#breadcrumb\",\"itemListElement\":[{\"@type\":\"ListItem\",\"position\":1,\"name\":\"Home\",\"item\":\"https:\\\/\\\/www.livemag.it\\\/\"},{\"@type\":\"ListItem\",\"position\":2,\"name\":\"The Social Home: il nuovo reality che ridefinisce l\u2019intrattenimento online\"}]},{\"@type\":\"WebSite\",\"@id\":\"https:\\\/\\\/www.livemag.it\\\/#website\",\"url\":\"https:\\\/\\\/www.livemag.it\\\/\",\"name\":\"Live Magazine\",\"description\":\"Varie ed eventi\",\"publisher\":{\"@id\":\"https:\\\/\\\/www.livemag.it\\\/#organization\"},\"potentialAction\":[{\"@type\":\"SearchAction\",\"target\":{\"@type\":\"EntryPoint\",\"urlTemplate\":\"https:\\\/\\\/www.livemag.it\\\/?s={search_term_string}\"},\"query-input\":{\"@type\":\"PropertyValueSpecification\",\"valueRequired\":true,\"valueName\":\"search_term_string\"}}],\"inLanguage\":\"it-IT\"},{\"@type\":\"Organization\",\"@id\":\"https:\\\/\\\/www.livemag.it\\\/#organization\",\"name\":\"LiveMag\",\"alternateName\":\"LiveMag News ed eventi\",\"url\":\"https:\\\/\\\/www.livemag.it\\\/\",\"logo\":{\"@type\":\"ImageObject\",\"inLanguage\":\"it-IT\",\"@id\":\"https:\\\/\\\/www.livemag.it\\\/#\\\/schema\\\/logo\\\/image\\\/\",\"url\":\"https:\\\/\\\/www.livemag.it\\\/wp-content\\\/uploads\\\/2024\\\/02\\\/immagine-sito.jpg\",\"contentUrl\":\"https:\\\/\\\/www.livemag.it\\\/wp-content\\\/uploads\\\/2024\\\/02\\\/immagine-sito.jpg\",\"width\":696,\"height\":696,\"caption\":\"LiveMag\"},\"image\":{\"@id\":\"https:\\\/\\\/www.livemag.it\\\/#\\\/schema\\\/logo\\\/image\\\/\"},\"sameAs\":[\"https:\\\/\\\/www.facebook.com\\\/LiveMag\\\/\",\"https:\\\/\\\/x.com\\\/LiveNotizie\",\"https:\\\/\\\/www.instagram.com\\\/livemag\\\/\"]},{\"@type\":\"Person\",\"@id\":\"https:\\\/\\\/www.livemag.it\\\/#\\\/schema\\\/person\\\/cc097583ef7f4da9e9fe62e8b552ab72\",\"name\":\"Mario Altomura\",\"image\":{\"@type\":\"ImageObject\",\"inLanguage\":\"it-IT\",\"@id\":\"https:\\\/\\\/secure.gravatar.com\\\/avatar\\\/3c7d3ce72a2bed6bab5e3681d59712a49247bdd227b4ef67de56814084f945dd?s=96&r=g\",\"url\":\"https:\\\/\\\/secure.gravatar.com\\\/avatar\\\/3c7d3ce72a2bed6bab5e3681d59712a49247bdd227b4ef67de56814084f945dd?s=96&r=g\",\"contentUrl\":\"https:\\\/\\\/secure.gravatar.com\\\/avatar\\\/3c7d3ce72a2bed6bab5e3681d59712a49247bdd227b4ef67de56814084f945dd?s=96&r=g\",\"caption\":\"Mario Altomura\"},\"description\":\"fotografo celebrity\",\"url\":\"https:\\\/\\\/www.livemag.it\\\/index.php\\\/author\\\/fabio-scarpati\\\/\"}]}<\/script>\n<!-- \/ Yoast SEO plugin. -->","yoast_head_json":{"title":"The Social Home: il nuovo reality che ridefinisce l\u2019intrattenimento","description":"Mercoled\u00ec 25 settembre, gli spettatori potranno finalmente assistere alla prima puntata di The Social Home","robots":{"index":"index","follow":"follow","max-snippet":"max-snippet:-1","max-image-preview":"max-image-preview:large","max-video-preview":"max-video-preview:-1"},"canonical":"https:\/\/www.livemag.it\/index.php\/2024\/09\/20\/the-social-home-il-nuovo-reality-che-ridefinisce-lintrattenimento-online\/","og_locale":"it_IT","og_type":"article","og_title":"The Social Home: il nuovo reality che ridefinisce l\u2019intrattenimento","og_description":"Mercoled\u00ec 25 settembre, gli spettatori potranno finalmente assistere alla prima puntata di The Social Home","og_url":"https:\/\/www.livemag.it\/index.php\/2024\/09\/20\/the-social-home-il-nuovo-reality-che-ridefinisce-lintrattenimento-online\/","og_site_name":"Live Magazine","article_publisher":"https:\/\/www.facebook.com\/LiveMag\/","article_published_time":"2024-09-20T15:37:34+00:00","article_modified_time":"2024-09-20T15:39:29+00:00","og_image":[{"width":2560,"height":1686,"url":"https:\/\/www.livemag.it\/wp-content\/uploads\/2024\/09\/The-Social-Home-2-scaled.jpg","type":"image\/jpeg"}],"author":"Mario Altomura","twitter_card":"summary_large_image","twitter_creator":"@LiveNotizie","twitter_site":"@LiveNotizie","twitter_misc":{"Scritto da":"Mario Altomura","Tempo di lettura stimato":"4 minuti"},"schema":{"@context":"https:\/\/schema.org","@graph":[{"@type":"Article","@id":"https:\/\/www.livemag.it\/index.php\/2024\/09\/20\/the-social-home-il-nuovo-reality-che-ridefinisce-lintrattenimento-online\/#article","isPartOf":{"@id":"https:\/\/www.livemag.it\/index.php\/2024\/09\/20\/the-social-home-il-nuovo-reality-che-ridefinisce-lintrattenimento-online\/"},"author":{"name":"Mario Altomura","@id":"https:\/\/www.livemag.it\/#\/schema\/person\/cc097583ef7f4da9e9fe62e8b552ab72"},"headline":"The Social Home: il nuovo reality che ridefinisce l\u2019intrattenimento online","datePublished":"2024-09-20T15:37:34+00:00","dateModified":"2024-09-20T15:39:29+00:00","mainEntityOfPage":{"@id":"https:\/\/www.livemag.it\/index.php\/2024\/09\/20\/the-social-home-il-nuovo-reality-che-ridefinisce-lintrattenimento-online\/"},"wordCount":523,"commentCount":0,"publisher":{"@id":"https:\/\/www.livemag.it\/#organization"},"image":{"@id":"https:\/\/www.livemag.it\/index.php\/2024\/09\/20\/the-social-home-il-nuovo-reality-che-ridefinisce-lintrattenimento-online\/#primaryimage"},"thumbnailUrl":"https:\/\/www.livemag.it\/wp-content\/uploads\/2024\/09\/The-Social-Home-2-scaled.jpg","keywords":["Agostino Degan","Arianna Gianfelici","attenzione","Barbara Gambatesa","concorrenti","Davide Donadei","digitale","Diretta","diretta streaming","Elga Enardu","Emy Buono","Er Bombolino","esperimento","esperimento sociale","eventi","facebook","Federico Fashion Style","format","Gabriela Chieffo","Gianluca Costantino","Giulia Sara Salemi","Giuseppe Ferrara","gossip","Guenda Goria","Guendalina Tavassi","Home","instagram","intrattenimento","intrattenimento digitale","La Pupa e il Secchione","Luca Domenici","Manuela Teste Pazze","Mariano Catanzaro","Massimo Zappia","Nicole Di Mario","online","Patrick Rizzuto","pubblico","reality","reality show","roma","sfide","show","social","spettacolo","spettatori","streaming","successo","The Social Home","tiktok","tronista","uomini e Donne","visualizzazioni","youtube"],"articleSection":["LiveEvent"],"inLanguage":"it-IT","potentialAction":[{"@type":"CommentAction","name":"Comment","target":["https:\/\/www.livemag.it\/index.php\/2024\/09\/20\/the-social-home-il-nuovo-reality-che-ridefinisce-lintrattenimento-online\/#respond"]}]},{"@type":"WebPage","@id":"https:\/\/www.livemag.it\/index.php\/2024\/09\/20\/the-social-home-il-nuovo-reality-che-ridefinisce-lintrattenimento-online\/","url":"https:\/\/www.livemag.it\/index.php\/2024\/09\/20\/the-social-home-il-nuovo-reality-che-ridefinisce-lintrattenimento-online\/","name":"The Social Home: il nuovo reality che ridefinisce l\u2019intrattenimento","isPartOf":{"@id":"https:\/\/www.livemag.it\/#website"},"primaryImageOfPage":{"@id":"https:\/\/www.livemag.it\/index.php\/2024\/09\/20\/the-social-home-il-nuovo-reality-che-ridefinisce-lintrattenimento-online\/#primaryimage"},"image":{"@id":"https:\/\/www.livemag.it\/index.php\/2024\/09\/20\/the-social-home-il-nuovo-reality-che-ridefinisce-lintrattenimento-online\/#primaryimage"},"thumbnailUrl":"https:\/\/www.livemag.it\/wp-content\/uploads\/2024\/09\/The-Social-Home-2-scaled.jpg","datePublished":"2024-09-20T15:37:34+00:00","dateModified":"2024-09-20T15:39:29+00:00","description":"Mercoled\u00ec 25 settembre, gli spettatori potranno finalmente assistere alla prima puntata di The Social Home","breadcrumb":{"@id":"https:\/\/www.livemag.it\/index.php\/2024\/09\/20\/the-social-home-il-nuovo-reality-che-ridefinisce-lintrattenimento-online\/#breadcrumb"},"inLanguage":"it-IT","potentialAction":[{"@type":"ReadAction","target":["https:\/\/www.livemag.it\/index.php\/2024\/09\/20\/the-social-home-il-nuovo-reality-che-ridefinisce-lintrattenimento-online\/"]}]},{"@type":"ImageObject","inLanguage":"it-IT","@id":"https:\/\/www.livemag.it\/index.php\/2024\/09\/20\/the-social-home-il-nuovo-reality-che-ridefinisce-lintrattenimento-online\/#primaryimage","url":"https:\/\/www.livemag.it\/wp-content\/uploads\/2024\/09\/The-Social-Home-2-scaled.jpg","contentUrl":"https:\/\/www.livemag.it\/wp-content\/uploads\/2024\/09\/The-Social-Home-2-scaled.jpg","width":2560,"height":1686,"caption":"The Social Home 2"},{"@type":"BreadcrumbList","@id":"https:\/\/www.livemag.it\/index.php\/2024\/09\/20\/the-social-home-il-nuovo-reality-che-ridefinisce-lintrattenimento-online\/#breadcrumb","itemListElement":[{"@type":"ListItem","position":1,"name":"Home","item":"https:\/\/www.livemag.it\/"},{"@type":"ListItem","position":2,"name":"The Social Home: il nuovo reality che ridefinisce l\u2019intrattenimento online"}]},{"@type":"WebSite","@id":"https:\/\/www.livemag.it\/#website","url":"https:\/\/www.livemag.it\/","name":"Live Magazine","description":"Varie ed eventi","publisher":{"@id":"https:\/\/www.livemag.it\/#organization"},"potentialAction":[{"@type":"SearchAction","target":{"@type":"EntryPoint","urlTemplate":"https:\/\/www.livemag.it\/?s={search_term_string}"},"query-input":{"@type":"PropertyValueSpecification","valueRequired":true,"valueName":"search_term_string"}}],"inLanguage":"it-IT"},{"@type":"Organization","@id":"https:\/\/www.livemag.it\/#organization","name":"LiveMag","alternateName":"LiveMag News ed eventi","url":"https:\/\/www.livemag.it\/","logo":{"@type":"ImageObject","inLanguage":"it-IT","@id":"https:\/\/www.livemag.it\/#\/schema\/logo\/image\/","url":"https:\/\/www.livemag.it\/wp-content\/uploads\/2024\/02\/immagine-sito.jpg","contentUrl":"https:\/\/www.livemag.it\/wp-content\/uploads\/2024\/02\/immagine-sito.jpg","width":696,"height":696,"caption":"LiveMag"},"image":{"@id":"https:\/\/www.livemag.it\/#\/schema\/logo\/image\/"},"sameAs":["https:\/\/www.facebook.com\/LiveMag\/","https:\/\/x.com\/LiveNotizie","https:\/\/www.instagram.com\/livemag\/"]},{"@type":"Person","@id":"https:\/\/www.livemag.it\/#\/schema\/person\/cc097583ef7f4da9e9fe62e8b552ab72","name":"Mario Altomura","image":{"@type":"ImageObject","inLanguage":"it-IT","@id":"https:\/\/secure.gravatar.com\/avatar\/3c7d3ce72a2bed6bab5e3681d59712a49247bdd227b4ef67de56814084f945dd?s=96&r=g","url":"https:\/\/secure.gravatar.com\/avatar\/3c7d3ce72a2bed6bab5e3681d59712a49247bdd227b4ef67de56814084f945dd?s=96&r=g","contentUrl":"https:\/\/secure.gravatar.com\/avatar\/3c7d3ce72a2bed6bab5e3681d59712a49247bdd227b4ef67de56814084f945dd?s=96&r=g","caption":"Mario Altomura"},"description":"fotografo celebrity","url":"https:\/\/www.livemag.it\/index.php\/author\/fabio-scarpati\/"}]}},"jetpack_featured_media_url":"https:\/\/www.livemag.it\/wp-content\/uploads\/2024\/09\/The-Social-Home-2-scaled.jpg","_links":{"self":[{"href":"https:\/\/www.livemag.it\/index.php\/wp-json\/wp\/v2\/posts\/35215","targetHints":{"allow":["GET"]}}],"collection":[{"href":"https:\/\/www.livemag.it\/index.php\/wp-json\/wp\/v2\/posts"}],"about":[{"href":"https:\/\/www.livemag.it\/index.php\/wp-json\/wp\/v2\/types\/post"}],"author":[{"embeddable":true,"href":"https:\/\/www.livemag.it\/index.php\/wp-json\/wp\/v2\/users\/20"}],"replies":[{"embeddable":true,"href":"https:\/\/www.livemag.it\/index.php\/wp-json\/wp\/v2\/comments?post=35215"}],"version-history":[{"count":3,"href":"https:\/\/www.livemag.it\/index.php\/wp-json\/wp\/v2\/posts\/35215\/revisions"}],"predecessor-version":[{"id":35222,"href":"https:\/\/www.livemag.it\/index.php\/wp-json\/wp\/v2\/posts\/35215\/revisions\/35222"}],"wp:featuredmedia":[{"embeddable":true,"href":"https:\/\/www.livemag.it\/index.php\/wp-json\/wp\/v2\/media\/35218"}],"wp:attachment":[{"href":"https:\/\/www.livemag.it\/index.php\/wp-json\/wp\/v2\/media?parent=35215"}],"wp:term":[{"taxonomy":"category","embeddable":true,"href":"https:\/\/www.livemag.it\/index.php\/wp-json\/wp\/v2\/categories?post=35215"},{"taxonomy":"post_tag","embeddable":true,"href":"https:\/\/www.livemag.it\/index.php\/wp-json\/wp\/v2\/tags?post=35215"}],"curies":[{"name":"wp","href":"https:\/\/api.w.org\/{rel}","templated":true}]}}