{"id":34909,"date":"2024-09-16T18:50:11","date_gmt":"2024-09-16T16:50:11","guid":{"rendered":"https:\/\/www.livemag.it\/?p=34909"},"modified":"2024-09-16T18:50:53","modified_gmt":"2024-09-16T16:50:53","slug":"lucca-film-festival-corti-internazionali-raccontano-la-sostenibilita","status":"publish","type":"post","link":"https:\/\/www.livemag.it\/index.php\/2024\/09\/16\/lucca-film-festival-corti-internazionali-raccontano-la-sostenibilita\/","title":{"rendered":"Lucca Film Festival: corti internazionali raccontano la sostenibilit\u00e0"},"content":{"rendered":"\n<h2 class=\"wp-block-heading\">Un concorso dedicato a sostenibilit\u00e0 ambientale e sociale al Lucca Film Festival For Future 2024<\/h2>\n\n\n\n<p><strong>Il Lucca Film Festival For Future 2024 si prepara a tornare con una nuova edizione, dedicata ai cortometraggi che affrontano il tema della sostenibilit\u00e0 ambientale e sociale<\/strong>. Dal 26 al 28 settembre, la citt\u00e0 toscana accoglier\u00e0 la seconda edizione del concorso, <strong>realizzato grazie alla collaborazione con Sofidel<\/strong>, azienda leader nella produzione di carta per uso igienico, celebre per il marchio Regina. <strong>Il festival di quest\u2019anno ha raccolto ben 212 opere provenienti da tutto il mondo<\/strong>, tutte incentrate sulle sfide ambientali e sociali che caratterizzano il nostro presente.<\/p>\n\n\n<div class=\"wp-block-image\">\n<figure class=\"alignright size-large is-resized\"><img fetchpriority=\"high\" decoding=\"async\" width=\"1024\" height=\"1024\" src=\"https:\/\/www.livemag.it\/wp-content\/uploads\/2024\/09\/Carolina-Crescentini-1024x1024.jpg\" alt=\"Carolina Crescentini\" class=\"wp-image-34910\" style=\"width:243px;height:auto\" srcset=\"https:\/\/www.livemag.it\/wp-content\/uploads\/2024\/09\/Carolina-Crescentini-1024x1024.jpg 1024w, https:\/\/www.livemag.it\/wp-content\/uploads\/2024\/09\/Carolina-Crescentini-300x300.jpg 300w, https:\/\/www.livemag.it\/wp-content\/uploads\/2024\/09\/Carolina-Crescentini-150x150.jpg 150w, https:\/\/www.livemag.it\/wp-content\/uploads\/2024\/09\/Carolina-Crescentini-768x768.jpg 768w, https:\/\/www.livemag.it\/wp-content\/uploads\/2024\/09\/Carolina-Crescentini-75x75.jpg 75w, https:\/\/www.livemag.it\/wp-content\/uploads\/2024\/09\/Carolina-Crescentini-350x350.jpg 350w, https:\/\/www.livemag.it\/wp-content\/uploads\/2024\/09\/Carolina-Crescentini-750x750.jpg 750w, https:\/\/www.livemag.it\/wp-content\/uploads\/2024\/09\/Carolina-Crescentini-1140x1140.jpg 1140w, https:\/\/www.livemag.it\/wp-content\/uploads\/2024\/09\/Carolina-Crescentini.jpg 1440w\" sizes=\"(max-width: 1024px) 100vw, 1024px\" \/><\/figure>\n<\/div>\n\n\n<h3 class=\"wp-block-heading\">Carolina Crescentini a capo della giuria<\/h3>\n\n\n\n<p><strong>L\u2019attrice Carolina Crescentini ricoprir\u00e0 il ruolo di presidente di giuria e avr\u00e0 il compito di scegliere il miglior cortometraggio in gara. Al suo fianco si uniranno Luca Luisa, rappresentante dell\u2019associazione culturale La Cappella Underground, il regista e produttore Andrea Morghen e Giacomo Nencioni, ricercatore esperto di cinema, fotografia e televisione<\/strong>. Il premio Miglior Opera Green, che sar\u00e0 assegnato al cortometraggio vincitore, avr\u00e0 un valore di 1.000 euro.<\/p>\n\n\n\n<h3 class=\"wp-block-heading\">I dieci finalisti rappresentano diversi paesi<\/h3>\n\n\n\n<p>Quest\u2019anno il festival ha selezionato dieci cortometraggi finalisti, provenienti da diversi paesi, tra cui <strong>Argentina, Canada, Cina, Germania, Olanda, India, Italia, Kurdistan, Serbia e Svezia. Di questi dieci corti, otto verranno presentati in anteprima italiana e uno, l\u2019argentino &#8220;Cuando Todo Arde&#8221;, debutter\u00e0 in anteprima europea<\/strong>. La variet\u00e0 dei lavori spazia dalla fiction al documentario, offrendo una panoramica ricca e diversificata sui temi legati alla sostenibilit\u00e0, affrontata da diverse prospettive culturali.<\/p>\n\n\n\n<h3 class=\"wp-block-heading\">Programma degli eventi aperti al pubblico<\/h3>\n\n\n\n<p>Il festival offre al pubblico diverse occasioni per assistere alle proiezioni e interagire con i protagonisti:<\/p>\n\n\n\n<ul class=\"wp-block-list\">\n<li><strong>Gioved\u00ec 26 settembre, ore 10:00<\/strong>: Proiezione gratuita presso il Complesso Monumentale di San Micheletto, con accesso sia per le scuole che per il pubblico.<\/li>\n\n\n\n<li><strong>Sabato 28 settembre, ore 15:00<\/strong>: Proiezione gratuita presso il Cinema Centrale, seguita alle ore 17:30 da un incontro con la giuria.<\/li>\n\n\n\n<li><strong>Sabato 28 settembre, ore 21:00<\/strong>: Cerimonia di premiazione presso il Cinema Astra, con ingresso libero per tutti.<\/li>\n<\/ul>\n\n\n\n<p>I dieci cortometraggi finalisti saranno inoltre disponibili gratuitamente sulla piattaforma Festival Scope, permettendo a chiunque di vederli online e partecipare virtualmente al festival.<\/p>\n\n\n\n<h3 class=\"wp-block-heading\">Le trame dei cortometraggi in concorso<\/h3>\n\n\n<div class=\"wp-block-image\">\n<figure class=\"aligncenter size-large is-resized\"><img decoding=\"async\" width=\"1024\" height=\"366\" src=\"https:\/\/www.livemag.it\/wp-content\/uploads\/2024\/09\/Lucca-Film-Festival-For-Future-2024-1-1024x366.jpg\" alt=\"Lucca Film Festival For Future 2024 1\" class=\"wp-image-34911\" style=\"width:615px;height:auto\" srcset=\"https:\/\/www.livemag.it\/wp-content\/uploads\/2024\/09\/Lucca-Film-Festival-For-Future-2024-1-1024x366.jpg 1024w, https:\/\/www.livemag.it\/wp-content\/uploads\/2024\/09\/Lucca-Film-Festival-For-Future-2024-1-300x107.jpg 300w, https:\/\/www.livemag.it\/wp-content\/uploads\/2024\/09\/Lucca-Film-Festival-For-Future-2024-1-768x274.jpg 768w, https:\/\/www.livemag.it\/wp-content\/uploads\/2024\/09\/Lucca-Film-Festival-For-Future-2024-1-750x268.jpg 750w, https:\/\/www.livemag.it\/wp-content\/uploads\/2024\/09\/Lucca-Film-Festival-For-Future-2024-1-1140x407.jpg 1140w, https:\/\/www.livemag.it\/wp-content\/uploads\/2024\/09\/Lucca-Film-Festival-For-Future-2024-1.jpg 1400w\" sizes=\"(max-width: 1024px) 100vw, 1024px\" \/><\/figure>\n<\/div>\n\n\n<p><strong>Ogni cortometraggio finalista affronta la tematica della sostenibilit\u00e0 da angolazioni uniche e innovative<\/strong>. Il film argentino &#8220;<strong>Cuando Todo Arde<\/strong>&#8221; di Maria Belen Poncio racconta la storia di Isabel, una giovane pompiere che viene emarginata per aver denunciato un progetto edilizio legato a incendi boschivi. In &#8220;<strong>Eina<\/strong>&#8221; (Svezia), Tommy Vella narra il viaggio interiore di una donna in kayak immersa nella natura selvaggia. &#8220;<strong>In the Mists<\/strong>&#8221; (Serbia) di Mina Jeli\u0107 invita a riflettere sul legame tra natura e fuga dall&#8217;inquinamento urbano. Il documentario &#8220;<strong>Know Your Stones<\/strong>&#8221; (Germania\/Olanda) di Katarina Jazbec riunisce attivisti, operai e un geologo in un viaggio surreale che esplora il futuro del nostro pianeta.<\/p>\n\n\n\n<p>&#8220;<strong>LEAF<\/strong>&#8221; (Olanda), diretto da Thom Lunshof, immagina un futuro arido in cui una madre e suo figlio cercano disperatamente una zona verde dove poter vivere. &#8220;<strong>Margins M\/argini<\/strong>&#8221; (Italia) documenta l\u2019impatto dell\u2019alluvione del Savio in Emilia-Romagna sulla vita di una donna. &#8220;<strong>The Wheat Will Not Be Golden<\/strong>&#8221; (Cina) racconta la battaglia di un vecchio contadino per proteggere la sua terra. &#8220;<strong>The World Is Ours<\/strong>&#8221; (Canada) esplora le vite di sei adolescenti alla ricerca di sollievo dall&#8217;ansia post-pandemica attraverso il contatto con la natura. &#8220;<strong>Time to Live<\/strong>&#8221; (Kurdistan) segue la storia toccante di un uomo malato e della figlia che lo accudisce. Infine, &#8220;<strong>White An<\/strong>t&#8221; (India) di Shalini Adnani intreccia i ricordi d&#8217;infanzia di un uomo con una casa infestata dalle termiti.<\/p>\n\n\n\n<h3 class=\"wp-block-heading\">Il cinema come strumento di sensibilizzazione<\/h3>\n\n\n\n<p>Il Lucca Film Festival For Future conferma l\u2019importanza di promuovere la sostenibilit\u00e0 anche attraverso il cinema. <strong>Il coinvolgimento di festival della rete &#8220;Film For Our Future&#8221; e della rete EURASF<\/strong> (European Network of Science Communicators, Filmmakers, Film Producers and Festival Organizers) <strong>sottolinea come le questioni ambientali e sociali trovino sempre pi\u00f9 spazio anche nei grandi eventi cinematografici<\/strong>, come il Lucca Film Festival, giunto quest\u2019anno alla sua ventesima edizione.<\/p>\n\n\n\n<p>Per ulteriori dettagli sul programma e sulle proiezioni, si pu\u00f2 visitare il sito ufficiale: <a href=\"https:\/\/www.luccafilmfestival.it\/\">https:\/\/www.luccafilmfestival.it\/<\/a>.<\/p>\n\n\n\n<p><a href=\"https:\/\/www.instagram.com\/altomura\/00?hl=it\" target=\"_blank\" rel=\"noreferrer noopener\">A cura di Mario Altomura<\/a><\/p>\n\n\n\n<p>Leggi anche: <a href=\"https:\/\/www.bollicinevip.com\/i-cofanetti-di-make-up-alleati-di-bellezza\/\">I cofanetti di make up: alleati di bellezza<\/a><\/p>\n","protected":false},"excerpt":{"rendered":"<p>Un concorso dedicato a sostenibilit\u00e0 ambientale e sociale al Lucca Film Festival For Future 2024 Il Lucca Film Festival For Future 2024 si prepara a tornare con una nuova edizione, dedicata ai cortometraggi che affrontano il tema della sostenibilit\u00e0 ambientale e sociale. Dal 26 al 28 settembre, la citt\u00e0 toscana accoglier\u00e0 la seconda edizione del [&hellip;]<\/p>\n","protected":false},"author":20,"featured_media":34912,"comment_status":"open","ping_status":"open","sticky":false,"template":"","format":"standard","meta":{"jnews-multi-image_gallery":[],"jnews_single_post":{"format":"standard"},"jnews_primary_category":[],"jnews_social_meta":[],"jnews_override_counter":[],"jnews_post_split":[],"footnotes":""},"categories":[90],"tags":[4770,3648,4773,4774,4768,440,1473,230,4649,4781,4782,4790,1995,2530,4766,4775,4772,3045,4783,3260,163,4784,4778,4777,4771,4765,4764,4763,4786,4769,4776,2278,4779,4496,4767,2730,4780,4787,4788,4789,4785],"class_list":["post-34909","post","type-post","status-publish","format-standard","has-post-thumbnail","hentry","category-liveevent","tag-andrea-morghen","tag-appuntamenti","tag-argentina","tag-canada","tag-carolina-crescentini","tag-cina","tag-cinema","tag-concorso","tag-cortometraggi","tag-cuando-todo-arde","tag-eina","tag-eurasf","tag-festival","tag-film","tag-future","tag-germania","tag-giacomo-nencioni","tag-giuria","tag-in-the-mists","tag-india","tag-italia","tag-know-your-stones","tag-kurdistan","tag-leaf","tag-luca-luisa","tag-lucca","tag-lucca-film-festival","tag-lucca-film-festival-for-future-2024","tag-margins-m-argini","tag-miglior-opera-green","tag-olanda","tag-pubblico","tag-serbia","tag-sfide","tag-sofidel","tag-sostenibilita","tag-svezia","tag-the-wheat-will-not-be-golden","tag-the-world-is-ours","tag-time-to-live","tag-white-ant"],"yoast_head":"<!-- This site is optimized with the Yoast SEO plugin v27.5 - https:\/\/yoast.com\/product\/yoast-seo-wordpress\/ -->\n<title>Lucca Film Festival: corti internazionali raccontano la sostenibilit\u00e0<\/title>\n<meta name=\"description\" content=\"Il Lucca Film Festival For Future 2024 si prepara a tornare con una nuova edizione dedicata ai cortometraggi\" \/>\n<meta name=\"robots\" content=\"index, follow, max-snippet:-1, max-image-preview:large, max-video-preview:-1\" \/>\n<link rel=\"canonical\" href=\"https:\/\/www.livemag.it\/index.php\/2024\/09\/16\/lucca-film-festival-corti-internazionali-raccontano-la-sostenibilita\/\" \/>\n<meta property=\"og:locale\" content=\"it_IT\" \/>\n<meta property=\"og:type\" content=\"article\" \/>\n<meta property=\"og:title\" content=\"Lucca Film Festival: corti internazionali raccontano la sostenibilit\u00e0\" \/>\n<meta property=\"og:description\" content=\"Il Lucca Film Festival For Future 2024 si prepara a tornare con una nuova edizione dedicata ai cortometraggi\" \/>\n<meta property=\"og:url\" content=\"https:\/\/www.livemag.it\/index.php\/2024\/09\/16\/lucca-film-festival-corti-internazionali-raccontano-la-sostenibilita\/\" \/>\n<meta property=\"og:site_name\" content=\"Live Magazine\" \/>\n<meta property=\"article:publisher\" content=\"https:\/\/www.facebook.com\/LiveMag\/\" \/>\n<meta property=\"article:published_time\" content=\"2024-09-16T16:50:11+00:00\" \/>\n<meta property=\"article:modified_time\" content=\"2024-09-16T16:50:53+00:00\" \/>\n<meta property=\"og:image\" content=\"https:\/\/www.livemag.it\/wp-content\/uploads\/2024\/09\/Lucca-Film-Festival-For-Future-2024.jpg\" \/>\n\t<meta property=\"og:image:width\" content=\"1200\" \/>\n\t<meta property=\"og:image:height\" content=\"628\" \/>\n\t<meta property=\"og:image:type\" content=\"image\/jpeg\" \/>\n<meta name=\"author\" content=\"Mario Altomura\" \/>\n<meta name=\"twitter:card\" content=\"summary_large_image\" \/>\n<meta name=\"twitter:creator\" content=\"@LiveNotizie\" \/>\n<meta name=\"twitter:site\" content=\"@LiveNotizie\" \/>\n<meta name=\"twitter:label1\" content=\"Scritto da\" \/>\n\t<meta name=\"twitter:data1\" content=\"Mario Altomura\" \/>\n\t<meta name=\"twitter:label2\" content=\"Tempo di lettura stimato\" \/>\n\t<meta name=\"twitter:data2\" content=\"5 minuti\" \/>\n<script type=\"application\/ld+json\" class=\"yoast-schema-graph\">{\"@context\":\"https:\\\/\\\/schema.org\",\"@graph\":[{\"@type\":\"Article\",\"@id\":\"https:\\\/\\\/www.livemag.it\\\/index.php\\\/2024\\\/09\\\/16\\\/lucca-film-festival-corti-internazionali-raccontano-la-sostenibilita\\\/#article\",\"isPartOf\":{\"@id\":\"https:\\\/\\\/www.livemag.it\\\/index.php\\\/2024\\\/09\\\/16\\\/lucca-film-festival-corti-internazionali-raccontano-la-sostenibilita\\\/\"},\"author\":{\"name\":\"Mario Altomura\",\"@id\":\"https:\\\/\\\/www.livemag.it\\\/#\\\/schema\\\/person\\\/cc097583ef7f4da9e9fe62e8b552ab72\"},\"headline\":\"Lucca Film Festival: corti internazionali raccontano la sostenibilit\u00e0\",\"datePublished\":\"2024-09-16T16:50:11+00:00\",\"dateModified\":\"2024-09-16T16:50:53+00:00\",\"mainEntityOfPage\":{\"@id\":\"https:\\\/\\\/www.livemag.it\\\/index.php\\\/2024\\\/09\\\/16\\\/lucca-film-festival-corti-internazionali-raccontano-la-sostenibilita\\\/\"},\"wordCount\":706,\"commentCount\":0,\"publisher\":{\"@id\":\"https:\\\/\\\/www.livemag.it\\\/#organization\"},\"image\":{\"@id\":\"https:\\\/\\\/www.livemag.it\\\/index.php\\\/2024\\\/09\\\/16\\\/lucca-film-festival-corti-internazionali-raccontano-la-sostenibilita\\\/#primaryimage\"},\"thumbnailUrl\":\"https:\\\/\\\/www.livemag.it\\\/wp-content\\\/uploads\\\/2024\\\/09\\\/Lucca-Film-Festival-For-Future-2024.jpg\",\"keywords\":[\"Andrea Morghen\",\"appuntamenti\",\"Argentina\",\"Canada\",\"Carolina Crescentini\",\"cina\",\"cinema\",\"concorso\",\"cortometraggi\",\"Cuando Todo Arde\",\"Eina\",\"EURASF\",\"festival\",\"film\",\"Future\",\"Germania\",\"Giacomo Nencioni\",\"giuria\",\"In the Mists\",\"India\",\"italia\",\"Know Your Stones\",\"Kurdistan\",\"LEAF\",\"Luca Luisa\",\"Lucca\",\"Lucca Film Festival\",\"Lucca Film Festival For Future 2024\",\"Margins M\\\/argini\",\"Miglior Opera Green\",\"Olanda\",\"pubblico\",\"Serbia\",\"sfide\",\"Sofidel\",\"sostenibilit\u00e0\",\"Svezia\",\"The Wheat Will Not Be Golden\",\"The World Is Ours\",\"Time to Live\",\"White Ant\"],\"articleSection\":[\"LiveEvent\"],\"inLanguage\":\"it-IT\",\"potentialAction\":[{\"@type\":\"CommentAction\",\"name\":\"Comment\",\"target\":[\"https:\\\/\\\/www.livemag.it\\\/index.php\\\/2024\\\/09\\\/16\\\/lucca-film-festival-corti-internazionali-raccontano-la-sostenibilita\\\/#respond\"]}]},{\"@type\":\"WebPage\",\"@id\":\"https:\\\/\\\/www.livemag.it\\\/index.php\\\/2024\\\/09\\\/16\\\/lucca-film-festival-corti-internazionali-raccontano-la-sostenibilita\\\/\",\"url\":\"https:\\\/\\\/www.livemag.it\\\/index.php\\\/2024\\\/09\\\/16\\\/lucca-film-festival-corti-internazionali-raccontano-la-sostenibilita\\\/\",\"name\":\"Lucca Film Festival: corti internazionali raccontano la sostenibilit\u00e0\",\"isPartOf\":{\"@id\":\"https:\\\/\\\/www.livemag.it\\\/#website\"},\"primaryImageOfPage\":{\"@id\":\"https:\\\/\\\/www.livemag.it\\\/index.php\\\/2024\\\/09\\\/16\\\/lucca-film-festival-corti-internazionali-raccontano-la-sostenibilita\\\/#primaryimage\"},\"image\":{\"@id\":\"https:\\\/\\\/www.livemag.it\\\/index.php\\\/2024\\\/09\\\/16\\\/lucca-film-festival-corti-internazionali-raccontano-la-sostenibilita\\\/#primaryimage\"},\"thumbnailUrl\":\"https:\\\/\\\/www.livemag.it\\\/wp-content\\\/uploads\\\/2024\\\/09\\\/Lucca-Film-Festival-For-Future-2024.jpg\",\"datePublished\":\"2024-09-16T16:50:11+00:00\",\"dateModified\":\"2024-09-16T16:50:53+00:00\",\"description\":\"Il Lucca Film Festival For Future 2024 si prepara a tornare con una nuova edizione dedicata ai cortometraggi\",\"breadcrumb\":{\"@id\":\"https:\\\/\\\/www.livemag.it\\\/index.php\\\/2024\\\/09\\\/16\\\/lucca-film-festival-corti-internazionali-raccontano-la-sostenibilita\\\/#breadcrumb\"},\"inLanguage\":\"it-IT\",\"potentialAction\":[{\"@type\":\"ReadAction\",\"target\":[\"https:\\\/\\\/www.livemag.it\\\/index.php\\\/2024\\\/09\\\/16\\\/lucca-film-festival-corti-internazionali-raccontano-la-sostenibilita\\\/\"]}]},{\"@type\":\"ImageObject\",\"inLanguage\":\"it-IT\",\"@id\":\"https:\\\/\\\/www.livemag.it\\\/index.php\\\/2024\\\/09\\\/16\\\/lucca-film-festival-corti-internazionali-raccontano-la-sostenibilita\\\/#primaryimage\",\"url\":\"https:\\\/\\\/www.livemag.it\\\/wp-content\\\/uploads\\\/2024\\\/09\\\/Lucca-Film-Festival-For-Future-2024.jpg\",\"contentUrl\":\"https:\\\/\\\/www.livemag.it\\\/wp-content\\\/uploads\\\/2024\\\/09\\\/Lucca-Film-Festival-For-Future-2024.jpg\",\"width\":1200,\"height\":628,\"caption\":\"Lucca Film Festival For Future 2024\"},{\"@type\":\"BreadcrumbList\",\"@id\":\"https:\\\/\\\/www.livemag.it\\\/index.php\\\/2024\\\/09\\\/16\\\/lucca-film-festival-corti-internazionali-raccontano-la-sostenibilita\\\/#breadcrumb\",\"itemListElement\":[{\"@type\":\"ListItem\",\"position\":1,\"name\":\"Home\",\"item\":\"https:\\\/\\\/www.livemag.it\\\/\"},{\"@type\":\"ListItem\",\"position\":2,\"name\":\"Lucca Film Festival: corti internazionali raccontano la sostenibilit\u00e0\"}]},{\"@type\":\"WebSite\",\"@id\":\"https:\\\/\\\/www.livemag.it\\\/#website\",\"url\":\"https:\\\/\\\/www.livemag.it\\\/\",\"name\":\"Live Magazine\",\"description\":\"Varie ed eventi\",\"publisher\":{\"@id\":\"https:\\\/\\\/www.livemag.it\\\/#organization\"},\"potentialAction\":[{\"@type\":\"SearchAction\",\"target\":{\"@type\":\"EntryPoint\",\"urlTemplate\":\"https:\\\/\\\/www.livemag.it\\\/?s={search_term_string}\"},\"query-input\":{\"@type\":\"PropertyValueSpecification\",\"valueRequired\":true,\"valueName\":\"search_term_string\"}}],\"inLanguage\":\"it-IT\"},{\"@type\":\"Organization\",\"@id\":\"https:\\\/\\\/www.livemag.it\\\/#organization\",\"name\":\"LiveMag\",\"alternateName\":\"LiveMag News ed eventi\",\"url\":\"https:\\\/\\\/www.livemag.it\\\/\",\"logo\":{\"@type\":\"ImageObject\",\"inLanguage\":\"it-IT\",\"@id\":\"https:\\\/\\\/www.livemag.it\\\/#\\\/schema\\\/logo\\\/image\\\/\",\"url\":\"https:\\\/\\\/www.livemag.it\\\/wp-content\\\/uploads\\\/2024\\\/02\\\/immagine-sito.jpg\",\"contentUrl\":\"https:\\\/\\\/www.livemag.it\\\/wp-content\\\/uploads\\\/2024\\\/02\\\/immagine-sito.jpg\",\"width\":696,\"height\":696,\"caption\":\"LiveMag\"},\"image\":{\"@id\":\"https:\\\/\\\/www.livemag.it\\\/#\\\/schema\\\/logo\\\/image\\\/\"},\"sameAs\":[\"https:\\\/\\\/www.facebook.com\\\/LiveMag\\\/\",\"https:\\\/\\\/x.com\\\/LiveNotizie\",\"https:\\\/\\\/www.instagram.com\\\/livemag\\\/\"]},{\"@type\":\"Person\",\"@id\":\"https:\\\/\\\/www.livemag.it\\\/#\\\/schema\\\/person\\\/cc097583ef7f4da9e9fe62e8b552ab72\",\"name\":\"Mario Altomura\",\"image\":{\"@type\":\"ImageObject\",\"inLanguage\":\"it-IT\",\"@id\":\"https:\\\/\\\/secure.gravatar.com\\\/avatar\\\/3c7d3ce72a2bed6bab5e3681d59712a49247bdd227b4ef67de56814084f945dd?s=96&r=g\",\"url\":\"https:\\\/\\\/secure.gravatar.com\\\/avatar\\\/3c7d3ce72a2bed6bab5e3681d59712a49247bdd227b4ef67de56814084f945dd?s=96&r=g\",\"contentUrl\":\"https:\\\/\\\/secure.gravatar.com\\\/avatar\\\/3c7d3ce72a2bed6bab5e3681d59712a49247bdd227b4ef67de56814084f945dd?s=96&r=g\",\"caption\":\"Mario Altomura\"},\"description\":\"fotografo celebrity\",\"url\":\"https:\\\/\\\/www.livemag.it\\\/index.php\\\/author\\\/fabio-scarpati\\\/\"}]}<\/script>\n<!-- \/ Yoast SEO plugin. -->","yoast_head_json":{"title":"Lucca Film Festival: corti internazionali raccontano la sostenibilit\u00e0","description":"Il Lucca Film Festival For Future 2024 si prepara a tornare con una nuova edizione dedicata ai cortometraggi","robots":{"index":"index","follow":"follow","max-snippet":"max-snippet:-1","max-image-preview":"max-image-preview:large","max-video-preview":"max-video-preview:-1"},"canonical":"https:\/\/www.livemag.it\/index.php\/2024\/09\/16\/lucca-film-festival-corti-internazionali-raccontano-la-sostenibilita\/","og_locale":"it_IT","og_type":"article","og_title":"Lucca Film Festival: corti internazionali raccontano la sostenibilit\u00e0","og_description":"Il Lucca Film Festival For Future 2024 si prepara a tornare con una nuova edizione dedicata ai cortometraggi","og_url":"https:\/\/www.livemag.it\/index.php\/2024\/09\/16\/lucca-film-festival-corti-internazionali-raccontano-la-sostenibilita\/","og_site_name":"Live Magazine","article_publisher":"https:\/\/www.facebook.com\/LiveMag\/","article_published_time":"2024-09-16T16:50:11+00:00","article_modified_time":"2024-09-16T16:50:53+00:00","og_image":[{"width":1200,"height":628,"url":"https:\/\/www.livemag.it\/wp-content\/uploads\/2024\/09\/Lucca-Film-Festival-For-Future-2024.jpg","type":"image\/jpeg"}],"author":"Mario Altomura","twitter_card":"summary_large_image","twitter_creator":"@LiveNotizie","twitter_site":"@LiveNotizie","twitter_misc":{"Scritto da":"Mario Altomura","Tempo di lettura stimato":"5 minuti"},"schema":{"@context":"https:\/\/schema.org","@graph":[{"@type":"Article","@id":"https:\/\/www.livemag.it\/index.php\/2024\/09\/16\/lucca-film-festival-corti-internazionali-raccontano-la-sostenibilita\/#article","isPartOf":{"@id":"https:\/\/www.livemag.it\/index.php\/2024\/09\/16\/lucca-film-festival-corti-internazionali-raccontano-la-sostenibilita\/"},"author":{"name":"Mario Altomura","@id":"https:\/\/www.livemag.it\/#\/schema\/person\/cc097583ef7f4da9e9fe62e8b552ab72"},"headline":"Lucca Film Festival: corti internazionali raccontano la sostenibilit\u00e0","datePublished":"2024-09-16T16:50:11+00:00","dateModified":"2024-09-16T16:50:53+00:00","mainEntityOfPage":{"@id":"https:\/\/www.livemag.it\/index.php\/2024\/09\/16\/lucca-film-festival-corti-internazionali-raccontano-la-sostenibilita\/"},"wordCount":706,"commentCount":0,"publisher":{"@id":"https:\/\/www.livemag.it\/#organization"},"image":{"@id":"https:\/\/www.livemag.it\/index.php\/2024\/09\/16\/lucca-film-festival-corti-internazionali-raccontano-la-sostenibilita\/#primaryimage"},"thumbnailUrl":"https:\/\/www.livemag.it\/wp-content\/uploads\/2024\/09\/Lucca-Film-Festival-For-Future-2024.jpg","keywords":["Andrea Morghen","appuntamenti","Argentina","Canada","Carolina Crescentini","cina","cinema","concorso","cortometraggi","Cuando Todo Arde","Eina","EURASF","festival","film","Future","Germania","Giacomo Nencioni","giuria","In the Mists","India","italia","Know Your Stones","Kurdistan","LEAF","Luca Luisa","Lucca","Lucca Film Festival","Lucca Film Festival For Future 2024","Margins M\/argini","Miglior Opera Green","Olanda","pubblico","Serbia","sfide","Sofidel","sostenibilit\u00e0","Svezia","The Wheat Will Not Be Golden","The World Is Ours","Time to Live","White Ant"],"articleSection":["LiveEvent"],"inLanguage":"it-IT","potentialAction":[{"@type":"CommentAction","name":"Comment","target":["https:\/\/www.livemag.it\/index.php\/2024\/09\/16\/lucca-film-festival-corti-internazionali-raccontano-la-sostenibilita\/#respond"]}]},{"@type":"WebPage","@id":"https:\/\/www.livemag.it\/index.php\/2024\/09\/16\/lucca-film-festival-corti-internazionali-raccontano-la-sostenibilita\/","url":"https:\/\/www.livemag.it\/index.php\/2024\/09\/16\/lucca-film-festival-corti-internazionali-raccontano-la-sostenibilita\/","name":"Lucca Film Festival: corti internazionali raccontano la sostenibilit\u00e0","isPartOf":{"@id":"https:\/\/www.livemag.it\/#website"},"primaryImageOfPage":{"@id":"https:\/\/www.livemag.it\/index.php\/2024\/09\/16\/lucca-film-festival-corti-internazionali-raccontano-la-sostenibilita\/#primaryimage"},"image":{"@id":"https:\/\/www.livemag.it\/index.php\/2024\/09\/16\/lucca-film-festival-corti-internazionali-raccontano-la-sostenibilita\/#primaryimage"},"thumbnailUrl":"https:\/\/www.livemag.it\/wp-content\/uploads\/2024\/09\/Lucca-Film-Festival-For-Future-2024.jpg","datePublished":"2024-09-16T16:50:11+00:00","dateModified":"2024-09-16T16:50:53+00:00","description":"Il Lucca Film Festival For Future 2024 si prepara a tornare con una nuova edizione dedicata ai cortometraggi","breadcrumb":{"@id":"https:\/\/www.livemag.it\/index.php\/2024\/09\/16\/lucca-film-festival-corti-internazionali-raccontano-la-sostenibilita\/#breadcrumb"},"inLanguage":"it-IT","potentialAction":[{"@type":"ReadAction","target":["https:\/\/www.livemag.it\/index.php\/2024\/09\/16\/lucca-film-festival-corti-internazionali-raccontano-la-sostenibilita\/"]}]},{"@type":"ImageObject","inLanguage":"it-IT","@id":"https:\/\/www.livemag.it\/index.php\/2024\/09\/16\/lucca-film-festival-corti-internazionali-raccontano-la-sostenibilita\/#primaryimage","url":"https:\/\/www.livemag.it\/wp-content\/uploads\/2024\/09\/Lucca-Film-Festival-For-Future-2024.jpg","contentUrl":"https:\/\/www.livemag.it\/wp-content\/uploads\/2024\/09\/Lucca-Film-Festival-For-Future-2024.jpg","width":1200,"height":628,"caption":"Lucca Film Festival For Future 2024"},{"@type":"BreadcrumbList","@id":"https:\/\/www.livemag.it\/index.php\/2024\/09\/16\/lucca-film-festival-corti-internazionali-raccontano-la-sostenibilita\/#breadcrumb","itemListElement":[{"@type":"ListItem","position":1,"name":"Home","item":"https:\/\/www.livemag.it\/"},{"@type":"ListItem","position":2,"name":"Lucca Film Festival: corti internazionali raccontano la sostenibilit\u00e0"}]},{"@type":"WebSite","@id":"https:\/\/www.livemag.it\/#website","url":"https:\/\/www.livemag.it\/","name":"Live Magazine","description":"Varie ed eventi","publisher":{"@id":"https:\/\/www.livemag.it\/#organization"},"potentialAction":[{"@type":"SearchAction","target":{"@type":"EntryPoint","urlTemplate":"https:\/\/www.livemag.it\/?s={search_term_string}"},"query-input":{"@type":"PropertyValueSpecification","valueRequired":true,"valueName":"search_term_string"}}],"inLanguage":"it-IT"},{"@type":"Organization","@id":"https:\/\/www.livemag.it\/#organization","name":"LiveMag","alternateName":"LiveMag News ed eventi","url":"https:\/\/www.livemag.it\/","logo":{"@type":"ImageObject","inLanguage":"it-IT","@id":"https:\/\/www.livemag.it\/#\/schema\/logo\/image\/","url":"https:\/\/www.livemag.it\/wp-content\/uploads\/2024\/02\/immagine-sito.jpg","contentUrl":"https:\/\/www.livemag.it\/wp-content\/uploads\/2024\/02\/immagine-sito.jpg","width":696,"height":696,"caption":"LiveMag"},"image":{"@id":"https:\/\/www.livemag.it\/#\/schema\/logo\/image\/"},"sameAs":["https:\/\/www.facebook.com\/LiveMag\/","https:\/\/x.com\/LiveNotizie","https:\/\/www.instagram.com\/livemag\/"]},{"@type":"Person","@id":"https:\/\/www.livemag.it\/#\/schema\/person\/cc097583ef7f4da9e9fe62e8b552ab72","name":"Mario Altomura","image":{"@type":"ImageObject","inLanguage":"it-IT","@id":"https:\/\/secure.gravatar.com\/avatar\/3c7d3ce72a2bed6bab5e3681d59712a49247bdd227b4ef67de56814084f945dd?s=96&r=g","url":"https:\/\/secure.gravatar.com\/avatar\/3c7d3ce72a2bed6bab5e3681d59712a49247bdd227b4ef67de56814084f945dd?s=96&r=g","contentUrl":"https:\/\/secure.gravatar.com\/avatar\/3c7d3ce72a2bed6bab5e3681d59712a49247bdd227b4ef67de56814084f945dd?s=96&r=g","caption":"Mario Altomura"},"description":"fotografo celebrity","url":"https:\/\/www.livemag.it\/index.php\/author\/fabio-scarpati\/"}]}},"jetpack_featured_media_url":"https:\/\/www.livemag.it\/wp-content\/uploads\/2024\/09\/Lucca-Film-Festival-For-Future-2024.jpg","_links":{"self":[{"href":"https:\/\/www.livemag.it\/index.php\/wp-json\/wp\/v2\/posts\/34909","targetHints":{"allow":["GET"]}}],"collection":[{"href":"https:\/\/www.livemag.it\/index.php\/wp-json\/wp\/v2\/posts"}],"about":[{"href":"https:\/\/www.livemag.it\/index.php\/wp-json\/wp\/v2\/types\/post"}],"author":[{"embeddable":true,"href":"https:\/\/www.livemag.it\/index.php\/wp-json\/wp\/v2\/users\/20"}],"replies":[{"embeddable":true,"href":"https:\/\/www.livemag.it\/index.php\/wp-json\/wp\/v2\/comments?post=34909"}],"version-history":[{"count":2,"href":"https:\/\/www.livemag.it\/index.php\/wp-json\/wp\/v2\/posts\/34909\/revisions"}],"predecessor-version":[{"id":34914,"href":"https:\/\/www.livemag.it\/index.php\/wp-json\/wp\/v2\/posts\/34909\/revisions\/34914"}],"wp:featuredmedia":[{"embeddable":true,"href":"https:\/\/www.livemag.it\/index.php\/wp-json\/wp\/v2\/media\/34912"}],"wp:attachment":[{"href":"https:\/\/www.livemag.it\/index.php\/wp-json\/wp\/v2\/media?parent=34909"}],"wp:term":[{"taxonomy":"category","embeddable":true,"href":"https:\/\/www.livemag.it\/index.php\/wp-json\/wp\/v2\/categories?post=34909"},{"taxonomy":"post_tag","embeddable":true,"href":"https:\/\/www.livemag.it\/index.php\/wp-json\/wp\/v2\/tags?post=34909"}],"curies":[{"name":"wp","href":"https:\/\/api.w.org\/{rel}","templated":true}]}}