{"id":34840,"date":"2024-09-16T11:22:24","date_gmt":"2024-09-16T09:22:24","guid":{"rendered":"https:\/\/www.livemag.it\/?p=34840"},"modified":"2024-09-16T11:23:46","modified_gmt":"2024-09-16T09:23:46","slug":"matilde-brandi-arriva-a-santarcangelo-per-benessere-in-rosa","status":"publish","type":"post","link":"https:\/\/www.livemag.it\/index.php\/2024\/09\/16\/matilde-brandi-arriva-a-santarcangelo-per-benessere-in-rosa\/","title":{"rendered":"Matilde Brandi arriva a Santarcangelo per \u201cBenessere in Rosa\u201d"},"content":{"rendered":"\n<h2 class=\"wp-block-heading\">Matilde Brandi inaugurer\u00e0 la nuova sede di &#8220;Balla &amp; Snella&#8221; a Santarcangelo<\/h2>\n\n\n\n<p>Domani, marted\u00ec 17 settembre, <strong>Matilde Brandi sar\u00e0 la madrina dell&#8217;evento \u201cBenessere in Rosa\u201d a Santarcangelo<\/strong>. La famosa ballerina e showgirl, <strong>nota per la sua partecipazione al \u201cBagaglino\u201d<\/strong>, aprir\u00e0 ufficialmente la nuova sede di \u201cBalla &amp; Snella\u201d, un corso che unisce danza e benessere.<\/p>\n\n\n\n<h3 class=\"wp-block-heading\">Il percorso artistico di Matilde Brandi: dalla danza al successo in TV<\/h3>\n\n\n\n<p>Fin da bambina, <strong>Matilde Brandi ha nutrito una forte passione per la danza, sognando di diventare una ballerina classica<\/strong>. Dopo aver conseguito il diploma di danza a Roma, la sua carriera ha avuto una svolta decisiva quando, a soli 19 anni, <strong>\u00e8 stata scelta da Gigi Proietti per il suo programma televisivo &#8220;Club \u201992&#8221;<\/strong>. Da allora, la sua vita ha intrecciato arte e spettacolo, facendo della danza il cuore della sua carriera professionale. Oltre alle esibizioni televisive e teatrali, <strong>Matilde gestisce la sua accademia a Roma, dove insegna con entusiasmo, in particolare alle piccole ballerine del corso &#8220;giocodanza&#8221;<\/strong>, composto da bambine di 3-4 anni che adorano le sue lezioni.<\/p>\n\n\n<div class=\"wp-block-image\">\n<figure class=\"alignleft size-large is-resized\"><img fetchpriority=\"high\" decoding=\"async\" width=\"724\" height=\"1024\" src=\"https:\/\/www.livemag.it\/wp-content\/uploads\/2024\/09\/Matilde-Brandi-4-724x1024.jpg\" alt=\"Matilde Brandi 4\" class=\"wp-image-34842\" style=\"width:275px;height:auto\" srcset=\"https:\/\/www.livemag.it\/wp-content\/uploads\/2024\/09\/Matilde-Brandi-4-724x1024.jpg 724w, https:\/\/www.livemag.it\/wp-content\/uploads\/2024\/09\/Matilde-Brandi-4-212x300.jpg 212w, https:\/\/www.livemag.it\/wp-content\/uploads\/2024\/09\/Matilde-Brandi-4-768x1086.jpg 768w, https:\/\/www.livemag.it\/wp-content\/uploads\/2024\/09\/Matilde-Brandi-4-1086x1536.jpg 1086w, https:\/\/www.livemag.it\/wp-content\/uploads\/2024\/09\/Matilde-Brandi-4.jpg 1131w\" sizes=\"(max-width: 724px) 100vw, 724px\" \/><\/figure>\n<\/div>\n\n\n<h3 class=\"wp-block-heading\">&#8220;Balla &amp; Snella&#8221; apre le porte nella nuova sede a Santarcangelo<\/h3>\n\n\n\n<p><strong>L&#8217;evento \u201cBenessere in Rosa\u201d sar\u00e0 l&#8217;occasione per presentare la nuova e spaziosa sede di \u201cBalla &amp; Snella\u201d, situata nella zona industriale di Santarcangelo<\/strong>, vicino ai magazzini Amazon. Questo Open Day, che si terr\u00e0 dalle 17 alle 20, offrir\u00e0 a tutte le partecipanti una giornata dimostrativa gratuita, con la possibilit\u00e0 di scoprire il metodo innovativo del corso. <strong>Matilde Brandi, insieme alle simpatiche Grazia e Serena del front-office, accoglier\u00e0 le partecipanti, mentre le docenti Belen Carreras, Francesca Cis, Alessia Poni e Cinthia Oliveira, tutte istruttrici certificate M.I.D.A.S. di secondo livello, guideranno le sessioni di ballo<\/strong>. Grazie alla loro competenza, hanno saputo creare un ambiente coinvolgente e familiare all&#8217;interno dei corsi.<\/p>\n\n\n\n<h3 class=\"wp-block-heading\">Il metodo rivoluzionario di \u201cBalla &amp; Snella\u201d conquista le donne<\/h3>\n\n\n\n<p><strong>\u201cBalla &amp; Snella\u201d ha ottenuto grande successo in tutta Italia grazie al suo metodo che combina danza e fitness<\/strong>, permettendo alle donne di divertirsi mentre migliorano la loro forma fisica. Il corso punta a offrire non solo un\u2019attivit\u00e0 motoria, ma anche un\u2019opportunit\u00e0 di socializzazione e benessere. L\u2019amministrazione comunale di Santarcangelo, sempre attenta alle iniziative che promuovono la salute delle donne, ha espresso il proprio sostegno all\u2019iniziativa. <strong>L&#8217;Assessora allo Sport, Angela Garattoni, ha lodato il progetto, definendolo un\u2019occasione preziosa per promuovere uno stile di vita attivo e salutare<\/strong>, offrendo alle partecipanti un\u2019opportunit\u00e0 per prendersi cura di s\u00e9 in un contesto di condivisione e divertimento.<\/p>\n\n\n\n<h3 class=\"wp-block-heading\">Una giornata di benessere e divertimento al femminile<\/h3>\n\n\n\n<p>Durante l\u2019Open Day del 17 settembre, <strong>le partecipanti verranno accolte con un cocktail energizzante e gadget esclusivi firmati \u201cBalla &amp; Snella\u201d<\/strong>. Il tutto si svolger\u00e0 in un\u2019atmosfera vivace, ricca di musica e sorrisi, creando un\u2019occasione unica per le donne di ritrovarsi, ballare e condividere momenti di benessere in compagnia. Un evento dedicato alla salute, al divertimento e alla socialit\u00e0, dove ogni donna potr\u00e0 trovare lo spazio ideale per rilassarsi e rigenerarsi.<\/p>\n\n\n\n<p><a href=\"https:\/\/www.instagram.com\/altomura\/00?hl=it\" target=\"_blank\" rel=\"noreferrer noopener\">A cura di Mario Altomura<\/a><\/p>\n\n\n\n<p>Leggi anche: <a href=\"https:\/\/www.bollicinevip.com\/i-cofanetti-di-make-up-alleati-di-bellezza\/\">I cofanetti di make up: alleati di bellezza<\/a><\/p>\n\n\n\n<p><\/p>\n","protected":false},"excerpt":{"rendered":"<p>Matilde Brandi inaugurer\u00e0 la nuova sede di &#8220;Balla &amp; Snella&#8221; a Santarcangelo Domani, marted\u00ec 17 settembre, Matilde Brandi sar\u00e0 la madrina dell&#8217;evento \u201cBenessere in Rosa\u201d a Santarcangelo. La famosa ballerina e showgirl, nota per la sua partecipazione al \u201cBagaglino\u201d, aprir\u00e0 ufficialmente la nuova sede di \u201cBalla &amp; Snella\u201d, un corso che unisce danza e benessere. [&hellip;]<\/p>\n","protected":false},"author":20,"featured_media":34841,"comment_status":"open","ping_status":"open","sticky":false,"template":"","format":"standard","meta":{"jnews-multi-image_gallery":[],"jnews_single_post":{"format":"standard"},"jnews_primary_category":[],"jnews_social_meta":[],"jnews_override_counter":[],"jnews_post_split":[],"footnotes":""},"categories":[90],"tags":[4740,4745,132,2594,4749,4748,4735,4730,4729,4732,4293,4743,593,4728,2525,4746,4739,4750,4333,448,4733,1848,2055,4744,4751,4738,4741,4726,174,3590,4742,3183,219,2372,4727,4736,57,2660,4747,4731,4734,456,2554,3436,4737,47],"class_list":["post-34840","post","type-post","status-publish","format-standard","has-post-thumbnail","hentry","category-liveevent","tag-accademia","tag-alessia-poni","tag-amazon","tag-amministrazione-comunale","tag-angela-garattoni","tag-attivita-fisica","tag-bagaglino","tag-balla","tag-balla-snella","tag-ballerina","tag-bambina","tag-belen-carreras","tag-benessere","tag-benessere-in-rosa","tag-carriera","tag-cinthia-oliveira","tag-club-92","tag-cocktail","tag-corso","tag-danza","tag-direttrice-artistica","tag-divertimento","tag-evento","tag-francesca-cis","tag-gadget","tag-gigi-proietti","tag-giocodanza","tag-matilde-brandi","tag-musica","tag-occasione","tag-open-day","tag-partecipanti","tag-roma","tag-salute","tag-santarcangelo","tag-sede","tag-show","tag-showgirl","tag-silhouette","tag-snella","tag-soubrette","tag-sport","tag-successo","tag-supporto","tag-tersicore","tag-tv"],"yoast_head":"<!-- This site is optimized with the Yoast SEO plugin v27.5 - https:\/\/yoast.com\/product\/yoast-seo-wordpress\/ -->\n<title>Matilde Brandi arriva a Santarcangelo per \u201cBenessere in Rosa\u201d<\/title>\n<meta name=\"description\" content=\"Domani, marted\u00ec 17 settembre, Matilde Brandi sar\u00e0 la madrina dell&#039;evento \u201cBenessere in Rosa\u201d a Santarcangelo. La famosa ballerina e showgirl\" \/>\n<meta name=\"robots\" content=\"index, follow, max-snippet:-1, max-image-preview:large, max-video-preview:-1\" \/>\n<link rel=\"canonical\" href=\"https:\/\/www.livemag.it\/index.php\/2024\/09\/16\/matilde-brandi-arriva-a-santarcangelo-per-benessere-in-rosa\/\" \/>\n<meta property=\"og:locale\" content=\"it_IT\" \/>\n<meta property=\"og:type\" content=\"article\" \/>\n<meta property=\"og:title\" content=\"Matilde Brandi arriva a Santarcangelo per \u201cBenessere in Rosa\u201d\" \/>\n<meta property=\"og:description\" content=\"Domani, marted\u00ec 17 settembre, Matilde Brandi sar\u00e0 la madrina dell&#039;evento \u201cBenessere in Rosa\u201d a Santarcangelo. La famosa ballerina e showgirl\" \/>\n<meta property=\"og:url\" content=\"https:\/\/www.livemag.it\/index.php\/2024\/09\/16\/matilde-brandi-arriva-a-santarcangelo-per-benessere-in-rosa\/\" \/>\n<meta property=\"og:site_name\" content=\"Live Magazine\" \/>\n<meta property=\"article:publisher\" content=\"https:\/\/www.facebook.com\/LiveMag\/\" \/>\n<meta property=\"article:published_time\" content=\"2024-09-16T09:22:24+00:00\" \/>\n<meta property=\"article:modified_time\" content=\"2024-09-16T09:23:46+00:00\" \/>\n<meta property=\"og:image\" content=\"https:\/\/www.livemag.it\/wp-content\/uploads\/2024\/09\/Matilde-Brandi-1.jpg\" \/>\n\t<meta property=\"og:image:width\" content=\"1417\" \/>\n\t<meta property=\"og:image:height\" content=\"1007\" \/>\n\t<meta property=\"og:image:type\" content=\"image\/jpeg\" \/>\n<meta name=\"author\" content=\"Mario Altomura\" \/>\n<meta name=\"twitter:card\" content=\"summary_large_image\" \/>\n<meta name=\"twitter:creator\" content=\"@LiveNotizie\" \/>\n<meta name=\"twitter:site\" content=\"@LiveNotizie\" \/>\n<meta name=\"twitter:label1\" content=\"Scritto da\" \/>\n\t<meta name=\"twitter:data1\" content=\"Mario Altomura\" \/>\n\t<meta name=\"twitter:label2\" content=\"Tempo di lettura stimato\" \/>\n\t<meta name=\"twitter:data2\" content=\"4 minuti\" \/>\n<script type=\"application\/ld+json\" class=\"yoast-schema-graph\">{\"@context\":\"https:\\\/\\\/schema.org\",\"@graph\":[{\"@type\":\"Article\",\"@id\":\"https:\\\/\\\/www.livemag.it\\\/index.php\\\/2024\\\/09\\\/16\\\/matilde-brandi-arriva-a-santarcangelo-per-benessere-in-rosa\\\/#article\",\"isPartOf\":{\"@id\":\"https:\\\/\\\/www.livemag.it\\\/index.php\\\/2024\\\/09\\\/16\\\/matilde-brandi-arriva-a-santarcangelo-per-benessere-in-rosa\\\/\"},\"author\":{\"name\":\"Mario Altomura\",\"@id\":\"https:\\\/\\\/www.livemag.it\\\/#\\\/schema\\\/person\\\/cc097583ef7f4da9e9fe62e8b552ab72\"},\"headline\":\"Matilde Brandi arriva a Santarcangelo per \u201cBenessere in Rosa\u201d\",\"datePublished\":\"2024-09-16T09:22:24+00:00\",\"dateModified\":\"2024-09-16T09:23:46+00:00\",\"mainEntityOfPage\":{\"@id\":\"https:\\\/\\\/www.livemag.it\\\/index.php\\\/2024\\\/09\\\/16\\\/matilde-brandi-arriva-a-santarcangelo-per-benessere-in-rosa\\\/\"},\"wordCount\":522,\"commentCount\":0,\"publisher\":{\"@id\":\"https:\\\/\\\/www.livemag.it\\\/#organization\"},\"image\":{\"@id\":\"https:\\\/\\\/www.livemag.it\\\/index.php\\\/2024\\\/09\\\/16\\\/matilde-brandi-arriva-a-santarcangelo-per-benessere-in-rosa\\\/#primaryimage\"},\"thumbnailUrl\":\"https:\\\/\\\/www.livemag.it\\\/wp-content\\\/uploads\\\/2024\\\/09\\\/Matilde-Brandi-1.jpg\",\"keywords\":[\"accademia\",\"Alessia Poni\",\"amazon\",\"Amministrazione Comunale\",\"Angela Garattoni\",\"attivit\u00e0 fisica\",\"Bagaglino\",\"Balla\",\"Balla &amp; Snella\",\"ballerina\",\"bambina\",\"Belen Carreras\",\"benessere\",\"Benessere in Rosa\",\"carriera\",\"Cinthia Oliveira\",\"Club '92\",\"cocktail\",\"corso\",\"danza\",\"direttrice artistica\",\"divertimento\",\"evento\",\"Francesca Cis\",\"gadget\",\"Gigi Proietti\",\"giocodanza\",\"Matilde Brandi\",\"musica\",\"occasione\",\"Open Day\",\"partecipanti\",\"roma\",\"salute\",\"Santarcangelo\",\"sede\",\"show\",\"showgirl\",\"silhouette\",\"Snella\",\"soubrette\",\"sport\",\"successo\",\"supporto\",\"Tersicore\",\"tv\"],\"articleSection\":[\"LiveEvent\"],\"inLanguage\":\"it-IT\",\"potentialAction\":[{\"@type\":\"CommentAction\",\"name\":\"Comment\",\"target\":[\"https:\\\/\\\/www.livemag.it\\\/index.php\\\/2024\\\/09\\\/16\\\/matilde-brandi-arriva-a-santarcangelo-per-benessere-in-rosa\\\/#respond\"]}]},{\"@type\":\"WebPage\",\"@id\":\"https:\\\/\\\/www.livemag.it\\\/index.php\\\/2024\\\/09\\\/16\\\/matilde-brandi-arriva-a-santarcangelo-per-benessere-in-rosa\\\/\",\"url\":\"https:\\\/\\\/www.livemag.it\\\/index.php\\\/2024\\\/09\\\/16\\\/matilde-brandi-arriva-a-santarcangelo-per-benessere-in-rosa\\\/\",\"name\":\"Matilde Brandi arriva a Santarcangelo per \u201cBenessere in Rosa\u201d\",\"isPartOf\":{\"@id\":\"https:\\\/\\\/www.livemag.it\\\/#website\"},\"primaryImageOfPage\":{\"@id\":\"https:\\\/\\\/www.livemag.it\\\/index.php\\\/2024\\\/09\\\/16\\\/matilde-brandi-arriva-a-santarcangelo-per-benessere-in-rosa\\\/#primaryimage\"},\"image\":{\"@id\":\"https:\\\/\\\/www.livemag.it\\\/index.php\\\/2024\\\/09\\\/16\\\/matilde-brandi-arriva-a-santarcangelo-per-benessere-in-rosa\\\/#primaryimage\"},\"thumbnailUrl\":\"https:\\\/\\\/www.livemag.it\\\/wp-content\\\/uploads\\\/2024\\\/09\\\/Matilde-Brandi-1.jpg\",\"datePublished\":\"2024-09-16T09:22:24+00:00\",\"dateModified\":\"2024-09-16T09:23:46+00:00\",\"description\":\"Domani, marted\u00ec 17 settembre, Matilde Brandi sar\u00e0 la madrina dell'evento \u201cBenessere in Rosa\u201d a Santarcangelo. La famosa ballerina e showgirl\",\"breadcrumb\":{\"@id\":\"https:\\\/\\\/www.livemag.it\\\/index.php\\\/2024\\\/09\\\/16\\\/matilde-brandi-arriva-a-santarcangelo-per-benessere-in-rosa\\\/#breadcrumb\"},\"inLanguage\":\"it-IT\",\"potentialAction\":[{\"@type\":\"ReadAction\",\"target\":[\"https:\\\/\\\/www.livemag.it\\\/index.php\\\/2024\\\/09\\\/16\\\/matilde-brandi-arriva-a-santarcangelo-per-benessere-in-rosa\\\/\"]}]},{\"@type\":\"ImageObject\",\"inLanguage\":\"it-IT\",\"@id\":\"https:\\\/\\\/www.livemag.it\\\/index.php\\\/2024\\\/09\\\/16\\\/matilde-brandi-arriva-a-santarcangelo-per-benessere-in-rosa\\\/#primaryimage\",\"url\":\"https:\\\/\\\/www.livemag.it\\\/wp-content\\\/uploads\\\/2024\\\/09\\\/Matilde-Brandi-1.jpg\",\"contentUrl\":\"https:\\\/\\\/www.livemag.it\\\/wp-content\\\/uploads\\\/2024\\\/09\\\/Matilde-Brandi-1.jpg\",\"width\":1417,\"height\":1007,\"caption\":\"Matilde Brandi 1\"},{\"@type\":\"BreadcrumbList\",\"@id\":\"https:\\\/\\\/www.livemag.it\\\/index.php\\\/2024\\\/09\\\/16\\\/matilde-brandi-arriva-a-santarcangelo-per-benessere-in-rosa\\\/#breadcrumb\",\"itemListElement\":[{\"@type\":\"ListItem\",\"position\":1,\"name\":\"Home\",\"item\":\"https:\\\/\\\/www.livemag.it\\\/\"},{\"@type\":\"ListItem\",\"position\":2,\"name\":\"Matilde Brandi arriva a Santarcangelo per \u201cBenessere in Rosa\u201d\"}]},{\"@type\":\"WebSite\",\"@id\":\"https:\\\/\\\/www.livemag.it\\\/#website\",\"url\":\"https:\\\/\\\/www.livemag.it\\\/\",\"name\":\"Live Magazine\",\"description\":\"Varie ed eventi\",\"publisher\":{\"@id\":\"https:\\\/\\\/www.livemag.it\\\/#organization\"},\"potentialAction\":[{\"@type\":\"SearchAction\",\"target\":{\"@type\":\"EntryPoint\",\"urlTemplate\":\"https:\\\/\\\/www.livemag.it\\\/?s={search_term_string}\"},\"query-input\":{\"@type\":\"PropertyValueSpecification\",\"valueRequired\":true,\"valueName\":\"search_term_string\"}}],\"inLanguage\":\"it-IT\"},{\"@type\":\"Organization\",\"@id\":\"https:\\\/\\\/www.livemag.it\\\/#organization\",\"name\":\"LiveMag\",\"alternateName\":\"LiveMag News ed eventi\",\"url\":\"https:\\\/\\\/www.livemag.it\\\/\",\"logo\":{\"@type\":\"ImageObject\",\"inLanguage\":\"it-IT\",\"@id\":\"https:\\\/\\\/www.livemag.it\\\/#\\\/schema\\\/logo\\\/image\\\/\",\"url\":\"https:\\\/\\\/www.livemag.it\\\/wp-content\\\/uploads\\\/2024\\\/02\\\/immagine-sito.jpg\",\"contentUrl\":\"https:\\\/\\\/www.livemag.it\\\/wp-content\\\/uploads\\\/2024\\\/02\\\/immagine-sito.jpg\",\"width\":696,\"height\":696,\"caption\":\"LiveMag\"},\"image\":{\"@id\":\"https:\\\/\\\/www.livemag.it\\\/#\\\/schema\\\/logo\\\/image\\\/\"},\"sameAs\":[\"https:\\\/\\\/www.facebook.com\\\/LiveMag\\\/\",\"https:\\\/\\\/x.com\\\/LiveNotizie\",\"https:\\\/\\\/www.instagram.com\\\/livemag\\\/\"]},{\"@type\":\"Person\",\"@id\":\"https:\\\/\\\/www.livemag.it\\\/#\\\/schema\\\/person\\\/cc097583ef7f4da9e9fe62e8b552ab72\",\"name\":\"Mario Altomura\",\"image\":{\"@type\":\"ImageObject\",\"inLanguage\":\"it-IT\",\"@id\":\"https:\\\/\\\/secure.gravatar.com\\\/avatar\\\/3c7d3ce72a2bed6bab5e3681d59712a49247bdd227b4ef67de56814084f945dd?s=96&r=g\",\"url\":\"https:\\\/\\\/secure.gravatar.com\\\/avatar\\\/3c7d3ce72a2bed6bab5e3681d59712a49247bdd227b4ef67de56814084f945dd?s=96&r=g\",\"contentUrl\":\"https:\\\/\\\/secure.gravatar.com\\\/avatar\\\/3c7d3ce72a2bed6bab5e3681d59712a49247bdd227b4ef67de56814084f945dd?s=96&r=g\",\"caption\":\"Mario Altomura\"},\"description\":\"fotografo celebrity\",\"url\":\"https:\\\/\\\/www.livemag.it\\\/index.php\\\/author\\\/fabio-scarpati\\\/\"}]}<\/script>\n<!-- \/ Yoast SEO plugin. -->","yoast_head_json":{"title":"Matilde Brandi arriva a Santarcangelo per \u201cBenessere in Rosa\u201d","description":"Domani, marted\u00ec 17 settembre, Matilde Brandi sar\u00e0 la madrina dell'evento \u201cBenessere in Rosa\u201d a Santarcangelo. La famosa ballerina e showgirl","robots":{"index":"index","follow":"follow","max-snippet":"max-snippet:-1","max-image-preview":"max-image-preview:large","max-video-preview":"max-video-preview:-1"},"canonical":"https:\/\/www.livemag.it\/index.php\/2024\/09\/16\/matilde-brandi-arriva-a-santarcangelo-per-benessere-in-rosa\/","og_locale":"it_IT","og_type":"article","og_title":"Matilde Brandi arriva a Santarcangelo per \u201cBenessere in Rosa\u201d","og_description":"Domani, marted\u00ec 17 settembre, Matilde Brandi sar\u00e0 la madrina dell'evento \u201cBenessere in Rosa\u201d a Santarcangelo. La famosa ballerina e showgirl","og_url":"https:\/\/www.livemag.it\/index.php\/2024\/09\/16\/matilde-brandi-arriva-a-santarcangelo-per-benessere-in-rosa\/","og_site_name":"Live Magazine","article_publisher":"https:\/\/www.facebook.com\/LiveMag\/","article_published_time":"2024-09-16T09:22:24+00:00","article_modified_time":"2024-09-16T09:23:46+00:00","og_image":[{"width":1417,"height":1007,"url":"https:\/\/www.livemag.it\/wp-content\/uploads\/2024\/09\/Matilde-Brandi-1.jpg","type":"image\/jpeg"}],"author":"Mario Altomura","twitter_card":"summary_large_image","twitter_creator":"@LiveNotizie","twitter_site":"@LiveNotizie","twitter_misc":{"Scritto da":"Mario Altomura","Tempo di lettura stimato":"4 minuti"},"schema":{"@context":"https:\/\/schema.org","@graph":[{"@type":"Article","@id":"https:\/\/www.livemag.it\/index.php\/2024\/09\/16\/matilde-brandi-arriva-a-santarcangelo-per-benessere-in-rosa\/#article","isPartOf":{"@id":"https:\/\/www.livemag.it\/index.php\/2024\/09\/16\/matilde-brandi-arriva-a-santarcangelo-per-benessere-in-rosa\/"},"author":{"name":"Mario Altomura","@id":"https:\/\/www.livemag.it\/#\/schema\/person\/cc097583ef7f4da9e9fe62e8b552ab72"},"headline":"Matilde Brandi arriva a Santarcangelo per \u201cBenessere in Rosa\u201d","datePublished":"2024-09-16T09:22:24+00:00","dateModified":"2024-09-16T09:23:46+00:00","mainEntityOfPage":{"@id":"https:\/\/www.livemag.it\/index.php\/2024\/09\/16\/matilde-brandi-arriva-a-santarcangelo-per-benessere-in-rosa\/"},"wordCount":522,"commentCount":0,"publisher":{"@id":"https:\/\/www.livemag.it\/#organization"},"image":{"@id":"https:\/\/www.livemag.it\/index.php\/2024\/09\/16\/matilde-brandi-arriva-a-santarcangelo-per-benessere-in-rosa\/#primaryimage"},"thumbnailUrl":"https:\/\/www.livemag.it\/wp-content\/uploads\/2024\/09\/Matilde-Brandi-1.jpg","keywords":["accademia","Alessia Poni","amazon","Amministrazione Comunale","Angela Garattoni","attivit\u00e0 fisica","Bagaglino","Balla","Balla &amp; Snella","ballerina","bambina","Belen Carreras","benessere","Benessere in Rosa","carriera","Cinthia Oliveira","Club '92","cocktail","corso","danza","direttrice artistica","divertimento","evento","Francesca Cis","gadget","Gigi Proietti","giocodanza","Matilde Brandi","musica","occasione","Open Day","partecipanti","roma","salute","Santarcangelo","sede","show","showgirl","silhouette","Snella","soubrette","sport","successo","supporto","Tersicore","tv"],"articleSection":["LiveEvent"],"inLanguage":"it-IT","potentialAction":[{"@type":"CommentAction","name":"Comment","target":["https:\/\/www.livemag.it\/index.php\/2024\/09\/16\/matilde-brandi-arriva-a-santarcangelo-per-benessere-in-rosa\/#respond"]}]},{"@type":"WebPage","@id":"https:\/\/www.livemag.it\/index.php\/2024\/09\/16\/matilde-brandi-arriva-a-santarcangelo-per-benessere-in-rosa\/","url":"https:\/\/www.livemag.it\/index.php\/2024\/09\/16\/matilde-brandi-arriva-a-santarcangelo-per-benessere-in-rosa\/","name":"Matilde Brandi arriva a Santarcangelo per \u201cBenessere in Rosa\u201d","isPartOf":{"@id":"https:\/\/www.livemag.it\/#website"},"primaryImageOfPage":{"@id":"https:\/\/www.livemag.it\/index.php\/2024\/09\/16\/matilde-brandi-arriva-a-santarcangelo-per-benessere-in-rosa\/#primaryimage"},"image":{"@id":"https:\/\/www.livemag.it\/index.php\/2024\/09\/16\/matilde-brandi-arriva-a-santarcangelo-per-benessere-in-rosa\/#primaryimage"},"thumbnailUrl":"https:\/\/www.livemag.it\/wp-content\/uploads\/2024\/09\/Matilde-Brandi-1.jpg","datePublished":"2024-09-16T09:22:24+00:00","dateModified":"2024-09-16T09:23:46+00:00","description":"Domani, marted\u00ec 17 settembre, Matilde Brandi sar\u00e0 la madrina dell'evento \u201cBenessere in Rosa\u201d a Santarcangelo. La famosa ballerina e showgirl","breadcrumb":{"@id":"https:\/\/www.livemag.it\/index.php\/2024\/09\/16\/matilde-brandi-arriva-a-santarcangelo-per-benessere-in-rosa\/#breadcrumb"},"inLanguage":"it-IT","potentialAction":[{"@type":"ReadAction","target":["https:\/\/www.livemag.it\/index.php\/2024\/09\/16\/matilde-brandi-arriva-a-santarcangelo-per-benessere-in-rosa\/"]}]},{"@type":"ImageObject","inLanguage":"it-IT","@id":"https:\/\/www.livemag.it\/index.php\/2024\/09\/16\/matilde-brandi-arriva-a-santarcangelo-per-benessere-in-rosa\/#primaryimage","url":"https:\/\/www.livemag.it\/wp-content\/uploads\/2024\/09\/Matilde-Brandi-1.jpg","contentUrl":"https:\/\/www.livemag.it\/wp-content\/uploads\/2024\/09\/Matilde-Brandi-1.jpg","width":1417,"height":1007,"caption":"Matilde Brandi 1"},{"@type":"BreadcrumbList","@id":"https:\/\/www.livemag.it\/index.php\/2024\/09\/16\/matilde-brandi-arriva-a-santarcangelo-per-benessere-in-rosa\/#breadcrumb","itemListElement":[{"@type":"ListItem","position":1,"name":"Home","item":"https:\/\/www.livemag.it\/"},{"@type":"ListItem","position":2,"name":"Matilde Brandi arriva a Santarcangelo per \u201cBenessere in Rosa\u201d"}]},{"@type":"WebSite","@id":"https:\/\/www.livemag.it\/#website","url":"https:\/\/www.livemag.it\/","name":"Live Magazine","description":"Varie ed eventi","publisher":{"@id":"https:\/\/www.livemag.it\/#organization"},"potentialAction":[{"@type":"SearchAction","target":{"@type":"EntryPoint","urlTemplate":"https:\/\/www.livemag.it\/?s={search_term_string}"},"query-input":{"@type":"PropertyValueSpecification","valueRequired":true,"valueName":"search_term_string"}}],"inLanguage":"it-IT"},{"@type":"Organization","@id":"https:\/\/www.livemag.it\/#organization","name":"LiveMag","alternateName":"LiveMag News ed eventi","url":"https:\/\/www.livemag.it\/","logo":{"@type":"ImageObject","inLanguage":"it-IT","@id":"https:\/\/www.livemag.it\/#\/schema\/logo\/image\/","url":"https:\/\/www.livemag.it\/wp-content\/uploads\/2024\/02\/immagine-sito.jpg","contentUrl":"https:\/\/www.livemag.it\/wp-content\/uploads\/2024\/02\/immagine-sito.jpg","width":696,"height":696,"caption":"LiveMag"},"image":{"@id":"https:\/\/www.livemag.it\/#\/schema\/logo\/image\/"},"sameAs":["https:\/\/www.facebook.com\/LiveMag\/","https:\/\/x.com\/LiveNotizie","https:\/\/www.instagram.com\/livemag\/"]},{"@type":"Person","@id":"https:\/\/www.livemag.it\/#\/schema\/person\/cc097583ef7f4da9e9fe62e8b552ab72","name":"Mario Altomura","image":{"@type":"ImageObject","inLanguage":"it-IT","@id":"https:\/\/secure.gravatar.com\/avatar\/3c7d3ce72a2bed6bab5e3681d59712a49247bdd227b4ef67de56814084f945dd?s=96&r=g","url":"https:\/\/secure.gravatar.com\/avatar\/3c7d3ce72a2bed6bab5e3681d59712a49247bdd227b4ef67de56814084f945dd?s=96&r=g","contentUrl":"https:\/\/secure.gravatar.com\/avatar\/3c7d3ce72a2bed6bab5e3681d59712a49247bdd227b4ef67de56814084f945dd?s=96&r=g","caption":"Mario Altomura"},"description":"fotografo celebrity","url":"https:\/\/www.livemag.it\/index.php\/author\/fabio-scarpati\/"}]}},"jetpack_featured_media_url":"https:\/\/www.livemag.it\/wp-content\/uploads\/2024\/09\/Matilde-Brandi-1.jpg","_links":{"self":[{"href":"https:\/\/www.livemag.it\/index.php\/wp-json\/wp\/v2\/posts\/34840","targetHints":{"allow":["GET"]}}],"collection":[{"href":"https:\/\/www.livemag.it\/index.php\/wp-json\/wp\/v2\/posts"}],"about":[{"href":"https:\/\/www.livemag.it\/index.php\/wp-json\/wp\/v2\/types\/post"}],"author":[{"embeddable":true,"href":"https:\/\/www.livemag.it\/index.php\/wp-json\/wp\/v2\/users\/20"}],"replies":[{"embeddable":true,"href":"https:\/\/www.livemag.it\/index.php\/wp-json\/wp\/v2\/comments?post=34840"}],"version-history":[{"count":3,"href":"https:\/\/www.livemag.it\/index.php\/wp-json\/wp\/v2\/posts\/34840\/revisions"}],"predecessor-version":[{"id":34846,"href":"https:\/\/www.livemag.it\/index.php\/wp-json\/wp\/v2\/posts\/34840\/revisions\/34846"}],"wp:featuredmedia":[{"embeddable":true,"href":"https:\/\/www.livemag.it\/index.php\/wp-json\/wp\/v2\/media\/34841"}],"wp:attachment":[{"href":"https:\/\/www.livemag.it\/index.php\/wp-json\/wp\/v2\/media?parent=34840"}],"wp:term":[{"taxonomy":"category","embeddable":true,"href":"https:\/\/www.livemag.it\/index.php\/wp-json\/wp\/v2\/categories?post=34840"},{"taxonomy":"post_tag","embeddable":true,"href":"https:\/\/www.livemag.it\/index.php\/wp-json\/wp\/v2\/tags?post=34840"}],"curies":[{"name":"wp","href":"https:\/\/api.w.org\/{rel}","templated":true}]}}