{"id":34334,"date":"2024-09-08T12:03:16","date_gmt":"2024-09-08T10:03:16","guid":{"rendered":"https:\/\/www.livemag.it\/index.php\/2024\/09\/08\/schifani-in-sicilia-suoneremo-la-campanella-delle-riforme\/"},"modified":"2024-09-08T12:03:16","modified_gmt":"2024-09-08T10:03:16","slug":"schifani-in-sicilia-suoneremo-la-campanella-delle-riforme","status":"publish","type":"post","link":"https:\/\/www.livemag.it\/index.php\/2024\/09\/08\/schifani-in-sicilia-suoneremo-la-campanella-delle-riforme\/","title":{"rendered":"Schifani \u201cIn Sicilia suoneremo la campanella delle riforme\u201d"},"content":{"rendered":"<div>\n<p>PALERMO (ITALPRESS) \u2013 \u201cDalle parole occorrer\u00e0 passare ai fatti per scongiurare di ricadere nella politica ipocrita e demagogica. Una politica a volte caratterizzata da esperti in ipocrisia e sapienza affabulatoria, che consente di ammaliare l\u2019opinione pubblica senza mettersi in discussione con azioni e scelte forti di rottura di un sistema stratificato di false promesse e poco coraggio\u201d. Cos\u00ec il presidente della Regione Siciliana, Renato Schifani, in una lettera al Giornale di Sicilia, \u201cdopo avere letto\u201d un editoriale del direttore del quotidiano. <br \/>\u201cIl tredici agosto di due anni fa \u2013 spiega \u2013 mi \u00e8 stato chiesto di scendere in campo per governare la mia terra, rinunziando ad un comodo posto in lista che mi avrebbe visto sicuramente eletto al Senato, dove nulla vietava avessi potuto ricoprire ruoli di primo piano in funzione della mia storia politica ed istituzionale. E se oggi lavoro mediamente sedici ore al giorno, lo faccio non per medaglie o per guadagnarmi la rielezione, ma per aiutare la mia terra a crescere, provando a volte a rompere un sistema pi\u00f9 che strumentale ed autoreferenziale che l\u2019ha portata ad essere tra i fanalini di coda del paese. E quindi non a caso i concorsi regionali si sono sbloccati a seguito di una rivisitazione delle restrizioni governative nazionali che ha apprezzato il miglioramento dei nostri conti, le entrate fiscali sono aumentate grazie a politiche espansive che hanno posto al centro dell\u2019attenzione l\u2019impresa, migliorando il giudizio sull\u2019affidabilit\u00e0 dei nostri conti da parte delle pi\u00f9 quotate agenzie di rating, \u00e8 aumentato il Pil in termini percentuali superiori a quelli delle altre regioni meridionali, \u00e8 stato dimezzato il disavanzo finanziario in maniera significativa, fino a prevedere con certezza l\u2019azzeramento entro questa legislatura\u201d.<br \/>\u201cQuesto \u00e8 stato fatto \u2013 sottolinea Schifani -, ma molto resta ancora da fare, senza passerelle ma con un lavoro quotidiano concreto e responsabile. Confrontandoci con un esecutivo nazionale guidato da Giorgia Meloni che dimostra costantemente attenzioni fattive alla nostra regione. Mi confronto quotidianamente con un sistema politico legittimato dal voto popolare ma a volte distante anni luce da quello in cui ho militato per molti anni e lontano dalla assunzione di grandi responsabilit\u00e0 in coraggiose scelte di rottura di un passato dove il consociativismo ed il clientelismo l\u2019hanno fatto da padrone sulla trasparenza e la meritocrazia. Si badi bene, il sistema elettorale con preferenze porta l\u2019eletto a ragionare in termini di acquisire sempre pi\u00f9 maggiori consensi per la sua rielezione, spesso con buona pace del contributo alle politiche di crescita e sviluppo di un territorio\u201d. \u201cVolendo andare nello specifico ed alla attualit\u00e0 di questi giorni in tema di nomi e di ruoli strategici per la salute dei cittadini, forse scelti dai partiti e non da coloro ai quali la legge attribuiva tale potest\u00e0 \u2013 aggiunge il Governatore -, proporr\u00f2 una modifica legislativa che imporr\u00e0 selezioni pubbliche per la individuazione di queste figure strategiche per la efficienza, organizzazione della offerta sanitaria pubblica e chieder\u00f2 a tutti i partiti di astenersi da quel killeraggio del voto segreto che qui in Sicilia pu\u00f2 essere irresponsabilmente chiesto su ogni argomento, contrariamente a ci\u00f2 che avviene nel parlamento nazionale. La stessa proposta legislativa introdurr\u00e0 criteri soggettivi pi\u00f9 rigorosi nella individuazione della governance degli enti regionali. No a tuttologhi di comodo. Cos\u00ec come le anticipo la mia contrariet\u00e0 all\u2019aumento delle poltrone negli enti locali anche se a costo zero. Daremmo un pessimo segnale ai nostri cittadini che della politica si aspettano sobriet\u00e0 e responsabilit\u00e0\u201d. \u201cPenso che la mia forza \u2013 sottolinea il presidente Schifani \u2013 consista nella mia non condizionabilit\u00e0 da parte di qualche finto amico e nel rigetto di ogni mediazione al ribasso per placare la riottosit\u00e0 strumentale di qualcuno. Andremo avanti a testa alta ma con senso di responsabilit\u00e0 per evitare di farci trascinare in manovre di palazzo. Lavoreremo incessantemente nel solco di questi concetti, senza sconti di sorta, fin quando i siciliani ce lo consentiranno e lo vorranno. La campanella del cambiamento di alcune regole \u00e8 nelle nostre mani. A noi saperla suonare. Noi ce la metteremo tutta\u201d.<br \/>\u2013 foto ufficio stampa Regione Siciliana \u2013<br \/>(ITALPRESS).<\/p>\n<\/div>\n","protected":false},"excerpt":{"rendered":"<p>PALERMO (ITALPRESS) \u2013 \u201cDalle parole occorrer\u00e0 passare ai fatti per scongiurare di ricadere nella politica ipocrita e demagogica. Una politica a volte caratterizzata da esperti in ipocrisia e sapienza affabulatoria, che consente di ammaliare l\u2019opinione pubblica senza mettersi in discussione con azioni e scelte forti di rottura di un sistema stratificato di false promesse e [&hellip;]<\/p>\n","protected":false},"author":16,"featured_media":34335,"comment_status":"closed","ping_status":"closed","sticky":false,"template":"","format":"standard","meta":{"jnews-multi-image_gallery":[],"jnews_single_post":[],"jnews_primary_category":[],"jnews_social_meta":[],"jnews_override_counter":[],"jnews_post_split":[],"footnotes":""},"categories":[1129],"tags":[],"class_list":["post-34334","post","type-post","status-publish","format-standard","has-post-thumbnail","hentry","category-mondo"],"yoast_head":"<!-- This site is optimized with the Yoast SEO plugin v27.5 - https:\/\/yoast.com\/product\/yoast-seo-wordpress\/ -->\n<title>Schifani \u201cIn Sicilia suoneremo la campanella delle riforme\u201d - Live Magazine<\/title>\n<meta name=\"robots\" content=\"index, follow, max-snippet:-1, max-image-preview:large, max-video-preview:-1\" \/>\n<link rel=\"canonical\" href=\"https:\/\/www.livemag.it\/index.php\/2024\/09\/08\/schifani-in-sicilia-suoneremo-la-campanella-delle-riforme\/\" \/>\n<meta property=\"og:locale\" content=\"it_IT\" \/>\n<meta property=\"og:type\" content=\"article\" \/>\n<meta property=\"og:title\" content=\"Schifani \u201cIn Sicilia suoneremo la campanella delle riforme\u201d - Live Magazine\" \/>\n<meta property=\"og:description\" content=\"PALERMO (ITALPRESS) \u2013 \u201cDalle parole occorrer\u00e0 passare ai fatti per scongiurare di ricadere nella politica ipocrita e demagogica. Una politica a volte caratterizzata da esperti in ipocrisia e sapienza affabulatoria, che consente di ammaliare l\u2019opinione pubblica senza mettersi in discussione con azioni e scelte forti di rottura di un sistema stratificato di false promesse e [&hellip;]\" \/>\n<meta property=\"og:url\" content=\"https:\/\/www.livemag.it\/index.php\/2024\/09\/08\/schifani-in-sicilia-suoneremo-la-campanella-delle-riforme\/\" \/>\n<meta property=\"og:site_name\" content=\"Live Magazine\" \/>\n<meta property=\"article:publisher\" content=\"https:\/\/www.facebook.com\/LiveMag\/\" \/>\n<meta property=\"article:published_time\" content=\"2024-09-08T10:03:16+00:00\" \/>\n<meta property=\"og:image\" content=\"https:\/\/www.livemag.it\/wp-content\/uploads\/2024\/02\/ograph.jpg\" \/>\n\t<meta property=\"og:image:width\" content=\"1200\" \/>\n\t<meta property=\"og:image:height\" content=\"675\" \/>\n\t<meta property=\"og:image:type\" content=\"image\/jpeg\" \/>\n<meta name=\"author\" content=\"italpress\" \/>\n<meta name=\"twitter:card\" content=\"summary_large_image\" \/>\n<meta name=\"twitter:creator\" content=\"@LiveNotizie\" \/>\n<meta name=\"twitter:site\" content=\"@LiveNotizie\" \/>\n<meta name=\"twitter:label1\" content=\"Scritto da\" \/>\n\t<meta name=\"twitter:data1\" content=\"italpress\" \/>\n\t<meta name=\"twitter:label2\" content=\"Tempo di lettura stimato\" \/>\n\t<meta name=\"twitter:data2\" content=\"3 minuti\" \/>\n<script type=\"application\/ld+json\" class=\"yoast-schema-graph\">{\"@context\":\"https:\\\/\\\/schema.org\",\"@graph\":[{\"@type\":\"Article\",\"@id\":\"https:\\\/\\\/www.livemag.it\\\/index.php\\\/2024\\\/09\\\/08\\\/schifani-in-sicilia-suoneremo-la-campanella-delle-riforme\\\/#article\",\"isPartOf\":{\"@id\":\"https:\\\/\\\/www.livemag.it\\\/index.php\\\/2024\\\/09\\\/08\\\/schifani-in-sicilia-suoneremo-la-campanella-delle-riforme\\\/\"},\"author\":{\"name\":\"italpress\",\"@id\":\"https:\\\/\\\/www.livemag.it\\\/#\\\/schema\\\/person\\\/b62c5f44451fdcdaeb0afe6c2424e73c\"},\"headline\":\"Schifani \u201cIn Sicilia suoneremo la campanella delle riforme\u201d\",\"datePublished\":\"2024-09-08T10:03:16+00:00\",\"mainEntityOfPage\":{\"@id\":\"https:\\\/\\\/www.livemag.it\\\/index.php\\\/2024\\\/09\\\/08\\\/schifani-in-sicilia-suoneremo-la-campanella-delle-riforme\\\/\"},\"wordCount\":676,\"publisher\":{\"@id\":\"https:\\\/\\\/www.livemag.it\\\/#organization\"},\"image\":{\"@id\":\"https:\\\/\\\/www.livemag.it\\\/index.php\\\/2024\\\/09\\\/08\\\/schifani-in-sicilia-suoneremo-la-campanella-delle-riforme\\\/#primaryimage\"},\"thumbnailUrl\":\"https:\\\/\\\/www.livemag.it\\\/wp-content\\\/uploads\\\/2024\\\/09\\\/20240908_0152.jpg\",\"articleSection\":[\"Mondo\"],\"inLanguage\":\"it-IT\"},{\"@type\":\"WebPage\",\"@id\":\"https:\\\/\\\/www.livemag.it\\\/index.php\\\/2024\\\/09\\\/08\\\/schifani-in-sicilia-suoneremo-la-campanella-delle-riforme\\\/\",\"url\":\"https:\\\/\\\/www.livemag.it\\\/index.php\\\/2024\\\/09\\\/08\\\/schifani-in-sicilia-suoneremo-la-campanella-delle-riforme\\\/\",\"name\":\"Schifani \u201cIn Sicilia suoneremo la campanella delle riforme\u201d - Live Magazine\",\"isPartOf\":{\"@id\":\"https:\\\/\\\/www.livemag.it\\\/#website\"},\"primaryImageOfPage\":{\"@id\":\"https:\\\/\\\/www.livemag.it\\\/index.php\\\/2024\\\/09\\\/08\\\/schifani-in-sicilia-suoneremo-la-campanella-delle-riforme\\\/#primaryimage\"},\"image\":{\"@id\":\"https:\\\/\\\/www.livemag.it\\\/index.php\\\/2024\\\/09\\\/08\\\/schifani-in-sicilia-suoneremo-la-campanella-delle-riforme\\\/#primaryimage\"},\"thumbnailUrl\":\"https:\\\/\\\/www.livemag.it\\\/wp-content\\\/uploads\\\/2024\\\/09\\\/20240908_0152.jpg\",\"datePublished\":\"2024-09-08T10:03:16+00:00\",\"breadcrumb\":{\"@id\":\"https:\\\/\\\/www.livemag.it\\\/index.php\\\/2024\\\/09\\\/08\\\/schifani-in-sicilia-suoneremo-la-campanella-delle-riforme\\\/#breadcrumb\"},\"inLanguage\":\"it-IT\",\"potentialAction\":[{\"@type\":\"ReadAction\",\"target\":[\"https:\\\/\\\/www.livemag.it\\\/index.php\\\/2024\\\/09\\\/08\\\/schifani-in-sicilia-suoneremo-la-campanella-delle-riforme\\\/\"]}]},{\"@type\":\"ImageObject\",\"inLanguage\":\"it-IT\",\"@id\":\"https:\\\/\\\/www.livemag.it\\\/index.php\\\/2024\\\/09\\\/08\\\/schifani-in-sicilia-suoneremo-la-campanella-delle-riforme\\\/#primaryimage\",\"url\":\"https:\\\/\\\/www.livemag.it\\\/wp-content\\\/uploads\\\/2024\\\/09\\\/20240908_0152.jpg\",\"contentUrl\":\"https:\\\/\\\/www.livemag.it\\\/wp-content\\\/uploads\\\/2024\\\/09\\\/20240908_0152.jpg\",\"width\":1620,\"height\":1080},{\"@type\":\"BreadcrumbList\",\"@id\":\"https:\\\/\\\/www.livemag.it\\\/index.php\\\/2024\\\/09\\\/08\\\/schifani-in-sicilia-suoneremo-la-campanella-delle-riforme\\\/#breadcrumb\",\"itemListElement\":[{\"@type\":\"ListItem\",\"position\":1,\"name\":\"Home\",\"item\":\"https:\\\/\\\/www.livemag.it\\\/\"},{\"@type\":\"ListItem\",\"position\":2,\"name\":\"Schifani \u201cIn Sicilia suoneremo la campanella delle riforme\u201d\"}]},{\"@type\":\"WebSite\",\"@id\":\"https:\\\/\\\/www.livemag.it\\\/#website\",\"url\":\"https:\\\/\\\/www.livemag.it\\\/\",\"name\":\"Live Magazine\",\"description\":\"Varie ed eventi\",\"publisher\":{\"@id\":\"https:\\\/\\\/www.livemag.it\\\/#organization\"},\"potentialAction\":[{\"@type\":\"SearchAction\",\"target\":{\"@type\":\"EntryPoint\",\"urlTemplate\":\"https:\\\/\\\/www.livemag.it\\\/?s={search_term_string}\"},\"query-input\":{\"@type\":\"PropertyValueSpecification\",\"valueRequired\":true,\"valueName\":\"search_term_string\"}}],\"inLanguage\":\"it-IT\"},{\"@type\":\"Organization\",\"@id\":\"https:\\\/\\\/www.livemag.it\\\/#organization\",\"name\":\"LiveMag\",\"alternateName\":\"LiveMag News ed eventi\",\"url\":\"https:\\\/\\\/www.livemag.it\\\/\",\"logo\":{\"@type\":\"ImageObject\",\"inLanguage\":\"it-IT\",\"@id\":\"https:\\\/\\\/www.livemag.it\\\/#\\\/schema\\\/logo\\\/image\\\/\",\"url\":\"https:\\\/\\\/www.livemag.it\\\/wp-content\\\/uploads\\\/2024\\\/02\\\/immagine-sito.jpg\",\"contentUrl\":\"https:\\\/\\\/www.livemag.it\\\/wp-content\\\/uploads\\\/2024\\\/02\\\/immagine-sito.jpg\",\"width\":696,\"height\":696,\"caption\":\"LiveMag\"},\"image\":{\"@id\":\"https:\\\/\\\/www.livemag.it\\\/#\\\/schema\\\/logo\\\/image\\\/\"},\"sameAs\":[\"https:\\\/\\\/www.facebook.com\\\/LiveMag\\\/\",\"https:\\\/\\\/x.com\\\/LiveNotizie\",\"https:\\\/\\\/www.instagram.com\\\/livemag\\\/\"]},{\"@type\":\"Person\",\"@id\":\"https:\\\/\\\/www.livemag.it\\\/#\\\/schema\\\/person\\\/b62c5f44451fdcdaeb0afe6c2424e73c\",\"name\":\"italpress\",\"image\":{\"@type\":\"ImageObject\",\"inLanguage\":\"it-IT\",\"@id\":\"https:\\\/\\\/secure.gravatar.com\\\/avatar\\\/b6a21695fc713ce7ee312cf57c97e2e641feb365be72d8745574d3c3e2b59066?s=96&r=g\",\"url\":\"https:\\\/\\\/secure.gravatar.com\\\/avatar\\\/b6a21695fc713ce7ee312cf57c97e2e641feb365be72d8745574d3c3e2b59066?s=96&r=g\",\"contentUrl\":\"https:\\\/\\\/secure.gravatar.com\\\/avatar\\\/b6a21695fc713ce7ee312cf57c97e2e641feb365be72d8745574d3c3e2b59066?s=96&r=g\",\"caption\":\"italpress\"},\"description\":\"Italpress \u00e8 un'agenzia di stampa italiana a carattere nazionale.\",\"url\":\"https:\\\/\\\/www.livemag.it\\\/index.php\\\/author\\\/italpress\\\/\"}]}<\/script>\n<!-- \/ Yoast SEO plugin. -->","yoast_head_json":{"title":"Schifani \u201cIn Sicilia suoneremo la campanella delle riforme\u201d - Live Magazine","robots":{"index":"index","follow":"follow","max-snippet":"max-snippet:-1","max-image-preview":"max-image-preview:large","max-video-preview":"max-video-preview:-1"},"canonical":"https:\/\/www.livemag.it\/index.php\/2024\/09\/08\/schifani-in-sicilia-suoneremo-la-campanella-delle-riforme\/","og_locale":"it_IT","og_type":"article","og_title":"Schifani \u201cIn Sicilia suoneremo la campanella delle riforme\u201d - Live Magazine","og_description":"PALERMO (ITALPRESS) \u2013 \u201cDalle parole occorrer\u00e0 passare ai fatti per scongiurare di ricadere nella politica ipocrita e demagogica. Una politica a volte caratterizzata da esperti in ipocrisia e sapienza affabulatoria, che consente di ammaliare l\u2019opinione pubblica senza mettersi in discussione con azioni e scelte forti di rottura di un sistema stratificato di false promesse e [&hellip;]","og_url":"https:\/\/www.livemag.it\/index.php\/2024\/09\/08\/schifani-in-sicilia-suoneremo-la-campanella-delle-riforme\/","og_site_name":"Live Magazine","article_publisher":"https:\/\/www.facebook.com\/LiveMag\/","article_published_time":"2024-09-08T10:03:16+00:00","og_image":[{"width":1200,"height":675,"url":"https:\/\/www.livemag.it\/wp-content\/uploads\/2024\/02\/ograph.jpg","type":"image\/jpeg"}],"author":"italpress","twitter_card":"summary_large_image","twitter_creator":"@LiveNotizie","twitter_site":"@LiveNotizie","twitter_misc":{"Scritto da":"italpress","Tempo di lettura stimato":"3 minuti"},"schema":{"@context":"https:\/\/schema.org","@graph":[{"@type":"Article","@id":"https:\/\/www.livemag.it\/index.php\/2024\/09\/08\/schifani-in-sicilia-suoneremo-la-campanella-delle-riforme\/#article","isPartOf":{"@id":"https:\/\/www.livemag.it\/index.php\/2024\/09\/08\/schifani-in-sicilia-suoneremo-la-campanella-delle-riforme\/"},"author":{"name":"italpress","@id":"https:\/\/www.livemag.it\/#\/schema\/person\/b62c5f44451fdcdaeb0afe6c2424e73c"},"headline":"Schifani \u201cIn Sicilia suoneremo la campanella delle riforme\u201d","datePublished":"2024-09-08T10:03:16+00:00","mainEntityOfPage":{"@id":"https:\/\/www.livemag.it\/index.php\/2024\/09\/08\/schifani-in-sicilia-suoneremo-la-campanella-delle-riforme\/"},"wordCount":676,"publisher":{"@id":"https:\/\/www.livemag.it\/#organization"},"image":{"@id":"https:\/\/www.livemag.it\/index.php\/2024\/09\/08\/schifani-in-sicilia-suoneremo-la-campanella-delle-riforme\/#primaryimage"},"thumbnailUrl":"https:\/\/www.livemag.it\/wp-content\/uploads\/2024\/09\/20240908_0152.jpg","articleSection":["Mondo"],"inLanguage":"it-IT"},{"@type":"WebPage","@id":"https:\/\/www.livemag.it\/index.php\/2024\/09\/08\/schifani-in-sicilia-suoneremo-la-campanella-delle-riforme\/","url":"https:\/\/www.livemag.it\/index.php\/2024\/09\/08\/schifani-in-sicilia-suoneremo-la-campanella-delle-riforme\/","name":"Schifani \u201cIn Sicilia suoneremo la campanella delle riforme\u201d - Live Magazine","isPartOf":{"@id":"https:\/\/www.livemag.it\/#website"},"primaryImageOfPage":{"@id":"https:\/\/www.livemag.it\/index.php\/2024\/09\/08\/schifani-in-sicilia-suoneremo-la-campanella-delle-riforme\/#primaryimage"},"image":{"@id":"https:\/\/www.livemag.it\/index.php\/2024\/09\/08\/schifani-in-sicilia-suoneremo-la-campanella-delle-riforme\/#primaryimage"},"thumbnailUrl":"https:\/\/www.livemag.it\/wp-content\/uploads\/2024\/09\/20240908_0152.jpg","datePublished":"2024-09-08T10:03:16+00:00","breadcrumb":{"@id":"https:\/\/www.livemag.it\/index.php\/2024\/09\/08\/schifani-in-sicilia-suoneremo-la-campanella-delle-riforme\/#breadcrumb"},"inLanguage":"it-IT","potentialAction":[{"@type":"ReadAction","target":["https:\/\/www.livemag.it\/index.php\/2024\/09\/08\/schifani-in-sicilia-suoneremo-la-campanella-delle-riforme\/"]}]},{"@type":"ImageObject","inLanguage":"it-IT","@id":"https:\/\/www.livemag.it\/index.php\/2024\/09\/08\/schifani-in-sicilia-suoneremo-la-campanella-delle-riforme\/#primaryimage","url":"https:\/\/www.livemag.it\/wp-content\/uploads\/2024\/09\/20240908_0152.jpg","contentUrl":"https:\/\/www.livemag.it\/wp-content\/uploads\/2024\/09\/20240908_0152.jpg","width":1620,"height":1080},{"@type":"BreadcrumbList","@id":"https:\/\/www.livemag.it\/index.php\/2024\/09\/08\/schifani-in-sicilia-suoneremo-la-campanella-delle-riforme\/#breadcrumb","itemListElement":[{"@type":"ListItem","position":1,"name":"Home","item":"https:\/\/www.livemag.it\/"},{"@type":"ListItem","position":2,"name":"Schifani \u201cIn Sicilia suoneremo la campanella delle riforme\u201d"}]},{"@type":"WebSite","@id":"https:\/\/www.livemag.it\/#website","url":"https:\/\/www.livemag.it\/","name":"Live Magazine","description":"Varie ed eventi","publisher":{"@id":"https:\/\/www.livemag.it\/#organization"},"potentialAction":[{"@type":"SearchAction","target":{"@type":"EntryPoint","urlTemplate":"https:\/\/www.livemag.it\/?s={search_term_string}"},"query-input":{"@type":"PropertyValueSpecification","valueRequired":true,"valueName":"search_term_string"}}],"inLanguage":"it-IT"},{"@type":"Organization","@id":"https:\/\/www.livemag.it\/#organization","name":"LiveMag","alternateName":"LiveMag News ed eventi","url":"https:\/\/www.livemag.it\/","logo":{"@type":"ImageObject","inLanguage":"it-IT","@id":"https:\/\/www.livemag.it\/#\/schema\/logo\/image\/","url":"https:\/\/www.livemag.it\/wp-content\/uploads\/2024\/02\/immagine-sito.jpg","contentUrl":"https:\/\/www.livemag.it\/wp-content\/uploads\/2024\/02\/immagine-sito.jpg","width":696,"height":696,"caption":"LiveMag"},"image":{"@id":"https:\/\/www.livemag.it\/#\/schema\/logo\/image\/"},"sameAs":["https:\/\/www.facebook.com\/LiveMag\/","https:\/\/x.com\/LiveNotizie","https:\/\/www.instagram.com\/livemag\/"]},{"@type":"Person","@id":"https:\/\/www.livemag.it\/#\/schema\/person\/b62c5f44451fdcdaeb0afe6c2424e73c","name":"italpress","image":{"@type":"ImageObject","inLanguage":"it-IT","@id":"https:\/\/secure.gravatar.com\/avatar\/b6a21695fc713ce7ee312cf57c97e2e641feb365be72d8745574d3c3e2b59066?s=96&r=g","url":"https:\/\/secure.gravatar.com\/avatar\/b6a21695fc713ce7ee312cf57c97e2e641feb365be72d8745574d3c3e2b59066?s=96&r=g","contentUrl":"https:\/\/secure.gravatar.com\/avatar\/b6a21695fc713ce7ee312cf57c97e2e641feb365be72d8745574d3c3e2b59066?s=96&r=g","caption":"italpress"},"description":"Italpress \u00e8 un'agenzia di stampa italiana a carattere nazionale.","url":"https:\/\/www.livemag.it\/index.php\/author\/italpress\/"}]}},"jetpack_featured_media_url":"https:\/\/www.livemag.it\/wp-content\/uploads\/2024\/09\/20240908_0152.jpg","_links":{"self":[{"href":"https:\/\/www.livemag.it\/index.php\/wp-json\/wp\/v2\/posts\/34334","targetHints":{"allow":["GET"]}}],"collection":[{"href":"https:\/\/www.livemag.it\/index.php\/wp-json\/wp\/v2\/posts"}],"about":[{"href":"https:\/\/www.livemag.it\/index.php\/wp-json\/wp\/v2\/types\/post"}],"author":[{"embeddable":true,"href":"https:\/\/www.livemag.it\/index.php\/wp-json\/wp\/v2\/users\/16"}],"replies":[{"embeddable":true,"href":"https:\/\/www.livemag.it\/index.php\/wp-json\/wp\/v2\/comments?post=34334"}],"version-history":[{"count":0,"href":"https:\/\/www.livemag.it\/index.php\/wp-json\/wp\/v2\/posts\/34334\/revisions"}],"wp:featuredmedia":[{"embeddable":true,"href":"https:\/\/www.livemag.it\/index.php\/wp-json\/wp\/v2\/media\/34335"}],"wp:attachment":[{"href":"https:\/\/www.livemag.it\/index.php\/wp-json\/wp\/v2\/media?parent=34334"}],"wp:term":[{"taxonomy":"category","embeddable":true,"href":"https:\/\/www.livemag.it\/index.php\/wp-json\/wp\/v2\/categories?post=34334"},{"taxonomy":"post_tag","embeddable":true,"href":"https:\/\/www.livemag.it\/index.php\/wp-json\/wp\/v2\/tags?post=34334"}],"curies":[{"name":"wp","href":"https:\/\/api.w.org\/{rel}","templated":true}]}}