{"id":34322,"date":"2024-09-07T21:03:38","date_gmt":"2024-09-07T19:03:38","guid":{"rendered":"https:\/\/www.livemag.it\/index.php\/2024\/09\/07\/imprese-e-tecnologia-uno-studio-necessario-new-deal-delle-competenze\/"},"modified":"2024-09-07T21:03:38","modified_gmt":"2024-09-07T19:03:38","slug":"imprese-e-tecnologia-uno-studio-necessario-new-deal-delle-competenze","status":"publish","type":"post","link":"https:\/\/www.livemag.it\/index.php\/2024\/09\/07\/imprese-e-tecnologia-uno-studio-necessario-new-deal-delle-competenze\/","title":{"rendered":"Imprese e tecnologia, uno studio \u201cNecessario new deal delle competenze\u201d"},"content":{"rendered":"<div>\n<p>CERNOBBIO (COMO) (ITALPRESS) \u2013 Nel mondo \u00e8 in corso una vera e propria rivoluzione industriale data dall\u2019integrazione pervasiva delle tecnologie digitali in azienda, che oggi accelera ulteriormente grazie all\u2019intelligenza artificiale. Questa centralit\u00e0 di tecnologia e innovazione rende necessario sviluppare un nuovo paradigma nella relazione tra uomo e tecnologia: la societ\u00e0 5.0, dove la tecnologia non \u00e8 pi\u00f9 un qualcosa che sostituisce, ma diventa un abilitatore di nuovi modelli di cittadinanza e lavoro che vedano l\u2019individuo al centro.<br \/>In questo contesto, la chiave per la competitivit\u00e0 \u00e8 l\u2019innovazione, che \u00e8 a sua volta alimentata dalle competenze. E\u2019 questo il principio che ha guidato la realizzazione dello Studio \u201cItalia 5.0: le competenze del futuro per lo sviluppo dell\u2019innovazione nell\u2019epoca dell\u2019intelligenza artificiale in Italia e in Ue\u201d, elaborato da TEHA Group in collaborazione con Philip Morris Italia, presentato oggi nell\u2019ambito della 50esima edizione del Forum di The European House \u2013 Ambrosetti, in una conferenza stampa cui hanno preso parte Massimo Andolina (Presidente Regione Europea, Philip Morris International), Marco Hannappel (Presidente e Amministratore Delegato, Philip Morris Italia \u2013 VP South West Europe Cluster) e l\u2019Advisor scientifico e portavoce dell\u2019iniziativa Giorgio Metta (Direttore Scientifico, Istituto Italiano di Tecnologia).<br \/>La ricerca si \u00e8 posta l\u2019obiettivo di definire gli elementi per un New Deal delle competenze per trasformare il nostro Paese in un\u2019Italia 5.0 \u2013 in grado di cogliere da protagonista tutti i benefici derivanti da innovazione, digitalizzazione e nuove tecnologie \u2013 che rappresenti anche un modello da esportare a livello europeo. Lo studio ha fatto leva su un\u2019ampia attivit\u00e0 di stakeholder engagement, che ha visto la partecipazione di oltre 10 vertici di imprese, delle istituzioni e delle associazioni di categoria in interviste riservate, nonch\u00e8 il coinvolgimento di oltre 450 imprese da 4 Paesi UE (Italia, Germania, Francia, Spagna) in una survey, somministrata in collaborazione con Coldiretti, per misurare digitalizzazione e competenze nei settori agricolo e manifatturiero.<br \/>Secondo Valerio De Molli, Managing Partner &amp; CEO di TEHA Group e The European House \u2013 Ambrosetti, \u201cper cogliere appieno le opportunit\u00e0 offerte dalle nuove tecnologie e dall\u2019intelligenza artificiale, \u00e8 chiave per l\u2019Italia muoversi verso un nuovo paradigma di dispiegamento tecnologico: quello della Societ\u00e0 5.0. Per costruire un&#8217;Italia 5.0 \u00e8 strategico il ruolo delle aziende capofiliera: l\u2019Italia \u00e8 infatti un Paese di PMI, che generano il 48% del valore aggiunto del Paese e impiegano il 57% degli occupati, ma sono pi\u00f9 in difficolt\u00e0 rispetto a digitalizzazione e competenze, per cui \u00e8 necessario il ruolo di stimolo della grande impresa. Inoltre, le competenze sono chiave, soprattutto per cogliere i benefici dell\u2019intelligenza artificiale: il Paese \u00e8 in ritardo, serve un Piano Marshall delle competenze\u201d.<br \/>\u201cLa ricerca conferma \u2013 anche con le testimonianze dirette provenienti dal mondo delle aziende \u2013 che il capitale umano \u00e8 oggi l\u2019elemento chiave della competitivit\u00e0 delle imprese e della crescita dell\u2019economia, elemento ulteriormente valorizzato dalla rivoluzione dell\u2019intelligenza artificiale\u201d, ha sottolineato l\u2019Advisor scientifico dell\u2019iniziativa Giorgio Metta, Direttore Scientifico dell\u2019Istituto Italiano di Tecnologia. \u201cl\u2019Italia \u00e8 un Paese di eccellenze anche nella ricerca e nell\u2019istruzione. Tuttavia, l\u2019Italia ha un problema di scala sulle competenze: nonostante le eccellenze, l\u2019Italia sconta un ritardo sistemico sulle competenze digitali, sia di base che avanzate: mancano infatti 15 milioni di cittadini da alfabetizzare al digitale, aumentare gli iscritti a corsi di laurea ICT e agli ITS e puntare sulla formazione continua\u201d.<br \/>Per Massimo Andolina, Presidente Regione Europea di Philip Morris International, \u201cL\u2019ambizione dell\u2019Italia pu\u00f2 e deve essere quella di abbracciare un nuovo paradigma di sviluppo per posizionarsi come modello da esportare in Europa. Per colmare il gap di competenze digitali occorre partire dalle esperienze pi\u00f9 virtuose e da una collaborazione pubblico-privato di tipo strutturato. In questo momento storico \u00e8 fondamentale, da una parte, tenere il passo dell\u2019innovazione, guidandola, per mantenere alta la competitivit\u00e0;<br \/>dall\u2019altra parte garantire il pi\u00f9 ampio accesso possibile a percorsi di formazione all\u2019avanguardia, che accompagnino i professionisti lungo il loro intero percorso in azienda\u201d.<br \/>Secondo Marco Hannappel, Presidente e AD di Philip Morris Italia, \u201cL\u2019esperienza di Philip Morris Italia \u00e8 emblematica: grazie alle competenze all\u2019avanguardia della nostra filiera integrata \u2013 che oggi coinvolge oltre 41.000 persone e pi\u00f9 di 8000 imprese \u2013 abbiamo costruito negli anni un modello di business invidiato in tutto il mondo, il cui principale driver \u00e8 sempre stato la capacit\u00e0 di innovare. I dati oggi mostrano i frutti di questo percorso virtuoso e quanto il ruolo di capofiliera sia essenziale, in particolare nel mondo agricolo: grazie agli accordi di programma sottoscritti negli anni da Philip Morris con il Ministero dell\u2019Agricoltura e con Coldiretti, gli agricoltori aderenti all\u2019iniziativa mostrano dati sull\u2019innovazione sensibilmente migliori rispetto alla media Italiana ed Europea: l\u201989% di tali aziende dichiara di aver realizzato o di avere in corso progetti agritech rispetto al 46% della media italiana e al 77% della media UE.\u201d Sulla base delle prospettive emerse dallo studio, sono state elaborate 5 proposte chiave per lanciare il New Deal delle competenze per un\u2019Italia 5.0: Formazione in ingresso; Formazione permanente; Digitalizzazione delle Piccole e Medie Imprese; per dimensione economica, impatto occupazione e propensione all\u2019innovazione, la presenza di un\u2019impresa capofiliera \u00e8 determinante per la digitalizzazione di tutte le altre aziende coinvolte nella filiera; Collaborazione pubblico-privato.<\/p>\n<p>Foto: ufficio stampa Philip Morris Italia<\/p>\n<p>(ITALPRESS).<\/p>\n<\/div>\n","protected":false},"excerpt":{"rendered":"<p>CERNOBBIO (COMO) (ITALPRESS) \u2013 Nel mondo \u00e8 in corso una vera e propria rivoluzione industriale data dall\u2019integrazione pervasiva delle tecnologie digitali in azienda, che oggi accelera ulteriormente grazie all\u2019intelligenza artificiale. Questa centralit\u00e0 di tecnologia e innovazione rende necessario sviluppare un nuovo paradigma nella relazione tra uomo e tecnologia: la societ\u00e0 5.0, dove la tecnologia non [&hellip;]<\/p>\n","protected":false},"author":16,"featured_media":34323,"comment_status":"closed","ping_status":"closed","sticky":false,"template":"","format":"standard","meta":{"jnews-multi-image_gallery":[],"jnews_single_post":[],"jnews_primary_category":[],"jnews_social_meta":[],"jnews_override_counter":[],"jnews_post_split":[],"footnotes":""},"categories":[1129],"tags":[],"class_list":["post-34322","post","type-post","status-publish","format-standard","has-post-thumbnail","hentry","category-mondo"],"yoast_head":"<!-- This site is optimized with the Yoast SEO plugin v27.5 - https:\/\/yoast.com\/product\/yoast-seo-wordpress\/ -->\n<title>Imprese e tecnologia, uno studio \u201cNecessario new deal delle competenze\u201d - Live Magazine<\/title>\n<meta name=\"robots\" content=\"index, follow, max-snippet:-1, max-image-preview:large, max-video-preview:-1\" \/>\n<link rel=\"canonical\" href=\"https:\/\/www.livemag.it\/index.php\/2024\/09\/07\/imprese-e-tecnologia-uno-studio-necessario-new-deal-delle-competenze\/\" \/>\n<meta property=\"og:locale\" content=\"it_IT\" \/>\n<meta property=\"og:type\" content=\"article\" \/>\n<meta property=\"og:title\" content=\"Imprese e tecnologia, uno studio \u201cNecessario new deal delle competenze\u201d - Live Magazine\" \/>\n<meta property=\"og:description\" content=\"CERNOBBIO (COMO) (ITALPRESS) \u2013 Nel mondo \u00e8 in corso una vera e propria rivoluzione industriale data dall\u2019integrazione pervasiva delle tecnologie digitali in azienda, che oggi accelera ulteriormente grazie all\u2019intelligenza artificiale. Questa centralit\u00e0 di tecnologia e innovazione rende necessario sviluppare un nuovo paradigma nella relazione tra uomo e tecnologia: la societ\u00e0 5.0, dove la tecnologia non [&hellip;]\" \/>\n<meta property=\"og:url\" content=\"https:\/\/www.livemag.it\/index.php\/2024\/09\/07\/imprese-e-tecnologia-uno-studio-necessario-new-deal-delle-competenze\/\" \/>\n<meta property=\"og:site_name\" content=\"Live Magazine\" \/>\n<meta property=\"article:publisher\" content=\"https:\/\/www.facebook.com\/LiveMag\/\" \/>\n<meta property=\"article:published_time\" content=\"2024-09-07T19:03:38+00:00\" \/>\n<meta property=\"og:image\" content=\"https:\/\/www.livemag.it\/wp-content\/uploads\/2024\/02\/ograph.jpg\" \/>\n\t<meta property=\"og:image:width\" content=\"1200\" \/>\n\t<meta property=\"og:image:height\" content=\"675\" \/>\n\t<meta property=\"og:image:type\" content=\"image\/jpeg\" \/>\n<meta name=\"author\" content=\"italpress\" \/>\n<meta name=\"twitter:card\" content=\"summary_large_image\" \/>\n<meta name=\"twitter:creator\" content=\"@LiveNotizie\" \/>\n<meta name=\"twitter:site\" content=\"@LiveNotizie\" \/>\n<meta name=\"twitter:label1\" content=\"Scritto da\" \/>\n\t<meta name=\"twitter:data1\" content=\"italpress\" \/>\n\t<meta name=\"twitter:label2\" content=\"Tempo di lettura stimato\" \/>\n\t<meta name=\"twitter:data2\" content=\"4 minuti\" \/>\n<script type=\"application\/ld+json\" class=\"yoast-schema-graph\">{\"@context\":\"https:\\\/\\\/schema.org\",\"@graph\":[{\"@type\":\"Article\",\"@id\":\"https:\\\/\\\/www.livemag.it\\\/index.php\\\/2024\\\/09\\\/07\\\/imprese-e-tecnologia-uno-studio-necessario-new-deal-delle-competenze\\\/#article\",\"isPartOf\":{\"@id\":\"https:\\\/\\\/www.livemag.it\\\/index.php\\\/2024\\\/09\\\/07\\\/imprese-e-tecnologia-uno-studio-necessario-new-deal-delle-competenze\\\/\"},\"author\":{\"name\":\"italpress\",\"@id\":\"https:\\\/\\\/www.livemag.it\\\/#\\\/schema\\\/person\\\/b62c5f44451fdcdaeb0afe6c2424e73c\"},\"headline\":\"Imprese e tecnologia, uno studio \u201cNecessario new deal delle competenze\u201d\",\"datePublished\":\"2024-09-07T19:03:38+00:00\",\"mainEntityOfPage\":{\"@id\":\"https:\\\/\\\/www.livemag.it\\\/index.php\\\/2024\\\/09\\\/07\\\/imprese-e-tecnologia-uno-studio-necessario-new-deal-delle-competenze\\\/\"},\"wordCount\":863,\"publisher\":{\"@id\":\"https:\\\/\\\/www.livemag.it\\\/#organization\"},\"image\":{\"@id\":\"https:\\\/\\\/www.livemag.it\\\/index.php\\\/2024\\\/09\\\/07\\\/imprese-e-tecnologia-uno-studio-necessario-new-deal-delle-competenze\\\/#primaryimage\"},\"thumbnailUrl\":\"https:\\\/\\\/www.livemag.it\\\/wp-content\\\/uploads\\\/2024\\\/09\\\/20240907_1378.jpg\",\"articleSection\":[\"Mondo\"],\"inLanguage\":\"it-IT\"},{\"@type\":\"WebPage\",\"@id\":\"https:\\\/\\\/www.livemag.it\\\/index.php\\\/2024\\\/09\\\/07\\\/imprese-e-tecnologia-uno-studio-necessario-new-deal-delle-competenze\\\/\",\"url\":\"https:\\\/\\\/www.livemag.it\\\/index.php\\\/2024\\\/09\\\/07\\\/imprese-e-tecnologia-uno-studio-necessario-new-deal-delle-competenze\\\/\",\"name\":\"Imprese e tecnologia, uno studio \u201cNecessario new deal delle competenze\u201d - Live Magazine\",\"isPartOf\":{\"@id\":\"https:\\\/\\\/www.livemag.it\\\/#website\"},\"primaryImageOfPage\":{\"@id\":\"https:\\\/\\\/www.livemag.it\\\/index.php\\\/2024\\\/09\\\/07\\\/imprese-e-tecnologia-uno-studio-necessario-new-deal-delle-competenze\\\/#primaryimage\"},\"image\":{\"@id\":\"https:\\\/\\\/www.livemag.it\\\/index.php\\\/2024\\\/09\\\/07\\\/imprese-e-tecnologia-uno-studio-necessario-new-deal-delle-competenze\\\/#primaryimage\"},\"thumbnailUrl\":\"https:\\\/\\\/www.livemag.it\\\/wp-content\\\/uploads\\\/2024\\\/09\\\/20240907_1378.jpg\",\"datePublished\":\"2024-09-07T19:03:38+00:00\",\"breadcrumb\":{\"@id\":\"https:\\\/\\\/www.livemag.it\\\/index.php\\\/2024\\\/09\\\/07\\\/imprese-e-tecnologia-uno-studio-necessario-new-deal-delle-competenze\\\/#breadcrumb\"},\"inLanguage\":\"it-IT\",\"potentialAction\":[{\"@type\":\"ReadAction\",\"target\":[\"https:\\\/\\\/www.livemag.it\\\/index.php\\\/2024\\\/09\\\/07\\\/imprese-e-tecnologia-uno-studio-necessario-new-deal-delle-competenze\\\/\"]}]},{\"@type\":\"ImageObject\",\"inLanguage\":\"it-IT\",\"@id\":\"https:\\\/\\\/www.livemag.it\\\/index.php\\\/2024\\\/09\\\/07\\\/imprese-e-tecnologia-uno-studio-necessario-new-deal-delle-competenze\\\/#primaryimage\",\"url\":\"https:\\\/\\\/www.livemag.it\\\/wp-content\\\/uploads\\\/2024\\\/09\\\/20240907_1378.jpg\",\"contentUrl\":\"https:\\\/\\\/www.livemag.it\\\/wp-content\\\/uploads\\\/2024\\\/09\\\/20240907_1378.jpg\",\"width\":1044,\"height\":1080},{\"@type\":\"BreadcrumbList\",\"@id\":\"https:\\\/\\\/www.livemag.it\\\/index.php\\\/2024\\\/09\\\/07\\\/imprese-e-tecnologia-uno-studio-necessario-new-deal-delle-competenze\\\/#breadcrumb\",\"itemListElement\":[{\"@type\":\"ListItem\",\"position\":1,\"name\":\"Home\",\"item\":\"https:\\\/\\\/www.livemag.it\\\/\"},{\"@type\":\"ListItem\",\"position\":2,\"name\":\"Imprese e tecnologia, uno studio \u201cNecessario new deal delle competenze\u201d\"}]},{\"@type\":\"WebSite\",\"@id\":\"https:\\\/\\\/www.livemag.it\\\/#website\",\"url\":\"https:\\\/\\\/www.livemag.it\\\/\",\"name\":\"Live Magazine\",\"description\":\"Varie ed eventi\",\"publisher\":{\"@id\":\"https:\\\/\\\/www.livemag.it\\\/#organization\"},\"potentialAction\":[{\"@type\":\"SearchAction\",\"target\":{\"@type\":\"EntryPoint\",\"urlTemplate\":\"https:\\\/\\\/www.livemag.it\\\/?s={search_term_string}\"},\"query-input\":{\"@type\":\"PropertyValueSpecification\",\"valueRequired\":true,\"valueName\":\"search_term_string\"}}],\"inLanguage\":\"it-IT\"},{\"@type\":\"Organization\",\"@id\":\"https:\\\/\\\/www.livemag.it\\\/#organization\",\"name\":\"LiveMag\",\"alternateName\":\"LiveMag News ed eventi\",\"url\":\"https:\\\/\\\/www.livemag.it\\\/\",\"logo\":{\"@type\":\"ImageObject\",\"inLanguage\":\"it-IT\",\"@id\":\"https:\\\/\\\/www.livemag.it\\\/#\\\/schema\\\/logo\\\/image\\\/\",\"url\":\"https:\\\/\\\/www.livemag.it\\\/wp-content\\\/uploads\\\/2024\\\/02\\\/immagine-sito.jpg\",\"contentUrl\":\"https:\\\/\\\/www.livemag.it\\\/wp-content\\\/uploads\\\/2024\\\/02\\\/immagine-sito.jpg\",\"width\":696,\"height\":696,\"caption\":\"LiveMag\"},\"image\":{\"@id\":\"https:\\\/\\\/www.livemag.it\\\/#\\\/schema\\\/logo\\\/image\\\/\"},\"sameAs\":[\"https:\\\/\\\/www.facebook.com\\\/LiveMag\\\/\",\"https:\\\/\\\/x.com\\\/LiveNotizie\",\"https:\\\/\\\/www.instagram.com\\\/livemag\\\/\"]},{\"@type\":\"Person\",\"@id\":\"https:\\\/\\\/www.livemag.it\\\/#\\\/schema\\\/person\\\/b62c5f44451fdcdaeb0afe6c2424e73c\",\"name\":\"italpress\",\"image\":{\"@type\":\"ImageObject\",\"inLanguage\":\"it-IT\",\"@id\":\"https:\\\/\\\/secure.gravatar.com\\\/avatar\\\/b6a21695fc713ce7ee312cf57c97e2e641feb365be72d8745574d3c3e2b59066?s=96&r=g\",\"url\":\"https:\\\/\\\/secure.gravatar.com\\\/avatar\\\/b6a21695fc713ce7ee312cf57c97e2e641feb365be72d8745574d3c3e2b59066?s=96&r=g\",\"contentUrl\":\"https:\\\/\\\/secure.gravatar.com\\\/avatar\\\/b6a21695fc713ce7ee312cf57c97e2e641feb365be72d8745574d3c3e2b59066?s=96&r=g\",\"caption\":\"italpress\"},\"description\":\"Italpress \u00e8 un'agenzia di stampa italiana a carattere nazionale.\",\"url\":\"https:\\\/\\\/www.livemag.it\\\/index.php\\\/author\\\/italpress\\\/\"}]}<\/script>\n<!-- \/ Yoast SEO plugin. -->","yoast_head_json":{"title":"Imprese e tecnologia, uno studio \u201cNecessario new deal delle competenze\u201d - Live Magazine","robots":{"index":"index","follow":"follow","max-snippet":"max-snippet:-1","max-image-preview":"max-image-preview:large","max-video-preview":"max-video-preview:-1"},"canonical":"https:\/\/www.livemag.it\/index.php\/2024\/09\/07\/imprese-e-tecnologia-uno-studio-necessario-new-deal-delle-competenze\/","og_locale":"it_IT","og_type":"article","og_title":"Imprese e tecnologia, uno studio \u201cNecessario new deal delle competenze\u201d - Live Magazine","og_description":"CERNOBBIO (COMO) (ITALPRESS) \u2013 Nel mondo \u00e8 in corso una vera e propria rivoluzione industriale data dall\u2019integrazione pervasiva delle tecnologie digitali in azienda, che oggi accelera ulteriormente grazie all\u2019intelligenza artificiale. Questa centralit\u00e0 di tecnologia e innovazione rende necessario sviluppare un nuovo paradigma nella relazione tra uomo e tecnologia: la societ\u00e0 5.0, dove la tecnologia non [&hellip;]","og_url":"https:\/\/www.livemag.it\/index.php\/2024\/09\/07\/imprese-e-tecnologia-uno-studio-necessario-new-deal-delle-competenze\/","og_site_name":"Live Magazine","article_publisher":"https:\/\/www.facebook.com\/LiveMag\/","article_published_time":"2024-09-07T19:03:38+00:00","og_image":[{"width":1200,"height":675,"url":"https:\/\/www.livemag.it\/wp-content\/uploads\/2024\/02\/ograph.jpg","type":"image\/jpeg"}],"author":"italpress","twitter_card":"summary_large_image","twitter_creator":"@LiveNotizie","twitter_site":"@LiveNotizie","twitter_misc":{"Scritto da":"italpress","Tempo di lettura stimato":"4 minuti"},"schema":{"@context":"https:\/\/schema.org","@graph":[{"@type":"Article","@id":"https:\/\/www.livemag.it\/index.php\/2024\/09\/07\/imprese-e-tecnologia-uno-studio-necessario-new-deal-delle-competenze\/#article","isPartOf":{"@id":"https:\/\/www.livemag.it\/index.php\/2024\/09\/07\/imprese-e-tecnologia-uno-studio-necessario-new-deal-delle-competenze\/"},"author":{"name":"italpress","@id":"https:\/\/www.livemag.it\/#\/schema\/person\/b62c5f44451fdcdaeb0afe6c2424e73c"},"headline":"Imprese e tecnologia, uno studio \u201cNecessario new deal delle competenze\u201d","datePublished":"2024-09-07T19:03:38+00:00","mainEntityOfPage":{"@id":"https:\/\/www.livemag.it\/index.php\/2024\/09\/07\/imprese-e-tecnologia-uno-studio-necessario-new-deal-delle-competenze\/"},"wordCount":863,"publisher":{"@id":"https:\/\/www.livemag.it\/#organization"},"image":{"@id":"https:\/\/www.livemag.it\/index.php\/2024\/09\/07\/imprese-e-tecnologia-uno-studio-necessario-new-deal-delle-competenze\/#primaryimage"},"thumbnailUrl":"https:\/\/www.livemag.it\/wp-content\/uploads\/2024\/09\/20240907_1378.jpg","articleSection":["Mondo"],"inLanguage":"it-IT"},{"@type":"WebPage","@id":"https:\/\/www.livemag.it\/index.php\/2024\/09\/07\/imprese-e-tecnologia-uno-studio-necessario-new-deal-delle-competenze\/","url":"https:\/\/www.livemag.it\/index.php\/2024\/09\/07\/imprese-e-tecnologia-uno-studio-necessario-new-deal-delle-competenze\/","name":"Imprese e tecnologia, uno studio \u201cNecessario new deal delle competenze\u201d - Live Magazine","isPartOf":{"@id":"https:\/\/www.livemag.it\/#website"},"primaryImageOfPage":{"@id":"https:\/\/www.livemag.it\/index.php\/2024\/09\/07\/imprese-e-tecnologia-uno-studio-necessario-new-deal-delle-competenze\/#primaryimage"},"image":{"@id":"https:\/\/www.livemag.it\/index.php\/2024\/09\/07\/imprese-e-tecnologia-uno-studio-necessario-new-deal-delle-competenze\/#primaryimage"},"thumbnailUrl":"https:\/\/www.livemag.it\/wp-content\/uploads\/2024\/09\/20240907_1378.jpg","datePublished":"2024-09-07T19:03:38+00:00","breadcrumb":{"@id":"https:\/\/www.livemag.it\/index.php\/2024\/09\/07\/imprese-e-tecnologia-uno-studio-necessario-new-deal-delle-competenze\/#breadcrumb"},"inLanguage":"it-IT","potentialAction":[{"@type":"ReadAction","target":["https:\/\/www.livemag.it\/index.php\/2024\/09\/07\/imprese-e-tecnologia-uno-studio-necessario-new-deal-delle-competenze\/"]}]},{"@type":"ImageObject","inLanguage":"it-IT","@id":"https:\/\/www.livemag.it\/index.php\/2024\/09\/07\/imprese-e-tecnologia-uno-studio-necessario-new-deal-delle-competenze\/#primaryimage","url":"https:\/\/www.livemag.it\/wp-content\/uploads\/2024\/09\/20240907_1378.jpg","contentUrl":"https:\/\/www.livemag.it\/wp-content\/uploads\/2024\/09\/20240907_1378.jpg","width":1044,"height":1080},{"@type":"BreadcrumbList","@id":"https:\/\/www.livemag.it\/index.php\/2024\/09\/07\/imprese-e-tecnologia-uno-studio-necessario-new-deal-delle-competenze\/#breadcrumb","itemListElement":[{"@type":"ListItem","position":1,"name":"Home","item":"https:\/\/www.livemag.it\/"},{"@type":"ListItem","position":2,"name":"Imprese e tecnologia, uno studio \u201cNecessario new deal delle competenze\u201d"}]},{"@type":"WebSite","@id":"https:\/\/www.livemag.it\/#website","url":"https:\/\/www.livemag.it\/","name":"Live Magazine","description":"Varie ed eventi","publisher":{"@id":"https:\/\/www.livemag.it\/#organization"},"potentialAction":[{"@type":"SearchAction","target":{"@type":"EntryPoint","urlTemplate":"https:\/\/www.livemag.it\/?s={search_term_string}"},"query-input":{"@type":"PropertyValueSpecification","valueRequired":true,"valueName":"search_term_string"}}],"inLanguage":"it-IT"},{"@type":"Organization","@id":"https:\/\/www.livemag.it\/#organization","name":"LiveMag","alternateName":"LiveMag News ed eventi","url":"https:\/\/www.livemag.it\/","logo":{"@type":"ImageObject","inLanguage":"it-IT","@id":"https:\/\/www.livemag.it\/#\/schema\/logo\/image\/","url":"https:\/\/www.livemag.it\/wp-content\/uploads\/2024\/02\/immagine-sito.jpg","contentUrl":"https:\/\/www.livemag.it\/wp-content\/uploads\/2024\/02\/immagine-sito.jpg","width":696,"height":696,"caption":"LiveMag"},"image":{"@id":"https:\/\/www.livemag.it\/#\/schema\/logo\/image\/"},"sameAs":["https:\/\/www.facebook.com\/LiveMag\/","https:\/\/x.com\/LiveNotizie","https:\/\/www.instagram.com\/livemag\/"]},{"@type":"Person","@id":"https:\/\/www.livemag.it\/#\/schema\/person\/b62c5f44451fdcdaeb0afe6c2424e73c","name":"italpress","image":{"@type":"ImageObject","inLanguage":"it-IT","@id":"https:\/\/secure.gravatar.com\/avatar\/b6a21695fc713ce7ee312cf57c97e2e641feb365be72d8745574d3c3e2b59066?s=96&r=g","url":"https:\/\/secure.gravatar.com\/avatar\/b6a21695fc713ce7ee312cf57c97e2e641feb365be72d8745574d3c3e2b59066?s=96&r=g","contentUrl":"https:\/\/secure.gravatar.com\/avatar\/b6a21695fc713ce7ee312cf57c97e2e641feb365be72d8745574d3c3e2b59066?s=96&r=g","caption":"italpress"},"description":"Italpress \u00e8 un'agenzia di stampa italiana a carattere nazionale.","url":"https:\/\/www.livemag.it\/index.php\/author\/italpress\/"}]}},"jetpack_featured_media_url":"https:\/\/www.livemag.it\/wp-content\/uploads\/2024\/09\/20240907_1378.jpg","_links":{"self":[{"href":"https:\/\/www.livemag.it\/index.php\/wp-json\/wp\/v2\/posts\/34322","targetHints":{"allow":["GET"]}}],"collection":[{"href":"https:\/\/www.livemag.it\/index.php\/wp-json\/wp\/v2\/posts"}],"about":[{"href":"https:\/\/www.livemag.it\/index.php\/wp-json\/wp\/v2\/types\/post"}],"author":[{"embeddable":true,"href":"https:\/\/www.livemag.it\/index.php\/wp-json\/wp\/v2\/users\/16"}],"replies":[{"embeddable":true,"href":"https:\/\/www.livemag.it\/index.php\/wp-json\/wp\/v2\/comments?post=34322"}],"version-history":[{"count":0,"href":"https:\/\/www.livemag.it\/index.php\/wp-json\/wp\/v2\/posts\/34322\/revisions"}],"wp:featuredmedia":[{"embeddable":true,"href":"https:\/\/www.livemag.it\/index.php\/wp-json\/wp\/v2\/media\/34323"}],"wp:attachment":[{"href":"https:\/\/www.livemag.it\/index.php\/wp-json\/wp\/v2\/media?parent=34322"}],"wp:term":[{"taxonomy":"category","embeddable":true,"href":"https:\/\/www.livemag.it\/index.php\/wp-json\/wp\/v2\/categories?post=34322"},{"taxonomy":"post_tag","embeddable":true,"href":"https:\/\/www.livemag.it\/index.php\/wp-json\/wp\/v2\/tags?post=34322"}],"curies":[{"name":"wp","href":"https:\/\/api.w.org\/{rel}","templated":true}]}}