{"id":33593,"date":"2024-08-28T18:07:33","date_gmt":"2024-08-28T16:07:33","guid":{"rendered":"https:\/\/www.livemag.it\/?p=33593"},"modified":"2024-08-28T18:12:54","modified_gmt":"2024-08-28T16:12:54","slug":"evento-esclusivo-al-vesta-mare-con-alessandro-nomellini","status":"publish","type":"post","link":"https:\/\/www.livemag.it\/index.php\/2024\/08\/28\/evento-esclusivo-al-vesta-mare-con-alessandro-nomellini\/","title":{"rendered":"Evento esclusivo al Vesta Mare con Alessandro Nomellini"},"content":{"rendered":"\n<h2 class=\"wp-block-heading\">Alessandro Nomellini d\u00e0 vita a una serata di lusso e cultura per un ospite d&#8217;eccezione<\/h2>\n\n\n\n<p><strong>Il 27 agosto 2024, Alessandro Nomellini<\/strong>, noto imprenditore italiano e filantropo, <strong>ha creato un evento di grande prestigio presso il rinomato stabilimento balneare &#8220;Vesta Mare&#8221; di Marina di Pietrasanta<\/strong>, celebre anche per la sua cucina stellata. <strong>In collaborazione con il Cenacolo di Arturo Artom<\/strong>, Nomellini ha curato ogni dettaglio per offrire una serata indimenticabile, all&#8217;insegna del lusso e della cultura per un ospite particolare,<strong> <a href=\"https:\/\/www.livemag.it\/wp-content\/uploads\/2024\/08\/Mathew-Knowles-alla-Cena-di-Gala-6.jpg\">Mathew Knowles<\/a><\/strong>.<\/p>\n\n\n\n<h3 class=\"wp-block-heading\">Maria Grazia Cucinotta alla conduzione e Mathew Knowles come ospite d\u2019onore<\/h3>\n\n\n<div class=\"wp-block-image\">\n<figure class=\"alignleft size-large is-resized\"><img fetchpriority=\"high\" decoding=\"async\" width=\"1024\" height=\"888\" src=\"https:\/\/www.livemag.it\/wp-content\/uploads\/2024\/08\/Maria-Grazia-Cucinotta-alla-Cena-di-Gala-2-1024x888.jpg\" alt=\"Maria Grazia Cucinotta alla Cena di Gala 2\" class=\"wp-image-33605\" style=\"width:314px;height:auto\" srcset=\"https:\/\/www.livemag.it\/wp-content\/uploads\/2024\/08\/Maria-Grazia-Cucinotta-alla-Cena-di-Gala-2-1024x888.jpg 1024w, https:\/\/www.livemag.it\/wp-content\/uploads\/2024\/08\/Maria-Grazia-Cucinotta-alla-Cena-di-Gala-2-300x260.jpg 300w, https:\/\/www.livemag.it\/wp-content\/uploads\/2024\/08\/Maria-Grazia-Cucinotta-alla-Cena-di-Gala-2-768x666.jpg 768w, https:\/\/www.livemag.it\/wp-content\/uploads\/2024\/08\/Maria-Grazia-Cucinotta-alla-Cena-di-Gala-2-1536x1332.jpg 1536w, https:\/\/www.livemag.it\/wp-content\/uploads\/2024\/08\/Maria-Grazia-Cucinotta-alla-Cena-di-Gala-2-2048x1775.jpg 2048w, https:\/\/www.livemag.it\/wp-content\/uploads\/2024\/08\/Maria-Grazia-Cucinotta-alla-Cena-di-Gala-2-750x650.jpg 750w, https:\/\/www.livemag.it\/wp-content\/uploads\/2024\/08\/Maria-Grazia-Cucinotta-alla-Cena-di-Gala-2-1140x988.jpg 1140w\" sizes=\"(max-width: 1024px) 100vw, 1024px\" \/><\/figure>\n<\/div>\n\n\n<p><strong>Maria Grazia Cucinotta, celebre attrice e conduttrice italiana, ha condotto la serata con grande eleganza<\/strong>. Nota per il suo ruolo nel film &#8220;Il postino&#8221;, che le ha valso un premio Oscar, Cucinotta ha portato il suo carisma sul palco, contribuendo al successo dell&#8217;evento. <strong>La serata ha visto come ospite d\u2019onore Mathew Knowles, famoso produttore musicale e padre della superstar Beyonc\u00e9<\/strong>. Knowles ha condiviso con il pubblico il lungo percorso che ha portato sua figlia a diventare una delle icone pi\u00f9 influenti del panorama musicale internazionale.<\/p>\n\n\n\n<h3 class=\"wp-block-heading\">Un intrattenimento di alto livello con momenti unici<\/h3>\n\n\n\n<p><strong>Mathew Knowles ha intrattenuto gli ospiti raccontando le sfide e le strategie che hanno segnato la sua carriera e quella della figlia Beyonc\u00e9. Ha anche parlato del gruppo Destiny&#8217;s Child, di cui facevano parte Kelly Rowland e Michelle Williams<\/strong>. L\u2019evento ha offerto una serie di spettacoli dal vivo, musica di grande qualit\u00e0 e la proiezione di video inediti che hanno svelato momenti esclusivi della carriera di Beyonc\u00e9. Ogni dettaglio \u00e8 stato curato per garantire un&#8217;esperienza indimenticabile agli ospiti presenti.<\/p>\n\n\n\n<h3 class=\"wp-block-heading\">La consegna del prestigioso premio \u201cThe Alessandro Award\u201d<\/h3>\n\n\n\n<p><strong>Alessandro Nomellini ha premiato Mathew Knowles con il prestigioso \u201cThe Alessandro Award\u201d, un riconoscimento che celebra le eccellenze internazionali<\/strong>. Ogni anno, Nomellini consegna questo premio per onorare chi ha lasciato un segno importante nel proprio settore. Knowles ha ricevuto questo onore per il suo contributo straordinario all&#8217;industria musicale e per il ruolo fondamentale che ha svolto nel successo globale di Beyonc\u00e9. Questo momento ha rappresentato uno dei punti pi\u00f9 alti della serata.<\/p>\n\n\n\n<h3 class=\"wp-block-heading\">L&#8217;annuncio della nascita dell&#8217;Alta Academy<\/h3>\n\n\n\n<p>Durante la serata, <strong>Alessandro Nomellini ha annunciato la creazione dell&#8217;\u201cAlta Academy\u201d, un&#8217;accademia formativa innovativa pensata per colmare una lacuna esistente in Italia<\/strong>. L&#8217;accademia non solo fornir\u00e0 una solida formazione teorica, ma offrir\u00e0 anche opportunit\u00e0 di tirocini in oltre 200 aziende leader. <strong>Nomellini ha discusso a lungo di questo progetto con Mathew Knowles, che ha accettato di partecipare come ospite speciale e docente<\/strong>.<strong> Gli studenti avranno l&#8217;opportunit\u00e0 unica di avvicinarsi a Beyonc\u00e9<\/strong>, che parteciper\u00e0 a uno o due eventi esclusivi organizzati dall\u2019accademia.<\/p>\n\n\n\n<h3 class=\"wp-block-heading\">Come iscriversi all&#8217;Alta Academy<\/h3>\n\n\n<div class=\"wp-block-image\">\n<figure class=\"alignright size-large is-resized\"><img decoding=\"async\" width=\"720\" height=\"1024\" src=\"https:\/\/www.livemag.it\/wp-content\/uploads\/2024\/08\/Veronica-Berti-Boccelli-alla-Cena-di-Gala-2-720x1024.jpg\" alt=\"Veronica Berti Boccelli alla Cena di Gala 2\" class=\"wp-image-33607\" style=\"width:276px;height:auto\" srcset=\"https:\/\/www.livemag.it\/wp-content\/uploads\/2024\/08\/Veronica-Berti-Boccelli-alla-Cena-di-Gala-2-720x1024.jpg 720w, https:\/\/www.livemag.it\/wp-content\/uploads\/2024\/08\/Veronica-Berti-Boccelli-alla-Cena-di-Gala-2-211x300.jpg 211w, https:\/\/www.livemag.it\/wp-content\/uploads\/2024\/08\/Veronica-Berti-Boccelli-alla-Cena-di-Gala-2-768x1092.jpg 768w, https:\/\/www.livemag.it\/wp-content\/uploads\/2024\/08\/Veronica-Berti-Boccelli-alla-Cena-di-Gala-2-1081x1536.jpg 1081w, https:\/\/www.livemag.it\/wp-content\/uploads\/2024\/08\/Veronica-Berti-Boccelli-alla-Cena-di-Gala-2-1441x2048.jpg 1441w, https:\/\/www.livemag.it\/wp-content\/uploads\/2024\/08\/Veronica-Berti-Boccelli-alla-Cena-di-Gala-2-750x1066.jpg 750w, https:\/\/www.livemag.it\/wp-content\/uploads\/2024\/08\/Veronica-Berti-Boccelli-alla-Cena-di-Gala-2-1140x1620.jpg 1140w, https:\/\/www.livemag.it\/wp-content\/uploads\/2024\/08\/Veronica-Berti-Boccelli-alla-Cena-di-Gala-2-scaled.jpg 1801w\" sizes=\"(max-width: 720px) 100vw, 720px\" \/><\/figure>\n<\/div>\n\n\n<p>Per iscriversi all&#8217;Alta Academy, gli studenti dovranno aver conseguito il diploma di maturit\u00e0. Le domande di ammissione si apriranno a settembre 2025 presso la sede milanese dell\u2019accademia. <strong>Nomellini ha sottolineato l&#8217;importanza della dedizione e del duro lavoro, affermando che, come Beyonc\u00e9, gli studenti dovranno affrontare un percorso di studio e impegno intenso<\/strong> per eccellere nei loro settori.<\/p>\n\n\n\n<h3 class=\"wp-block-heading\">Il premio \u201cThe Alessandro Award\u201d a Veronica Berti Bocelli<\/h3>\n\n\n\n<p>Nel corso della serata, <strong>Alessandro Nomellini ha consegnato un altro \u201cThe Alessandro Award\u201d a Veronica Berti Bocelli, in riconoscimento del suo impegno instancabile e della costanza con cui, da oltre tredici anni, la Andrea Bocelli Foundation si dedica all&#8217;empowerment di persone e comunit\u00e0<\/strong>. Nomellini ha elogiato la fondazione per il suo approccio innovativo e per l&#8217;importante lavoro svolto nelle scuole ricostruite nelle aree dell\u2019Italia centrale colpite dal terremoto del 2016. Questo premio ha voluto riconoscere l&#8217;importante contributo della fondazione nel campo dell&#8217;arte, della musica e del digitale, che continua a fare la differenza nella vita di molte persone.<\/p>\n\n\n\n<p><a href=\"https:\/\/www.instagram.com\/altomura\/00?hl=it\" target=\"_blank\" rel=\"noreferrer noopener\">A cura di Mario Altomura<\/a><\/p>\n\n\n\n<p>Leggi anche: <a href=\"https:\/\/www.bollicinevip.com\/azzurro-storie-di-mare-2024-in-viaggio-tra-i-mari-ditalia\/\">\u201cAzzurro Storie di Mare\u201d 2024, in viaggio tra i mari d\u2019Italia<\/a><\/p>\n","protected":false},"excerpt":{"rendered":"<p>Alessandro Nomellini d\u00e0 vita a una serata di lusso e cultura per un ospite d&#8217;eccezione Il 27 agosto 2024, Alessandro Nomellini, noto imprenditore italiano e filantropo, ha creato un evento di grande prestigio presso il rinomato stabilimento balneare &#8220;Vesta Mare&#8221; di Marina di Pietrasanta, celebre anche per la sua cucina stellata. In collaborazione con il [&hellip;]<\/p>\n","protected":false},"author":20,"featured_media":33611,"comment_status":"open","ping_status":"open","sticky":false,"template":"","format":"standard","meta":{"jnews-multi-image_gallery":[],"jnews_single_post":{"subtitle":"","format":"standard","video":"","gallery":"","source_name":"","source_url":"","via_name":"","via_url":"","override_template":"0","override":[{"template":"1","single_blog_custom":"","parallax":"1","fullscreen":"1","layout":"right-sidebar","sidebar":"default-sidebar","second_sidebar":"default-sidebar","sticky_sidebar":"1","share_position":"top","share_float_style":"share-monocrhome","show_share_counter":"0","show_view_counter":"0","show_featured":"1","show_post_meta":"1","show_post_author":"1","show_post_author_image":"1","show_post_date":"1","post_date_format":"default","post_date_format_custom":"Y\/m\/d","show_post_category":"1","show_post_reading_time":"0","post_reading_time_wpm":"300","post_calculate_word_method":"str_word_count","show_zoom_button":"0","zoom_button_out_step":"2","zoom_button_in_step":"3","show_post_tag":"1","show_prev_next_post":"1","show_popup_post":"1","number_popup_post":"1","show_author_box":"1","show_post_related":"0","show_inline_post_related":"0"}],"override_image_size":"0","image_override":[{"single_post_thumbnail_size":"crop-500","single_post_gallery_size":"crop-500"}],"trending_post":"0","trending_post_position":"meta","trending_post_label":"Trending","sponsored_post":"0","sponsored_post_label":"Sponsored by","sponsored_post_name":"","sponsored_post_url":"","sponsored_post_logo_enable":"0","sponsored_post_logo":"","sponsored_post_desc":"","disable_ad":"0"},"jnews_primary_category":{"id":"","hide":""},"jnews_social_meta":{"fb_title":"","fb_description":"","fb_image":"","twitter_title":"","twitter_description":"","twitter_image":""},"jnews_override_counter":{"override_view_counter":"0","view_counter_number":"0","override_share_counter":"0","share_counter_number":"0","override_like_counter":"0","like_counter_number":"0","override_dislike_counter":"0","dislike_counter_number":"0"},"jnews_post_split":{"enable_post_split":"0","post_split":[{"template":"1","tag":"h2","numbering":"asc","mode":"normal","first":"0","enable_toc":"0","toc_type":"normal"}]},"footnotes":""},"categories":[90],"tags":[4478,4524,4232,4479,2663,3976,4480,4522,381,4523,2525,4481,3793,4435,4482,4502,4483,4484,1602,3910,2710,2055,2530,2394,4507,2565,2789,4485,4486,2708,4487,3348,2743,451,4488,4489,4503,4490,4491,4492,51,174,4493,3804,4505,2536,4494,1634,4506,4495,4504,2278,2182,3036,3107,2769,2214,4496,227,4497,2554,4498,4499,4526,4525,4500,4501],"class_list":["post-33593","post","type-post","status-publish","format-standard","has-post-thumbnail","hentry","category-liveevent","tag-after-party","tag-alessandro","tag-alessandro-nomellini","tag-alta-academy","tag-attrice","tag-award","tag-beyonce","tag-bocelli","tag-brand","tag-career-school","tag-carriera","tag-carriera-di-beyonce","tag-cena","tag-cena-di-gala","tag-cinematografia","tag-cucinotta","tag-destinys-child","tag-dietro-le-quinte","tag-eccellenza","tag-eccellenze","tag-esperienza","tag-evento","tag-film","tag-forte-dei-marmi","tag-il-postino","tag-innovazione","tag-interviste","tag-interviste-esclusive","tag-intrattenimenti","tag-intrattenimento","tag-kelly-rowland","tag-leader","tag-lusso","tag-made-in-italy","tag-management","tag-management-delle-arti","tag-maria-grazia-cucinotta","tag-marina-di-pietrasanta","tag-mathew-knowles","tag-michelle-williams","tag-moda","tag-musica","tag-musica-dal-vivo","tag-opportunita","tag-oscar","tag-ospite","tag-ospite-donore","tag-party","tag-premio-oscar","tag-produttore-musicale","tag-produttrice-cinematografica","tag-pubblico","tag-red-carpet","tag-riconoscimento","tag-riflessione","tag-ristorante","tag-serata","tag-sfide","tag-spettacolo","tag-strategie","tag-successo","tag-the-alessandro-award","tag-twiga-beach-club","tag-veronica-berti","tag-veronica-berti-bocelli","tag-vesta-mare","tag-video-inediti"],"yoast_head":"<!-- This site is optimized with the Yoast SEO plugin v27.5 - https:\/\/yoast.com\/product\/yoast-seo-wordpress\/ -->\n<title>Evento esclusivo al Vesta Mare con Alessandro Nomellini<\/title>\n<meta name=\"description\" content=\"Alessandro Nomellini, noto imprenditore italiano e filantropo, ha creato un evento di grande prestigio presso il rinomato &quot;Vesta Mare&quot;\" \/>\n<meta name=\"robots\" content=\"index, follow, max-snippet:-1, max-image-preview:large, max-video-preview:-1\" \/>\n<link rel=\"canonical\" href=\"https:\/\/www.livemag.it\/index.php\/2024\/08\/28\/evento-esclusivo-al-vesta-mare-con-alessandro-nomellini\/\" \/>\n<meta property=\"og:locale\" content=\"it_IT\" \/>\n<meta property=\"og:type\" content=\"article\" \/>\n<meta property=\"og:title\" content=\"Evento esclusivo al Vesta Mare con Alessandro Nomellini\" \/>\n<meta property=\"og:description\" content=\"Alessandro Nomellini, noto imprenditore italiano e filantropo, ha creato un evento di grande prestigio presso il rinomato &quot;Vesta Mare&quot;\" \/>\n<meta property=\"og:url\" content=\"https:\/\/www.livemag.it\/index.php\/2024\/08\/28\/evento-esclusivo-al-vesta-mare-con-alessandro-nomellini\/\" \/>\n<meta property=\"og:site_name\" content=\"Live Magazine\" \/>\n<meta property=\"article:publisher\" content=\"https:\/\/www.facebook.com\/LiveMag\/\" \/>\n<meta property=\"article:published_time\" content=\"2024-08-28T16:07:33+00:00\" \/>\n<meta property=\"article:modified_time\" content=\"2024-08-28T16:12:54+00:00\" \/>\n<meta property=\"og:image\" content=\"https:\/\/www.livemag.it\/wp-content\/uploads\/2024\/08\/Mathew-Knowles-alla-Cena-di-Gala-6.jpg\" \/>\n\t<meta property=\"og:image:width\" content=\"1780\" \/>\n\t<meta property=\"og:image:height\" content=\"1155\" \/>\n\t<meta property=\"og:image:type\" content=\"image\/jpeg\" \/>\n<meta name=\"author\" content=\"Mario Altomura\" \/>\n<meta name=\"twitter:card\" content=\"summary_large_image\" \/>\n<meta name=\"twitter:creator\" content=\"@LiveNotizie\" \/>\n<meta name=\"twitter:site\" content=\"@LiveNotizie\" \/>\n<meta name=\"twitter:label1\" content=\"Scritto da\" \/>\n\t<meta name=\"twitter:data1\" content=\"Mario Altomura\" \/>\n\t<meta name=\"twitter:label2\" content=\"Tempo di lettura stimato\" \/>\n\t<meta name=\"twitter:data2\" content=\"4 minuti\" \/>\n<script type=\"application\/ld+json\" class=\"yoast-schema-graph\">{\"@context\":\"https:\\\/\\\/schema.org\",\"@graph\":[{\"@type\":\"Article\",\"@id\":\"https:\\\/\\\/www.livemag.it\\\/index.php\\\/2024\\\/08\\\/28\\\/evento-esclusivo-al-vesta-mare-con-alessandro-nomellini\\\/#article\",\"isPartOf\":{\"@id\":\"https:\\\/\\\/www.livemag.it\\\/index.php\\\/2024\\\/08\\\/28\\\/evento-esclusivo-al-vesta-mare-con-alessandro-nomellini\\\/\"},\"author\":{\"name\":\"Mario Altomura\",\"@id\":\"https:\\\/\\\/www.livemag.it\\\/#\\\/schema\\\/person\\\/cc097583ef7f4da9e9fe62e8b552ab72\"},\"headline\":\"Evento esclusivo al Vesta Mare con Alessandro Nomellini\",\"datePublished\":\"2024-08-28T16:07:33+00:00\",\"dateModified\":\"2024-08-28T16:12:54+00:00\",\"mainEntityOfPage\":{\"@id\":\"https:\\\/\\\/www.livemag.it\\\/index.php\\\/2024\\\/08\\\/28\\\/evento-esclusivo-al-vesta-mare-con-alessandro-nomellini\\\/\"},\"wordCount\":643,\"commentCount\":0,\"publisher\":{\"@id\":\"https:\\\/\\\/www.livemag.it\\\/#organization\"},\"image\":{\"@id\":\"https:\\\/\\\/www.livemag.it\\\/index.php\\\/2024\\\/08\\\/28\\\/evento-esclusivo-al-vesta-mare-con-alessandro-nomellini\\\/#primaryimage\"},\"thumbnailUrl\":\"https:\\\/\\\/www.livemag.it\\\/wp-content\\\/uploads\\\/2024\\\/08\\\/Mathew-Knowles-alla-Cena-di-Gala-6.jpg\",\"keywords\":[\"after party\",\"alessandro\",\"Alessandro Nomellini\",\"Alta Academy\",\"attrice\",\"Award\",\"beyonce\",\"Bocelli\",\"brand\",\"career school\",\"carriera\",\"carriera di Beyonc\u00e9\",\"cena\",\"cena di gala\",\"cinematografia\",\"cucinotta\",\"Destiny's Child\",\"dietro le quinte\",\"eccellenza\",\"eccellenze\",\"esperienza\",\"evento\",\"film\",\"forte dei marmi\",\"il postino\",\"innovazione\",\"interviste\",\"interviste esclusive\",\"intrattenimenti\",\"intrattenimento\",\"Kelly Rowland\",\"leader\",\"lusso\",\"made in italy\",\"management\",\"management delle arti\",\"maria grazia cucinotta\",\"MARINA DI PIETRASANTA\",\"Mathew Knowles\",\"Michelle Williams\",\"moda\",\"musica\",\"musica dal vivo\",\"opportunit\u00e0\",\"oscar\",\"ospite\",\"ospite d'onore\",\"party\",\"premio oscar\",\"produttore musicale\",\"produttrice cinematografica\",\"pubblico\",\"Red Carpet\",\"riconoscimento\",\"riflessione\",\"ristorante\",\"Serata\",\"sfide\",\"spettacolo\",\"Strategie\",\"successo\",\"The Alessandro Award\",\"Twiga Beach Club\",\"Veronica Berti\",\"Veronica Berti Bocelli\",\"Vesta Mare\",\"video inediti\"],\"articleSection\":[\"LiveEvent\"],\"inLanguage\":\"it-IT\",\"potentialAction\":[{\"@type\":\"CommentAction\",\"name\":\"Comment\",\"target\":[\"https:\\\/\\\/www.livemag.it\\\/index.php\\\/2024\\\/08\\\/28\\\/evento-esclusivo-al-vesta-mare-con-alessandro-nomellini\\\/#respond\"]}]},{\"@type\":\"WebPage\",\"@id\":\"https:\\\/\\\/www.livemag.it\\\/index.php\\\/2024\\\/08\\\/28\\\/evento-esclusivo-al-vesta-mare-con-alessandro-nomellini\\\/\",\"url\":\"https:\\\/\\\/www.livemag.it\\\/index.php\\\/2024\\\/08\\\/28\\\/evento-esclusivo-al-vesta-mare-con-alessandro-nomellini\\\/\",\"name\":\"Evento esclusivo al Vesta Mare con Alessandro Nomellini\",\"isPartOf\":{\"@id\":\"https:\\\/\\\/www.livemag.it\\\/#website\"},\"primaryImageOfPage\":{\"@id\":\"https:\\\/\\\/www.livemag.it\\\/index.php\\\/2024\\\/08\\\/28\\\/evento-esclusivo-al-vesta-mare-con-alessandro-nomellini\\\/#primaryimage\"},\"image\":{\"@id\":\"https:\\\/\\\/www.livemag.it\\\/index.php\\\/2024\\\/08\\\/28\\\/evento-esclusivo-al-vesta-mare-con-alessandro-nomellini\\\/#primaryimage\"},\"thumbnailUrl\":\"https:\\\/\\\/www.livemag.it\\\/wp-content\\\/uploads\\\/2024\\\/08\\\/Mathew-Knowles-alla-Cena-di-Gala-6.jpg\",\"datePublished\":\"2024-08-28T16:07:33+00:00\",\"dateModified\":\"2024-08-28T16:12:54+00:00\",\"description\":\"Alessandro Nomellini, noto imprenditore italiano e filantropo, ha creato un evento di grande prestigio presso il rinomato \\\"Vesta Mare\\\"\",\"breadcrumb\":{\"@id\":\"https:\\\/\\\/www.livemag.it\\\/index.php\\\/2024\\\/08\\\/28\\\/evento-esclusivo-al-vesta-mare-con-alessandro-nomellini\\\/#breadcrumb\"},\"inLanguage\":\"it-IT\",\"potentialAction\":[{\"@type\":\"ReadAction\",\"target\":[\"https:\\\/\\\/www.livemag.it\\\/index.php\\\/2024\\\/08\\\/28\\\/evento-esclusivo-al-vesta-mare-con-alessandro-nomellini\\\/\"]}]},{\"@type\":\"ImageObject\",\"inLanguage\":\"it-IT\",\"@id\":\"https:\\\/\\\/www.livemag.it\\\/index.php\\\/2024\\\/08\\\/28\\\/evento-esclusivo-al-vesta-mare-con-alessandro-nomellini\\\/#primaryimage\",\"url\":\"https:\\\/\\\/www.livemag.it\\\/wp-content\\\/uploads\\\/2024\\\/08\\\/Mathew-Knowles-alla-Cena-di-Gala-6.jpg\",\"contentUrl\":\"https:\\\/\\\/www.livemag.it\\\/wp-content\\\/uploads\\\/2024\\\/08\\\/Mathew-Knowles-alla-Cena-di-Gala-6.jpg\",\"width\":1780,\"height\":1155},{\"@type\":\"BreadcrumbList\",\"@id\":\"https:\\\/\\\/www.livemag.it\\\/index.php\\\/2024\\\/08\\\/28\\\/evento-esclusivo-al-vesta-mare-con-alessandro-nomellini\\\/#breadcrumb\",\"itemListElement\":[{\"@type\":\"ListItem\",\"position\":1,\"name\":\"Home\",\"item\":\"https:\\\/\\\/www.livemag.it\\\/\"},{\"@type\":\"ListItem\",\"position\":2,\"name\":\"Evento esclusivo al Vesta Mare con Alessandro Nomellini\"}]},{\"@type\":\"WebSite\",\"@id\":\"https:\\\/\\\/www.livemag.it\\\/#website\",\"url\":\"https:\\\/\\\/www.livemag.it\\\/\",\"name\":\"Live Magazine\",\"description\":\"Varie ed eventi\",\"publisher\":{\"@id\":\"https:\\\/\\\/www.livemag.it\\\/#organization\"},\"potentialAction\":[{\"@type\":\"SearchAction\",\"target\":{\"@type\":\"EntryPoint\",\"urlTemplate\":\"https:\\\/\\\/www.livemag.it\\\/?s={search_term_string}\"},\"query-input\":{\"@type\":\"PropertyValueSpecification\",\"valueRequired\":true,\"valueName\":\"search_term_string\"}}],\"inLanguage\":\"it-IT\"},{\"@type\":\"Organization\",\"@id\":\"https:\\\/\\\/www.livemag.it\\\/#organization\",\"name\":\"LiveMag\",\"alternateName\":\"LiveMag News ed eventi\",\"url\":\"https:\\\/\\\/www.livemag.it\\\/\",\"logo\":{\"@type\":\"ImageObject\",\"inLanguage\":\"it-IT\",\"@id\":\"https:\\\/\\\/www.livemag.it\\\/#\\\/schema\\\/logo\\\/image\\\/\",\"url\":\"https:\\\/\\\/www.livemag.it\\\/wp-content\\\/uploads\\\/2024\\\/02\\\/immagine-sito.jpg\",\"contentUrl\":\"https:\\\/\\\/www.livemag.it\\\/wp-content\\\/uploads\\\/2024\\\/02\\\/immagine-sito.jpg\",\"width\":696,\"height\":696,\"caption\":\"LiveMag\"},\"image\":{\"@id\":\"https:\\\/\\\/www.livemag.it\\\/#\\\/schema\\\/logo\\\/image\\\/\"},\"sameAs\":[\"https:\\\/\\\/www.facebook.com\\\/LiveMag\\\/\",\"https:\\\/\\\/x.com\\\/LiveNotizie\",\"https:\\\/\\\/www.instagram.com\\\/livemag\\\/\"]},{\"@type\":\"Person\",\"@id\":\"https:\\\/\\\/www.livemag.it\\\/#\\\/schema\\\/person\\\/cc097583ef7f4da9e9fe62e8b552ab72\",\"name\":\"Mario Altomura\",\"image\":{\"@type\":\"ImageObject\",\"inLanguage\":\"it-IT\",\"@id\":\"https:\\\/\\\/secure.gravatar.com\\\/avatar\\\/3c7d3ce72a2bed6bab5e3681d59712a49247bdd227b4ef67de56814084f945dd?s=96&r=g\",\"url\":\"https:\\\/\\\/secure.gravatar.com\\\/avatar\\\/3c7d3ce72a2bed6bab5e3681d59712a49247bdd227b4ef67de56814084f945dd?s=96&r=g\",\"contentUrl\":\"https:\\\/\\\/secure.gravatar.com\\\/avatar\\\/3c7d3ce72a2bed6bab5e3681d59712a49247bdd227b4ef67de56814084f945dd?s=96&r=g\",\"caption\":\"Mario Altomura\"},\"description\":\"fotografo celebrity\",\"url\":\"https:\\\/\\\/www.livemag.it\\\/index.php\\\/author\\\/fabio-scarpati\\\/\"}]}<\/script>\n<!-- \/ Yoast SEO plugin. -->","yoast_head_json":{"title":"Evento esclusivo al Vesta Mare con Alessandro Nomellini","description":"Alessandro Nomellini, noto imprenditore italiano e filantropo, ha creato un evento di grande prestigio presso il rinomato \"Vesta Mare\"","robots":{"index":"index","follow":"follow","max-snippet":"max-snippet:-1","max-image-preview":"max-image-preview:large","max-video-preview":"max-video-preview:-1"},"canonical":"https:\/\/www.livemag.it\/index.php\/2024\/08\/28\/evento-esclusivo-al-vesta-mare-con-alessandro-nomellini\/","og_locale":"it_IT","og_type":"article","og_title":"Evento esclusivo al Vesta Mare con Alessandro Nomellini","og_description":"Alessandro Nomellini, noto imprenditore italiano e filantropo, ha creato un evento di grande prestigio presso il rinomato \"Vesta Mare\"","og_url":"https:\/\/www.livemag.it\/index.php\/2024\/08\/28\/evento-esclusivo-al-vesta-mare-con-alessandro-nomellini\/","og_site_name":"Live Magazine","article_publisher":"https:\/\/www.facebook.com\/LiveMag\/","article_published_time":"2024-08-28T16:07:33+00:00","article_modified_time":"2024-08-28T16:12:54+00:00","og_image":[{"width":1780,"height":1155,"url":"https:\/\/www.livemag.it\/wp-content\/uploads\/2024\/08\/Mathew-Knowles-alla-Cena-di-Gala-6.jpg","type":"image\/jpeg"}],"author":"Mario Altomura","twitter_card":"summary_large_image","twitter_creator":"@LiveNotizie","twitter_site":"@LiveNotizie","twitter_misc":{"Scritto da":"Mario Altomura","Tempo di lettura stimato":"4 minuti"},"schema":{"@context":"https:\/\/schema.org","@graph":[{"@type":"Article","@id":"https:\/\/www.livemag.it\/index.php\/2024\/08\/28\/evento-esclusivo-al-vesta-mare-con-alessandro-nomellini\/#article","isPartOf":{"@id":"https:\/\/www.livemag.it\/index.php\/2024\/08\/28\/evento-esclusivo-al-vesta-mare-con-alessandro-nomellini\/"},"author":{"name":"Mario Altomura","@id":"https:\/\/www.livemag.it\/#\/schema\/person\/cc097583ef7f4da9e9fe62e8b552ab72"},"headline":"Evento esclusivo al Vesta Mare con Alessandro Nomellini","datePublished":"2024-08-28T16:07:33+00:00","dateModified":"2024-08-28T16:12:54+00:00","mainEntityOfPage":{"@id":"https:\/\/www.livemag.it\/index.php\/2024\/08\/28\/evento-esclusivo-al-vesta-mare-con-alessandro-nomellini\/"},"wordCount":643,"commentCount":0,"publisher":{"@id":"https:\/\/www.livemag.it\/#organization"},"image":{"@id":"https:\/\/www.livemag.it\/index.php\/2024\/08\/28\/evento-esclusivo-al-vesta-mare-con-alessandro-nomellini\/#primaryimage"},"thumbnailUrl":"https:\/\/www.livemag.it\/wp-content\/uploads\/2024\/08\/Mathew-Knowles-alla-Cena-di-Gala-6.jpg","keywords":["after party","alessandro","Alessandro Nomellini","Alta Academy","attrice","Award","beyonce","Bocelli","brand","career school","carriera","carriera di Beyonc\u00e9","cena","cena di gala","cinematografia","cucinotta","Destiny's Child","dietro le quinte","eccellenza","eccellenze","esperienza","evento","film","forte dei marmi","il postino","innovazione","interviste","interviste esclusive","intrattenimenti","intrattenimento","Kelly Rowland","leader","lusso","made in italy","management","management delle arti","maria grazia cucinotta","MARINA DI PIETRASANTA","Mathew Knowles","Michelle Williams","moda","musica","musica dal vivo","opportunit\u00e0","oscar","ospite","ospite d'onore","party","premio oscar","produttore musicale","produttrice cinematografica","pubblico","Red Carpet","riconoscimento","riflessione","ristorante","Serata","sfide","spettacolo","Strategie","successo","The Alessandro Award","Twiga Beach Club","Veronica Berti","Veronica Berti Bocelli","Vesta Mare","video inediti"],"articleSection":["LiveEvent"],"inLanguage":"it-IT","potentialAction":[{"@type":"CommentAction","name":"Comment","target":["https:\/\/www.livemag.it\/index.php\/2024\/08\/28\/evento-esclusivo-al-vesta-mare-con-alessandro-nomellini\/#respond"]}]},{"@type":"WebPage","@id":"https:\/\/www.livemag.it\/index.php\/2024\/08\/28\/evento-esclusivo-al-vesta-mare-con-alessandro-nomellini\/","url":"https:\/\/www.livemag.it\/index.php\/2024\/08\/28\/evento-esclusivo-al-vesta-mare-con-alessandro-nomellini\/","name":"Evento esclusivo al Vesta Mare con Alessandro Nomellini","isPartOf":{"@id":"https:\/\/www.livemag.it\/#website"},"primaryImageOfPage":{"@id":"https:\/\/www.livemag.it\/index.php\/2024\/08\/28\/evento-esclusivo-al-vesta-mare-con-alessandro-nomellini\/#primaryimage"},"image":{"@id":"https:\/\/www.livemag.it\/index.php\/2024\/08\/28\/evento-esclusivo-al-vesta-mare-con-alessandro-nomellini\/#primaryimage"},"thumbnailUrl":"https:\/\/www.livemag.it\/wp-content\/uploads\/2024\/08\/Mathew-Knowles-alla-Cena-di-Gala-6.jpg","datePublished":"2024-08-28T16:07:33+00:00","dateModified":"2024-08-28T16:12:54+00:00","description":"Alessandro Nomellini, noto imprenditore italiano e filantropo, ha creato un evento di grande prestigio presso il rinomato \"Vesta Mare\"","breadcrumb":{"@id":"https:\/\/www.livemag.it\/index.php\/2024\/08\/28\/evento-esclusivo-al-vesta-mare-con-alessandro-nomellini\/#breadcrumb"},"inLanguage":"it-IT","potentialAction":[{"@type":"ReadAction","target":["https:\/\/www.livemag.it\/index.php\/2024\/08\/28\/evento-esclusivo-al-vesta-mare-con-alessandro-nomellini\/"]}]},{"@type":"ImageObject","inLanguage":"it-IT","@id":"https:\/\/www.livemag.it\/index.php\/2024\/08\/28\/evento-esclusivo-al-vesta-mare-con-alessandro-nomellini\/#primaryimage","url":"https:\/\/www.livemag.it\/wp-content\/uploads\/2024\/08\/Mathew-Knowles-alla-Cena-di-Gala-6.jpg","contentUrl":"https:\/\/www.livemag.it\/wp-content\/uploads\/2024\/08\/Mathew-Knowles-alla-Cena-di-Gala-6.jpg","width":1780,"height":1155},{"@type":"BreadcrumbList","@id":"https:\/\/www.livemag.it\/index.php\/2024\/08\/28\/evento-esclusivo-al-vesta-mare-con-alessandro-nomellini\/#breadcrumb","itemListElement":[{"@type":"ListItem","position":1,"name":"Home","item":"https:\/\/www.livemag.it\/"},{"@type":"ListItem","position":2,"name":"Evento esclusivo al Vesta Mare con Alessandro Nomellini"}]},{"@type":"WebSite","@id":"https:\/\/www.livemag.it\/#website","url":"https:\/\/www.livemag.it\/","name":"Live Magazine","description":"Varie ed eventi","publisher":{"@id":"https:\/\/www.livemag.it\/#organization"},"potentialAction":[{"@type":"SearchAction","target":{"@type":"EntryPoint","urlTemplate":"https:\/\/www.livemag.it\/?s={search_term_string}"},"query-input":{"@type":"PropertyValueSpecification","valueRequired":true,"valueName":"search_term_string"}}],"inLanguage":"it-IT"},{"@type":"Organization","@id":"https:\/\/www.livemag.it\/#organization","name":"LiveMag","alternateName":"LiveMag News ed eventi","url":"https:\/\/www.livemag.it\/","logo":{"@type":"ImageObject","inLanguage":"it-IT","@id":"https:\/\/www.livemag.it\/#\/schema\/logo\/image\/","url":"https:\/\/www.livemag.it\/wp-content\/uploads\/2024\/02\/immagine-sito.jpg","contentUrl":"https:\/\/www.livemag.it\/wp-content\/uploads\/2024\/02\/immagine-sito.jpg","width":696,"height":696,"caption":"LiveMag"},"image":{"@id":"https:\/\/www.livemag.it\/#\/schema\/logo\/image\/"},"sameAs":["https:\/\/www.facebook.com\/LiveMag\/","https:\/\/x.com\/LiveNotizie","https:\/\/www.instagram.com\/livemag\/"]},{"@type":"Person","@id":"https:\/\/www.livemag.it\/#\/schema\/person\/cc097583ef7f4da9e9fe62e8b552ab72","name":"Mario Altomura","image":{"@type":"ImageObject","inLanguage":"it-IT","@id":"https:\/\/secure.gravatar.com\/avatar\/3c7d3ce72a2bed6bab5e3681d59712a49247bdd227b4ef67de56814084f945dd?s=96&r=g","url":"https:\/\/secure.gravatar.com\/avatar\/3c7d3ce72a2bed6bab5e3681d59712a49247bdd227b4ef67de56814084f945dd?s=96&r=g","contentUrl":"https:\/\/secure.gravatar.com\/avatar\/3c7d3ce72a2bed6bab5e3681d59712a49247bdd227b4ef67de56814084f945dd?s=96&r=g","caption":"Mario Altomura"},"description":"fotografo celebrity","url":"https:\/\/www.livemag.it\/index.php\/author\/fabio-scarpati\/"}]}},"jetpack_featured_media_url":"https:\/\/www.livemag.it\/wp-content\/uploads\/2024\/08\/Mathew-Knowles-alla-Cena-di-Gala-6.jpg","_links":{"self":[{"href":"https:\/\/www.livemag.it\/index.php\/wp-json\/wp\/v2\/posts\/33593","targetHints":{"allow":["GET"]}}],"collection":[{"href":"https:\/\/www.livemag.it\/index.php\/wp-json\/wp\/v2\/posts"}],"about":[{"href":"https:\/\/www.livemag.it\/index.php\/wp-json\/wp\/v2\/types\/post"}],"author":[{"embeddable":true,"href":"https:\/\/www.livemag.it\/index.php\/wp-json\/wp\/v2\/users\/20"}],"replies":[{"embeddable":true,"href":"https:\/\/www.livemag.it\/index.php\/wp-json\/wp\/v2\/comments?post=33593"}],"version-history":[{"count":2,"href":"https:\/\/www.livemag.it\/index.php\/wp-json\/wp\/v2\/posts\/33593\/revisions"}],"predecessor-version":[{"id":33612,"href":"https:\/\/www.livemag.it\/index.php\/wp-json\/wp\/v2\/posts\/33593\/revisions\/33612"}],"wp:featuredmedia":[{"embeddable":true,"href":"https:\/\/www.livemag.it\/index.php\/wp-json\/wp\/v2\/media\/33611"}],"wp:attachment":[{"href":"https:\/\/www.livemag.it\/index.php\/wp-json\/wp\/v2\/media?parent=33593"}],"wp:term":[{"taxonomy":"category","embeddable":true,"href":"https:\/\/www.livemag.it\/index.php\/wp-json\/wp\/v2\/categories?post=33593"},{"taxonomy":"post_tag","embeddable":true,"href":"https:\/\/www.livemag.it\/index.php\/wp-json\/wp\/v2\/tags?post=33593"}],"curies":[{"name":"wp","href":"https:\/\/api.w.org\/{rel}","templated":true}]}}