{"id":32034,"date":"2024-07-31T15:03:02","date_gmt":"2024-07-31T13:03:02","guid":{"rendered":"https:\/\/www.livemag.it\/index.php\/2024\/07\/31\/arriva-nelle-marche-il-progetto-digital-di-anas\/"},"modified":"2024-07-31T15:03:02","modified_gmt":"2024-07-31T13:03:02","slug":"arriva-nelle-marche-il-progetto-digital-di-anas","status":"publish","type":"post","link":"https:\/\/www.livemag.it\/index.php\/2024\/07\/31\/arriva-nelle-marche-il-progetto-digital-di-anas\/","title":{"rendered":"Arriva nelle Marche il progetto digital di Anas"},"content":{"rendered":"<div>\n<p>ROMA (ITALPRESS) \u2013 Approda nelle Marche il progetto digital di Anas (Gruppo FS Italiane), per approfondire e conoscere da vicino le attivit\u00e0 quotidiane svolte da ingegneri, geometri, operai e cantonieri lungo le strade di competenza.<br \/>Dopo il Lazio, protagonista della prima puntata pubblicata lo scorso 26 giugno e disponibile sulla piattaforma digital e social della societ\u00e0, oggi, mercoled\u00ec 31 luglio, \u00e8 la volta della pubblicazione dei contenuti del progetto \u201cAnas per le Marche\u201d.<br \/>Il progetto digital \u00e8 un viaggio sulla rete stradale e autostradale gestita da Anas, per testimoniare l\u2019impegno che quotidianamente il personale mette nella gestione e nella manutenzione delle strade, ma anche nei progetti di completamento e potenziamento dei grandi itinerari, per un\u2019Italia sempre pi\u00f9 connessa. Un racconto a puntate che nei prossimi mesi toccher\u00e0 tutte le strutture territoriali di Anas, attraverso le interviste a tecnici e responsabili dei cantieri e le immagini suggestive del territorio, delle nuove opere in costruzione e dei lavori di manutenzione in corso.  Da oggi, sulla piattaforma digital e social di Anas, \u00e8 disponibile la seconda puntata girata nelle Marche, dove Anas gestisce oltre 1.500 km di rete stradale. Si parler\u00e0 degli investimenti nella manutenzione e nello sviluppo di nuove opere, ma anche del piano di ripristino della viabilit\u00e0 a seguito del sisma nel Centro Italia. Non solo: saranno presenti anche focus dedicati ai lavori di raddoppio della Statale 16 \u201cAdriatica\u201d ad Ancona, alla realizzazione del nuovo collegamento tra la statale \u201cAdriatica\u201d e il Porto di Ancona, al potenziamento dell\u2019Itinerario E78 e della Statale 4 \u201cSalaria\u201d, e ai lavori di manutenzione della Statale Flaminia, tornata sotto la gestione Anas con il piano di rientro strade.<br \/>Per parlare delle principali opere nella regione, nel corso della seconda puntata interverranno, tra gli altri, gli ingegneri Paolo Testaguzza (Responsabile Struttura Territoriale Marche) e Vincenzo Catone (Responsabile Nuove Opere).<\/p>\n<p>\u2013 foto ufficio stampa Anas \u2013<br \/>(ITALPRESS).<\/p>\n<\/div>\n","protected":false},"excerpt":{"rendered":"<p>ROMA (ITALPRESS) \u2013 Approda nelle Marche il progetto digital di Anas (Gruppo FS Italiane), per approfondire e conoscere da vicino le attivit\u00e0 quotidiane svolte da ingegneri, geometri, operai e cantonieri lungo le strade di competenza.Dopo il Lazio, protagonista della prima puntata pubblicata lo scorso 26 giugno e disponibile sulla piattaforma digital e social della societ\u00e0, [&hellip;]<\/p>\n","protected":false},"author":16,"featured_media":32035,"comment_status":"closed","ping_status":"closed","sticky":false,"template":"","format":"standard","meta":{"jnews-multi-image_gallery":[],"jnews_single_post":[],"jnews_primary_category":[],"jnews_social_meta":[],"jnews_override_counter":[],"jnews_post_split":[],"footnotes":""},"categories":[1129],"tags":[],"class_list":["post-32034","post","type-post","status-publish","format-standard","has-post-thumbnail","hentry","category-mondo"],"yoast_head":"<!-- This site is optimized with the Yoast SEO plugin v27.5 - https:\/\/yoast.com\/product\/yoast-seo-wordpress\/ -->\n<title>Arriva nelle Marche il progetto digital di Anas - Live Magazine<\/title>\n<meta name=\"robots\" content=\"index, follow, max-snippet:-1, max-image-preview:large, max-video-preview:-1\" \/>\n<link rel=\"canonical\" href=\"https:\/\/www.livemag.it\/index.php\/2024\/07\/31\/arriva-nelle-marche-il-progetto-digital-di-anas\/\" \/>\n<meta property=\"og:locale\" content=\"it_IT\" \/>\n<meta property=\"og:type\" content=\"article\" \/>\n<meta property=\"og:title\" content=\"Arriva nelle Marche il progetto digital di Anas - Live Magazine\" \/>\n<meta property=\"og:description\" content=\"ROMA (ITALPRESS) \u2013 Approda nelle Marche il progetto digital di Anas (Gruppo FS Italiane), per approfondire e conoscere da vicino le attivit\u00e0 quotidiane svolte da ingegneri, geometri, operai e cantonieri lungo le strade di competenza.Dopo il Lazio, protagonista della prima puntata pubblicata lo scorso 26 giugno e disponibile sulla piattaforma digital e social della societ\u00e0, [&hellip;]\" \/>\n<meta property=\"og:url\" content=\"https:\/\/www.livemag.it\/index.php\/2024\/07\/31\/arriva-nelle-marche-il-progetto-digital-di-anas\/\" \/>\n<meta property=\"og:site_name\" content=\"Live Magazine\" \/>\n<meta property=\"article:publisher\" content=\"https:\/\/www.facebook.com\/LiveMag\/\" \/>\n<meta property=\"article:published_time\" content=\"2024-07-31T13:03:02+00:00\" \/>\n<meta property=\"og:image\" content=\"https:\/\/www.livemag.it\/wp-content\/uploads\/2024\/02\/ograph.jpg\" \/>\n\t<meta property=\"og:image:width\" content=\"1200\" \/>\n\t<meta property=\"og:image:height\" content=\"675\" \/>\n\t<meta property=\"og:image:type\" content=\"image\/jpeg\" \/>\n<meta name=\"author\" content=\"italpress\" \/>\n<meta name=\"twitter:card\" content=\"summary_large_image\" \/>\n<meta name=\"twitter:creator\" content=\"@LiveNotizie\" \/>\n<meta name=\"twitter:site\" content=\"@LiveNotizie\" \/>\n<meta name=\"twitter:label1\" content=\"Scritto da\" \/>\n\t<meta name=\"twitter:data1\" content=\"italpress\" \/>\n\t<meta name=\"twitter:label2\" content=\"Tempo di lettura stimato\" \/>\n\t<meta name=\"twitter:data2\" content=\"2 minuti\" \/>\n<script type=\"application\/ld+json\" class=\"yoast-schema-graph\">{\"@context\":\"https:\\\/\\\/schema.org\",\"@graph\":[{\"@type\":\"Article\",\"@id\":\"https:\\\/\\\/www.livemag.it\\\/index.php\\\/2024\\\/07\\\/31\\\/arriva-nelle-marche-il-progetto-digital-di-anas\\\/#article\",\"isPartOf\":{\"@id\":\"https:\\\/\\\/www.livemag.it\\\/index.php\\\/2024\\\/07\\\/31\\\/arriva-nelle-marche-il-progetto-digital-di-anas\\\/\"},\"author\":{\"name\":\"italpress\",\"@id\":\"https:\\\/\\\/www.livemag.it\\\/#\\\/schema\\\/person\\\/b62c5f44451fdcdaeb0afe6c2424e73c\"},\"headline\":\"Arriva nelle Marche il progetto digital di Anas\",\"datePublished\":\"2024-07-31T13:03:02+00:00\",\"mainEntityOfPage\":{\"@id\":\"https:\\\/\\\/www.livemag.it\\\/index.php\\\/2024\\\/07\\\/31\\\/arriva-nelle-marche-il-progetto-digital-di-anas\\\/\"},\"wordCount\":309,\"publisher\":{\"@id\":\"https:\\\/\\\/www.livemag.it\\\/#organization\"},\"image\":{\"@id\":\"https:\\\/\\\/www.livemag.it\\\/index.php\\\/2024\\\/07\\\/31\\\/arriva-nelle-marche-il-progetto-digital-di-anas\\\/#primaryimage\"},\"thumbnailUrl\":\"https:\\\/\\\/www.livemag.it\\\/wp-content\\\/uploads\\\/2024\\\/07\\\/20240731_0240.jpg\",\"articleSection\":[\"Mondo\"],\"inLanguage\":\"it-IT\"},{\"@type\":\"WebPage\",\"@id\":\"https:\\\/\\\/www.livemag.it\\\/index.php\\\/2024\\\/07\\\/31\\\/arriva-nelle-marche-il-progetto-digital-di-anas\\\/\",\"url\":\"https:\\\/\\\/www.livemag.it\\\/index.php\\\/2024\\\/07\\\/31\\\/arriva-nelle-marche-il-progetto-digital-di-anas\\\/\",\"name\":\"Arriva nelle Marche il progetto digital di Anas - Live Magazine\",\"isPartOf\":{\"@id\":\"https:\\\/\\\/www.livemag.it\\\/#website\"},\"primaryImageOfPage\":{\"@id\":\"https:\\\/\\\/www.livemag.it\\\/index.php\\\/2024\\\/07\\\/31\\\/arriva-nelle-marche-il-progetto-digital-di-anas\\\/#primaryimage\"},\"image\":{\"@id\":\"https:\\\/\\\/www.livemag.it\\\/index.php\\\/2024\\\/07\\\/31\\\/arriva-nelle-marche-il-progetto-digital-di-anas\\\/#primaryimage\"},\"thumbnailUrl\":\"https:\\\/\\\/www.livemag.it\\\/wp-content\\\/uploads\\\/2024\\\/07\\\/20240731_0240.jpg\",\"datePublished\":\"2024-07-31T13:03:02+00:00\",\"breadcrumb\":{\"@id\":\"https:\\\/\\\/www.livemag.it\\\/index.php\\\/2024\\\/07\\\/31\\\/arriva-nelle-marche-il-progetto-digital-di-anas\\\/#breadcrumb\"},\"inLanguage\":\"it-IT\",\"potentialAction\":[{\"@type\":\"ReadAction\",\"target\":[\"https:\\\/\\\/www.livemag.it\\\/index.php\\\/2024\\\/07\\\/31\\\/arriva-nelle-marche-il-progetto-digital-di-anas\\\/\"]}]},{\"@type\":\"ImageObject\",\"inLanguage\":\"it-IT\",\"@id\":\"https:\\\/\\\/www.livemag.it\\\/index.php\\\/2024\\\/07\\\/31\\\/arriva-nelle-marche-il-progetto-digital-di-anas\\\/#primaryimage\",\"url\":\"https:\\\/\\\/www.livemag.it\\\/wp-content\\\/uploads\\\/2024\\\/07\\\/20240731_0240.jpg\",\"contentUrl\":\"https:\\\/\\\/www.livemag.it\\\/wp-content\\\/uploads\\\/2024\\\/07\\\/20240731_0240.jpg\",\"width\":1024,\"height\":576},{\"@type\":\"BreadcrumbList\",\"@id\":\"https:\\\/\\\/www.livemag.it\\\/index.php\\\/2024\\\/07\\\/31\\\/arriva-nelle-marche-il-progetto-digital-di-anas\\\/#breadcrumb\",\"itemListElement\":[{\"@type\":\"ListItem\",\"position\":1,\"name\":\"Home\",\"item\":\"https:\\\/\\\/www.livemag.it\\\/\"},{\"@type\":\"ListItem\",\"position\":2,\"name\":\"Arriva nelle Marche il progetto digital di Anas\"}]},{\"@type\":\"WebSite\",\"@id\":\"https:\\\/\\\/www.livemag.it\\\/#website\",\"url\":\"https:\\\/\\\/www.livemag.it\\\/\",\"name\":\"Live Magazine\",\"description\":\"Varie ed eventi\",\"publisher\":{\"@id\":\"https:\\\/\\\/www.livemag.it\\\/#organization\"},\"potentialAction\":[{\"@type\":\"SearchAction\",\"target\":{\"@type\":\"EntryPoint\",\"urlTemplate\":\"https:\\\/\\\/www.livemag.it\\\/?s={search_term_string}\"},\"query-input\":{\"@type\":\"PropertyValueSpecification\",\"valueRequired\":true,\"valueName\":\"search_term_string\"}}],\"inLanguage\":\"it-IT\"},{\"@type\":\"Organization\",\"@id\":\"https:\\\/\\\/www.livemag.it\\\/#organization\",\"name\":\"LiveMag\",\"alternateName\":\"LiveMag News ed eventi\",\"url\":\"https:\\\/\\\/www.livemag.it\\\/\",\"logo\":{\"@type\":\"ImageObject\",\"inLanguage\":\"it-IT\",\"@id\":\"https:\\\/\\\/www.livemag.it\\\/#\\\/schema\\\/logo\\\/image\\\/\",\"url\":\"https:\\\/\\\/www.livemag.it\\\/wp-content\\\/uploads\\\/2024\\\/02\\\/immagine-sito.jpg\",\"contentUrl\":\"https:\\\/\\\/www.livemag.it\\\/wp-content\\\/uploads\\\/2024\\\/02\\\/immagine-sito.jpg\",\"width\":696,\"height\":696,\"caption\":\"LiveMag\"},\"image\":{\"@id\":\"https:\\\/\\\/www.livemag.it\\\/#\\\/schema\\\/logo\\\/image\\\/\"},\"sameAs\":[\"https:\\\/\\\/www.facebook.com\\\/LiveMag\\\/\",\"https:\\\/\\\/x.com\\\/LiveNotizie\",\"https:\\\/\\\/www.instagram.com\\\/livemag\\\/\"]},{\"@type\":\"Person\",\"@id\":\"https:\\\/\\\/www.livemag.it\\\/#\\\/schema\\\/person\\\/b62c5f44451fdcdaeb0afe6c2424e73c\",\"name\":\"italpress\",\"image\":{\"@type\":\"ImageObject\",\"inLanguage\":\"it-IT\",\"@id\":\"https:\\\/\\\/secure.gravatar.com\\\/avatar\\\/b6a21695fc713ce7ee312cf57c97e2e641feb365be72d8745574d3c3e2b59066?s=96&r=g\",\"url\":\"https:\\\/\\\/secure.gravatar.com\\\/avatar\\\/b6a21695fc713ce7ee312cf57c97e2e641feb365be72d8745574d3c3e2b59066?s=96&r=g\",\"contentUrl\":\"https:\\\/\\\/secure.gravatar.com\\\/avatar\\\/b6a21695fc713ce7ee312cf57c97e2e641feb365be72d8745574d3c3e2b59066?s=96&r=g\",\"caption\":\"italpress\"},\"description\":\"Italpress \u00e8 un'agenzia di stampa italiana a carattere nazionale.\",\"url\":\"https:\\\/\\\/www.livemag.it\\\/index.php\\\/author\\\/italpress\\\/\"}]}<\/script>\n<!-- \/ Yoast SEO plugin. -->","yoast_head_json":{"title":"Arriva nelle Marche il progetto digital di Anas - Live Magazine","robots":{"index":"index","follow":"follow","max-snippet":"max-snippet:-1","max-image-preview":"max-image-preview:large","max-video-preview":"max-video-preview:-1"},"canonical":"https:\/\/www.livemag.it\/index.php\/2024\/07\/31\/arriva-nelle-marche-il-progetto-digital-di-anas\/","og_locale":"it_IT","og_type":"article","og_title":"Arriva nelle Marche il progetto digital di Anas - Live Magazine","og_description":"ROMA (ITALPRESS) \u2013 Approda nelle Marche il progetto digital di Anas (Gruppo FS Italiane), per approfondire e conoscere da vicino le attivit\u00e0 quotidiane svolte da ingegneri, geometri, operai e cantonieri lungo le strade di competenza.Dopo il Lazio, protagonista della prima puntata pubblicata lo scorso 26 giugno e disponibile sulla piattaforma digital e social della societ\u00e0, [&hellip;]","og_url":"https:\/\/www.livemag.it\/index.php\/2024\/07\/31\/arriva-nelle-marche-il-progetto-digital-di-anas\/","og_site_name":"Live Magazine","article_publisher":"https:\/\/www.facebook.com\/LiveMag\/","article_published_time":"2024-07-31T13:03:02+00:00","og_image":[{"width":1200,"height":675,"url":"https:\/\/www.livemag.it\/wp-content\/uploads\/2024\/02\/ograph.jpg","type":"image\/jpeg"}],"author":"italpress","twitter_card":"summary_large_image","twitter_creator":"@LiveNotizie","twitter_site":"@LiveNotizie","twitter_misc":{"Scritto da":"italpress","Tempo di lettura stimato":"2 minuti"},"schema":{"@context":"https:\/\/schema.org","@graph":[{"@type":"Article","@id":"https:\/\/www.livemag.it\/index.php\/2024\/07\/31\/arriva-nelle-marche-il-progetto-digital-di-anas\/#article","isPartOf":{"@id":"https:\/\/www.livemag.it\/index.php\/2024\/07\/31\/arriva-nelle-marche-il-progetto-digital-di-anas\/"},"author":{"name":"italpress","@id":"https:\/\/www.livemag.it\/#\/schema\/person\/b62c5f44451fdcdaeb0afe6c2424e73c"},"headline":"Arriva nelle Marche il progetto digital di Anas","datePublished":"2024-07-31T13:03:02+00:00","mainEntityOfPage":{"@id":"https:\/\/www.livemag.it\/index.php\/2024\/07\/31\/arriva-nelle-marche-il-progetto-digital-di-anas\/"},"wordCount":309,"publisher":{"@id":"https:\/\/www.livemag.it\/#organization"},"image":{"@id":"https:\/\/www.livemag.it\/index.php\/2024\/07\/31\/arriva-nelle-marche-il-progetto-digital-di-anas\/#primaryimage"},"thumbnailUrl":"https:\/\/www.livemag.it\/wp-content\/uploads\/2024\/07\/20240731_0240.jpg","articleSection":["Mondo"],"inLanguage":"it-IT"},{"@type":"WebPage","@id":"https:\/\/www.livemag.it\/index.php\/2024\/07\/31\/arriva-nelle-marche-il-progetto-digital-di-anas\/","url":"https:\/\/www.livemag.it\/index.php\/2024\/07\/31\/arriva-nelle-marche-il-progetto-digital-di-anas\/","name":"Arriva nelle Marche il progetto digital di Anas - Live Magazine","isPartOf":{"@id":"https:\/\/www.livemag.it\/#website"},"primaryImageOfPage":{"@id":"https:\/\/www.livemag.it\/index.php\/2024\/07\/31\/arriva-nelle-marche-il-progetto-digital-di-anas\/#primaryimage"},"image":{"@id":"https:\/\/www.livemag.it\/index.php\/2024\/07\/31\/arriva-nelle-marche-il-progetto-digital-di-anas\/#primaryimage"},"thumbnailUrl":"https:\/\/www.livemag.it\/wp-content\/uploads\/2024\/07\/20240731_0240.jpg","datePublished":"2024-07-31T13:03:02+00:00","breadcrumb":{"@id":"https:\/\/www.livemag.it\/index.php\/2024\/07\/31\/arriva-nelle-marche-il-progetto-digital-di-anas\/#breadcrumb"},"inLanguage":"it-IT","potentialAction":[{"@type":"ReadAction","target":["https:\/\/www.livemag.it\/index.php\/2024\/07\/31\/arriva-nelle-marche-il-progetto-digital-di-anas\/"]}]},{"@type":"ImageObject","inLanguage":"it-IT","@id":"https:\/\/www.livemag.it\/index.php\/2024\/07\/31\/arriva-nelle-marche-il-progetto-digital-di-anas\/#primaryimage","url":"https:\/\/www.livemag.it\/wp-content\/uploads\/2024\/07\/20240731_0240.jpg","contentUrl":"https:\/\/www.livemag.it\/wp-content\/uploads\/2024\/07\/20240731_0240.jpg","width":1024,"height":576},{"@type":"BreadcrumbList","@id":"https:\/\/www.livemag.it\/index.php\/2024\/07\/31\/arriva-nelle-marche-il-progetto-digital-di-anas\/#breadcrumb","itemListElement":[{"@type":"ListItem","position":1,"name":"Home","item":"https:\/\/www.livemag.it\/"},{"@type":"ListItem","position":2,"name":"Arriva nelle Marche il progetto digital di Anas"}]},{"@type":"WebSite","@id":"https:\/\/www.livemag.it\/#website","url":"https:\/\/www.livemag.it\/","name":"Live Magazine","description":"Varie ed eventi","publisher":{"@id":"https:\/\/www.livemag.it\/#organization"},"potentialAction":[{"@type":"SearchAction","target":{"@type":"EntryPoint","urlTemplate":"https:\/\/www.livemag.it\/?s={search_term_string}"},"query-input":{"@type":"PropertyValueSpecification","valueRequired":true,"valueName":"search_term_string"}}],"inLanguage":"it-IT"},{"@type":"Organization","@id":"https:\/\/www.livemag.it\/#organization","name":"LiveMag","alternateName":"LiveMag News ed eventi","url":"https:\/\/www.livemag.it\/","logo":{"@type":"ImageObject","inLanguage":"it-IT","@id":"https:\/\/www.livemag.it\/#\/schema\/logo\/image\/","url":"https:\/\/www.livemag.it\/wp-content\/uploads\/2024\/02\/immagine-sito.jpg","contentUrl":"https:\/\/www.livemag.it\/wp-content\/uploads\/2024\/02\/immagine-sito.jpg","width":696,"height":696,"caption":"LiveMag"},"image":{"@id":"https:\/\/www.livemag.it\/#\/schema\/logo\/image\/"},"sameAs":["https:\/\/www.facebook.com\/LiveMag\/","https:\/\/x.com\/LiveNotizie","https:\/\/www.instagram.com\/livemag\/"]},{"@type":"Person","@id":"https:\/\/www.livemag.it\/#\/schema\/person\/b62c5f44451fdcdaeb0afe6c2424e73c","name":"italpress","image":{"@type":"ImageObject","inLanguage":"it-IT","@id":"https:\/\/secure.gravatar.com\/avatar\/b6a21695fc713ce7ee312cf57c97e2e641feb365be72d8745574d3c3e2b59066?s=96&r=g","url":"https:\/\/secure.gravatar.com\/avatar\/b6a21695fc713ce7ee312cf57c97e2e641feb365be72d8745574d3c3e2b59066?s=96&r=g","contentUrl":"https:\/\/secure.gravatar.com\/avatar\/b6a21695fc713ce7ee312cf57c97e2e641feb365be72d8745574d3c3e2b59066?s=96&r=g","caption":"italpress"},"description":"Italpress \u00e8 un'agenzia di stampa italiana a carattere nazionale.","url":"https:\/\/www.livemag.it\/index.php\/author\/italpress\/"}]}},"jetpack_featured_media_url":"https:\/\/www.livemag.it\/wp-content\/uploads\/2024\/07\/20240731_0240.jpg","_links":{"self":[{"href":"https:\/\/www.livemag.it\/index.php\/wp-json\/wp\/v2\/posts\/32034","targetHints":{"allow":["GET"]}}],"collection":[{"href":"https:\/\/www.livemag.it\/index.php\/wp-json\/wp\/v2\/posts"}],"about":[{"href":"https:\/\/www.livemag.it\/index.php\/wp-json\/wp\/v2\/types\/post"}],"author":[{"embeddable":true,"href":"https:\/\/www.livemag.it\/index.php\/wp-json\/wp\/v2\/users\/16"}],"replies":[{"embeddable":true,"href":"https:\/\/www.livemag.it\/index.php\/wp-json\/wp\/v2\/comments?post=32034"}],"version-history":[{"count":0,"href":"https:\/\/www.livemag.it\/index.php\/wp-json\/wp\/v2\/posts\/32034\/revisions"}],"wp:featuredmedia":[{"embeddable":true,"href":"https:\/\/www.livemag.it\/index.php\/wp-json\/wp\/v2\/media\/32035"}],"wp:attachment":[{"href":"https:\/\/www.livemag.it\/index.php\/wp-json\/wp\/v2\/media?parent=32034"}],"wp:term":[{"taxonomy":"category","embeddable":true,"href":"https:\/\/www.livemag.it\/index.php\/wp-json\/wp\/v2\/categories?post=32034"},{"taxonomy":"post_tag","embeddable":true,"href":"https:\/\/www.livemag.it\/index.php\/wp-json\/wp\/v2\/tags?post=32034"}],"curies":[{"name":"wp","href":"https:\/\/api.w.org\/{rel}","templated":true}]}}