{"id":30979,"date":"2024-07-17T11:48:46","date_gmt":"2024-07-17T09:48:46","guid":{"rendered":"https:\/\/www.livemag.it\/?p=30979"},"modified":"2024-07-17T11:50:16","modified_gmt":"2024-07-17T09:50:16","slug":"apre-la-rosa-dei-venti-a-buggerru-su","status":"publish","type":"post","link":"https:\/\/www.livemag.it\/index.php\/2024\/07\/17\/apre-la-rosa-dei-venti-a-buggerru-su\/","title":{"rendered":"Apre La Rosa dei Venti a Buggerru (SU)"},"content":{"rendered":"\n<h2 class=\"wp-block-heading\"><strong>Grande partecipazione ed entusiasmo per l&#8217;inaugurazione dell&#8217;Hotel La Rosa dei Venti targato LVG Hotel Collection<\/strong><\/h2>\n\n\n\n<p><strong>Domenica 7 luglio<\/strong>\u00a0si \u00e8 tenuto il gal\u00e0 di\u00a0<strong>inaugurazione<\/strong>\u00a0della riapertura dell\u2019<strong>Hotel La Rosa dei Venti<\/strong>\u00a0a Buggerru.\u00a0<strong>LVG Hotel Connection<\/strong>\u00a0ha voluto aprire le porte della struttura omaggiando la comunit\u00e0 e i clienti con una serata di\u00a0<strong>musica dal vivo\u00a0<\/strong>ed una degustazione di\u00a0<strong>prodotti locali,\u00a0<\/strong>coinvolgendo istituzioni, rappresentanti del volontariato, operatori del settore economico e appassionati in una\u00a0<strong>giornata di festa e scoperta\u00a0<\/strong>del Sud Sardegna.<\/p>\n\n\n\n<figure class=\"wp-block-table aligncenter\"><table><tbody><tr><td class=\"has-text-align-center\" data-align=\"center\"><img decoding=\"async\" src=\"https:\/\/img.mailinblue.com\/6541825\/images\/content_library\/original\/66976b75b134883452829fa2.jpeg\" width=\"169\"><img decoding=\"async\" src=\"https:\/\/img.mailinblue.com\/6541825\/images\/content_library\/original\/663b7b9b84e6f0151e76f2dc.png\" width=\"169\"><img decoding=\"async\" src=\"https:\/\/img.mailinblue.com\/6541825\/images\/content_library\/original\/66976a42e029dcaf3b7ad7ab.jpg\" width=\"169\"><\/td><\/tr><\/tbody><\/table><\/figure>\n\n\n\n<p>\u00a0\u201cLa serata per la riapertura dell\u2019Hotel La Rosa dei Venti \u00e8 stato un\u00a0<strong>momento d\u2019incontro importante\u00a0<\/strong>con i cittadini di\u00a0<strong>Buggerru\u00a0<\/strong>e tutti gli stakeholder del territorio e dell\u2019iglesiente \u2013 commenta\u00a0<strong>Ambra Soattini, direttrice\u00a0<\/strong>\u2013 Sono molto contenta che siano venuti numerosi a quella bella festa godendo a pieno della\u00a0<strong>meravigliosa vista sul porto di Buggerru al tramonto<\/strong>, deliziati dai prodotti gastronomici, dell\u2019isola e bella musica dal vivo. Un ringraziamento speciale al nostro amministratore delegato\u00a0<strong>Claudio Lavagna<\/strong>, per aver presenziato e reso possibile questo appuntamento\u201d<\/p>\n\n\n\n<p>La Sardegna &#8211; conclude Lavagna &#8211; \u00e8 una\u00a0<strong>destinazione straordinaria e siamo<\/strong> <strong>entusiasti di contribuire alla sua crescita turistica<\/strong>\u00a0offrendo un\u2019ospitalit\u00e0 di alta qualit\u00e0 che si distingue per la sua autenticit\u00e0 e originalit\u00e0\u201d.\u00a0<\/p>\n\n\n\n<p>Con l\u2019apertura di questa nuova struttura,\u00a0<strong>LVG Group continua a consolidare la sua posizione di leader nel settore alberghiero<\/strong>, anticipando le tendenze e creando esperienze memorabili che ridefiniscono il concetto di ospitalit\u00e0.<\/p>\n\n\n\n<figure class=\"wp-block-table aligncenter\"><table><tbody><tr><td><img decoding=\"async\" src=\"https:\/\/img.mailinblue.com\/6541825\/images\/content_library\/original\/663b7c2099404db3ca69a5ef.jpg\" width=\"570\"><\/td><\/tr><\/tbody><\/table><\/figure>\n\n\n\n<p>Per ulteriori informazioni\u00a0<br>info@larosadeiventibuggerru.com<br>Via Roma, 11, 09010 Buggerru (SU)<\/p>\n","protected":false},"excerpt":{"rendered":"<p>Grande partecipazione ed entusiasmo per l&#8217;inaugurazione dell&#8217;Hotel La Rosa dei Venti targato LVG Hotel Collection Domenica 7 luglio\u00a0si \u00e8 tenuto il gal\u00e0 di\u00a0inaugurazione\u00a0della riapertura dell\u2019Hotel La Rosa dei Venti\u00a0a Buggerru.\u00a0LVG Hotel Connection\u00a0ha voluto aprire le porte della struttura omaggiando la comunit\u00e0 e i clienti con una serata di\u00a0musica dal vivo\u00a0ed una degustazione di\u00a0prodotti locali,\u00a0coinvolgendo istituzioni, [&hellip;]<\/p>\n","protected":false},"author":18,"featured_media":30981,"comment_status":"open","ping_status":"open","sticky":false,"template":"","format":"standard","meta":{"jnews-multi-image_gallery":[],"jnews_single_post":{"subtitle":"","format":"standard","video":"","gallery":"","source_name":"","source_url":"","via_name":"","via_url":"","override_template":"0","override":[{"template":"1","single_blog_custom":"","parallax":"1","fullscreen":"1","layout":"right-sidebar","sidebar":"default-sidebar","second_sidebar":"default-sidebar","sticky_sidebar":"1","share_position":"top","share_float_style":"share-monocrhome","show_share_counter":"0","show_view_counter":"0","show_featured":"1","show_post_meta":"1","show_post_author":"1","show_post_author_image":"1","show_post_date":"1","post_date_format":"default","post_date_format_custom":"Y\/m\/d","show_post_category":"1","show_post_reading_time":"0","post_reading_time_wpm":"300","post_calculate_word_method":"str_word_count","show_zoom_button":"0","zoom_button_out_step":"2","zoom_button_in_step":"3","show_post_tag":"1","show_prev_next_post":"1","show_popup_post":"1","number_popup_post":"1","show_author_box":"1","show_post_related":"0","show_inline_post_related":"0"}],"override_image_size":"0","image_override":[{"single_post_thumbnail_size":"crop-500","single_post_gallery_size":"crop-500"}],"trending_post":"0","trending_post_position":"meta","trending_post_label":"Trending","sponsored_post":"0","sponsored_post_label":"Sponsored by","sponsored_post_name":"","sponsored_post_url":"","sponsored_post_logo_enable":"0","sponsored_post_logo":"","sponsored_post_desc":"","disable_ad":"0"},"jnews_primary_category":{"id":"","hide":""},"jnews_social_meta":{"fb_title":"","fb_description":"","fb_image":"","twitter_title":"","twitter_description":"","twitter_image":""},"jnews_override_counter":{"override_view_counter":"0","view_counter_number":"0","override_share_counter":"0","share_counter_number":"0","override_like_counter":"0","like_counter_number":"0","override_dislike_counter":"0","dislike_counter_number":"0"},"jnews_post_split":{"enable_post_split":"0","post_split":[{"template":"1","tag":"h2","numbering":"asc","mode":"normal","first":"0","enable_toc":"0","toc_type":"normal"}]},"footnotes":""},"categories":[1130,113],"tags":[3544],"class_list":["post-30979","post","type-post","status-publish","format-standard","has-post-thumbnail","hentry","category-nord-ovest","category-novaralive","tag-hotel-lvghotel-sardegna"],"yoast_head":"<!-- This site is optimized with the Yoast SEO plugin v27.5 - https:\/\/yoast.com\/product\/yoast-seo-wordpress\/ -->\n<title>Apre La Rosa dei Venti a Buggerru (SU) - Live Magazine<\/title>\n<meta name=\"robots\" content=\"index, follow, max-snippet:-1, max-image-preview:large, max-video-preview:-1\" \/>\n<link rel=\"canonical\" href=\"https:\/\/www.livemag.it\/index.php\/2024\/07\/17\/apre-la-rosa-dei-venti-a-buggerru-su\/\" \/>\n<meta property=\"og:locale\" content=\"it_IT\" \/>\n<meta property=\"og:type\" content=\"article\" \/>\n<meta property=\"og:title\" content=\"Apre La Rosa dei Venti a Buggerru (SU) - Live Magazine\" \/>\n<meta property=\"og:description\" content=\"Grande partecipazione ed entusiasmo per l&#8217;inaugurazione dell&#8217;Hotel La Rosa dei Venti targato LVG Hotel Collection Domenica 7 luglio\u00a0si \u00e8 tenuto il gal\u00e0 di\u00a0inaugurazione\u00a0della riapertura dell\u2019Hotel La Rosa dei Venti\u00a0a Buggerru.\u00a0LVG Hotel Connection\u00a0ha voluto aprire le porte della struttura omaggiando la comunit\u00e0 e i clienti con una serata di\u00a0musica dal vivo\u00a0ed una degustazione di\u00a0prodotti locali,\u00a0coinvolgendo istituzioni, [&hellip;]\" \/>\n<meta property=\"og:url\" content=\"https:\/\/www.livemag.it\/index.php\/2024\/07\/17\/apre-la-rosa-dei-venti-a-buggerru-su\/\" \/>\n<meta property=\"og:site_name\" content=\"Live Magazine\" \/>\n<meta property=\"article:publisher\" content=\"https:\/\/www.facebook.com\/LiveMag\/\" \/>\n<meta property=\"article:published_time\" content=\"2024-07-17T09:48:46+00:00\" \/>\n<meta property=\"article:modified_time\" content=\"2024-07-17T09:50:16+00:00\" \/>\n<meta property=\"og:image\" content=\"https:\/\/www.livemag.it\/wp-content\/uploads\/2024\/07\/DSC03668-scaled.jpg\" \/>\n\t<meta property=\"og:image:width\" content=\"2560\" \/>\n\t<meta property=\"og:image:height\" content=\"1707\" \/>\n\t<meta property=\"og:image:type\" content=\"image\/jpeg\" \/>\n<meta name=\"author\" content=\"Giusy Trimboli\" \/>\n<meta name=\"twitter:card\" content=\"summary_large_image\" \/>\n<meta name=\"twitter:creator\" content=\"@LiveNotizie\" \/>\n<meta name=\"twitter:site\" content=\"@LiveNotizie\" \/>\n<meta name=\"twitter:label1\" content=\"Scritto da\" \/>\n\t<meta name=\"twitter:data1\" content=\"Giusy Trimboli\" \/>\n\t<meta name=\"twitter:label2\" content=\"Tempo di lettura stimato\" \/>\n\t<meta name=\"twitter:data2\" content=\"3 minuti\" \/>\n<script type=\"application\/ld+json\" class=\"yoast-schema-graph\">{\"@context\":\"https:\\\/\\\/schema.org\",\"@graph\":[{\"@type\":\"Article\",\"@id\":\"https:\\\/\\\/www.livemag.it\\\/index.php\\\/2024\\\/07\\\/17\\\/apre-la-rosa-dei-venti-a-buggerru-su\\\/#article\",\"isPartOf\":{\"@id\":\"https:\\\/\\\/www.livemag.it\\\/index.php\\\/2024\\\/07\\\/17\\\/apre-la-rosa-dei-venti-a-buggerru-su\\\/\"},\"author\":{\"name\":\"Giusy Trimboli\",\"@id\":\"https:\\\/\\\/www.livemag.it\\\/#\\\/schema\\\/person\\\/8c801cbd98a67d26f9e8035c50921cae\"},\"headline\":\"Apre La Rosa dei Venti a Buggerru (SU)\",\"datePublished\":\"2024-07-17T09:48:46+00:00\",\"dateModified\":\"2024-07-17T09:50:16+00:00\",\"mainEntityOfPage\":{\"@id\":\"https:\\\/\\\/www.livemag.it\\\/index.php\\\/2024\\\/07\\\/17\\\/apre-la-rosa-dei-venti-a-buggerru-su\\\/\"},\"wordCount\":254,\"commentCount\":0,\"publisher\":{\"@id\":\"https:\\\/\\\/www.livemag.it\\\/#organization\"},\"image\":{\"@id\":\"https:\\\/\\\/www.livemag.it\\\/index.php\\\/2024\\\/07\\\/17\\\/apre-la-rosa-dei-venti-a-buggerru-su\\\/#primaryimage\"},\"thumbnailUrl\":\"https:\\\/\\\/www.livemag.it\\\/wp-content\\\/uploads\\\/2024\\\/07\\\/DSC03668-scaled.jpg\",\"keywords\":[\"hotel lvghotel sardegna\"],\"articleSection\":[\"Nord Ovest\",\"NovaraLive\"],\"inLanguage\":\"it-IT\",\"potentialAction\":[{\"@type\":\"CommentAction\",\"name\":\"Comment\",\"target\":[\"https:\\\/\\\/www.livemag.it\\\/index.php\\\/2024\\\/07\\\/17\\\/apre-la-rosa-dei-venti-a-buggerru-su\\\/#respond\"]}]},{\"@type\":\"WebPage\",\"@id\":\"https:\\\/\\\/www.livemag.it\\\/index.php\\\/2024\\\/07\\\/17\\\/apre-la-rosa-dei-venti-a-buggerru-su\\\/\",\"url\":\"https:\\\/\\\/www.livemag.it\\\/index.php\\\/2024\\\/07\\\/17\\\/apre-la-rosa-dei-venti-a-buggerru-su\\\/\",\"name\":\"Apre La Rosa dei Venti a Buggerru (SU) - Live Magazine\",\"isPartOf\":{\"@id\":\"https:\\\/\\\/www.livemag.it\\\/#website\"},\"primaryImageOfPage\":{\"@id\":\"https:\\\/\\\/www.livemag.it\\\/index.php\\\/2024\\\/07\\\/17\\\/apre-la-rosa-dei-venti-a-buggerru-su\\\/#primaryimage\"},\"image\":{\"@id\":\"https:\\\/\\\/www.livemag.it\\\/index.php\\\/2024\\\/07\\\/17\\\/apre-la-rosa-dei-venti-a-buggerru-su\\\/#primaryimage\"},\"thumbnailUrl\":\"https:\\\/\\\/www.livemag.it\\\/wp-content\\\/uploads\\\/2024\\\/07\\\/DSC03668-scaled.jpg\",\"datePublished\":\"2024-07-17T09:48:46+00:00\",\"dateModified\":\"2024-07-17T09:50:16+00:00\",\"breadcrumb\":{\"@id\":\"https:\\\/\\\/www.livemag.it\\\/index.php\\\/2024\\\/07\\\/17\\\/apre-la-rosa-dei-venti-a-buggerru-su\\\/#breadcrumb\"},\"inLanguage\":\"it-IT\",\"potentialAction\":[{\"@type\":\"ReadAction\",\"target\":[\"https:\\\/\\\/www.livemag.it\\\/index.php\\\/2024\\\/07\\\/17\\\/apre-la-rosa-dei-venti-a-buggerru-su\\\/\"]}]},{\"@type\":\"ImageObject\",\"inLanguage\":\"it-IT\",\"@id\":\"https:\\\/\\\/www.livemag.it\\\/index.php\\\/2024\\\/07\\\/17\\\/apre-la-rosa-dei-venti-a-buggerru-su\\\/#primaryimage\",\"url\":\"https:\\\/\\\/www.livemag.it\\\/wp-content\\\/uploads\\\/2024\\\/07\\\/DSC03668-scaled.jpg\",\"contentUrl\":\"https:\\\/\\\/www.livemag.it\\\/wp-content\\\/uploads\\\/2024\\\/07\\\/DSC03668-scaled.jpg\",\"width\":2560,\"height\":1707},{\"@type\":\"BreadcrumbList\",\"@id\":\"https:\\\/\\\/www.livemag.it\\\/index.php\\\/2024\\\/07\\\/17\\\/apre-la-rosa-dei-venti-a-buggerru-su\\\/#breadcrumb\",\"itemListElement\":[{\"@type\":\"ListItem\",\"position\":1,\"name\":\"Home\",\"item\":\"https:\\\/\\\/www.livemag.it\\\/\"},{\"@type\":\"ListItem\",\"position\":2,\"name\":\"Apre La Rosa dei Venti a Buggerru (SU)\"}]},{\"@type\":\"WebSite\",\"@id\":\"https:\\\/\\\/www.livemag.it\\\/#website\",\"url\":\"https:\\\/\\\/www.livemag.it\\\/\",\"name\":\"Live Magazine\",\"description\":\"Varie ed eventi\",\"publisher\":{\"@id\":\"https:\\\/\\\/www.livemag.it\\\/#organization\"},\"potentialAction\":[{\"@type\":\"SearchAction\",\"target\":{\"@type\":\"EntryPoint\",\"urlTemplate\":\"https:\\\/\\\/www.livemag.it\\\/?s={search_term_string}\"},\"query-input\":{\"@type\":\"PropertyValueSpecification\",\"valueRequired\":true,\"valueName\":\"search_term_string\"}}],\"inLanguage\":\"it-IT\"},{\"@type\":\"Organization\",\"@id\":\"https:\\\/\\\/www.livemag.it\\\/#organization\",\"name\":\"LiveMag\",\"alternateName\":\"LiveMag News ed eventi\",\"url\":\"https:\\\/\\\/www.livemag.it\\\/\",\"logo\":{\"@type\":\"ImageObject\",\"inLanguage\":\"it-IT\",\"@id\":\"https:\\\/\\\/www.livemag.it\\\/#\\\/schema\\\/logo\\\/image\\\/\",\"url\":\"https:\\\/\\\/www.livemag.it\\\/wp-content\\\/uploads\\\/2024\\\/02\\\/immagine-sito.jpg\",\"contentUrl\":\"https:\\\/\\\/www.livemag.it\\\/wp-content\\\/uploads\\\/2024\\\/02\\\/immagine-sito.jpg\",\"width\":696,\"height\":696,\"caption\":\"LiveMag\"},\"image\":{\"@id\":\"https:\\\/\\\/www.livemag.it\\\/#\\\/schema\\\/logo\\\/image\\\/\"},\"sameAs\":[\"https:\\\/\\\/www.facebook.com\\\/LiveMag\\\/\",\"https:\\\/\\\/x.com\\\/LiveNotizie\",\"https:\\\/\\\/www.instagram.com\\\/livemag\\\/\"]},{\"@type\":\"Person\",\"@id\":\"https:\\\/\\\/www.livemag.it\\\/#\\\/schema\\\/person\\\/8c801cbd98a67d26f9e8035c50921cae\",\"name\":\"Giusy Trimboli\",\"image\":{\"@type\":\"ImageObject\",\"inLanguage\":\"it-IT\",\"@id\":\"https:\\\/\\\/secure.gravatar.com\\\/avatar\\\/f886ae735bbebcdd8da6be14cf45411d01debc46dd39341bb12673635db6ed2f?s=96&r=g\",\"url\":\"https:\\\/\\\/secure.gravatar.com\\\/avatar\\\/f886ae735bbebcdd8da6be14cf45411d01debc46dd39341bb12673635db6ed2f?s=96&r=g\",\"contentUrl\":\"https:\\\/\\\/secure.gravatar.com\\\/avatar\\\/f886ae735bbebcdd8da6be14cf45411d01debc46dd39341bb12673635db6ed2f?s=96&r=g\",\"caption\":\"Giusy Trimboli\"},\"description\":\"giornalista - content creator\",\"url\":\"https:\\\/\\\/www.livemag.it\\\/index.php\\\/author\\\/giusytrimboli\\\/\"}]}<\/script>\n<!-- \/ Yoast SEO plugin. -->","yoast_head_json":{"title":"Apre La Rosa dei Venti a Buggerru (SU) - Live Magazine","robots":{"index":"index","follow":"follow","max-snippet":"max-snippet:-1","max-image-preview":"max-image-preview:large","max-video-preview":"max-video-preview:-1"},"canonical":"https:\/\/www.livemag.it\/index.php\/2024\/07\/17\/apre-la-rosa-dei-venti-a-buggerru-su\/","og_locale":"it_IT","og_type":"article","og_title":"Apre La Rosa dei Venti a Buggerru (SU) - Live Magazine","og_description":"Grande partecipazione ed entusiasmo per l&#8217;inaugurazione dell&#8217;Hotel La Rosa dei Venti targato LVG Hotel Collection Domenica 7 luglio\u00a0si \u00e8 tenuto il gal\u00e0 di\u00a0inaugurazione\u00a0della riapertura dell\u2019Hotel La Rosa dei Venti\u00a0a Buggerru.\u00a0LVG Hotel Connection\u00a0ha voluto aprire le porte della struttura omaggiando la comunit\u00e0 e i clienti con una serata di\u00a0musica dal vivo\u00a0ed una degustazione di\u00a0prodotti locali,\u00a0coinvolgendo istituzioni, [&hellip;]","og_url":"https:\/\/www.livemag.it\/index.php\/2024\/07\/17\/apre-la-rosa-dei-venti-a-buggerru-su\/","og_site_name":"Live Magazine","article_publisher":"https:\/\/www.facebook.com\/LiveMag\/","article_published_time":"2024-07-17T09:48:46+00:00","article_modified_time":"2024-07-17T09:50:16+00:00","og_image":[{"width":2560,"height":1707,"url":"https:\/\/www.livemag.it\/wp-content\/uploads\/2024\/07\/DSC03668-scaled.jpg","type":"image\/jpeg"}],"author":"Giusy Trimboli","twitter_card":"summary_large_image","twitter_creator":"@LiveNotizie","twitter_site":"@LiveNotizie","twitter_misc":{"Scritto da":"Giusy Trimboli","Tempo di lettura stimato":"3 minuti"},"schema":{"@context":"https:\/\/schema.org","@graph":[{"@type":"Article","@id":"https:\/\/www.livemag.it\/index.php\/2024\/07\/17\/apre-la-rosa-dei-venti-a-buggerru-su\/#article","isPartOf":{"@id":"https:\/\/www.livemag.it\/index.php\/2024\/07\/17\/apre-la-rosa-dei-venti-a-buggerru-su\/"},"author":{"name":"Giusy Trimboli","@id":"https:\/\/www.livemag.it\/#\/schema\/person\/8c801cbd98a67d26f9e8035c50921cae"},"headline":"Apre La Rosa dei Venti a Buggerru (SU)","datePublished":"2024-07-17T09:48:46+00:00","dateModified":"2024-07-17T09:50:16+00:00","mainEntityOfPage":{"@id":"https:\/\/www.livemag.it\/index.php\/2024\/07\/17\/apre-la-rosa-dei-venti-a-buggerru-su\/"},"wordCount":254,"commentCount":0,"publisher":{"@id":"https:\/\/www.livemag.it\/#organization"},"image":{"@id":"https:\/\/www.livemag.it\/index.php\/2024\/07\/17\/apre-la-rosa-dei-venti-a-buggerru-su\/#primaryimage"},"thumbnailUrl":"https:\/\/www.livemag.it\/wp-content\/uploads\/2024\/07\/DSC03668-scaled.jpg","keywords":["hotel lvghotel sardegna"],"articleSection":["Nord Ovest","NovaraLive"],"inLanguage":"it-IT","potentialAction":[{"@type":"CommentAction","name":"Comment","target":["https:\/\/www.livemag.it\/index.php\/2024\/07\/17\/apre-la-rosa-dei-venti-a-buggerru-su\/#respond"]}]},{"@type":"WebPage","@id":"https:\/\/www.livemag.it\/index.php\/2024\/07\/17\/apre-la-rosa-dei-venti-a-buggerru-su\/","url":"https:\/\/www.livemag.it\/index.php\/2024\/07\/17\/apre-la-rosa-dei-venti-a-buggerru-su\/","name":"Apre La Rosa dei Venti a Buggerru (SU) - Live Magazine","isPartOf":{"@id":"https:\/\/www.livemag.it\/#website"},"primaryImageOfPage":{"@id":"https:\/\/www.livemag.it\/index.php\/2024\/07\/17\/apre-la-rosa-dei-venti-a-buggerru-su\/#primaryimage"},"image":{"@id":"https:\/\/www.livemag.it\/index.php\/2024\/07\/17\/apre-la-rosa-dei-venti-a-buggerru-su\/#primaryimage"},"thumbnailUrl":"https:\/\/www.livemag.it\/wp-content\/uploads\/2024\/07\/DSC03668-scaled.jpg","datePublished":"2024-07-17T09:48:46+00:00","dateModified":"2024-07-17T09:50:16+00:00","breadcrumb":{"@id":"https:\/\/www.livemag.it\/index.php\/2024\/07\/17\/apre-la-rosa-dei-venti-a-buggerru-su\/#breadcrumb"},"inLanguage":"it-IT","potentialAction":[{"@type":"ReadAction","target":["https:\/\/www.livemag.it\/index.php\/2024\/07\/17\/apre-la-rosa-dei-venti-a-buggerru-su\/"]}]},{"@type":"ImageObject","inLanguage":"it-IT","@id":"https:\/\/www.livemag.it\/index.php\/2024\/07\/17\/apre-la-rosa-dei-venti-a-buggerru-su\/#primaryimage","url":"https:\/\/www.livemag.it\/wp-content\/uploads\/2024\/07\/DSC03668-scaled.jpg","contentUrl":"https:\/\/www.livemag.it\/wp-content\/uploads\/2024\/07\/DSC03668-scaled.jpg","width":2560,"height":1707},{"@type":"BreadcrumbList","@id":"https:\/\/www.livemag.it\/index.php\/2024\/07\/17\/apre-la-rosa-dei-venti-a-buggerru-su\/#breadcrumb","itemListElement":[{"@type":"ListItem","position":1,"name":"Home","item":"https:\/\/www.livemag.it\/"},{"@type":"ListItem","position":2,"name":"Apre La Rosa dei Venti a Buggerru (SU)"}]},{"@type":"WebSite","@id":"https:\/\/www.livemag.it\/#website","url":"https:\/\/www.livemag.it\/","name":"Live Magazine","description":"Varie ed eventi","publisher":{"@id":"https:\/\/www.livemag.it\/#organization"},"potentialAction":[{"@type":"SearchAction","target":{"@type":"EntryPoint","urlTemplate":"https:\/\/www.livemag.it\/?s={search_term_string}"},"query-input":{"@type":"PropertyValueSpecification","valueRequired":true,"valueName":"search_term_string"}}],"inLanguage":"it-IT"},{"@type":"Organization","@id":"https:\/\/www.livemag.it\/#organization","name":"LiveMag","alternateName":"LiveMag News ed eventi","url":"https:\/\/www.livemag.it\/","logo":{"@type":"ImageObject","inLanguage":"it-IT","@id":"https:\/\/www.livemag.it\/#\/schema\/logo\/image\/","url":"https:\/\/www.livemag.it\/wp-content\/uploads\/2024\/02\/immagine-sito.jpg","contentUrl":"https:\/\/www.livemag.it\/wp-content\/uploads\/2024\/02\/immagine-sito.jpg","width":696,"height":696,"caption":"LiveMag"},"image":{"@id":"https:\/\/www.livemag.it\/#\/schema\/logo\/image\/"},"sameAs":["https:\/\/www.facebook.com\/LiveMag\/","https:\/\/x.com\/LiveNotizie","https:\/\/www.instagram.com\/livemag\/"]},{"@type":"Person","@id":"https:\/\/www.livemag.it\/#\/schema\/person\/8c801cbd98a67d26f9e8035c50921cae","name":"Giusy Trimboli","image":{"@type":"ImageObject","inLanguage":"it-IT","@id":"https:\/\/secure.gravatar.com\/avatar\/f886ae735bbebcdd8da6be14cf45411d01debc46dd39341bb12673635db6ed2f?s=96&r=g","url":"https:\/\/secure.gravatar.com\/avatar\/f886ae735bbebcdd8da6be14cf45411d01debc46dd39341bb12673635db6ed2f?s=96&r=g","contentUrl":"https:\/\/secure.gravatar.com\/avatar\/f886ae735bbebcdd8da6be14cf45411d01debc46dd39341bb12673635db6ed2f?s=96&r=g","caption":"Giusy Trimboli"},"description":"giornalista - content creator","url":"https:\/\/www.livemag.it\/index.php\/author\/giusytrimboli\/"}]}},"jetpack_featured_media_url":"https:\/\/www.livemag.it\/wp-content\/uploads\/2024\/07\/DSC03668-scaled.jpg","_links":{"self":[{"href":"https:\/\/www.livemag.it\/index.php\/wp-json\/wp\/v2\/posts\/30979","targetHints":{"allow":["GET"]}}],"collection":[{"href":"https:\/\/www.livemag.it\/index.php\/wp-json\/wp\/v2\/posts"}],"about":[{"href":"https:\/\/www.livemag.it\/index.php\/wp-json\/wp\/v2\/types\/post"}],"author":[{"embeddable":true,"href":"https:\/\/www.livemag.it\/index.php\/wp-json\/wp\/v2\/users\/18"}],"replies":[{"embeddable":true,"href":"https:\/\/www.livemag.it\/index.php\/wp-json\/wp\/v2\/comments?post=30979"}],"version-history":[{"count":1,"href":"https:\/\/www.livemag.it\/index.php\/wp-json\/wp\/v2\/posts\/30979\/revisions"}],"predecessor-version":[{"id":30982,"href":"https:\/\/www.livemag.it\/index.php\/wp-json\/wp\/v2\/posts\/30979\/revisions\/30982"}],"wp:featuredmedia":[{"embeddable":true,"href":"https:\/\/www.livemag.it\/index.php\/wp-json\/wp\/v2\/media\/30981"}],"wp:attachment":[{"href":"https:\/\/www.livemag.it\/index.php\/wp-json\/wp\/v2\/media?parent=30979"}],"wp:term":[{"taxonomy":"category","embeddable":true,"href":"https:\/\/www.livemag.it\/index.php\/wp-json\/wp\/v2\/categories?post=30979"},{"taxonomy":"post_tag","embeddable":true,"href":"https:\/\/www.livemag.it\/index.php\/wp-json\/wp\/v2\/tags?post=30979"}],"curies":[{"name":"wp","href":"https:\/\/api.w.org\/{rel}","templated":true}]}}