{"id":29892,"date":"2024-07-02T15:43:24","date_gmt":"2024-07-02T13:43:24","guid":{"rendered":"https:\/\/www.livemag.it\/?p=29892"},"modified":"2024-07-02T15:43:26","modified_gmt":"2024-07-02T13:43:26","slug":"grande-successo-per-denny-mendez-che-trionfa-al-bct-festival-2024","status":"publish","type":"post","link":"https:\/\/www.livemag.it\/index.php\/2024\/07\/02\/grande-successo-per-denny-mendez-che-trionfa-al-bct-festival-2024\/","title":{"rendered":"Grande successo per Denny Mendez che trionfa al BCT Festival 2024"},"content":{"rendered":"\n<h3 class=\"wp-block-heading\">Una serata di celebrazioni a Benevento per un talento straordinario<\/h3>\n\n\n\n<p>Nella splendida cornice del <strong>BCT &#8211; Festival Nazionale del Cinema e della Televisione di Benevento<\/strong>, il 30 giugno 2024, <strong><a href=\"https:\/\/www.livemag.it\/wp-content\/uploads\/2024\/07\/Denny-Mendez-1.jpg\">Denny Mendez<\/a> ha ricevuto l&#8217;acclamato premio come &#8220;Miglior Attrice&#8221;<\/strong>. Questo prestigioso riconoscimento mette in luce il suo eccezionale talento e il suo impegno nella recitazione.<\/p>\n\n\n\n<p>Dal 25 al 30 giugno, <strong>Benevento ha ospitato il BCT &#8211; Festival Nazionale del Cinema e della Televisione<\/strong>, un evento che ogni anno riunisce le stelle pi\u00f9 brillanti del mondo cinematografico e televisivo. Durante questa settimana dedicata alla cultura e allo spettacolo, <strong>Denny Mendez ha spiccato per la sua interpretazione nel film &#8220;Global Harmony&#8221; diretto da Fabio Massa<\/strong>, ottenendo l&#8217;ammirazione di pubblico e critica.<\/p>\n\n\n\n<p><strong>La giuria del BCT ha premiato &#8220;Global Harmony&#8221; nella categoria &#8220;Greatest Independent&#8221;<\/strong>, riconoscendo non solo la qualit\u00e0 del film ma anche la performance straordinaria di <strong>Denny nel ruolo di Ester<\/strong>.<\/p>\n\n\n\n<h3 class=\"wp-block-heading\">La capacit\u00e0 di Denny Mendez di trasmettere emozioni intense e di dare vita a personaggi autentici ha colpito profondamente gli spettatori<\/h3>\n\n\n<div class=\"wp-block-image\">\n<figure class=\"alignleft size-full is-resized\"><img fetchpriority=\"high\" decoding=\"async\" width=\"611\" height=\"474\" src=\"https:\/\/www.livemag.it\/wp-content\/uploads\/2024\/07\/Denny-Mendez-3.jpg\" alt=\"Denny Mendez 3\" class=\"wp-image-29894\" style=\"width:367px;height:auto\" srcset=\"https:\/\/www.livemag.it\/wp-content\/uploads\/2024\/07\/Denny-Mendez-3.jpg 611w, https:\/\/www.livemag.it\/wp-content\/uploads\/2024\/07\/Denny-Mendez-3-300x233.jpg 300w\" sizes=\"(max-width: 611px) 100vw, 611px\" \/><\/figure>\n<\/div>\n\n\n<p>\u201c<em>Ricevere questo premio come migliore attrice in un festival cos\u00ec importante \u00e8 un grande onore. Ho sempre creduto che il duro lavoro e la dedizione portino sempre risultati,<\/em>\u201d ha dichiarato <strong>Denny Mendez<\/strong>, visibilmente commossa. <strong>Ha voluto condividere questo successo con tutti coloro che l&#8217;hanno sostenuta e con chi si riconosce nelle tematiche del film<\/strong>. \u201c<em>Sono particolarmente fiera di questo progetto, che <strong>affronta temi attuali come le pari opportunit\u00e0, i diritti dei bambini e l&#8217;importanza delle relazioni con l&#8217;Africa<\/strong>, un continente straordinario<\/em>,\u201d ha aggiunto, esprimendo la sua passione per il ruolo interpretato.<\/p>\n\n\n\n<p><strong>La serata del 30 giugno ha visto la partecipazione di numerose figure di spicco del cinema e della televisione<\/strong>, pronte a celebrare i traguardi di un&#8217;industria in continua crescita. <strong>Il BCT Festival, con la sua missione di promuovere e valorizzare le eccellenze del settore<\/strong>, offre una piattaforma prestigiosa per artisti emergenti e affermati, consentendo loro di mostrare il proprio talento a un pubblico appassionato. Ancora una volta, <strong>il festival si \u00e8 affermato come un evento imperdibile per gli appassionati di cinema e televisione<\/strong>, riaffermando la sua rilevanza nel panorama culturale italiano.<\/p>\n\n\n\n<p><a href=\"https:\/\/www.instagram.com\/altomura\/00?hl=it\" target=\"_blank\" rel=\"noreferrer noopener\">A cura di Mario Altomura<\/a><\/p>\n\n\n\n<p>Leggi anche:&nbsp;<a href=\"https:\/\/www.bollicinevip.com\/stop-ai-capelli-grassi-con-i-consigli-deglesperti\/\">Stop ai capelli grassi, con i consigli degl\u2019esperti<\/a><\/p>\n","protected":false},"excerpt":{"rendered":"<p>Una serata di celebrazioni a Benevento per un talento straordinario Nella splendida cornice del BCT &#8211; Festival Nazionale del Cinema e della Televisione di Benevento, il 30 giugno 2024, Denny Mendez ha ricevuto l&#8217;acclamato premio come &#8220;Miglior Attrice&#8221;. Questo prestigioso riconoscimento mette in luce il suo eccezionale talento e il suo impegno nella recitazione. Dal [&hellip;]<\/p>\n","protected":false},"author":20,"featured_media":29893,"comment_status":"open","ping_status":"open","sticky":false,"template":"","format":"standard","meta":{"jnews-multi-image_gallery":[],"jnews_single_post":{"subtitle":"","format":"standard","video":"","gallery":"","source_name":"","source_url":"","via_name":"","via_url":"","override_template":"0","override":[{"template":"1","single_blog_custom":"","parallax":"1","fullscreen":"1","layout":"right-sidebar","sidebar":"default-sidebar","second_sidebar":"default-sidebar","sticky_sidebar":"1","share_position":"top","share_float_style":"share-monocrhome","show_share_counter":"0","show_view_counter":"0","show_featured":"1","show_post_meta":"1","show_post_author":"1","show_post_author_image":"1","show_post_date":"1","post_date_format":"default","post_date_format_custom":"Y\/m\/d","show_post_category":"1","show_post_reading_time":"0","post_reading_time_wpm":"300","show_zoom_button":"0","zoom_button_out_step":"2","zoom_button_in_step":"3","show_post_tag":"1","show_prev_next_post":"1","show_popup_post":"1","number_popup_post":"1","show_author_box":"1","show_post_related":"0","show_inline_post_related":"0"}],"override_image_size":"0","image_override":[{"single_post_thumbnail_size":"crop-500","single_post_gallery_size":"crop-500"}],"trending_post":"0","trending_post_position":"meta","trending_post_label":"Trending","sponsored_post":"0","sponsored_post_label":"Sponsored by","sponsored_post_name":"","sponsored_post_url":"","sponsored_post_logo_enable":"0","sponsored_post_logo":"","sponsored_post_desc":"","disable_ad":"0"},"jnews_primary_category":{"id":"","hide":""},"jnews_social_meta":{"fb_title":"","fb_description":"","fb_image":"","twitter_title":"","twitter_description":"","twitter_image":""},"jnews_override_counter":{"override_view_counter":"0","view_counter_number":"0","override_share_counter":"0","share_counter_number":"0","override_like_counter":"0","like_counter_number":"0","override_dislike_counter":"0","dislike_counter_number":"0"},"jnews_post_split":{"enable_post_split":"0","post_split":[{"template":"1","tag":"h2","numbering":"asc","mode":"normal","first":"0","enable_toc":"0","toc_type":"normal"}]},"footnotes":""},"categories":[2],"tags":[2102,3037,3029,3035,2525,1473,3039,337,3030,3051,3043,3041,1995,3033,2530,3045,3038,3040,609,1378,3034,3028,3046,2807,3050,3049,3048,3044,2537,1704,2713,2278,3031,3036,3042,227,3047,2706,308,3032],"class_list":["post-29892","post","type-post","status-publish","format-standard","has-post-thumbnail","hentry","category-livepeople","tag-africa","tag-bct-festival","tag-bct-festival-2024","tag-benevento","tag-carriera","tag-cinema","tag-critica","tag-cultura","tag-denny-mendez","tag-diritti-dei-bambini","tag-ester","tag-fabio-massa","tag-festival","tag-festival-nazionale-del-cinema-e-della-televisione","tag-film","tag-giuria","tag-global-harmony","tag-greatest-independent","tag-lavoro","tag-lungometraggio","tag-mendez","tag-miglior-attrice","tag-onore","tag-panorama","tag-panorama-culturale","tag-pari-opportunita","tag-performance","tag-personaggio","tag-personalita","tag-premio","tag-professionalita","tag-pubblico","tag-recitazione","tag-riconoscimento","tag-ruolo","tag-spettacolo","tag-spettatori","tag-talento","tag-televisione","tag-trionfo"],"yoast_head":"<!-- This site is optimized with the Yoast SEO plugin v27.5 - https:\/\/yoast.com\/product\/yoast-seo-wordpress\/ -->\n<title>Grande successo per Denny Mendez che trionfa al BCT Festival<\/title>\n<meta name=\"description\" content=\"Denny Mendez ha spiccato per la sua interpretazione nel film &quot;Global Harmony&quot; diretto da Fabio Massa, ottenendo l&#039;ammirazione\" \/>\n<meta name=\"robots\" content=\"index, follow, max-snippet:-1, max-image-preview:large, max-video-preview:-1\" \/>\n<link rel=\"canonical\" href=\"https:\/\/www.livemag.it\/index.php\/2024\/07\/02\/grande-successo-per-denny-mendez-che-trionfa-al-bct-festival-2024\/\" \/>\n<meta property=\"og:locale\" content=\"it_IT\" \/>\n<meta property=\"og:type\" content=\"article\" \/>\n<meta property=\"og:title\" content=\"Grande successo per Denny Mendez che trionfa al BCT Festival\" \/>\n<meta property=\"og:description\" content=\"Denny Mendez ha spiccato per la sua interpretazione nel film &quot;Global Harmony&quot; diretto da Fabio Massa, ottenendo l&#039;ammirazione\" \/>\n<meta property=\"og:url\" content=\"https:\/\/www.livemag.it\/index.php\/2024\/07\/02\/grande-successo-per-denny-mendez-che-trionfa-al-bct-festival-2024\/\" \/>\n<meta property=\"og:site_name\" content=\"Live Magazine\" \/>\n<meta property=\"article:publisher\" content=\"https:\/\/www.facebook.com\/LiveMag\/\" \/>\n<meta property=\"article:published_time\" content=\"2024-07-02T13:43:24+00:00\" \/>\n<meta property=\"article:modified_time\" content=\"2024-07-02T13:43:26+00:00\" \/>\n<meta property=\"og:image\" content=\"https:\/\/www.livemag.it\/wp-content\/uploads\/2024\/07\/Denny-Mendez-1.jpg\" \/>\n\t<meta property=\"og:image:width\" content=\"1891\" \/>\n\t<meta property=\"og:image:height\" content=\"2048\" \/>\n\t<meta property=\"og:image:type\" content=\"image\/jpeg\" \/>\n<meta name=\"author\" content=\"Mario Altomura\" \/>\n<meta name=\"twitter:card\" content=\"summary_large_image\" \/>\n<meta name=\"twitter:creator\" content=\"@LiveNotizie\" \/>\n<meta name=\"twitter:site\" content=\"@LiveNotizie\" \/>\n<meta name=\"twitter:label1\" content=\"Scritto da\" \/>\n\t<meta name=\"twitter:data1\" content=\"Mario Altomura\" \/>\n\t<meta name=\"twitter:label2\" content=\"Tempo di lettura stimato\" \/>\n\t<meta name=\"twitter:data2\" content=\"3 minuti\" \/>\n<script type=\"application\/ld+json\" class=\"yoast-schema-graph\">{\"@context\":\"https:\\\/\\\/schema.org\",\"@graph\":[{\"@type\":\"Article\",\"@id\":\"https:\\\/\\\/www.livemag.it\\\/index.php\\\/2024\\\/07\\\/02\\\/grande-successo-per-denny-mendez-che-trionfa-al-bct-festival-2024\\\/#article\",\"isPartOf\":{\"@id\":\"https:\\\/\\\/www.livemag.it\\\/index.php\\\/2024\\\/07\\\/02\\\/grande-successo-per-denny-mendez-che-trionfa-al-bct-festival-2024\\\/\"},\"author\":{\"name\":\"Mario Altomura\",\"@id\":\"https:\\\/\\\/www.livemag.it\\\/#\\\/schema\\\/person\\\/cc097583ef7f4da9e9fe62e8b552ab72\"},\"headline\":\"Grande successo per Denny Mendez che trionfa al BCT Festival 2024\",\"datePublished\":\"2024-07-02T13:43:24+00:00\",\"dateModified\":\"2024-07-02T13:43:26+00:00\",\"mainEntityOfPage\":{\"@id\":\"https:\\\/\\\/www.livemag.it\\\/index.php\\\/2024\\\/07\\\/02\\\/grande-successo-per-denny-mendez-che-trionfa-al-bct-festival-2024\\\/\"},\"wordCount\":377,\"commentCount\":0,\"publisher\":{\"@id\":\"https:\\\/\\\/www.livemag.it\\\/#organization\"},\"image\":{\"@id\":\"https:\\\/\\\/www.livemag.it\\\/index.php\\\/2024\\\/07\\\/02\\\/grande-successo-per-denny-mendez-che-trionfa-al-bct-festival-2024\\\/#primaryimage\"},\"thumbnailUrl\":\"https:\\\/\\\/www.livemag.it\\\/wp-content\\\/uploads\\\/2024\\\/07\\\/Denny-Mendez-1.jpg\",\"keywords\":[\"Africa\",\"BCT Festival\",\"BCT Festival 2024\",\"Benevento\",\"carriera\",\"cinema\",\"critica\",\"cultura\",\"Denny Mendez\",\"diritti dei bambini\",\"Ester\",\"Fabio Massa\",\"festival\",\"Festival Nazionale del Cinema e della Televisione\",\"film\",\"giuria\",\"Global Harmony\",\"Greatest Independent\",\"lavoro\",\"lungometraggio\",\"Mendez\",\"Miglior Attrice\",\"onore\",\"panorama\",\"panorama culturale\",\"pari opportunit\u00e0\",\"performance\",\"personaggio\",\"personalit\u00e0\",\"premio\",\"professionalit\u00e0\",\"pubblico\",\"recitazione\",\"riconoscimento\",\"ruolo\",\"spettacolo\",\"spettatori\",\"talento\",\"televisione\",\"Trionfo\"],\"articleSection\":[\"LivePeople\"],\"inLanguage\":\"it-IT\",\"potentialAction\":[{\"@type\":\"CommentAction\",\"name\":\"Comment\",\"target\":[\"https:\\\/\\\/www.livemag.it\\\/index.php\\\/2024\\\/07\\\/02\\\/grande-successo-per-denny-mendez-che-trionfa-al-bct-festival-2024\\\/#respond\"]}]},{\"@type\":\"WebPage\",\"@id\":\"https:\\\/\\\/www.livemag.it\\\/index.php\\\/2024\\\/07\\\/02\\\/grande-successo-per-denny-mendez-che-trionfa-al-bct-festival-2024\\\/\",\"url\":\"https:\\\/\\\/www.livemag.it\\\/index.php\\\/2024\\\/07\\\/02\\\/grande-successo-per-denny-mendez-che-trionfa-al-bct-festival-2024\\\/\",\"name\":\"Grande successo per Denny Mendez che trionfa al BCT Festival\",\"isPartOf\":{\"@id\":\"https:\\\/\\\/www.livemag.it\\\/#website\"},\"primaryImageOfPage\":{\"@id\":\"https:\\\/\\\/www.livemag.it\\\/index.php\\\/2024\\\/07\\\/02\\\/grande-successo-per-denny-mendez-che-trionfa-al-bct-festival-2024\\\/#primaryimage\"},\"image\":{\"@id\":\"https:\\\/\\\/www.livemag.it\\\/index.php\\\/2024\\\/07\\\/02\\\/grande-successo-per-denny-mendez-che-trionfa-al-bct-festival-2024\\\/#primaryimage\"},\"thumbnailUrl\":\"https:\\\/\\\/www.livemag.it\\\/wp-content\\\/uploads\\\/2024\\\/07\\\/Denny-Mendez-1.jpg\",\"datePublished\":\"2024-07-02T13:43:24+00:00\",\"dateModified\":\"2024-07-02T13:43:26+00:00\",\"description\":\"Denny Mendez ha spiccato per la sua interpretazione nel film \\\"Global Harmony\\\" diretto da Fabio Massa, ottenendo l'ammirazione\",\"breadcrumb\":{\"@id\":\"https:\\\/\\\/www.livemag.it\\\/index.php\\\/2024\\\/07\\\/02\\\/grande-successo-per-denny-mendez-che-trionfa-al-bct-festival-2024\\\/#breadcrumb\"},\"inLanguage\":\"it-IT\",\"potentialAction\":[{\"@type\":\"ReadAction\",\"target\":[\"https:\\\/\\\/www.livemag.it\\\/index.php\\\/2024\\\/07\\\/02\\\/grande-successo-per-denny-mendez-che-trionfa-al-bct-festival-2024\\\/\"]}]},{\"@type\":\"ImageObject\",\"inLanguage\":\"it-IT\",\"@id\":\"https:\\\/\\\/www.livemag.it\\\/index.php\\\/2024\\\/07\\\/02\\\/grande-successo-per-denny-mendez-che-trionfa-al-bct-festival-2024\\\/#primaryimage\",\"url\":\"https:\\\/\\\/www.livemag.it\\\/wp-content\\\/uploads\\\/2024\\\/07\\\/Denny-Mendez-1.jpg\",\"contentUrl\":\"https:\\\/\\\/www.livemag.it\\\/wp-content\\\/uploads\\\/2024\\\/07\\\/Denny-Mendez-1.jpg\",\"width\":1891,\"height\":2048,\"caption\":\"Denny Mendez 1\"},{\"@type\":\"BreadcrumbList\",\"@id\":\"https:\\\/\\\/www.livemag.it\\\/index.php\\\/2024\\\/07\\\/02\\\/grande-successo-per-denny-mendez-che-trionfa-al-bct-festival-2024\\\/#breadcrumb\",\"itemListElement\":[{\"@type\":\"ListItem\",\"position\":1,\"name\":\"Home\",\"item\":\"https:\\\/\\\/www.livemag.it\\\/\"},{\"@type\":\"ListItem\",\"position\":2,\"name\":\"Grande successo per Denny Mendez che trionfa al BCT Festival 2024\"}]},{\"@type\":\"WebSite\",\"@id\":\"https:\\\/\\\/www.livemag.it\\\/#website\",\"url\":\"https:\\\/\\\/www.livemag.it\\\/\",\"name\":\"Live Magazine\",\"description\":\"Varie ed eventi\",\"publisher\":{\"@id\":\"https:\\\/\\\/www.livemag.it\\\/#organization\"},\"potentialAction\":[{\"@type\":\"SearchAction\",\"target\":{\"@type\":\"EntryPoint\",\"urlTemplate\":\"https:\\\/\\\/www.livemag.it\\\/?s={search_term_string}\"},\"query-input\":{\"@type\":\"PropertyValueSpecification\",\"valueRequired\":true,\"valueName\":\"search_term_string\"}}],\"inLanguage\":\"it-IT\"},{\"@type\":\"Organization\",\"@id\":\"https:\\\/\\\/www.livemag.it\\\/#organization\",\"name\":\"LiveMag\",\"alternateName\":\"LiveMag News ed eventi\",\"url\":\"https:\\\/\\\/www.livemag.it\\\/\",\"logo\":{\"@type\":\"ImageObject\",\"inLanguage\":\"it-IT\",\"@id\":\"https:\\\/\\\/www.livemag.it\\\/#\\\/schema\\\/logo\\\/image\\\/\",\"url\":\"https:\\\/\\\/www.livemag.it\\\/wp-content\\\/uploads\\\/2024\\\/02\\\/immagine-sito.jpg\",\"contentUrl\":\"https:\\\/\\\/www.livemag.it\\\/wp-content\\\/uploads\\\/2024\\\/02\\\/immagine-sito.jpg\",\"width\":696,\"height\":696,\"caption\":\"LiveMag\"},\"image\":{\"@id\":\"https:\\\/\\\/www.livemag.it\\\/#\\\/schema\\\/logo\\\/image\\\/\"},\"sameAs\":[\"https:\\\/\\\/www.facebook.com\\\/LiveMag\\\/\",\"https:\\\/\\\/x.com\\\/LiveNotizie\",\"https:\\\/\\\/www.instagram.com\\\/livemag\\\/\"]},{\"@type\":\"Person\",\"@id\":\"https:\\\/\\\/www.livemag.it\\\/#\\\/schema\\\/person\\\/cc097583ef7f4da9e9fe62e8b552ab72\",\"name\":\"Mario Altomura\",\"image\":{\"@type\":\"ImageObject\",\"inLanguage\":\"it-IT\",\"@id\":\"https:\\\/\\\/secure.gravatar.com\\\/avatar\\\/3c7d3ce72a2bed6bab5e3681d59712a49247bdd227b4ef67de56814084f945dd?s=96&r=g\",\"url\":\"https:\\\/\\\/secure.gravatar.com\\\/avatar\\\/3c7d3ce72a2bed6bab5e3681d59712a49247bdd227b4ef67de56814084f945dd?s=96&r=g\",\"contentUrl\":\"https:\\\/\\\/secure.gravatar.com\\\/avatar\\\/3c7d3ce72a2bed6bab5e3681d59712a49247bdd227b4ef67de56814084f945dd?s=96&r=g\",\"caption\":\"Mario Altomura\"},\"description\":\"fotografo celebrity\",\"url\":\"https:\\\/\\\/www.livemag.it\\\/index.php\\\/author\\\/fabio-scarpati\\\/\"}]}<\/script>\n<!-- \/ Yoast SEO plugin. -->","yoast_head_json":{"title":"Grande successo per Denny Mendez che trionfa al BCT Festival","description":"Denny Mendez ha spiccato per la sua interpretazione nel film \"Global Harmony\" diretto da Fabio Massa, ottenendo l'ammirazione","robots":{"index":"index","follow":"follow","max-snippet":"max-snippet:-1","max-image-preview":"max-image-preview:large","max-video-preview":"max-video-preview:-1"},"canonical":"https:\/\/www.livemag.it\/index.php\/2024\/07\/02\/grande-successo-per-denny-mendez-che-trionfa-al-bct-festival-2024\/","og_locale":"it_IT","og_type":"article","og_title":"Grande successo per Denny Mendez che trionfa al BCT Festival","og_description":"Denny Mendez ha spiccato per la sua interpretazione nel film \"Global Harmony\" diretto da Fabio Massa, ottenendo l'ammirazione","og_url":"https:\/\/www.livemag.it\/index.php\/2024\/07\/02\/grande-successo-per-denny-mendez-che-trionfa-al-bct-festival-2024\/","og_site_name":"Live Magazine","article_publisher":"https:\/\/www.facebook.com\/LiveMag\/","article_published_time":"2024-07-02T13:43:24+00:00","article_modified_time":"2024-07-02T13:43:26+00:00","og_image":[{"width":1891,"height":2048,"url":"https:\/\/www.livemag.it\/wp-content\/uploads\/2024\/07\/Denny-Mendez-1.jpg","type":"image\/jpeg"}],"author":"Mario Altomura","twitter_card":"summary_large_image","twitter_creator":"@LiveNotizie","twitter_site":"@LiveNotizie","twitter_misc":{"Scritto da":"Mario Altomura","Tempo di lettura stimato":"3 minuti"},"schema":{"@context":"https:\/\/schema.org","@graph":[{"@type":"Article","@id":"https:\/\/www.livemag.it\/index.php\/2024\/07\/02\/grande-successo-per-denny-mendez-che-trionfa-al-bct-festival-2024\/#article","isPartOf":{"@id":"https:\/\/www.livemag.it\/index.php\/2024\/07\/02\/grande-successo-per-denny-mendez-che-trionfa-al-bct-festival-2024\/"},"author":{"name":"Mario Altomura","@id":"https:\/\/www.livemag.it\/#\/schema\/person\/cc097583ef7f4da9e9fe62e8b552ab72"},"headline":"Grande successo per Denny Mendez che trionfa al BCT Festival 2024","datePublished":"2024-07-02T13:43:24+00:00","dateModified":"2024-07-02T13:43:26+00:00","mainEntityOfPage":{"@id":"https:\/\/www.livemag.it\/index.php\/2024\/07\/02\/grande-successo-per-denny-mendez-che-trionfa-al-bct-festival-2024\/"},"wordCount":377,"commentCount":0,"publisher":{"@id":"https:\/\/www.livemag.it\/#organization"},"image":{"@id":"https:\/\/www.livemag.it\/index.php\/2024\/07\/02\/grande-successo-per-denny-mendez-che-trionfa-al-bct-festival-2024\/#primaryimage"},"thumbnailUrl":"https:\/\/www.livemag.it\/wp-content\/uploads\/2024\/07\/Denny-Mendez-1.jpg","keywords":["Africa","BCT Festival","BCT Festival 2024","Benevento","carriera","cinema","critica","cultura","Denny Mendez","diritti dei bambini","Ester","Fabio Massa","festival","Festival Nazionale del Cinema e della Televisione","film","giuria","Global Harmony","Greatest Independent","lavoro","lungometraggio","Mendez","Miglior Attrice","onore","panorama","panorama culturale","pari opportunit\u00e0","performance","personaggio","personalit\u00e0","premio","professionalit\u00e0","pubblico","recitazione","riconoscimento","ruolo","spettacolo","spettatori","talento","televisione","Trionfo"],"articleSection":["LivePeople"],"inLanguage":"it-IT","potentialAction":[{"@type":"CommentAction","name":"Comment","target":["https:\/\/www.livemag.it\/index.php\/2024\/07\/02\/grande-successo-per-denny-mendez-che-trionfa-al-bct-festival-2024\/#respond"]}]},{"@type":"WebPage","@id":"https:\/\/www.livemag.it\/index.php\/2024\/07\/02\/grande-successo-per-denny-mendez-che-trionfa-al-bct-festival-2024\/","url":"https:\/\/www.livemag.it\/index.php\/2024\/07\/02\/grande-successo-per-denny-mendez-che-trionfa-al-bct-festival-2024\/","name":"Grande successo per Denny Mendez che trionfa al BCT Festival","isPartOf":{"@id":"https:\/\/www.livemag.it\/#website"},"primaryImageOfPage":{"@id":"https:\/\/www.livemag.it\/index.php\/2024\/07\/02\/grande-successo-per-denny-mendez-che-trionfa-al-bct-festival-2024\/#primaryimage"},"image":{"@id":"https:\/\/www.livemag.it\/index.php\/2024\/07\/02\/grande-successo-per-denny-mendez-che-trionfa-al-bct-festival-2024\/#primaryimage"},"thumbnailUrl":"https:\/\/www.livemag.it\/wp-content\/uploads\/2024\/07\/Denny-Mendez-1.jpg","datePublished":"2024-07-02T13:43:24+00:00","dateModified":"2024-07-02T13:43:26+00:00","description":"Denny Mendez ha spiccato per la sua interpretazione nel film \"Global Harmony\" diretto da Fabio Massa, ottenendo l'ammirazione","breadcrumb":{"@id":"https:\/\/www.livemag.it\/index.php\/2024\/07\/02\/grande-successo-per-denny-mendez-che-trionfa-al-bct-festival-2024\/#breadcrumb"},"inLanguage":"it-IT","potentialAction":[{"@type":"ReadAction","target":["https:\/\/www.livemag.it\/index.php\/2024\/07\/02\/grande-successo-per-denny-mendez-che-trionfa-al-bct-festival-2024\/"]}]},{"@type":"ImageObject","inLanguage":"it-IT","@id":"https:\/\/www.livemag.it\/index.php\/2024\/07\/02\/grande-successo-per-denny-mendez-che-trionfa-al-bct-festival-2024\/#primaryimage","url":"https:\/\/www.livemag.it\/wp-content\/uploads\/2024\/07\/Denny-Mendez-1.jpg","contentUrl":"https:\/\/www.livemag.it\/wp-content\/uploads\/2024\/07\/Denny-Mendez-1.jpg","width":1891,"height":2048,"caption":"Denny Mendez 1"},{"@type":"BreadcrumbList","@id":"https:\/\/www.livemag.it\/index.php\/2024\/07\/02\/grande-successo-per-denny-mendez-che-trionfa-al-bct-festival-2024\/#breadcrumb","itemListElement":[{"@type":"ListItem","position":1,"name":"Home","item":"https:\/\/www.livemag.it\/"},{"@type":"ListItem","position":2,"name":"Grande successo per Denny Mendez che trionfa al BCT Festival 2024"}]},{"@type":"WebSite","@id":"https:\/\/www.livemag.it\/#website","url":"https:\/\/www.livemag.it\/","name":"Live Magazine","description":"Varie ed eventi","publisher":{"@id":"https:\/\/www.livemag.it\/#organization"},"potentialAction":[{"@type":"SearchAction","target":{"@type":"EntryPoint","urlTemplate":"https:\/\/www.livemag.it\/?s={search_term_string}"},"query-input":{"@type":"PropertyValueSpecification","valueRequired":true,"valueName":"search_term_string"}}],"inLanguage":"it-IT"},{"@type":"Organization","@id":"https:\/\/www.livemag.it\/#organization","name":"LiveMag","alternateName":"LiveMag News ed eventi","url":"https:\/\/www.livemag.it\/","logo":{"@type":"ImageObject","inLanguage":"it-IT","@id":"https:\/\/www.livemag.it\/#\/schema\/logo\/image\/","url":"https:\/\/www.livemag.it\/wp-content\/uploads\/2024\/02\/immagine-sito.jpg","contentUrl":"https:\/\/www.livemag.it\/wp-content\/uploads\/2024\/02\/immagine-sito.jpg","width":696,"height":696,"caption":"LiveMag"},"image":{"@id":"https:\/\/www.livemag.it\/#\/schema\/logo\/image\/"},"sameAs":["https:\/\/www.facebook.com\/LiveMag\/","https:\/\/x.com\/LiveNotizie","https:\/\/www.instagram.com\/livemag\/"]},{"@type":"Person","@id":"https:\/\/www.livemag.it\/#\/schema\/person\/cc097583ef7f4da9e9fe62e8b552ab72","name":"Mario Altomura","image":{"@type":"ImageObject","inLanguage":"it-IT","@id":"https:\/\/secure.gravatar.com\/avatar\/3c7d3ce72a2bed6bab5e3681d59712a49247bdd227b4ef67de56814084f945dd?s=96&r=g","url":"https:\/\/secure.gravatar.com\/avatar\/3c7d3ce72a2bed6bab5e3681d59712a49247bdd227b4ef67de56814084f945dd?s=96&r=g","contentUrl":"https:\/\/secure.gravatar.com\/avatar\/3c7d3ce72a2bed6bab5e3681d59712a49247bdd227b4ef67de56814084f945dd?s=96&r=g","caption":"Mario Altomura"},"description":"fotografo celebrity","url":"https:\/\/www.livemag.it\/index.php\/author\/fabio-scarpati\/"}]}},"jetpack_featured_media_url":"https:\/\/www.livemag.it\/wp-content\/uploads\/2024\/07\/Denny-Mendez-1.jpg","_links":{"self":[{"href":"https:\/\/www.livemag.it\/index.php\/wp-json\/wp\/v2\/posts\/29892","targetHints":{"allow":["GET"]}}],"collection":[{"href":"https:\/\/www.livemag.it\/index.php\/wp-json\/wp\/v2\/posts"}],"about":[{"href":"https:\/\/www.livemag.it\/index.php\/wp-json\/wp\/v2\/types\/post"}],"author":[{"embeddable":true,"href":"https:\/\/www.livemag.it\/index.php\/wp-json\/wp\/v2\/users\/20"}],"replies":[{"embeddable":true,"href":"https:\/\/www.livemag.it\/index.php\/wp-json\/wp\/v2\/comments?post=29892"}],"version-history":[{"count":1,"href":"https:\/\/www.livemag.it\/index.php\/wp-json\/wp\/v2\/posts\/29892\/revisions"}],"predecessor-version":[{"id":29895,"href":"https:\/\/www.livemag.it\/index.php\/wp-json\/wp\/v2\/posts\/29892\/revisions\/29895"}],"wp:featuredmedia":[{"embeddable":true,"href":"https:\/\/www.livemag.it\/index.php\/wp-json\/wp\/v2\/media\/29893"}],"wp:attachment":[{"href":"https:\/\/www.livemag.it\/index.php\/wp-json\/wp\/v2\/media?parent=29892"}],"wp:term":[{"taxonomy":"category","embeddable":true,"href":"https:\/\/www.livemag.it\/index.php\/wp-json\/wp\/v2\/categories?post=29892"},{"taxonomy":"post_tag","embeddable":true,"href":"https:\/\/www.livemag.it\/index.php\/wp-json\/wp\/v2\/tags?post=29892"}],"curies":[{"name":"wp","href":"https:\/\/api.w.org\/{rel}","templated":true}]}}