{"id":27974,"date":"2024-06-05T19:33:49","date_gmt":"2024-06-05T17:33:49","guid":{"rendered":"https:\/\/www.livemag.it\/?p=27974"},"modified":"2024-06-05T19:33:51","modified_gmt":"2024-06-05T17:33:51","slug":"nicola-santini-e-il-nuovo-direttore-del-settimanale-vero","status":"publish","type":"post","link":"https:\/\/www.livemag.it\/index.php\/2024\/06\/05\/nicola-santini-e-il-nuovo-direttore-del-settimanale-vero\/","title":{"rendered":"Nicola Santini \u00e8 il nuovo direttore del settimanale Vero"},"content":{"rendered":"\n<h2 class=\"wp-block-heading\">Il rinomato settimanale dedicato alla vita familiare e alla cronaca rosa torna in edicola con un volto rinnovato, sotto la guida dell&#8217;esperto di etichetta televisiva Nicola Santini<\/h2>\n\n\n<div class=\"wp-block-image\">\n<figure class=\"alignright size-large is-resized\"><img fetchpriority=\"high\" decoding=\"async\" width=\"767\" height=\"1024\" src=\"https:\/\/www.livemag.it\/wp-content\/uploads\/2024\/06\/Nicola-Santini-dichiarazioni-767x1024.jpg\" alt=\"Nicola Santini dichiarazioni\" class=\"wp-image-27975\" style=\"width:552px;height:auto\" srcset=\"https:\/\/www.livemag.it\/wp-content\/uploads\/2024\/06\/Nicola-Santini-dichiarazioni-767x1024.jpg 767w, https:\/\/www.livemag.it\/wp-content\/uploads\/2024\/06\/Nicola-Santini-dichiarazioni-225x300.jpg 225w, https:\/\/www.livemag.it\/wp-content\/uploads\/2024\/06\/Nicola-Santini-dichiarazioni-768x1025.jpg 768w, https:\/\/www.livemag.it\/wp-content\/uploads\/2024\/06\/Nicola-Santini-dichiarazioni-750x1001.jpg 750w, https:\/\/www.livemag.it\/wp-content\/uploads\/2024\/06\/Nicola-Santini-dichiarazioni.jpg 899w\" sizes=\"(max-width: 767px) 100vw, 767px\" \/><\/figure>\n<\/div>\n\n\n<p>Domani, gioved\u00ec 6 giugno 2024, <strong>Vero far\u00e0 il suo ritorno nelle edicole<\/strong> dopo una breve pausa dovuta al cambio di propriet\u00e0 dalla precedente casa editrice al <strong>gruppo romano Ediprojet, con Nicola Santini<\/strong> che ora ne detiene il controllo.<\/p>\n\n\n\n<p>Il magazine si presenta con un <strong>restyling grafico e di formato<\/strong>, per renderlo pi\u00f9 attuale, e <strong>con Santini alla direzione<\/strong>, noto volto televisivo e giornalista.<\/p>\n\n\n\n<p>Con quasi vent&#8217;anni di storia alle spalle (la sua prima pubblicazione risale al 2005), <strong>Vero continua a narrare storie legate al mondo dello spettacolo e alla vita quotidiana<\/strong>, offrendo tutorial di cucina, consigli pratici, racconti di cuore, benessere, cultura e viaggi.<\/p>\n\n\n\n<h3 class=\"wp-block-heading\">Nicola Santini, gi\u00e0 presente sulle pagine di Vero in passato,<\/h3>\n\n\n\n<p>&#8220;<em><strong>Vero \u00e8 stato un trampolino di lancio<\/strong> per me nel mondo della cronaca rosa nel 2010. Ho condiviso le mie esperienze e le <strong>confidenze dei personaggi dello spettacolo<\/strong> su queste pagine e ora <strong>sono entusiasta di assumere il ruolo di direttore<\/strong><\/em>&#8220;.<\/p>\n\n\n\n<p><strong>La formula di Vero rimane fedele ai suoi lettori<\/strong>, offrendo collegamenti diretti con le star dello spettacolo, cronache nere, attualit\u00e0, cucina, viaggi, salute e moda, in un formato leggero e accattivante.<\/p>\n\n\n\n<p>Con l&#8217;<strong>aggiunta di nuovi contenuti per mantenere il settimanale al passo con i tempi<\/strong>: approfondimenti di esperti e guide pratiche per coinvolgere i lettori nel racconto delle storie.<\/p>\n\n\n\n<p><a href=\"https:\/\/www.instagram.com\/altomura\/00?hl=it\" target=\"_blank\" rel=\"noreferrer noopener\">A cura di Mario Altomura<\/a><\/p>\n\n\n\n<p>Leggi anche:&nbsp;<a href=\"https:\/\/www.bollicinevip.com\/stop-ai-capelli-grassi-con-i-consigli-deglesperti\/\">Stop ai capelli grassi, con i consigli degl\u2019esperti<\/a><\/p>\n","protected":false},"excerpt":{"rendered":"<p>Il rinomato settimanale dedicato alla vita familiare e alla cronaca rosa torna in edicola con un volto rinnovato, sotto la guida dell&#8217;esperto di etichetta televisiva Nicola Santini Domani, gioved\u00ec 6 giugno 2024, Vero far\u00e0 il suo ritorno nelle edicole dopo una breve pausa dovuta al cambio di propriet\u00e0 dalla precedente casa editrice al gruppo romano [&hellip;]<\/p>\n","protected":false},"author":20,"featured_media":27976,"comment_status":"open","ping_status":"open","sticky":false,"template":"","format":"standard","meta":{"jnews-multi-image_gallery":[],"jnews_single_post":{"subtitle":"","format":"standard","video":"","gallery":"","source_name":"","source_url":"","via_name":"","via_url":"","override_template":"0","override":[{"template":"1","single_blog_custom":"","parallax":"1","fullscreen":"1","layout":"right-sidebar","sidebar":"default-sidebar","second_sidebar":"default-sidebar","sticky_sidebar":"1","share_position":"top","share_float_style":"share-monocrhome","show_share_counter":"0","show_view_counter":"0","show_featured":"1","show_post_meta":"1","show_post_author":"1","show_post_author_image":"1","show_post_date":"1","post_date_format":"default","post_date_format_custom":"Y\/m\/d","show_post_category":"1","show_post_reading_time":"0","post_reading_time_wpm":"300","show_zoom_button":"0","zoom_button_out_step":"2","zoom_button_in_step":"3","show_post_tag":"1","show_prev_next_post":"1","show_popup_post":"1","number_popup_post":"1","show_author_box":"1","show_post_related":"0","show_inline_post_related":"0"}],"override_image_size":"0","image_override":[{"single_post_thumbnail_size":"crop-500","single_post_gallery_size":"crop-500"}],"trending_post":"0","trending_post_position":"meta","trending_post_label":"Trending","sponsored_post":"0","sponsored_post_label":"Sponsored by","sponsored_post_name":"","sponsored_post_url":"","sponsored_post_logo_enable":"0","sponsored_post_logo":"","sponsored_post_desc":"","disable_ad":"0"},"jnews_primary_category":{"id":"","hide":""},"jnews_social_meta":{"fb_title":"","fb_description":"","fb_image":"","twitter_title":"","twitter_description":"","twitter_image":""},"jnews_override_counter":{"override_view_counter":"0","view_counter_number":"0","override_share_counter":"0","share_counter_number":"0","override_like_counter":"0","like_counter_number":"0","override_dislike_counter":"0","dislike_counter_number":"0"},"jnews_post_split":{"enable_post_split":"0","post_split":[{"template":"1","tag":"h2","numbering":"asc","mode":"normal","first":"0","enable_toc":"0","toc_type":"normal"}]},"footnotes":""},"categories":[2],"tags":[2240,2239,2238,2234,2236,2241,1956,1695,2031,2231,2237,2235,2232,227,2233],"class_list":["post-27974","post","type-post","status-publish","format-standard","has-post-thumbnail","hentry","category-livepeople","tag-contenuti","tag-direttore","tag-direzione","tag-ediprojet","tag-giornalista","tag-lettori","tag-live-magazine","tag-livemag","tag-livemagazine","tag-nicola-santini","tag-personaggi","tag-restyling","tag-santini","tag-spettacolo","tag-vero"],"yoast_head":"<!-- This site is optimized with the Yoast SEO plugin v27.5 - https:\/\/yoast.com\/product\/yoast-seo-wordpress\/ -->\n<title>Nicola Santini \u00e8 il nuovo direttore del settimanale Vero<\/title>\n<meta name=\"description\" content=\"Domani, gioved\u00ec 6 giugno 2024, Vero far\u00e0 il suo ritorno nelle edicole dopo una breve pausa con Nicola Santini che ora ne detiene il controllo\" \/>\n<meta name=\"robots\" content=\"index, follow, max-snippet:-1, max-image-preview:large, max-video-preview:-1\" \/>\n<link rel=\"canonical\" href=\"https:\/\/www.livemag.it\/index.php\/2024\/06\/05\/nicola-santini-e-il-nuovo-direttore-del-settimanale-vero\/\" \/>\n<meta property=\"og:locale\" content=\"it_IT\" \/>\n<meta property=\"og:type\" content=\"article\" \/>\n<meta property=\"og:title\" content=\"Nicola Santini \u00e8 il nuovo direttore del settimanale Vero\" \/>\n<meta property=\"og:description\" content=\"Domani, gioved\u00ec 6 giugno 2024, Vero far\u00e0 il suo ritorno nelle edicole dopo una breve pausa con Nicola Santini che ora ne detiene il controllo\" \/>\n<meta property=\"og:url\" content=\"https:\/\/www.livemag.it\/index.php\/2024\/06\/05\/nicola-santini-e-il-nuovo-direttore-del-settimanale-vero\/\" \/>\n<meta property=\"og:site_name\" content=\"Live Magazine\" \/>\n<meta property=\"article:publisher\" content=\"https:\/\/www.facebook.com\/LiveMag\/\" \/>\n<meta property=\"article:published_time\" content=\"2024-06-05T17:33:49+00:00\" \/>\n<meta property=\"article:modified_time\" content=\"2024-06-05T17:33:51+00:00\" \/>\n<meta property=\"og:image\" content=\"https:\/\/www.livemag.it\/wp-content\/uploads\/2024\/06\/Nicola-Santini.jpg\" \/>\n\t<meta property=\"og:image:width\" content=\"400\" \/>\n\t<meta property=\"og:image:height\" content=\"524\" \/>\n\t<meta property=\"og:image:type\" content=\"image\/jpeg\" \/>\n<meta name=\"author\" content=\"Mario Altomura\" \/>\n<meta name=\"twitter:card\" content=\"summary_large_image\" \/>\n<meta name=\"twitter:creator\" content=\"@LiveNotizie\" \/>\n<meta name=\"twitter:site\" content=\"@LiveNotizie\" \/>\n<meta name=\"twitter:label1\" content=\"Scritto da\" \/>\n\t<meta name=\"twitter:data1\" content=\"Mario Altomura\" \/>\n\t<meta name=\"twitter:label2\" content=\"Tempo di lettura stimato\" \/>\n\t<meta name=\"twitter:data2\" content=\"2 minuti\" \/>\n<script type=\"application\/ld+json\" class=\"yoast-schema-graph\">{\"@context\":\"https:\\\/\\\/schema.org\",\"@graph\":[{\"@type\":\"Article\",\"@id\":\"https:\\\/\\\/www.livemag.it\\\/index.php\\\/2024\\\/06\\\/05\\\/nicola-santini-e-il-nuovo-direttore-del-settimanale-vero\\\/#article\",\"isPartOf\":{\"@id\":\"https:\\\/\\\/www.livemag.it\\\/index.php\\\/2024\\\/06\\\/05\\\/nicola-santini-e-il-nuovo-direttore-del-settimanale-vero\\\/\"},\"author\":{\"name\":\"Mario Altomura\",\"@id\":\"https:\\\/\\\/www.livemag.it\\\/#\\\/schema\\\/person\\\/cc097583ef7f4da9e9fe62e8b552ab72\"},\"headline\":\"Nicola Santini \u00e8 il nuovo direttore del settimanale Vero\",\"datePublished\":\"2024-06-05T17:33:49+00:00\",\"dateModified\":\"2024-06-05T17:33:51+00:00\",\"mainEntityOfPage\":{\"@id\":\"https:\\\/\\\/www.livemag.it\\\/index.php\\\/2024\\\/06\\\/05\\\/nicola-santini-e-il-nuovo-direttore-del-settimanale-vero\\\/\"},\"wordCount\":264,\"commentCount\":0,\"publisher\":{\"@id\":\"https:\\\/\\\/www.livemag.it\\\/#organization\"},\"image\":{\"@id\":\"https:\\\/\\\/www.livemag.it\\\/index.php\\\/2024\\\/06\\\/05\\\/nicola-santini-e-il-nuovo-direttore-del-settimanale-vero\\\/#primaryimage\"},\"thumbnailUrl\":\"https:\\\/\\\/www.livemag.it\\\/wp-content\\\/uploads\\\/2024\\\/06\\\/Nicola-Santini.jpg\",\"keywords\":[\"contenuti\",\"direttore\",\"direzione\",\"Ediprojet\",\"giornalista\",\"lettori\",\"live magazine\",\"livemag\",\"livemagazine\",\"Nicola Santini\",\"personaggi\",\"restyling\",\"Santini\",\"spettacolo\",\"Vero\"],\"articleSection\":[\"LivePeople\"],\"inLanguage\":\"it-IT\",\"potentialAction\":[{\"@type\":\"CommentAction\",\"name\":\"Comment\",\"target\":[\"https:\\\/\\\/www.livemag.it\\\/index.php\\\/2024\\\/06\\\/05\\\/nicola-santini-e-il-nuovo-direttore-del-settimanale-vero\\\/#respond\"]}]},{\"@type\":\"WebPage\",\"@id\":\"https:\\\/\\\/www.livemag.it\\\/index.php\\\/2024\\\/06\\\/05\\\/nicola-santini-e-il-nuovo-direttore-del-settimanale-vero\\\/\",\"url\":\"https:\\\/\\\/www.livemag.it\\\/index.php\\\/2024\\\/06\\\/05\\\/nicola-santini-e-il-nuovo-direttore-del-settimanale-vero\\\/\",\"name\":\"Nicola Santini \u00e8 il nuovo direttore del settimanale Vero\",\"isPartOf\":{\"@id\":\"https:\\\/\\\/www.livemag.it\\\/#website\"},\"primaryImageOfPage\":{\"@id\":\"https:\\\/\\\/www.livemag.it\\\/index.php\\\/2024\\\/06\\\/05\\\/nicola-santini-e-il-nuovo-direttore-del-settimanale-vero\\\/#primaryimage\"},\"image\":{\"@id\":\"https:\\\/\\\/www.livemag.it\\\/index.php\\\/2024\\\/06\\\/05\\\/nicola-santini-e-il-nuovo-direttore-del-settimanale-vero\\\/#primaryimage\"},\"thumbnailUrl\":\"https:\\\/\\\/www.livemag.it\\\/wp-content\\\/uploads\\\/2024\\\/06\\\/Nicola-Santini.jpg\",\"datePublished\":\"2024-06-05T17:33:49+00:00\",\"dateModified\":\"2024-06-05T17:33:51+00:00\",\"description\":\"Domani, gioved\u00ec 6 giugno 2024, Vero far\u00e0 il suo ritorno nelle edicole dopo una breve pausa con Nicola Santini che ora ne detiene il controllo\",\"breadcrumb\":{\"@id\":\"https:\\\/\\\/www.livemag.it\\\/index.php\\\/2024\\\/06\\\/05\\\/nicola-santini-e-il-nuovo-direttore-del-settimanale-vero\\\/#breadcrumb\"},\"inLanguage\":\"it-IT\",\"potentialAction\":[{\"@type\":\"ReadAction\",\"target\":[\"https:\\\/\\\/www.livemag.it\\\/index.php\\\/2024\\\/06\\\/05\\\/nicola-santini-e-il-nuovo-direttore-del-settimanale-vero\\\/\"]}]},{\"@type\":\"ImageObject\",\"inLanguage\":\"it-IT\",\"@id\":\"https:\\\/\\\/www.livemag.it\\\/index.php\\\/2024\\\/06\\\/05\\\/nicola-santini-e-il-nuovo-direttore-del-settimanale-vero\\\/#primaryimage\",\"url\":\"https:\\\/\\\/www.livemag.it\\\/wp-content\\\/uploads\\\/2024\\\/06\\\/Nicola-Santini.jpg\",\"contentUrl\":\"https:\\\/\\\/www.livemag.it\\\/wp-content\\\/uploads\\\/2024\\\/06\\\/Nicola-Santini.jpg\",\"width\":400,\"height\":524,\"caption\":\"Nicola Santini\"},{\"@type\":\"BreadcrumbList\",\"@id\":\"https:\\\/\\\/www.livemag.it\\\/index.php\\\/2024\\\/06\\\/05\\\/nicola-santini-e-il-nuovo-direttore-del-settimanale-vero\\\/#breadcrumb\",\"itemListElement\":[{\"@type\":\"ListItem\",\"position\":1,\"name\":\"Home\",\"item\":\"https:\\\/\\\/www.livemag.it\\\/\"},{\"@type\":\"ListItem\",\"position\":2,\"name\":\"Nicola Santini \u00e8 il nuovo direttore del settimanale Vero\"}]},{\"@type\":\"WebSite\",\"@id\":\"https:\\\/\\\/www.livemag.it\\\/#website\",\"url\":\"https:\\\/\\\/www.livemag.it\\\/\",\"name\":\"Live Magazine\",\"description\":\"Varie ed eventi\",\"publisher\":{\"@id\":\"https:\\\/\\\/www.livemag.it\\\/#organization\"},\"potentialAction\":[{\"@type\":\"SearchAction\",\"target\":{\"@type\":\"EntryPoint\",\"urlTemplate\":\"https:\\\/\\\/www.livemag.it\\\/?s={search_term_string}\"},\"query-input\":{\"@type\":\"PropertyValueSpecification\",\"valueRequired\":true,\"valueName\":\"search_term_string\"}}],\"inLanguage\":\"it-IT\"},{\"@type\":\"Organization\",\"@id\":\"https:\\\/\\\/www.livemag.it\\\/#organization\",\"name\":\"LiveMag\",\"alternateName\":\"LiveMag News ed eventi\",\"url\":\"https:\\\/\\\/www.livemag.it\\\/\",\"logo\":{\"@type\":\"ImageObject\",\"inLanguage\":\"it-IT\",\"@id\":\"https:\\\/\\\/www.livemag.it\\\/#\\\/schema\\\/logo\\\/image\\\/\",\"url\":\"https:\\\/\\\/www.livemag.it\\\/wp-content\\\/uploads\\\/2024\\\/02\\\/immagine-sito.jpg\",\"contentUrl\":\"https:\\\/\\\/www.livemag.it\\\/wp-content\\\/uploads\\\/2024\\\/02\\\/immagine-sito.jpg\",\"width\":696,\"height\":696,\"caption\":\"LiveMag\"},\"image\":{\"@id\":\"https:\\\/\\\/www.livemag.it\\\/#\\\/schema\\\/logo\\\/image\\\/\"},\"sameAs\":[\"https:\\\/\\\/www.facebook.com\\\/LiveMag\\\/\",\"https:\\\/\\\/x.com\\\/LiveNotizie\",\"https:\\\/\\\/www.instagram.com\\\/livemag\\\/\"]},{\"@type\":\"Person\",\"@id\":\"https:\\\/\\\/www.livemag.it\\\/#\\\/schema\\\/person\\\/cc097583ef7f4da9e9fe62e8b552ab72\",\"name\":\"Mario Altomura\",\"image\":{\"@type\":\"ImageObject\",\"inLanguage\":\"it-IT\",\"@id\":\"https:\\\/\\\/secure.gravatar.com\\\/avatar\\\/3c7d3ce72a2bed6bab5e3681d59712a49247bdd227b4ef67de56814084f945dd?s=96&r=g\",\"url\":\"https:\\\/\\\/secure.gravatar.com\\\/avatar\\\/3c7d3ce72a2bed6bab5e3681d59712a49247bdd227b4ef67de56814084f945dd?s=96&r=g\",\"contentUrl\":\"https:\\\/\\\/secure.gravatar.com\\\/avatar\\\/3c7d3ce72a2bed6bab5e3681d59712a49247bdd227b4ef67de56814084f945dd?s=96&r=g\",\"caption\":\"Mario Altomura\"},\"description\":\"fotografo celebrity\",\"url\":\"https:\\\/\\\/www.livemag.it\\\/index.php\\\/author\\\/fabio-scarpati\\\/\"}]}<\/script>\n<!-- \/ Yoast SEO plugin. -->","yoast_head_json":{"title":"Nicola Santini \u00e8 il nuovo direttore del settimanale Vero","description":"Domani, gioved\u00ec 6 giugno 2024, Vero far\u00e0 il suo ritorno nelle edicole dopo una breve pausa con Nicola Santini che ora ne detiene il controllo","robots":{"index":"index","follow":"follow","max-snippet":"max-snippet:-1","max-image-preview":"max-image-preview:large","max-video-preview":"max-video-preview:-1"},"canonical":"https:\/\/www.livemag.it\/index.php\/2024\/06\/05\/nicola-santini-e-il-nuovo-direttore-del-settimanale-vero\/","og_locale":"it_IT","og_type":"article","og_title":"Nicola Santini \u00e8 il nuovo direttore del settimanale Vero","og_description":"Domani, gioved\u00ec 6 giugno 2024, Vero far\u00e0 il suo ritorno nelle edicole dopo una breve pausa con Nicola Santini che ora ne detiene il controllo","og_url":"https:\/\/www.livemag.it\/index.php\/2024\/06\/05\/nicola-santini-e-il-nuovo-direttore-del-settimanale-vero\/","og_site_name":"Live Magazine","article_publisher":"https:\/\/www.facebook.com\/LiveMag\/","article_published_time":"2024-06-05T17:33:49+00:00","article_modified_time":"2024-06-05T17:33:51+00:00","og_image":[{"width":400,"height":524,"url":"https:\/\/www.livemag.it\/wp-content\/uploads\/2024\/06\/Nicola-Santini.jpg","type":"image\/jpeg"}],"author":"Mario Altomura","twitter_card":"summary_large_image","twitter_creator":"@LiveNotizie","twitter_site":"@LiveNotizie","twitter_misc":{"Scritto da":"Mario Altomura","Tempo di lettura stimato":"2 minuti"},"schema":{"@context":"https:\/\/schema.org","@graph":[{"@type":"Article","@id":"https:\/\/www.livemag.it\/index.php\/2024\/06\/05\/nicola-santini-e-il-nuovo-direttore-del-settimanale-vero\/#article","isPartOf":{"@id":"https:\/\/www.livemag.it\/index.php\/2024\/06\/05\/nicola-santini-e-il-nuovo-direttore-del-settimanale-vero\/"},"author":{"name":"Mario Altomura","@id":"https:\/\/www.livemag.it\/#\/schema\/person\/cc097583ef7f4da9e9fe62e8b552ab72"},"headline":"Nicola Santini \u00e8 il nuovo direttore del settimanale Vero","datePublished":"2024-06-05T17:33:49+00:00","dateModified":"2024-06-05T17:33:51+00:00","mainEntityOfPage":{"@id":"https:\/\/www.livemag.it\/index.php\/2024\/06\/05\/nicola-santini-e-il-nuovo-direttore-del-settimanale-vero\/"},"wordCount":264,"commentCount":0,"publisher":{"@id":"https:\/\/www.livemag.it\/#organization"},"image":{"@id":"https:\/\/www.livemag.it\/index.php\/2024\/06\/05\/nicola-santini-e-il-nuovo-direttore-del-settimanale-vero\/#primaryimage"},"thumbnailUrl":"https:\/\/www.livemag.it\/wp-content\/uploads\/2024\/06\/Nicola-Santini.jpg","keywords":["contenuti","direttore","direzione","Ediprojet","giornalista","lettori","live magazine","livemag","livemagazine","Nicola Santini","personaggi","restyling","Santini","spettacolo","Vero"],"articleSection":["LivePeople"],"inLanguage":"it-IT","potentialAction":[{"@type":"CommentAction","name":"Comment","target":["https:\/\/www.livemag.it\/index.php\/2024\/06\/05\/nicola-santini-e-il-nuovo-direttore-del-settimanale-vero\/#respond"]}]},{"@type":"WebPage","@id":"https:\/\/www.livemag.it\/index.php\/2024\/06\/05\/nicola-santini-e-il-nuovo-direttore-del-settimanale-vero\/","url":"https:\/\/www.livemag.it\/index.php\/2024\/06\/05\/nicola-santini-e-il-nuovo-direttore-del-settimanale-vero\/","name":"Nicola Santini \u00e8 il nuovo direttore del settimanale Vero","isPartOf":{"@id":"https:\/\/www.livemag.it\/#website"},"primaryImageOfPage":{"@id":"https:\/\/www.livemag.it\/index.php\/2024\/06\/05\/nicola-santini-e-il-nuovo-direttore-del-settimanale-vero\/#primaryimage"},"image":{"@id":"https:\/\/www.livemag.it\/index.php\/2024\/06\/05\/nicola-santini-e-il-nuovo-direttore-del-settimanale-vero\/#primaryimage"},"thumbnailUrl":"https:\/\/www.livemag.it\/wp-content\/uploads\/2024\/06\/Nicola-Santini.jpg","datePublished":"2024-06-05T17:33:49+00:00","dateModified":"2024-06-05T17:33:51+00:00","description":"Domani, gioved\u00ec 6 giugno 2024, Vero far\u00e0 il suo ritorno nelle edicole dopo una breve pausa con Nicola Santini che ora ne detiene il controllo","breadcrumb":{"@id":"https:\/\/www.livemag.it\/index.php\/2024\/06\/05\/nicola-santini-e-il-nuovo-direttore-del-settimanale-vero\/#breadcrumb"},"inLanguage":"it-IT","potentialAction":[{"@type":"ReadAction","target":["https:\/\/www.livemag.it\/index.php\/2024\/06\/05\/nicola-santini-e-il-nuovo-direttore-del-settimanale-vero\/"]}]},{"@type":"ImageObject","inLanguage":"it-IT","@id":"https:\/\/www.livemag.it\/index.php\/2024\/06\/05\/nicola-santini-e-il-nuovo-direttore-del-settimanale-vero\/#primaryimage","url":"https:\/\/www.livemag.it\/wp-content\/uploads\/2024\/06\/Nicola-Santini.jpg","contentUrl":"https:\/\/www.livemag.it\/wp-content\/uploads\/2024\/06\/Nicola-Santini.jpg","width":400,"height":524,"caption":"Nicola Santini"},{"@type":"BreadcrumbList","@id":"https:\/\/www.livemag.it\/index.php\/2024\/06\/05\/nicola-santini-e-il-nuovo-direttore-del-settimanale-vero\/#breadcrumb","itemListElement":[{"@type":"ListItem","position":1,"name":"Home","item":"https:\/\/www.livemag.it\/"},{"@type":"ListItem","position":2,"name":"Nicola Santini \u00e8 il nuovo direttore del settimanale Vero"}]},{"@type":"WebSite","@id":"https:\/\/www.livemag.it\/#website","url":"https:\/\/www.livemag.it\/","name":"Live Magazine","description":"Varie ed eventi","publisher":{"@id":"https:\/\/www.livemag.it\/#organization"},"potentialAction":[{"@type":"SearchAction","target":{"@type":"EntryPoint","urlTemplate":"https:\/\/www.livemag.it\/?s={search_term_string}"},"query-input":{"@type":"PropertyValueSpecification","valueRequired":true,"valueName":"search_term_string"}}],"inLanguage":"it-IT"},{"@type":"Organization","@id":"https:\/\/www.livemag.it\/#organization","name":"LiveMag","alternateName":"LiveMag News ed eventi","url":"https:\/\/www.livemag.it\/","logo":{"@type":"ImageObject","inLanguage":"it-IT","@id":"https:\/\/www.livemag.it\/#\/schema\/logo\/image\/","url":"https:\/\/www.livemag.it\/wp-content\/uploads\/2024\/02\/immagine-sito.jpg","contentUrl":"https:\/\/www.livemag.it\/wp-content\/uploads\/2024\/02\/immagine-sito.jpg","width":696,"height":696,"caption":"LiveMag"},"image":{"@id":"https:\/\/www.livemag.it\/#\/schema\/logo\/image\/"},"sameAs":["https:\/\/www.facebook.com\/LiveMag\/","https:\/\/x.com\/LiveNotizie","https:\/\/www.instagram.com\/livemag\/"]},{"@type":"Person","@id":"https:\/\/www.livemag.it\/#\/schema\/person\/cc097583ef7f4da9e9fe62e8b552ab72","name":"Mario Altomura","image":{"@type":"ImageObject","inLanguage":"it-IT","@id":"https:\/\/secure.gravatar.com\/avatar\/3c7d3ce72a2bed6bab5e3681d59712a49247bdd227b4ef67de56814084f945dd?s=96&r=g","url":"https:\/\/secure.gravatar.com\/avatar\/3c7d3ce72a2bed6bab5e3681d59712a49247bdd227b4ef67de56814084f945dd?s=96&r=g","contentUrl":"https:\/\/secure.gravatar.com\/avatar\/3c7d3ce72a2bed6bab5e3681d59712a49247bdd227b4ef67de56814084f945dd?s=96&r=g","caption":"Mario Altomura"},"description":"fotografo celebrity","url":"https:\/\/www.livemag.it\/index.php\/author\/fabio-scarpati\/"}]}},"jetpack_featured_media_url":"https:\/\/www.livemag.it\/wp-content\/uploads\/2024\/06\/Nicola-Santini.jpg","_links":{"self":[{"href":"https:\/\/www.livemag.it\/index.php\/wp-json\/wp\/v2\/posts\/27974","targetHints":{"allow":["GET"]}}],"collection":[{"href":"https:\/\/www.livemag.it\/index.php\/wp-json\/wp\/v2\/posts"}],"about":[{"href":"https:\/\/www.livemag.it\/index.php\/wp-json\/wp\/v2\/types\/post"}],"author":[{"embeddable":true,"href":"https:\/\/www.livemag.it\/index.php\/wp-json\/wp\/v2\/users\/20"}],"replies":[{"embeddable":true,"href":"https:\/\/www.livemag.it\/index.php\/wp-json\/wp\/v2\/comments?post=27974"}],"version-history":[{"count":1,"href":"https:\/\/www.livemag.it\/index.php\/wp-json\/wp\/v2\/posts\/27974\/revisions"}],"predecessor-version":[{"id":27977,"href":"https:\/\/www.livemag.it\/index.php\/wp-json\/wp\/v2\/posts\/27974\/revisions\/27977"}],"wp:featuredmedia":[{"embeddable":true,"href":"https:\/\/www.livemag.it\/index.php\/wp-json\/wp\/v2\/media\/27976"}],"wp:attachment":[{"href":"https:\/\/www.livemag.it\/index.php\/wp-json\/wp\/v2\/media?parent=27974"}],"wp:term":[{"taxonomy":"category","embeddable":true,"href":"https:\/\/www.livemag.it\/index.php\/wp-json\/wp\/v2\/categories?post=27974"},{"taxonomy":"post_tag","embeddable":true,"href":"https:\/\/www.livemag.it\/index.php\/wp-json\/wp\/v2\/tags?post=27974"}],"curies":[{"name":"wp","href":"https:\/\/api.w.org\/{rel}","templated":true}]}}