{"id":27446,"date":"2024-05-30T16:36:07","date_gmt":"2024-05-30T14:36:07","guid":{"rendered":"https:\/\/www.livemag.it\/?p=27446"},"modified":"2024-05-30T16:36:31","modified_gmt":"2024-05-30T14:36:31","slug":"marco-carta-dal-trionfo-ad-amici-al-voragine-tour","status":"publish","type":"post","link":"https:\/\/www.livemag.it\/index.php\/2024\/05\/30\/marco-carta-dal-trionfo-ad-amici-al-voragine-tour\/","title":{"rendered":"Marco Carta, dal trionfo ad Amici al Voragine Tour"},"content":{"rendered":"\n<h2 class=\"wp-block-heading\">Marco Carta: Dal Trionfo ad Amici nel 2009 al Tour Estivo, il Viaggio del Cantante Sardo tra Successi, Sfide e Passioni<\/h2>\n\n\n\n<p>Oggi, nella rubrica \u201c<strong><a href=\"https:\/\/www.livemag.it\/wp-content\/uploads\/2024\/05\/Marco-Carta-Intervista.jpg\">Dove nasce la musica<\/a><\/strong>\u201d, a cura di <strong><a href=\"https:\/\/formusicmagazine.it\/\">For Music Magazine<\/a><\/strong>, condotta dalla giornalista <strong>Giulia Calisti<\/strong>, esploreremo il percorso musicale di Marco Carta. L&#8217;artista sardo ha recentemente pubblicato il singolo \u201c<strong>Voragine<\/strong>\u201d e da sabato \u00e8 in tourn\u00e9e con il \u201c<strong>Voragine Tour<\/strong>\u201d, pronto a riscaldare l\u2019estate dei suoi fan.<\/p>\n\n\n\n<h4 class=\"wp-block-heading\">Il trampolino di lancio di Amici e l\u2019inizio della carriera<\/h4>\n\n\n\n<p>\u201c<em>Per me \u00e8 stato tutto. Senza <strong>Amici<\/strong>, \u00e8 improbabile che ce l&#8217;avrei fatta, anche se non si pu\u00f2 mai dire. Mi ha aiutato a superare le prime difficolt\u00e0 nel mondo della musica e ha innescato un effetto domino che ancora oggi \u00e8 presente nella mia vita<\/em>\u201d. Tuttavia, l\u2019artista preferisce non entrare nei dettagli del suo rapporto con la conduttrice <strong>Maria De Filippi<\/strong>: \u201c<em>Devo molta gratitudine a quel programma, per quanto riguarda Maria come persona, preferisco non parlarne.<strong> Mi astengo da qualsiasi commento<\/strong>, anche se positivo, ma ci\u00f2 che ci diciamo preferisco tenerlo per me<\/em>\u201d.<\/p>\n\n\n<div class=\"wp-block-image\">\n<figure class=\"alignleft size-full is-resized\"><img fetchpriority=\"high\" decoding=\"async\" width=\"800\" height=\"501\" src=\"https:\/\/www.livemag.it\/wp-content\/uploads\/2024\/05\/Marco-Carta.jpg\" alt=\"Marco Carta\" class=\"wp-image-27448\" style=\"width:356px;height:auto\" srcset=\"https:\/\/www.livemag.it\/wp-content\/uploads\/2024\/05\/Marco-Carta.jpg 800w, https:\/\/www.livemag.it\/wp-content\/uploads\/2024\/05\/Marco-Carta-300x188.jpg 300w, https:\/\/www.livemag.it\/wp-content\/uploads\/2024\/05\/Marco-Carta-768x481.jpg 768w, https:\/\/www.livemag.it\/wp-content\/uploads\/2024\/05\/Marco-Carta-750x470.jpg 750w\" sizes=\"(max-width: 800px) 100vw, 800px\" \/><figcaption class=\"wp-element-caption\">Marco Carta<\/figcaption><\/figure>\n<\/div>\n\n\n<p>Il percorso musicale di <strong>Marco <\/strong>\u00e8 costellato di premi. Oltre alla <strong>vittoria nella settima edizione di Amici<\/strong>, non si pu\u00f2 dimenticare il <strong>trionfo al Festival di Sanremo nel 2009<\/strong> con la canzone \u201c<strong>La forza mia<\/strong>\u201d. Tra i vari riconoscimenti, l\u2019artista \u00e8 particolarmente legato alla <strong>vittoria dei Kids\u2019 Choice Awards<\/strong>: \u201c<em>Sono come gli <strong>Oscar <\/strong>per i bambini e io ho vinto per due anni consecutivi nella categoria italiana<\/em>\u201d. Tuttavia, c\u2019\u00e8 un po&#8217; di amarezza: \u201c<em>Il secondo anno, la serata era presentata da <strong>Will Smith<\/strong>. Dovevo essere l\u00ec, ma a causa di impegni che la casa discografica non riusc\u00ec a coordinare, non sono riuscito a partecipare e questo mi ha un po\u2019 pesato<\/em>\u201d.<\/p>\n\n\n\n<h4 class=\"wp-block-heading\">Un percorso completo<\/h4>\n\n\n\n<p>\u201c<em>La musica per me rappresenta tutto: la rispetto profondamente e penso che possa anche comprendermi<\/em>\u201d. Oltre al canto, Marco ha esplorato <strong>il doppiaggio e la scrittura<\/strong>: \u201c<em><strong>Sono una persona molto loquace<\/strong>. L\u2019ignoto mi spaventa parzialmente, ma sono curioso di conoscerlo. Ho deciso di provare il doppiaggio pensando fosse facile, ma ho scoperto che era molto difficile, anche se bellissimo<\/em>\u201d. La scrittura, invece, \u00e8 un modo per eliminare le domande: \u201c<em>Scrivere un\u2019autobiografia \u00e8 stato liberatorio, una sorta di psicoanalisi. <strong>Amo liberarmi e non amo le domande<\/strong>. Quando parli prima che le persone possano farti delle domande, le eviti perch\u00e9 non possono pi\u00f9 fartene<\/em>\u201d.<\/p>\n\n\n\n<h4 class=\"wp-block-heading\">Il Tour<\/h4>\n\n\n\n<p>Il tour \u00e8 iniziato sabato scorso, <strong>25 maggio, a Gonnosfanadiga<\/strong> (SU): \u201c<em>\u00c8 andata benissimo e sono felicissimo<\/em>\u201d, ma non \u00e8 ancora finito: \u201c<em>Mi aspetto che la temperatura aumenti, proprio come nelle stagioni: la prima data \u00e8 stata caldissima, ma le prossime saranno sempre pi\u00f9 infuocate. \u00c8 un nuovo riscaldamento anche per me, <strong>la prima data di un tour \u00e8 sempre una responsabilit\u00e0<\/strong>, ma alla fine del concerto mi rendo conto che sta andando tutto bene e mi rilasso<\/em>\u201d.<\/p>\n\n\n\n<p>Guarda\u00a0<a href=\"https:\/\/youtu.be\/FqIUor9GZ-A\"><strong>QUI<\/strong><\/a>\u00a0l\u2019intervista completa<\/p>\n\n\n\n<p><a href=\"https:\/\/www.instagram.com\/altomura\/00?hl=it\" target=\"_blank\" rel=\"noreferrer noopener\">A cura di Mario Altomura<\/a><\/p>\n\n\n\n<p>Leggi anche:&nbsp;<a href=\"https:\/\/www.bollicinevip.com\/stop-ai-capelli-grassi-con-i-consigli-deglesperti\/\">Stop ai capelli grassi, con i consigli degl\u2019esperti<\/a><\/p>\n","protected":false},"excerpt":{"rendered":"<p>Marco Carta: Dal Trionfo ad Amici nel 2009 al Tour Estivo, il Viaggio del Cantante Sardo tra Successi, Sfide e Passioni Oggi, nella rubrica \u201cDove nasce la musica\u201d, a cura di For Music Magazine, condotta dalla giornalista Giulia Calisti, esploreremo il percorso musicale di Marco Carta. L&#8217;artista sardo ha recentemente pubblicato il singolo \u201cVoragine\u201d e [&hellip;]<\/p>\n","protected":false},"author":20,"featured_media":27447,"comment_status":"open","ping_status":"open","sticky":false,"template":"","format":"standard","meta":{"jnews-multi-image_gallery":[],"jnews_single_post":{"subtitle":"","format":"standard","video":"","gallery":"","source_name":"","source_url":"","via_name":"","via_url":"","override_template":"0","override":[{"template":"1","single_blog_custom":"","parallax":"1","fullscreen":"1","layout":"right-sidebar","sidebar":"default-sidebar","second_sidebar":"default-sidebar","sticky_sidebar":"1","share_position":"top","share_float_style":"share-monocrhome","show_share_counter":"0","show_view_counter":"0","show_featured":"1","show_post_meta":"1","show_post_author":"1","show_post_author_image":"1","show_post_date":"1","post_date_format":"default","post_date_format_custom":"Y\/m\/d","show_post_category":"1","show_post_reading_time":"0","post_reading_time_wpm":"300","show_zoom_button":"0","zoom_button_out_step":"2","zoom_button_in_step":"3","show_post_tag":"1","show_prev_next_post":"1","show_popup_post":"1","number_popup_post":"1","show_author_box":"1","show_post_related":"0","show_inline_post_related":"0"}],"override_image_size":"0","image_override":[{"single_post_thumbnail_size":"crop-500","single_post_gallery_size":"crop-500"}],"trending_post":"0","trending_post_position":"meta","trending_post_label":"Trending","sponsored_post":"0","sponsored_post_label":"Sponsored by","sponsored_post_name":"","sponsored_post_url":"","sponsored_post_logo_enable":"0","sponsored_post_logo":"","sponsored_post_desc":"","disable_ad":"0"},"jnews_primary_category":{"id":"","hide":""},"jnews_social_meta":{"fb_title":"","fb_description":"","fb_image":"","twitter_title":"","twitter_description":"","twitter_image":""},"jnews_override_counter":{"override_view_counter":"0","view_counter_number":"0","override_share_counter":"0","share_counter_number":"0","override_like_counter":"0","like_counter_number":"0","override_dislike_counter":"0","dislike_counter_number":"0"},"jnews_post_split":{"enable_post_split":"0","post_split":[{"template":"1","tag":"h2","numbering":"asc","mode":"normal","first":"0","enable_toc":"0","toc_type":"normal"}]},"footnotes":""},"categories":[8],"tags":[1521,2134,1310,1956,1695,2031,2133,2135,2136,2138,2137],"class_list":["post-27446","post","type-post","status-publish","format-standard","has-post-thumbnail","hentry","category-livemusic","tag-amici","tag-cantante","tag-festival-di-sanremo","tag-live-magazine","tag-livemag","tag-livemagazine","tag-marco-carta","tag-tour","tag-tour-estivo","tag-voragine","tag-voragine-tour"],"yoast_head":"<!-- This site is optimized with the Yoast SEO plugin v27.5 - https:\/\/yoast.com\/product\/yoast-seo-wordpress\/ -->\n<title>Marco Carta, dal trionfo ad Amici al Voragine Tour<\/title>\n<meta name=\"description\" content=\"Marco Carta, l&#039;artista sardo ha recentemente pubblicato il singolo \u201cVoragine\u201d e da sabato \u00e8 in tourn\u00e9e con il \u201cVoragine Tour\u201d\" \/>\n<meta name=\"robots\" content=\"index, follow, max-snippet:-1, max-image-preview:large, max-video-preview:-1\" \/>\n<link rel=\"canonical\" href=\"https:\/\/www.livemag.it\/index.php\/2024\/05\/30\/marco-carta-dal-trionfo-ad-amici-al-voragine-tour\/\" \/>\n<meta property=\"og:locale\" content=\"it_IT\" \/>\n<meta property=\"og:type\" content=\"article\" \/>\n<meta property=\"og:title\" content=\"Marco Carta, dal trionfo ad Amici al Voragine Tour\" \/>\n<meta property=\"og:description\" content=\"Marco Carta, l&#039;artista sardo ha recentemente pubblicato il singolo \u201cVoragine\u201d e da sabato \u00e8 in tourn\u00e9e con il \u201cVoragine Tour\u201d\" \/>\n<meta property=\"og:url\" content=\"https:\/\/www.livemag.it\/index.php\/2024\/05\/30\/marco-carta-dal-trionfo-ad-amici-al-voragine-tour\/\" \/>\n<meta property=\"og:site_name\" content=\"Live Magazine\" \/>\n<meta property=\"article:publisher\" content=\"https:\/\/www.facebook.com\/LiveMag\/\" \/>\n<meta property=\"article:published_time\" content=\"2024-05-30T14:36:07+00:00\" \/>\n<meta property=\"article:modified_time\" content=\"2024-05-30T14:36:31+00:00\" \/>\n<meta property=\"og:image\" content=\"https:\/\/www.livemag.it\/wp-content\/uploads\/2024\/05\/Marco-Carta-Intervista.jpg\" \/>\n\t<meta property=\"og:image:width\" content=\"1290\" \/>\n\t<meta property=\"og:image:height\" content=\"719\" \/>\n\t<meta property=\"og:image:type\" content=\"image\/jpeg\" \/>\n<meta name=\"author\" content=\"Mario Altomura\" \/>\n<meta name=\"twitter:card\" content=\"summary_large_image\" \/>\n<meta name=\"twitter:creator\" content=\"@LiveNotizie\" \/>\n<meta name=\"twitter:site\" content=\"@LiveNotizie\" \/>\n<meta name=\"twitter:label1\" content=\"Scritto da\" \/>\n\t<meta name=\"twitter:data1\" content=\"Mario Altomura\" \/>\n\t<meta name=\"twitter:label2\" content=\"Tempo di lettura stimato\" \/>\n\t<meta name=\"twitter:data2\" content=\"4 minuti\" \/>\n<script type=\"application\/ld+json\" class=\"yoast-schema-graph\">{\"@context\":\"https:\\\/\\\/schema.org\",\"@graph\":[{\"@type\":\"Article\",\"@id\":\"https:\\\/\\\/www.livemag.it\\\/index.php\\\/2024\\\/05\\\/30\\\/marco-carta-dal-trionfo-ad-amici-al-voragine-tour\\\/#article\",\"isPartOf\":{\"@id\":\"https:\\\/\\\/www.livemag.it\\\/index.php\\\/2024\\\/05\\\/30\\\/marco-carta-dal-trionfo-ad-amici-al-voragine-tour\\\/\"},\"author\":{\"name\":\"Mario Altomura\",\"@id\":\"https:\\\/\\\/www.livemag.it\\\/#\\\/schema\\\/person\\\/cc097583ef7f4da9e9fe62e8b552ab72\"},\"headline\":\"Marco Carta, dal trionfo ad Amici al Voragine Tour\",\"datePublished\":\"2024-05-30T14:36:07+00:00\",\"dateModified\":\"2024-05-30T14:36:31+00:00\",\"mainEntityOfPage\":{\"@id\":\"https:\\\/\\\/www.livemag.it\\\/index.php\\\/2024\\\/05\\\/30\\\/marco-carta-dal-trionfo-ad-amici-al-voragine-tour\\\/\"},\"wordCount\":496,\"commentCount\":0,\"publisher\":{\"@id\":\"https:\\\/\\\/www.livemag.it\\\/#organization\"},\"image\":{\"@id\":\"https:\\\/\\\/www.livemag.it\\\/index.php\\\/2024\\\/05\\\/30\\\/marco-carta-dal-trionfo-ad-amici-al-voragine-tour\\\/#primaryimage\"},\"thumbnailUrl\":\"https:\\\/\\\/www.livemag.it\\\/wp-content\\\/uploads\\\/2024\\\/05\\\/Marco-Carta-Intervista.jpg\",\"keywords\":[\"amici\",\"Cantante\",\"Festival di Sanremo\",\"live magazine\",\"livemag\",\"livemagazine\",\"Marco Carta\",\"Tour\",\"Tour Estivo\",\"Voragine\",\"Voragine Tour\"],\"articleSection\":[\"LiveMusic\"],\"inLanguage\":\"it-IT\",\"potentialAction\":[{\"@type\":\"CommentAction\",\"name\":\"Comment\",\"target\":[\"https:\\\/\\\/www.livemag.it\\\/index.php\\\/2024\\\/05\\\/30\\\/marco-carta-dal-trionfo-ad-amici-al-voragine-tour\\\/#respond\"]}]},{\"@type\":\"WebPage\",\"@id\":\"https:\\\/\\\/www.livemag.it\\\/index.php\\\/2024\\\/05\\\/30\\\/marco-carta-dal-trionfo-ad-amici-al-voragine-tour\\\/\",\"url\":\"https:\\\/\\\/www.livemag.it\\\/index.php\\\/2024\\\/05\\\/30\\\/marco-carta-dal-trionfo-ad-amici-al-voragine-tour\\\/\",\"name\":\"Marco Carta, dal trionfo ad Amici al Voragine Tour\",\"isPartOf\":{\"@id\":\"https:\\\/\\\/www.livemag.it\\\/#website\"},\"primaryImageOfPage\":{\"@id\":\"https:\\\/\\\/www.livemag.it\\\/index.php\\\/2024\\\/05\\\/30\\\/marco-carta-dal-trionfo-ad-amici-al-voragine-tour\\\/#primaryimage\"},\"image\":{\"@id\":\"https:\\\/\\\/www.livemag.it\\\/index.php\\\/2024\\\/05\\\/30\\\/marco-carta-dal-trionfo-ad-amici-al-voragine-tour\\\/#primaryimage\"},\"thumbnailUrl\":\"https:\\\/\\\/www.livemag.it\\\/wp-content\\\/uploads\\\/2024\\\/05\\\/Marco-Carta-Intervista.jpg\",\"datePublished\":\"2024-05-30T14:36:07+00:00\",\"dateModified\":\"2024-05-30T14:36:31+00:00\",\"description\":\"Marco Carta, l'artista sardo ha recentemente pubblicato il singolo \u201cVoragine\u201d e da sabato \u00e8 in tourn\u00e9e con il \u201cVoragine Tour\u201d\",\"breadcrumb\":{\"@id\":\"https:\\\/\\\/www.livemag.it\\\/index.php\\\/2024\\\/05\\\/30\\\/marco-carta-dal-trionfo-ad-amici-al-voragine-tour\\\/#breadcrumb\"},\"inLanguage\":\"it-IT\",\"potentialAction\":[{\"@type\":\"ReadAction\",\"target\":[\"https:\\\/\\\/www.livemag.it\\\/index.php\\\/2024\\\/05\\\/30\\\/marco-carta-dal-trionfo-ad-amici-al-voragine-tour\\\/\"]}]},{\"@type\":\"ImageObject\",\"inLanguage\":\"it-IT\",\"@id\":\"https:\\\/\\\/www.livemag.it\\\/index.php\\\/2024\\\/05\\\/30\\\/marco-carta-dal-trionfo-ad-amici-al-voragine-tour\\\/#primaryimage\",\"url\":\"https:\\\/\\\/www.livemag.it\\\/wp-content\\\/uploads\\\/2024\\\/05\\\/Marco-Carta-Intervista.jpg\",\"contentUrl\":\"https:\\\/\\\/www.livemag.it\\\/wp-content\\\/uploads\\\/2024\\\/05\\\/Marco-Carta-Intervista.jpg\",\"width\":1290,\"height\":719,\"caption\":\"Marco Carta Intervista\"},{\"@type\":\"BreadcrumbList\",\"@id\":\"https:\\\/\\\/www.livemag.it\\\/index.php\\\/2024\\\/05\\\/30\\\/marco-carta-dal-trionfo-ad-amici-al-voragine-tour\\\/#breadcrumb\",\"itemListElement\":[{\"@type\":\"ListItem\",\"position\":1,\"name\":\"Home\",\"item\":\"https:\\\/\\\/www.livemag.it\\\/\"},{\"@type\":\"ListItem\",\"position\":2,\"name\":\"Marco Carta, dal trionfo ad Amici al Voragine Tour\"}]},{\"@type\":\"WebSite\",\"@id\":\"https:\\\/\\\/www.livemag.it\\\/#website\",\"url\":\"https:\\\/\\\/www.livemag.it\\\/\",\"name\":\"Live Magazine\",\"description\":\"Varie ed eventi\",\"publisher\":{\"@id\":\"https:\\\/\\\/www.livemag.it\\\/#organization\"},\"potentialAction\":[{\"@type\":\"SearchAction\",\"target\":{\"@type\":\"EntryPoint\",\"urlTemplate\":\"https:\\\/\\\/www.livemag.it\\\/?s={search_term_string}\"},\"query-input\":{\"@type\":\"PropertyValueSpecification\",\"valueRequired\":true,\"valueName\":\"search_term_string\"}}],\"inLanguage\":\"it-IT\"},{\"@type\":\"Organization\",\"@id\":\"https:\\\/\\\/www.livemag.it\\\/#organization\",\"name\":\"LiveMag\",\"alternateName\":\"LiveMag News ed eventi\",\"url\":\"https:\\\/\\\/www.livemag.it\\\/\",\"logo\":{\"@type\":\"ImageObject\",\"inLanguage\":\"it-IT\",\"@id\":\"https:\\\/\\\/www.livemag.it\\\/#\\\/schema\\\/logo\\\/image\\\/\",\"url\":\"https:\\\/\\\/www.livemag.it\\\/wp-content\\\/uploads\\\/2024\\\/02\\\/immagine-sito.jpg\",\"contentUrl\":\"https:\\\/\\\/www.livemag.it\\\/wp-content\\\/uploads\\\/2024\\\/02\\\/immagine-sito.jpg\",\"width\":696,\"height\":696,\"caption\":\"LiveMag\"},\"image\":{\"@id\":\"https:\\\/\\\/www.livemag.it\\\/#\\\/schema\\\/logo\\\/image\\\/\"},\"sameAs\":[\"https:\\\/\\\/www.facebook.com\\\/LiveMag\\\/\",\"https:\\\/\\\/x.com\\\/LiveNotizie\",\"https:\\\/\\\/www.instagram.com\\\/livemag\\\/\"]},{\"@type\":\"Person\",\"@id\":\"https:\\\/\\\/www.livemag.it\\\/#\\\/schema\\\/person\\\/cc097583ef7f4da9e9fe62e8b552ab72\",\"name\":\"Mario Altomura\",\"image\":{\"@type\":\"ImageObject\",\"inLanguage\":\"it-IT\",\"@id\":\"https:\\\/\\\/secure.gravatar.com\\\/avatar\\\/3c7d3ce72a2bed6bab5e3681d59712a49247bdd227b4ef67de56814084f945dd?s=96&r=g\",\"url\":\"https:\\\/\\\/secure.gravatar.com\\\/avatar\\\/3c7d3ce72a2bed6bab5e3681d59712a49247bdd227b4ef67de56814084f945dd?s=96&r=g\",\"contentUrl\":\"https:\\\/\\\/secure.gravatar.com\\\/avatar\\\/3c7d3ce72a2bed6bab5e3681d59712a49247bdd227b4ef67de56814084f945dd?s=96&r=g\",\"caption\":\"Mario Altomura\"},\"description\":\"fotografo celebrity\",\"url\":\"https:\\\/\\\/www.livemag.it\\\/index.php\\\/author\\\/fabio-scarpati\\\/\"}]}<\/script>\n<!-- \/ Yoast SEO plugin. -->","yoast_head_json":{"title":"Marco Carta, dal trionfo ad Amici al Voragine Tour","description":"Marco Carta, l'artista sardo ha recentemente pubblicato il singolo \u201cVoragine\u201d e da sabato \u00e8 in tourn\u00e9e con il \u201cVoragine Tour\u201d","robots":{"index":"index","follow":"follow","max-snippet":"max-snippet:-1","max-image-preview":"max-image-preview:large","max-video-preview":"max-video-preview:-1"},"canonical":"https:\/\/www.livemag.it\/index.php\/2024\/05\/30\/marco-carta-dal-trionfo-ad-amici-al-voragine-tour\/","og_locale":"it_IT","og_type":"article","og_title":"Marco Carta, dal trionfo ad Amici al Voragine Tour","og_description":"Marco Carta, l'artista sardo ha recentemente pubblicato il singolo \u201cVoragine\u201d e da sabato \u00e8 in tourn\u00e9e con il \u201cVoragine Tour\u201d","og_url":"https:\/\/www.livemag.it\/index.php\/2024\/05\/30\/marco-carta-dal-trionfo-ad-amici-al-voragine-tour\/","og_site_name":"Live Magazine","article_publisher":"https:\/\/www.facebook.com\/LiveMag\/","article_published_time":"2024-05-30T14:36:07+00:00","article_modified_time":"2024-05-30T14:36:31+00:00","og_image":[{"width":1290,"height":719,"url":"https:\/\/www.livemag.it\/wp-content\/uploads\/2024\/05\/Marco-Carta-Intervista.jpg","type":"image\/jpeg"}],"author":"Mario Altomura","twitter_card":"summary_large_image","twitter_creator":"@LiveNotizie","twitter_site":"@LiveNotizie","twitter_misc":{"Scritto da":"Mario Altomura","Tempo di lettura stimato":"4 minuti"},"schema":{"@context":"https:\/\/schema.org","@graph":[{"@type":"Article","@id":"https:\/\/www.livemag.it\/index.php\/2024\/05\/30\/marco-carta-dal-trionfo-ad-amici-al-voragine-tour\/#article","isPartOf":{"@id":"https:\/\/www.livemag.it\/index.php\/2024\/05\/30\/marco-carta-dal-trionfo-ad-amici-al-voragine-tour\/"},"author":{"name":"Mario Altomura","@id":"https:\/\/www.livemag.it\/#\/schema\/person\/cc097583ef7f4da9e9fe62e8b552ab72"},"headline":"Marco Carta, dal trionfo ad Amici al Voragine Tour","datePublished":"2024-05-30T14:36:07+00:00","dateModified":"2024-05-30T14:36:31+00:00","mainEntityOfPage":{"@id":"https:\/\/www.livemag.it\/index.php\/2024\/05\/30\/marco-carta-dal-trionfo-ad-amici-al-voragine-tour\/"},"wordCount":496,"commentCount":0,"publisher":{"@id":"https:\/\/www.livemag.it\/#organization"},"image":{"@id":"https:\/\/www.livemag.it\/index.php\/2024\/05\/30\/marco-carta-dal-trionfo-ad-amici-al-voragine-tour\/#primaryimage"},"thumbnailUrl":"https:\/\/www.livemag.it\/wp-content\/uploads\/2024\/05\/Marco-Carta-Intervista.jpg","keywords":["amici","Cantante","Festival di Sanremo","live magazine","livemag","livemagazine","Marco Carta","Tour","Tour Estivo","Voragine","Voragine Tour"],"articleSection":["LiveMusic"],"inLanguage":"it-IT","potentialAction":[{"@type":"CommentAction","name":"Comment","target":["https:\/\/www.livemag.it\/index.php\/2024\/05\/30\/marco-carta-dal-trionfo-ad-amici-al-voragine-tour\/#respond"]}]},{"@type":"WebPage","@id":"https:\/\/www.livemag.it\/index.php\/2024\/05\/30\/marco-carta-dal-trionfo-ad-amici-al-voragine-tour\/","url":"https:\/\/www.livemag.it\/index.php\/2024\/05\/30\/marco-carta-dal-trionfo-ad-amici-al-voragine-tour\/","name":"Marco Carta, dal trionfo ad Amici al Voragine Tour","isPartOf":{"@id":"https:\/\/www.livemag.it\/#website"},"primaryImageOfPage":{"@id":"https:\/\/www.livemag.it\/index.php\/2024\/05\/30\/marco-carta-dal-trionfo-ad-amici-al-voragine-tour\/#primaryimage"},"image":{"@id":"https:\/\/www.livemag.it\/index.php\/2024\/05\/30\/marco-carta-dal-trionfo-ad-amici-al-voragine-tour\/#primaryimage"},"thumbnailUrl":"https:\/\/www.livemag.it\/wp-content\/uploads\/2024\/05\/Marco-Carta-Intervista.jpg","datePublished":"2024-05-30T14:36:07+00:00","dateModified":"2024-05-30T14:36:31+00:00","description":"Marco Carta, l'artista sardo ha recentemente pubblicato il singolo \u201cVoragine\u201d e da sabato \u00e8 in tourn\u00e9e con il \u201cVoragine Tour\u201d","breadcrumb":{"@id":"https:\/\/www.livemag.it\/index.php\/2024\/05\/30\/marco-carta-dal-trionfo-ad-amici-al-voragine-tour\/#breadcrumb"},"inLanguage":"it-IT","potentialAction":[{"@type":"ReadAction","target":["https:\/\/www.livemag.it\/index.php\/2024\/05\/30\/marco-carta-dal-trionfo-ad-amici-al-voragine-tour\/"]}]},{"@type":"ImageObject","inLanguage":"it-IT","@id":"https:\/\/www.livemag.it\/index.php\/2024\/05\/30\/marco-carta-dal-trionfo-ad-amici-al-voragine-tour\/#primaryimage","url":"https:\/\/www.livemag.it\/wp-content\/uploads\/2024\/05\/Marco-Carta-Intervista.jpg","contentUrl":"https:\/\/www.livemag.it\/wp-content\/uploads\/2024\/05\/Marco-Carta-Intervista.jpg","width":1290,"height":719,"caption":"Marco Carta Intervista"},{"@type":"BreadcrumbList","@id":"https:\/\/www.livemag.it\/index.php\/2024\/05\/30\/marco-carta-dal-trionfo-ad-amici-al-voragine-tour\/#breadcrumb","itemListElement":[{"@type":"ListItem","position":1,"name":"Home","item":"https:\/\/www.livemag.it\/"},{"@type":"ListItem","position":2,"name":"Marco Carta, dal trionfo ad Amici al Voragine Tour"}]},{"@type":"WebSite","@id":"https:\/\/www.livemag.it\/#website","url":"https:\/\/www.livemag.it\/","name":"Live Magazine","description":"Varie ed eventi","publisher":{"@id":"https:\/\/www.livemag.it\/#organization"},"potentialAction":[{"@type":"SearchAction","target":{"@type":"EntryPoint","urlTemplate":"https:\/\/www.livemag.it\/?s={search_term_string}"},"query-input":{"@type":"PropertyValueSpecification","valueRequired":true,"valueName":"search_term_string"}}],"inLanguage":"it-IT"},{"@type":"Organization","@id":"https:\/\/www.livemag.it\/#organization","name":"LiveMag","alternateName":"LiveMag News ed eventi","url":"https:\/\/www.livemag.it\/","logo":{"@type":"ImageObject","inLanguage":"it-IT","@id":"https:\/\/www.livemag.it\/#\/schema\/logo\/image\/","url":"https:\/\/www.livemag.it\/wp-content\/uploads\/2024\/02\/immagine-sito.jpg","contentUrl":"https:\/\/www.livemag.it\/wp-content\/uploads\/2024\/02\/immagine-sito.jpg","width":696,"height":696,"caption":"LiveMag"},"image":{"@id":"https:\/\/www.livemag.it\/#\/schema\/logo\/image\/"},"sameAs":["https:\/\/www.facebook.com\/LiveMag\/","https:\/\/x.com\/LiveNotizie","https:\/\/www.instagram.com\/livemag\/"]},{"@type":"Person","@id":"https:\/\/www.livemag.it\/#\/schema\/person\/cc097583ef7f4da9e9fe62e8b552ab72","name":"Mario Altomura","image":{"@type":"ImageObject","inLanguage":"it-IT","@id":"https:\/\/secure.gravatar.com\/avatar\/3c7d3ce72a2bed6bab5e3681d59712a49247bdd227b4ef67de56814084f945dd?s=96&r=g","url":"https:\/\/secure.gravatar.com\/avatar\/3c7d3ce72a2bed6bab5e3681d59712a49247bdd227b4ef67de56814084f945dd?s=96&r=g","contentUrl":"https:\/\/secure.gravatar.com\/avatar\/3c7d3ce72a2bed6bab5e3681d59712a49247bdd227b4ef67de56814084f945dd?s=96&r=g","caption":"Mario Altomura"},"description":"fotografo celebrity","url":"https:\/\/www.livemag.it\/index.php\/author\/fabio-scarpati\/"}]}},"jetpack_featured_media_url":"https:\/\/www.livemag.it\/wp-content\/uploads\/2024\/05\/Marco-Carta-Intervista.jpg","_links":{"self":[{"href":"https:\/\/www.livemag.it\/index.php\/wp-json\/wp\/v2\/posts\/27446","targetHints":{"allow":["GET"]}}],"collection":[{"href":"https:\/\/www.livemag.it\/index.php\/wp-json\/wp\/v2\/posts"}],"about":[{"href":"https:\/\/www.livemag.it\/index.php\/wp-json\/wp\/v2\/types\/post"}],"author":[{"embeddable":true,"href":"https:\/\/www.livemag.it\/index.php\/wp-json\/wp\/v2\/users\/20"}],"replies":[{"embeddable":true,"href":"https:\/\/www.livemag.it\/index.php\/wp-json\/wp\/v2\/comments?post=27446"}],"version-history":[{"count":2,"href":"https:\/\/www.livemag.it\/index.php\/wp-json\/wp\/v2\/posts\/27446\/revisions"}],"predecessor-version":[{"id":27450,"href":"https:\/\/www.livemag.it\/index.php\/wp-json\/wp\/v2\/posts\/27446\/revisions\/27450"}],"wp:featuredmedia":[{"embeddable":true,"href":"https:\/\/www.livemag.it\/index.php\/wp-json\/wp\/v2\/media\/27447"}],"wp:attachment":[{"href":"https:\/\/www.livemag.it\/index.php\/wp-json\/wp\/v2\/media?parent=27446"}],"wp:term":[{"taxonomy":"category","embeddable":true,"href":"https:\/\/www.livemag.it\/index.php\/wp-json\/wp\/v2\/categories?post=27446"},{"taxonomy":"post_tag","embeddable":true,"href":"https:\/\/www.livemag.it\/index.php\/wp-json\/wp\/v2\/tags?post=27446"}],"curies":[{"name":"wp","href":"https:\/\/api.w.org\/{rel}","templated":true}]}}