{"id":27434,"date":"2024-05-30T15:02:09","date_gmt":"2024-05-30T13:02:09","guid":{"rendered":"https:\/\/www.livemag.it\/index.php\/2024\/05\/30\/ue-bandecchi-serve-unica-politica-estera-ed-esercito\/"},"modified":"2024-05-30T15:02:09","modified_gmt":"2024-05-30T13:02:09","slug":"ue-bandecchi-serve-unica-politica-estera-ed-esercito","status":"publish","type":"post","link":"https:\/\/www.livemag.it\/index.php\/2024\/05\/30\/ue-bandecchi-serve-unica-politica-estera-ed-esercito\/","title":{"rendered":"<div>Ue, Bandecchi &#8220;Serve unica politica estera ed esercito&#8221;<\/div>"},"content":{"rendered":"<p>    <video-js id=\"videojs69f207fbaaa94\" class=\"vjs-big-play-centered\" controls preload=\"auto\" playsinline data-setup='{\"fluid\": true}'>\r\n        <source src=\"https:\/\/video.italpress.com\/play\/mp4\/video\/0EvN\" type=\"video\/mp4\" \/>\r\n    <\/video-js>\r\n           <br \/>\n<\/p>\n<div> ROMA (ITALPRESS) &#8211; &#8220;Noi abbiamo in testa un\u2019Europa che avr\u00e0 la capacit\u00e0 di fare una sola politica estera e un unico esercito, anche se ogni nazione avr\u00e0 l\u2019esercito predisposto ad una vera e propria difesa. Noi abbiamo in mente un\u2019Europa che non \u00e8 guerrafondaia, non aiuta nessuno a fare le guerre e non aiuta nessuno con le armi. Per\u00f2 deve essere una nazione che non pu\u00f2 essere invasa da nessuno: Russia, Cina e India. Gli stessi Stati Uniti non devono mettere bocca sulle cose europee&#8221;. Lo ha detto Stefano Bandecchi, candidato alle elezioni europee con Alternativa Popolare, intervistato da Claudio Brachino per la rubrica &#8220;Primo Piano &#8211; Elezioni Europee&#8221; dell&#8217;agenzia Italpress.<br \/>\nxh7\/mgg\/mrv<\/div>\n","protected":false},"excerpt":{"rendered":"<p>ROMA (ITALPRESS) &#8211; &#8220;Noi abbiamo in testa un\u2019Europa che avr\u00e0 la capacit\u00e0 di fare una sola politica estera e un unico esercito, anche se ogni nazione avr\u00e0 l\u2019esercito predisposto ad una vera e propria difesa. Noi abbiamo in mente un\u2019Europa che non \u00e8 guerrafondaia, non aiuta nessuno a fare le guerre e non aiuta nessuno [&hellip;]<\/p>\n","protected":false},"author":16,"featured_media":27435,"comment_status":"closed","ping_status":"closed","sticky":false,"template":"","format":"video","meta":{"jnews-multi-image_gallery":[],"jnews_single_post":[],"jnews_primary_category":[],"jnews_social_meta":[],"jnews_override_counter":[],"jnews_post_split":[],"footnotes":""},"categories":[1171],"tags":[],"class_list":["post-27434","post","type-post","status-publish","format-video","has-post-thumbnail","hentry","category-video","post_format-post-format-video"],"yoast_head":"<!-- This site is optimized with the Yoast SEO plugin v27.5 - https:\/\/yoast.com\/product\/yoast-seo-wordpress\/ -->\n<title>Ue, Bandecchi &quot;Serve unica politica estera ed esercito&quot; - Live Magazine<\/title>\n<meta name=\"robots\" content=\"index, follow, max-snippet:-1, max-image-preview:large, max-video-preview:-1\" \/>\n<link rel=\"canonical\" href=\"https:\/\/www.livemag.it\/index.php\/2024\/05\/30\/ue-bandecchi-serve-unica-politica-estera-ed-esercito\/\" \/>\n<meta property=\"og:locale\" content=\"it_IT\" \/>\n<meta property=\"og:type\" content=\"article\" \/>\n<meta property=\"og:title\" content=\"Ue, Bandecchi &quot;Serve unica politica estera ed esercito&quot; - Live Magazine\" \/>\n<meta property=\"og:description\" content=\"ROMA (ITALPRESS) &#8211; &#8220;Noi abbiamo in testa un\u2019Europa che avr\u00e0 la capacit\u00e0 di fare una sola politica estera e un unico esercito, anche se ogni nazione avr\u00e0 l\u2019esercito predisposto ad una vera e propria difesa. Noi abbiamo in mente un\u2019Europa che non \u00e8 guerrafondaia, non aiuta nessuno a fare le guerre e non aiuta nessuno [&hellip;]\" \/>\n<meta property=\"og:url\" content=\"https:\/\/www.livemag.it\/index.php\/2024\/05\/30\/ue-bandecchi-serve-unica-politica-estera-ed-esercito\/\" \/>\n<meta property=\"og:site_name\" content=\"Live Magazine\" \/>\n<meta property=\"article:publisher\" content=\"https:\/\/www.facebook.com\/LiveMag\/\" \/>\n<meta property=\"article:published_time\" content=\"2024-05-30T13:02:09+00:00\" \/>\n<meta property=\"og:image\" content=\"https:\/\/www.livemag.it\/wp-content\/uploads\/2024\/02\/ograph.jpg\" \/>\n\t<meta property=\"og:image:width\" content=\"1200\" \/>\n\t<meta property=\"og:image:height\" content=\"675\" \/>\n\t<meta property=\"og:image:type\" content=\"image\/jpeg\" \/>\n<meta name=\"author\" content=\"italpress\" \/>\n<meta name=\"twitter:card\" content=\"summary_large_image\" \/>\n<meta name=\"twitter:creator\" content=\"@LiveNotizie\" \/>\n<meta name=\"twitter:site\" content=\"@LiveNotizie\" \/>\n<meta name=\"twitter:label1\" content=\"Scritto da\" \/>\n\t<meta name=\"twitter:data1\" content=\"italpress\" \/>\n\t<meta name=\"twitter:label2\" content=\"Tempo di lettura stimato\" \/>\n\t<meta name=\"twitter:data2\" content=\"1 minuto\" \/>\n<script type=\"application\/ld+json\" class=\"yoast-schema-graph\">{\"@context\":\"https:\\\/\\\/schema.org\",\"@graph\":[{\"@type\":\"Article\",\"@id\":\"https:\\\/\\\/www.livemag.it\\\/index.php\\\/2024\\\/05\\\/30\\\/ue-bandecchi-serve-unica-politica-estera-ed-esercito\\\/#article\",\"isPartOf\":{\"@id\":\"https:\\\/\\\/www.livemag.it\\\/index.php\\\/2024\\\/05\\\/30\\\/ue-bandecchi-serve-unica-politica-estera-ed-esercito\\\/\"},\"author\":{\"name\":\"italpress\",\"@id\":\"https:\\\/\\\/www.livemag.it\\\/#\\\/schema\\\/person\\\/b62c5f44451fdcdaeb0afe6c2424e73c\"},\"headline\":\"Ue, Bandecchi &#8220;Serve unica politica estera ed esercito&#8221;\",\"datePublished\":\"2024-05-30T13:02:09+00:00\",\"mainEntityOfPage\":{\"@id\":\"https:\\\/\\\/www.livemag.it\\\/index.php\\\/2024\\\/05\\\/30\\\/ue-bandecchi-serve-unica-politica-estera-ed-esercito\\\/\"},\"wordCount\":136,\"publisher\":{\"@id\":\"https:\\\/\\\/www.livemag.it\\\/#organization\"},\"image\":{\"@id\":\"https:\\\/\\\/www.livemag.it\\\/index.php\\\/2024\\\/05\\\/30\\\/ue-bandecchi-serve-unica-politica-estera-ed-esercito\\\/#primaryimage\"},\"thumbnailUrl\":\"https:\\\/\\\/www.livemag.it\\\/wp-content\\\/uploads\\\/2024\\\/05\\\/0EvN.jpg\",\"articleSection\":[\"Video\"],\"inLanguage\":\"it-IT\"},{\"@type\":\"WebPage\",\"@id\":\"https:\\\/\\\/www.livemag.it\\\/index.php\\\/2024\\\/05\\\/30\\\/ue-bandecchi-serve-unica-politica-estera-ed-esercito\\\/\",\"url\":\"https:\\\/\\\/www.livemag.it\\\/index.php\\\/2024\\\/05\\\/30\\\/ue-bandecchi-serve-unica-politica-estera-ed-esercito\\\/\",\"name\":\"Ue, Bandecchi \\\"Serve unica politica estera ed esercito\\\" - Live Magazine\",\"isPartOf\":{\"@id\":\"https:\\\/\\\/www.livemag.it\\\/#website\"},\"primaryImageOfPage\":{\"@id\":\"https:\\\/\\\/www.livemag.it\\\/index.php\\\/2024\\\/05\\\/30\\\/ue-bandecchi-serve-unica-politica-estera-ed-esercito\\\/#primaryimage\"},\"image\":{\"@id\":\"https:\\\/\\\/www.livemag.it\\\/index.php\\\/2024\\\/05\\\/30\\\/ue-bandecchi-serve-unica-politica-estera-ed-esercito\\\/#primaryimage\"},\"thumbnailUrl\":\"https:\\\/\\\/www.livemag.it\\\/wp-content\\\/uploads\\\/2024\\\/05\\\/0EvN.jpg\",\"datePublished\":\"2024-05-30T13:02:09+00:00\",\"breadcrumb\":{\"@id\":\"https:\\\/\\\/www.livemag.it\\\/index.php\\\/2024\\\/05\\\/30\\\/ue-bandecchi-serve-unica-politica-estera-ed-esercito\\\/#breadcrumb\"},\"inLanguage\":\"it-IT\",\"potentialAction\":[{\"@type\":\"ReadAction\",\"target\":[\"https:\\\/\\\/www.livemag.it\\\/index.php\\\/2024\\\/05\\\/30\\\/ue-bandecchi-serve-unica-politica-estera-ed-esercito\\\/\"]}]},{\"@type\":\"ImageObject\",\"inLanguage\":\"it-IT\",\"@id\":\"https:\\\/\\\/www.livemag.it\\\/index.php\\\/2024\\\/05\\\/30\\\/ue-bandecchi-serve-unica-politica-estera-ed-esercito\\\/#primaryimage\",\"url\":\"https:\\\/\\\/www.livemag.it\\\/wp-content\\\/uploads\\\/2024\\\/05\\\/0EvN.jpg\",\"contentUrl\":\"https:\\\/\\\/www.livemag.it\\\/wp-content\\\/uploads\\\/2024\\\/05\\\/0EvN.jpg\",\"width\":1920,\"height\":1080},{\"@type\":\"BreadcrumbList\",\"@id\":\"https:\\\/\\\/www.livemag.it\\\/index.php\\\/2024\\\/05\\\/30\\\/ue-bandecchi-serve-unica-politica-estera-ed-esercito\\\/#breadcrumb\",\"itemListElement\":[{\"@type\":\"ListItem\",\"position\":1,\"name\":\"Home\",\"item\":\"https:\\\/\\\/www.livemag.it\\\/\"},{\"@type\":\"ListItem\",\"position\":2,\"name\":\"Ue, Bandecchi &#8220;Serve unica politica estera ed esercito&#8221;\"}]},{\"@type\":\"WebSite\",\"@id\":\"https:\\\/\\\/www.livemag.it\\\/#website\",\"url\":\"https:\\\/\\\/www.livemag.it\\\/\",\"name\":\"Live Magazine\",\"description\":\"Varie ed eventi\",\"publisher\":{\"@id\":\"https:\\\/\\\/www.livemag.it\\\/#organization\"},\"potentialAction\":[{\"@type\":\"SearchAction\",\"target\":{\"@type\":\"EntryPoint\",\"urlTemplate\":\"https:\\\/\\\/www.livemag.it\\\/?s={search_term_string}\"},\"query-input\":{\"@type\":\"PropertyValueSpecification\",\"valueRequired\":true,\"valueName\":\"search_term_string\"}}],\"inLanguage\":\"it-IT\"},{\"@type\":\"Organization\",\"@id\":\"https:\\\/\\\/www.livemag.it\\\/#organization\",\"name\":\"LiveMag\",\"alternateName\":\"LiveMag News ed eventi\",\"url\":\"https:\\\/\\\/www.livemag.it\\\/\",\"logo\":{\"@type\":\"ImageObject\",\"inLanguage\":\"it-IT\",\"@id\":\"https:\\\/\\\/www.livemag.it\\\/#\\\/schema\\\/logo\\\/image\\\/\",\"url\":\"https:\\\/\\\/www.livemag.it\\\/wp-content\\\/uploads\\\/2024\\\/02\\\/immagine-sito.jpg\",\"contentUrl\":\"https:\\\/\\\/www.livemag.it\\\/wp-content\\\/uploads\\\/2024\\\/02\\\/immagine-sito.jpg\",\"width\":696,\"height\":696,\"caption\":\"LiveMag\"},\"image\":{\"@id\":\"https:\\\/\\\/www.livemag.it\\\/#\\\/schema\\\/logo\\\/image\\\/\"},\"sameAs\":[\"https:\\\/\\\/www.facebook.com\\\/LiveMag\\\/\",\"https:\\\/\\\/x.com\\\/LiveNotizie\",\"https:\\\/\\\/www.instagram.com\\\/livemag\\\/\"]},{\"@type\":\"Person\",\"@id\":\"https:\\\/\\\/www.livemag.it\\\/#\\\/schema\\\/person\\\/b62c5f44451fdcdaeb0afe6c2424e73c\",\"name\":\"italpress\",\"image\":{\"@type\":\"ImageObject\",\"inLanguage\":\"it-IT\",\"@id\":\"https:\\\/\\\/secure.gravatar.com\\\/avatar\\\/b6a21695fc713ce7ee312cf57c97e2e641feb365be72d8745574d3c3e2b59066?s=96&r=g\",\"url\":\"https:\\\/\\\/secure.gravatar.com\\\/avatar\\\/b6a21695fc713ce7ee312cf57c97e2e641feb365be72d8745574d3c3e2b59066?s=96&r=g\",\"contentUrl\":\"https:\\\/\\\/secure.gravatar.com\\\/avatar\\\/b6a21695fc713ce7ee312cf57c97e2e641feb365be72d8745574d3c3e2b59066?s=96&r=g\",\"caption\":\"italpress\"},\"description\":\"Italpress \u00e8 un'agenzia di stampa italiana a carattere nazionale.\",\"url\":\"https:\\\/\\\/www.livemag.it\\\/index.php\\\/author\\\/italpress\\\/\"}]}<\/script>\n<!-- \/ Yoast SEO plugin. -->","yoast_head_json":{"title":"Ue, Bandecchi \"Serve unica politica estera ed esercito\" - Live Magazine","robots":{"index":"index","follow":"follow","max-snippet":"max-snippet:-1","max-image-preview":"max-image-preview:large","max-video-preview":"max-video-preview:-1"},"canonical":"https:\/\/www.livemag.it\/index.php\/2024\/05\/30\/ue-bandecchi-serve-unica-politica-estera-ed-esercito\/","og_locale":"it_IT","og_type":"article","og_title":"Ue, Bandecchi \"Serve unica politica estera ed esercito\" - Live Magazine","og_description":"ROMA (ITALPRESS) &#8211; &#8220;Noi abbiamo in testa un\u2019Europa che avr\u00e0 la capacit\u00e0 di fare una sola politica estera e un unico esercito, anche se ogni nazione avr\u00e0 l\u2019esercito predisposto ad una vera e propria difesa. Noi abbiamo in mente un\u2019Europa che non \u00e8 guerrafondaia, non aiuta nessuno a fare le guerre e non aiuta nessuno [&hellip;]","og_url":"https:\/\/www.livemag.it\/index.php\/2024\/05\/30\/ue-bandecchi-serve-unica-politica-estera-ed-esercito\/","og_site_name":"Live Magazine","article_publisher":"https:\/\/www.facebook.com\/LiveMag\/","article_published_time":"2024-05-30T13:02:09+00:00","og_image":[{"width":1200,"height":675,"url":"https:\/\/www.livemag.it\/wp-content\/uploads\/2024\/02\/ograph.jpg","type":"image\/jpeg"}],"author":"italpress","twitter_card":"summary_large_image","twitter_creator":"@LiveNotizie","twitter_site":"@LiveNotizie","twitter_misc":{"Scritto da":"italpress","Tempo di lettura stimato":"1 minuto"},"schema":{"@context":"https:\/\/schema.org","@graph":[{"@type":"Article","@id":"https:\/\/www.livemag.it\/index.php\/2024\/05\/30\/ue-bandecchi-serve-unica-politica-estera-ed-esercito\/#article","isPartOf":{"@id":"https:\/\/www.livemag.it\/index.php\/2024\/05\/30\/ue-bandecchi-serve-unica-politica-estera-ed-esercito\/"},"author":{"name":"italpress","@id":"https:\/\/www.livemag.it\/#\/schema\/person\/b62c5f44451fdcdaeb0afe6c2424e73c"},"headline":"Ue, Bandecchi &#8220;Serve unica politica estera ed esercito&#8221;","datePublished":"2024-05-30T13:02:09+00:00","mainEntityOfPage":{"@id":"https:\/\/www.livemag.it\/index.php\/2024\/05\/30\/ue-bandecchi-serve-unica-politica-estera-ed-esercito\/"},"wordCount":136,"publisher":{"@id":"https:\/\/www.livemag.it\/#organization"},"image":{"@id":"https:\/\/www.livemag.it\/index.php\/2024\/05\/30\/ue-bandecchi-serve-unica-politica-estera-ed-esercito\/#primaryimage"},"thumbnailUrl":"https:\/\/www.livemag.it\/wp-content\/uploads\/2024\/05\/0EvN.jpg","articleSection":["Video"],"inLanguage":"it-IT"},{"@type":"WebPage","@id":"https:\/\/www.livemag.it\/index.php\/2024\/05\/30\/ue-bandecchi-serve-unica-politica-estera-ed-esercito\/","url":"https:\/\/www.livemag.it\/index.php\/2024\/05\/30\/ue-bandecchi-serve-unica-politica-estera-ed-esercito\/","name":"Ue, Bandecchi \"Serve unica politica estera ed esercito\" - Live Magazine","isPartOf":{"@id":"https:\/\/www.livemag.it\/#website"},"primaryImageOfPage":{"@id":"https:\/\/www.livemag.it\/index.php\/2024\/05\/30\/ue-bandecchi-serve-unica-politica-estera-ed-esercito\/#primaryimage"},"image":{"@id":"https:\/\/www.livemag.it\/index.php\/2024\/05\/30\/ue-bandecchi-serve-unica-politica-estera-ed-esercito\/#primaryimage"},"thumbnailUrl":"https:\/\/www.livemag.it\/wp-content\/uploads\/2024\/05\/0EvN.jpg","datePublished":"2024-05-30T13:02:09+00:00","breadcrumb":{"@id":"https:\/\/www.livemag.it\/index.php\/2024\/05\/30\/ue-bandecchi-serve-unica-politica-estera-ed-esercito\/#breadcrumb"},"inLanguage":"it-IT","potentialAction":[{"@type":"ReadAction","target":["https:\/\/www.livemag.it\/index.php\/2024\/05\/30\/ue-bandecchi-serve-unica-politica-estera-ed-esercito\/"]}]},{"@type":"ImageObject","inLanguage":"it-IT","@id":"https:\/\/www.livemag.it\/index.php\/2024\/05\/30\/ue-bandecchi-serve-unica-politica-estera-ed-esercito\/#primaryimage","url":"https:\/\/www.livemag.it\/wp-content\/uploads\/2024\/05\/0EvN.jpg","contentUrl":"https:\/\/www.livemag.it\/wp-content\/uploads\/2024\/05\/0EvN.jpg","width":1920,"height":1080},{"@type":"BreadcrumbList","@id":"https:\/\/www.livemag.it\/index.php\/2024\/05\/30\/ue-bandecchi-serve-unica-politica-estera-ed-esercito\/#breadcrumb","itemListElement":[{"@type":"ListItem","position":1,"name":"Home","item":"https:\/\/www.livemag.it\/"},{"@type":"ListItem","position":2,"name":"Ue, Bandecchi &#8220;Serve unica politica estera ed esercito&#8221;"}]},{"@type":"WebSite","@id":"https:\/\/www.livemag.it\/#website","url":"https:\/\/www.livemag.it\/","name":"Live Magazine","description":"Varie ed eventi","publisher":{"@id":"https:\/\/www.livemag.it\/#organization"},"potentialAction":[{"@type":"SearchAction","target":{"@type":"EntryPoint","urlTemplate":"https:\/\/www.livemag.it\/?s={search_term_string}"},"query-input":{"@type":"PropertyValueSpecification","valueRequired":true,"valueName":"search_term_string"}}],"inLanguage":"it-IT"},{"@type":"Organization","@id":"https:\/\/www.livemag.it\/#organization","name":"LiveMag","alternateName":"LiveMag News ed eventi","url":"https:\/\/www.livemag.it\/","logo":{"@type":"ImageObject","inLanguage":"it-IT","@id":"https:\/\/www.livemag.it\/#\/schema\/logo\/image\/","url":"https:\/\/www.livemag.it\/wp-content\/uploads\/2024\/02\/immagine-sito.jpg","contentUrl":"https:\/\/www.livemag.it\/wp-content\/uploads\/2024\/02\/immagine-sito.jpg","width":696,"height":696,"caption":"LiveMag"},"image":{"@id":"https:\/\/www.livemag.it\/#\/schema\/logo\/image\/"},"sameAs":["https:\/\/www.facebook.com\/LiveMag\/","https:\/\/x.com\/LiveNotizie","https:\/\/www.instagram.com\/livemag\/"]},{"@type":"Person","@id":"https:\/\/www.livemag.it\/#\/schema\/person\/b62c5f44451fdcdaeb0afe6c2424e73c","name":"italpress","image":{"@type":"ImageObject","inLanguage":"it-IT","@id":"https:\/\/secure.gravatar.com\/avatar\/b6a21695fc713ce7ee312cf57c97e2e641feb365be72d8745574d3c3e2b59066?s=96&r=g","url":"https:\/\/secure.gravatar.com\/avatar\/b6a21695fc713ce7ee312cf57c97e2e641feb365be72d8745574d3c3e2b59066?s=96&r=g","contentUrl":"https:\/\/secure.gravatar.com\/avatar\/b6a21695fc713ce7ee312cf57c97e2e641feb365be72d8745574d3c3e2b59066?s=96&r=g","caption":"italpress"},"description":"Italpress \u00e8 un'agenzia di stampa italiana a carattere nazionale.","url":"https:\/\/www.livemag.it\/index.php\/author\/italpress\/"}]}},"jetpack_featured_media_url":"https:\/\/www.livemag.it\/wp-content\/uploads\/2024\/05\/0EvN.jpg","_links":{"self":[{"href":"https:\/\/www.livemag.it\/index.php\/wp-json\/wp\/v2\/posts\/27434","targetHints":{"allow":["GET"]}}],"collection":[{"href":"https:\/\/www.livemag.it\/index.php\/wp-json\/wp\/v2\/posts"}],"about":[{"href":"https:\/\/www.livemag.it\/index.php\/wp-json\/wp\/v2\/types\/post"}],"author":[{"embeddable":true,"href":"https:\/\/www.livemag.it\/index.php\/wp-json\/wp\/v2\/users\/16"}],"replies":[{"embeddable":true,"href":"https:\/\/www.livemag.it\/index.php\/wp-json\/wp\/v2\/comments?post=27434"}],"version-history":[{"count":0,"href":"https:\/\/www.livemag.it\/index.php\/wp-json\/wp\/v2\/posts\/27434\/revisions"}],"wp:featuredmedia":[{"embeddable":true,"href":"https:\/\/www.livemag.it\/index.php\/wp-json\/wp\/v2\/media\/27435"}],"wp:attachment":[{"href":"https:\/\/www.livemag.it\/index.php\/wp-json\/wp\/v2\/media?parent=27434"}],"wp:term":[{"taxonomy":"category","embeddable":true,"href":"https:\/\/www.livemag.it\/index.php\/wp-json\/wp\/v2\/categories?post=27434"},{"taxonomy":"post_tag","embeddable":true,"href":"https:\/\/www.livemag.it\/index.php\/wp-json\/wp\/v2\/tags?post=27434"}],"curies":[{"name":"wp","href":"https:\/\/api.w.org\/{rel}","templated":true}]}}