{"id":27422,"date":"2024-05-30T12:35:58","date_gmt":"2024-05-30T10:35:58","guid":{"rendered":"https:\/\/www.livemag.it\/?p=27422"},"modified":"2024-05-30T16:34:00","modified_gmt":"2024-05-30T14:34:00","slug":"vela-day-il-2-6-yacht-club","status":"publish","type":"post","link":"https:\/\/www.livemag.it\/index.php\/2024\/05\/30\/vela-day-il-2-6-yacht-club\/","title":{"rendered":"Vela Day il 2\/6 @ Yacht Club"},"content":{"rendered":"\n<p>Vela Day il 2\/6 @ <a href=\"https:\/\/www.yachtclubcomo.it\/\">Yacht Club Como.<\/a>.. <strong>Domenica 2 Giugno &#8217;24 Yacht Club Como dalle 9 alle 17 offre la possibilit\u00e0 di provare le imbarcazioni della Scuola Vela.<\/strong> Non \u00e8 solo l&#8217;occasione giusta per ricevere informazioni relative ai corsi che si terranno da giugno a settembre: \u00e8 il momento giusto per salire in barca&#8230; e divertirsi. \u00a0<strong>L&#8217;iniziativa \u00e8 aperta a tutti, anche a chi non \u00e8 socio del club, ed \u00e8 totalmente gratuita. <\/strong>E&#8217; dedicata poi a tutte le fasce d&#8217;et\u00e0. Si parte dai bambini dai 6 ai 12 anni e si arriva agli <a href=\"https:\/\/www.livemag.it\/index.php\/good-life\/\">adulti<\/a>.\u00a0<\/p>\n\n\n\n<p>Vela Day il 2\/6 @ Yacht Club Como, si diceva&#8230;<\/p>\n\n\n\n<p>Il mondo della vela \u00e8 decisamente magico e provarlo anche solo per qualche ora rilassa. \u00a0Sar\u00e0 quindi una giornata bella ma impegnativa per lo staff di Yacht Club Como. Organizzazione a terra, accoglienza e ovviamente tutte le esperienze da vivere in barca non sono una passeggiata, anche per una realt\u00e0 rodata come Yacht Club Como. \u00a0 Appuntamento quindi a domenica 2 giugno &#8217;24 allo Yacht Club Como&#8230; anzi appuntamento in acqua, in un luogo unico come il Lago di Como.\u00a0<\/p>\n\n\n\n<h2 class=\"wp-block-heading\"><em><strong>Vela Day il 2\/6 @ Yacht Club Como. Ecco alcuni dei corsi proposti da Yacht Club Como, che \u00e8 una Scuola Vela FIV \/ CONI.\u00a0<\/strong><\/em><\/h2>\n\n\n\n<p><strong>CORSI VELA BAMBINI&nbsp;<\/strong><\/p>\n\n\n\n<p>Le attivit\u00e0 sono pensate per avvicinare i giovani cadetti al mondo della navigazione attraverso il gioco, affrontando nuove sfide ed imparando tante cose nuove. Gli allievi navigheranno in piena autonomia, guidati dall&#8217;istruttore sul mezzo di assistenza. Si parte dalle basi per arrivare alle tecniche pi\u00f9 avanzate: i nostri istruttori qualificati FIV adottano un approccio personalizzato per ogni bambino. &nbsp;I turni vengono svolti su 5 giornate consecutive, alternando attivit\u00e0 teoriche e pratiche. Dal luned\u00ec al venerd\u00ec, da giugno a settembre, dalle ore 09.00 alle ore 17.00.<\/p>\n\n\n\n<p><strong>CORSI CABINATO ADULTI<\/strong><\/p>\n\n\n\n<p>Apprendi le arti marinaresche per diventare un futuro comandante! I corsi cabinato allo Yacht Club Como permettono di abbracciare la natura ed il vento in un contesto affascinante e storico. La location della nostra sede, pratica e facilmente raggiungibile (a poco pi\u00f9 di mezz&#8217;ora da Milano e raggiungibile in pochi minuti a piedi dalla stazione di Como S. Giovanni), permette di avvicinarsi facilmente alla vela anche solo per qualche ora di adrenalina! &nbsp;Imparerai: i fondamenti della navigazione, come funziona il vento, come fare i nodi e le manovre in porto. L&#8217;attivit\u00e0 \u00e8 adatta sia a neofiti, sia a chi \u00e8 gi\u00e0 esperto e vuole approfondire il vasto mondo della marineria: l&#8217;istruttore \u00e8 sempre a bordo e la didattica comprende sia lezioni in aula che pratiche. Il corso si struttura su due weekend. &nbsp;Tutti i weekend (sabato e domenica), da giugno ad ottobre, dalle ore 09.00 alle ore 17.00.<\/p>\n\n\n\n<p><strong>CORSI DERIVA ADULTI<\/strong><\/p>\n\n\n\n<p>Un&#8217;attivit\u00e0 dinamica&#8230; e l&#8217;acqua sulla pelle! Se cerchi adrenalina e divertimento, i corsi deriva dello Yacht Club Como fanno al caso tuo: guidati da istruttori qualificati, gli allievi imparano la gestione autonoma dell&#8217;imbarcazione, tra equilibrio e tecnica. L&#8217;attivit\u00e0 viene strutturata in moduli teorici e pratici, con una particolare attenzione all&#8217;analisi video, utile per migliorare e capire i propri errori con occhio critico: infatti l&#8217;istruttore segue il gruppo con un mezzo di assistenza. Possono partecipare tutti: sia chi non ha mai frequentato un corso di vela, sia chi ha gi\u00e0 esperienza: la didattica \u00e8 personalizzata ed ogni allievo ha un percorso ad-hoc. Le barche utilizzate sono i Laser (Radial e Standard).<\/p>\n\n\n\n<p>Il corso si struttura su due weekend. Quando? Tutti i weekend (sabato e domenica), da giugno a settembre, dalle ore 09.00 alle ore 17.00.<\/p>\n\n\n\n<p><strong>Yacht Club Como<\/strong><\/p>\n\n\n\n<p>22100 Como \u2022 Viale Giancarlo Puecher 8<\/p>\n\n\n\n<p>+39 031 574725<\/p>\n\n\n\n<p><a href=\"https:\/\/www.yachtclubcomo.it\">https:\/\/www.yachtclubcomo.it<\/a><\/p>\n\n\n\n<p>Instagram.com\/yachtclubcomo1950<\/p>\n","protected":false},"excerpt":{"rendered":"<p>Vela Day il 2\/6 @ Yacht Club Como&#8230; Domenica 2 Giugno &#8217;24 Yacht Club Como dalle 9 alle 17 offre la possibilit\u00e0 di provare le imbarcazioni della Scuola Vela. Non \u00e8 solo l&#8217;occasione giusta per ricevere informazioni relative ai corsi che si terranno da giugno a settembre: \u00e8 il momento giusto per salire in barca&#8230; [&hellip;]<\/p>\n","protected":false},"author":21,"featured_media":27424,"comment_status":"open","ping_status":"open","sticky":false,"template":"","format":"standard","meta":{"jnews-multi-image_gallery":[],"jnews_single_post":{"subtitle":"","format":"standard","video":"","gallery":"","source_name":"","source_url":"","via_name":"","via_url":"","override_template":"0","override":[{"template":"1","single_blog_custom":"","parallax":"1","fullscreen":"1","layout":"right-sidebar","sidebar":"default-sidebar","second_sidebar":"default-sidebar","sticky_sidebar":"1","share_position":"top","share_float_style":"share-monocrhome","show_share_counter":"0","show_view_counter":"0","show_featured":"1","show_post_meta":"1","show_post_author":"1","show_post_author_image":"1","show_post_date":"1","post_date_format":"default","post_date_format_custom":"Y\/m\/d","show_post_category":"1","show_post_reading_time":"0","post_reading_time_wpm":"300","show_zoom_button":"0","zoom_button_out_step":"2","zoom_button_in_step":"3","show_post_tag":"1","show_prev_next_post":"1","show_popup_post":"1","number_popup_post":"1","show_author_box":"1","show_post_related":"0","show_inline_post_related":"0"}],"override_image_size":"0","image_override":[{"single_post_thumbnail_size":"crop-500","single_post_gallery_size":"crop-500"}],"trending_post":"0","trending_post_position":"meta","trending_post_label":"Trending","sponsored_post":"0","sponsored_post_label":"Sponsored by","sponsored_post_name":"","sponsored_post_url":"","sponsored_post_logo_enable":"0","sponsored_post_logo":"","sponsored_post_desc":"","disable_ad":"0"},"jnews_primary_category":{"id":"","hide":""},"jnews_social_meta":{"fb_title":"","fb_description":"","fb_image":"","twitter_title":"","twitter_description":"","twitter_image":""},"jnews_override_counter":{"override_view_counter":"0","view_counter_number":"0","override_share_counter":"0","share_counter_number":"0","override_like_counter":"0","like_counter_number":"0","override_dislike_counter":"0","dislike_counter_number":"0"},"jnews_post_split":{"enable_post_split":"0","post_split":[{"template":"1","tag":"h2","numbering":"asc","mode":"normal","first":"0","enable_toc":"0","toc_type":"normal"}]},"footnotes":""},"categories":[1372],"tags":[2129,2130],"class_list":["post-27422","post","type-post","status-publish","format-standard","has-post-thumbnail","hentry","category-good-life","tag-vela-day","tag-yacht-club"],"yoast_head":"<!-- This site is optimized with the Yoast SEO plugin v27.5 - https:\/\/yoast.com\/product\/yoast-seo-wordpress\/ -->\n<title>Vela Day il 2\/6 @ Yacht Club - Live Magazine<\/title>\n<meta name=\"description\" content=\"Vela Day allo Yacht Club...\" \/>\n<meta name=\"robots\" content=\"index, follow, max-snippet:-1, max-image-preview:large, max-video-preview:-1\" \/>\n<link rel=\"canonical\" href=\"https:\/\/www.livemag.it\/index.php\/2024\/05\/30\/vela-day-il-2-6-yacht-club\/\" \/>\n<meta property=\"og:locale\" content=\"it_IT\" \/>\n<meta property=\"og:type\" content=\"article\" \/>\n<meta property=\"og:title\" content=\"Vela Day il 2\/6 @ Yacht Club - Live Magazine\" \/>\n<meta property=\"og:description\" content=\"Vela Day allo Yacht Club...\" \/>\n<meta property=\"og:url\" content=\"https:\/\/www.livemag.it\/index.php\/2024\/05\/30\/vela-day-il-2-6-yacht-club\/\" \/>\n<meta property=\"og:site_name\" content=\"Live Magazine\" \/>\n<meta property=\"article:publisher\" content=\"https:\/\/www.facebook.com\/LiveMag\/\" \/>\n<meta property=\"article:published_time\" content=\"2024-05-30T10:35:58+00:00\" \/>\n<meta property=\"article:modified_time\" content=\"2024-05-30T14:34:00+00:00\" \/>\n<meta property=\"og:image\" content=\"https:\/\/www.livemag.it\/wp-content\/uploads\/2024\/05\/Yacht-Club-Como-754707.jpg\" \/>\n\t<meta property=\"og:image:width\" content=\"709\" \/>\n\t<meta property=\"og:image:height\" content=\"426\" \/>\n\t<meta property=\"og:image:type\" content=\"image\/jpeg\" \/>\n<meta name=\"author\" content=\"Lorenzo Tiezzi\" \/>\n<meta name=\"twitter:card\" content=\"summary_large_image\" \/>\n<meta name=\"twitter:creator\" content=\"@LiveNotizie\" \/>\n<meta name=\"twitter:site\" content=\"@LiveNotizie\" \/>\n<meta name=\"twitter:label1\" content=\"Scritto da\" \/>\n\t<meta name=\"twitter:data1\" content=\"Lorenzo Tiezzi\" \/>\n\t<meta name=\"twitter:label2\" content=\"Tempo di lettura stimato\" \/>\n\t<meta name=\"twitter:data2\" content=\"4 minuti\" \/>\n<script type=\"application\/ld+json\" class=\"yoast-schema-graph\">{\"@context\":\"https:\\\/\\\/schema.org\",\"@graph\":[{\"@type\":\"Article\",\"@id\":\"https:\\\/\\\/www.livemag.it\\\/index.php\\\/2024\\\/05\\\/30\\\/vela-day-il-2-6-yacht-club\\\/#article\",\"isPartOf\":{\"@id\":\"https:\\\/\\\/www.livemag.it\\\/index.php\\\/2024\\\/05\\\/30\\\/vela-day-il-2-6-yacht-club\\\/\"},\"author\":{\"name\":\"Lorenzo Tiezzi\",\"@id\":\"https:\\\/\\\/www.livemag.it\\\/#\\\/schema\\\/person\\\/c6fe2dde14ae4517f823e167a12354b6\"},\"headline\":\"Vela Day il 2\\\/6 @ Yacht Club\",\"datePublished\":\"2024-05-30T10:35:58+00:00\",\"dateModified\":\"2024-05-30T14:34:00+00:00\",\"mainEntityOfPage\":{\"@id\":\"https:\\\/\\\/www.livemag.it\\\/index.php\\\/2024\\\/05\\\/30\\\/vela-day-il-2-6-yacht-club\\\/\"},\"wordCount\":589,\"commentCount\":0,\"publisher\":{\"@id\":\"https:\\\/\\\/www.livemag.it\\\/#organization\"},\"image\":{\"@id\":\"https:\\\/\\\/www.livemag.it\\\/index.php\\\/2024\\\/05\\\/30\\\/vela-day-il-2-6-yacht-club\\\/#primaryimage\"},\"thumbnailUrl\":\"https:\\\/\\\/www.livemag.it\\\/wp-content\\\/uploads\\\/2024\\\/05\\\/Yacht-Club-Como-754707.jpg\",\"keywords\":[\"vela day\",\"yacht club\"],\"articleSection\":[\"Good Life\"],\"inLanguage\":\"it-IT\",\"potentialAction\":[{\"@type\":\"CommentAction\",\"name\":\"Comment\",\"target\":[\"https:\\\/\\\/www.livemag.it\\\/index.php\\\/2024\\\/05\\\/30\\\/vela-day-il-2-6-yacht-club\\\/#respond\"]}]},{\"@type\":\"WebPage\",\"@id\":\"https:\\\/\\\/www.livemag.it\\\/index.php\\\/2024\\\/05\\\/30\\\/vela-day-il-2-6-yacht-club\\\/\",\"url\":\"https:\\\/\\\/www.livemag.it\\\/index.php\\\/2024\\\/05\\\/30\\\/vela-day-il-2-6-yacht-club\\\/\",\"name\":\"Vela Day il 2\\\/6 @ Yacht Club - Live Magazine\",\"isPartOf\":{\"@id\":\"https:\\\/\\\/www.livemag.it\\\/#website\"},\"primaryImageOfPage\":{\"@id\":\"https:\\\/\\\/www.livemag.it\\\/index.php\\\/2024\\\/05\\\/30\\\/vela-day-il-2-6-yacht-club\\\/#primaryimage\"},\"image\":{\"@id\":\"https:\\\/\\\/www.livemag.it\\\/index.php\\\/2024\\\/05\\\/30\\\/vela-day-il-2-6-yacht-club\\\/#primaryimage\"},\"thumbnailUrl\":\"https:\\\/\\\/www.livemag.it\\\/wp-content\\\/uploads\\\/2024\\\/05\\\/Yacht-Club-Como-754707.jpg\",\"datePublished\":\"2024-05-30T10:35:58+00:00\",\"dateModified\":\"2024-05-30T14:34:00+00:00\",\"description\":\"Vela Day allo Yacht Club...\",\"breadcrumb\":{\"@id\":\"https:\\\/\\\/www.livemag.it\\\/index.php\\\/2024\\\/05\\\/30\\\/vela-day-il-2-6-yacht-club\\\/#breadcrumb\"},\"inLanguage\":\"it-IT\",\"potentialAction\":[{\"@type\":\"ReadAction\",\"target\":[\"https:\\\/\\\/www.livemag.it\\\/index.php\\\/2024\\\/05\\\/30\\\/vela-day-il-2-6-yacht-club\\\/\"]}]},{\"@type\":\"ImageObject\",\"inLanguage\":\"it-IT\",\"@id\":\"https:\\\/\\\/www.livemag.it\\\/index.php\\\/2024\\\/05\\\/30\\\/vela-day-il-2-6-yacht-club\\\/#primaryimage\",\"url\":\"https:\\\/\\\/www.livemag.it\\\/wp-content\\\/uploads\\\/2024\\\/05\\\/Yacht-Club-Como-754707.jpg\",\"contentUrl\":\"https:\\\/\\\/www.livemag.it\\\/wp-content\\\/uploads\\\/2024\\\/05\\\/Yacht-Club-Como-754707.jpg\",\"width\":709,\"height\":426},{\"@type\":\"BreadcrumbList\",\"@id\":\"https:\\\/\\\/www.livemag.it\\\/index.php\\\/2024\\\/05\\\/30\\\/vela-day-il-2-6-yacht-club\\\/#breadcrumb\",\"itemListElement\":[{\"@type\":\"ListItem\",\"position\":1,\"name\":\"Home\",\"item\":\"https:\\\/\\\/www.livemag.it\\\/\"},{\"@type\":\"ListItem\",\"position\":2,\"name\":\"Vela Day il 2\\\/6 @ Yacht Club\"}]},{\"@type\":\"WebSite\",\"@id\":\"https:\\\/\\\/www.livemag.it\\\/#website\",\"url\":\"https:\\\/\\\/www.livemag.it\\\/\",\"name\":\"Live Magazine\",\"description\":\"Varie ed eventi\",\"publisher\":{\"@id\":\"https:\\\/\\\/www.livemag.it\\\/#organization\"},\"potentialAction\":[{\"@type\":\"SearchAction\",\"target\":{\"@type\":\"EntryPoint\",\"urlTemplate\":\"https:\\\/\\\/www.livemag.it\\\/?s={search_term_string}\"},\"query-input\":{\"@type\":\"PropertyValueSpecification\",\"valueRequired\":true,\"valueName\":\"search_term_string\"}}],\"inLanguage\":\"it-IT\"},{\"@type\":\"Organization\",\"@id\":\"https:\\\/\\\/www.livemag.it\\\/#organization\",\"name\":\"LiveMag\",\"alternateName\":\"LiveMag News ed eventi\",\"url\":\"https:\\\/\\\/www.livemag.it\\\/\",\"logo\":{\"@type\":\"ImageObject\",\"inLanguage\":\"it-IT\",\"@id\":\"https:\\\/\\\/www.livemag.it\\\/#\\\/schema\\\/logo\\\/image\\\/\",\"url\":\"https:\\\/\\\/www.livemag.it\\\/wp-content\\\/uploads\\\/2024\\\/02\\\/immagine-sito.jpg\",\"contentUrl\":\"https:\\\/\\\/www.livemag.it\\\/wp-content\\\/uploads\\\/2024\\\/02\\\/immagine-sito.jpg\",\"width\":696,\"height\":696,\"caption\":\"LiveMag\"},\"image\":{\"@id\":\"https:\\\/\\\/www.livemag.it\\\/#\\\/schema\\\/logo\\\/image\\\/\"},\"sameAs\":[\"https:\\\/\\\/www.facebook.com\\\/LiveMag\\\/\",\"https:\\\/\\\/x.com\\\/LiveNotizie\",\"https:\\\/\\\/www.instagram.com\\\/livemag\\\/\"]},{\"@type\":\"Person\",\"@id\":\"https:\\\/\\\/www.livemag.it\\\/#\\\/schema\\\/person\\\/c6fe2dde14ae4517f823e167a12354b6\",\"name\":\"Lorenzo Tiezzi\",\"image\":{\"@type\":\"ImageObject\",\"inLanguage\":\"it-IT\",\"@id\":\"https:\\\/\\\/secure.gravatar.com\\\/avatar\\\/055a51cbe21ba6c03af667c75f797ec8642fe78050e8602547fec943f6500144?s=96&r=g\",\"url\":\"https:\\\/\\\/secure.gravatar.com\\\/avatar\\\/055a51cbe21ba6c03af667c75f797ec8642fe78050e8602547fec943f6500144?s=96&r=g\",\"contentUrl\":\"https:\\\/\\\/secure.gravatar.com\\\/avatar\\\/055a51cbe21ba6c03af667c75f797ec8642fe78050e8602547fec943f6500144?s=96&r=g\",\"caption\":\"Lorenzo Tiezzi\"},\"description\":\"giornalista, press office, pr\",\"url\":\"https:\\\/\\\/www.livemag.it\\\/index.php\\\/author\\\/lorenzo-tiezzi\\\/\"}]}<\/script>\n<!-- \/ Yoast SEO plugin. -->","yoast_head_json":{"title":"Vela Day il 2\/6 @ Yacht Club - Live Magazine","description":"Vela Day allo Yacht Club...","robots":{"index":"index","follow":"follow","max-snippet":"max-snippet:-1","max-image-preview":"max-image-preview:large","max-video-preview":"max-video-preview:-1"},"canonical":"https:\/\/www.livemag.it\/index.php\/2024\/05\/30\/vela-day-il-2-6-yacht-club\/","og_locale":"it_IT","og_type":"article","og_title":"Vela Day il 2\/6 @ Yacht Club - Live Magazine","og_description":"Vela Day allo Yacht Club...","og_url":"https:\/\/www.livemag.it\/index.php\/2024\/05\/30\/vela-day-il-2-6-yacht-club\/","og_site_name":"Live Magazine","article_publisher":"https:\/\/www.facebook.com\/LiveMag\/","article_published_time":"2024-05-30T10:35:58+00:00","article_modified_time":"2024-05-30T14:34:00+00:00","og_image":[{"width":709,"height":426,"url":"https:\/\/www.livemag.it\/wp-content\/uploads\/2024\/05\/Yacht-Club-Como-754707.jpg","type":"image\/jpeg"}],"author":"Lorenzo Tiezzi","twitter_card":"summary_large_image","twitter_creator":"@LiveNotizie","twitter_site":"@LiveNotizie","twitter_misc":{"Scritto da":"Lorenzo Tiezzi","Tempo di lettura stimato":"4 minuti"},"schema":{"@context":"https:\/\/schema.org","@graph":[{"@type":"Article","@id":"https:\/\/www.livemag.it\/index.php\/2024\/05\/30\/vela-day-il-2-6-yacht-club\/#article","isPartOf":{"@id":"https:\/\/www.livemag.it\/index.php\/2024\/05\/30\/vela-day-il-2-6-yacht-club\/"},"author":{"name":"Lorenzo Tiezzi","@id":"https:\/\/www.livemag.it\/#\/schema\/person\/c6fe2dde14ae4517f823e167a12354b6"},"headline":"Vela Day il 2\/6 @ Yacht Club","datePublished":"2024-05-30T10:35:58+00:00","dateModified":"2024-05-30T14:34:00+00:00","mainEntityOfPage":{"@id":"https:\/\/www.livemag.it\/index.php\/2024\/05\/30\/vela-day-il-2-6-yacht-club\/"},"wordCount":589,"commentCount":0,"publisher":{"@id":"https:\/\/www.livemag.it\/#organization"},"image":{"@id":"https:\/\/www.livemag.it\/index.php\/2024\/05\/30\/vela-day-il-2-6-yacht-club\/#primaryimage"},"thumbnailUrl":"https:\/\/www.livemag.it\/wp-content\/uploads\/2024\/05\/Yacht-Club-Como-754707.jpg","keywords":["vela day","yacht club"],"articleSection":["Good Life"],"inLanguage":"it-IT","potentialAction":[{"@type":"CommentAction","name":"Comment","target":["https:\/\/www.livemag.it\/index.php\/2024\/05\/30\/vela-day-il-2-6-yacht-club\/#respond"]}]},{"@type":"WebPage","@id":"https:\/\/www.livemag.it\/index.php\/2024\/05\/30\/vela-day-il-2-6-yacht-club\/","url":"https:\/\/www.livemag.it\/index.php\/2024\/05\/30\/vela-day-il-2-6-yacht-club\/","name":"Vela Day il 2\/6 @ Yacht Club - Live Magazine","isPartOf":{"@id":"https:\/\/www.livemag.it\/#website"},"primaryImageOfPage":{"@id":"https:\/\/www.livemag.it\/index.php\/2024\/05\/30\/vela-day-il-2-6-yacht-club\/#primaryimage"},"image":{"@id":"https:\/\/www.livemag.it\/index.php\/2024\/05\/30\/vela-day-il-2-6-yacht-club\/#primaryimage"},"thumbnailUrl":"https:\/\/www.livemag.it\/wp-content\/uploads\/2024\/05\/Yacht-Club-Como-754707.jpg","datePublished":"2024-05-30T10:35:58+00:00","dateModified":"2024-05-30T14:34:00+00:00","description":"Vela Day allo Yacht Club...","breadcrumb":{"@id":"https:\/\/www.livemag.it\/index.php\/2024\/05\/30\/vela-day-il-2-6-yacht-club\/#breadcrumb"},"inLanguage":"it-IT","potentialAction":[{"@type":"ReadAction","target":["https:\/\/www.livemag.it\/index.php\/2024\/05\/30\/vela-day-il-2-6-yacht-club\/"]}]},{"@type":"ImageObject","inLanguage":"it-IT","@id":"https:\/\/www.livemag.it\/index.php\/2024\/05\/30\/vela-day-il-2-6-yacht-club\/#primaryimage","url":"https:\/\/www.livemag.it\/wp-content\/uploads\/2024\/05\/Yacht-Club-Como-754707.jpg","contentUrl":"https:\/\/www.livemag.it\/wp-content\/uploads\/2024\/05\/Yacht-Club-Como-754707.jpg","width":709,"height":426},{"@type":"BreadcrumbList","@id":"https:\/\/www.livemag.it\/index.php\/2024\/05\/30\/vela-day-il-2-6-yacht-club\/#breadcrumb","itemListElement":[{"@type":"ListItem","position":1,"name":"Home","item":"https:\/\/www.livemag.it\/"},{"@type":"ListItem","position":2,"name":"Vela Day il 2\/6 @ Yacht Club"}]},{"@type":"WebSite","@id":"https:\/\/www.livemag.it\/#website","url":"https:\/\/www.livemag.it\/","name":"Live Magazine","description":"Varie ed eventi","publisher":{"@id":"https:\/\/www.livemag.it\/#organization"},"potentialAction":[{"@type":"SearchAction","target":{"@type":"EntryPoint","urlTemplate":"https:\/\/www.livemag.it\/?s={search_term_string}"},"query-input":{"@type":"PropertyValueSpecification","valueRequired":true,"valueName":"search_term_string"}}],"inLanguage":"it-IT"},{"@type":"Organization","@id":"https:\/\/www.livemag.it\/#organization","name":"LiveMag","alternateName":"LiveMag News ed eventi","url":"https:\/\/www.livemag.it\/","logo":{"@type":"ImageObject","inLanguage":"it-IT","@id":"https:\/\/www.livemag.it\/#\/schema\/logo\/image\/","url":"https:\/\/www.livemag.it\/wp-content\/uploads\/2024\/02\/immagine-sito.jpg","contentUrl":"https:\/\/www.livemag.it\/wp-content\/uploads\/2024\/02\/immagine-sito.jpg","width":696,"height":696,"caption":"LiveMag"},"image":{"@id":"https:\/\/www.livemag.it\/#\/schema\/logo\/image\/"},"sameAs":["https:\/\/www.facebook.com\/LiveMag\/","https:\/\/x.com\/LiveNotizie","https:\/\/www.instagram.com\/livemag\/"]},{"@type":"Person","@id":"https:\/\/www.livemag.it\/#\/schema\/person\/c6fe2dde14ae4517f823e167a12354b6","name":"Lorenzo Tiezzi","image":{"@type":"ImageObject","inLanguage":"it-IT","@id":"https:\/\/secure.gravatar.com\/avatar\/055a51cbe21ba6c03af667c75f797ec8642fe78050e8602547fec943f6500144?s=96&r=g","url":"https:\/\/secure.gravatar.com\/avatar\/055a51cbe21ba6c03af667c75f797ec8642fe78050e8602547fec943f6500144?s=96&r=g","contentUrl":"https:\/\/secure.gravatar.com\/avatar\/055a51cbe21ba6c03af667c75f797ec8642fe78050e8602547fec943f6500144?s=96&r=g","caption":"Lorenzo Tiezzi"},"description":"giornalista, press office, pr","url":"https:\/\/www.livemag.it\/index.php\/author\/lorenzo-tiezzi\/"}]}},"jetpack_featured_media_url":"https:\/\/www.livemag.it\/wp-content\/uploads\/2024\/05\/Yacht-Club-Como-754707.jpg","_links":{"self":[{"href":"https:\/\/www.livemag.it\/index.php\/wp-json\/wp\/v2\/posts\/27422","targetHints":{"allow":["GET"]}}],"collection":[{"href":"https:\/\/www.livemag.it\/index.php\/wp-json\/wp\/v2\/posts"}],"about":[{"href":"https:\/\/www.livemag.it\/index.php\/wp-json\/wp\/v2\/types\/post"}],"author":[{"embeddable":true,"href":"https:\/\/www.livemag.it\/index.php\/wp-json\/wp\/v2\/users\/21"}],"replies":[{"embeddable":true,"href":"https:\/\/www.livemag.it\/index.php\/wp-json\/wp\/v2\/comments?post=27422"}],"version-history":[{"count":2,"href":"https:\/\/www.livemag.it\/index.php\/wp-json\/wp\/v2\/posts\/27422\/revisions"}],"predecessor-version":[{"id":27425,"href":"https:\/\/www.livemag.it\/index.php\/wp-json\/wp\/v2\/posts\/27422\/revisions\/27425"}],"wp:featuredmedia":[{"embeddable":true,"href":"https:\/\/www.livemag.it\/index.php\/wp-json\/wp\/v2\/media\/27424"}],"wp:attachment":[{"href":"https:\/\/www.livemag.it\/index.php\/wp-json\/wp\/v2\/media?parent=27422"}],"wp:term":[{"taxonomy":"category","embeddable":true,"href":"https:\/\/www.livemag.it\/index.php\/wp-json\/wp\/v2\/categories?post=27422"},{"taxonomy":"post_tag","embeddable":true,"href":"https:\/\/www.livemag.it\/index.php\/wp-json\/wp\/v2\/tags?post=27422"}],"curies":[{"name":"wp","href":"https:\/\/api.w.org\/{rel}","templated":true}]}}