{"id":26944,"date":"2024-05-23T15:01:43","date_gmt":"2024-05-23T13:01:43","guid":{"rendered":"https:\/\/www.livemag.it\/index.php\/2024\/05\/23\/operazione-hidden-flight-sequestrato-jet-privato-per-frode\/"},"modified":"2024-05-23T15:01:43","modified_gmt":"2024-05-23T13:01:43","slug":"operazione-hidden-flight-sequestrato-jet-privato-per-frode","status":"publish","type":"post","link":"https:\/\/www.livemag.it\/index.php\/2024\/05\/23\/operazione-hidden-flight-sequestrato-jet-privato-per-frode\/","title":{"rendered":"Operazione Hidden Flight, sequestrato jet privato per frode"},"content":{"rendered":"<p>    <video-js id=\"videojs69ee2141613eb\" class=\"vjs-big-play-centered\" controls preload=\"auto\" playsinline data-setup='{\"fluid\": true}'>\r\n        <source src=\"https:\/\/video.italpress.com\/play\/mp4\/video\/6G3L\" type=\"video\/mp4\" \/>\r\n    <\/video-js>\r\n           <br \/>\n<\/p>\n<div> SAVONA (ITALPRESS) &#8211; La Guardia di Finanza di Savona, in collaborazione con l\u2019Agenzia delle Dogane e Monopoli \u2013 Ufficio delle Dogane di Savona, ha sequestrato un jet privato del valore di circa 10 milioni di euro. Le Fiamme gialle hanno eseguito, su delega del gip presso il locale Tribunale, un decreto di sequestro di un jet privato, ricoverato in un hangar presso l\u2019aeroporto di Villanova d\u2019Albenga (SV), ritenuto, all\u2019esito di complesse indagini, in posizione di contrabbando e di evasione dell\u2019Iva. Finanzieri e funzionari doganali, in attuazione del recente Protocollo d\u2019Intesa stipulato a livello centrale, operando in stretta sinergia, hanno effettuato una capillare ricognizione degli assetti aerei insistenti nel sedime del Riviera Airport, rinvenendo, in particolare, un Cessna Citation X, battente bandiera statunitense (c.d. matricola November\/FAA), rimasto hangarato presso l\u2019aviosuperficie per un periodo superiore ai sei mesi e, quindi, ben oltre il tempo massimo previsto per il regime di ammissione temporanea. Le successive analisi, condotte grazie all\u2019ausilio delle banche dati in uso alle due Amministrazioni hanno consentito di ricondurre la disponibilit\u00e0 del velivolo di lusso, formalmente intestato a un trust con sede in Delaware (USA), in capo ad un imprenditore russo ma residente nel Principato di Monaco, il quale, per celarne la diretta riconducibilit\u00e0 a s\u00e9 stesso e ottenere cos\u00ec indebiti vantaggi fiscali, attraverso lo sfruttamento di strumenti di pianificazione fiscale aggressiva, aveva interposto tra s\u00e9 e il bene, oltre al menzionato trust, altre tre societ\u00e0 fiduciarie, aventi sede, rispettivamente, presso le Isole Vergini Britanniche, le Isole Cayman e Panama. Al termine delle attivit\u00e0 di indagine, sono stati segnalati alla locale Procura della Repubblica l\u2019imprenditore e due persone fisiche compiacenti, in qualit\u00e0 di autori dei reati sopra descritti, ed \u00e8 stato richiesto il sequestro dell\u2019aeromobile, concesso dall\u2019Autorit\u00e0 Giudiziaria savonese, il cui valore, salva successiva quantificazione che verr\u00e0 condotta con l\u2019ausilio di tecnici di particolare esperienza nominati dalla Procura procedente, \u00e8 stato prudenzialmente indicato in 10 milioni di euro con una conseguente evasione IVA di importo non inferiore a 2,2 milioni di euro. Nei confronti dei responsabili del reato \u00e8 prevista l\u2019applicazione della reclusione da 3 a 5 anni oltre alla multa di importo compreso fra due e dieci volte le imposte evase. Nel corso delle operazioni, \u00e8 stata, altres\u00ec, approfondita la posizione fiscale dell\u2019imprenditore con riferimento ad ulteriori velivoli in uso allo stesso, schermati con le medesime modalit\u00e0 del jet rinvenuto in Italia e, verosimilmente, con eguali finalit\u00e0 di evasione d\u2019imposta, i quali sono stati ricondotti, grazie all\u2019analisi delle banche dati e ad acquisizioni documentali, nella sua diretta disponibilit\u00e0. Per tale ragione, la Procura della Repubblica di Savona ha avviato l\u2019iter per segnalare alle competenti Autorit\u00e0 tedesche, per il tramite di Eurojust, altri assetti aerei, tra cui un jet Gulfstream G650, un Gulfstream GV e un elicottero Agusta Westland 109S Grand, hangarati in Germania presso l\u2019aeroporto di Karlsruhe-Baden-Baden e aventi un valore stimato di circa 80 milioni di euro, per la successiva contestazione dell\u2019evasione dell\u2019Iva all\u2019importazione.<\/div>\n","protected":false},"excerpt":{"rendered":"<p>SAVONA (ITALPRESS) &#8211; La Guardia di Finanza di Savona, in collaborazione con l\u2019Agenzia delle Dogane e Monopoli \u2013 Ufficio delle Dogane di Savona, ha sequestrato un jet privato del valore di circa 10 milioni di euro. Le Fiamme gialle hanno eseguito, su delega del gip presso il locale Tribunale, un decreto di sequestro di un [&hellip;]<\/p>\n","protected":false},"author":16,"featured_media":26945,"comment_status":"closed","ping_status":"closed","sticky":false,"template":"","format":"video","meta":{"jnews-multi-image_gallery":[],"jnews_single_post":[],"jnews_primary_category":[],"jnews_social_meta":[],"jnews_override_counter":[],"jnews_post_split":[],"footnotes":""},"categories":[1171],"tags":[],"class_list":["post-26944","post","type-post","status-publish","format-video","has-post-thumbnail","hentry","category-video","post_format-post-format-video"],"yoast_head":"<!-- This site is optimized with the Yoast SEO plugin v27.4 - https:\/\/yoast.com\/product\/yoast-seo-wordpress\/ -->\n<title>Operazione Hidden Flight, sequestrato jet privato per frode - Live Magazine<\/title>\n<meta name=\"robots\" content=\"index, follow, max-snippet:-1, max-image-preview:large, max-video-preview:-1\" \/>\n<link rel=\"canonical\" href=\"https:\/\/www.livemag.it\/index.php\/2024\/05\/23\/operazione-hidden-flight-sequestrato-jet-privato-per-frode\/\" \/>\n<meta property=\"og:locale\" content=\"it_IT\" \/>\n<meta property=\"og:type\" content=\"article\" \/>\n<meta property=\"og:title\" content=\"Operazione Hidden Flight, sequestrato jet privato per frode - Live Magazine\" \/>\n<meta property=\"og:description\" content=\"SAVONA (ITALPRESS) &#8211; La Guardia di Finanza di Savona, in collaborazione con l\u2019Agenzia delle Dogane e Monopoli \u2013 Ufficio delle Dogane di Savona, ha sequestrato un jet privato del valore di circa 10 milioni di euro. Le Fiamme gialle hanno eseguito, su delega del gip presso il locale Tribunale, un decreto di sequestro di un [&hellip;]\" \/>\n<meta property=\"og:url\" content=\"https:\/\/www.livemag.it\/index.php\/2024\/05\/23\/operazione-hidden-flight-sequestrato-jet-privato-per-frode\/\" \/>\n<meta property=\"og:site_name\" content=\"Live Magazine\" \/>\n<meta property=\"article:publisher\" content=\"https:\/\/www.facebook.com\/LiveMag\/\" \/>\n<meta property=\"article:published_time\" content=\"2024-05-23T13:01:43+00:00\" \/>\n<meta property=\"og:image\" content=\"https:\/\/www.livemag.it\/wp-content\/uploads\/2024\/02\/ograph.jpg\" \/>\n\t<meta property=\"og:image:width\" content=\"1200\" \/>\n\t<meta property=\"og:image:height\" content=\"675\" \/>\n\t<meta property=\"og:image:type\" content=\"image\/jpeg\" \/>\n<meta name=\"author\" content=\"italpress\" \/>\n<meta name=\"twitter:card\" content=\"summary_large_image\" \/>\n<meta name=\"twitter:creator\" content=\"@LiveNotizie\" \/>\n<meta name=\"twitter:site\" content=\"@LiveNotizie\" \/>\n<meta name=\"twitter:label1\" content=\"Scritto da\" \/>\n\t<meta name=\"twitter:data1\" content=\"italpress\" \/>\n\t<meta name=\"twitter:label2\" content=\"Tempo di lettura stimato\" \/>\n\t<meta name=\"twitter:data2\" content=\"3 minuti\" \/>\n<script type=\"application\/ld+json\" class=\"yoast-schema-graph\">{\"@context\":\"https:\\\/\\\/schema.org\",\"@graph\":[{\"@type\":\"Article\",\"@id\":\"https:\\\/\\\/www.livemag.it\\\/index.php\\\/2024\\\/05\\\/23\\\/operazione-hidden-flight-sequestrato-jet-privato-per-frode\\\/#article\",\"isPartOf\":{\"@id\":\"https:\\\/\\\/www.livemag.it\\\/index.php\\\/2024\\\/05\\\/23\\\/operazione-hidden-flight-sequestrato-jet-privato-per-frode\\\/\"},\"author\":{\"name\":\"italpress\",\"@id\":\"https:\\\/\\\/www.livemag.it\\\/#\\\/schema\\\/person\\\/b62c5f44451fdcdaeb0afe6c2424e73c\"},\"headline\":\"Operazione Hidden Flight, sequestrato jet privato per frode\",\"datePublished\":\"2024-05-23T13:01:43+00:00\",\"mainEntityOfPage\":{\"@id\":\"https:\\\/\\\/www.livemag.it\\\/index.php\\\/2024\\\/05\\\/23\\\/operazione-hidden-flight-sequestrato-jet-privato-per-frode\\\/\"},\"wordCount\":517,\"publisher\":{\"@id\":\"https:\\\/\\\/www.livemag.it\\\/#organization\"},\"image\":{\"@id\":\"https:\\\/\\\/www.livemag.it\\\/index.php\\\/2024\\\/05\\\/23\\\/operazione-hidden-flight-sequestrato-jet-privato-per-frode\\\/#primaryimage\"},\"thumbnailUrl\":\"https:\\\/\\\/www.livemag.it\\\/wp-content\\\/uploads\\\/2024\\\/05\\\/6G3L.jpg\",\"articleSection\":[\"Video\"],\"inLanguage\":\"it-IT\"},{\"@type\":\"WebPage\",\"@id\":\"https:\\\/\\\/www.livemag.it\\\/index.php\\\/2024\\\/05\\\/23\\\/operazione-hidden-flight-sequestrato-jet-privato-per-frode\\\/\",\"url\":\"https:\\\/\\\/www.livemag.it\\\/index.php\\\/2024\\\/05\\\/23\\\/operazione-hidden-flight-sequestrato-jet-privato-per-frode\\\/\",\"name\":\"Operazione Hidden Flight, sequestrato jet privato per frode - Live Magazine\",\"isPartOf\":{\"@id\":\"https:\\\/\\\/www.livemag.it\\\/#website\"},\"primaryImageOfPage\":{\"@id\":\"https:\\\/\\\/www.livemag.it\\\/index.php\\\/2024\\\/05\\\/23\\\/operazione-hidden-flight-sequestrato-jet-privato-per-frode\\\/#primaryimage\"},\"image\":{\"@id\":\"https:\\\/\\\/www.livemag.it\\\/index.php\\\/2024\\\/05\\\/23\\\/operazione-hidden-flight-sequestrato-jet-privato-per-frode\\\/#primaryimage\"},\"thumbnailUrl\":\"https:\\\/\\\/www.livemag.it\\\/wp-content\\\/uploads\\\/2024\\\/05\\\/6G3L.jpg\",\"datePublished\":\"2024-05-23T13:01:43+00:00\",\"breadcrumb\":{\"@id\":\"https:\\\/\\\/www.livemag.it\\\/index.php\\\/2024\\\/05\\\/23\\\/operazione-hidden-flight-sequestrato-jet-privato-per-frode\\\/#breadcrumb\"},\"inLanguage\":\"it-IT\",\"potentialAction\":[{\"@type\":\"ReadAction\",\"target\":[\"https:\\\/\\\/www.livemag.it\\\/index.php\\\/2024\\\/05\\\/23\\\/operazione-hidden-flight-sequestrato-jet-privato-per-frode\\\/\"]}]},{\"@type\":\"ImageObject\",\"inLanguage\":\"it-IT\",\"@id\":\"https:\\\/\\\/www.livemag.it\\\/index.php\\\/2024\\\/05\\\/23\\\/operazione-hidden-flight-sequestrato-jet-privato-per-frode\\\/#primaryimage\",\"url\":\"https:\\\/\\\/www.livemag.it\\\/wp-content\\\/uploads\\\/2024\\\/05\\\/6G3L.jpg\",\"contentUrl\":\"https:\\\/\\\/www.livemag.it\\\/wp-content\\\/uploads\\\/2024\\\/05\\\/6G3L.jpg\",\"width\":1920,\"height\":1080},{\"@type\":\"BreadcrumbList\",\"@id\":\"https:\\\/\\\/www.livemag.it\\\/index.php\\\/2024\\\/05\\\/23\\\/operazione-hidden-flight-sequestrato-jet-privato-per-frode\\\/#breadcrumb\",\"itemListElement\":[{\"@type\":\"ListItem\",\"position\":1,\"name\":\"Home\",\"item\":\"https:\\\/\\\/www.livemag.it\\\/\"},{\"@type\":\"ListItem\",\"position\":2,\"name\":\"Operazione Hidden Flight, sequestrato jet privato per frode\"}]},{\"@type\":\"WebSite\",\"@id\":\"https:\\\/\\\/www.livemag.it\\\/#website\",\"url\":\"https:\\\/\\\/www.livemag.it\\\/\",\"name\":\"Live Magazine\",\"description\":\"Varie ed eventi\",\"publisher\":{\"@id\":\"https:\\\/\\\/www.livemag.it\\\/#organization\"},\"potentialAction\":[{\"@type\":\"SearchAction\",\"target\":{\"@type\":\"EntryPoint\",\"urlTemplate\":\"https:\\\/\\\/www.livemag.it\\\/?s={search_term_string}\"},\"query-input\":{\"@type\":\"PropertyValueSpecification\",\"valueRequired\":true,\"valueName\":\"search_term_string\"}}],\"inLanguage\":\"it-IT\"},{\"@type\":\"Organization\",\"@id\":\"https:\\\/\\\/www.livemag.it\\\/#organization\",\"name\":\"LiveMag\",\"alternateName\":\"LiveMag News ed eventi\",\"url\":\"https:\\\/\\\/www.livemag.it\\\/\",\"logo\":{\"@type\":\"ImageObject\",\"inLanguage\":\"it-IT\",\"@id\":\"https:\\\/\\\/www.livemag.it\\\/#\\\/schema\\\/logo\\\/image\\\/\",\"url\":\"https:\\\/\\\/www.livemag.it\\\/wp-content\\\/uploads\\\/2024\\\/02\\\/immagine-sito.jpg\",\"contentUrl\":\"https:\\\/\\\/www.livemag.it\\\/wp-content\\\/uploads\\\/2024\\\/02\\\/immagine-sito.jpg\",\"width\":696,\"height\":696,\"caption\":\"LiveMag\"},\"image\":{\"@id\":\"https:\\\/\\\/www.livemag.it\\\/#\\\/schema\\\/logo\\\/image\\\/\"},\"sameAs\":[\"https:\\\/\\\/www.facebook.com\\\/LiveMag\\\/\",\"https:\\\/\\\/x.com\\\/LiveNotizie\",\"https:\\\/\\\/www.instagram.com\\\/livemag\\\/\"]},{\"@type\":\"Person\",\"@id\":\"https:\\\/\\\/www.livemag.it\\\/#\\\/schema\\\/person\\\/b62c5f44451fdcdaeb0afe6c2424e73c\",\"name\":\"italpress\",\"image\":{\"@type\":\"ImageObject\",\"inLanguage\":\"it-IT\",\"@id\":\"https:\\\/\\\/secure.gravatar.com\\\/avatar\\\/b6a21695fc713ce7ee312cf57c97e2e641feb365be72d8745574d3c3e2b59066?s=96&r=g\",\"url\":\"https:\\\/\\\/secure.gravatar.com\\\/avatar\\\/b6a21695fc713ce7ee312cf57c97e2e641feb365be72d8745574d3c3e2b59066?s=96&r=g\",\"contentUrl\":\"https:\\\/\\\/secure.gravatar.com\\\/avatar\\\/b6a21695fc713ce7ee312cf57c97e2e641feb365be72d8745574d3c3e2b59066?s=96&r=g\",\"caption\":\"italpress\"},\"description\":\"Italpress \u00e8 un'agenzia di stampa italiana a carattere nazionale.\",\"url\":\"https:\\\/\\\/www.livemag.it\\\/index.php\\\/author\\\/italpress\\\/\"}]}<\/script>\n<!-- \/ Yoast SEO plugin. -->","yoast_head_json":{"title":"Operazione Hidden Flight, sequestrato jet privato per frode - Live Magazine","robots":{"index":"index","follow":"follow","max-snippet":"max-snippet:-1","max-image-preview":"max-image-preview:large","max-video-preview":"max-video-preview:-1"},"canonical":"https:\/\/www.livemag.it\/index.php\/2024\/05\/23\/operazione-hidden-flight-sequestrato-jet-privato-per-frode\/","og_locale":"it_IT","og_type":"article","og_title":"Operazione Hidden Flight, sequestrato jet privato per frode - Live Magazine","og_description":"SAVONA (ITALPRESS) &#8211; La Guardia di Finanza di Savona, in collaborazione con l\u2019Agenzia delle Dogane e Monopoli \u2013 Ufficio delle Dogane di Savona, ha sequestrato un jet privato del valore di circa 10 milioni di euro. Le Fiamme gialle hanno eseguito, su delega del gip presso il locale Tribunale, un decreto di sequestro di un [&hellip;]","og_url":"https:\/\/www.livemag.it\/index.php\/2024\/05\/23\/operazione-hidden-flight-sequestrato-jet-privato-per-frode\/","og_site_name":"Live Magazine","article_publisher":"https:\/\/www.facebook.com\/LiveMag\/","article_published_time":"2024-05-23T13:01:43+00:00","og_image":[{"width":1200,"height":675,"url":"https:\/\/www.livemag.it\/wp-content\/uploads\/2024\/02\/ograph.jpg","type":"image\/jpeg"}],"author":"italpress","twitter_card":"summary_large_image","twitter_creator":"@LiveNotizie","twitter_site":"@LiveNotizie","twitter_misc":{"Scritto da":"italpress","Tempo di lettura stimato":"3 minuti"},"schema":{"@context":"https:\/\/schema.org","@graph":[{"@type":"Article","@id":"https:\/\/www.livemag.it\/index.php\/2024\/05\/23\/operazione-hidden-flight-sequestrato-jet-privato-per-frode\/#article","isPartOf":{"@id":"https:\/\/www.livemag.it\/index.php\/2024\/05\/23\/operazione-hidden-flight-sequestrato-jet-privato-per-frode\/"},"author":{"name":"italpress","@id":"https:\/\/www.livemag.it\/#\/schema\/person\/b62c5f44451fdcdaeb0afe6c2424e73c"},"headline":"Operazione Hidden Flight, sequestrato jet privato per frode","datePublished":"2024-05-23T13:01:43+00:00","mainEntityOfPage":{"@id":"https:\/\/www.livemag.it\/index.php\/2024\/05\/23\/operazione-hidden-flight-sequestrato-jet-privato-per-frode\/"},"wordCount":517,"publisher":{"@id":"https:\/\/www.livemag.it\/#organization"},"image":{"@id":"https:\/\/www.livemag.it\/index.php\/2024\/05\/23\/operazione-hidden-flight-sequestrato-jet-privato-per-frode\/#primaryimage"},"thumbnailUrl":"https:\/\/www.livemag.it\/wp-content\/uploads\/2024\/05\/6G3L.jpg","articleSection":["Video"],"inLanguage":"it-IT"},{"@type":"WebPage","@id":"https:\/\/www.livemag.it\/index.php\/2024\/05\/23\/operazione-hidden-flight-sequestrato-jet-privato-per-frode\/","url":"https:\/\/www.livemag.it\/index.php\/2024\/05\/23\/operazione-hidden-flight-sequestrato-jet-privato-per-frode\/","name":"Operazione Hidden Flight, sequestrato jet privato per frode - Live Magazine","isPartOf":{"@id":"https:\/\/www.livemag.it\/#website"},"primaryImageOfPage":{"@id":"https:\/\/www.livemag.it\/index.php\/2024\/05\/23\/operazione-hidden-flight-sequestrato-jet-privato-per-frode\/#primaryimage"},"image":{"@id":"https:\/\/www.livemag.it\/index.php\/2024\/05\/23\/operazione-hidden-flight-sequestrato-jet-privato-per-frode\/#primaryimage"},"thumbnailUrl":"https:\/\/www.livemag.it\/wp-content\/uploads\/2024\/05\/6G3L.jpg","datePublished":"2024-05-23T13:01:43+00:00","breadcrumb":{"@id":"https:\/\/www.livemag.it\/index.php\/2024\/05\/23\/operazione-hidden-flight-sequestrato-jet-privato-per-frode\/#breadcrumb"},"inLanguage":"it-IT","potentialAction":[{"@type":"ReadAction","target":["https:\/\/www.livemag.it\/index.php\/2024\/05\/23\/operazione-hidden-flight-sequestrato-jet-privato-per-frode\/"]}]},{"@type":"ImageObject","inLanguage":"it-IT","@id":"https:\/\/www.livemag.it\/index.php\/2024\/05\/23\/operazione-hidden-flight-sequestrato-jet-privato-per-frode\/#primaryimage","url":"https:\/\/www.livemag.it\/wp-content\/uploads\/2024\/05\/6G3L.jpg","contentUrl":"https:\/\/www.livemag.it\/wp-content\/uploads\/2024\/05\/6G3L.jpg","width":1920,"height":1080},{"@type":"BreadcrumbList","@id":"https:\/\/www.livemag.it\/index.php\/2024\/05\/23\/operazione-hidden-flight-sequestrato-jet-privato-per-frode\/#breadcrumb","itemListElement":[{"@type":"ListItem","position":1,"name":"Home","item":"https:\/\/www.livemag.it\/"},{"@type":"ListItem","position":2,"name":"Operazione Hidden Flight, sequestrato jet privato per frode"}]},{"@type":"WebSite","@id":"https:\/\/www.livemag.it\/#website","url":"https:\/\/www.livemag.it\/","name":"Live Magazine","description":"Varie ed eventi","publisher":{"@id":"https:\/\/www.livemag.it\/#organization"},"potentialAction":[{"@type":"SearchAction","target":{"@type":"EntryPoint","urlTemplate":"https:\/\/www.livemag.it\/?s={search_term_string}"},"query-input":{"@type":"PropertyValueSpecification","valueRequired":true,"valueName":"search_term_string"}}],"inLanguage":"it-IT"},{"@type":"Organization","@id":"https:\/\/www.livemag.it\/#organization","name":"LiveMag","alternateName":"LiveMag News ed eventi","url":"https:\/\/www.livemag.it\/","logo":{"@type":"ImageObject","inLanguage":"it-IT","@id":"https:\/\/www.livemag.it\/#\/schema\/logo\/image\/","url":"https:\/\/www.livemag.it\/wp-content\/uploads\/2024\/02\/immagine-sito.jpg","contentUrl":"https:\/\/www.livemag.it\/wp-content\/uploads\/2024\/02\/immagine-sito.jpg","width":696,"height":696,"caption":"LiveMag"},"image":{"@id":"https:\/\/www.livemag.it\/#\/schema\/logo\/image\/"},"sameAs":["https:\/\/www.facebook.com\/LiveMag\/","https:\/\/x.com\/LiveNotizie","https:\/\/www.instagram.com\/livemag\/"]},{"@type":"Person","@id":"https:\/\/www.livemag.it\/#\/schema\/person\/b62c5f44451fdcdaeb0afe6c2424e73c","name":"italpress","image":{"@type":"ImageObject","inLanguage":"it-IT","@id":"https:\/\/secure.gravatar.com\/avatar\/b6a21695fc713ce7ee312cf57c97e2e641feb365be72d8745574d3c3e2b59066?s=96&r=g","url":"https:\/\/secure.gravatar.com\/avatar\/b6a21695fc713ce7ee312cf57c97e2e641feb365be72d8745574d3c3e2b59066?s=96&r=g","contentUrl":"https:\/\/secure.gravatar.com\/avatar\/b6a21695fc713ce7ee312cf57c97e2e641feb365be72d8745574d3c3e2b59066?s=96&r=g","caption":"italpress"},"description":"Italpress \u00e8 un'agenzia di stampa italiana a carattere nazionale.","url":"https:\/\/www.livemag.it\/index.php\/author\/italpress\/"}]}},"jetpack_featured_media_url":"https:\/\/www.livemag.it\/wp-content\/uploads\/2024\/05\/6G3L.jpg","_links":{"self":[{"href":"https:\/\/www.livemag.it\/index.php\/wp-json\/wp\/v2\/posts\/26944","targetHints":{"allow":["GET"]}}],"collection":[{"href":"https:\/\/www.livemag.it\/index.php\/wp-json\/wp\/v2\/posts"}],"about":[{"href":"https:\/\/www.livemag.it\/index.php\/wp-json\/wp\/v2\/types\/post"}],"author":[{"embeddable":true,"href":"https:\/\/www.livemag.it\/index.php\/wp-json\/wp\/v2\/users\/16"}],"replies":[{"embeddable":true,"href":"https:\/\/www.livemag.it\/index.php\/wp-json\/wp\/v2\/comments?post=26944"}],"version-history":[{"count":0,"href":"https:\/\/www.livemag.it\/index.php\/wp-json\/wp\/v2\/posts\/26944\/revisions"}],"wp:featuredmedia":[{"embeddable":true,"href":"https:\/\/www.livemag.it\/index.php\/wp-json\/wp\/v2\/media\/26945"}],"wp:attachment":[{"href":"https:\/\/www.livemag.it\/index.php\/wp-json\/wp\/v2\/media?parent=26944"}],"wp:term":[{"taxonomy":"category","embeddable":true,"href":"https:\/\/www.livemag.it\/index.php\/wp-json\/wp\/v2\/categories?post=26944"},{"taxonomy":"post_tag","embeddable":true,"href":"https:\/\/www.livemag.it\/index.php\/wp-json\/wp\/v2\/tags?post=26944"}],"curies":[{"name":"wp","href":"https:\/\/api.w.org\/{rel}","templated":true}]}}