{"id":26664,"date":"2024-05-20T17:11:44","date_gmt":"2024-05-20T15:11:44","guid":{"rendered":"https:\/\/www.livemag.it\/?p=26664"},"modified":"2024-05-20T17:13:31","modified_gmt":"2024-05-20T15:13:31","slug":"raffaello-tonon-la-replica-di-benesserecapelli-solo-noi-possiamo-trattarlo","status":"publish","type":"post","link":"https:\/\/www.livemag.it\/index.php\/2024\/05\/20\/raffaello-tonon-la-replica-di-benesserecapelli-solo-noi-possiamo-trattarlo\/","title":{"rendered":"Raffaello Tonon, la replica di BenessereCapelli: solo noi possiamo trattarlo"},"content":{"rendered":"\n<h2 class=\"wp-block-heading\">Chiarito il malinteso tra Raffaello Tonon e BenessereCapelli. L\u2019ex gieffino ammette: ho sbagliato io<\/h2>\n\n\n\n<p>Nei giorni scorsi si \u00e8 parlato davvero molto dell\u2019<strong>incidente capitato a Raffaello Tonon<\/strong>, durante la diretta di un programma tv. Infatti, nella puntata incentrata sul turismo estetico e sui trapianti di capelli, l\u2019<a href=\"https:\/\/www.livemag.it\/wp-content\/uploads\/2024\/05\/Raffaello-Tonon-BenessereCapelli.jpg\">opinionista<\/a> si \u00e8 sollevato in diretta il patch, sorprendendo i conduttori e il pubblico.<\/p>\n\n\n\n<p>Pochi giorni dopo, su Novella 2000, la rivista diretta da <strong>Roberto Alessi<\/strong>, Raffaello Tonon ha ammesso le sue responsabilit\u00e0, rivelando il vero motivo per cui il Patch Cutaneo si \u00e8 staccato.<\/p>\n\n\n\n<p>\u201c<em>Il patch \u00e8 fantastico, ho commesso un errore io. Mi sono toccato i capelli e un lato del patch cutaneo si \u00e8 sollevato, mostrando il dispositivo parzialmente scollato. \u00c8 stato un <strong>momento davvero imbarazzante<\/strong><\/em>\u201d ha iniziato l\u2019ex gieffino, che ha poi spiegato: \u201c<em>Il problema \u00e8 nato perch\u00e9, a causa dei miei numerosi impegni televisivi, ho deciso di rivolgermi a un parrucchiere di Modena per un servizio rapido. Questo parrucchiere affermava di essere in grado di gestire il Patch Cutaneo, ma non era autorizzato n\u00e9 adeguatamente formato dall\u2019azienda che lo produce, quindi l\u2019applicazione non \u00e8 stata eseguita correttamente e il dispositivo si \u00e8 staccato durante la diretta. Solo i professionisti autorizzati dal produttore possono garantire un\u2019applicazione corretta e sicura. <strong>L\u2019ho imparato a mie spese<\/strong><\/em>\u201d.<\/p>\n\n\n\n<h5 class=\"wp-block-heading\">Un cambiamento di posizione per il conduttore televisivo che ha ammesso di non aver gestito il Patch in modo appropriato, come ha sottolineato l\u2019azienda dopo aver visto quanto accaduto.<\/h5>\n\n\n<div class=\"wp-block-image\">\n<figure class=\"alignright size-large is-resized\"><img fetchpriority=\"high\" decoding=\"async\" width=\"1024\" height=\"682\" src=\"https:\/\/www.livemag.it\/wp-content\/uploads\/2024\/05\/Raffaello-Tonon-1024x682.jpg\" alt=\"Raffaello Tonon\" class=\"wp-image-26666\" style=\"width:343px;height:auto\" srcset=\"https:\/\/www.livemag.it\/wp-content\/uploads\/2024\/05\/Raffaello-Tonon-1024x682.jpg 1024w, https:\/\/www.livemag.it\/wp-content\/uploads\/2024\/05\/Raffaello-Tonon-300x200.jpg 300w, https:\/\/www.livemag.it\/wp-content\/uploads\/2024\/05\/Raffaello-Tonon-768x512.jpg 768w, https:\/\/www.livemag.it\/wp-content\/uploads\/2024\/05\/Raffaello-Tonon-750x500.jpg 750w, https:\/\/www.livemag.it\/wp-content\/uploads\/2024\/05\/Raffaello-Tonon-1140x760.jpg 1140w, https:\/\/www.livemag.it\/wp-content\/uploads\/2024\/05\/Raffaello-Tonon.jpg 1292w\" sizes=\"(max-width: 1024px) 100vw, 1024px\" \/><figcaption class=\"wp-element-caption\">Raffaello Tonon<\/figcaption><\/figure>\n<\/div>\n\n\n<p><strong>BenessereCapelli<\/strong> \u00e8 infatti l\u2019unica azienda autorizzata a questo trattamento, che ha migliorato la vita di molte persone sia dal punto di vista estetico che psicologico. Il Patch Cutaneo \u00e8 un <strong>marchio registrato di propriet\u00e0 esclusiva<\/strong> di BenessereCapelli, gestito e venduto solo nelle diciotto strutture di BenessereCapelli e solo il <strong>personale specializzato e altamente qualificato<\/strong> sa come trattarlo correttamente.<\/p>\n\n\n\n<p>Insomma, un errore di valutazione commesso ingenuamente da <strong>Raffaello Tonon<\/strong>, che per\u00f2 non era in alcun modo un tentativo di screditare un\u2019azienda seria e competente come <strong>BenessereCapelli<\/strong>, che si preoccupa di un problema cos\u00ec importante e invalidante.<\/p>\n\n\n\n<p>Riferendosi al suo esclusivo prodotto, il Patch Cutaneo, l\u2019azienda ha dichiarato: \u201c<em>Il patch cutaneo \u00e8 un&#8217;integrazione di capelli non chirurgica, non invasiva e reversibile, simile a una supercar, richiede manutenzione presso la casa costruttrice. Il tagliando va effettuato nella concessionaria di riferimento del produttore, ed \u00e8 essenziale eseguire la manutenzione solo nei <strong>diciotto centri specializzati <\/strong>di BenessereCapelli, seguendo i protocolli forniti<\/em>\u201d ha spiegato l\u2019azienda, chiarendo definitivamente la dinamica accaduta.<\/p>\n\n\n\n<p>\u201c<em>Il patch cutaneo \u00e8 un <strong>brevetto <\/strong>che offre un trapianto di capelli non chirurgico realizzato su misura con capelli veri, che vengono iniettati in un dispositivo poi applicato alla cute con collanti medicali. \u00c8 <strong>un metodo rivoluzionario, completamente diverso dai tradizionali <\/strong>parrucchini o protesi. \u00c8 pensato per essere indossato continuamente e offre un risultato naturale e invisibile<\/em>\u201d spiega BenessereCapelli parlando del suo prodotto.<\/p>\n\n\n\n<p>Come ormai spesso accade, quando si tratta di fragilit\u00e0, il mercato diventa spietato e pur di vendere, spesso afferma di avere la soluzione al problema. Come in questo caso, coloro che dicono di poter vendere e trattare il Patch Cutaneo. <strong>Affidarsi a terzi non autorizzati pu\u00f2 causare numerosi problemi<\/strong>, come nel caso di Raffaello, dove il patch cutaneo non ha aderito correttamente. Bisogna diffidare dei sedicenti negozi di parrucchieri o centri che affermano di avere il patch cutaneo e che in realt\u00e0 stanno vendendo una protesi sotto falso nome.<\/p>\n\n\n\n<p>\u00c8 importante sensibilizzare sul<strong> tricobullismo<\/strong>, una piaga che affligge moltissime persone che hanno perso i capelli. Dopo lo spiacevole incidente in TV, i social media hanno preso di mira Tonon, il quale ha commentato: \u201c<em><strong>Il tricobullismo \u00e8 inaccettabile<\/strong>. Le persone che soffrono di calvizie gi\u00e0 affrontano un disagio significativo, e io lo so bene. Denigrare qualcuno per un incidente tecnico \u00e8 semplicemente crudele<\/em>\u201d.<\/p>\n\n\n\n<p>Deridere la disabilit\u00e0 di un cliente significa offendere chi ogni giorno lavora per aiutare concretamente chi soffre di un problema, che a livello psicologico \u00e8 vissuto in maniera devastante.<\/p>\n\n\n\n<p><a class=\"\" href=\"https:\/\/www.instagram.com\/altomura\/00?hl=it\" target=\"_blank\" rel=\"noreferrer noopener\">A cura di Mario Altomura<\/a><\/p>\n\n\n\n<p>Leggi anche:&nbsp;<a href=\"https:\/\/www.bollicinevip.com\/stop-ai-capelli-grassi-con-i-consigli-deglesperti\/\">Stop ai capelli grassi, con i consigli degl\u2019esperti<\/a><\/p>\n\n\n\n<p><a href=\"https:\/\/www.facebook.com\/LiveMag\">Seguici sui nostri&nbsp;Social!<\/a><\/p>\n","protected":false},"excerpt":{"rendered":"<p>Chiarito il malinteso tra Raffaello Tonon e BenessereCapelli. L\u2019ex gieffino ammette: ho sbagliato io Nei giorni scorsi si \u00e8 parlato davvero molto dell\u2019incidente capitato a Raffaello Tonon, durante la diretta di un programma tv. Infatti, nella puntata incentrata sul turismo estetico e sui trapianti di capelli, l\u2019opinionista si \u00e8 sollevato in diretta il patch, sorprendendo [&hellip;]<\/p>\n","protected":false},"author":20,"featured_media":26665,"comment_status":"open","ping_status":"open","sticky":false,"template":"","format":"standard","meta":{"jnews-multi-image_gallery":[],"jnews_single_post":{"subtitle":"","format":"standard","video":"","gallery":"","source_name":"","source_url":"","via_name":"","via_url":"","override_template":"0","override":[{"template":"1","single_blog_custom":"","parallax":"1","fullscreen":"1","layout":"right-sidebar","sidebar":"default-sidebar","second_sidebar":"default-sidebar","sticky_sidebar":"1","share_position":"top","share_float_style":"share-monocrhome","show_share_counter":"0","show_view_counter":"0","show_featured":"1","show_post_meta":"1","show_post_author":"1","show_post_author_image":"1","show_post_date":"1","post_date_format":"default","post_date_format_custom":"Y\/m\/d","show_post_category":"1","show_post_reading_time":"0","post_reading_time_wpm":"300","show_zoom_button":"0","zoom_button_out_step":"2","zoom_button_in_step":"3","show_post_tag":"1","show_prev_next_post":"1","show_popup_post":"1","number_popup_post":"1","show_author_box":"1","show_post_related":"0","show_inline_post_related":"0"}],"override_image_size":"0","image_override":[{"single_post_thumbnail_size":"crop-500","single_post_gallery_size":"crop-500"}],"trending_post":"0","trending_post_position":"meta","trending_post_label":"Trending","sponsored_post":"0","sponsored_post_label":"Sponsored by","sponsored_post_name":"","sponsored_post_url":"","sponsored_post_logo_enable":"0","sponsored_post_logo":"","sponsored_post_desc":"","disable_ad":"0"},"jnews_primary_category":{"id":"","hide":""},"jnews_social_meta":{"fb_title":"","fb_description":"","fb_image":"","twitter_title":"","twitter_description":"","twitter_image":""},"jnews_override_counter":{"override_view_counter":"0","view_counter_number":"0","override_share_counter":"0","share_counter_number":"0","override_like_counter":"0","like_counter_number":"0","override_dislike_counter":"0","dislike_counter_number":"0"},"jnews_post_split":{"enable_post_split":"0","post_split":[{"template":"1","tag":"h2","numbering":"asc","mode":"normal","first":"0","enable_toc":"0","toc_type":"normal"}]},"footnotes":""},"categories":[83],"tags":[2028,2029,1956,1695,2030,2026,2027],"class_list":["post-26664","post","type-post","status-publish","format-standard","has-post-thumbnail","hentry","category-livevip","tag-benesserecapelli","tag-capelli","tag-live-magazine","tag-livemag","tag-malinteso","tag-raffaello-tonon","tag-tonon"],"yoast_head":"<!-- This site is optimized with the Yoast SEO plugin v27.5 - https:\/\/yoast.com\/product\/yoast-seo-wordpress\/ -->\n<title>Raffaello Tonon, la replica di BenessereCapelli<\/title>\n<meta name=\"description\" content=\"Nei giorni scorsi si \u00e8 parlato davvero molto dell\u2019incidente capitato a Raffaello Tonon, durante la diretta di un programma tv\" \/>\n<meta name=\"robots\" content=\"index, follow, max-snippet:-1, max-image-preview:large, max-video-preview:-1\" \/>\n<link rel=\"canonical\" href=\"https:\/\/www.livemag.it\/index.php\/2024\/05\/20\/raffaello-tonon-la-replica-di-benesserecapelli-solo-noi-possiamo-trattarlo\/\" \/>\n<meta property=\"og:locale\" content=\"it_IT\" \/>\n<meta property=\"og:type\" content=\"article\" \/>\n<meta property=\"og:title\" content=\"Raffaello Tonon, la replica di BenessereCapelli\" \/>\n<meta property=\"og:description\" content=\"Nei giorni scorsi si \u00e8 parlato davvero molto dell\u2019incidente capitato a Raffaello Tonon, durante la diretta di un programma tv\" \/>\n<meta property=\"og:url\" content=\"https:\/\/www.livemag.it\/index.php\/2024\/05\/20\/raffaello-tonon-la-replica-di-benesserecapelli-solo-noi-possiamo-trattarlo\/\" \/>\n<meta property=\"og:site_name\" content=\"Live Magazine\" \/>\n<meta property=\"article:publisher\" content=\"https:\/\/www.facebook.com\/LiveMag\/\" \/>\n<meta property=\"article:published_time\" content=\"2024-05-20T15:11:44+00:00\" \/>\n<meta property=\"article:modified_time\" content=\"2024-05-20T15:13:31+00:00\" \/>\n<meta property=\"og:image\" content=\"https:\/\/www.livemag.it\/wp-content\/uploads\/2024\/05\/Raffaello-Tonon-BenessereCapelli.jpg\" \/>\n\t<meta property=\"og:image:width\" content=\"1440\" \/>\n\t<meta property=\"og:image:height\" content=\"960\" \/>\n\t<meta property=\"og:image:type\" content=\"image\/jpeg\" \/>\n<meta name=\"author\" content=\"Mario Altomura\" \/>\n<meta name=\"twitter:card\" content=\"summary_large_image\" \/>\n<meta name=\"twitter:creator\" content=\"@LiveNotizie\" \/>\n<meta name=\"twitter:site\" content=\"@LiveNotizie\" \/>\n<meta name=\"twitter:label1\" content=\"Scritto da\" \/>\n\t<meta name=\"twitter:data1\" content=\"Mario Altomura\" \/>\n\t<meta name=\"twitter:label2\" content=\"Tempo di lettura stimato\" \/>\n\t<meta name=\"twitter:data2\" content=\"4 minuti\" \/>\n<script type=\"application\/ld+json\" class=\"yoast-schema-graph\">{\"@context\":\"https:\\\/\\\/schema.org\",\"@graph\":[{\"@type\":\"Article\",\"@id\":\"https:\\\/\\\/www.livemag.it\\\/index.php\\\/2024\\\/05\\\/20\\\/raffaello-tonon-la-replica-di-benesserecapelli-solo-noi-possiamo-trattarlo\\\/#article\",\"isPartOf\":{\"@id\":\"https:\\\/\\\/www.livemag.it\\\/index.php\\\/2024\\\/05\\\/20\\\/raffaello-tonon-la-replica-di-benesserecapelli-solo-noi-possiamo-trattarlo\\\/\"},\"author\":{\"name\":\"Mario Altomura\",\"@id\":\"https:\\\/\\\/www.livemag.it\\\/#\\\/schema\\\/person\\\/cc097583ef7f4da9e9fe62e8b552ab72\"},\"headline\":\"Raffaello Tonon, la replica di BenessereCapelli: solo noi possiamo trattarlo\",\"datePublished\":\"2024-05-20T15:11:44+00:00\",\"dateModified\":\"2024-05-20T15:13:31+00:00\",\"mainEntityOfPage\":{\"@id\":\"https:\\\/\\\/www.livemag.it\\\/index.php\\\/2024\\\/05\\\/20\\\/raffaello-tonon-la-replica-di-benesserecapelli-solo-noi-possiamo-trattarlo\\\/\"},\"wordCount\":678,\"commentCount\":0,\"publisher\":{\"@id\":\"https:\\\/\\\/www.livemag.it\\\/#organization\"},\"image\":{\"@id\":\"https:\\\/\\\/www.livemag.it\\\/index.php\\\/2024\\\/05\\\/20\\\/raffaello-tonon-la-replica-di-benesserecapelli-solo-noi-possiamo-trattarlo\\\/#primaryimage\"},\"thumbnailUrl\":\"https:\\\/\\\/www.livemag.it\\\/wp-content\\\/uploads\\\/2024\\\/05\\\/Raffaello-Tonon-BenessereCapelli.jpg\",\"keywords\":[\"BenessereCapelli\",\"Capelli\",\"live magazine\",\"livemag\",\"malinteso\",\"Raffaello Tonon\",\"Tonon\"],\"articleSection\":[\"LiveVIP\"],\"inLanguage\":\"it-IT\",\"potentialAction\":[{\"@type\":\"CommentAction\",\"name\":\"Comment\",\"target\":[\"https:\\\/\\\/www.livemag.it\\\/index.php\\\/2024\\\/05\\\/20\\\/raffaello-tonon-la-replica-di-benesserecapelli-solo-noi-possiamo-trattarlo\\\/#respond\"]}]},{\"@type\":\"WebPage\",\"@id\":\"https:\\\/\\\/www.livemag.it\\\/index.php\\\/2024\\\/05\\\/20\\\/raffaello-tonon-la-replica-di-benesserecapelli-solo-noi-possiamo-trattarlo\\\/\",\"url\":\"https:\\\/\\\/www.livemag.it\\\/index.php\\\/2024\\\/05\\\/20\\\/raffaello-tonon-la-replica-di-benesserecapelli-solo-noi-possiamo-trattarlo\\\/\",\"name\":\"Raffaello Tonon, la replica di BenessereCapelli\",\"isPartOf\":{\"@id\":\"https:\\\/\\\/www.livemag.it\\\/#website\"},\"primaryImageOfPage\":{\"@id\":\"https:\\\/\\\/www.livemag.it\\\/index.php\\\/2024\\\/05\\\/20\\\/raffaello-tonon-la-replica-di-benesserecapelli-solo-noi-possiamo-trattarlo\\\/#primaryimage\"},\"image\":{\"@id\":\"https:\\\/\\\/www.livemag.it\\\/index.php\\\/2024\\\/05\\\/20\\\/raffaello-tonon-la-replica-di-benesserecapelli-solo-noi-possiamo-trattarlo\\\/#primaryimage\"},\"thumbnailUrl\":\"https:\\\/\\\/www.livemag.it\\\/wp-content\\\/uploads\\\/2024\\\/05\\\/Raffaello-Tonon-BenessereCapelli.jpg\",\"datePublished\":\"2024-05-20T15:11:44+00:00\",\"dateModified\":\"2024-05-20T15:13:31+00:00\",\"description\":\"Nei giorni scorsi si \u00e8 parlato davvero molto dell\u2019incidente capitato a Raffaello Tonon, durante la diretta di un programma tv\",\"breadcrumb\":{\"@id\":\"https:\\\/\\\/www.livemag.it\\\/index.php\\\/2024\\\/05\\\/20\\\/raffaello-tonon-la-replica-di-benesserecapelli-solo-noi-possiamo-trattarlo\\\/#breadcrumb\"},\"inLanguage\":\"it-IT\",\"potentialAction\":[{\"@type\":\"ReadAction\",\"target\":[\"https:\\\/\\\/www.livemag.it\\\/index.php\\\/2024\\\/05\\\/20\\\/raffaello-tonon-la-replica-di-benesserecapelli-solo-noi-possiamo-trattarlo\\\/\"]}]},{\"@type\":\"ImageObject\",\"inLanguage\":\"it-IT\",\"@id\":\"https:\\\/\\\/www.livemag.it\\\/index.php\\\/2024\\\/05\\\/20\\\/raffaello-tonon-la-replica-di-benesserecapelli-solo-noi-possiamo-trattarlo\\\/#primaryimage\",\"url\":\"https:\\\/\\\/www.livemag.it\\\/wp-content\\\/uploads\\\/2024\\\/05\\\/Raffaello-Tonon-BenessereCapelli.jpg\",\"contentUrl\":\"https:\\\/\\\/www.livemag.it\\\/wp-content\\\/uploads\\\/2024\\\/05\\\/Raffaello-Tonon-BenessereCapelli.jpg\",\"width\":1440,\"height\":960,\"caption\":\"Raffaello Tonon BenessereCapelli\"},{\"@type\":\"BreadcrumbList\",\"@id\":\"https:\\\/\\\/www.livemag.it\\\/index.php\\\/2024\\\/05\\\/20\\\/raffaello-tonon-la-replica-di-benesserecapelli-solo-noi-possiamo-trattarlo\\\/#breadcrumb\",\"itemListElement\":[{\"@type\":\"ListItem\",\"position\":1,\"name\":\"Home\",\"item\":\"https:\\\/\\\/www.livemag.it\\\/\"},{\"@type\":\"ListItem\",\"position\":2,\"name\":\"Raffaello Tonon, la replica di BenessereCapelli: solo noi possiamo trattarlo\"}]},{\"@type\":\"WebSite\",\"@id\":\"https:\\\/\\\/www.livemag.it\\\/#website\",\"url\":\"https:\\\/\\\/www.livemag.it\\\/\",\"name\":\"Live Magazine\",\"description\":\"Varie ed eventi\",\"publisher\":{\"@id\":\"https:\\\/\\\/www.livemag.it\\\/#organization\"},\"potentialAction\":[{\"@type\":\"SearchAction\",\"target\":{\"@type\":\"EntryPoint\",\"urlTemplate\":\"https:\\\/\\\/www.livemag.it\\\/?s={search_term_string}\"},\"query-input\":{\"@type\":\"PropertyValueSpecification\",\"valueRequired\":true,\"valueName\":\"search_term_string\"}}],\"inLanguage\":\"it-IT\"},{\"@type\":\"Organization\",\"@id\":\"https:\\\/\\\/www.livemag.it\\\/#organization\",\"name\":\"LiveMag\",\"alternateName\":\"LiveMag News ed eventi\",\"url\":\"https:\\\/\\\/www.livemag.it\\\/\",\"logo\":{\"@type\":\"ImageObject\",\"inLanguage\":\"it-IT\",\"@id\":\"https:\\\/\\\/www.livemag.it\\\/#\\\/schema\\\/logo\\\/image\\\/\",\"url\":\"https:\\\/\\\/www.livemag.it\\\/wp-content\\\/uploads\\\/2024\\\/02\\\/immagine-sito.jpg\",\"contentUrl\":\"https:\\\/\\\/www.livemag.it\\\/wp-content\\\/uploads\\\/2024\\\/02\\\/immagine-sito.jpg\",\"width\":696,\"height\":696,\"caption\":\"LiveMag\"},\"image\":{\"@id\":\"https:\\\/\\\/www.livemag.it\\\/#\\\/schema\\\/logo\\\/image\\\/\"},\"sameAs\":[\"https:\\\/\\\/www.facebook.com\\\/LiveMag\\\/\",\"https:\\\/\\\/x.com\\\/LiveNotizie\",\"https:\\\/\\\/www.instagram.com\\\/livemag\\\/\"]},{\"@type\":\"Person\",\"@id\":\"https:\\\/\\\/www.livemag.it\\\/#\\\/schema\\\/person\\\/cc097583ef7f4da9e9fe62e8b552ab72\",\"name\":\"Mario Altomura\",\"image\":{\"@type\":\"ImageObject\",\"inLanguage\":\"it-IT\",\"@id\":\"https:\\\/\\\/secure.gravatar.com\\\/avatar\\\/3c7d3ce72a2bed6bab5e3681d59712a49247bdd227b4ef67de56814084f945dd?s=96&r=g\",\"url\":\"https:\\\/\\\/secure.gravatar.com\\\/avatar\\\/3c7d3ce72a2bed6bab5e3681d59712a49247bdd227b4ef67de56814084f945dd?s=96&r=g\",\"contentUrl\":\"https:\\\/\\\/secure.gravatar.com\\\/avatar\\\/3c7d3ce72a2bed6bab5e3681d59712a49247bdd227b4ef67de56814084f945dd?s=96&r=g\",\"caption\":\"Mario Altomura\"},\"description\":\"fotografo celebrity\",\"url\":\"https:\\\/\\\/www.livemag.it\\\/index.php\\\/author\\\/fabio-scarpati\\\/\"}]}<\/script>\n<!-- \/ Yoast SEO plugin. -->","yoast_head_json":{"title":"Raffaello Tonon, la replica di BenessereCapelli","description":"Nei giorni scorsi si \u00e8 parlato davvero molto dell\u2019incidente capitato a Raffaello Tonon, durante la diretta di un programma tv","robots":{"index":"index","follow":"follow","max-snippet":"max-snippet:-1","max-image-preview":"max-image-preview:large","max-video-preview":"max-video-preview:-1"},"canonical":"https:\/\/www.livemag.it\/index.php\/2024\/05\/20\/raffaello-tonon-la-replica-di-benesserecapelli-solo-noi-possiamo-trattarlo\/","og_locale":"it_IT","og_type":"article","og_title":"Raffaello Tonon, la replica di BenessereCapelli","og_description":"Nei giorni scorsi si \u00e8 parlato davvero molto dell\u2019incidente capitato a Raffaello Tonon, durante la diretta di un programma tv","og_url":"https:\/\/www.livemag.it\/index.php\/2024\/05\/20\/raffaello-tonon-la-replica-di-benesserecapelli-solo-noi-possiamo-trattarlo\/","og_site_name":"Live Magazine","article_publisher":"https:\/\/www.facebook.com\/LiveMag\/","article_published_time":"2024-05-20T15:11:44+00:00","article_modified_time":"2024-05-20T15:13:31+00:00","og_image":[{"width":1440,"height":960,"url":"https:\/\/www.livemag.it\/wp-content\/uploads\/2024\/05\/Raffaello-Tonon-BenessereCapelli.jpg","type":"image\/jpeg"}],"author":"Mario Altomura","twitter_card":"summary_large_image","twitter_creator":"@LiveNotizie","twitter_site":"@LiveNotizie","twitter_misc":{"Scritto da":"Mario Altomura","Tempo di lettura stimato":"4 minuti"},"schema":{"@context":"https:\/\/schema.org","@graph":[{"@type":"Article","@id":"https:\/\/www.livemag.it\/index.php\/2024\/05\/20\/raffaello-tonon-la-replica-di-benesserecapelli-solo-noi-possiamo-trattarlo\/#article","isPartOf":{"@id":"https:\/\/www.livemag.it\/index.php\/2024\/05\/20\/raffaello-tonon-la-replica-di-benesserecapelli-solo-noi-possiamo-trattarlo\/"},"author":{"name":"Mario Altomura","@id":"https:\/\/www.livemag.it\/#\/schema\/person\/cc097583ef7f4da9e9fe62e8b552ab72"},"headline":"Raffaello Tonon, la replica di BenessereCapelli: solo noi possiamo trattarlo","datePublished":"2024-05-20T15:11:44+00:00","dateModified":"2024-05-20T15:13:31+00:00","mainEntityOfPage":{"@id":"https:\/\/www.livemag.it\/index.php\/2024\/05\/20\/raffaello-tonon-la-replica-di-benesserecapelli-solo-noi-possiamo-trattarlo\/"},"wordCount":678,"commentCount":0,"publisher":{"@id":"https:\/\/www.livemag.it\/#organization"},"image":{"@id":"https:\/\/www.livemag.it\/index.php\/2024\/05\/20\/raffaello-tonon-la-replica-di-benesserecapelli-solo-noi-possiamo-trattarlo\/#primaryimage"},"thumbnailUrl":"https:\/\/www.livemag.it\/wp-content\/uploads\/2024\/05\/Raffaello-Tonon-BenessereCapelli.jpg","keywords":["BenessereCapelli","Capelli","live magazine","livemag","malinteso","Raffaello Tonon","Tonon"],"articleSection":["LiveVIP"],"inLanguage":"it-IT","potentialAction":[{"@type":"CommentAction","name":"Comment","target":["https:\/\/www.livemag.it\/index.php\/2024\/05\/20\/raffaello-tonon-la-replica-di-benesserecapelli-solo-noi-possiamo-trattarlo\/#respond"]}]},{"@type":"WebPage","@id":"https:\/\/www.livemag.it\/index.php\/2024\/05\/20\/raffaello-tonon-la-replica-di-benesserecapelli-solo-noi-possiamo-trattarlo\/","url":"https:\/\/www.livemag.it\/index.php\/2024\/05\/20\/raffaello-tonon-la-replica-di-benesserecapelli-solo-noi-possiamo-trattarlo\/","name":"Raffaello Tonon, la replica di BenessereCapelli","isPartOf":{"@id":"https:\/\/www.livemag.it\/#website"},"primaryImageOfPage":{"@id":"https:\/\/www.livemag.it\/index.php\/2024\/05\/20\/raffaello-tonon-la-replica-di-benesserecapelli-solo-noi-possiamo-trattarlo\/#primaryimage"},"image":{"@id":"https:\/\/www.livemag.it\/index.php\/2024\/05\/20\/raffaello-tonon-la-replica-di-benesserecapelli-solo-noi-possiamo-trattarlo\/#primaryimage"},"thumbnailUrl":"https:\/\/www.livemag.it\/wp-content\/uploads\/2024\/05\/Raffaello-Tonon-BenessereCapelli.jpg","datePublished":"2024-05-20T15:11:44+00:00","dateModified":"2024-05-20T15:13:31+00:00","description":"Nei giorni scorsi si \u00e8 parlato davvero molto dell\u2019incidente capitato a Raffaello Tonon, durante la diretta di un programma tv","breadcrumb":{"@id":"https:\/\/www.livemag.it\/index.php\/2024\/05\/20\/raffaello-tonon-la-replica-di-benesserecapelli-solo-noi-possiamo-trattarlo\/#breadcrumb"},"inLanguage":"it-IT","potentialAction":[{"@type":"ReadAction","target":["https:\/\/www.livemag.it\/index.php\/2024\/05\/20\/raffaello-tonon-la-replica-di-benesserecapelli-solo-noi-possiamo-trattarlo\/"]}]},{"@type":"ImageObject","inLanguage":"it-IT","@id":"https:\/\/www.livemag.it\/index.php\/2024\/05\/20\/raffaello-tonon-la-replica-di-benesserecapelli-solo-noi-possiamo-trattarlo\/#primaryimage","url":"https:\/\/www.livemag.it\/wp-content\/uploads\/2024\/05\/Raffaello-Tonon-BenessereCapelli.jpg","contentUrl":"https:\/\/www.livemag.it\/wp-content\/uploads\/2024\/05\/Raffaello-Tonon-BenessereCapelli.jpg","width":1440,"height":960,"caption":"Raffaello Tonon BenessereCapelli"},{"@type":"BreadcrumbList","@id":"https:\/\/www.livemag.it\/index.php\/2024\/05\/20\/raffaello-tonon-la-replica-di-benesserecapelli-solo-noi-possiamo-trattarlo\/#breadcrumb","itemListElement":[{"@type":"ListItem","position":1,"name":"Home","item":"https:\/\/www.livemag.it\/"},{"@type":"ListItem","position":2,"name":"Raffaello Tonon, la replica di BenessereCapelli: solo noi possiamo trattarlo"}]},{"@type":"WebSite","@id":"https:\/\/www.livemag.it\/#website","url":"https:\/\/www.livemag.it\/","name":"Live Magazine","description":"Varie ed eventi","publisher":{"@id":"https:\/\/www.livemag.it\/#organization"},"potentialAction":[{"@type":"SearchAction","target":{"@type":"EntryPoint","urlTemplate":"https:\/\/www.livemag.it\/?s={search_term_string}"},"query-input":{"@type":"PropertyValueSpecification","valueRequired":true,"valueName":"search_term_string"}}],"inLanguage":"it-IT"},{"@type":"Organization","@id":"https:\/\/www.livemag.it\/#organization","name":"LiveMag","alternateName":"LiveMag News ed eventi","url":"https:\/\/www.livemag.it\/","logo":{"@type":"ImageObject","inLanguage":"it-IT","@id":"https:\/\/www.livemag.it\/#\/schema\/logo\/image\/","url":"https:\/\/www.livemag.it\/wp-content\/uploads\/2024\/02\/immagine-sito.jpg","contentUrl":"https:\/\/www.livemag.it\/wp-content\/uploads\/2024\/02\/immagine-sito.jpg","width":696,"height":696,"caption":"LiveMag"},"image":{"@id":"https:\/\/www.livemag.it\/#\/schema\/logo\/image\/"},"sameAs":["https:\/\/www.facebook.com\/LiveMag\/","https:\/\/x.com\/LiveNotizie","https:\/\/www.instagram.com\/livemag\/"]},{"@type":"Person","@id":"https:\/\/www.livemag.it\/#\/schema\/person\/cc097583ef7f4da9e9fe62e8b552ab72","name":"Mario Altomura","image":{"@type":"ImageObject","inLanguage":"it-IT","@id":"https:\/\/secure.gravatar.com\/avatar\/3c7d3ce72a2bed6bab5e3681d59712a49247bdd227b4ef67de56814084f945dd?s=96&r=g","url":"https:\/\/secure.gravatar.com\/avatar\/3c7d3ce72a2bed6bab5e3681d59712a49247bdd227b4ef67de56814084f945dd?s=96&r=g","contentUrl":"https:\/\/secure.gravatar.com\/avatar\/3c7d3ce72a2bed6bab5e3681d59712a49247bdd227b4ef67de56814084f945dd?s=96&r=g","caption":"Mario Altomura"},"description":"fotografo celebrity","url":"https:\/\/www.livemag.it\/index.php\/author\/fabio-scarpati\/"}]}},"jetpack_featured_media_url":"https:\/\/www.livemag.it\/wp-content\/uploads\/2024\/05\/Raffaello-Tonon-BenessereCapelli.jpg","_links":{"self":[{"href":"https:\/\/www.livemag.it\/index.php\/wp-json\/wp\/v2\/posts\/26664","targetHints":{"allow":["GET"]}}],"collection":[{"href":"https:\/\/www.livemag.it\/index.php\/wp-json\/wp\/v2\/posts"}],"about":[{"href":"https:\/\/www.livemag.it\/index.php\/wp-json\/wp\/v2\/types\/post"}],"author":[{"embeddable":true,"href":"https:\/\/www.livemag.it\/index.php\/wp-json\/wp\/v2\/users\/20"}],"replies":[{"embeddable":true,"href":"https:\/\/www.livemag.it\/index.php\/wp-json\/wp\/v2\/comments?post=26664"}],"version-history":[{"count":4,"href":"https:\/\/www.livemag.it\/index.php\/wp-json\/wp\/v2\/posts\/26664\/revisions"}],"predecessor-version":[{"id":26671,"href":"https:\/\/www.livemag.it\/index.php\/wp-json\/wp\/v2\/posts\/26664\/revisions\/26671"}],"wp:featuredmedia":[{"embeddable":true,"href":"https:\/\/www.livemag.it\/index.php\/wp-json\/wp\/v2\/media\/26665"}],"wp:attachment":[{"href":"https:\/\/www.livemag.it\/index.php\/wp-json\/wp\/v2\/media?parent=26664"}],"wp:term":[{"taxonomy":"category","embeddable":true,"href":"https:\/\/www.livemag.it\/index.php\/wp-json\/wp\/v2\/categories?post=26664"},{"taxonomy":"post_tag","embeddable":true,"href":"https:\/\/www.livemag.it\/index.php\/wp-json\/wp\/v2\/tags?post=26664"}],"curies":[{"name":"wp","href":"https:\/\/api.w.org\/{rel}","templated":true}]}}