{"id":26092,"date":"2024-05-11T18:01:42","date_gmt":"2024-05-11T16:01:42","guid":{"rendered":"https:\/\/www.livemag.it\/index.php\/2024\/05\/11\/mattarella-mondo-ha-bisogno-di-pace-politica-puo-arginare-conflitti\/"},"modified":"2024-05-11T18:01:42","modified_gmt":"2024-05-11T16:01:42","slug":"mattarella-mondo-ha-bisogno-di-pace-politica-puo-arginare-conflitti","status":"publish","type":"post","link":"https:\/\/www.livemag.it\/index.php\/2024\/05\/11\/mattarella-mondo-ha-bisogno-di-pace-politica-puo-arginare-conflitti\/","title":{"rendered":"Mattarella \u201cMondo ha bisogno di pace, politica pu\u00f2 arginare conflitti\u201d"},"content":{"rendered":"<div>\n<p>ROMA (ITALPRESS) \u2013 \u201cIl mondo ha bisogno di pace. E la pace \u00e8 sempre il frutto anzitutto di una scelta personale, che si riversa nella vita sociale e si rinnova nel tempo\u201d. Lo ha detto il presidente della Repubblica, Sergio Mattarella, in occasione dell\u2019incontro con una delegazione del World Meeting on Human Fraternity.<br \/>\u201cNell\u2019articolo 11 della Costituzione italiana si legge che \u00abL\u2019Italia ripudia la guerra come strumento di offesa alla libert\u00e0 degli altri popoli e come mezzo di risoluzione delle controversie internazionali\u00bb \u2013 ha aggiunto il capo dello Stato -. La Carta delle Nazioni Unite, nel suo preambolo, qualche anno prima aveva gi\u00e0 sottolineato come i popoli fossero decisi \u00aba salvare le future generazioni dal flagello della guerra\u00bb; aveva anche riaffermato \u2013 quella Carta \u2013 \u00ab la fede nei diritti fondamentali dell\u2019uomo, nella dignit\u00e0 e nel valore della persona umana, nella eguaglianza dei diritti degli uomini e delle donne e delle nazioni\u00bb, grandi o piccole che fossero; aveva richiamato anche l\u2019esigenza di giustizia nella vita internazionale; aveva esortato a \u00abpromuovere progresso sociale e pi\u00f9 ampia libert\u00e0\u00bb. Dunque, ai massimi livelli, \u00e8 stata sovente enunciata l\u2019aspirazione alla pace e il dovere di perseguirla e di difenderla\u201d.<br \/>\u201cE\u2019 una scelta che ha permesso di educare intere generazioni alla cultura della pace che Voi promuovete. E\u2019 questo l\u2019orizzonte a cui guardare, anche se \u00e8 oscurato da tensioni e conflitti. Anzi, tanto pi\u00f9 per questa ragione \u2013 ha proseguito Mattarella -. La storia insegna che la politica pu\u00f2 arginare i conflitti, sostituendo alla coltivazione dell\u2019odio la cooperazione, affermando il primato del diritto sulla forza. Per giungere finalmente a rendere concretamente vissuto il principio di fraternit\u00e0, che \u00e8 al centro dei vostri lavori. Per affermare che la salvaguardia dei diritti delle persone e delle comunit\u00e0 non trova applicazione soltanto all\u2019interno di ciascuno Stato, ma si esprime e si realizza davvero se viene esteso e applicato ai rapporti fra i popoli. Perch\u00e8 il \u201cbene comune\u201d dei cittadini di uno Stato non pu\u00f2 essere contrapposto al \u201cbene comune\u201d dei cittadini di un altro Stato. Perch\u00e8, sempre pi\u00f9 evidentemente, si manifesta che esiste un \u201cbene\u201d comune all\u2019intera umanit\u00e0\u201d.<\/p>\n<p>\u2013 Foto ufficio stampa Quirinale \u2013<\/p>\n<p>(ITALPRESS).<\/p>\n<\/div>\n","protected":false},"excerpt":{"rendered":"<p>ROMA (ITALPRESS) \u2013 \u201cIl mondo ha bisogno di pace. E la pace \u00e8 sempre il frutto anzitutto di una scelta personale, che si riversa nella vita sociale e si rinnova nel tempo\u201d. Lo ha detto il presidente della Repubblica, Sergio Mattarella, in occasione dell\u2019incontro con una delegazione del World Meeting on Human Fraternity.\u201cNell\u2019articolo 11 della [&hellip;]<\/p>\n","protected":false},"author":16,"featured_media":26093,"comment_status":"closed","ping_status":"closed","sticky":false,"template":"","format":"standard","meta":{"jnews-multi-image_gallery":[],"jnews_single_post":[],"jnews_primary_category":[],"jnews_social_meta":[],"jnews_override_counter":[],"jnews_post_split":[],"footnotes":""},"categories":[1129],"tags":[],"class_list":["post-26092","post","type-post","status-publish","format-standard","has-post-thumbnail","hentry","category-mondo"],"yoast_head":"<!-- This site is optimized with the Yoast SEO plugin v27.5 - https:\/\/yoast.com\/product\/yoast-seo-wordpress\/ -->\n<title>Mattarella \u201cMondo ha bisogno di pace, politica pu\u00f2 arginare conflitti\u201d - Live Magazine<\/title>\n<meta name=\"robots\" content=\"index, follow, max-snippet:-1, max-image-preview:large, max-video-preview:-1\" \/>\n<link rel=\"canonical\" href=\"https:\/\/www.livemag.it\/index.php\/2024\/05\/11\/mattarella-mondo-ha-bisogno-di-pace-politica-puo-arginare-conflitti\/\" \/>\n<meta property=\"og:locale\" content=\"it_IT\" \/>\n<meta property=\"og:type\" content=\"article\" \/>\n<meta property=\"og:title\" content=\"Mattarella \u201cMondo ha bisogno di pace, politica pu\u00f2 arginare conflitti\u201d - Live Magazine\" \/>\n<meta property=\"og:description\" content=\"ROMA (ITALPRESS) \u2013 \u201cIl mondo ha bisogno di pace. E la pace \u00e8 sempre il frutto anzitutto di una scelta personale, che si riversa nella vita sociale e si rinnova nel tempo\u201d. Lo ha detto il presidente della Repubblica, Sergio Mattarella, in occasione dell\u2019incontro con una delegazione del World Meeting on Human Fraternity.\u201cNell\u2019articolo 11 della [&hellip;]\" \/>\n<meta property=\"og:url\" content=\"https:\/\/www.livemag.it\/index.php\/2024\/05\/11\/mattarella-mondo-ha-bisogno-di-pace-politica-puo-arginare-conflitti\/\" \/>\n<meta property=\"og:site_name\" content=\"Live Magazine\" \/>\n<meta property=\"article:publisher\" content=\"https:\/\/www.facebook.com\/LiveMag\/\" \/>\n<meta property=\"article:published_time\" content=\"2024-05-11T16:01:42+00:00\" \/>\n<meta property=\"og:image\" content=\"https:\/\/www.livemag.it\/wp-content\/uploads\/2024\/02\/ograph.jpg\" \/>\n\t<meta property=\"og:image:width\" content=\"1200\" \/>\n\t<meta property=\"og:image:height\" content=\"675\" \/>\n\t<meta property=\"og:image:type\" content=\"image\/jpeg\" \/>\n<meta name=\"author\" content=\"italpress\" \/>\n<meta name=\"twitter:card\" content=\"summary_large_image\" \/>\n<meta name=\"twitter:creator\" content=\"@LiveNotizie\" \/>\n<meta name=\"twitter:site\" content=\"@LiveNotizie\" \/>\n<meta name=\"twitter:label1\" content=\"Scritto da\" \/>\n\t<meta name=\"twitter:data1\" content=\"italpress\" \/>\n\t<meta name=\"twitter:label2\" content=\"Tempo di lettura stimato\" \/>\n\t<meta name=\"twitter:data2\" content=\"2 minuti\" \/>\n<script type=\"application\/ld+json\" class=\"yoast-schema-graph\">{\"@context\":\"https:\\\/\\\/schema.org\",\"@graph\":[{\"@type\":\"Article\",\"@id\":\"https:\\\/\\\/www.livemag.it\\\/index.php\\\/2024\\\/05\\\/11\\\/mattarella-mondo-ha-bisogno-di-pace-politica-puo-arginare-conflitti\\\/#article\",\"isPartOf\":{\"@id\":\"https:\\\/\\\/www.livemag.it\\\/index.php\\\/2024\\\/05\\\/11\\\/mattarella-mondo-ha-bisogno-di-pace-politica-puo-arginare-conflitti\\\/\"},\"author\":{\"name\":\"italpress\",\"@id\":\"https:\\\/\\\/www.livemag.it\\\/#\\\/schema\\\/person\\\/b62c5f44451fdcdaeb0afe6c2424e73c\"},\"headline\":\"Mattarella \u201cMondo ha bisogno di pace, politica pu\u00f2 arginare conflitti\u201d\",\"datePublished\":\"2024-05-11T16:01:42+00:00\",\"mainEntityOfPage\":{\"@id\":\"https:\\\/\\\/www.livemag.it\\\/index.php\\\/2024\\\/05\\\/11\\\/mattarella-mondo-ha-bisogno-di-pace-politica-puo-arginare-conflitti\\\/\"},\"wordCount\":364,\"publisher\":{\"@id\":\"https:\\\/\\\/www.livemag.it\\\/#organization\"},\"image\":{\"@id\":\"https:\\\/\\\/www.livemag.it\\\/index.php\\\/2024\\\/05\\\/11\\\/mattarella-mondo-ha-bisogno-di-pace-politica-puo-arginare-conflitti\\\/#primaryimage\"},\"thumbnailUrl\":\"https:\\\/\\\/www.livemag.it\\\/wp-content\\\/uploads\\\/2024\\\/05\\\/20240511_1049.jpg\",\"articleSection\":[\"Mondo\"],\"inLanguage\":\"it-IT\"},{\"@type\":\"WebPage\",\"@id\":\"https:\\\/\\\/www.livemag.it\\\/index.php\\\/2024\\\/05\\\/11\\\/mattarella-mondo-ha-bisogno-di-pace-politica-puo-arginare-conflitti\\\/\",\"url\":\"https:\\\/\\\/www.livemag.it\\\/index.php\\\/2024\\\/05\\\/11\\\/mattarella-mondo-ha-bisogno-di-pace-politica-puo-arginare-conflitti\\\/\",\"name\":\"Mattarella \u201cMondo ha bisogno di pace, politica pu\u00f2 arginare conflitti\u201d - Live Magazine\",\"isPartOf\":{\"@id\":\"https:\\\/\\\/www.livemag.it\\\/#website\"},\"primaryImageOfPage\":{\"@id\":\"https:\\\/\\\/www.livemag.it\\\/index.php\\\/2024\\\/05\\\/11\\\/mattarella-mondo-ha-bisogno-di-pace-politica-puo-arginare-conflitti\\\/#primaryimage\"},\"image\":{\"@id\":\"https:\\\/\\\/www.livemag.it\\\/index.php\\\/2024\\\/05\\\/11\\\/mattarella-mondo-ha-bisogno-di-pace-politica-puo-arginare-conflitti\\\/#primaryimage\"},\"thumbnailUrl\":\"https:\\\/\\\/www.livemag.it\\\/wp-content\\\/uploads\\\/2024\\\/05\\\/20240511_1049.jpg\",\"datePublished\":\"2024-05-11T16:01:42+00:00\",\"breadcrumb\":{\"@id\":\"https:\\\/\\\/www.livemag.it\\\/index.php\\\/2024\\\/05\\\/11\\\/mattarella-mondo-ha-bisogno-di-pace-politica-puo-arginare-conflitti\\\/#breadcrumb\"},\"inLanguage\":\"it-IT\",\"potentialAction\":[{\"@type\":\"ReadAction\",\"target\":[\"https:\\\/\\\/www.livemag.it\\\/index.php\\\/2024\\\/05\\\/11\\\/mattarella-mondo-ha-bisogno-di-pace-politica-puo-arginare-conflitti\\\/\"]}]},{\"@type\":\"ImageObject\",\"inLanguage\":\"it-IT\",\"@id\":\"https:\\\/\\\/www.livemag.it\\\/index.php\\\/2024\\\/05\\\/11\\\/mattarella-mondo-ha-bisogno-di-pace-politica-puo-arginare-conflitti\\\/#primaryimage\",\"url\":\"https:\\\/\\\/www.livemag.it\\\/wp-content\\\/uploads\\\/2024\\\/05\\\/20240511_1049.jpg\",\"contentUrl\":\"https:\\\/\\\/www.livemag.it\\\/wp-content\\\/uploads\\\/2024\\\/05\\\/20240511_1049.jpg\",\"width\":1200,\"height\":800},{\"@type\":\"BreadcrumbList\",\"@id\":\"https:\\\/\\\/www.livemag.it\\\/index.php\\\/2024\\\/05\\\/11\\\/mattarella-mondo-ha-bisogno-di-pace-politica-puo-arginare-conflitti\\\/#breadcrumb\",\"itemListElement\":[{\"@type\":\"ListItem\",\"position\":1,\"name\":\"Home\",\"item\":\"https:\\\/\\\/www.livemag.it\\\/\"},{\"@type\":\"ListItem\",\"position\":2,\"name\":\"Mattarella \u201cMondo ha bisogno di pace, politica pu\u00f2 arginare conflitti\u201d\"}]},{\"@type\":\"WebSite\",\"@id\":\"https:\\\/\\\/www.livemag.it\\\/#website\",\"url\":\"https:\\\/\\\/www.livemag.it\\\/\",\"name\":\"Live Magazine\",\"description\":\"Varie ed eventi\",\"publisher\":{\"@id\":\"https:\\\/\\\/www.livemag.it\\\/#organization\"},\"potentialAction\":[{\"@type\":\"SearchAction\",\"target\":{\"@type\":\"EntryPoint\",\"urlTemplate\":\"https:\\\/\\\/www.livemag.it\\\/?s={search_term_string}\"},\"query-input\":{\"@type\":\"PropertyValueSpecification\",\"valueRequired\":true,\"valueName\":\"search_term_string\"}}],\"inLanguage\":\"it-IT\"},{\"@type\":\"Organization\",\"@id\":\"https:\\\/\\\/www.livemag.it\\\/#organization\",\"name\":\"LiveMag\",\"alternateName\":\"LiveMag News ed eventi\",\"url\":\"https:\\\/\\\/www.livemag.it\\\/\",\"logo\":{\"@type\":\"ImageObject\",\"inLanguage\":\"it-IT\",\"@id\":\"https:\\\/\\\/www.livemag.it\\\/#\\\/schema\\\/logo\\\/image\\\/\",\"url\":\"https:\\\/\\\/www.livemag.it\\\/wp-content\\\/uploads\\\/2024\\\/02\\\/immagine-sito.jpg\",\"contentUrl\":\"https:\\\/\\\/www.livemag.it\\\/wp-content\\\/uploads\\\/2024\\\/02\\\/immagine-sito.jpg\",\"width\":696,\"height\":696,\"caption\":\"LiveMag\"},\"image\":{\"@id\":\"https:\\\/\\\/www.livemag.it\\\/#\\\/schema\\\/logo\\\/image\\\/\"},\"sameAs\":[\"https:\\\/\\\/www.facebook.com\\\/LiveMag\\\/\",\"https:\\\/\\\/x.com\\\/LiveNotizie\",\"https:\\\/\\\/www.instagram.com\\\/livemag\\\/\"]},{\"@type\":\"Person\",\"@id\":\"https:\\\/\\\/www.livemag.it\\\/#\\\/schema\\\/person\\\/b62c5f44451fdcdaeb0afe6c2424e73c\",\"name\":\"italpress\",\"image\":{\"@type\":\"ImageObject\",\"inLanguage\":\"it-IT\",\"@id\":\"https:\\\/\\\/secure.gravatar.com\\\/avatar\\\/b6a21695fc713ce7ee312cf57c97e2e641feb365be72d8745574d3c3e2b59066?s=96&r=g\",\"url\":\"https:\\\/\\\/secure.gravatar.com\\\/avatar\\\/b6a21695fc713ce7ee312cf57c97e2e641feb365be72d8745574d3c3e2b59066?s=96&r=g\",\"contentUrl\":\"https:\\\/\\\/secure.gravatar.com\\\/avatar\\\/b6a21695fc713ce7ee312cf57c97e2e641feb365be72d8745574d3c3e2b59066?s=96&r=g\",\"caption\":\"italpress\"},\"description\":\"Italpress \u00e8 un'agenzia di stampa italiana a carattere nazionale.\",\"url\":\"https:\\\/\\\/www.livemag.it\\\/index.php\\\/author\\\/italpress\\\/\"}]}<\/script>\n<!-- \/ Yoast SEO plugin. -->","yoast_head_json":{"title":"Mattarella \u201cMondo ha bisogno di pace, politica pu\u00f2 arginare conflitti\u201d - Live Magazine","robots":{"index":"index","follow":"follow","max-snippet":"max-snippet:-1","max-image-preview":"max-image-preview:large","max-video-preview":"max-video-preview:-1"},"canonical":"https:\/\/www.livemag.it\/index.php\/2024\/05\/11\/mattarella-mondo-ha-bisogno-di-pace-politica-puo-arginare-conflitti\/","og_locale":"it_IT","og_type":"article","og_title":"Mattarella \u201cMondo ha bisogno di pace, politica pu\u00f2 arginare conflitti\u201d - Live Magazine","og_description":"ROMA (ITALPRESS) \u2013 \u201cIl mondo ha bisogno di pace. E la pace \u00e8 sempre il frutto anzitutto di una scelta personale, che si riversa nella vita sociale e si rinnova nel tempo\u201d. Lo ha detto il presidente della Repubblica, Sergio Mattarella, in occasione dell\u2019incontro con una delegazione del World Meeting on Human Fraternity.\u201cNell\u2019articolo 11 della [&hellip;]","og_url":"https:\/\/www.livemag.it\/index.php\/2024\/05\/11\/mattarella-mondo-ha-bisogno-di-pace-politica-puo-arginare-conflitti\/","og_site_name":"Live Magazine","article_publisher":"https:\/\/www.facebook.com\/LiveMag\/","article_published_time":"2024-05-11T16:01:42+00:00","og_image":[{"width":1200,"height":675,"url":"https:\/\/www.livemag.it\/wp-content\/uploads\/2024\/02\/ograph.jpg","type":"image\/jpeg"}],"author":"italpress","twitter_card":"summary_large_image","twitter_creator":"@LiveNotizie","twitter_site":"@LiveNotizie","twitter_misc":{"Scritto da":"italpress","Tempo di lettura stimato":"2 minuti"},"schema":{"@context":"https:\/\/schema.org","@graph":[{"@type":"Article","@id":"https:\/\/www.livemag.it\/index.php\/2024\/05\/11\/mattarella-mondo-ha-bisogno-di-pace-politica-puo-arginare-conflitti\/#article","isPartOf":{"@id":"https:\/\/www.livemag.it\/index.php\/2024\/05\/11\/mattarella-mondo-ha-bisogno-di-pace-politica-puo-arginare-conflitti\/"},"author":{"name":"italpress","@id":"https:\/\/www.livemag.it\/#\/schema\/person\/b62c5f44451fdcdaeb0afe6c2424e73c"},"headline":"Mattarella \u201cMondo ha bisogno di pace, politica pu\u00f2 arginare conflitti\u201d","datePublished":"2024-05-11T16:01:42+00:00","mainEntityOfPage":{"@id":"https:\/\/www.livemag.it\/index.php\/2024\/05\/11\/mattarella-mondo-ha-bisogno-di-pace-politica-puo-arginare-conflitti\/"},"wordCount":364,"publisher":{"@id":"https:\/\/www.livemag.it\/#organization"},"image":{"@id":"https:\/\/www.livemag.it\/index.php\/2024\/05\/11\/mattarella-mondo-ha-bisogno-di-pace-politica-puo-arginare-conflitti\/#primaryimage"},"thumbnailUrl":"https:\/\/www.livemag.it\/wp-content\/uploads\/2024\/05\/20240511_1049.jpg","articleSection":["Mondo"],"inLanguage":"it-IT"},{"@type":"WebPage","@id":"https:\/\/www.livemag.it\/index.php\/2024\/05\/11\/mattarella-mondo-ha-bisogno-di-pace-politica-puo-arginare-conflitti\/","url":"https:\/\/www.livemag.it\/index.php\/2024\/05\/11\/mattarella-mondo-ha-bisogno-di-pace-politica-puo-arginare-conflitti\/","name":"Mattarella \u201cMondo ha bisogno di pace, politica pu\u00f2 arginare conflitti\u201d - Live Magazine","isPartOf":{"@id":"https:\/\/www.livemag.it\/#website"},"primaryImageOfPage":{"@id":"https:\/\/www.livemag.it\/index.php\/2024\/05\/11\/mattarella-mondo-ha-bisogno-di-pace-politica-puo-arginare-conflitti\/#primaryimage"},"image":{"@id":"https:\/\/www.livemag.it\/index.php\/2024\/05\/11\/mattarella-mondo-ha-bisogno-di-pace-politica-puo-arginare-conflitti\/#primaryimage"},"thumbnailUrl":"https:\/\/www.livemag.it\/wp-content\/uploads\/2024\/05\/20240511_1049.jpg","datePublished":"2024-05-11T16:01:42+00:00","breadcrumb":{"@id":"https:\/\/www.livemag.it\/index.php\/2024\/05\/11\/mattarella-mondo-ha-bisogno-di-pace-politica-puo-arginare-conflitti\/#breadcrumb"},"inLanguage":"it-IT","potentialAction":[{"@type":"ReadAction","target":["https:\/\/www.livemag.it\/index.php\/2024\/05\/11\/mattarella-mondo-ha-bisogno-di-pace-politica-puo-arginare-conflitti\/"]}]},{"@type":"ImageObject","inLanguage":"it-IT","@id":"https:\/\/www.livemag.it\/index.php\/2024\/05\/11\/mattarella-mondo-ha-bisogno-di-pace-politica-puo-arginare-conflitti\/#primaryimage","url":"https:\/\/www.livemag.it\/wp-content\/uploads\/2024\/05\/20240511_1049.jpg","contentUrl":"https:\/\/www.livemag.it\/wp-content\/uploads\/2024\/05\/20240511_1049.jpg","width":1200,"height":800},{"@type":"BreadcrumbList","@id":"https:\/\/www.livemag.it\/index.php\/2024\/05\/11\/mattarella-mondo-ha-bisogno-di-pace-politica-puo-arginare-conflitti\/#breadcrumb","itemListElement":[{"@type":"ListItem","position":1,"name":"Home","item":"https:\/\/www.livemag.it\/"},{"@type":"ListItem","position":2,"name":"Mattarella \u201cMondo ha bisogno di pace, politica pu\u00f2 arginare conflitti\u201d"}]},{"@type":"WebSite","@id":"https:\/\/www.livemag.it\/#website","url":"https:\/\/www.livemag.it\/","name":"Live Magazine","description":"Varie ed eventi","publisher":{"@id":"https:\/\/www.livemag.it\/#organization"},"potentialAction":[{"@type":"SearchAction","target":{"@type":"EntryPoint","urlTemplate":"https:\/\/www.livemag.it\/?s={search_term_string}"},"query-input":{"@type":"PropertyValueSpecification","valueRequired":true,"valueName":"search_term_string"}}],"inLanguage":"it-IT"},{"@type":"Organization","@id":"https:\/\/www.livemag.it\/#organization","name":"LiveMag","alternateName":"LiveMag News ed eventi","url":"https:\/\/www.livemag.it\/","logo":{"@type":"ImageObject","inLanguage":"it-IT","@id":"https:\/\/www.livemag.it\/#\/schema\/logo\/image\/","url":"https:\/\/www.livemag.it\/wp-content\/uploads\/2024\/02\/immagine-sito.jpg","contentUrl":"https:\/\/www.livemag.it\/wp-content\/uploads\/2024\/02\/immagine-sito.jpg","width":696,"height":696,"caption":"LiveMag"},"image":{"@id":"https:\/\/www.livemag.it\/#\/schema\/logo\/image\/"},"sameAs":["https:\/\/www.facebook.com\/LiveMag\/","https:\/\/x.com\/LiveNotizie","https:\/\/www.instagram.com\/livemag\/"]},{"@type":"Person","@id":"https:\/\/www.livemag.it\/#\/schema\/person\/b62c5f44451fdcdaeb0afe6c2424e73c","name":"italpress","image":{"@type":"ImageObject","inLanguage":"it-IT","@id":"https:\/\/secure.gravatar.com\/avatar\/b6a21695fc713ce7ee312cf57c97e2e641feb365be72d8745574d3c3e2b59066?s=96&r=g","url":"https:\/\/secure.gravatar.com\/avatar\/b6a21695fc713ce7ee312cf57c97e2e641feb365be72d8745574d3c3e2b59066?s=96&r=g","contentUrl":"https:\/\/secure.gravatar.com\/avatar\/b6a21695fc713ce7ee312cf57c97e2e641feb365be72d8745574d3c3e2b59066?s=96&r=g","caption":"italpress"},"description":"Italpress \u00e8 un'agenzia di stampa italiana a carattere nazionale.","url":"https:\/\/www.livemag.it\/index.php\/author\/italpress\/"}]}},"jetpack_featured_media_url":"https:\/\/www.livemag.it\/wp-content\/uploads\/2024\/05\/20240511_1049.jpg","_links":{"self":[{"href":"https:\/\/www.livemag.it\/index.php\/wp-json\/wp\/v2\/posts\/26092","targetHints":{"allow":["GET"]}}],"collection":[{"href":"https:\/\/www.livemag.it\/index.php\/wp-json\/wp\/v2\/posts"}],"about":[{"href":"https:\/\/www.livemag.it\/index.php\/wp-json\/wp\/v2\/types\/post"}],"author":[{"embeddable":true,"href":"https:\/\/www.livemag.it\/index.php\/wp-json\/wp\/v2\/users\/16"}],"replies":[{"embeddable":true,"href":"https:\/\/www.livemag.it\/index.php\/wp-json\/wp\/v2\/comments?post=26092"}],"version-history":[{"count":0,"href":"https:\/\/www.livemag.it\/index.php\/wp-json\/wp\/v2\/posts\/26092\/revisions"}],"wp:featuredmedia":[{"embeddable":true,"href":"https:\/\/www.livemag.it\/index.php\/wp-json\/wp\/v2\/media\/26093"}],"wp:attachment":[{"href":"https:\/\/www.livemag.it\/index.php\/wp-json\/wp\/v2\/media?parent=26092"}],"wp:term":[{"taxonomy":"category","embeddable":true,"href":"https:\/\/www.livemag.it\/index.php\/wp-json\/wp\/v2\/categories?post=26092"},{"taxonomy":"post_tag","embeddable":true,"href":"https:\/\/www.livemag.it\/index.php\/wp-json\/wp\/v2\/tags?post=26092"}],"curies":[{"name":"wp","href":"https:\/\/api.w.org\/{rel}","templated":true}]}}