{"id":22748,"date":"2024-03-22T21:55:58","date_gmt":"2024-03-22T20:55:58","guid":{"rendered":"https:\/\/www.livemag.it\/?p=22748"},"modified":"2024-03-22T22:00:59","modified_gmt":"2024-03-22T21:00:59","slug":"1-ibo-world-title-lightfly-novara","status":"publish","type":"post","link":"https:\/\/www.livemag.it\/index.php\/2024\/03\/22\/1-ibo-world-title-lightfly-novara\/","title":{"rendered":"Tutto pronto a Novara per il match Mondiale"},"content":{"rendered":"\n<h4 class=\"wp-block-heading\"><strong>Sabato 23 marzo a Novara appuntamento con la storia: Martina Bernile sfider\u00e0 Nina Radovanovic per il Titolo Mondiale IBO Minimosca, attualmente vacante. <\/strong><\/h4>\n\n\n\n<p>Tutto pronto al Centro Sportivo di Novarello per ospitare una giornata ricca di sport. Nei giorni scorsi si sono tenute la conferenza stampa di presentazione dell&#8217;evento e la cerimonia del peso. <strong>Sabato 23 marzo <\/strong>alle <strong>22<\/strong> l&#8217;atleta novarese <strong>Martina Bernile, <\/strong>gi\u00e0 pluricampionessa europea e mondiale nel kickboxing e Campionessa Europa categoria Mosca, sfider\u00e0 <strong>Nina Radovanovic<\/strong>, pugile serba, per il titolo mondiale IBO Minimosca.<\/p>\n\n\n\n<figure class=\"wp-block-gallery has-nested-images columns-default is-cropped wp-block-gallery-1 is-layout-flex wp-block-gallery-is-layout-flex\">\n<figure class=\"wp-block-image size-large\"><img fetchpriority=\"high\" decoding=\"async\" width=\"1440\" height=\"900\" data-id=\"22830\" src=\"https:\/\/www.livemag.it\/wp-content\/uploads\/2024\/03\/lt2-edited.jpg\" alt=\"\" class=\"wp-image-22830\" srcset=\"https:\/\/www.livemag.it\/wp-content\/uploads\/2024\/03\/lt2-edited.jpg 1440w, https:\/\/www.livemag.it\/wp-content\/uploads\/2024\/03\/lt2-edited-300x188.jpg 300w, https:\/\/www.livemag.it\/wp-content\/uploads\/2024\/03\/lt2-edited-1024x640.jpg 1024w, https:\/\/www.livemag.it\/wp-content\/uploads\/2024\/03\/lt2-edited-768x480.jpg 768w, https:\/\/www.livemag.it\/wp-content\/uploads\/2024\/03\/lt2-edited-750x469.jpg 750w, https:\/\/www.livemag.it\/wp-content\/uploads\/2024\/03\/lt2-edited-1140x713.jpg 1140w\" sizes=\"(max-width: 1440px) 100vw, 1440px\" \/><\/figure>\n\n\n\n<figure class=\"wp-block-image size-full\"><img decoding=\"async\" width=\"1200\" height=\"1600\" data-id=\"22833\" src=\"https:\/\/www.livemag.it\/wp-content\/uploads\/2024\/03\/little-thank.jpg\" alt=\"\" class=\"wp-image-22833\" srcset=\"https:\/\/www.livemag.it\/wp-content\/uploads\/2024\/03\/little-thank.jpg 1200w, https:\/\/www.livemag.it\/wp-content\/uploads\/2024\/03\/little-thank-225x300.jpg 225w, https:\/\/www.livemag.it\/wp-content\/uploads\/2024\/03\/little-thank-768x1024.jpg 768w, https:\/\/www.livemag.it\/wp-content\/uploads\/2024\/03\/little-thank-1152x1536.jpg 1152w, https:\/\/www.livemag.it\/wp-content\/uploads\/2024\/03\/little-thank-750x1000.jpg 750w, https:\/\/www.livemag.it\/wp-content\/uploads\/2024\/03\/little-thank-1140x1520.jpg 1140w\" sizes=\"(max-width: 1200px) 100vw, 1200px\" \/><\/figure>\n\n\n\n<figure class=\"wp-block-image size-large\"><img decoding=\"async\" width=\"768\" height=\"1024\" data-id=\"22829\" src=\"https:\/\/www.livemag.it\/wp-content\/uploads\/2024\/03\/lt4-768x1024.jpg\" alt=\"\" class=\"wp-image-22829\" srcset=\"https:\/\/www.livemag.it\/wp-content\/uploads\/2024\/03\/lt4-768x1024.jpg 768w, https:\/\/www.livemag.it\/wp-content\/uploads\/2024\/03\/lt4-225x300.jpg 225w, https:\/\/www.livemag.it\/wp-content\/uploads\/2024\/03\/lt4-1152x1536.jpg 1152w, https:\/\/www.livemag.it\/wp-content\/uploads\/2024\/03\/lt4-750x1000.jpg 750w, https:\/\/www.livemag.it\/wp-content\/uploads\/2024\/03\/lt4-1140x1520.jpg 1140w\" sizes=\"(max-width: 768px) 100vw, 768px\" \/><\/figure>\n<\/figure>\n\n\n\n<p>Durante la conferenza stampa di presentazione il manager <strong>Rolando Frascaro<\/strong> ha introdotto il match dichiarando che: &#8220;E&#8217; una sfida aperta a qualsiasi risultato che sicuramente sar\u00e0 <strong>entusiasmante<\/strong>. L\u2019Italia oggi \u00e8 uno dei Paesi dove<strong> le donne raggiungono dei risultati di molto superiori a quelli che raggiungono gli atleti uomini<\/strong> e questo va valorizzato in modo importante come \u00e8 stato fatto nella realizzazione di questo evento.<\/p>\n\n\n\n<p>La sfidante <strong>Nina Radovanic <\/strong>ha voluto ringraziare per la <strong>grande occasione <\/strong>certa che sar\u00e0 un&#8217;opportunit\u00e0 unica e irripetibile. Si \u00e8 preparata al meglio per potersi giocare le proprie carte e si sente molto concentrata verso l&#8217;obiettivo. <\/p>\n\n\n<div class=\"wp-block-image\">\n<figure class=\"aligncenter size-large\"><img loading=\"lazy\" decoding=\"async\" width=\"768\" height=\"1024\" src=\"https:\/\/www.livemag.it\/wp-content\/uploads\/2024\/03\/lt5-1-768x1024.jpg\" alt=\"\" class=\"wp-image-22835\" srcset=\"https:\/\/www.livemag.it\/wp-content\/uploads\/2024\/03\/lt5-1-768x1024.jpg 768w, https:\/\/www.livemag.it\/wp-content\/uploads\/2024\/03\/lt5-1-225x300.jpg 225w, https:\/\/www.livemag.it\/wp-content\/uploads\/2024\/03\/lt5-1-1152x1536.jpg 1152w, https:\/\/www.livemag.it\/wp-content\/uploads\/2024\/03\/lt5-1-750x1000.jpg 750w, https:\/\/www.livemag.it\/wp-content\/uploads\/2024\/03\/lt5-1-1140x1520.jpg 1140w\" sizes=\"(max-width: 768px) 100vw, 768px\" \/><\/figure>\n<\/div>\n\n\n<p><strong>Francesco Vaccaro, <\/strong>coach e marito di Martina Bernile ha aggiunto: &#8220;Sono molto contento e molto felice che Martina si possa confrontare con un\u2019 atleta di questo calibro. Voglio ricordare sempre che il match  anche se titolato, non ha valore assoluto, ma<strong> \u00e8 l&#8217;avversario che incontri che d\u00e0 valore alla cintura. Io credo che tra Nina e Martina sicuramente sar\u00e0 un match degno di un titolo mondiale.<\/strong> Voglio semplicemente che sia sabato sera e che suoni il ring.&#8221;<\/p>\n\n\n\n<p>A concludere <strong>Martina Bernile<\/strong> che ha esordito ricordando che &#8220;sono andata via tanti anni fa e proprio per <strong>continuare le mie passioni<\/strong>, coltivare il mio sport fuori, ho fatto tantissimo e sono tornata <strong>a Novara. Con Francesco<\/strong>. Sono contenta di aver fatto successo e di essere qui perch\u00e9 secondo me questa citt\u00e0 meritava un allenatore come lui. Abbiamo aperto una scuola pugilistica in cui alleniamo dai cinque anni in su, mi sono fatta promotrice del settore giovanile che mancava e a cui sono molto affezionata. <\/p>\n\n\n<div class=\"wp-block-image\">\n<figure class=\"aligncenter size-large\"><img loading=\"lazy\" decoding=\"async\" width=\"1024\" height=\"472\" src=\"https:\/\/www.livemag.it\/wp-content\/uploads\/2024\/03\/lt3-1-1024x472.jpg\" alt=\"\" class=\"wp-image-22837\" srcset=\"https:\/\/www.livemag.it\/wp-content\/uploads\/2024\/03\/lt3-1-1024x472.jpg 1024w, https:\/\/www.livemag.it\/wp-content\/uploads\/2024\/03\/lt3-1-300x138.jpg 300w, https:\/\/www.livemag.it\/wp-content\/uploads\/2024\/03\/lt3-1-768x354.jpg 768w, https:\/\/www.livemag.it\/wp-content\/uploads\/2024\/03\/lt3-1-1536x708.jpg 1536w, https:\/\/www.livemag.it\/wp-content\/uploads\/2024\/03\/lt3-1-750x345.jpg 750w, https:\/\/www.livemag.it\/wp-content\/uploads\/2024\/03\/lt3-1-1140x525.jpg 1140w, https:\/\/www.livemag.it\/wp-content\/uploads\/2024\/03\/lt3-1.jpg 1600w\" sizes=\"(max-width: 1024px) 100vw, 1024px\" \/><\/figure>\n<\/div>\n\n\n<p>Tra l&#8217;altro questo settore sar\u00e0 presente sabato e so che si faranno sentire. <strong>Noi stiamo cercando appunto di divulgare uno sport che fa stare bene con se stessi e aiuta.<\/strong> Invitiamo sempre le persone a venirci a trovare in palestra proprio per sentire il clima che si trasmette. Ci sono ragazzi che tutti i giorni sono l\u00ec a cercare di crearsi un\u2019identit\u00e0 attraverso lo sport. Io sono contenta perch\u00e9 stiamo riuscendo a trasmettere qualcosa di buono e spero che la citt\u00e0 continui a sostenerci.<\/p>\n\n\n\n<p>Venendo al match sono orgogliosa di essermi meritata una chance di potere essere titolata, peraltro in un incontro ospitato nella mia citt\u00e0. Ho mantenuto una promessa fatta a Martina quattordicenne: <strong>mai arrendersi nella vita<\/strong>, nonostante tutto e tutti. Il percorso per arrivare fino a qui \u00e8 certamente l&#8217;esperienza pi\u00f9 bella che ho fatto. <strong>Sabato \u00e8 un appuntamento con la Storia.<\/strong> Se si crede in un sogno bisogna far di tutto perch\u00e9 questo accada.&#8221;<\/p>\n","protected":false},"excerpt":{"rendered":"<p>Sabato 23 marzo a Novara appuntamento con la storia: Martina Bernile sfider\u00e0 Nina Radovanovic per il Titolo Mondiale IBO Minimosca, attualmente vacante. Tutto pronto al Centro Sportivo di Novarello per ospitare una giornata ricca di sport. Nei giorni scorsi si sono tenute la conferenza stampa di presentazione dell&#8217;evento e la cerimonia del peso. Sabato 23 [&hellip;]<\/p>\n","protected":false},"author":18,"featured_media":22829,"comment_status":"open","ping_status":"open","sticky":false,"template":"","format":"standard","meta":{"jnews-multi-image_gallery":[],"jnews_single_post":{"subtitle":"","format":"standard","video":"","gallery":"","source_name":"","source_url":"","via_name":"","via_url":"","override_template":"0","override":[{"template":"1","single_blog_custom":"","parallax":"1","fullscreen":"1","layout":"right-sidebar","sidebar":"default-sidebar","second_sidebar":"default-sidebar","sticky_sidebar":"1","share_position":"top","share_float_style":"share-monocrhome","show_share_counter":"0","show_view_counter":"0","show_featured":"1","show_post_meta":"1","show_post_author":"1","show_post_author_image":"1","show_post_date":"1","post_date_format":"default","post_date_format_custom":"Y\/m\/d","show_post_category":"1","show_post_reading_time":"0","post_reading_time_wpm":"300","show_zoom_button":"0","zoom_button_out_step":"2","zoom_button_in_step":"3","show_post_tag":"1","show_prev_next_post":"1","show_popup_post":"1","number_popup_post":"1","show_author_box":"1","show_post_related":"0","show_inline_post_related":"0"}],"override_image_size":"0","image_override":[{"single_post_thumbnail_size":"crop-500","single_post_gallery_size":"crop-500"}],"trending_post":"0","trending_post_position":"meta","trending_post_label":"Trending","sponsored_post":"0","sponsored_post_label":"Sponsored by","sponsored_post_name":"","sponsored_post_url":"","sponsored_post_logo_enable":"0","sponsored_post_logo":"","sponsored_post_desc":"","disable_ad":"0"},"jnews_primary_category":{"id":"","hide":""},"jnews_social_meta":{"fb_title":"","fb_description":"","fb_image":"","twitter_title":"","twitter_description":"","twitter_image":""},"jnews_override_counter":{"override_view_counter":"0","view_counter_number":"0","override_share_counter":"0","share_counter_number":"0","override_like_counter":"0","like_counter_number":"0","override_dislike_counter":"0","dislike_counter_number":"0"},"jnews_post_split":{"enable_post_split":"0","post_split":[{"template":"1","tag":"h2","numbering":"asc","mode":"normal","first":"0","enable_toc":"0","toc_type":"normal"}]},"footnotes":""},"categories":[113],"tags":[876,1629,114,456],"class_list":["post-22748","post","type-post","status-publish","format-standard","has-post-thumbnail","hentry","category-novaralive","tag-boxe","tag-mondiale","tag-novara","tag-sport"],"yoast_head":"<!-- This site is optimized with the Yoast SEO plugin v27.5 - https:\/\/yoast.com\/product\/yoast-seo-wordpress\/ -->\n<title>Tutto pronto a Novara per il match Mondiale - Live Magazine<\/title>\n<meta name=\"robots\" content=\"index, follow, max-snippet:-1, max-image-preview:large, max-video-preview:-1\" \/>\n<link rel=\"canonical\" href=\"https:\/\/www.livemag.it\/index.php\/2024\/03\/22\/1-ibo-world-title-lightfly-novara\/\" \/>\n<meta property=\"og:locale\" content=\"it_IT\" \/>\n<meta property=\"og:type\" content=\"article\" \/>\n<meta property=\"og:title\" content=\"Tutto pronto a Novara per il match Mondiale - Live Magazine\" \/>\n<meta property=\"og:description\" content=\"Sabato 23 marzo a Novara appuntamento con la storia: Martina Bernile sfider\u00e0 Nina Radovanovic per il Titolo Mondiale IBO Minimosca, attualmente vacante. Tutto pronto al Centro Sportivo di Novarello per ospitare una giornata ricca di sport. Nei giorni scorsi si sono tenute la conferenza stampa di presentazione dell&#8217;evento e la cerimonia del peso. Sabato 23 [&hellip;]\" \/>\n<meta property=\"og:url\" content=\"https:\/\/www.livemag.it\/index.php\/2024\/03\/22\/1-ibo-world-title-lightfly-novara\/\" \/>\n<meta property=\"og:site_name\" content=\"Live Magazine\" \/>\n<meta property=\"article:publisher\" content=\"https:\/\/www.facebook.com\/LiveMag\/\" \/>\n<meta property=\"article:published_time\" content=\"2024-03-22T20:55:58+00:00\" \/>\n<meta property=\"article:modified_time\" content=\"2024-03-22T21:00:59+00:00\" \/>\n<meta property=\"og:image\" content=\"https:\/\/www.livemag.it\/wp-content\/uploads\/2024\/03\/lt4.jpg\" \/>\n\t<meta property=\"og:image:width\" content=\"2016\" \/>\n\t<meta property=\"og:image:height\" content=\"1512\" \/>\n\t<meta property=\"og:image:type\" content=\"image\/jpeg\" \/>\n<meta name=\"author\" content=\"Giusy Trimboli\" \/>\n<meta name=\"twitter:card\" content=\"summary_large_image\" \/>\n<meta name=\"twitter:creator\" content=\"@LiveNotizie\" \/>\n<meta name=\"twitter:site\" content=\"@LiveNotizie\" \/>\n<meta name=\"twitter:label1\" content=\"Scritto da\" \/>\n\t<meta name=\"twitter:data1\" content=\"Giusy Trimboli\" \/>\n\t<meta name=\"twitter:label2\" content=\"Tempo di lettura stimato\" \/>\n\t<meta name=\"twitter:data2\" content=\"4 minuti\" \/>\n<script type=\"application\/ld+json\" class=\"yoast-schema-graph\">{\"@context\":\"https:\\\/\\\/schema.org\",\"@graph\":[{\"@type\":\"Article\",\"@id\":\"https:\\\/\\\/www.livemag.it\\\/index.php\\\/2024\\\/03\\\/22\\\/1-ibo-world-title-lightfly-novara\\\/#article\",\"isPartOf\":{\"@id\":\"https:\\\/\\\/www.livemag.it\\\/index.php\\\/2024\\\/03\\\/22\\\/1-ibo-world-title-lightfly-novara\\\/\"},\"author\":{\"name\":\"Giusy Trimboli\",\"@id\":\"https:\\\/\\\/www.livemag.it\\\/#\\\/schema\\\/person\\\/8c801cbd98a67d26f9e8035c50921cae\"},\"headline\":\"Tutto pronto a Novara per il match Mondiale\",\"datePublished\":\"2024-03-22T20:55:58+00:00\",\"dateModified\":\"2024-03-22T21:00:59+00:00\",\"mainEntityOfPage\":{\"@id\":\"https:\\\/\\\/www.livemag.it\\\/index.php\\\/2024\\\/03\\\/22\\\/1-ibo-world-title-lightfly-novara\\\/\"},\"wordCount\":513,\"commentCount\":0,\"publisher\":{\"@id\":\"https:\\\/\\\/www.livemag.it\\\/#organization\"},\"image\":{\"@id\":\"https:\\\/\\\/www.livemag.it\\\/index.php\\\/2024\\\/03\\\/22\\\/1-ibo-world-title-lightfly-novara\\\/#primaryimage\"},\"thumbnailUrl\":\"https:\\\/\\\/www.livemag.it\\\/wp-content\\\/uploads\\\/2024\\\/03\\\/lt4.jpg\",\"keywords\":[\"boxe\",\"mondiale\",\"novara\",\"sport\"],\"articleSection\":[\"NovaraLive\"],\"inLanguage\":\"it-IT\",\"potentialAction\":[{\"@type\":\"CommentAction\",\"name\":\"Comment\",\"target\":[\"https:\\\/\\\/www.livemag.it\\\/index.php\\\/2024\\\/03\\\/22\\\/1-ibo-world-title-lightfly-novara\\\/#respond\"]}]},{\"@type\":\"WebPage\",\"@id\":\"https:\\\/\\\/www.livemag.it\\\/index.php\\\/2024\\\/03\\\/22\\\/1-ibo-world-title-lightfly-novara\\\/\",\"url\":\"https:\\\/\\\/www.livemag.it\\\/index.php\\\/2024\\\/03\\\/22\\\/1-ibo-world-title-lightfly-novara\\\/\",\"name\":\"Tutto pronto a Novara per il match Mondiale - Live Magazine\",\"isPartOf\":{\"@id\":\"https:\\\/\\\/www.livemag.it\\\/#website\"},\"primaryImageOfPage\":{\"@id\":\"https:\\\/\\\/www.livemag.it\\\/index.php\\\/2024\\\/03\\\/22\\\/1-ibo-world-title-lightfly-novara\\\/#primaryimage\"},\"image\":{\"@id\":\"https:\\\/\\\/www.livemag.it\\\/index.php\\\/2024\\\/03\\\/22\\\/1-ibo-world-title-lightfly-novara\\\/#primaryimage\"},\"thumbnailUrl\":\"https:\\\/\\\/www.livemag.it\\\/wp-content\\\/uploads\\\/2024\\\/03\\\/lt4.jpg\",\"datePublished\":\"2024-03-22T20:55:58+00:00\",\"dateModified\":\"2024-03-22T21:00:59+00:00\",\"breadcrumb\":{\"@id\":\"https:\\\/\\\/www.livemag.it\\\/index.php\\\/2024\\\/03\\\/22\\\/1-ibo-world-title-lightfly-novara\\\/#breadcrumb\"},\"inLanguage\":\"it-IT\",\"potentialAction\":[{\"@type\":\"ReadAction\",\"target\":[\"https:\\\/\\\/www.livemag.it\\\/index.php\\\/2024\\\/03\\\/22\\\/1-ibo-world-title-lightfly-novara\\\/\"]}]},{\"@type\":\"ImageObject\",\"inLanguage\":\"it-IT\",\"@id\":\"https:\\\/\\\/www.livemag.it\\\/index.php\\\/2024\\\/03\\\/22\\\/1-ibo-world-title-lightfly-novara\\\/#primaryimage\",\"url\":\"https:\\\/\\\/www.livemag.it\\\/wp-content\\\/uploads\\\/2024\\\/03\\\/lt4.jpg\",\"contentUrl\":\"https:\\\/\\\/www.livemag.it\\\/wp-content\\\/uploads\\\/2024\\\/03\\\/lt4.jpg\",\"width\":2016,\"height\":1512},{\"@type\":\"BreadcrumbList\",\"@id\":\"https:\\\/\\\/www.livemag.it\\\/index.php\\\/2024\\\/03\\\/22\\\/1-ibo-world-title-lightfly-novara\\\/#breadcrumb\",\"itemListElement\":[{\"@type\":\"ListItem\",\"position\":1,\"name\":\"Home\",\"item\":\"https:\\\/\\\/www.livemag.it\\\/\"},{\"@type\":\"ListItem\",\"position\":2,\"name\":\"Tutto pronto a Novara per il match Mondiale\"}]},{\"@type\":\"WebSite\",\"@id\":\"https:\\\/\\\/www.livemag.it\\\/#website\",\"url\":\"https:\\\/\\\/www.livemag.it\\\/\",\"name\":\"Live Magazine\",\"description\":\"Varie ed eventi\",\"publisher\":{\"@id\":\"https:\\\/\\\/www.livemag.it\\\/#organization\"},\"potentialAction\":[{\"@type\":\"SearchAction\",\"target\":{\"@type\":\"EntryPoint\",\"urlTemplate\":\"https:\\\/\\\/www.livemag.it\\\/?s={search_term_string}\"},\"query-input\":{\"@type\":\"PropertyValueSpecification\",\"valueRequired\":true,\"valueName\":\"search_term_string\"}}],\"inLanguage\":\"it-IT\"},{\"@type\":\"Organization\",\"@id\":\"https:\\\/\\\/www.livemag.it\\\/#organization\",\"name\":\"LiveMag\",\"alternateName\":\"LiveMag News ed eventi\",\"url\":\"https:\\\/\\\/www.livemag.it\\\/\",\"logo\":{\"@type\":\"ImageObject\",\"inLanguage\":\"it-IT\",\"@id\":\"https:\\\/\\\/www.livemag.it\\\/#\\\/schema\\\/logo\\\/image\\\/\",\"url\":\"https:\\\/\\\/www.livemag.it\\\/wp-content\\\/uploads\\\/2024\\\/02\\\/immagine-sito.jpg\",\"contentUrl\":\"https:\\\/\\\/www.livemag.it\\\/wp-content\\\/uploads\\\/2024\\\/02\\\/immagine-sito.jpg\",\"width\":696,\"height\":696,\"caption\":\"LiveMag\"},\"image\":{\"@id\":\"https:\\\/\\\/www.livemag.it\\\/#\\\/schema\\\/logo\\\/image\\\/\"},\"sameAs\":[\"https:\\\/\\\/www.facebook.com\\\/LiveMag\\\/\",\"https:\\\/\\\/x.com\\\/LiveNotizie\",\"https:\\\/\\\/www.instagram.com\\\/livemag\\\/\"]},{\"@type\":\"Person\",\"@id\":\"https:\\\/\\\/www.livemag.it\\\/#\\\/schema\\\/person\\\/8c801cbd98a67d26f9e8035c50921cae\",\"name\":\"Giusy Trimboli\",\"image\":{\"@type\":\"ImageObject\",\"inLanguage\":\"it-IT\",\"@id\":\"https:\\\/\\\/secure.gravatar.com\\\/avatar\\\/f886ae735bbebcdd8da6be14cf45411d01debc46dd39341bb12673635db6ed2f?s=96&r=g\",\"url\":\"https:\\\/\\\/secure.gravatar.com\\\/avatar\\\/f886ae735bbebcdd8da6be14cf45411d01debc46dd39341bb12673635db6ed2f?s=96&r=g\",\"contentUrl\":\"https:\\\/\\\/secure.gravatar.com\\\/avatar\\\/f886ae735bbebcdd8da6be14cf45411d01debc46dd39341bb12673635db6ed2f?s=96&r=g\",\"caption\":\"Giusy Trimboli\"},\"description\":\"giornalista - content creator\",\"url\":\"https:\\\/\\\/www.livemag.it\\\/index.php\\\/author\\\/giusytrimboli\\\/\"}]}<\/script>\n<!-- \/ Yoast SEO plugin. -->","yoast_head_json":{"title":"Tutto pronto a Novara per il match Mondiale - Live Magazine","robots":{"index":"index","follow":"follow","max-snippet":"max-snippet:-1","max-image-preview":"max-image-preview:large","max-video-preview":"max-video-preview:-1"},"canonical":"https:\/\/www.livemag.it\/index.php\/2024\/03\/22\/1-ibo-world-title-lightfly-novara\/","og_locale":"it_IT","og_type":"article","og_title":"Tutto pronto a Novara per il match Mondiale - Live Magazine","og_description":"Sabato 23 marzo a Novara appuntamento con la storia: Martina Bernile sfider\u00e0 Nina Radovanovic per il Titolo Mondiale IBO Minimosca, attualmente vacante. Tutto pronto al Centro Sportivo di Novarello per ospitare una giornata ricca di sport. Nei giorni scorsi si sono tenute la conferenza stampa di presentazione dell&#8217;evento e la cerimonia del peso. Sabato 23 [&hellip;]","og_url":"https:\/\/www.livemag.it\/index.php\/2024\/03\/22\/1-ibo-world-title-lightfly-novara\/","og_site_name":"Live Magazine","article_publisher":"https:\/\/www.facebook.com\/LiveMag\/","article_published_time":"2024-03-22T20:55:58+00:00","article_modified_time":"2024-03-22T21:00:59+00:00","og_image":[{"width":2016,"height":1512,"url":"https:\/\/www.livemag.it\/wp-content\/uploads\/2024\/03\/lt4.jpg","type":"image\/jpeg"}],"author":"Giusy Trimboli","twitter_card":"summary_large_image","twitter_creator":"@LiveNotizie","twitter_site":"@LiveNotizie","twitter_misc":{"Scritto da":"Giusy Trimboli","Tempo di lettura stimato":"4 minuti"},"schema":{"@context":"https:\/\/schema.org","@graph":[{"@type":"Article","@id":"https:\/\/www.livemag.it\/index.php\/2024\/03\/22\/1-ibo-world-title-lightfly-novara\/#article","isPartOf":{"@id":"https:\/\/www.livemag.it\/index.php\/2024\/03\/22\/1-ibo-world-title-lightfly-novara\/"},"author":{"name":"Giusy Trimboli","@id":"https:\/\/www.livemag.it\/#\/schema\/person\/8c801cbd98a67d26f9e8035c50921cae"},"headline":"Tutto pronto a Novara per il match Mondiale","datePublished":"2024-03-22T20:55:58+00:00","dateModified":"2024-03-22T21:00:59+00:00","mainEntityOfPage":{"@id":"https:\/\/www.livemag.it\/index.php\/2024\/03\/22\/1-ibo-world-title-lightfly-novara\/"},"wordCount":513,"commentCount":0,"publisher":{"@id":"https:\/\/www.livemag.it\/#organization"},"image":{"@id":"https:\/\/www.livemag.it\/index.php\/2024\/03\/22\/1-ibo-world-title-lightfly-novara\/#primaryimage"},"thumbnailUrl":"https:\/\/www.livemag.it\/wp-content\/uploads\/2024\/03\/lt4.jpg","keywords":["boxe","mondiale","novara","sport"],"articleSection":["NovaraLive"],"inLanguage":"it-IT","potentialAction":[{"@type":"CommentAction","name":"Comment","target":["https:\/\/www.livemag.it\/index.php\/2024\/03\/22\/1-ibo-world-title-lightfly-novara\/#respond"]}]},{"@type":"WebPage","@id":"https:\/\/www.livemag.it\/index.php\/2024\/03\/22\/1-ibo-world-title-lightfly-novara\/","url":"https:\/\/www.livemag.it\/index.php\/2024\/03\/22\/1-ibo-world-title-lightfly-novara\/","name":"Tutto pronto a Novara per il match Mondiale - Live Magazine","isPartOf":{"@id":"https:\/\/www.livemag.it\/#website"},"primaryImageOfPage":{"@id":"https:\/\/www.livemag.it\/index.php\/2024\/03\/22\/1-ibo-world-title-lightfly-novara\/#primaryimage"},"image":{"@id":"https:\/\/www.livemag.it\/index.php\/2024\/03\/22\/1-ibo-world-title-lightfly-novara\/#primaryimage"},"thumbnailUrl":"https:\/\/www.livemag.it\/wp-content\/uploads\/2024\/03\/lt4.jpg","datePublished":"2024-03-22T20:55:58+00:00","dateModified":"2024-03-22T21:00:59+00:00","breadcrumb":{"@id":"https:\/\/www.livemag.it\/index.php\/2024\/03\/22\/1-ibo-world-title-lightfly-novara\/#breadcrumb"},"inLanguage":"it-IT","potentialAction":[{"@type":"ReadAction","target":["https:\/\/www.livemag.it\/index.php\/2024\/03\/22\/1-ibo-world-title-lightfly-novara\/"]}]},{"@type":"ImageObject","inLanguage":"it-IT","@id":"https:\/\/www.livemag.it\/index.php\/2024\/03\/22\/1-ibo-world-title-lightfly-novara\/#primaryimage","url":"https:\/\/www.livemag.it\/wp-content\/uploads\/2024\/03\/lt4.jpg","contentUrl":"https:\/\/www.livemag.it\/wp-content\/uploads\/2024\/03\/lt4.jpg","width":2016,"height":1512},{"@type":"BreadcrumbList","@id":"https:\/\/www.livemag.it\/index.php\/2024\/03\/22\/1-ibo-world-title-lightfly-novara\/#breadcrumb","itemListElement":[{"@type":"ListItem","position":1,"name":"Home","item":"https:\/\/www.livemag.it\/"},{"@type":"ListItem","position":2,"name":"Tutto pronto a Novara per il match Mondiale"}]},{"@type":"WebSite","@id":"https:\/\/www.livemag.it\/#website","url":"https:\/\/www.livemag.it\/","name":"Live Magazine","description":"Varie ed eventi","publisher":{"@id":"https:\/\/www.livemag.it\/#organization"},"potentialAction":[{"@type":"SearchAction","target":{"@type":"EntryPoint","urlTemplate":"https:\/\/www.livemag.it\/?s={search_term_string}"},"query-input":{"@type":"PropertyValueSpecification","valueRequired":true,"valueName":"search_term_string"}}],"inLanguage":"it-IT"},{"@type":"Organization","@id":"https:\/\/www.livemag.it\/#organization","name":"LiveMag","alternateName":"LiveMag News ed eventi","url":"https:\/\/www.livemag.it\/","logo":{"@type":"ImageObject","inLanguage":"it-IT","@id":"https:\/\/www.livemag.it\/#\/schema\/logo\/image\/","url":"https:\/\/www.livemag.it\/wp-content\/uploads\/2024\/02\/immagine-sito.jpg","contentUrl":"https:\/\/www.livemag.it\/wp-content\/uploads\/2024\/02\/immagine-sito.jpg","width":696,"height":696,"caption":"LiveMag"},"image":{"@id":"https:\/\/www.livemag.it\/#\/schema\/logo\/image\/"},"sameAs":["https:\/\/www.facebook.com\/LiveMag\/","https:\/\/x.com\/LiveNotizie","https:\/\/www.instagram.com\/livemag\/"]},{"@type":"Person","@id":"https:\/\/www.livemag.it\/#\/schema\/person\/8c801cbd98a67d26f9e8035c50921cae","name":"Giusy Trimboli","image":{"@type":"ImageObject","inLanguage":"it-IT","@id":"https:\/\/secure.gravatar.com\/avatar\/f886ae735bbebcdd8da6be14cf45411d01debc46dd39341bb12673635db6ed2f?s=96&r=g","url":"https:\/\/secure.gravatar.com\/avatar\/f886ae735bbebcdd8da6be14cf45411d01debc46dd39341bb12673635db6ed2f?s=96&r=g","contentUrl":"https:\/\/secure.gravatar.com\/avatar\/f886ae735bbebcdd8da6be14cf45411d01debc46dd39341bb12673635db6ed2f?s=96&r=g","caption":"Giusy Trimboli"},"description":"giornalista - content creator","url":"https:\/\/www.livemag.it\/index.php\/author\/giusytrimboli\/"}]}},"jetpack_featured_media_url":"https:\/\/www.livemag.it\/wp-content\/uploads\/2024\/03\/lt4.jpg","_links":{"self":[{"href":"https:\/\/www.livemag.it\/index.php\/wp-json\/wp\/v2\/posts\/22748","targetHints":{"allow":["GET"]}}],"collection":[{"href":"https:\/\/www.livemag.it\/index.php\/wp-json\/wp\/v2\/posts"}],"about":[{"href":"https:\/\/www.livemag.it\/index.php\/wp-json\/wp\/v2\/types\/post"}],"author":[{"embeddable":true,"href":"https:\/\/www.livemag.it\/index.php\/wp-json\/wp\/v2\/users\/18"}],"replies":[{"embeddable":true,"href":"https:\/\/www.livemag.it\/index.php\/wp-json\/wp\/v2\/comments?post=22748"}],"version-history":[{"count":4,"href":"https:\/\/www.livemag.it\/index.php\/wp-json\/wp\/v2\/posts\/22748\/revisions"}],"predecessor-version":[{"id":22842,"href":"https:\/\/www.livemag.it\/index.php\/wp-json\/wp\/v2\/posts\/22748\/revisions\/22842"}],"wp:featuredmedia":[{"embeddable":true,"href":"https:\/\/www.livemag.it\/index.php\/wp-json\/wp\/v2\/media\/22829"}],"wp:attachment":[{"href":"https:\/\/www.livemag.it\/index.php\/wp-json\/wp\/v2\/media?parent=22748"}],"wp:term":[{"taxonomy":"category","embeddable":true,"href":"https:\/\/www.livemag.it\/index.php\/wp-json\/wp\/v2\/categories?post=22748"},{"taxonomy":"post_tag","embeddable":true,"href":"https:\/\/www.livemag.it\/index.php\/wp-json\/wp\/v2\/tags?post=22748"}],"curies":[{"name":"wp","href":"https:\/\/api.w.org\/{rel}","templated":true}]}}