{"id":22083,"date":"2024-03-13T16:32:30","date_gmt":"2024-03-13T15:32:30","guid":{"rendered":"https:\/\/www.livemag.it\/?p=22083"},"modified":"2024-03-13T16:32:44","modified_gmt":"2024-03-13T15:32:44","slug":"alberto-salaorni-al-b-band-il-15-e-il-22-marzo-al-berfis-club-verona","status":"publish","type":"post","link":"https:\/\/www.livemag.it\/index.php\/2024\/03\/13\/alberto-salaorni-al-b-band-il-15-e-il-22-marzo-al-berfis-club-verona\/","title":{"rendered":"Alberto Salaorni &#038; Al-B.Band: il 15 e il 22 marzo al Berfi&#8217;s Club &#8211; Verona"},"content":{"rendered":"\n<p>Doppietta niente male, per <strong>due venerd\u00ec di fila, il 15 e il 22 marzo 2024, al Berfi&#8217;s Club di Verona, per <\/strong><a href=\"https:\/\/www.instagram.com\/al_b.band\/\"><strong>Alberto Salaorni &amp; Al-B.Band.<\/strong> <\/a>L&#8217;evento \u00e8 il dinner show Maramao. Berfi&#8217;s Club \u00e8 il luogo perfetto per mangiar bene&#8230; e scatenarsi meglio. Qui Alberto Salaorni &amp; Al-B.Band giocano praticamente in casa. Voce e chitarra, come sempre, sono di Alberto Salaorni, al basso c&#8217;\u00e8 poi Davide Rossi e, sul palco, altri eccellenti musicisti. La costante di ogni loro concerto non cambia: melodie, emozioni e tantissima energia.<\/p>\n\n\n\n<p><strong>Quando ci sono di mezzo loro, la Al-B.Band, con la loro musica e la loro allegria, <a href=\"https:\/\/www.livemag.it\/index.php\/good-life\/\">l&#8217;evento<\/a> \u00e8 perfetto per godersi un po&#8217; di successi dal vivo e cantare con gli amici.<\/strong> Quale musica? Beh, la migliore di sempre, rivista e risuonata da una band unica. Al-B.Band infatti \u00e8 infatti un gruppo in grado di far scatenare ogni tipo di pubblico. Da \u00a0oltre 15 anni i loro concerti, che spesso sono dinner show scatenati, fanno divertire l&#8217;Italia e non solo. Riassumendo, sono in tourn\u00e9e da una vita. Il loro slogan \u00e8: &#8220;live music is back in fashion&#8221;, ovvero la (bella) musica dal vivo \u00e8 tornata di moda.<\/p>\n\n\n\n<p><strong>Un concerto di questa formazione veronese, la Al-B.Band, una volta vissuto, lo si dimentica difficilmente.<\/strong> Per le canzoni e per l&#8217;energia che i musicisti regalano. Guidati da Alberto Salaorni, non hanno mai una scaletta definita. Passano da un brano all&#8217;altro a seconda dell&#8217;atmosfera e del feedback del pubblico. E le loro scelte sono sempre originali. Ad esempio, la Al-B.Band raramente ripropone le canzoni di Vasco Rossi e Ligabue, preferendo quelle di Battisti, Mina o grandi successi anni &#8217;70, col risultato che il sound di questa formazione risulta molto originale, una caratteristica molto rara nel panorama musicale di questi anni. Sul palco con Alberto Salaorni (chitarra e voce) e lo storico bassista e produttore Davide Rossi, in ordine sparso, di solito ci sono: Irene De Pascalis (voce), Andrea Mai (tastiere), Luca Modena (batteria e percussioni).<\/p>\n\n\n\n<p><\/p>\n\n\n\n<p><\/p>\n\n\n\n<p><\/p>\n\n\n\n<p><\/p>\n","protected":false},"excerpt":{"rendered":"<p>Doppietta niente male, per due venerd\u00ec di fila, il 15 e il 22 marzo 2024, al Berfi&#8217;s Club di Verona, per Alberto Salaorni &amp; Al-B.Band. L&#8217;evento \u00e8 il dinner show Maramao. Berfi&#8217;s Club \u00e8 il luogo perfetto per mangiar bene&#8230; e scatenarsi meglio. Qui Alberto Salaorni &amp; Al-B.Band giocano praticamente in casa. Voce e chitarra, [&hellip;]<\/p>\n","protected":false},"author":21,"featured_media":22084,"comment_status":"open","ping_status":"open","sticky":false,"template":"","format":"standard","meta":{"jnews-multi-image_gallery":[],"jnews_single_post":{"subtitle":"","format":"standard","video":"","gallery":"","source_name":"","source_url":"","via_name":"","via_url":"","override_template":"0","override":[{"template":"1","single_blog_custom":"","parallax":"1","fullscreen":"1","layout":"right-sidebar","sidebar":"default-sidebar","second_sidebar":"default-sidebar","sticky_sidebar":"1","share_position":"top","share_float_style":"share-monocrhome","show_share_counter":"0","show_view_counter":"0","show_featured":"1","show_post_meta":"1","show_post_author":"1","show_post_author_image":"1","show_post_date":"1","post_date_format":"default","post_date_format_custom":"Y\/m\/d","show_post_category":"1","show_post_reading_time":"0","post_reading_time_wpm":"300","show_zoom_button":"0","zoom_button_out_step":"2","zoom_button_in_step":"3","show_post_tag":"1","show_prev_next_post":"1","show_popup_post":"1","number_popup_post":"1","show_author_box":"1","show_post_related":"0","show_inline_post_related":"0"}],"override_image_size":"0","image_override":[{"single_post_thumbnail_size":"crop-500","single_post_gallery_size":"crop-500"}],"trending_post":"0","trending_post_position":"meta","trending_post_label":"Trending","sponsored_post":"0","sponsored_post_label":"Sponsored by","sponsored_post_name":"","sponsored_post_url":"","sponsored_post_logo_enable":"0","sponsored_post_logo":"","sponsored_post_desc":"","disable_ad":"0"},"jnews_primary_category":{"id":"","hide":""},"jnews_social_meta":{"fb_title":"","fb_description":"","fb_image":"","twitter_title":"","twitter_description":"","twitter_image":""},"jnews_override_counter":{"override_view_counter":"0","view_counter_number":"0","override_share_counter":"0","share_counter_number":"0","override_like_counter":"0","like_counter_number":"0","override_dislike_counter":"0","dislike_counter_number":"0"},"jnews_post_split":{"enable_post_split":"0","post_split":[{"template":"1","tag":"h2","numbering":"asc","mode":"normal","first":"0","enable_toc":"0","toc_type":"normal"}]},"footnotes":""},"categories":[1372],"tags":[1568,1569,839],"class_list":["post-22083","post","type-post","status-publish","format-standard","has-post-thumbnail","hentry","category-good-life","tag-alberto-salaorni","tag-berfis-club","tag-verona"],"yoast_head":"<!-- This site is optimized with the Yoast SEO plugin v27.5 - https:\/\/yoast.com\/product\/yoast-seo-wordpress\/ -->\n<title>Alberto Salaorni &amp; Al-B.Band: il 15 e il 22 marzo al Berfi&#039;s Club - Verona - Live Magazine<\/title>\n<meta name=\"description\" content=\"Doppietta niente male, per due venerd\u00ec di fila, il 15 e il 22 marzo 2024, al Berfi&#039;s Club di Verona, per Alberto Salaorni &amp; Al-B.Band...\" \/>\n<meta name=\"robots\" content=\"index, follow, max-snippet:-1, max-image-preview:large, max-video-preview:-1\" \/>\n<link rel=\"canonical\" href=\"https:\/\/www.livemag.it\/index.php\/2024\/03\/13\/alberto-salaorni-al-b-band-il-15-e-il-22-marzo-al-berfis-club-verona\/\" \/>\n<meta property=\"og:locale\" content=\"it_IT\" \/>\n<meta property=\"og:type\" content=\"article\" \/>\n<meta property=\"og:title\" content=\"Alberto Salaorni &amp; Al-B.Band: il 15 e il 22 marzo al Berfi&#039;s Club - Verona - Live Magazine\" \/>\n<meta property=\"og:description\" content=\"Doppietta niente male, per due venerd\u00ec di fila, il 15 e il 22 marzo 2024, al Berfi&#039;s Club di Verona, per Alberto Salaorni &amp; Al-B.Band...\" \/>\n<meta property=\"og:url\" content=\"https:\/\/www.livemag.it\/index.php\/2024\/03\/13\/alberto-salaorni-al-b-band-il-15-e-il-22-marzo-al-berfis-club-verona\/\" \/>\n<meta property=\"og:site_name\" content=\"Live Magazine\" \/>\n<meta property=\"article:publisher\" content=\"https:\/\/www.facebook.com\/LiveMag\/\" \/>\n<meta property=\"article:published_time\" content=\"2024-03-13T15:32:30+00:00\" \/>\n<meta property=\"article:modified_time\" content=\"2024-03-13T15:32:44+00:00\" \/>\n<meta property=\"og:image\" content=\"https:\/\/www.livemag.it\/wp-content\/uploads\/2024\/03\/Salaorni-Vespino-756439.jpg\" \/>\n\t<meta property=\"og:image:width\" content=\"613\" \/>\n\t<meta property=\"og:image:height\" content=\"481\" \/>\n\t<meta property=\"og:image:type\" content=\"image\/jpeg\" \/>\n<meta name=\"author\" content=\"Lorenzo Tiezzi\" \/>\n<meta name=\"twitter:card\" content=\"summary_large_image\" \/>\n<meta name=\"twitter:creator\" content=\"@LiveNotizie\" \/>\n<meta name=\"twitter:site\" content=\"@LiveNotizie\" \/>\n<meta name=\"twitter:label1\" content=\"Scritto da\" \/>\n\t<meta name=\"twitter:data1\" content=\"Lorenzo Tiezzi\" \/>\n\t<meta name=\"twitter:label2\" content=\"Tempo di lettura stimato\" \/>\n\t<meta name=\"twitter:data2\" content=\"2 minuti\" \/>\n<script type=\"application\/ld+json\" class=\"yoast-schema-graph\">{\"@context\":\"https:\\\/\\\/schema.org\",\"@graph\":[{\"@type\":\"Article\",\"@id\":\"https:\\\/\\\/www.livemag.it\\\/index.php\\\/2024\\\/03\\\/13\\\/alberto-salaorni-al-b-band-il-15-e-il-22-marzo-al-berfis-club-verona\\\/#article\",\"isPartOf\":{\"@id\":\"https:\\\/\\\/www.livemag.it\\\/index.php\\\/2024\\\/03\\\/13\\\/alberto-salaorni-al-b-band-il-15-e-il-22-marzo-al-berfis-club-verona\\\/\"},\"author\":{\"name\":\"Lorenzo Tiezzi\",\"@id\":\"https:\\\/\\\/www.livemag.it\\\/#\\\/schema\\\/person\\\/c6fe2dde14ae4517f823e167a12354b6\"},\"headline\":\"Alberto Salaorni &#038; Al-B.Band: il 15 e il 22 marzo al Berfi&#8217;s Club &#8211; Verona\",\"datePublished\":\"2024-03-13T15:32:30+00:00\",\"dateModified\":\"2024-03-13T15:32:44+00:00\",\"mainEntityOfPage\":{\"@id\":\"https:\\\/\\\/www.livemag.it\\\/index.php\\\/2024\\\/03\\\/13\\\/alberto-salaorni-al-b-band-il-15-e-il-22-marzo-al-berfis-club-verona\\\/\"},\"wordCount\":345,\"commentCount\":0,\"publisher\":{\"@id\":\"https:\\\/\\\/www.livemag.it\\\/#organization\"},\"image\":{\"@id\":\"https:\\\/\\\/www.livemag.it\\\/index.php\\\/2024\\\/03\\\/13\\\/alberto-salaorni-al-b-band-il-15-e-il-22-marzo-al-berfis-club-verona\\\/#primaryimage\"},\"thumbnailUrl\":\"https:\\\/\\\/www.livemag.it\\\/wp-content\\\/uploads\\\/2024\\\/03\\\/Salaorni-Vespino-756439.jpg\",\"keywords\":[\"Alberto Salaorni\",\"Berfi's Club\",\"verona\"],\"articleSection\":[\"Good Life\"],\"inLanguage\":\"it-IT\",\"potentialAction\":[{\"@type\":\"CommentAction\",\"name\":\"Comment\",\"target\":[\"https:\\\/\\\/www.livemag.it\\\/index.php\\\/2024\\\/03\\\/13\\\/alberto-salaorni-al-b-band-il-15-e-il-22-marzo-al-berfis-club-verona\\\/#respond\"]}]},{\"@type\":\"WebPage\",\"@id\":\"https:\\\/\\\/www.livemag.it\\\/index.php\\\/2024\\\/03\\\/13\\\/alberto-salaorni-al-b-band-il-15-e-il-22-marzo-al-berfis-club-verona\\\/\",\"url\":\"https:\\\/\\\/www.livemag.it\\\/index.php\\\/2024\\\/03\\\/13\\\/alberto-salaorni-al-b-band-il-15-e-il-22-marzo-al-berfis-club-verona\\\/\",\"name\":\"Alberto Salaorni & Al-B.Band: il 15 e il 22 marzo al Berfi's Club - Verona - Live Magazine\",\"isPartOf\":{\"@id\":\"https:\\\/\\\/www.livemag.it\\\/#website\"},\"primaryImageOfPage\":{\"@id\":\"https:\\\/\\\/www.livemag.it\\\/index.php\\\/2024\\\/03\\\/13\\\/alberto-salaorni-al-b-band-il-15-e-il-22-marzo-al-berfis-club-verona\\\/#primaryimage\"},\"image\":{\"@id\":\"https:\\\/\\\/www.livemag.it\\\/index.php\\\/2024\\\/03\\\/13\\\/alberto-salaorni-al-b-band-il-15-e-il-22-marzo-al-berfis-club-verona\\\/#primaryimage\"},\"thumbnailUrl\":\"https:\\\/\\\/www.livemag.it\\\/wp-content\\\/uploads\\\/2024\\\/03\\\/Salaorni-Vespino-756439.jpg\",\"datePublished\":\"2024-03-13T15:32:30+00:00\",\"dateModified\":\"2024-03-13T15:32:44+00:00\",\"description\":\"Doppietta niente male, per due venerd\u00ec di fila, il 15 e il 22 marzo 2024, al Berfi's Club di Verona, per Alberto Salaorni & Al-B.Band...\",\"breadcrumb\":{\"@id\":\"https:\\\/\\\/www.livemag.it\\\/index.php\\\/2024\\\/03\\\/13\\\/alberto-salaorni-al-b-band-il-15-e-il-22-marzo-al-berfis-club-verona\\\/#breadcrumb\"},\"inLanguage\":\"it-IT\",\"potentialAction\":[{\"@type\":\"ReadAction\",\"target\":[\"https:\\\/\\\/www.livemag.it\\\/index.php\\\/2024\\\/03\\\/13\\\/alberto-salaorni-al-b-band-il-15-e-il-22-marzo-al-berfis-club-verona\\\/\"]}]},{\"@type\":\"ImageObject\",\"inLanguage\":\"it-IT\",\"@id\":\"https:\\\/\\\/www.livemag.it\\\/index.php\\\/2024\\\/03\\\/13\\\/alberto-salaorni-al-b-band-il-15-e-il-22-marzo-al-berfis-club-verona\\\/#primaryimage\",\"url\":\"https:\\\/\\\/www.livemag.it\\\/wp-content\\\/uploads\\\/2024\\\/03\\\/Salaorni-Vespino-756439.jpg\",\"contentUrl\":\"https:\\\/\\\/www.livemag.it\\\/wp-content\\\/uploads\\\/2024\\\/03\\\/Salaorni-Vespino-756439.jpg\",\"width\":613,\"height\":481},{\"@type\":\"BreadcrumbList\",\"@id\":\"https:\\\/\\\/www.livemag.it\\\/index.php\\\/2024\\\/03\\\/13\\\/alberto-salaorni-al-b-band-il-15-e-il-22-marzo-al-berfis-club-verona\\\/#breadcrumb\",\"itemListElement\":[{\"@type\":\"ListItem\",\"position\":1,\"name\":\"Home\",\"item\":\"https:\\\/\\\/www.livemag.it\\\/\"},{\"@type\":\"ListItem\",\"position\":2,\"name\":\"Alberto Salaorni &#038; Al-B.Band: il 15 e il 22 marzo al Berfi&#8217;s Club &#8211; Verona\"}]},{\"@type\":\"WebSite\",\"@id\":\"https:\\\/\\\/www.livemag.it\\\/#website\",\"url\":\"https:\\\/\\\/www.livemag.it\\\/\",\"name\":\"Live Magazine\",\"description\":\"Varie ed eventi\",\"publisher\":{\"@id\":\"https:\\\/\\\/www.livemag.it\\\/#organization\"},\"potentialAction\":[{\"@type\":\"SearchAction\",\"target\":{\"@type\":\"EntryPoint\",\"urlTemplate\":\"https:\\\/\\\/www.livemag.it\\\/?s={search_term_string}\"},\"query-input\":{\"@type\":\"PropertyValueSpecification\",\"valueRequired\":true,\"valueName\":\"search_term_string\"}}],\"inLanguage\":\"it-IT\"},{\"@type\":\"Organization\",\"@id\":\"https:\\\/\\\/www.livemag.it\\\/#organization\",\"name\":\"LiveMag\",\"alternateName\":\"LiveMag News ed eventi\",\"url\":\"https:\\\/\\\/www.livemag.it\\\/\",\"logo\":{\"@type\":\"ImageObject\",\"inLanguage\":\"it-IT\",\"@id\":\"https:\\\/\\\/www.livemag.it\\\/#\\\/schema\\\/logo\\\/image\\\/\",\"url\":\"https:\\\/\\\/www.livemag.it\\\/wp-content\\\/uploads\\\/2024\\\/02\\\/immagine-sito.jpg\",\"contentUrl\":\"https:\\\/\\\/www.livemag.it\\\/wp-content\\\/uploads\\\/2024\\\/02\\\/immagine-sito.jpg\",\"width\":696,\"height\":696,\"caption\":\"LiveMag\"},\"image\":{\"@id\":\"https:\\\/\\\/www.livemag.it\\\/#\\\/schema\\\/logo\\\/image\\\/\"},\"sameAs\":[\"https:\\\/\\\/www.facebook.com\\\/LiveMag\\\/\",\"https:\\\/\\\/x.com\\\/LiveNotizie\",\"https:\\\/\\\/www.instagram.com\\\/livemag\\\/\"]},{\"@type\":\"Person\",\"@id\":\"https:\\\/\\\/www.livemag.it\\\/#\\\/schema\\\/person\\\/c6fe2dde14ae4517f823e167a12354b6\",\"name\":\"Lorenzo Tiezzi\",\"image\":{\"@type\":\"ImageObject\",\"inLanguage\":\"it-IT\",\"@id\":\"https:\\\/\\\/secure.gravatar.com\\\/avatar\\\/055a51cbe21ba6c03af667c75f797ec8642fe78050e8602547fec943f6500144?s=96&r=g\",\"url\":\"https:\\\/\\\/secure.gravatar.com\\\/avatar\\\/055a51cbe21ba6c03af667c75f797ec8642fe78050e8602547fec943f6500144?s=96&r=g\",\"contentUrl\":\"https:\\\/\\\/secure.gravatar.com\\\/avatar\\\/055a51cbe21ba6c03af667c75f797ec8642fe78050e8602547fec943f6500144?s=96&r=g\",\"caption\":\"Lorenzo Tiezzi\"},\"description\":\"giornalista, press office, pr\",\"url\":\"https:\\\/\\\/www.livemag.it\\\/index.php\\\/author\\\/lorenzo-tiezzi\\\/\"}]}<\/script>\n<!-- \/ Yoast SEO plugin. -->","yoast_head_json":{"title":"Alberto Salaorni & Al-B.Band: il 15 e il 22 marzo al Berfi's Club - Verona - Live Magazine","description":"Doppietta niente male, per due venerd\u00ec di fila, il 15 e il 22 marzo 2024, al Berfi's Club di Verona, per Alberto Salaorni & Al-B.Band...","robots":{"index":"index","follow":"follow","max-snippet":"max-snippet:-1","max-image-preview":"max-image-preview:large","max-video-preview":"max-video-preview:-1"},"canonical":"https:\/\/www.livemag.it\/index.php\/2024\/03\/13\/alberto-salaorni-al-b-band-il-15-e-il-22-marzo-al-berfis-club-verona\/","og_locale":"it_IT","og_type":"article","og_title":"Alberto Salaorni & Al-B.Band: il 15 e il 22 marzo al Berfi's Club - Verona - Live Magazine","og_description":"Doppietta niente male, per due venerd\u00ec di fila, il 15 e il 22 marzo 2024, al Berfi's Club di Verona, per Alberto Salaorni & Al-B.Band...","og_url":"https:\/\/www.livemag.it\/index.php\/2024\/03\/13\/alberto-salaorni-al-b-band-il-15-e-il-22-marzo-al-berfis-club-verona\/","og_site_name":"Live Magazine","article_publisher":"https:\/\/www.facebook.com\/LiveMag\/","article_published_time":"2024-03-13T15:32:30+00:00","article_modified_time":"2024-03-13T15:32:44+00:00","og_image":[{"width":613,"height":481,"url":"https:\/\/www.livemag.it\/wp-content\/uploads\/2024\/03\/Salaorni-Vespino-756439.jpg","type":"image\/jpeg"}],"author":"Lorenzo Tiezzi","twitter_card":"summary_large_image","twitter_creator":"@LiveNotizie","twitter_site":"@LiveNotizie","twitter_misc":{"Scritto da":"Lorenzo Tiezzi","Tempo di lettura stimato":"2 minuti"},"schema":{"@context":"https:\/\/schema.org","@graph":[{"@type":"Article","@id":"https:\/\/www.livemag.it\/index.php\/2024\/03\/13\/alberto-salaorni-al-b-band-il-15-e-il-22-marzo-al-berfis-club-verona\/#article","isPartOf":{"@id":"https:\/\/www.livemag.it\/index.php\/2024\/03\/13\/alberto-salaorni-al-b-band-il-15-e-il-22-marzo-al-berfis-club-verona\/"},"author":{"name":"Lorenzo Tiezzi","@id":"https:\/\/www.livemag.it\/#\/schema\/person\/c6fe2dde14ae4517f823e167a12354b6"},"headline":"Alberto Salaorni &#038; Al-B.Band: il 15 e il 22 marzo al Berfi&#8217;s Club &#8211; Verona","datePublished":"2024-03-13T15:32:30+00:00","dateModified":"2024-03-13T15:32:44+00:00","mainEntityOfPage":{"@id":"https:\/\/www.livemag.it\/index.php\/2024\/03\/13\/alberto-salaorni-al-b-band-il-15-e-il-22-marzo-al-berfis-club-verona\/"},"wordCount":345,"commentCount":0,"publisher":{"@id":"https:\/\/www.livemag.it\/#organization"},"image":{"@id":"https:\/\/www.livemag.it\/index.php\/2024\/03\/13\/alberto-salaorni-al-b-band-il-15-e-il-22-marzo-al-berfis-club-verona\/#primaryimage"},"thumbnailUrl":"https:\/\/www.livemag.it\/wp-content\/uploads\/2024\/03\/Salaorni-Vespino-756439.jpg","keywords":["Alberto Salaorni","Berfi's Club","verona"],"articleSection":["Good Life"],"inLanguage":"it-IT","potentialAction":[{"@type":"CommentAction","name":"Comment","target":["https:\/\/www.livemag.it\/index.php\/2024\/03\/13\/alberto-salaorni-al-b-band-il-15-e-il-22-marzo-al-berfis-club-verona\/#respond"]}]},{"@type":"WebPage","@id":"https:\/\/www.livemag.it\/index.php\/2024\/03\/13\/alberto-salaorni-al-b-band-il-15-e-il-22-marzo-al-berfis-club-verona\/","url":"https:\/\/www.livemag.it\/index.php\/2024\/03\/13\/alberto-salaorni-al-b-band-il-15-e-il-22-marzo-al-berfis-club-verona\/","name":"Alberto Salaorni & Al-B.Band: il 15 e il 22 marzo al Berfi's Club - Verona - Live Magazine","isPartOf":{"@id":"https:\/\/www.livemag.it\/#website"},"primaryImageOfPage":{"@id":"https:\/\/www.livemag.it\/index.php\/2024\/03\/13\/alberto-salaorni-al-b-band-il-15-e-il-22-marzo-al-berfis-club-verona\/#primaryimage"},"image":{"@id":"https:\/\/www.livemag.it\/index.php\/2024\/03\/13\/alberto-salaorni-al-b-band-il-15-e-il-22-marzo-al-berfis-club-verona\/#primaryimage"},"thumbnailUrl":"https:\/\/www.livemag.it\/wp-content\/uploads\/2024\/03\/Salaorni-Vespino-756439.jpg","datePublished":"2024-03-13T15:32:30+00:00","dateModified":"2024-03-13T15:32:44+00:00","description":"Doppietta niente male, per due venerd\u00ec di fila, il 15 e il 22 marzo 2024, al Berfi's Club di Verona, per Alberto Salaorni & Al-B.Band...","breadcrumb":{"@id":"https:\/\/www.livemag.it\/index.php\/2024\/03\/13\/alberto-salaorni-al-b-band-il-15-e-il-22-marzo-al-berfis-club-verona\/#breadcrumb"},"inLanguage":"it-IT","potentialAction":[{"@type":"ReadAction","target":["https:\/\/www.livemag.it\/index.php\/2024\/03\/13\/alberto-salaorni-al-b-band-il-15-e-il-22-marzo-al-berfis-club-verona\/"]}]},{"@type":"ImageObject","inLanguage":"it-IT","@id":"https:\/\/www.livemag.it\/index.php\/2024\/03\/13\/alberto-salaorni-al-b-band-il-15-e-il-22-marzo-al-berfis-club-verona\/#primaryimage","url":"https:\/\/www.livemag.it\/wp-content\/uploads\/2024\/03\/Salaorni-Vespino-756439.jpg","contentUrl":"https:\/\/www.livemag.it\/wp-content\/uploads\/2024\/03\/Salaorni-Vespino-756439.jpg","width":613,"height":481},{"@type":"BreadcrumbList","@id":"https:\/\/www.livemag.it\/index.php\/2024\/03\/13\/alberto-salaorni-al-b-band-il-15-e-il-22-marzo-al-berfis-club-verona\/#breadcrumb","itemListElement":[{"@type":"ListItem","position":1,"name":"Home","item":"https:\/\/www.livemag.it\/"},{"@type":"ListItem","position":2,"name":"Alberto Salaorni &#038; Al-B.Band: il 15 e il 22 marzo al Berfi&#8217;s Club &#8211; Verona"}]},{"@type":"WebSite","@id":"https:\/\/www.livemag.it\/#website","url":"https:\/\/www.livemag.it\/","name":"Live Magazine","description":"Varie ed eventi","publisher":{"@id":"https:\/\/www.livemag.it\/#organization"},"potentialAction":[{"@type":"SearchAction","target":{"@type":"EntryPoint","urlTemplate":"https:\/\/www.livemag.it\/?s={search_term_string}"},"query-input":{"@type":"PropertyValueSpecification","valueRequired":true,"valueName":"search_term_string"}}],"inLanguage":"it-IT"},{"@type":"Organization","@id":"https:\/\/www.livemag.it\/#organization","name":"LiveMag","alternateName":"LiveMag News ed eventi","url":"https:\/\/www.livemag.it\/","logo":{"@type":"ImageObject","inLanguage":"it-IT","@id":"https:\/\/www.livemag.it\/#\/schema\/logo\/image\/","url":"https:\/\/www.livemag.it\/wp-content\/uploads\/2024\/02\/immagine-sito.jpg","contentUrl":"https:\/\/www.livemag.it\/wp-content\/uploads\/2024\/02\/immagine-sito.jpg","width":696,"height":696,"caption":"LiveMag"},"image":{"@id":"https:\/\/www.livemag.it\/#\/schema\/logo\/image\/"},"sameAs":["https:\/\/www.facebook.com\/LiveMag\/","https:\/\/x.com\/LiveNotizie","https:\/\/www.instagram.com\/livemag\/"]},{"@type":"Person","@id":"https:\/\/www.livemag.it\/#\/schema\/person\/c6fe2dde14ae4517f823e167a12354b6","name":"Lorenzo Tiezzi","image":{"@type":"ImageObject","inLanguage":"it-IT","@id":"https:\/\/secure.gravatar.com\/avatar\/055a51cbe21ba6c03af667c75f797ec8642fe78050e8602547fec943f6500144?s=96&r=g","url":"https:\/\/secure.gravatar.com\/avatar\/055a51cbe21ba6c03af667c75f797ec8642fe78050e8602547fec943f6500144?s=96&r=g","contentUrl":"https:\/\/secure.gravatar.com\/avatar\/055a51cbe21ba6c03af667c75f797ec8642fe78050e8602547fec943f6500144?s=96&r=g","caption":"Lorenzo Tiezzi"},"description":"giornalista, press office, pr","url":"https:\/\/www.livemag.it\/index.php\/author\/lorenzo-tiezzi\/"}]}},"jetpack_featured_media_url":"https:\/\/www.livemag.it\/wp-content\/uploads\/2024\/03\/Salaorni-Vespino-756439.jpg","_links":{"self":[{"href":"https:\/\/www.livemag.it\/index.php\/wp-json\/wp\/v2\/posts\/22083","targetHints":{"allow":["GET"]}}],"collection":[{"href":"https:\/\/www.livemag.it\/index.php\/wp-json\/wp\/v2\/posts"}],"about":[{"href":"https:\/\/www.livemag.it\/index.php\/wp-json\/wp\/v2\/types\/post"}],"author":[{"embeddable":true,"href":"https:\/\/www.livemag.it\/index.php\/wp-json\/wp\/v2\/users\/21"}],"replies":[{"embeddable":true,"href":"https:\/\/www.livemag.it\/index.php\/wp-json\/wp\/v2\/comments?post=22083"}],"version-history":[{"count":1,"href":"https:\/\/www.livemag.it\/index.php\/wp-json\/wp\/v2\/posts\/22083\/revisions"}],"predecessor-version":[{"id":22085,"href":"https:\/\/www.livemag.it\/index.php\/wp-json\/wp\/v2\/posts\/22083\/revisions\/22085"}],"wp:featuredmedia":[{"embeddable":true,"href":"https:\/\/www.livemag.it\/index.php\/wp-json\/wp\/v2\/media\/22084"}],"wp:attachment":[{"href":"https:\/\/www.livemag.it\/index.php\/wp-json\/wp\/v2\/media?parent=22083"}],"wp:term":[{"taxonomy":"category","embeddable":true,"href":"https:\/\/www.livemag.it\/index.php\/wp-json\/wp\/v2\/categories?post=22083"},{"taxonomy":"post_tag","embeddable":true,"href":"https:\/\/www.livemag.it\/index.php\/wp-json\/wp\/v2\/tags?post=22083"}],"curies":[{"name":"wp","href":"https:\/\/api.w.org\/{rel}","templated":true}]}}