{"id":21311,"date":"2024-03-04T11:30:25","date_gmt":"2024-03-04T10:30:25","guid":{"rendered":"https:\/\/www.livemag.it\/?p=21311"},"modified":"2024-03-04T16:00:54","modified_gmt":"2024-03-04T15:00:54","slug":"cortinametraggio-2024-entra-tra-le-pagine-di-livemag-it","status":"publish","type":"post","link":"https:\/\/www.livemag.it\/index.php\/2024\/03\/04\/cortinametraggio-2024-entra-tra-le-pagine-di-livemag-it\/","title":{"rendered":"Cortinametraggio 2024 entra tra le &#8220;pagine&#8221; di LiveMag.it"},"content":{"rendered":"\n<p>Negli anni \u201890, dall\u2019idea di <strong>Maddalena Mayneri<\/strong>, nasceva il <strong>Festival Cortinametraggio<\/strong>, la prima manifestazione dedicata a cortometraggi nazionali. L\u2019evento, il pi\u00f9 prestigioso della conca ampezzana, \u00e8 il primo e pi\u00f9 importante Festival di corti in Italia tanto da ottenere il supporto della RAI, del Centro Sperimentale di Cinematografia (CSC) e del Sindacato Nazionale Giornalisti Cinematografici Italiani (SNGCI).<\/p>\n\n\n\n<figure class=\"wp-block-image size-large\"><img fetchpriority=\"high\" decoding=\"async\" width=\"1024\" height=\"576\" src=\"https:\/\/www.livemag.it\/wp-content\/uploads\/2024\/03\/CM-1920X1080-1920x1080-1-1024x576.jpg\" alt=\"\" class=\"wp-image-21312\" srcset=\"https:\/\/www.livemag.it\/wp-content\/uploads\/2024\/03\/CM-1920X1080-1920x1080-1-1024x576.jpg 1024w, https:\/\/www.livemag.it\/wp-content\/uploads\/2024\/03\/CM-1920X1080-1920x1080-1-300x169.jpg 300w, https:\/\/www.livemag.it\/wp-content\/uploads\/2024\/03\/CM-1920X1080-1920x1080-1-768x432.jpg 768w, https:\/\/www.livemag.it\/wp-content\/uploads\/2024\/03\/CM-1920X1080-1920x1080-1-1536x864.jpg 1536w, https:\/\/www.livemag.it\/wp-content\/uploads\/2024\/03\/CM-1920X1080-1920x1080-1-750x422.jpg 750w, https:\/\/www.livemag.it\/wp-content\/uploads\/2024\/03\/CM-1920X1080-1920x1080-1-1140x641.jpg 1140w, https:\/\/www.livemag.it\/wp-content\/uploads\/2024\/03\/CM-1920X1080-1920x1080-1.jpg 1920w\" sizes=\"(max-width: 1024px) 100vw, 1024px\" \/><\/figure>\n\n\n\n<p><strong>Cortinametraggio<\/strong> si propone di promuovere il cinema e il rapporto speciale tra questo e Cortina, riavvicinando il pubblico della Regina delle Dolomiti alle opere pi\u00f9 giovani della produzione destinata alle sale e alla cultura cinematografica in senso lato, con un\u2019offerta (proiezioni, dibattiti e incontri a titolo completamente gratuito) e uno stile di comunicazione orientato a promuovere anche il marketing territoriale.<\/p>\n\n\n\n<p>Noi saremo mediapartner della manifestazione per cercare di avvicinare sempre pi\u00f9 voi agli eventi importanti della nostra bella Italia, grazie alle pubblicazioni di <strong>Giulio Borghese<\/strong> che sar\u00e0 nostro inviato in loco ed alla preziosa collaborazione con <strong>Federico De Ros<\/strong> della segreteria e organizzazione generale della manifestazione.<\/p>\n\n\n\n<p>Si alza il sipario sulla&nbsp;<em>19a edizione di <\/em><strong>Cortinametraggio<\/strong>, il festival di riferimento per i corti dove la magia del cinema si unisce alla bellezza mozzafiato di Cortina D\u2019Ampezzo. Presieduto dalla fondatrice&nbsp;Maddalena Mayneri&nbsp;e diretto da&nbsp;Niccol\u00f2 Gentili, si terr\u00e0 a <strong>Cortina dal&nbsp;12 al 17 marzo 2024<\/strong>.<\/p>\n\n\n\n<figure class=\"wp-block-gallery has-nested-images columns-default is-cropped wp-block-gallery-1 is-layout-flex wp-block-gallery-is-layout-flex\">\n<figure class=\"wp-block-image size-large\"><img decoding=\"async\" width=\"684\" height=\"1024\" data-id=\"21313\" src=\"https:\/\/www.livemag.it\/wp-content\/uploads\/2024\/03\/Maddalena-Mayneri-684x1024.jpeg\" alt=\"\" class=\"wp-image-21313\" srcset=\"https:\/\/www.livemag.it\/wp-content\/uploads\/2024\/03\/Maddalena-Mayneri-684x1024.jpeg 684w, https:\/\/www.livemag.it\/wp-content\/uploads\/2024\/03\/Maddalena-Mayneri-200x300.jpeg 200w, https:\/\/www.livemag.it\/wp-content\/uploads\/2024\/03\/Maddalena-Mayneri-768x1151.jpeg 768w, https:\/\/www.livemag.it\/wp-content\/uploads\/2024\/03\/Maddalena-Mayneri-1025x1536.jpeg 1025w, https:\/\/www.livemag.it\/wp-content\/uploads\/2024\/03\/Maddalena-Mayneri-750x1124.jpeg 750w, https:\/\/www.livemag.it\/wp-content\/uploads\/2024\/03\/Maddalena-Mayneri.jpeg 1068w\" sizes=\"(max-width: 684px) 100vw, 684px\" \/><figcaption class=\"wp-element-caption\">Maddalena Mayneri<\/figcaption><\/figure>\n\n\n\n<figure class=\"wp-block-image size-large\"><img decoding=\"async\" width=\"1024\" height=\"681\" data-id=\"21314\" src=\"https:\/\/www.livemag.it\/wp-content\/uploads\/2024\/03\/Maddalena-Mayneri_2-1024x681.jpeg\" alt=\"\" class=\"wp-image-21314\" srcset=\"https:\/\/www.livemag.it\/wp-content\/uploads\/2024\/03\/Maddalena-Mayneri_2-1024x681.jpeg 1024w, https:\/\/www.livemag.it\/wp-content\/uploads\/2024\/03\/Maddalena-Mayneri_2-300x200.jpeg 300w, https:\/\/www.livemag.it\/wp-content\/uploads\/2024\/03\/Maddalena-Mayneri_2-768x511.jpeg 768w, https:\/\/www.livemag.it\/wp-content\/uploads\/2024\/03\/Maddalena-Mayneri_2-1536x1021.jpeg 1536w, https:\/\/www.livemag.it\/wp-content\/uploads\/2024\/03\/Maddalena-Mayneri_2-750x499.jpeg 750w, https:\/\/www.livemag.it\/wp-content\/uploads\/2024\/03\/Maddalena-Mayneri_2-1140x758.jpeg 1140w, https:\/\/www.livemag.it\/wp-content\/uploads\/2024\/03\/Maddalena-Mayneri_2.jpeg 1600w\" sizes=\"(max-width: 1024px) 100vw, 1024px\" \/><figcaption class=\"wp-element-caption\">Maddalena Mayneri<\/figcaption><\/figure>\n<\/figure>\n\n\n\n<p>Abbiamo &#8220;rubato&#8221; alcune battute alla fondatrice, <strong>Maddalena Mayneri<\/strong>:<\/p>\n\n\n\n<p>\u201c<em>Cortinametraggio \u00e8 nato nel 1997 da un\u2019idea mia e di Andrea Gris &#8211; ha affermato la Mayneri \u2013, ed \u00e8 diventato nel tempo il Festival di riferimento per la scoperta dei nuovi talenti. Numerosi sono i registi e gli attori che hanno calcato il nostro palco. Un nome tra tutti? Paolo Genovese e Luca Miniero che presentarono il loro corto Piccole cose dal valore non quantificabile. E ancora Valerio Vestoso, Alessandro Capitani, Massimo Cappelli\u201d<\/em>.<\/p>\n\n\n\n<p>La Mayneri ha proseguito ricordando anche la prima madrina del Festival:<em> \u201cLa prima \u00e8 stata Lina Wertm\u00fcller e con lei sono arrivati i grandi del cinema italiano, da Mario Monicelli a Gillo Pontecorvo, da Citto Maselli a Paolo Villaggio\u201d<\/em>.<\/p>\n\n\n\n<p>La Presidente di Cortinametraggio ha continuato:<em> \u201cPersonalmente devo tutto a loro perch\u00e9 hanno saputo insegnarmi le arti del cinema e l\u2019arte di saper guardare all\u2019interno di un corto se c\u2019\u00e8 o non c\u2019\u00e8 un vero talento. Ogni anno ci innamoriamo di un corto in particolare e ogni anno cerchiamo di supportare ed aiutare i ragazzi a crescere non solo nel mondo del cinema ma anche nel mondo del teatro, della regia e della recitazione\u201d<\/em>.<\/p>\n\n\n\n<p>La Mayneri ha concluso dicendo: <em>\u201cil mio sogno \u00e8 vedere se anche quest\u2019anno ci sar\u00e0 il nuovo regista italiano, che in massimo 20 minuti riuscir\u00e0 a trasmettere emozioni, sorrisi, lacrime\u2026ci\u00f2 che solo un cortometraggio pu\u00f2 trasmettere. Vi aspetto a Cortinametraggio dal 12 al 17 marzo e vi ricordo che l\u2019ingresso alle proiezioni \u00e8 totalmente gratuito. Senza cinema ci ammaliamo, quindi venite a curare il vostro cuore a Cortina D\u2019Ampezzo e a gustarvi i nostri meravigliosi cortometraggi.<\/em>&#8220;<\/p>\n\n\n\n<p><a href=\"http:\/\/www.cortinametraggio.it\">www.cortinametraggio.it<\/a><\/p>\n","protected":false},"excerpt":{"rendered":"<p>Negli anni \u201890, dall\u2019idea di Maddalena Mayneri, nasceva il Festival Cortinametraggio, la prima manifestazione dedicata a cortometraggi nazionali. L\u2019evento, il pi\u00f9 prestigioso della conca ampezzana, \u00e8 il primo e pi\u00f9 importante Festival di corti in Italia tanto da ottenere il supporto della RAI, del Centro Sperimentale di Cinematografia (CSC) e del Sindacato Nazionale Giornalisti Cinematografici [&hellip;]<\/p>\n","protected":false},"author":6,"featured_media":21312,"comment_status":"open","ping_status":"open","sticky":false,"template":"","format":"standard","meta":{"jnews-multi-image_gallery":[],"jnews_single_post":{"subtitle":"","format":"standard","video":"","gallery":"","source_name":"","source_url":"","via_name":"","via_url":"","override_template":"0","override":[{"template":"1","single_blog_custom":"","parallax":"1","fullscreen":"1","layout":"right-sidebar","sidebar":"default-sidebar","second_sidebar":"default-sidebar","sticky_sidebar":"1","share_position":"top","share_float_style":"share-monocrhome","show_share_counter":"0","show_view_counter":"0","show_featured":"1","show_post_meta":"1","show_post_author":"1","show_post_author_image":"1","show_post_date":"1","post_date_format":"default","post_date_format_custom":"Y\/m\/d","show_post_category":"1","show_post_reading_time":"0","post_reading_time_wpm":"300","show_zoom_button":"0","zoom_button_out_step":"2","zoom_button_in_step":"3","show_post_tag":"1","show_prev_next_post":"1","show_popup_post":"1","number_popup_post":"1","show_author_box":"1","show_post_related":"0","show_inline_post_related":"0"}],"override_image_size":"0","image_override":[{"single_post_thumbnail_size":"crop-500","single_post_gallery_size":"crop-500"}],"trending_post":"0","trending_post_position":"meta","trending_post_label":"Trending","sponsored_post":"0","sponsored_post_label":"Sponsored by","sponsored_post_name":"","sponsored_post_url":"","sponsored_post_logo_enable":"0","sponsored_post_logo":"","sponsored_post_desc":"","disable_ad":"0"},"jnews_primary_category":{"id":"","hide":""},"jnews_social_meta":{"fb_title":"","fb_description":"","fb_image":"","twitter_title":"","twitter_description":"","twitter_image":""},"jnews_override_counter":{"override_view_counter":"0","view_counter_number":"0","override_share_counter":"0","share_counter_number":"0","override_like_counter":"0","like_counter_number":"0","override_dislike_counter":"0","dislike_counter_number":"0"},"jnews_post_split":{"enable_post_split":"0","post_split":[{"template":"1","tag":"h2","numbering":"asc","mode":"normal","first":"0","enable_toc":"0","toc_type":"normal"}]},"footnotes":""},"categories":[1450,142,24],"tags":[1469,1466,1470,1471,1468,1467,1051],"class_list":["post-21311","post","type-post","status-publish","format-standard","has-post-thumbnail","hentry","category-cortinametraggio","category-cultura-eventi","category-prima-pagina","tag-cinemaitaliano","tag-continametraggio","tag-cortinadampezzo","tag-dolomiti","tag-festivalcortinametraggio2024","tag-maddalenamayneri","tag-mediapartner"],"yoast_head":"<!-- This site is optimized with the Yoast SEO plugin v27.5 - https:\/\/yoast.com\/product\/yoast-seo-wordpress\/ -->\n<title>Cortinametraggio 2024 entra tra le &quot;pagine&quot; di LiveMag.it - Live Magazine<\/title>\n<meta name=\"robots\" content=\"index, follow, max-snippet:-1, max-image-preview:large, max-video-preview:-1\" \/>\n<link rel=\"canonical\" href=\"https:\/\/www.livemag.it\/index.php\/2024\/03\/04\/cortinametraggio-2024-entra-tra-le-pagine-di-livemag-it\/\" \/>\n<meta property=\"og:locale\" content=\"it_IT\" \/>\n<meta property=\"og:type\" content=\"article\" \/>\n<meta property=\"og:title\" content=\"Cortinametraggio 2024 entra tra le &quot;pagine&quot; di LiveMag.it - Live Magazine\" \/>\n<meta property=\"og:description\" content=\"Negli anni \u201890, dall\u2019idea di Maddalena Mayneri, nasceva il Festival Cortinametraggio, la prima manifestazione dedicata a cortometraggi nazionali. L\u2019evento, il pi\u00f9 prestigioso della conca ampezzana, \u00e8 il primo e pi\u00f9 importante Festival di corti in Italia tanto da ottenere il supporto della RAI, del Centro Sperimentale di Cinematografia (CSC) e del Sindacato Nazionale Giornalisti Cinematografici [&hellip;]\" \/>\n<meta property=\"og:url\" content=\"https:\/\/www.livemag.it\/index.php\/2024\/03\/04\/cortinametraggio-2024-entra-tra-le-pagine-di-livemag-it\/\" \/>\n<meta property=\"og:site_name\" content=\"Live Magazine\" \/>\n<meta property=\"article:publisher\" content=\"https:\/\/www.facebook.com\/LiveMag\/\" \/>\n<meta property=\"article:published_time\" content=\"2024-03-04T10:30:25+00:00\" \/>\n<meta property=\"article:modified_time\" content=\"2024-03-04T15:00:54+00:00\" \/>\n<meta property=\"og:image\" content=\"https:\/\/www.livemag.it\/wp-content\/uploads\/2024\/03\/CM-1920X1080-1920x1080-1.jpg\" \/>\n\t<meta property=\"og:image:width\" content=\"1920\" \/>\n\t<meta property=\"og:image:height\" content=\"1080\" \/>\n\t<meta property=\"og:image:type\" content=\"image\/jpeg\" \/>\n<meta name=\"author\" content=\"Enrico Santamaria\" \/>\n<meta name=\"twitter:card\" content=\"summary_large_image\" \/>\n<meta name=\"twitter:creator\" content=\"@LiveNotizie\" \/>\n<meta name=\"twitter:site\" content=\"@LiveNotizie\" \/>\n<meta name=\"twitter:label1\" content=\"Scritto da\" \/>\n\t<meta name=\"twitter:data1\" content=\"Enrico Santamaria\" \/>\n\t<meta name=\"twitter:label2\" content=\"Tempo di lettura stimato\" \/>\n\t<meta name=\"twitter:data2\" content=\"4 minuti\" \/>\n<script type=\"application\/ld+json\" class=\"yoast-schema-graph\">{\"@context\":\"https:\\\/\\\/schema.org\",\"@graph\":[{\"@type\":\"Article\",\"@id\":\"https:\\\/\\\/www.livemag.it\\\/index.php\\\/2024\\\/03\\\/04\\\/cortinametraggio-2024-entra-tra-le-pagine-di-livemag-it\\\/#article\",\"isPartOf\":{\"@id\":\"https:\\\/\\\/www.livemag.it\\\/index.php\\\/2024\\\/03\\\/04\\\/cortinametraggio-2024-entra-tra-le-pagine-di-livemag-it\\\/\"},\"author\":{\"name\":\"Enrico Santamaria\",\"@id\":\"https:\\\/\\\/www.livemag.it\\\/#\\\/schema\\\/person\\\/eac39c35e128046ef29b7f0e4aba2063\"},\"headline\":\"Cortinametraggio 2024 entra tra le &#8220;pagine&#8221; di LiveMag.it\",\"datePublished\":\"2024-03-04T10:30:25+00:00\",\"dateModified\":\"2024-03-04T15:00:54+00:00\",\"mainEntityOfPage\":{\"@id\":\"https:\\\/\\\/www.livemag.it\\\/index.php\\\/2024\\\/03\\\/04\\\/cortinametraggio-2024-entra-tra-le-pagine-di-livemag-it\\\/\"},\"wordCount\":500,\"commentCount\":0,\"publisher\":{\"@id\":\"https:\\\/\\\/www.livemag.it\\\/#organization\"},\"image\":{\"@id\":\"https:\\\/\\\/www.livemag.it\\\/index.php\\\/2024\\\/03\\\/04\\\/cortinametraggio-2024-entra-tra-le-pagine-di-livemag-it\\\/#primaryimage\"},\"thumbnailUrl\":\"https:\\\/\\\/www.livemag.it\\\/wp-content\\\/uploads\\\/2024\\\/03\\\/CM-1920X1080-1920x1080-1.jpg\",\"keywords\":[\"cinemaitaliano\",\"continametraggio\",\"cortinadampezzo\",\"dolomiti\",\"festivalcortinametraggio2024\",\"maddalenamayneri\",\"MEDIAPARTNER\"],\"articleSection\":[\"CortinaMetraggio\",\"Cultura Eventi\",\"Prima Pagina\"],\"inLanguage\":\"it-IT\",\"potentialAction\":[{\"@type\":\"CommentAction\",\"name\":\"Comment\",\"target\":[\"https:\\\/\\\/www.livemag.it\\\/index.php\\\/2024\\\/03\\\/04\\\/cortinametraggio-2024-entra-tra-le-pagine-di-livemag-it\\\/#respond\"]}]},{\"@type\":\"WebPage\",\"@id\":\"https:\\\/\\\/www.livemag.it\\\/index.php\\\/2024\\\/03\\\/04\\\/cortinametraggio-2024-entra-tra-le-pagine-di-livemag-it\\\/\",\"url\":\"https:\\\/\\\/www.livemag.it\\\/index.php\\\/2024\\\/03\\\/04\\\/cortinametraggio-2024-entra-tra-le-pagine-di-livemag-it\\\/\",\"name\":\"Cortinametraggio 2024 entra tra le \\\"pagine\\\" di LiveMag.it - Live Magazine\",\"isPartOf\":{\"@id\":\"https:\\\/\\\/www.livemag.it\\\/#website\"},\"primaryImageOfPage\":{\"@id\":\"https:\\\/\\\/www.livemag.it\\\/index.php\\\/2024\\\/03\\\/04\\\/cortinametraggio-2024-entra-tra-le-pagine-di-livemag-it\\\/#primaryimage\"},\"image\":{\"@id\":\"https:\\\/\\\/www.livemag.it\\\/index.php\\\/2024\\\/03\\\/04\\\/cortinametraggio-2024-entra-tra-le-pagine-di-livemag-it\\\/#primaryimage\"},\"thumbnailUrl\":\"https:\\\/\\\/www.livemag.it\\\/wp-content\\\/uploads\\\/2024\\\/03\\\/CM-1920X1080-1920x1080-1.jpg\",\"datePublished\":\"2024-03-04T10:30:25+00:00\",\"dateModified\":\"2024-03-04T15:00:54+00:00\",\"breadcrumb\":{\"@id\":\"https:\\\/\\\/www.livemag.it\\\/index.php\\\/2024\\\/03\\\/04\\\/cortinametraggio-2024-entra-tra-le-pagine-di-livemag-it\\\/#breadcrumb\"},\"inLanguage\":\"it-IT\",\"potentialAction\":[{\"@type\":\"ReadAction\",\"target\":[\"https:\\\/\\\/www.livemag.it\\\/index.php\\\/2024\\\/03\\\/04\\\/cortinametraggio-2024-entra-tra-le-pagine-di-livemag-it\\\/\"]}]},{\"@type\":\"ImageObject\",\"inLanguage\":\"it-IT\",\"@id\":\"https:\\\/\\\/www.livemag.it\\\/index.php\\\/2024\\\/03\\\/04\\\/cortinametraggio-2024-entra-tra-le-pagine-di-livemag-it\\\/#primaryimage\",\"url\":\"https:\\\/\\\/www.livemag.it\\\/wp-content\\\/uploads\\\/2024\\\/03\\\/CM-1920X1080-1920x1080-1.jpg\",\"contentUrl\":\"https:\\\/\\\/www.livemag.it\\\/wp-content\\\/uploads\\\/2024\\\/03\\\/CM-1920X1080-1920x1080-1.jpg\",\"width\":1920,\"height\":1080},{\"@type\":\"BreadcrumbList\",\"@id\":\"https:\\\/\\\/www.livemag.it\\\/index.php\\\/2024\\\/03\\\/04\\\/cortinametraggio-2024-entra-tra-le-pagine-di-livemag-it\\\/#breadcrumb\",\"itemListElement\":[{\"@type\":\"ListItem\",\"position\":1,\"name\":\"Home\",\"item\":\"https:\\\/\\\/www.livemag.it\\\/\"},{\"@type\":\"ListItem\",\"position\":2,\"name\":\"Cortinametraggio 2024 entra tra le &#8220;pagine&#8221; di LiveMag.it\"}]},{\"@type\":\"WebSite\",\"@id\":\"https:\\\/\\\/www.livemag.it\\\/#website\",\"url\":\"https:\\\/\\\/www.livemag.it\\\/\",\"name\":\"Live Magazine\",\"description\":\"Varie ed eventi\",\"publisher\":{\"@id\":\"https:\\\/\\\/www.livemag.it\\\/#organization\"},\"potentialAction\":[{\"@type\":\"SearchAction\",\"target\":{\"@type\":\"EntryPoint\",\"urlTemplate\":\"https:\\\/\\\/www.livemag.it\\\/?s={search_term_string}\"},\"query-input\":{\"@type\":\"PropertyValueSpecification\",\"valueRequired\":true,\"valueName\":\"search_term_string\"}}],\"inLanguage\":\"it-IT\"},{\"@type\":\"Organization\",\"@id\":\"https:\\\/\\\/www.livemag.it\\\/#organization\",\"name\":\"LiveMag\",\"alternateName\":\"LiveMag News ed eventi\",\"url\":\"https:\\\/\\\/www.livemag.it\\\/\",\"logo\":{\"@type\":\"ImageObject\",\"inLanguage\":\"it-IT\",\"@id\":\"https:\\\/\\\/www.livemag.it\\\/#\\\/schema\\\/logo\\\/image\\\/\",\"url\":\"https:\\\/\\\/www.livemag.it\\\/wp-content\\\/uploads\\\/2024\\\/02\\\/immagine-sito.jpg\",\"contentUrl\":\"https:\\\/\\\/www.livemag.it\\\/wp-content\\\/uploads\\\/2024\\\/02\\\/immagine-sito.jpg\",\"width\":696,\"height\":696,\"caption\":\"LiveMag\"},\"image\":{\"@id\":\"https:\\\/\\\/www.livemag.it\\\/#\\\/schema\\\/logo\\\/image\\\/\"},\"sameAs\":[\"https:\\\/\\\/www.facebook.com\\\/LiveMag\\\/\",\"https:\\\/\\\/x.com\\\/LiveNotizie\",\"https:\\\/\\\/www.instagram.com\\\/livemag\\\/\"]},{\"@type\":\"Person\",\"@id\":\"https:\\\/\\\/www.livemag.it\\\/#\\\/schema\\\/person\\\/eac39c35e128046ef29b7f0e4aba2063\",\"name\":\"Enrico Santamaria\",\"image\":{\"@type\":\"ImageObject\",\"inLanguage\":\"it-IT\",\"@id\":\"https:\\\/\\\/secure.gravatar.com\\\/avatar\\\/46fb4cd9943ae438f83f978b8089dd12731d06416fe529f1e6492edfba34f6d7?s=96&r=g\",\"url\":\"https:\\\/\\\/secure.gravatar.com\\\/avatar\\\/46fb4cd9943ae438f83f978b8089dd12731d06416fe529f1e6492edfba34f6d7?s=96&r=g\",\"contentUrl\":\"https:\\\/\\\/secure.gravatar.com\\\/avatar\\\/46fb4cd9943ae438f83f978b8089dd12731d06416fe529f1e6492edfba34f6d7?s=96&r=g\",\"caption\":\"Enrico Santamaria\"},\"description\":\"giornalista, copywriter, graphic designer\",\"url\":\"https:\\\/\\\/www.livemag.it\\\/index.php\\\/author\\\/santy\\\/\"}]}<\/script>\n<!-- \/ Yoast SEO plugin. -->","yoast_head_json":{"title":"Cortinametraggio 2024 entra tra le \"pagine\" di LiveMag.it - Live Magazine","robots":{"index":"index","follow":"follow","max-snippet":"max-snippet:-1","max-image-preview":"max-image-preview:large","max-video-preview":"max-video-preview:-1"},"canonical":"https:\/\/www.livemag.it\/index.php\/2024\/03\/04\/cortinametraggio-2024-entra-tra-le-pagine-di-livemag-it\/","og_locale":"it_IT","og_type":"article","og_title":"Cortinametraggio 2024 entra tra le \"pagine\" di LiveMag.it - Live Magazine","og_description":"Negli anni \u201890, dall\u2019idea di Maddalena Mayneri, nasceva il Festival Cortinametraggio, la prima manifestazione dedicata a cortometraggi nazionali. L\u2019evento, il pi\u00f9 prestigioso della conca ampezzana, \u00e8 il primo e pi\u00f9 importante Festival di corti in Italia tanto da ottenere il supporto della RAI, del Centro Sperimentale di Cinematografia (CSC) e del Sindacato Nazionale Giornalisti Cinematografici [&hellip;]","og_url":"https:\/\/www.livemag.it\/index.php\/2024\/03\/04\/cortinametraggio-2024-entra-tra-le-pagine-di-livemag-it\/","og_site_name":"Live Magazine","article_publisher":"https:\/\/www.facebook.com\/LiveMag\/","article_published_time":"2024-03-04T10:30:25+00:00","article_modified_time":"2024-03-04T15:00:54+00:00","og_image":[{"width":1920,"height":1080,"url":"https:\/\/www.livemag.it\/wp-content\/uploads\/2024\/03\/CM-1920X1080-1920x1080-1.jpg","type":"image\/jpeg"}],"author":"Enrico Santamaria","twitter_card":"summary_large_image","twitter_creator":"@LiveNotizie","twitter_site":"@LiveNotizie","twitter_misc":{"Scritto da":"Enrico Santamaria","Tempo di lettura stimato":"4 minuti"},"schema":{"@context":"https:\/\/schema.org","@graph":[{"@type":"Article","@id":"https:\/\/www.livemag.it\/index.php\/2024\/03\/04\/cortinametraggio-2024-entra-tra-le-pagine-di-livemag-it\/#article","isPartOf":{"@id":"https:\/\/www.livemag.it\/index.php\/2024\/03\/04\/cortinametraggio-2024-entra-tra-le-pagine-di-livemag-it\/"},"author":{"name":"Enrico Santamaria","@id":"https:\/\/www.livemag.it\/#\/schema\/person\/eac39c35e128046ef29b7f0e4aba2063"},"headline":"Cortinametraggio 2024 entra tra le &#8220;pagine&#8221; di LiveMag.it","datePublished":"2024-03-04T10:30:25+00:00","dateModified":"2024-03-04T15:00:54+00:00","mainEntityOfPage":{"@id":"https:\/\/www.livemag.it\/index.php\/2024\/03\/04\/cortinametraggio-2024-entra-tra-le-pagine-di-livemag-it\/"},"wordCount":500,"commentCount":0,"publisher":{"@id":"https:\/\/www.livemag.it\/#organization"},"image":{"@id":"https:\/\/www.livemag.it\/index.php\/2024\/03\/04\/cortinametraggio-2024-entra-tra-le-pagine-di-livemag-it\/#primaryimage"},"thumbnailUrl":"https:\/\/www.livemag.it\/wp-content\/uploads\/2024\/03\/CM-1920X1080-1920x1080-1.jpg","keywords":["cinemaitaliano","continametraggio","cortinadampezzo","dolomiti","festivalcortinametraggio2024","maddalenamayneri","MEDIAPARTNER"],"articleSection":["CortinaMetraggio","Cultura Eventi","Prima Pagina"],"inLanguage":"it-IT","potentialAction":[{"@type":"CommentAction","name":"Comment","target":["https:\/\/www.livemag.it\/index.php\/2024\/03\/04\/cortinametraggio-2024-entra-tra-le-pagine-di-livemag-it\/#respond"]}]},{"@type":"WebPage","@id":"https:\/\/www.livemag.it\/index.php\/2024\/03\/04\/cortinametraggio-2024-entra-tra-le-pagine-di-livemag-it\/","url":"https:\/\/www.livemag.it\/index.php\/2024\/03\/04\/cortinametraggio-2024-entra-tra-le-pagine-di-livemag-it\/","name":"Cortinametraggio 2024 entra tra le \"pagine\" di LiveMag.it - Live Magazine","isPartOf":{"@id":"https:\/\/www.livemag.it\/#website"},"primaryImageOfPage":{"@id":"https:\/\/www.livemag.it\/index.php\/2024\/03\/04\/cortinametraggio-2024-entra-tra-le-pagine-di-livemag-it\/#primaryimage"},"image":{"@id":"https:\/\/www.livemag.it\/index.php\/2024\/03\/04\/cortinametraggio-2024-entra-tra-le-pagine-di-livemag-it\/#primaryimage"},"thumbnailUrl":"https:\/\/www.livemag.it\/wp-content\/uploads\/2024\/03\/CM-1920X1080-1920x1080-1.jpg","datePublished":"2024-03-04T10:30:25+00:00","dateModified":"2024-03-04T15:00:54+00:00","breadcrumb":{"@id":"https:\/\/www.livemag.it\/index.php\/2024\/03\/04\/cortinametraggio-2024-entra-tra-le-pagine-di-livemag-it\/#breadcrumb"},"inLanguage":"it-IT","potentialAction":[{"@type":"ReadAction","target":["https:\/\/www.livemag.it\/index.php\/2024\/03\/04\/cortinametraggio-2024-entra-tra-le-pagine-di-livemag-it\/"]}]},{"@type":"ImageObject","inLanguage":"it-IT","@id":"https:\/\/www.livemag.it\/index.php\/2024\/03\/04\/cortinametraggio-2024-entra-tra-le-pagine-di-livemag-it\/#primaryimage","url":"https:\/\/www.livemag.it\/wp-content\/uploads\/2024\/03\/CM-1920X1080-1920x1080-1.jpg","contentUrl":"https:\/\/www.livemag.it\/wp-content\/uploads\/2024\/03\/CM-1920X1080-1920x1080-1.jpg","width":1920,"height":1080},{"@type":"BreadcrumbList","@id":"https:\/\/www.livemag.it\/index.php\/2024\/03\/04\/cortinametraggio-2024-entra-tra-le-pagine-di-livemag-it\/#breadcrumb","itemListElement":[{"@type":"ListItem","position":1,"name":"Home","item":"https:\/\/www.livemag.it\/"},{"@type":"ListItem","position":2,"name":"Cortinametraggio 2024 entra tra le &#8220;pagine&#8221; di LiveMag.it"}]},{"@type":"WebSite","@id":"https:\/\/www.livemag.it\/#website","url":"https:\/\/www.livemag.it\/","name":"Live Magazine","description":"Varie ed eventi","publisher":{"@id":"https:\/\/www.livemag.it\/#organization"},"potentialAction":[{"@type":"SearchAction","target":{"@type":"EntryPoint","urlTemplate":"https:\/\/www.livemag.it\/?s={search_term_string}"},"query-input":{"@type":"PropertyValueSpecification","valueRequired":true,"valueName":"search_term_string"}}],"inLanguage":"it-IT"},{"@type":"Organization","@id":"https:\/\/www.livemag.it\/#organization","name":"LiveMag","alternateName":"LiveMag News ed eventi","url":"https:\/\/www.livemag.it\/","logo":{"@type":"ImageObject","inLanguage":"it-IT","@id":"https:\/\/www.livemag.it\/#\/schema\/logo\/image\/","url":"https:\/\/www.livemag.it\/wp-content\/uploads\/2024\/02\/immagine-sito.jpg","contentUrl":"https:\/\/www.livemag.it\/wp-content\/uploads\/2024\/02\/immagine-sito.jpg","width":696,"height":696,"caption":"LiveMag"},"image":{"@id":"https:\/\/www.livemag.it\/#\/schema\/logo\/image\/"},"sameAs":["https:\/\/www.facebook.com\/LiveMag\/","https:\/\/x.com\/LiveNotizie","https:\/\/www.instagram.com\/livemag\/"]},{"@type":"Person","@id":"https:\/\/www.livemag.it\/#\/schema\/person\/eac39c35e128046ef29b7f0e4aba2063","name":"Enrico Santamaria","image":{"@type":"ImageObject","inLanguage":"it-IT","@id":"https:\/\/secure.gravatar.com\/avatar\/46fb4cd9943ae438f83f978b8089dd12731d06416fe529f1e6492edfba34f6d7?s=96&r=g","url":"https:\/\/secure.gravatar.com\/avatar\/46fb4cd9943ae438f83f978b8089dd12731d06416fe529f1e6492edfba34f6d7?s=96&r=g","contentUrl":"https:\/\/secure.gravatar.com\/avatar\/46fb4cd9943ae438f83f978b8089dd12731d06416fe529f1e6492edfba34f6d7?s=96&r=g","caption":"Enrico Santamaria"},"description":"giornalista, copywriter, graphic designer","url":"https:\/\/www.livemag.it\/index.php\/author\/santy\/"}]}},"jetpack_featured_media_url":"https:\/\/www.livemag.it\/wp-content\/uploads\/2024\/03\/CM-1920X1080-1920x1080-1.jpg","_links":{"self":[{"href":"https:\/\/www.livemag.it\/index.php\/wp-json\/wp\/v2\/posts\/21311","targetHints":{"allow":["GET"]}}],"collection":[{"href":"https:\/\/www.livemag.it\/index.php\/wp-json\/wp\/v2\/posts"}],"about":[{"href":"https:\/\/www.livemag.it\/index.php\/wp-json\/wp\/v2\/types\/post"}],"author":[{"embeddable":true,"href":"https:\/\/www.livemag.it\/index.php\/wp-json\/wp\/v2\/users\/6"}],"replies":[{"embeddable":true,"href":"https:\/\/www.livemag.it\/index.php\/wp-json\/wp\/v2\/comments?post=21311"}],"version-history":[{"count":3,"href":"https:\/\/www.livemag.it\/index.php\/wp-json\/wp\/v2\/posts\/21311\/revisions"}],"predecessor-version":[{"id":21370,"href":"https:\/\/www.livemag.it\/index.php\/wp-json\/wp\/v2\/posts\/21311\/revisions\/21370"}],"wp:featuredmedia":[{"embeddable":true,"href":"https:\/\/www.livemag.it\/index.php\/wp-json\/wp\/v2\/media\/21312"}],"wp:attachment":[{"href":"https:\/\/www.livemag.it\/index.php\/wp-json\/wp\/v2\/media?parent=21311"}],"wp:term":[{"taxonomy":"category","embeddable":true,"href":"https:\/\/www.livemag.it\/index.php\/wp-json\/wp\/v2\/categories?post=21311"},{"taxonomy":"post_tag","embeddable":true,"href":"https:\/\/www.livemag.it\/index.php\/wp-json\/wp\/v2\/tags?post=21311"}],"curies":[{"name":"wp","href":"https:\/\/api.w.org\/{rel}","templated":true}]}}