{"id":20373,"date":"2024-02-20T11:55:20","date_gmt":"2024-02-20T10:55:20","guid":{"rendered":"https:\/\/www.livemag.it\/?p=20373"},"modified":"2024-02-20T11:55:28","modified_gmt":"2024-02-20T10:55:28","slug":"adolfo-il-9-marzo-in-esclusiva-su-raiplay-il-film-desordio-della-regista-sofia-auza","status":"publish","type":"post","link":"https:\/\/www.livemag.it\/index.php\/2024\/02\/20\/adolfo-il-9-marzo-in-esclusiva-su-raiplay-il-film-desordio-della-regista-sofia-auza\/","title":{"rendered":"\u201cADOLFO\u201d: il 9 marzo, in esclusiva su RaiPlay, il film d\u2019esordio della regista Sof\u00eda Auza"},"content":{"rendered":"\n<p><em>Due ragazzi si incontrano alla fermata dell\u2019autobus, nella peggiore o migliore notte della loro vita che cambier\u00e0 per sempre il destino di entrambi<\/em><\/p>\n\n\n\n<p>Arriva il 9 marzo in esclusiva su RaiPlay il film \u201c<strong>Adolfo<\/strong>\u201d, debutto alla regia di <strong>Sof\u00eda Auza<\/strong> e che vede come protagonisti gli attori <strong>Juan Daniel Garcia Trevi\u00f1o<\/strong> e <strong>Roc\u00edo de la Ma\u00f1ana<\/strong>.<\/p>\n\n\n\n<p>Il lungometraggio, vincitore del \u201c<em>Orso di Cristallo per il Miglior Film<\/em>\u201d alla Berlinale nel 2023, racconta la storia di due ragazzi che si incontrano per caso a una fermata dell\u2019autobus nella peggiore o forse migliore notte della loro vita. L\u2019incontro cambier\u00e0 per sempre il destino di entrambi.<br><\/p>\n\n\n\n<figure class=\"wp-block-gallery has-nested-images columns-default is-cropped wp-block-gallery-1 is-layout-flex wp-block-gallery-is-layout-flex\">\n<figure class=\"wp-block-image size-large\"><img fetchpriority=\"high\" decoding=\"async\" width=\"1024\" height=\"768\" data-id=\"20380\" src=\"https:\/\/www.livemag.it\/wp-content\/uploads\/2024\/02\/ADOLFO_16-1024x768.png\" alt=\"\" class=\"wp-image-20380\" srcset=\"https:\/\/www.livemag.it\/wp-content\/uploads\/2024\/02\/ADOLFO_16-1024x768.png 1024w, https:\/\/www.livemag.it\/wp-content\/uploads\/2024\/02\/ADOLFO_16-300x225.png 300w, https:\/\/www.livemag.it\/wp-content\/uploads\/2024\/02\/ADOLFO_16-768x576.png 768w, https:\/\/www.livemag.it\/wp-content\/uploads\/2024\/02\/ADOLFO_16-750x563.png 750w, https:\/\/www.livemag.it\/wp-content\/uploads\/2024\/02\/ADOLFO_16-1140x855.png 1140w, https:\/\/www.livemag.it\/wp-content\/uploads\/2024\/02\/ADOLFO_16.png 1284w\" sizes=\"(max-width: 1024px) 100vw, 1024px\" \/><\/figure>\n\n\n\n<figure class=\"wp-block-image size-large\"><img decoding=\"async\" width=\"1024\" height=\"769\" data-id=\"20381\" src=\"https:\/\/www.livemag.it\/wp-content\/uploads\/2024\/02\/ADOLFO_15-1024x769.png\" alt=\"\" class=\"wp-image-20381\" srcset=\"https:\/\/www.livemag.it\/wp-content\/uploads\/2024\/02\/ADOLFO_15-1024x769.png 1024w, https:\/\/www.livemag.it\/wp-content\/uploads\/2024\/02\/ADOLFO_15-300x225.png 300w, https:\/\/www.livemag.it\/wp-content\/uploads\/2024\/02\/ADOLFO_15-768x577.png 768w, https:\/\/www.livemag.it\/wp-content\/uploads\/2024\/02\/ADOLFO_15-750x563.png 750w, https:\/\/www.livemag.it\/wp-content\/uploads\/2024\/02\/ADOLFO_15-1140x856.png 1140w, https:\/\/www.livemag.it\/wp-content\/uploads\/2024\/02\/ADOLFO_15.png 1296w\" sizes=\"(max-width: 1024px) 100vw, 1024px\" \/><\/figure>\n\n\n\n<figure class=\"wp-block-image size-large\"><img decoding=\"async\" width=\"1024\" height=\"768\" data-id=\"20382\" src=\"https:\/\/www.livemag.it\/wp-content\/uploads\/2024\/02\/ADOLFO_12-1024x768.png\" alt=\"\" class=\"wp-image-20382\" srcset=\"https:\/\/www.livemag.it\/wp-content\/uploads\/2024\/02\/ADOLFO_12-1024x768.png 1024w, https:\/\/www.livemag.it\/wp-content\/uploads\/2024\/02\/ADOLFO_12-300x225.png 300w, https:\/\/www.livemag.it\/wp-content\/uploads\/2024\/02\/ADOLFO_12-768x576.png 768w, https:\/\/www.livemag.it\/wp-content\/uploads\/2024\/02\/ADOLFO_12-750x562.png 750w, https:\/\/www.livemag.it\/wp-content\/uploads\/2024\/02\/ADOLFO_12-1140x855.png 1140w, https:\/\/www.livemag.it\/wp-content\/uploads\/2024\/02\/ADOLFO_12.png 1294w\" sizes=\"(max-width: 1024px) 100vw, 1024px\" \/><\/figure>\n<\/figure>\n\n\n\n<p>Hugo e Momo si incontrano casualmente per strada, alla fermata di un autobus. Il ragazzo, che porta con s\u00e9 un piccolo cactus chiamato Adolfo, ha appena perso il bus che avrebbe dovuto portarlo al funerale del padre, morto suicida, ed \u00e8 deciso a passare l\u00ec la notte in attesa del prossimo; la ragazza sta per andare ad una festa in maschera, la prima festa della sua prima notte da \u201clibera\u201d, dopo aver trascorso un periodo in una comunit\u00e0 per la riabilitazione di giovani tossicodipendenti. Dopo un po\u2019 di attesa, Momo convince Hugo a seguirlo: \u00e8 l\u2019inizio di una lunga notte fatta di risate, lacrime, avventure, parole e silenzi, con i due giovani determinati a portare a termine la \u201cmissione\u201d affidata a Hugo da suo padre prima di togliersi la vita: trovare una casa ad Adolfo, il cactus. Per evitare di essere da soli con i loro problemi, Hugo e Momo decidono di vivere insieme un\u2019avventura: dovranno trovare una nuova casa per Adolfo, prima che la notte finisca e che entrambi vadano per la loro<br>strada.<br><\/p>\n\n\n\n<p>\u201c<strong>Adolfo<\/strong>\u201d ha partecipato al Seattle International Film Festival, \u00e8 stato vincitore del \u201cCavallo di bronzo per il Miglior Film\u201d alla Stockholm International Film Festival. A Roc\u00edo de la Ma\u00f1ana \u00e8 andato il premio come \u201c<em>Migliore attrice in un film messicano<\/em>\u201d al Guadalajara International Film Festival.<\/p>\n","protected":false},"excerpt":{"rendered":"<p>Due ragazzi si incontrano alla fermata dell\u2019autobus, nella peggiore o migliore notte della loro vita che cambier\u00e0 per sempre il destino di entrambi Arriva il 9 marzo in esclusiva su RaiPlay il film \u201cAdolfo\u201d, debutto alla regia di Sof\u00eda Auza e che vede come protagonisti gli attori Juan Daniel Garcia Trevi\u00f1o e Roc\u00edo de la [&hellip;]<\/p>\n","protected":false},"author":6,"featured_media":20385,"comment_status":"open","ping_status":"open","sticky":false,"template":"","format":"standard","meta":{"jnews-multi-image_gallery":[],"jnews_single_post":{"subtitle":"","format":"standard","video":"","gallery":"","source_name":"","source_url":"","via_name":"","via_url":"","override_template":"0","override":[{"template":"1","single_blog_custom":"","parallax":"1","fullscreen":"1","layout":"right-sidebar","sidebar":"default-sidebar","second_sidebar":"default-sidebar","sticky_sidebar":"1","share_position":"top","share_float_style":"share-monocrhome","show_share_counter":"1","show_view_counter":"1","show_featured":"1","show_post_meta":"1","show_post_author":"1","show_post_author_image":"1","show_post_date":"1","post_date_format":"default","post_date_format_custom":"Y\/m\/d","show_post_category":"1","show_post_reading_time":"0","post_reading_time_wpm":"300","show_zoom_button":"0","zoom_button_out_step":"2","zoom_button_in_step":"3","show_post_tag":"1","show_prev_next_post":"1","show_popup_post":"1","number_popup_post":"1","show_author_box":"1","show_post_related":"0","show_inline_post_related":"0"}],"override_image_size":"0","image_override":[{"single_post_thumbnail_size":"crop-500","single_post_gallery_size":"crop-500"}],"trending_post":"0","trending_post_position":"meta","trending_post_label":"Trending","sponsored_post":"0","sponsored_post_label":"Sponsored by","sponsored_post_name":"","sponsored_post_url":"","sponsored_post_logo_enable":"0","sponsored_post_logo":"","sponsored_post_desc":"","disable_ad":"0"},"jnews_primary_category":{"id":"","hide":""},"jnews_social_meta":{"fb_title":"","fb_description":"","fb_image":"","twitter_title":"","twitter_description":"","twitter_image":""},"jnews_override_counter":{"override_view_counter":"0","view_counter_number":"0","override_share_counter":"0","share_counter_number":"0","override_like_counter":"0","like_counter_number":"0","override_dislike_counter":"0","dislike_counter_number":"0"},"jnews_post_split":{"enable_post_split":"0","post_split":[{"template":"1","tag":"h2","numbering":"asc","mode":"normal","first":"0","enable_toc":"0","toc_type":"normal"}]},"footnotes":""},"categories":[142],"tags":[1373,1376,1378,1379,1377,1374,1375],"class_list":["post-20373","post","type-post","status-publish","format-standard","has-post-thumbnail","hentry","category-cultura-eventi","tag-adolfo","tag-juandanielgarciatrevino","tag-lungometraggio","tag-promopressagency","tag-raiplay","tag-rociodelamanana","tag-sofiaauza"],"yoast_head":"<!-- This site is optimized with the Yoast SEO plugin v27.5 - https:\/\/yoast.com\/product\/yoast-seo-wordpress\/ -->\n<title>\u201cADOLFO\u201d: il 9 marzo, in esclusiva su RaiPlay, il film d\u2019esordio della regista Sof\u00eda Auza - Live Magazine<\/title>\n<meta name=\"robots\" content=\"index, follow, max-snippet:-1, max-image-preview:large, max-video-preview:-1\" \/>\n<link rel=\"canonical\" href=\"https:\/\/www.livemag.it\/index.php\/2024\/02\/20\/adolfo-il-9-marzo-in-esclusiva-su-raiplay-il-film-desordio-della-regista-sofia-auza\/\" \/>\n<meta property=\"og:locale\" content=\"it_IT\" \/>\n<meta property=\"og:type\" content=\"article\" \/>\n<meta property=\"og:title\" content=\"\u201cADOLFO\u201d: il 9 marzo, in esclusiva su RaiPlay, il film d\u2019esordio della regista Sof\u00eda Auza - Live Magazine\" \/>\n<meta property=\"og:description\" content=\"Due ragazzi si incontrano alla fermata dell\u2019autobus, nella peggiore o migliore notte della loro vita che cambier\u00e0 per sempre il destino di entrambi Arriva il 9 marzo in esclusiva su RaiPlay il film \u201cAdolfo\u201d, debutto alla regia di Sof\u00eda Auza e che vede come protagonisti gli attori Juan Daniel Garcia Trevi\u00f1o e Roc\u00edo de la [&hellip;]\" \/>\n<meta property=\"og:url\" content=\"https:\/\/www.livemag.it\/index.php\/2024\/02\/20\/adolfo-il-9-marzo-in-esclusiva-su-raiplay-il-film-desordio-della-regista-sofia-auza\/\" \/>\n<meta property=\"og:site_name\" content=\"Live Magazine\" \/>\n<meta property=\"article:publisher\" content=\"https:\/\/www.facebook.com\/LiveMag\/\" \/>\n<meta property=\"article:published_time\" content=\"2024-02-20T10:55:20+00:00\" \/>\n<meta property=\"article:modified_time\" content=\"2024-02-20T10:55:28+00:00\" \/>\n<meta property=\"og:image\" content=\"https:\/\/www.livemag.it\/wp-content\/uploads\/2024\/02\/2048x1152_logo5.jpg\" \/>\n\t<meta property=\"og:image:width\" content=\"1920\" \/>\n\t<meta property=\"og:image:height\" content=\"1080\" \/>\n\t<meta property=\"og:image:type\" content=\"image\/jpeg\" \/>\n<meta name=\"author\" content=\"Enrico Santamaria\" \/>\n<meta name=\"twitter:card\" content=\"summary_large_image\" \/>\n<meta name=\"twitter:creator\" content=\"@LiveNotizie\" \/>\n<meta name=\"twitter:site\" content=\"@LiveNotizie\" \/>\n<meta name=\"twitter:label1\" content=\"Scritto da\" \/>\n\t<meta name=\"twitter:data1\" content=\"Enrico Santamaria\" \/>\n\t<meta name=\"twitter:label2\" content=\"Tempo di lettura stimato\" \/>\n\t<meta name=\"twitter:data2\" content=\"3 minuti\" \/>\n<script type=\"application\/ld+json\" class=\"yoast-schema-graph\">{\"@context\":\"https:\\\/\\\/schema.org\",\"@graph\":[{\"@type\":\"Article\",\"@id\":\"https:\\\/\\\/www.livemag.it\\\/index.php\\\/2024\\\/02\\\/20\\\/adolfo-il-9-marzo-in-esclusiva-su-raiplay-il-film-desordio-della-regista-sofia-auza\\\/#article\",\"isPartOf\":{\"@id\":\"https:\\\/\\\/www.livemag.it\\\/index.php\\\/2024\\\/02\\\/20\\\/adolfo-il-9-marzo-in-esclusiva-su-raiplay-il-film-desordio-della-regista-sofia-auza\\\/\"},\"author\":{\"name\":\"Enrico Santamaria\",\"@id\":\"https:\\\/\\\/www.livemag.it\\\/#\\\/schema\\\/person\\\/eac39c35e128046ef29b7f0e4aba2063\"},\"headline\":\"\u201cADOLFO\u201d: il 9 marzo, in esclusiva su RaiPlay, il film d\u2019esordio della regista Sof\u00eda Auza\",\"datePublished\":\"2024-02-20T10:55:20+00:00\",\"dateModified\":\"2024-02-20T10:55:28+00:00\",\"mainEntityOfPage\":{\"@id\":\"https:\\\/\\\/www.livemag.it\\\/index.php\\\/2024\\\/02\\\/20\\\/adolfo-il-9-marzo-in-esclusiva-su-raiplay-il-film-desordio-della-regista-sofia-auza\\\/\"},\"wordCount\":343,\"commentCount\":0,\"publisher\":{\"@id\":\"https:\\\/\\\/www.livemag.it\\\/#organization\"},\"image\":{\"@id\":\"https:\\\/\\\/www.livemag.it\\\/index.php\\\/2024\\\/02\\\/20\\\/adolfo-il-9-marzo-in-esclusiva-su-raiplay-il-film-desordio-della-regista-sofia-auza\\\/#primaryimage\"},\"thumbnailUrl\":\"https:\\\/\\\/www.livemag.it\\\/wp-content\\\/uploads\\\/2024\\\/02\\\/2048x1152_logo5.jpg\",\"keywords\":[\"adolfo\",\"juandanielgarciatrevino\",\"lungometraggio\",\"promopressagency\",\"raiplay\",\"rociodelamanana\",\"sofiaauza\"],\"articleSection\":[\"Cultura Eventi\"],\"inLanguage\":\"it-IT\",\"potentialAction\":[{\"@type\":\"CommentAction\",\"name\":\"Comment\",\"target\":[\"https:\\\/\\\/www.livemag.it\\\/index.php\\\/2024\\\/02\\\/20\\\/adolfo-il-9-marzo-in-esclusiva-su-raiplay-il-film-desordio-della-regista-sofia-auza\\\/#respond\"]}]},{\"@type\":\"WebPage\",\"@id\":\"https:\\\/\\\/www.livemag.it\\\/index.php\\\/2024\\\/02\\\/20\\\/adolfo-il-9-marzo-in-esclusiva-su-raiplay-il-film-desordio-della-regista-sofia-auza\\\/\",\"url\":\"https:\\\/\\\/www.livemag.it\\\/index.php\\\/2024\\\/02\\\/20\\\/adolfo-il-9-marzo-in-esclusiva-su-raiplay-il-film-desordio-della-regista-sofia-auza\\\/\",\"name\":\"\u201cADOLFO\u201d: il 9 marzo, in esclusiva su RaiPlay, il film d\u2019esordio della regista Sof\u00eda Auza - Live Magazine\",\"isPartOf\":{\"@id\":\"https:\\\/\\\/www.livemag.it\\\/#website\"},\"primaryImageOfPage\":{\"@id\":\"https:\\\/\\\/www.livemag.it\\\/index.php\\\/2024\\\/02\\\/20\\\/adolfo-il-9-marzo-in-esclusiva-su-raiplay-il-film-desordio-della-regista-sofia-auza\\\/#primaryimage\"},\"image\":{\"@id\":\"https:\\\/\\\/www.livemag.it\\\/index.php\\\/2024\\\/02\\\/20\\\/adolfo-il-9-marzo-in-esclusiva-su-raiplay-il-film-desordio-della-regista-sofia-auza\\\/#primaryimage\"},\"thumbnailUrl\":\"https:\\\/\\\/www.livemag.it\\\/wp-content\\\/uploads\\\/2024\\\/02\\\/2048x1152_logo5.jpg\",\"datePublished\":\"2024-02-20T10:55:20+00:00\",\"dateModified\":\"2024-02-20T10:55:28+00:00\",\"breadcrumb\":{\"@id\":\"https:\\\/\\\/www.livemag.it\\\/index.php\\\/2024\\\/02\\\/20\\\/adolfo-il-9-marzo-in-esclusiva-su-raiplay-il-film-desordio-della-regista-sofia-auza\\\/#breadcrumb\"},\"inLanguage\":\"it-IT\",\"potentialAction\":[{\"@type\":\"ReadAction\",\"target\":[\"https:\\\/\\\/www.livemag.it\\\/index.php\\\/2024\\\/02\\\/20\\\/adolfo-il-9-marzo-in-esclusiva-su-raiplay-il-film-desordio-della-regista-sofia-auza\\\/\"]}]},{\"@type\":\"ImageObject\",\"inLanguage\":\"it-IT\",\"@id\":\"https:\\\/\\\/www.livemag.it\\\/index.php\\\/2024\\\/02\\\/20\\\/adolfo-il-9-marzo-in-esclusiva-su-raiplay-il-film-desordio-della-regista-sofia-auza\\\/#primaryimage\",\"url\":\"https:\\\/\\\/www.livemag.it\\\/wp-content\\\/uploads\\\/2024\\\/02\\\/2048x1152_logo5.jpg\",\"contentUrl\":\"https:\\\/\\\/www.livemag.it\\\/wp-content\\\/uploads\\\/2024\\\/02\\\/2048x1152_logo5.jpg\",\"width\":1920,\"height\":1080},{\"@type\":\"BreadcrumbList\",\"@id\":\"https:\\\/\\\/www.livemag.it\\\/index.php\\\/2024\\\/02\\\/20\\\/adolfo-il-9-marzo-in-esclusiva-su-raiplay-il-film-desordio-della-regista-sofia-auza\\\/#breadcrumb\",\"itemListElement\":[{\"@type\":\"ListItem\",\"position\":1,\"name\":\"Home\",\"item\":\"https:\\\/\\\/www.livemag.it\\\/\"},{\"@type\":\"ListItem\",\"position\":2,\"name\":\"\u201cADOLFO\u201d: il 9 marzo, in esclusiva su RaiPlay, il film d\u2019esordio della regista Sof\u00eda Auza\"}]},{\"@type\":\"WebSite\",\"@id\":\"https:\\\/\\\/www.livemag.it\\\/#website\",\"url\":\"https:\\\/\\\/www.livemag.it\\\/\",\"name\":\"Live Magazine\",\"description\":\"Varie ed eventi\",\"publisher\":{\"@id\":\"https:\\\/\\\/www.livemag.it\\\/#organization\"},\"potentialAction\":[{\"@type\":\"SearchAction\",\"target\":{\"@type\":\"EntryPoint\",\"urlTemplate\":\"https:\\\/\\\/www.livemag.it\\\/?s={search_term_string}\"},\"query-input\":{\"@type\":\"PropertyValueSpecification\",\"valueRequired\":true,\"valueName\":\"search_term_string\"}}],\"inLanguage\":\"it-IT\"},{\"@type\":\"Organization\",\"@id\":\"https:\\\/\\\/www.livemag.it\\\/#organization\",\"name\":\"LiveMag\",\"alternateName\":\"LiveMag News ed eventi\",\"url\":\"https:\\\/\\\/www.livemag.it\\\/\",\"logo\":{\"@type\":\"ImageObject\",\"inLanguage\":\"it-IT\",\"@id\":\"https:\\\/\\\/www.livemag.it\\\/#\\\/schema\\\/logo\\\/image\\\/\",\"url\":\"https:\\\/\\\/www.livemag.it\\\/wp-content\\\/uploads\\\/2024\\\/02\\\/immagine-sito.jpg\",\"contentUrl\":\"https:\\\/\\\/www.livemag.it\\\/wp-content\\\/uploads\\\/2024\\\/02\\\/immagine-sito.jpg\",\"width\":696,\"height\":696,\"caption\":\"LiveMag\"},\"image\":{\"@id\":\"https:\\\/\\\/www.livemag.it\\\/#\\\/schema\\\/logo\\\/image\\\/\"},\"sameAs\":[\"https:\\\/\\\/www.facebook.com\\\/LiveMag\\\/\",\"https:\\\/\\\/x.com\\\/LiveNotizie\",\"https:\\\/\\\/www.instagram.com\\\/livemag\\\/\"]},{\"@type\":\"Person\",\"@id\":\"https:\\\/\\\/www.livemag.it\\\/#\\\/schema\\\/person\\\/eac39c35e128046ef29b7f0e4aba2063\",\"name\":\"Enrico Santamaria\",\"image\":{\"@type\":\"ImageObject\",\"inLanguage\":\"it-IT\",\"@id\":\"https:\\\/\\\/secure.gravatar.com\\\/avatar\\\/46fb4cd9943ae438f83f978b8089dd12731d06416fe529f1e6492edfba34f6d7?s=96&r=g\",\"url\":\"https:\\\/\\\/secure.gravatar.com\\\/avatar\\\/46fb4cd9943ae438f83f978b8089dd12731d06416fe529f1e6492edfba34f6d7?s=96&r=g\",\"contentUrl\":\"https:\\\/\\\/secure.gravatar.com\\\/avatar\\\/46fb4cd9943ae438f83f978b8089dd12731d06416fe529f1e6492edfba34f6d7?s=96&r=g\",\"caption\":\"Enrico Santamaria\"},\"description\":\"giornalista, copywriter, graphic designer\",\"url\":\"https:\\\/\\\/www.livemag.it\\\/index.php\\\/author\\\/santy\\\/\"}]}<\/script>\n<!-- \/ Yoast SEO plugin. -->","yoast_head_json":{"title":"\u201cADOLFO\u201d: il 9 marzo, in esclusiva su RaiPlay, il film d\u2019esordio della regista Sof\u00eda Auza - Live Magazine","robots":{"index":"index","follow":"follow","max-snippet":"max-snippet:-1","max-image-preview":"max-image-preview:large","max-video-preview":"max-video-preview:-1"},"canonical":"https:\/\/www.livemag.it\/index.php\/2024\/02\/20\/adolfo-il-9-marzo-in-esclusiva-su-raiplay-il-film-desordio-della-regista-sofia-auza\/","og_locale":"it_IT","og_type":"article","og_title":"\u201cADOLFO\u201d: il 9 marzo, in esclusiva su RaiPlay, il film d\u2019esordio della regista Sof\u00eda Auza - Live Magazine","og_description":"Due ragazzi si incontrano alla fermata dell\u2019autobus, nella peggiore o migliore notte della loro vita che cambier\u00e0 per sempre il destino di entrambi Arriva il 9 marzo in esclusiva su RaiPlay il film \u201cAdolfo\u201d, debutto alla regia di Sof\u00eda Auza e che vede come protagonisti gli attori Juan Daniel Garcia Trevi\u00f1o e Roc\u00edo de la [&hellip;]","og_url":"https:\/\/www.livemag.it\/index.php\/2024\/02\/20\/adolfo-il-9-marzo-in-esclusiva-su-raiplay-il-film-desordio-della-regista-sofia-auza\/","og_site_name":"Live Magazine","article_publisher":"https:\/\/www.facebook.com\/LiveMag\/","article_published_time":"2024-02-20T10:55:20+00:00","article_modified_time":"2024-02-20T10:55:28+00:00","og_image":[{"width":1920,"height":1080,"url":"https:\/\/www.livemag.it\/wp-content\/uploads\/2024\/02\/2048x1152_logo5.jpg","type":"image\/jpeg"}],"author":"Enrico Santamaria","twitter_card":"summary_large_image","twitter_creator":"@LiveNotizie","twitter_site":"@LiveNotizie","twitter_misc":{"Scritto da":"Enrico Santamaria","Tempo di lettura stimato":"3 minuti"},"schema":{"@context":"https:\/\/schema.org","@graph":[{"@type":"Article","@id":"https:\/\/www.livemag.it\/index.php\/2024\/02\/20\/adolfo-il-9-marzo-in-esclusiva-su-raiplay-il-film-desordio-della-regista-sofia-auza\/#article","isPartOf":{"@id":"https:\/\/www.livemag.it\/index.php\/2024\/02\/20\/adolfo-il-9-marzo-in-esclusiva-su-raiplay-il-film-desordio-della-regista-sofia-auza\/"},"author":{"name":"Enrico Santamaria","@id":"https:\/\/www.livemag.it\/#\/schema\/person\/eac39c35e128046ef29b7f0e4aba2063"},"headline":"\u201cADOLFO\u201d: il 9 marzo, in esclusiva su RaiPlay, il film d\u2019esordio della regista Sof\u00eda Auza","datePublished":"2024-02-20T10:55:20+00:00","dateModified":"2024-02-20T10:55:28+00:00","mainEntityOfPage":{"@id":"https:\/\/www.livemag.it\/index.php\/2024\/02\/20\/adolfo-il-9-marzo-in-esclusiva-su-raiplay-il-film-desordio-della-regista-sofia-auza\/"},"wordCount":343,"commentCount":0,"publisher":{"@id":"https:\/\/www.livemag.it\/#organization"},"image":{"@id":"https:\/\/www.livemag.it\/index.php\/2024\/02\/20\/adolfo-il-9-marzo-in-esclusiva-su-raiplay-il-film-desordio-della-regista-sofia-auza\/#primaryimage"},"thumbnailUrl":"https:\/\/www.livemag.it\/wp-content\/uploads\/2024\/02\/2048x1152_logo5.jpg","keywords":["adolfo","juandanielgarciatrevino","lungometraggio","promopressagency","raiplay","rociodelamanana","sofiaauza"],"articleSection":["Cultura Eventi"],"inLanguage":"it-IT","potentialAction":[{"@type":"CommentAction","name":"Comment","target":["https:\/\/www.livemag.it\/index.php\/2024\/02\/20\/adolfo-il-9-marzo-in-esclusiva-su-raiplay-il-film-desordio-della-regista-sofia-auza\/#respond"]}]},{"@type":"WebPage","@id":"https:\/\/www.livemag.it\/index.php\/2024\/02\/20\/adolfo-il-9-marzo-in-esclusiva-su-raiplay-il-film-desordio-della-regista-sofia-auza\/","url":"https:\/\/www.livemag.it\/index.php\/2024\/02\/20\/adolfo-il-9-marzo-in-esclusiva-su-raiplay-il-film-desordio-della-regista-sofia-auza\/","name":"\u201cADOLFO\u201d: il 9 marzo, in esclusiva su RaiPlay, il film d\u2019esordio della regista Sof\u00eda Auza - Live Magazine","isPartOf":{"@id":"https:\/\/www.livemag.it\/#website"},"primaryImageOfPage":{"@id":"https:\/\/www.livemag.it\/index.php\/2024\/02\/20\/adolfo-il-9-marzo-in-esclusiva-su-raiplay-il-film-desordio-della-regista-sofia-auza\/#primaryimage"},"image":{"@id":"https:\/\/www.livemag.it\/index.php\/2024\/02\/20\/adolfo-il-9-marzo-in-esclusiva-su-raiplay-il-film-desordio-della-regista-sofia-auza\/#primaryimage"},"thumbnailUrl":"https:\/\/www.livemag.it\/wp-content\/uploads\/2024\/02\/2048x1152_logo5.jpg","datePublished":"2024-02-20T10:55:20+00:00","dateModified":"2024-02-20T10:55:28+00:00","breadcrumb":{"@id":"https:\/\/www.livemag.it\/index.php\/2024\/02\/20\/adolfo-il-9-marzo-in-esclusiva-su-raiplay-il-film-desordio-della-regista-sofia-auza\/#breadcrumb"},"inLanguage":"it-IT","potentialAction":[{"@type":"ReadAction","target":["https:\/\/www.livemag.it\/index.php\/2024\/02\/20\/adolfo-il-9-marzo-in-esclusiva-su-raiplay-il-film-desordio-della-regista-sofia-auza\/"]}]},{"@type":"ImageObject","inLanguage":"it-IT","@id":"https:\/\/www.livemag.it\/index.php\/2024\/02\/20\/adolfo-il-9-marzo-in-esclusiva-su-raiplay-il-film-desordio-della-regista-sofia-auza\/#primaryimage","url":"https:\/\/www.livemag.it\/wp-content\/uploads\/2024\/02\/2048x1152_logo5.jpg","contentUrl":"https:\/\/www.livemag.it\/wp-content\/uploads\/2024\/02\/2048x1152_logo5.jpg","width":1920,"height":1080},{"@type":"BreadcrumbList","@id":"https:\/\/www.livemag.it\/index.php\/2024\/02\/20\/adolfo-il-9-marzo-in-esclusiva-su-raiplay-il-film-desordio-della-regista-sofia-auza\/#breadcrumb","itemListElement":[{"@type":"ListItem","position":1,"name":"Home","item":"https:\/\/www.livemag.it\/"},{"@type":"ListItem","position":2,"name":"\u201cADOLFO\u201d: il 9 marzo, in esclusiva su RaiPlay, il film d\u2019esordio della regista Sof\u00eda Auza"}]},{"@type":"WebSite","@id":"https:\/\/www.livemag.it\/#website","url":"https:\/\/www.livemag.it\/","name":"Live Magazine","description":"Varie ed eventi","publisher":{"@id":"https:\/\/www.livemag.it\/#organization"},"potentialAction":[{"@type":"SearchAction","target":{"@type":"EntryPoint","urlTemplate":"https:\/\/www.livemag.it\/?s={search_term_string}"},"query-input":{"@type":"PropertyValueSpecification","valueRequired":true,"valueName":"search_term_string"}}],"inLanguage":"it-IT"},{"@type":"Organization","@id":"https:\/\/www.livemag.it\/#organization","name":"LiveMag","alternateName":"LiveMag News ed eventi","url":"https:\/\/www.livemag.it\/","logo":{"@type":"ImageObject","inLanguage":"it-IT","@id":"https:\/\/www.livemag.it\/#\/schema\/logo\/image\/","url":"https:\/\/www.livemag.it\/wp-content\/uploads\/2024\/02\/immagine-sito.jpg","contentUrl":"https:\/\/www.livemag.it\/wp-content\/uploads\/2024\/02\/immagine-sito.jpg","width":696,"height":696,"caption":"LiveMag"},"image":{"@id":"https:\/\/www.livemag.it\/#\/schema\/logo\/image\/"},"sameAs":["https:\/\/www.facebook.com\/LiveMag\/","https:\/\/x.com\/LiveNotizie","https:\/\/www.instagram.com\/livemag\/"]},{"@type":"Person","@id":"https:\/\/www.livemag.it\/#\/schema\/person\/eac39c35e128046ef29b7f0e4aba2063","name":"Enrico Santamaria","image":{"@type":"ImageObject","inLanguage":"it-IT","@id":"https:\/\/secure.gravatar.com\/avatar\/46fb4cd9943ae438f83f978b8089dd12731d06416fe529f1e6492edfba34f6d7?s=96&r=g","url":"https:\/\/secure.gravatar.com\/avatar\/46fb4cd9943ae438f83f978b8089dd12731d06416fe529f1e6492edfba34f6d7?s=96&r=g","contentUrl":"https:\/\/secure.gravatar.com\/avatar\/46fb4cd9943ae438f83f978b8089dd12731d06416fe529f1e6492edfba34f6d7?s=96&r=g","caption":"Enrico Santamaria"},"description":"giornalista, copywriter, graphic designer","url":"https:\/\/www.livemag.it\/index.php\/author\/santy\/"}]}},"jetpack_featured_media_url":"https:\/\/www.livemag.it\/wp-content\/uploads\/2024\/02\/2048x1152_logo5.jpg","_links":{"self":[{"href":"https:\/\/www.livemag.it\/index.php\/wp-json\/wp\/v2\/posts\/20373","targetHints":{"allow":["GET"]}}],"collection":[{"href":"https:\/\/www.livemag.it\/index.php\/wp-json\/wp\/v2\/posts"}],"about":[{"href":"https:\/\/www.livemag.it\/index.php\/wp-json\/wp\/v2\/types\/post"}],"author":[{"embeddable":true,"href":"https:\/\/www.livemag.it\/index.php\/wp-json\/wp\/v2\/users\/6"}],"replies":[{"embeddable":true,"href":"https:\/\/www.livemag.it\/index.php\/wp-json\/wp\/v2\/comments?post=20373"}],"version-history":[{"count":1,"href":"https:\/\/www.livemag.it\/index.php\/wp-json\/wp\/v2\/posts\/20373\/revisions"}],"predecessor-version":[{"id":20386,"href":"https:\/\/www.livemag.it\/index.php\/wp-json\/wp\/v2\/posts\/20373\/revisions\/20386"}],"wp:featuredmedia":[{"embeddable":true,"href":"https:\/\/www.livemag.it\/index.php\/wp-json\/wp\/v2\/media\/20385"}],"wp:attachment":[{"href":"https:\/\/www.livemag.it\/index.php\/wp-json\/wp\/v2\/media?parent=20373"}],"wp:term":[{"taxonomy":"category","embeddable":true,"href":"https:\/\/www.livemag.it\/index.php\/wp-json\/wp\/v2\/categories?post=20373"},{"taxonomy":"post_tag","embeddable":true,"href":"https:\/\/www.livemag.it\/index.php\/wp-json\/wp\/v2\/tags?post=20373"}],"curies":[{"name":"wp","href":"https:\/\/api.w.org\/{rel}","templated":true}]}}