{"id":19993,"date":"2024-02-15T16:55:24","date_gmt":"2024-02-15T15:55:24","guid":{"rendered":"https:\/\/www.livemag.it\/?p=19993"},"modified":"2024-02-15T16:55:36","modified_gmt":"2024-02-15T15:55:36","slug":"tra-palco-e-realta-musica-danza-e-parole-annunciato-il-tour-2024","status":"publish","type":"post","link":"https:\/\/www.livemag.it\/index.php\/2024\/02\/15\/tra-palco-e-realta-musica-danza-e-parole-annunciato-il-tour-2024\/","title":{"rendered":"\u201cTRA PALCO E REALT\u00c0 &#8211; musica, danza e parole\u201d annunciato il tour 2024!"},"content":{"rendered":"\n<p>Il grande successo della prima edizione e le numerose richieste dei fan hanno spinto <strong>Influendo Production<\/strong> a confermare la produzione del tour 2024 che toccher\u00e0 varie citt\u00e0 italiane e importanti teatri.<\/p>\n\n\n\n<p>La conduzione \u00e8 stata nuovamente affidata alla super coppia formata da <strong>Klaudia Pepa<\/strong> e <strong>Garrison Rochelle<\/strong>, la complicit\u00e0 e la sinergia tra i due artisti ha conquistato il pubblico. \u201cLi vedremo anche esibire?\u201d abbiamo chiesto alla produzione, \u201cAssolutamente s\u00ed\u201d \u00e8 stata la risposta \u201c<strong>Tra Palco e Realt\u00e0 2024<\/strong> sar\u00e0 ancora pi\u00f9 coinvolgente e abbiamo chiesto a tutti gli Artisti che calcheranno i vari palchi di spogliarsi (<em>in senso metaforico si intende)<\/em> e raccontarsi al pubblico attraverso la loro arte ma anche con le loro parole durante il momento \u201ctalk\u201d che vedremo nella prima parte della show.<\/p>\n\n\n\n<figure class=\"wp-block-gallery has-nested-images columns-default is-cropped wp-block-gallery-1 is-layout-flex wp-block-gallery-is-layout-flex\">\n<figure class=\"wp-block-image size-large\"><img fetchpriority=\"high\" decoding=\"async\" width=\"731\" height=\"844\" data-id=\"20075\" src=\"https:\/\/www.livemag.it\/wp-content\/uploads\/2024\/02\/trapalco04.jpg\" alt=\"\" class=\"wp-image-20075\" srcset=\"https:\/\/www.livemag.it\/wp-content\/uploads\/2024\/02\/trapalco04.jpg 731w, https:\/\/www.livemag.it\/wp-content\/uploads\/2024\/02\/trapalco04-260x300.jpg 260w\" sizes=\"(max-width: 731px) 100vw, 731px\" \/><\/figure>\n\n\n\n<figure class=\"wp-block-image size-large\"><img decoding=\"async\" width=\"832\" height=\"844\" data-id=\"20073\" src=\"https:\/\/www.livemag.it\/wp-content\/uploads\/2024\/02\/trapalco03.jpg\" alt=\"\" class=\"wp-image-20073\" srcset=\"https:\/\/www.livemag.it\/wp-content\/uploads\/2024\/02\/trapalco03.jpg 832w, https:\/\/www.livemag.it\/wp-content\/uploads\/2024\/02\/trapalco03-296x300.jpg 296w, https:\/\/www.livemag.it\/wp-content\/uploads\/2024\/02\/trapalco03-768x779.jpg 768w, https:\/\/www.livemag.it\/wp-content\/uploads\/2024\/02\/trapalco03-75x75.jpg 75w, https:\/\/www.livemag.it\/wp-content\/uploads\/2024\/02\/trapalco03-750x761.jpg 750w\" sizes=\"(max-width: 832px) 100vw, 832px\" \/><\/figure>\n\n\n\n<figure class=\"wp-block-image size-large\"><img decoding=\"async\" width=\"727\" height=\"845\" data-id=\"20072\" src=\"https:\/\/www.livemag.it\/wp-content\/uploads\/2024\/02\/trapalco02.jpg\" alt=\"\" class=\"wp-image-20072\" srcset=\"https:\/\/www.livemag.it\/wp-content\/uploads\/2024\/02\/trapalco02.jpg 727w, https:\/\/www.livemag.it\/wp-content\/uploads\/2024\/02\/trapalco02-258x300.jpg 258w\" sizes=\"(max-width: 727px) 100vw, 727px\" \/><\/figure>\n\n\n\n<figure class=\"wp-block-image size-large\"><img loading=\"lazy\" decoding=\"async\" width=\"870\" height=\"651\" data-id=\"20074\" src=\"https:\/\/www.livemag.it\/wp-content\/uploads\/2024\/02\/trapalco01.jpg\" alt=\"\" class=\"wp-image-20074\" srcset=\"https:\/\/www.livemag.it\/wp-content\/uploads\/2024\/02\/trapalco01.jpg 870w, https:\/\/www.livemag.it\/wp-content\/uploads\/2024\/02\/trapalco01-300x224.jpg 300w, https:\/\/www.livemag.it\/wp-content\/uploads\/2024\/02\/trapalco01-768x575.jpg 768w, https:\/\/www.livemag.it\/wp-content\/uploads\/2024\/02\/trapalco01-750x561.jpg 750w\" sizes=\"(max-width: 870px) 100vw, 870px\" \/><\/figure>\n<\/figure>\n\n\n\n<p>Sono stati resi noti anche alcuni dei protagonisti di questa nuova edizione tra cui i cantanti <strong>Piccolo G<\/strong> e <strong>Deborah Iurato<\/strong> e i ballerini <strong>Christian Stefanelli<\/strong>, <strong>Carola Puddu<\/strong>, <strong>Ramon Agnelli<\/strong>, <strong>Oliviero Bifulco<\/strong>. Come precedentemente accennato vedremo ognuno degli ospiti in due vesti diverse: l\u2019ARTISTA che si esibir\u00e0 in delle straordinarie performance di canto o danza e la PERSONA che si racconter\u00e0 agli spettatori con le proprie fragilit\u00e0, esperienze, sogni. Un connubio quindi di arte, divertimento e emozioni della durata di circa due ore che travolger\u00e0 tutti i presenti.<\/p>\n\n\n\n<p>Gli ingredienti per un nuovo straordinario tour ci sono tutti! Non ci resta che augurare in bocca al lupo a tutti gli artisti che ne prenderanno parte e buona visione a tutti coloro che decideranno di assistere allo show.<\/p>\n\n\n\n<p>Sulla pagina ufficiale instagram dello spettacolo (<em>@tra_palco_realta<\/em>) sono state annunciate le nuove date:<br><em>07 giugno Roma &#8211; Teatro Olimpico<br>13 giugno Milano &#8211; Teatro Manzoni<br>14 giugno Torino &#8211; Teatro Colosseo<br>18 giugno Palermo &#8211; Teatro Orione<br>19 giugno Catania &#8211; Teatro Ambasciatori<br>22 giugno Bologna &#8211; Teatro Dehon<\/em><\/p>\n\n\n\n<p>I biglietti sono in vendita su <a href=\"http:\/\/www.trapalcoerealta.it\">www.trapalcoerealta.it<\/a><\/p>\n","protected":false},"excerpt":{"rendered":"<p>Il grande successo della prima edizione e le numerose richieste dei fan hanno spinto Influendo Production a confermare la produzione del tour 2024 che toccher\u00e0 varie citt\u00e0 italiane e importanti teatri. La conduzione \u00e8 stata nuovamente affidata alla super coppia formata da Klaudia Pepa e Garrison Rochelle, la complicit\u00e0 e la sinergia tra i due [&hellip;]<\/p>\n","protected":false},"author":6,"featured_media":20074,"comment_status":"open","ping_status":"open","sticky":false,"template":"","format":"standard","meta":{"jnews-multi-image_gallery":[],"jnews_single_post":{"subtitle":"","format":"standard","video":"","gallery":"","source_name":"","source_url":"","via_name":"","via_url":"","override_template":"0","override":[{"template":"1","single_blog_custom":"","parallax":"1","fullscreen":"1","layout":"right-sidebar","sidebar":"default-sidebar","second_sidebar":"default-sidebar","sticky_sidebar":"1","share_position":"top","share_float_style":"share-monocrhome","show_share_counter":"1","show_view_counter":"1","show_featured":"1","show_post_meta":"1","show_post_author":"1","show_post_author_image":"1","show_post_date":"1","post_date_format":"default","post_date_format_custom":"Y\/m\/d","show_post_category":"1","show_post_reading_time":"0","post_reading_time_wpm":"300","show_zoom_button":"0","zoom_button_out_step":"2","zoom_button_in_step":"3","show_post_tag":"1","show_prev_next_post":"1","show_popup_post":"1","number_popup_post":"1","show_author_box":"1","show_post_related":"0","show_inline_post_related":"0"}],"override_image_size":"0","image_override":[{"single_post_thumbnail_size":"crop-500","single_post_gallery_size":"crop-500"}],"trending_post":"0","trending_post_position":"meta","trending_post_label":"Trending","sponsored_post":"0","sponsored_post_label":"Sponsored by","sponsored_post_name":"","sponsored_post_url":"","sponsored_post_logo_enable":"0","sponsored_post_logo":"","sponsored_post_desc":"","disable_ad":"0"},"jnews_primary_category":{"id":"","hide":""},"jnews_social_meta":{"fb_title":"","fb_description":"","fb_image":"","twitter_title":"","twitter_description":"","twitter_image":""},"jnews_override_counter":{"override_view_counter":"0","view_counter_number":"0","override_share_counter":"0","share_counter_number":"0","override_like_counter":"0","like_counter_number":"0","override_dislike_counter":"0","dislike_counter_number":"0"},"jnews_post_split":{"enable_post_split":"0","post_split":[{"template":"1","tag":"h2","numbering":"asc","mode":"normal","first":"0","enable_toc":"0","toc_type":"normal"}]},"footnotes":""},"categories":[142],"tags":[1320,1319,1318,1316,1323,1315,1322,1317,1321,1314],"class_list":["post-19993","post","type-post","status-publish","format-standard","has-post-thumbnail","hentry","category-cultura-eventi","tag-carolapuddu","tag-christianstafanelli","tag-deborahiurato","tag-garrisonrochelle","tag-inflkuendoproduction","tag-klaudiapepa","tag-olivierobifulco","tag-piccolog","tag-ramonagnelli","tag-trapalcoerealta"],"yoast_head":"<!-- This site is optimized with the Yoast SEO plugin v27.5 - https:\/\/yoast.com\/product\/yoast-seo-wordpress\/ -->\n<title>\u201cTRA PALCO E REALT\u00c0 - musica, danza e parole\u201d annunciato il tour 2024! - Live Magazine<\/title>\n<meta name=\"robots\" content=\"index, follow, max-snippet:-1, max-image-preview:large, max-video-preview:-1\" \/>\n<link rel=\"canonical\" href=\"https:\/\/www.livemag.it\/index.php\/2024\/02\/15\/tra-palco-e-realta-musica-danza-e-parole-annunciato-il-tour-2024\/\" \/>\n<meta property=\"og:locale\" content=\"it_IT\" \/>\n<meta property=\"og:type\" content=\"article\" \/>\n<meta property=\"og:title\" content=\"\u201cTRA PALCO E REALT\u00c0 - musica, danza e parole\u201d annunciato il tour 2024! - Live Magazine\" \/>\n<meta property=\"og:description\" content=\"Il grande successo della prima edizione e le numerose richieste dei fan hanno spinto Influendo Production a confermare la produzione del tour 2024 che toccher\u00e0 varie citt\u00e0 italiane e importanti teatri. La conduzione \u00e8 stata nuovamente affidata alla super coppia formata da Klaudia Pepa e Garrison Rochelle, la complicit\u00e0 e la sinergia tra i due [&hellip;]\" \/>\n<meta property=\"og:url\" content=\"https:\/\/www.livemag.it\/index.php\/2024\/02\/15\/tra-palco-e-realta-musica-danza-e-parole-annunciato-il-tour-2024\/\" \/>\n<meta property=\"og:site_name\" content=\"Live Magazine\" \/>\n<meta property=\"article:publisher\" content=\"https:\/\/www.facebook.com\/LiveMag\/\" \/>\n<meta property=\"article:published_time\" content=\"2024-02-15T15:55:24+00:00\" \/>\n<meta property=\"article:modified_time\" content=\"2024-02-15T15:55:36+00:00\" \/>\n<meta property=\"og:image\" content=\"https:\/\/www.livemag.it\/wp-content\/uploads\/2024\/02\/trapalco01.jpg\" \/>\n\t<meta property=\"og:image:width\" content=\"870\" \/>\n\t<meta property=\"og:image:height\" content=\"651\" \/>\n\t<meta property=\"og:image:type\" content=\"image\/jpeg\" \/>\n<meta name=\"author\" content=\"Enrico Santamaria\" \/>\n<meta name=\"twitter:card\" content=\"summary_large_image\" \/>\n<meta name=\"twitter:creator\" content=\"@LiveNotizie\" \/>\n<meta name=\"twitter:site\" content=\"@LiveNotizie\" \/>\n<meta name=\"twitter:label1\" content=\"Scritto da\" \/>\n\t<meta name=\"twitter:data1\" content=\"Enrico Santamaria\" \/>\n\t<meta name=\"twitter:label2\" content=\"Tempo di lettura stimato\" \/>\n\t<meta name=\"twitter:data2\" content=\"3 minuti\" \/>\n<script type=\"application\/ld+json\" class=\"yoast-schema-graph\">{\"@context\":\"https:\\\/\\\/schema.org\",\"@graph\":[{\"@type\":\"Article\",\"@id\":\"https:\\\/\\\/www.livemag.it\\\/index.php\\\/2024\\\/02\\\/15\\\/tra-palco-e-realta-musica-danza-e-parole-annunciato-il-tour-2024\\\/#article\",\"isPartOf\":{\"@id\":\"https:\\\/\\\/www.livemag.it\\\/index.php\\\/2024\\\/02\\\/15\\\/tra-palco-e-realta-musica-danza-e-parole-annunciato-il-tour-2024\\\/\"},\"author\":{\"name\":\"Enrico Santamaria\",\"@id\":\"https:\\\/\\\/www.livemag.it\\\/#\\\/schema\\\/person\\\/eac39c35e128046ef29b7f0e4aba2063\"},\"headline\":\"\u201cTRA PALCO E REALT\u00c0 &#8211; musica, danza e parole\u201d annunciato il tour 2024!\",\"datePublished\":\"2024-02-15T15:55:24+00:00\",\"dateModified\":\"2024-02-15T15:55:36+00:00\",\"mainEntityOfPage\":{\"@id\":\"https:\\\/\\\/www.livemag.it\\\/index.php\\\/2024\\\/02\\\/15\\\/tra-palco-e-realta-musica-danza-e-parole-annunciato-il-tour-2024\\\/\"},\"wordCount\":317,\"commentCount\":0,\"publisher\":{\"@id\":\"https:\\\/\\\/www.livemag.it\\\/#organization\"},\"image\":{\"@id\":\"https:\\\/\\\/www.livemag.it\\\/index.php\\\/2024\\\/02\\\/15\\\/tra-palco-e-realta-musica-danza-e-parole-annunciato-il-tour-2024\\\/#primaryimage\"},\"thumbnailUrl\":\"https:\\\/\\\/www.livemag.it\\\/wp-content\\\/uploads\\\/2024\\\/02\\\/trapalco01.jpg\",\"keywords\":[\"carolapuddu\",\"christianstafanelli\",\"deborahiurato\",\"garrisonrochelle\",\"inflkuendoproduction\",\"klaudiapepa\",\"olivierobifulco\",\"piccolog\",\"ramonagnelli\",\"trapalcoerealta\"],\"articleSection\":[\"Cultura Eventi\"],\"inLanguage\":\"it-IT\",\"potentialAction\":[{\"@type\":\"CommentAction\",\"name\":\"Comment\",\"target\":[\"https:\\\/\\\/www.livemag.it\\\/index.php\\\/2024\\\/02\\\/15\\\/tra-palco-e-realta-musica-danza-e-parole-annunciato-il-tour-2024\\\/#respond\"]}]},{\"@type\":\"WebPage\",\"@id\":\"https:\\\/\\\/www.livemag.it\\\/index.php\\\/2024\\\/02\\\/15\\\/tra-palco-e-realta-musica-danza-e-parole-annunciato-il-tour-2024\\\/\",\"url\":\"https:\\\/\\\/www.livemag.it\\\/index.php\\\/2024\\\/02\\\/15\\\/tra-palco-e-realta-musica-danza-e-parole-annunciato-il-tour-2024\\\/\",\"name\":\"\u201cTRA PALCO E REALT\u00c0 - musica, danza e parole\u201d annunciato il tour 2024! - Live Magazine\",\"isPartOf\":{\"@id\":\"https:\\\/\\\/www.livemag.it\\\/#website\"},\"primaryImageOfPage\":{\"@id\":\"https:\\\/\\\/www.livemag.it\\\/index.php\\\/2024\\\/02\\\/15\\\/tra-palco-e-realta-musica-danza-e-parole-annunciato-il-tour-2024\\\/#primaryimage\"},\"image\":{\"@id\":\"https:\\\/\\\/www.livemag.it\\\/index.php\\\/2024\\\/02\\\/15\\\/tra-palco-e-realta-musica-danza-e-parole-annunciato-il-tour-2024\\\/#primaryimage\"},\"thumbnailUrl\":\"https:\\\/\\\/www.livemag.it\\\/wp-content\\\/uploads\\\/2024\\\/02\\\/trapalco01.jpg\",\"datePublished\":\"2024-02-15T15:55:24+00:00\",\"dateModified\":\"2024-02-15T15:55:36+00:00\",\"breadcrumb\":{\"@id\":\"https:\\\/\\\/www.livemag.it\\\/index.php\\\/2024\\\/02\\\/15\\\/tra-palco-e-realta-musica-danza-e-parole-annunciato-il-tour-2024\\\/#breadcrumb\"},\"inLanguage\":\"it-IT\",\"potentialAction\":[{\"@type\":\"ReadAction\",\"target\":[\"https:\\\/\\\/www.livemag.it\\\/index.php\\\/2024\\\/02\\\/15\\\/tra-palco-e-realta-musica-danza-e-parole-annunciato-il-tour-2024\\\/\"]}]},{\"@type\":\"ImageObject\",\"inLanguage\":\"it-IT\",\"@id\":\"https:\\\/\\\/www.livemag.it\\\/index.php\\\/2024\\\/02\\\/15\\\/tra-palco-e-realta-musica-danza-e-parole-annunciato-il-tour-2024\\\/#primaryimage\",\"url\":\"https:\\\/\\\/www.livemag.it\\\/wp-content\\\/uploads\\\/2024\\\/02\\\/trapalco01.jpg\",\"contentUrl\":\"https:\\\/\\\/www.livemag.it\\\/wp-content\\\/uploads\\\/2024\\\/02\\\/trapalco01.jpg\",\"width\":870,\"height\":651},{\"@type\":\"BreadcrumbList\",\"@id\":\"https:\\\/\\\/www.livemag.it\\\/index.php\\\/2024\\\/02\\\/15\\\/tra-palco-e-realta-musica-danza-e-parole-annunciato-il-tour-2024\\\/#breadcrumb\",\"itemListElement\":[{\"@type\":\"ListItem\",\"position\":1,\"name\":\"Home\",\"item\":\"https:\\\/\\\/www.livemag.it\\\/\"},{\"@type\":\"ListItem\",\"position\":2,\"name\":\"\u201cTRA PALCO E REALT\u00c0 &#8211; musica, danza e parole\u201d annunciato il tour 2024!\"}]},{\"@type\":\"WebSite\",\"@id\":\"https:\\\/\\\/www.livemag.it\\\/#website\",\"url\":\"https:\\\/\\\/www.livemag.it\\\/\",\"name\":\"Live Magazine\",\"description\":\"Varie ed eventi\",\"publisher\":{\"@id\":\"https:\\\/\\\/www.livemag.it\\\/#organization\"},\"potentialAction\":[{\"@type\":\"SearchAction\",\"target\":{\"@type\":\"EntryPoint\",\"urlTemplate\":\"https:\\\/\\\/www.livemag.it\\\/?s={search_term_string}\"},\"query-input\":{\"@type\":\"PropertyValueSpecification\",\"valueRequired\":true,\"valueName\":\"search_term_string\"}}],\"inLanguage\":\"it-IT\"},{\"@type\":\"Organization\",\"@id\":\"https:\\\/\\\/www.livemag.it\\\/#organization\",\"name\":\"LiveMag\",\"alternateName\":\"LiveMag News ed eventi\",\"url\":\"https:\\\/\\\/www.livemag.it\\\/\",\"logo\":{\"@type\":\"ImageObject\",\"inLanguage\":\"it-IT\",\"@id\":\"https:\\\/\\\/www.livemag.it\\\/#\\\/schema\\\/logo\\\/image\\\/\",\"url\":\"https:\\\/\\\/www.livemag.it\\\/wp-content\\\/uploads\\\/2024\\\/02\\\/immagine-sito.jpg\",\"contentUrl\":\"https:\\\/\\\/www.livemag.it\\\/wp-content\\\/uploads\\\/2024\\\/02\\\/immagine-sito.jpg\",\"width\":696,\"height\":696,\"caption\":\"LiveMag\"},\"image\":{\"@id\":\"https:\\\/\\\/www.livemag.it\\\/#\\\/schema\\\/logo\\\/image\\\/\"},\"sameAs\":[\"https:\\\/\\\/www.facebook.com\\\/LiveMag\\\/\",\"https:\\\/\\\/x.com\\\/LiveNotizie\",\"https:\\\/\\\/www.instagram.com\\\/livemag\\\/\"]},{\"@type\":\"Person\",\"@id\":\"https:\\\/\\\/www.livemag.it\\\/#\\\/schema\\\/person\\\/eac39c35e128046ef29b7f0e4aba2063\",\"name\":\"Enrico Santamaria\",\"image\":{\"@type\":\"ImageObject\",\"inLanguage\":\"it-IT\",\"@id\":\"https:\\\/\\\/secure.gravatar.com\\\/avatar\\\/46fb4cd9943ae438f83f978b8089dd12731d06416fe529f1e6492edfba34f6d7?s=96&r=g\",\"url\":\"https:\\\/\\\/secure.gravatar.com\\\/avatar\\\/46fb4cd9943ae438f83f978b8089dd12731d06416fe529f1e6492edfba34f6d7?s=96&r=g\",\"contentUrl\":\"https:\\\/\\\/secure.gravatar.com\\\/avatar\\\/46fb4cd9943ae438f83f978b8089dd12731d06416fe529f1e6492edfba34f6d7?s=96&r=g\",\"caption\":\"Enrico Santamaria\"},\"description\":\"giornalista, copywriter, graphic designer\",\"url\":\"https:\\\/\\\/www.livemag.it\\\/index.php\\\/author\\\/santy\\\/\"}]}<\/script>\n<!-- \/ Yoast SEO plugin. -->","yoast_head_json":{"title":"\u201cTRA PALCO E REALT\u00c0 - musica, danza e parole\u201d annunciato il tour 2024! - Live Magazine","robots":{"index":"index","follow":"follow","max-snippet":"max-snippet:-1","max-image-preview":"max-image-preview:large","max-video-preview":"max-video-preview:-1"},"canonical":"https:\/\/www.livemag.it\/index.php\/2024\/02\/15\/tra-palco-e-realta-musica-danza-e-parole-annunciato-il-tour-2024\/","og_locale":"it_IT","og_type":"article","og_title":"\u201cTRA PALCO E REALT\u00c0 - musica, danza e parole\u201d annunciato il tour 2024! - Live Magazine","og_description":"Il grande successo della prima edizione e le numerose richieste dei fan hanno spinto Influendo Production a confermare la produzione del tour 2024 che toccher\u00e0 varie citt\u00e0 italiane e importanti teatri. La conduzione \u00e8 stata nuovamente affidata alla super coppia formata da Klaudia Pepa e Garrison Rochelle, la complicit\u00e0 e la sinergia tra i due [&hellip;]","og_url":"https:\/\/www.livemag.it\/index.php\/2024\/02\/15\/tra-palco-e-realta-musica-danza-e-parole-annunciato-il-tour-2024\/","og_site_name":"Live Magazine","article_publisher":"https:\/\/www.facebook.com\/LiveMag\/","article_published_time":"2024-02-15T15:55:24+00:00","article_modified_time":"2024-02-15T15:55:36+00:00","og_image":[{"width":870,"height":651,"url":"https:\/\/www.livemag.it\/wp-content\/uploads\/2024\/02\/trapalco01.jpg","type":"image\/jpeg"}],"author":"Enrico Santamaria","twitter_card":"summary_large_image","twitter_creator":"@LiveNotizie","twitter_site":"@LiveNotizie","twitter_misc":{"Scritto da":"Enrico Santamaria","Tempo di lettura stimato":"3 minuti"},"schema":{"@context":"https:\/\/schema.org","@graph":[{"@type":"Article","@id":"https:\/\/www.livemag.it\/index.php\/2024\/02\/15\/tra-palco-e-realta-musica-danza-e-parole-annunciato-il-tour-2024\/#article","isPartOf":{"@id":"https:\/\/www.livemag.it\/index.php\/2024\/02\/15\/tra-palco-e-realta-musica-danza-e-parole-annunciato-il-tour-2024\/"},"author":{"name":"Enrico Santamaria","@id":"https:\/\/www.livemag.it\/#\/schema\/person\/eac39c35e128046ef29b7f0e4aba2063"},"headline":"\u201cTRA PALCO E REALT\u00c0 &#8211; musica, danza e parole\u201d annunciato il tour 2024!","datePublished":"2024-02-15T15:55:24+00:00","dateModified":"2024-02-15T15:55:36+00:00","mainEntityOfPage":{"@id":"https:\/\/www.livemag.it\/index.php\/2024\/02\/15\/tra-palco-e-realta-musica-danza-e-parole-annunciato-il-tour-2024\/"},"wordCount":317,"commentCount":0,"publisher":{"@id":"https:\/\/www.livemag.it\/#organization"},"image":{"@id":"https:\/\/www.livemag.it\/index.php\/2024\/02\/15\/tra-palco-e-realta-musica-danza-e-parole-annunciato-il-tour-2024\/#primaryimage"},"thumbnailUrl":"https:\/\/www.livemag.it\/wp-content\/uploads\/2024\/02\/trapalco01.jpg","keywords":["carolapuddu","christianstafanelli","deborahiurato","garrisonrochelle","inflkuendoproduction","klaudiapepa","olivierobifulco","piccolog","ramonagnelli","trapalcoerealta"],"articleSection":["Cultura Eventi"],"inLanguage":"it-IT","potentialAction":[{"@type":"CommentAction","name":"Comment","target":["https:\/\/www.livemag.it\/index.php\/2024\/02\/15\/tra-palco-e-realta-musica-danza-e-parole-annunciato-il-tour-2024\/#respond"]}]},{"@type":"WebPage","@id":"https:\/\/www.livemag.it\/index.php\/2024\/02\/15\/tra-palco-e-realta-musica-danza-e-parole-annunciato-il-tour-2024\/","url":"https:\/\/www.livemag.it\/index.php\/2024\/02\/15\/tra-palco-e-realta-musica-danza-e-parole-annunciato-il-tour-2024\/","name":"\u201cTRA PALCO E REALT\u00c0 - musica, danza e parole\u201d annunciato il tour 2024! - Live Magazine","isPartOf":{"@id":"https:\/\/www.livemag.it\/#website"},"primaryImageOfPage":{"@id":"https:\/\/www.livemag.it\/index.php\/2024\/02\/15\/tra-palco-e-realta-musica-danza-e-parole-annunciato-il-tour-2024\/#primaryimage"},"image":{"@id":"https:\/\/www.livemag.it\/index.php\/2024\/02\/15\/tra-palco-e-realta-musica-danza-e-parole-annunciato-il-tour-2024\/#primaryimage"},"thumbnailUrl":"https:\/\/www.livemag.it\/wp-content\/uploads\/2024\/02\/trapalco01.jpg","datePublished":"2024-02-15T15:55:24+00:00","dateModified":"2024-02-15T15:55:36+00:00","breadcrumb":{"@id":"https:\/\/www.livemag.it\/index.php\/2024\/02\/15\/tra-palco-e-realta-musica-danza-e-parole-annunciato-il-tour-2024\/#breadcrumb"},"inLanguage":"it-IT","potentialAction":[{"@type":"ReadAction","target":["https:\/\/www.livemag.it\/index.php\/2024\/02\/15\/tra-palco-e-realta-musica-danza-e-parole-annunciato-il-tour-2024\/"]}]},{"@type":"ImageObject","inLanguage":"it-IT","@id":"https:\/\/www.livemag.it\/index.php\/2024\/02\/15\/tra-palco-e-realta-musica-danza-e-parole-annunciato-il-tour-2024\/#primaryimage","url":"https:\/\/www.livemag.it\/wp-content\/uploads\/2024\/02\/trapalco01.jpg","contentUrl":"https:\/\/www.livemag.it\/wp-content\/uploads\/2024\/02\/trapalco01.jpg","width":870,"height":651},{"@type":"BreadcrumbList","@id":"https:\/\/www.livemag.it\/index.php\/2024\/02\/15\/tra-palco-e-realta-musica-danza-e-parole-annunciato-il-tour-2024\/#breadcrumb","itemListElement":[{"@type":"ListItem","position":1,"name":"Home","item":"https:\/\/www.livemag.it\/"},{"@type":"ListItem","position":2,"name":"\u201cTRA PALCO E REALT\u00c0 &#8211; musica, danza e parole\u201d annunciato il tour 2024!"}]},{"@type":"WebSite","@id":"https:\/\/www.livemag.it\/#website","url":"https:\/\/www.livemag.it\/","name":"Live Magazine","description":"Varie ed eventi","publisher":{"@id":"https:\/\/www.livemag.it\/#organization"},"potentialAction":[{"@type":"SearchAction","target":{"@type":"EntryPoint","urlTemplate":"https:\/\/www.livemag.it\/?s={search_term_string}"},"query-input":{"@type":"PropertyValueSpecification","valueRequired":true,"valueName":"search_term_string"}}],"inLanguage":"it-IT"},{"@type":"Organization","@id":"https:\/\/www.livemag.it\/#organization","name":"LiveMag","alternateName":"LiveMag News ed eventi","url":"https:\/\/www.livemag.it\/","logo":{"@type":"ImageObject","inLanguage":"it-IT","@id":"https:\/\/www.livemag.it\/#\/schema\/logo\/image\/","url":"https:\/\/www.livemag.it\/wp-content\/uploads\/2024\/02\/immagine-sito.jpg","contentUrl":"https:\/\/www.livemag.it\/wp-content\/uploads\/2024\/02\/immagine-sito.jpg","width":696,"height":696,"caption":"LiveMag"},"image":{"@id":"https:\/\/www.livemag.it\/#\/schema\/logo\/image\/"},"sameAs":["https:\/\/www.facebook.com\/LiveMag\/","https:\/\/x.com\/LiveNotizie","https:\/\/www.instagram.com\/livemag\/"]},{"@type":"Person","@id":"https:\/\/www.livemag.it\/#\/schema\/person\/eac39c35e128046ef29b7f0e4aba2063","name":"Enrico Santamaria","image":{"@type":"ImageObject","inLanguage":"it-IT","@id":"https:\/\/secure.gravatar.com\/avatar\/46fb4cd9943ae438f83f978b8089dd12731d06416fe529f1e6492edfba34f6d7?s=96&r=g","url":"https:\/\/secure.gravatar.com\/avatar\/46fb4cd9943ae438f83f978b8089dd12731d06416fe529f1e6492edfba34f6d7?s=96&r=g","contentUrl":"https:\/\/secure.gravatar.com\/avatar\/46fb4cd9943ae438f83f978b8089dd12731d06416fe529f1e6492edfba34f6d7?s=96&r=g","caption":"Enrico Santamaria"},"description":"giornalista, copywriter, graphic designer","url":"https:\/\/www.livemag.it\/index.php\/author\/santy\/"}]}},"jetpack_featured_media_url":"https:\/\/www.livemag.it\/wp-content\/uploads\/2024\/02\/trapalco01.jpg","_links":{"self":[{"href":"https:\/\/www.livemag.it\/index.php\/wp-json\/wp\/v2\/posts\/19993","targetHints":{"allow":["GET"]}}],"collection":[{"href":"https:\/\/www.livemag.it\/index.php\/wp-json\/wp\/v2\/posts"}],"about":[{"href":"https:\/\/www.livemag.it\/index.php\/wp-json\/wp\/v2\/types\/post"}],"author":[{"embeddable":true,"href":"https:\/\/www.livemag.it\/index.php\/wp-json\/wp\/v2\/users\/6"}],"replies":[{"embeddable":true,"href":"https:\/\/www.livemag.it\/index.php\/wp-json\/wp\/v2\/comments?post=19993"}],"version-history":[{"count":2,"href":"https:\/\/www.livemag.it\/index.php\/wp-json\/wp\/v2\/posts\/19993\/revisions"}],"predecessor-version":[{"id":20076,"href":"https:\/\/www.livemag.it\/index.php\/wp-json\/wp\/v2\/posts\/19993\/revisions\/20076"}],"wp:featuredmedia":[{"embeddable":true,"href":"https:\/\/www.livemag.it\/index.php\/wp-json\/wp\/v2\/media\/20074"}],"wp:attachment":[{"href":"https:\/\/www.livemag.it\/index.php\/wp-json\/wp\/v2\/media?parent=19993"}],"wp:term":[{"taxonomy":"category","embeddable":true,"href":"https:\/\/www.livemag.it\/index.php\/wp-json\/wp\/v2\/categories?post=19993"},{"taxonomy":"post_tag","embeddable":true,"href":"https:\/\/www.livemag.it\/index.php\/wp-json\/wp\/v2\/tags?post=19993"}],"curies":[{"name":"wp","href":"https:\/\/api.w.org\/{rel}","templated":true}]}}