{"id":19953,"date":"2024-02-14T00:01:13","date_gmt":"2024-02-13T23:01:13","guid":{"rendered":"https:\/\/www.livemag.it\/index.php\/2024\/02\/14\/intesa-nel-governo-sullirpef-agricola-meloni-intervento-piu-equo\/"},"modified":"2024-02-14T00:01:13","modified_gmt":"2024-02-13T23:01:13","slug":"intesa-nel-governo-sullirpef-agricola-meloni-intervento-piu-equo","status":"publish","type":"post","link":"https:\/\/www.livemag.it\/index.php\/2024\/02\/14\/intesa-nel-governo-sullirpef-agricola-meloni-intervento-piu-equo\/","title":{"rendered":"Intesa nel Governo sull\u2019Irpef agricola, Meloni \u201cIntervento pi\u00f9 equo\u201d"},"content":{"rendered":"<div>\n<p>ROMA (ITALPRESS) \u2013 Intesa nel governo sulla reintroduzione dell\u2019esenzione Irpef per i redditi agricoli, ma con modifiche rispetto alla versione in vigore negli anni scorsi. La misura sar\u00e0 votata nell\u2019ambito del Dl Milleproroghe e riguarda i redditi agrari e dominicali fino a 10.000 euro. E\u2019 invece prevista la riduzione dell\u2019Irpef del 50% per i redditi tra i 10.000 e i 15.000 euro.<br \/>\u201cLa scelta di garantire, in un momento di difficolt\u00e0 del mondo agricolo, un ulteriore intervento di sostegno \u00e8 frutto del lavoro del Ministero dell\u2019Agricoltura e dell\u2019Economia che hanno elaborato una proposta di intervento fiscale pi\u00f9 equa e che raccoglie le istanze proposte in occasione del tavolo con le organizzazioni agricole che si \u00e8 svolto la settimana scorsa \u2013 afferma il premier Giorgia Meloni -. Un incontro nel quale ho recepito le proposte delle organizzazioni e al quale ho presentato i tanti risultati ottenuti dal nostro Governo in Italia in favore del mondo agricolo. Il nostro impegno adesso sar\u00e0 ancora pi\u00f9 forte in Europa dove chiederemo che l\u2019agricoltura venga rimessa al centro del dibattito\u201d.<br \/>\u201cIl provvedimento sull\u2019Irpef \u2013 che \u00e8 stato proposto dal Governo su mio preciso indirizzo \u2013 garantisce un intervento progressivo che esenta maggiormente gli agricoltori che si trovano pi\u00f9 in difficolt\u00e0 ed esclude dal beneficio coloro che oggettivamente non ne hanno bisogno, ai quali invece negli anni passati \u00e8 stato concesso, creando una disparit\u00e0 di trattamento rispetto ad altri italiani nelle loro stesse condizioni\u201d, sottolinea Meloni.<br \/>\u201cIn questi anni, infatti, sono state esentate dall\u2019Irpef immotivatamente anche persone particolarmente ricche. <br \/>Inoltre, l\u2019intervento garantisce per due anni un nuovo modello fiscale permettendo agli agricoltori di fare scelte di natura imprenditoriale con una prospettiva pi\u00f9 ampia rispetto alla sola annualit\u00e0 prevista in precedenza \u2013 conclude il premier -. Ringrazio il ministro Giorgetti e il viceministro Leo che hanno individuato le risorse a copertura dell\u2019intervento, il ministro Lollobrigida che ha elaborato insieme a loro la proposta, e i vicepresidenti del Consiglio Antonio Tajani e Matteo Salvini per il lavoro svolto\u201d.<\/p>\n<p>\u2013 Foto: Agenzia Fotogramma \u2013<\/p>\n<p>(ITALPRESS).<\/p>\n<\/div>\n","protected":false},"excerpt":{"rendered":"<p>ROMA (ITALPRESS) \u2013 Intesa nel governo sulla reintroduzione dell\u2019esenzione Irpef per i redditi agricoli, ma con modifiche rispetto alla versione in vigore negli anni scorsi. La misura sar\u00e0 votata nell\u2019ambito del Dl Milleproroghe e riguarda i redditi agrari e dominicali fino a 10.000 euro. E\u2019 invece prevista la riduzione dell\u2019Irpef del 50% per i redditi [&hellip;]<\/p>\n","protected":false},"author":16,"featured_media":19954,"comment_status":"closed","ping_status":"closed","sticky":false,"template":"","format":"standard","meta":{"jnews-multi-image_gallery":[],"jnews_single_post":[],"jnews_primary_category":[],"jnews_social_meta":[],"jnews_override_counter":[],"jnews_post_split":[],"footnotes":""},"categories":[1129],"tags":[],"class_list":["post-19953","post","type-post","status-publish","format-standard","has-post-thumbnail","hentry","category-mondo"],"yoast_head":"<!-- This site is optimized with the Yoast SEO plugin v27.5 - https:\/\/yoast.com\/product\/yoast-seo-wordpress\/ -->\n<title>Intesa nel Governo sull\u2019Irpef agricola, Meloni \u201cIntervento pi\u00f9 equo\u201d - Live Magazine<\/title>\n<meta name=\"robots\" content=\"index, follow, max-snippet:-1, max-image-preview:large, max-video-preview:-1\" \/>\n<link rel=\"canonical\" href=\"https:\/\/www.livemag.it\/index.php\/2024\/02\/14\/intesa-nel-governo-sullirpef-agricola-meloni-intervento-piu-equo\/\" \/>\n<meta property=\"og:locale\" content=\"it_IT\" \/>\n<meta property=\"og:type\" content=\"article\" \/>\n<meta property=\"og:title\" content=\"Intesa nel Governo sull\u2019Irpef agricola, Meloni \u201cIntervento pi\u00f9 equo\u201d - Live Magazine\" \/>\n<meta property=\"og:description\" content=\"ROMA (ITALPRESS) \u2013 Intesa nel governo sulla reintroduzione dell\u2019esenzione Irpef per i redditi agricoli, ma con modifiche rispetto alla versione in vigore negli anni scorsi. La misura sar\u00e0 votata nell\u2019ambito del Dl Milleproroghe e riguarda i redditi agrari e dominicali fino a 10.000 euro. E\u2019 invece prevista la riduzione dell\u2019Irpef del 50% per i redditi [&hellip;]\" \/>\n<meta property=\"og:url\" content=\"https:\/\/www.livemag.it\/index.php\/2024\/02\/14\/intesa-nel-governo-sullirpef-agricola-meloni-intervento-piu-equo\/\" \/>\n<meta property=\"og:site_name\" content=\"Live Magazine\" \/>\n<meta property=\"article:publisher\" content=\"https:\/\/www.facebook.com\/LiveMag\/\" \/>\n<meta property=\"article:published_time\" content=\"2024-02-13T23:01:13+00:00\" \/>\n<meta property=\"og:image\" content=\"https:\/\/www.livemag.it\/wp-content\/uploads\/2024\/02\/ograph.jpg\" \/>\n\t<meta property=\"og:image:width\" content=\"1200\" \/>\n\t<meta property=\"og:image:height\" content=\"675\" \/>\n\t<meta property=\"og:image:type\" content=\"image\/jpeg\" \/>\n<meta name=\"author\" content=\"italpress\" \/>\n<meta name=\"twitter:card\" content=\"summary_large_image\" \/>\n<meta name=\"twitter:creator\" content=\"@LiveNotizie\" \/>\n<meta name=\"twitter:site\" content=\"@LiveNotizie\" \/>\n<meta name=\"twitter:label1\" content=\"Scritto da\" \/>\n\t<meta name=\"twitter:data1\" content=\"italpress\" \/>\n\t<meta name=\"twitter:label2\" content=\"Tempo di lettura stimato\" \/>\n\t<meta name=\"twitter:data2\" content=\"2 minuti\" \/>\n<script type=\"application\/ld+json\" class=\"yoast-schema-graph\">{\"@context\":\"https:\\\/\\\/schema.org\",\"@graph\":[{\"@type\":\"Article\",\"@id\":\"https:\\\/\\\/www.livemag.it\\\/index.php\\\/2024\\\/02\\\/14\\\/intesa-nel-governo-sullirpef-agricola-meloni-intervento-piu-equo\\\/#article\",\"isPartOf\":{\"@id\":\"https:\\\/\\\/www.livemag.it\\\/index.php\\\/2024\\\/02\\\/14\\\/intesa-nel-governo-sullirpef-agricola-meloni-intervento-piu-equo\\\/\"},\"author\":{\"name\":\"italpress\",\"@id\":\"https:\\\/\\\/www.livemag.it\\\/#\\\/schema\\\/person\\\/b62c5f44451fdcdaeb0afe6c2424e73c\"},\"headline\":\"Intesa nel Governo sull\u2019Irpef agricola, Meloni \u201cIntervento pi\u00f9 equo\u201d\",\"datePublished\":\"2024-02-13T23:01:13+00:00\",\"mainEntityOfPage\":{\"@id\":\"https:\\\/\\\/www.livemag.it\\\/index.php\\\/2024\\\/02\\\/14\\\/intesa-nel-governo-sullirpef-agricola-meloni-intervento-piu-equo\\\/\"},\"wordCount\":341,\"publisher\":{\"@id\":\"https:\\\/\\\/www.livemag.it\\\/#organization\"},\"image\":{\"@id\":\"https:\\\/\\\/www.livemag.it\\\/index.php\\\/2024\\\/02\\\/14\\\/intesa-nel-governo-sullirpef-agricola-meloni-intervento-piu-equo\\\/#primaryimage\"},\"thumbnailUrl\":\"https:\\\/\\\/www.livemag.it\\\/wp-content\\\/uploads\\\/2024\\\/02\\\/20240213_2407.jpg\",\"articleSection\":[\"Mondo\"],\"inLanguage\":\"it-IT\"},{\"@type\":\"WebPage\",\"@id\":\"https:\\\/\\\/www.livemag.it\\\/index.php\\\/2024\\\/02\\\/14\\\/intesa-nel-governo-sullirpef-agricola-meloni-intervento-piu-equo\\\/\",\"url\":\"https:\\\/\\\/www.livemag.it\\\/index.php\\\/2024\\\/02\\\/14\\\/intesa-nel-governo-sullirpef-agricola-meloni-intervento-piu-equo\\\/\",\"name\":\"Intesa nel Governo sull\u2019Irpef agricola, Meloni \u201cIntervento pi\u00f9 equo\u201d - Live Magazine\",\"isPartOf\":{\"@id\":\"https:\\\/\\\/www.livemag.it\\\/#website\"},\"primaryImageOfPage\":{\"@id\":\"https:\\\/\\\/www.livemag.it\\\/index.php\\\/2024\\\/02\\\/14\\\/intesa-nel-governo-sullirpef-agricola-meloni-intervento-piu-equo\\\/#primaryimage\"},\"image\":{\"@id\":\"https:\\\/\\\/www.livemag.it\\\/index.php\\\/2024\\\/02\\\/14\\\/intesa-nel-governo-sullirpef-agricola-meloni-intervento-piu-equo\\\/#primaryimage\"},\"thumbnailUrl\":\"https:\\\/\\\/www.livemag.it\\\/wp-content\\\/uploads\\\/2024\\\/02\\\/20240213_2407.jpg\",\"datePublished\":\"2024-02-13T23:01:13+00:00\",\"breadcrumb\":{\"@id\":\"https:\\\/\\\/www.livemag.it\\\/index.php\\\/2024\\\/02\\\/14\\\/intesa-nel-governo-sullirpef-agricola-meloni-intervento-piu-equo\\\/#breadcrumb\"},\"inLanguage\":\"it-IT\",\"potentialAction\":[{\"@type\":\"ReadAction\",\"target\":[\"https:\\\/\\\/www.livemag.it\\\/index.php\\\/2024\\\/02\\\/14\\\/intesa-nel-governo-sullirpef-agricola-meloni-intervento-piu-equo\\\/\"]}]},{\"@type\":\"ImageObject\",\"inLanguage\":\"it-IT\",\"@id\":\"https:\\\/\\\/www.livemag.it\\\/index.php\\\/2024\\\/02\\\/14\\\/intesa-nel-governo-sullirpef-agricola-meloni-intervento-piu-equo\\\/#primaryimage\",\"url\":\"https:\\\/\\\/www.livemag.it\\\/wp-content\\\/uploads\\\/2024\\\/02\\\/20240213_2407.jpg\",\"contentUrl\":\"https:\\\/\\\/www.livemag.it\\\/wp-content\\\/uploads\\\/2024\\\/02\\\/20240213_2407.jpg\",\"width\":1200,\"height\":799},{\"@type\":\"BreadcrumbList\",\"@id\":\"https:\\\/\\\/www.livemag.it\\\/index.php\\\/2024\\\/02\\\/14\\\/intesa-nel-governo-sullirpef-agricola-meloni-intervento-piu-equo\\\/#breadcrumb\",\"itemListElement\":[{\"@type\":\"ListItem\",\"position\":1,\"name\":\"Home\",\"item\":\"https:\\\/\\\/www.livemag.it\\\/\"},{\"@type\":\"ListItem\",\"position\":2,\"name\":\"Intesa nel Governo sull\u2019Irpef agricola, Meloni \u201cIntervento pi\u00f9 equo\u201d\"}]},{\"@type\":\"WebSite\",\"@id\":\"https:\\\/\\\/www.livemag.it\\\/#website\",\"url\":\"https:\\\/\\\/www.livemag.it\\\/\",\"name\":\"Live Magazine\",\"description\":\"Varie ed eventi\",\"publisher\":{\"@id\":\"https:\\\/\\\/www.livemag.it\\\/#organization\"},\"potentialAction\":[{\"@type\":\"SearchAction\",\"target\":{\"@type\":\"EntryPoint\",\"urlTemplate\":\"https:\\\/\\\/www.livemag.it\\\/?s={search_term_string}\"},\"query-input\":{\"@type\":\"PropertyValueSpecification\",\"valueRequired\":true,\"valueName\":\"search_term_string\"}}],\"inLanguage\":\"it-IT\"},{\"@type\":\"Organization\",\"@id\":\"https:\\\/\\\/www.livemag.it\\\/#organization\",\"name\":\"LiveMag\",\"alternateName\":\"LiveMag News ed eventi\",\"url\":\"https:\\\/\\\/www.livemag.it\\\/\",\"logo\":{\"@type\":\"ImageObject\",\"inLanguage\":\"it-IT\",\"@id\":\"https:\\\/\\\/www.livemag.it\\\/#\\\/schema\\\/logo\\\/image\\\/\",\"url\":\"https:\\\/\\\/www.livemag.it\\\/wp-content\\\/uploads\\\/2024\\\/02\\\/immagine-sito.jpg\",\"contentUrl\":\"https:\\\/\\\/www.livemag.it\\\/wp-content\\\/uploads\\\/2024\\\/02\\\/immagine-sito.jpg\",\"width\":696,\"height\":696,\"caption\":\"LiveMag\"},\"image\":{\"@id\":\"https:\\\/\\\/www.livemag.it\\\/#\\\/schema\\\/logo\\\/image\\\/\"},\"sameAs\":[\"https:\\\/\\\/www.facebook.com\\\/LiveMag\\\/\",\"https:\\\/\\\/x.com\\\/LiveNotizie\",\"https:\\\/\\\/www.instagram.com\\\/livemag\\\/\"]},{\"@type\":\"Person\",\"@id\":\"https:\\\/\\\/www.livemag.it\\\/#\\\/schema\\\/person\\\/b62c5f44451fdcdaeb0afe6c2424e73c\",\"name\":\"italpress\",\"image\":{\"@type\":\"ImageObject\",\"inLanguage\":\"it-IT\",\"@id\":\"https:\\\/\\\/secure.gravatar.com\\\/avatar\\\/b6a21695fc713ce7ee312cf57c97e2e641feb365be72d8745574d3c3e2b59066?s=96&r=g\",\"url\":\"https:\\\/\\\/secure.gravatar.com\\\/avatar\\\/b6a21695fc713ce7ee312cf57c97e2e641feb365be72d8745574d3c3e2b59066?s=96&r=g\",\"contentUrl\":\"https:\\\/\\\/secure.gravatar.com\\\/avatar\\\/b6a21695fc713ce7ee312cf57c97e2e641feb365be72d8745574d3c3e2b59066?s=96&r=g\",\"caption\":\"italpress\"},\"description\":\"Italpress \u00e8 un'agenzia di stampa italiana a carattere nazionale.\",\"url\":\"https:\\\/\\\/www.livemag.it\\\/index.php\\\/author\\\/italpress\\\/\"}]}<\/script>\n<!-- \/ Yoast SEO plugin. -->","yoast_head_json":{"title":"Intesa nel Governo sull\u2019Irpef agricola, Meloni \u201cIntervento pi\u00f9 equo\u201d - Live Magazine","robots":{"index":"index","follow":"follow","max-snippet":"max-snippet:-1","max-image-preview":"max-image-preview:large","max-video-preview":"max-video-preview:-1"},"canonical":"https:\/\/www.livemag.it\/index.php\/2024\/02\/14\/intesa-nel-governo-sullirpef-agricola-meloni-intervento-piu-equo\/","og_locale":"it_IT","og_type":"article","og_title":"Intesa nel Governo sull\u2019Irpef agricola, Meloni \u201cIntervento pi\u00f9 equo\u201d - Live Magazine","og_description":"ROMA (ITALPRESS) \u2013 Intesa nel governo sulla reintroduzione dell\u2019esenzione Irpef per i redditi agricoli, ma con modifiche rispetto alla versione in vigore negli anni scorsi. La misura sar\u00e0 votata nell\u2019ambito del Dl Milleproroghe e riguarda i redditi agrari e dominicali fino a 10.000 euro. E\u2019 invece prevista la riduzione dell\u2019Irpef del 50% per i redditi [&hellip;]","og_url":"https:\/\/www.livemag.it\/index.php\/2024\/02\/14\/intesa-nel-governo-sullirpef-agricola-meloni-intervento-piu-equo\/","og_site_name":"Live Magazine","article_publisher":"https:\/\/www.facebook.com\/LiveMag\/","article_published_time":"2024-02-13T23:01:13+00:00","og_image":[{"width":1200,"height":675,"url":"https:\/\/www.livemag.it\/wp-content\/uploads\/2024\/02\/ograph.jpg","type":"image\/jpeg"}],"author":"italpress","twitter_card":"summary_large_image","twitter_creator":"@LiveNotizie","twitter_site":"@LiveNotizie","twitter_misc":{"Scritto da":"italpress","Tempo di lettura stimato":"2 minuti"},"schema":{"@context":"https:\/\/schema.org","@graph":[{"@type":"Article","@id":"https:\/\/www.livemag.it\/index.php\/2024\/02\/14\/intesa-nel-governo-sullirpef-agricola-meloni-intervento-piu-equo\/#article","isPartOf":{"@id":"https:\/\/www.livemag.it\/index.php\/2024\/02\/14\/intesa-nel-governo-sullirpef-agricola-meloni-intervento-piu-equo\/"},"author":{"name":"italpress","@id":"https:\/\/www.livemag.it\/#\/schema\/person\/b62c5f44451fdcdaeb0afe6c2424e73c"},"headline":"Intesa nel Governo sull\u2019Irpef agricola, Meloni \u201cIntervento pi\u00f9 equo\u201d","datePublished":"2024-02-13T23:01:13+00:00","mainEntityOfPage":{"@id":"https:\/\/www.livemag.it\/index.php\/2024\/02\/14\/intesa-nel-governo-sullirpef-agricola-meloni-intervento-piu-equo\/"},"wordCount":341,"publisher":{"@id":"https:\/\/www.livemag.it\/#organization"},"image":{"@id":"https:\/\/www.livemag.it\/index.php\/2024\/02\/14\/intesa-nel-governo-sullirpef-agricola-meloni-intervento-piu-equo\/#primaryimage"},"thumbnailUrl":"https:\/\/www.livemag.it\/wp-content\/uploads\/2024\/02\/20240213_2407.jpg","articleSection":["Mondo"],"inLanguage":"it-IT"},{"@type":"WebPage","@id":"https:\/\/www.livemag.it\/index.php\/2024\/02\/14\/intesa-nel-governo-sullirpef-agricola-meloni-intervento-piu-equo\/","url":"https:\/\/www.livemag.it\/index.php\/2024\/02\/14\/intesa-nel-governo-sullirpef-agricola-meloni-intervento-piu-equo\/","name":"Intesa nel Governo sull\u2019Irpef agricola, Meloni \u201cIntervento pi\u00f9 equo\u201d - Live Magazine","isPartOf":{"@id":"https:\/\/www.livemag.it\/#website"},"primaryImageOfPage":{"@id":"https:\/\/www.livemag.it\/index.php\/2024\/02\/14\/intesa-nel-governo-sullirpef-agricola-meloni-intervento-piu-equo\/#primaryimage"},"image":{"@id":"https:\/\/www.livemag.it\/index.php\/2024\/02\/14\/intesa-nel-governo-sullirpef-agricola-meloni-intervento-piu-equo\/#primaryimage"},"thumbnailUrl":"https:\/\/www.livemag.it\/wp-content\/uploads\/2024\/02\/20240213_2407.jpg","datePublished":"2024-02-13T23:01:13+00:00","breadcrumb":{"@id":"https:\/\/www.livemag.it\/index.php\/2024\/02\/14\/intesa-nel-governo-sullirpef-agricola-meloni-intervento-piu-equo\/#breadcrumb"},"inLanguage":"it-IT","potentialAction":[{"@type":"ReadAction","target":["https:\/\/www.livemag.it\/index.php\/2024\/02\/14\/intesa-nel-governo-sullirpef-agricola-meloni-intervento-piu-equo\/"]}]},{"@type":"ImageObject","inLanguage":"it-IT","@id":"https:\/\/www.livemag.it\/index.php\/2024\/02\/14\/intesa-nel-governo-sullirpef-agricola-meloni-intervento-piu-equo\/#primaryimage","url":"https:\/\/www.livemag.it\/wp-content\/uploads\/2024\/02\/20240213_2407.jpg","contentUrl":"https:\/\/www.livemag.it\/wp-content\/uploads\/2024\/02\/20240213_2407.jpg","width":1200,"height":799},{"@type":"BreadcrumbList","@id":"https:\/\/www.livemag.it\/index.php\/2024\/02\/14\/intesa-nel-governo-sullirpef-agricola-meloni-intervento-piu-equo\/#breadcrumb","itemListElement":[{"@type":"ListItem","position":1,"name":"Home","item":"https:\/\/www.livemag.it\/"},{"@type":"ListItem","position":2,"name":"Intesa nel Governo sull\u2019Irpef agricola, Meloni \u201cIntervento pi\u00f9 equo\u201d"}]},{"@type":"WebSite","@id":"https:\/\/www.livemag.it\/#website","url":"https:\/\/www.livemag.it\/","name":"Live Magazine","description":"Varie ed eventi","publisher":{"@id":"https:\/\/www.livemag.it\/#organization"},"potentialAction":[{"@type":"SearchAction","target":{"@type":"EntryPoint","urlTemplate":"https:\/\/www.livemag.it\/?s={search_term_string}"},"query-input":{"@type":"PropertyValueSpecification","valueRequired":true,"valueName":"search_term_string"}}],"inLanguage":"it-IT"},{"@type":"Organization","@id":"https:\/\/www.livemag.it\/#organization","name":"LiveMag","alternateName":"LiveMag News ed eventi","url":"https:\/\/www.livemag.it\/","logo":{"@type":"ImageObject","inLanguage":"it-IT","@id":"https:\/\/www.livemag.it\/#\/schema\/logo\/image\/","url":"https:\/\/www.livemag.it\/wp-content\/uploads\/2024\/02\/immagine-sito.jpg","contentUrl":"https:\/\/www.livemag.it\/wp-content\/uploads\/2024\/02\/immagine-sito.jpg","width":696,"height":696,"caption":"LiveMag"},"image":{"@id":"https:\/\/www.livemag.it\/#\/schema\/logo\/image\/"},"sameAs":["https:\/\/www.facebook.com\/LiveMag\/","https:\/\/x.com\/LiveNotizie","https:\/\/www.instagram.com\/livemag\/"]},{"@type":"Person","@id":"https:\/\/www.livemag.it\/#\/schema\/person\/b62c5f44451fdcdaeb0afe6c2424e73c","name":"italpress","image":{"@type":"ImageObject","inLanguage":"it-IT","@id":"https:\/\/secure.gravatar.com\/avatar\/b6a21695fc713ce7ee312cf57c97e2e641feb365be72d8745574d3c3e2b59066?s=96&r=g","url":"https:\/\/secure.gravatar.com\/avatar\/b6a21695fc713ce7ee312cf57c97e2e641feb365be72d8745574d3c3e2b59066?s=96&r=g","contentUrl":"https:\/\/secure.gravatar.com\/avatar\/b6a21695fc713ce7ee312cf57c97e2e641feb365be72d8745574d3c3e2b59066?s=96&r=g","caption":"italpress"},"description":"Italpress \u00e8 un'agenzia di stampa italiana a carattere nazionale.","url":"https:\/\/www.livemag.it\/index.php\/author\/italpress\/"}]}},"jetpack_featured_media_url":"https:\/\/www.livemag.it\/wp-content\/uploads\/2024\/02\/20240213_2407.jpg","_links":{"self":[{"href":"https:\/\/www.livemag.it\/index.php\/wp-json\/wp\/v2\/posts\/19953","targetHints":{"allow":["GET"]}}],"collection":[{"href":"https:\/\/www.livemag.it\/index.php\/wp-json\/wp\/v2\/posts"}],"about":[{"href":"https:\/\/www.livemag.it\/index.php\/wp-json\/wp\/v2\/types\/post"}],"author":[{"embeddable":true,"href":"https:\/\/www.livemag.it\/index.php\/wp-json\/wp\/v2\/users\/16"}],"replies":[{"embeddable":true,"href":"https:\/\/www.livemag.it\/index.php\/wp-json\/wp\/v2\/comments?post=19953"}],"version-history":[{"count":0,"href":"https:\/\/www.livemag.it\/index.php\/wp-json\/wp\/v2\/posts\/19953\/revisions"}],"wp:featuredmedia":[{"embeddable":true,"href":"https:\/\/www.livemag.it\/index.php\/wp-json\/wp\/v2\/media\/19954"}],"wp:attachment":[{"href":"https:\/\/www.livemag.it\/index.php\/wp-json\/wp\/v2\/media?parent=19953"}],"wp:term":[{"taxonomy":"category","embeddable":true,"href":"https:\/\/www.livemag.it\/index.php\/wp-json\/wp\/v2\/categories?post=19953"},{"taxonomy":"post_tag","embeddable":true,"href":"https:\/\/www.livemag.it\/index.php\/wp-json\/wp\/v2\/tags?post=19953"}],"curies":[{"name":"wp","href":"https:\/\/api.w.org\/{rel}","templated":true}]}}