{"id":19947,"date":"2024-02-13T21:01:09","date_gmt":"2024-02-13T20:01:09","guid":{"rendered":"https:\/\/www.livemag.it\/index.php\/2024\/02\/13\/alpitour-selezionato-dal-mimit-per-la-mostra-identitalia\/"},"modified":"2024-02-13T21:01:09","modified_gmt":"2024-02-13T20:01:09","slug":"alpitour-selezionato-dal-mimit-per-la-mostra-identitalia","status":"publish","type":"post","link":"https:\/\/www.livemag.it\/index.php\/2024\/02\/13\/alpitour-selezionato-dal-mimit-per-la-mostra-identitalia\/","title":{"rendered":"Alpitour selezionato dal MIMIT per la mostra \u201cIdentitalia\u201d"},"content":{"rendered":"<div>\n<p>ROMA (ITALPRESS) \u2013 E\u2019 stata inaugurata oggi a Palazzo Piacentini, sede del Ministero delle Imprese e del Made in Italy, la mostra \u201cIdentitalia, The Iconic Italian Brands\u201d dedicata ad alcuni tra i pi\u00f9 importanti marchi storici, che hanno fatto e stanno facendo la storia del Paese.<br \/>Alla cerimonia, oltre al ministro Adolfo Urso, hanno partecipato il presidente di Unioncamere, Andrea Prete, il presidente dell\u2019Associazione Marchi Storici, Massimo Caputi e i rappresentanti dei brand esposti.  <br \/>L\u2019iniziativa, alla quale hanno aderito 100 aziende, per un totale di 113 marchi, nasce per celebrare i 140 anni dell\u2019Ufficio Italiano Brevetti e Marchi, che nel 2019 si \u00e8 arricchito del \u201cRegistro Speciale dei Marchi Storici di Interesse Nazionale\u201d, contenente i brand iscritti da pi\u00f9 di cinquant\u2019anni e ancora attivi.<br \/>Lo scopo della mostra, curata dai professori Carlo Martino e Francesco Zurlo, docenti di Design all\u2019Universit\u00e0 La Sapienza di Roma e al Politecnico di Milano, esposta fino al 6 aprile nell\u2019atrio principale di Palazzo Piacentini, \u00e8 quello di valorizzare un patrimonio industriale, progettuale e materiale di inestimabile valore per il Paese, fatto di storie imprenditoriali di successo e di designer che hanno cambiato il modo di comunicare l\u2019immagine aziendale dei prodotti. <br \/>Attraverso disegni originali, pezzi rappresentativi, fotografie, documenti storici, manifesti pubblicitari, proiezione di spot e video, l\u2019osservatore viene accompagnato, nelle fasi della giornata \u2013 risveglio, mattinata, pomeriggio, sera, notte \u2013 dai marchi che fanno parte del vivere quotidiano e celebrano il Made in Italy.<br \/>\u201cQuesta mostra, dal titolo volutamente evocativo, ha il grande pregio di celebrare i marchi di impresa che accompagnano, e hanno accompagnato, la crescita del nostro Paese \u2013 ha sottolineato Adolfo Urso -. Siamo profondamente orgogliosi della capacit\u00e0 creativa del nostro tessuto produttivo perch\u00e8 il successo dei nostri imprenditori e la passione, che mettono nel loro lavoro, sono il fiore all\u2019occhiello del Sistema Italia e il biglietto da visita del nostro Made in Italy nel mondo\u201d.<br \/>Alpitour, il marchio da cui Alpitour World stessa trae il nome, \u00e8 all\u2019interno della stessa mostra quale simbolo da oltre 75 anni per i viaggiatori italiani, emblema di professionalit\u00e0 e innovazione costruite in decenni di crescita, che hanno portato una piccola agenzia di viaggio di Cuneo, chiamata \u201cAlpi\u201d, a divenire il gruppo turistico integrato pi\u00f9 importante del panorama italiano e uno dei pi\u00f9 rilevanti in Europa. Composto da cinque divisioni, Tour Operating, Aviation, Hotel Management, Incoming e Travel Agency, presidia l\u2019intera filiera turistica, con 4.700 dipendenti, sette sedi in Italia e sedici nel mondo, facendo viaggiare ogni anno oltre 2 milioni di persone. <br \/>Sin dagli albori, il brand Alpitour \u00e8 stato connotato dall\u2019inconfondibile gabbiano, sinonimo di libert\u00e0, che racconta in un pittogramma il significato stesso del viaggio. Introdotto negli anni \u201960, nel tempo ha poi sub\u00ecto molte trasformazioni, rimanendo per\u00f2 sempre presente e definendo l\u2019identit\u00e0 e la riconoscibilit\u00e0 del marchio. Cataloghi e campagne hanno poi accompagnato la sua evoluzione sin dal primo dopoguerra, rendendolo celebre al grande pubblico, soprattutto per la vena ironica e spiazzante che ha caratterizzato sempre il suo registro linguistico, precursore nei tempi e dirompente nella forma e nel contenuto. E\u2019 il caso della pubblicit\u00e0 televisiva \u201cNo Alpitour? Ahi, Ahi, Ahi!\u201d, un jingle che ha reso memorabile il Brand, divenendo un motivo orecchiabile e distintivo e consacrando Alpitour \u201cTop of Mind\u201d degli italiani. Negli ultimi anni il marchio \u00e8 tornato in televisione a pi\u00f9 riprese, riprendendo prima il claim storico che l\u2019ha reso famoso e inserendo, poi, nuovi messaggi: l\u2019ultimo \u00e8 \u201cIo in un villaggio? Mai!\u201d, che mira a scardinare tutti i luoghi comuni delle vacanze organizzate con ironia e semplicit\u00e0. Accanto, si sono susseguite centinaia di campagne digital, radiofoniche e su carta stampata con un media mix sempre ampio e articolato, per raggiungere milioni di persone. <br \/>Negli anni Alpitour ha, inoltre, rivestito ruoli determinanti in occasione di grandi manifestazioni del nostro Paese. E\u2019 stato il caso dei Giochi Olimpici Invernali del 2006, quando \u00e8 stato il primo partner esterno per l\u2019accoglienza della famiglia olimpica, organizzando la logistica di circa 37.000 persone. Lo stesso quando, durante il Covid, \u00e8 nata \u201cRipartiamo\u201d, la campagna realizzata insieme ad altre importanti realt\u00e0 del turismo e volta alla ripartenza e al sostegno del settore, gravemente danneggiato e impossibilitato a lavorare; oppure quando ha pubblicato una pagina bianca nei giorni pi\u00f9 drammatici della pandemia. Un impegno non solo comunicativo, ma soprattutto fattuale, che ha visto il Gruppo a fianco del Paese, della rete sanitaria nazionale e dei suoi principali partner. <br \/>\u201cEssere stati scelti dal MIMIT ci onora e ci rende orgogliosi \u2013 afferma Gabriele Burgio, Presidente e Amministratore Delegato di Apitour World \u2013 perch\u00e8 significa che Alpitour ha saputo rimanere nel cuore e nella mente di milioni di italiani, crescendo insieme a loro. In questi 75 anni abbiamo raggiunto grandi risultati con impegno, passione e lavoro di squadra. Oggi il brand Alpitour \u00e8 pi\u00f9 vivo che mai e presta il suo nome anche al Gruppo, Alpitour World: un\u2019eredit\u00e0 che abbiamo sempre voluto proteggere e celebrare, perch\u00e8 questo marchio ha fatto il turismo italiano. Il Ministero delle Imprese e Made in Italy ha fatto un\u2019operazione preziosa e molto importante, regalando all\u2019Italia e ai suoi cittadini questa mostra: del resto, non si pu\u00f2 guardare al futuro senza sapere ci\u00f2 che si \u00e8 stati\u201d. <br \/>La mostra \u00e8 visitabile solo su prenotazione ed \u00e8 aperta al pubblico il venerd\u00ec pomeriggio dalle 17:00 alle ore 20:00 e il sabato e la domenica dalle 10:00 alle ore 20:00.<br \/>-foto ufficio stampa Alpitour- <br \/>(ITALPRESS).<\/p>\n<\/div>\n","protected":false},"excerpt":{"rendered":"<p>ROMA (ITALPRESS) \u2013 E\u2019 stata inaugurata oggi a Palazzo Piacentini, sede del Ministero delle Imprese e del Made in Italy, la mostra \u201cIdentitalia, The Iconic Italian Brands\u201d dedicata ad alcuni tra i pi\u00f9 importanti marchi storici, che hanno fatto e stanno facendo la storia del Paese.Alla cerimonia, oltre al ministro Adolfo Urso, hanno partecipato il [&hellip;]<\/p>\n","protected":false},"author":16,"featured_media":19948,"comment_status":"closed","ping_status":"closed","sticky":false,"template":"","format":"standard","meta":{"jnews-multi-image_gallery":[],"jnews_single_post":[],"jnews_primary_category":[],"jnews_social_meta":[],"jnews_override_counter":[],"jnews_post_split":[],"footnotes":""},"categories":[1129],"tags":[],"class_list":["post-19947","post","type-post","status-publish","format-standard","has-post-thumbnail","hentry","category-mondo"],"yoast_head":"<!-- This site is optimized with the Yoast SEO plugin v27.5 - https:\/\/yoast.com\/product\/yoast-seo-wordpress\/ -->\n<title>Alpitour selezionato dal MIMIT per la mostra \u201cIdentitalia\u201d - Live Magazine<\/title>\n<meta name=\"robots\" content=\"index, follow, max-snippet:-1, max-image-preview:large, max-video-preview:-1\" \/>\n<link rel=\"canonical\" href=\"https:\/\/www.livemag.it\/index.php\/2024\/02\/13\/alpitour-selezionato-dal-mimit-per-la-mostra-identitalia\/\" \/>\n<meta property=\"og:locale\" content=\"it_IT\" \/>\n<meta property=\"og:type\" content=\"article\" \/>\n<meta property=\"og:title\" content=\"Alpitour selezionato dal MIMIT per la mostra \u201cIdentitalia\u201d - Live Magazine\" \/>\n<meta property=\"og:description\" content=\"ROMA (ITALPRESS) \u2013 E\u2019 stata inaugurata oggi a Palazzo Piacentini, sede del Ministero delle Imprese e del Made in Italy, la mostra \u201cIdentitalia, The Iconic Italian Brands\u201d dedicata ad alcuni tra i pi\u00f9 importanti marchi storici, che hanno fatto e stanno facendo la storia del Paese.Alla cerimonia, oltre al ministro Adolfo Urso, hanno partecipato il [&hellip;]\" \/>\n<meta property=\"og:url\" content=\"https:\/\/www.livemag.it\/index.php\/2024\/02\/13\/alpitour-selezionato-dal-mimit-per-la-mostra-identitalia\/\" \/>\n<meta property=\"og:site_name\" content=\"Live Magazine\" \/>\n<meta property=\"article:publisher\" content=\"https:\/\/www.facebook.com\/LiveMag\/\" \/>\n<meta property=\"article:published_time\" content=\"2024-02-13T20:01:09+00:00\" \/>\n<meta property=\"og:image\" content=\"https:\/\/www.livemag.it\/wp-content\/uploads\/2024\/02\/ograph.jpg\" \/>\n\t<meta property=\"og:image:width\" content=\"1200\" \/>\n\t<meta property=\"og:image:height\" content=\"675\" \/>\n\t<meta property=\"og:image:type\" content=\"image\/jpeg\" \/>\n<meta name=\"author\" content=\"italpress\" \/>\n<meta name=\"twitter:card\" content=\"summary_large_image\" \/>\n<meta name=\"twitter:creator\" content=\"@LiveNotizie\" \/>\n<meta name=\"twitter:site\" content=\"@LiveNotizie\" \/>\n<meta name=\"twitter:label1\" content=\"Scritto da\" \/>\n\t<meta name=\"twitter:data1\" content=\"italpress\" \/>\n\t<meta name=\"twitter:label2\" content=\"Tempo di lettura stimato\" \/>\n\t<meta name=\"twitter:data2\" content=\"4 minuti\" \/>\n<script type=\"application\/ld+json\" class=\"yoast-schema-graph\">{\"@context\":\"https:\\\/\\\/schema.org\",\"@graph\":[{\"@type\":\"Article\",\"@id\":\"https:\\\/\\\/www.livemag.it\\\/index.php\\\/2024\\\/02\\\/13\\\/alpitour-selezionato-dal-mimit-per-la-mostra-identitalia\\\/#article\",\"isPartOf\":{\"@id\":\"https:\\\/\\\/www.livemag.it\\\/index.php\\\/2024\\\/02\\\/13\\\/alpitour-selezionato-dal-mimit-per-la-mostra-identitalia\\\/\"},\"author\":{\"name\":\"italpress\",\"@id\":\"https:\\\/\\\/www.livemag.it\\\/#\\\/schema\\\/person\\\/b62c5f44451fdcdaeb0afe6c2424e73c\"},\"headline\":\"Alpitour selezionato dal MIMIT per la mostra \u201cIdentitalia\u201d\",\"datePublished\":\"2024-02-13T20:01:09+00:00\",\"mainEntityOfPage\":{\"@id\":\"https:\\\/\\\/www.livemag.it\\\/index.php\\\/2024\\\/02\\\/13\\\/alpitour-selezionato-dal-mimit-per-la-mostra-identitalia\\\/\"},\"wordCount\":892,\"publisher\":{\"@id\":\"https:\\\/\\\/www.livemag.it\\\/#organization\"},\"image\":{\"@id\":\"https:\\\/\\\/www.livemag.it\\\/index.php\\\/2024\\\/02\\\/13\\\/alpitour-selezionato-dal-mimit-per-la-mostra-identitalia\\\/#primaryimage\"},\"thumbnailUrl\":\"https:\\\/\\\/www.livemag.it\\\/wp-content\\\/uploads\\\/2024\\\/02\\\/20240213_2022.jpg\",\"articleSection\":[\"Mondo\"],\"inLanguage\":\"it-IT\"},{\"@type\":\"WebPage\",\"@id\":\"https:\\\/\\\/www.livemag.it\\\/index.php\\\/2024\\\/02\\\/13\\\/alpitour-selezionato-dal-mimit-per-la-mostra-identitalia\\\/\",\"url\":\"https:\\\/\\\/www.livemag.it\\\/index.php\\\/2024\\\/02\\\/13\\\/alpitour-selezionato-dal-mimit-per-la-mostra-identitalia\\\/\",\"name\":\"Alpitour selezionato dal MIMIT per la mostra \u201cIdentitalia\u201d - Live Magazine\",\"isPartOf\":{\"@id\":\"https:\\\/\\\/www.livemag.it\\\/#website\"},\"primaryImageOfPage\":{\"@id\":\"https:\\\/\\\/www.livemag.it\\\/index.php\\\/2024\\\/02\\\/13\\\/alpitour-selezionato-dal-mimit-per-la-mostra-identitalia\\\/#primaryimage\"},\"image\":{\"@id\":\"https:\\\/\\\/www.livemag.it\\\/index.php\\\/2024\\\/02\\\/13\\\/alpitour-selezionato-dal-mimit-per-la-mostra-identitalia\\\/#primaryimage\"},\"thumbnailUrl\":\"https:\\\/\\\/www.livemag.it\\\/wp-content\\\/uploads\\\/2024\\\/02\\\/20240213_2022.jpg\",\"datePublished\":\"2024-02-13T20:01:09+00:00\",\"breadcrumb\":{\"@id\":\"https:\\\/\\\/www.livemag.it\\\/index.php\\\/2024\\\/02\\\/13\\\/alpitour-selezionato-dal-mimit-per-la-mostra-identitalia\\\/#breadcrumb\"},\"inLanguage\":\"it-IT\",\"potentialAction\":[{\"@type\":\"ReadAction\",\"target\":[\"https:\\\/\\\/www.livemag.it\\\/index.php\\\/2024\\\/02\\\/13\\\/alpitour-selezionato-dal-mimit-per-la-mostra-identitalia\\\/\"]}]},{\"@type\":\"ImageObject\",\"inLanguage\":\"it-IT\",\"@id\":\"https:\\\/\\\/www.livemag.it\\\/index.php\\\/2024\\\/02\\\/13\\\/alpitour-selezionato-dal-mimit-per-la-mostra-identitalia\\\/#primaryimage\",\"url\":\"https:\\\/\\\/www.livemag.it\\\/wp-content\\\/uploads\\\/2024\\\/02\\\/20240213_2022.jpg\",\"contentUrl\":\"https:\\\/\\\/www.livemag.it\\\/wp-content\\\/uploads\\\/2024\\\/02\\\/20240213_2022.jpg\",\"width\":1200,\"height\":1058},{\"@type\":\"BreadcrumbList\",\"@id\":\"https:\\\/\\\/www.livemag.it\\\/index.php\\\/2024\\\/02\\\/13\\\/alpitour-selezionato-dal-mimit-per-la-mostra-identitalia\\\/#breadcrumb\",\"itemListElement\":[{\"@type\":\"ListItem\",\"position\":1,\"name\":\"Home\",\"item\":\"https:\\\/\\\/www.livemag.it\\\/\"},{\"@type\":\"ListItem\",\"position\":2,\"name\":\"Alpitour selezionato dal MIMIT per la mostra \u201cIdentitalia\u201d\"}]},{\"@type\":\"WebSite\",\"@id\":\"https:\\\/\\\/www.livemag.it\\\/#website\",\"url\":\"https:\\\/\\\/www.livemag.it\\\/\",\"name\":\"Live Magazine\",\"description\":\"Varie ed eventi\",\"publisher\":{\"@id\":\"https:\\\/\\\/www.livemag.it\\\/#organization\"},\"potentialAction\":[{\"@type\":\"SearchAction\",\"target\":{\"@type\":\"EntryPoint\",\"urlTemplate\":\"https:\\\/\\\/www.livemag.it\\\/?s={search_term_string}\"},\"query-input\":{\"@type\":\"PropertyValueSpecification\",\"valueRequired\":true,\"valueName\":\"search_term_string\"}}],\"inLanguage\":\"it-IT\"},{\"@type\":\"Organization\",\"@id\":\"https:\\\/\\\/www.livemag.it\\\/#organization\",\"name\":\"LiveMag\",\"alternateName\":\"LiveMag News ed eventi\",\"url\":\"https:\\\/\\\/www.livemag.it\\\/\",\"logo\":{\"@type\":\"ImageObject\",\"inLanguage\":\"it-IT\",\"@id\":\"https:\\\/\\\/www.livemag.it\\\/#\\\/schema\\\/logo\\\/image\\\/\",\"url\":\"https:\\\/\\\/www.livemag.it\\\/wp-content\\\/uploads\\\/2024\\\/02\\\/immagine-sito.jpg\",\"contentUrl\":\"https:\\\/\\\/www.livemag.it\\\/wp-content\\\/uploads\\\/2024\\\/02\\\/immagine-sito.jpg\",\"width\":696,\"height\":696,\"caption\":\"LiveMag\"},\"image\":{\"@id\":\"https:\\\/\\\/www.livemag.it\\\/#\\\/schema\\\/logo\\\/image\\\/\"},\"sameAs\":[\"https:\\\/\\\/www.facebook.com\\\/LiveMag\\\/\",\"https:\\\/\\\/x.com\\\/LiveNotizie\",\"https:\\\/\\\/www.instagram.com\\\/livemag\\\/\"]},{\"@type\":\"Person\",\"@id\":\"https:\\\/\\\/www.livemag.it\\\/#\\\/schema\\\/person\\\/b62c5f44451fdcdaeb0afe6c2424e73c\",\"name\":\"italpress\",\"image\":{\"@type\":\"ImageObject\",\"inLanguage\":\"it-IT\",\"@id\":\"https:\\\/\\\/secure.gravatar.com\\\/avatar\\\/b6a21695fc713ce7ee312cf57c97e2e641feb365be72d8745574d3c3e2b59066?s=96&r=g\",\"url\":\"https:\\\/\\\/secure.gravatar.com\\\/avatar\\\/b6a21695fc713ce7ee312cf57c97e2e641feb365be72d8745574d3c3e2b59066?s=96&r=g\",\"contentUrl\":\"https:\\\/\\\/secure.gravatar.com\\\/avatar\\\/b6a21695fc713ce7ee312cf57c97e2e641feb365be72d8745574d3c3e2b59066?s=96&r=g\",\"caption\":\"italpress\"},\"description\":\"Italpress \u00e8 un'agenzia di stampa italiana a carattere nazionale.\",\"url\":\"https:\\\/\\\/www.livemag.it\\\/index.php\\\/author\\\/italpress\\\/\"}]}<\/script>\n<!-- \/ Yoast SEO plugin. -->","yoast_head_json":{"title":"Alpitour selezionato dal MIMIT per la mostra \u201cIdentitalia\u201d - Live Magazine","robots":{"index":"index","follow":"follow","max-snippet":"max-snippet:-1","max-image-preview":"max-image-preview:large","max-video-preview":"max-video-preview:-1"},"canonical":"https:\/\/www.livemag.it\/index.php\/2024\/02\/13\/alpitour-selezionato-dal-mimit-per-la-mostra-identitalia\/","og_locale":"it_IT","og_type":"article","og_title":"Alpitour selezionato dal MIMIT per la mostra \u201cIdentitalia\u201d - Live Magazine","og_description":"ROMA (ITALPRESS) \u2013 E\u2019 stata inaugurata oggi a Palazzo Piacentini, sede del Ministero delle Imprese e del Made in Italy, la mostra \u201cIdentitalia, The Iconic Italian Brands\u201d dedicata ad alcuni tra i pi\u00f9 importanti marchi storici, che hanno fatto e stanno facendo la storia del Paese.Alla cerimonia, oltre al ministro Adolfo Urso, hanno partecipato il [&hellip;]","og_url":"https:\/\/www.livemag.it\/index.php\/2024\/02\/13\/alpitour-selezionato-dal-mimit-per-la-mostra-identitalia\/","og_site_name":"Live Magazine","article_publisher":"https:\/\/www.facebook.com\/LiveMag\/","article_published_time":"2024-02-13T20:01:09+00:00","og_image":[{"width":1200,"height":675,"url":"https:\/\/www.livemag.it\/wp-content\/uploads\/2024\/02\/ograph.jpg","type":"image\/jpeg"}],"author":"italpress","twitter_card":"summary_large_image","twitter_creator":"@LiveNotizie","twitter_site":"@LiveNotizie","twitter_misc":{"Scritto da":"italpress","Tempo di lettura stimato":"4 minuti"},"schema":{"@context":"https:\/\/schema.org","@graph":[{"@type":"Article","@id":"https:\/\/www.livemag.it\/index.php\/2024\/02\/13\/alpitour-selezionato-dal-mimit-per-la-mostra-identitalia\/#article","isPartOf":{"@id":"https:\/\/www.livemag.it\/index.php\/2024\/02\/13\/alpitour-selezionato-dal-mimit-per-la-mostra-identitalia\/"},"author":{"name":"italpress","@id":"https:\/\/www.livemag.it\/#\/schema\/person\/b62c5f44451fdcdaeb0afe6c2424e73c"},"headline":"Alpitour selezionato dal MIMIT per la mostra \u201cIdentitalia\u201d","datePublished":"2024-02-13T20:01:09+00:00","mainEntityOfPage":{"@id":"https:\/\/www.livemag.it\/index.php\/2024\/02\/13\/alpitour-selezionato-dal-mimit-per-la-mostra-identitalia\/"},"wordCount":892,"publisher":{"@id":"https:\/\/www.livemag.it\/#organization"},"image":{"@id":"https:\/\/www.livemag.it\/index.php\/2024\/02\/13\/alpitour-selezionato-dal-mimit-per-la-mostra-identitalia\/#primaryimage"},"thumbnailUrl":"https:\/\/www.livemag.it\/wp-content\/uploads\/2024\/02\/20240213_2022.jpg","articleSection":["Mondo"],"inLanguage":"it-IT"},{"@type":"WebPage","@id":"https:\/\/www.livemag.it\/index.php\/2024\/02\/13\/alpitour-selezionato-dal-mimit-per-la-mostra-identitalia\/","url":"https:\/\/www.livemag.it\/index.php\/2024\/02\/13\/alpitour-selezionato-dal-mimit-per-la-mostra-identitalia\/","name":"Alpitour selezionato dal MIMIT per la mostra \u201cIdentitalia\u201d - Live Magazine","isPartOf":{"@id":"https:\/\/www.livemag.it\/#website"},"primaryImageOfPage":{"@id":"https:\/\/www.livemag.it\/index.php\/2024\/02\/13\/alpitour-selezionato-dal-mimit-per-la-mostra-identitalia\/#primaryimage"},"image":{"@id":"https:\/\/www.livemag.it\/index.php\/2024\/02\/13\/alpitour-selezionato-dal-mimit-per-la-mostra-identitalia\/#primaryimage"},"thumbnailUrl":"https:\/\/www.livemag.it\/wp-content\/uploads\/2024\/02\/20240213_2022.jpg","datePublished":"2024-02-13T20:01:09+00:00","breadcrumb":{"@id":"https:\/\/www.livemag.it\/index.php\/2024\/02\/13\/alpitour-selezionato-dal-mimit-per-la-mostra-identitalia\/#breadcrumb"},"inLanguage":"it-IT","potentialAction":[{"@type":"ReadAction","target":["https:\/\/www.livemag.it\/index.php\/2024\/02\/13\/alpitour-selezionato-dal-mimit-per-la-mostra-identitalia\/"]}]},{"@type":"ImageObject","inLanguage":"it-IT","@id":"https:\/\/www.livemag.it\/index.php\/2024\/02\/13\/alpitour-selezionato-dal-mimit-per-la-mostra-identitalia\/#primaryimage","url":"https:\/\/www.livemag.it\/wp-content\/uploads\/2024\/02\/20240213_2022.jpg","contentUrl":"https:\/\/www.livemag.it\/wp-content\/uploads\/2024\/02\/20240213_2022.jpg","width":1200,"height":1058},{"@type":"BreadcrumbList","@id":"https:\/\/www.livemag.it\/index.php\/2024\/02\/13\/alpitour-selezionato-dal-mimit-per-la-mostra-identitalia\/#breadcrumb","itemListElement":[{"@type":"ListItem","position":1,"name":"Home","item":"https:\/\/www.livemag.it\/"},{"@type":"ListItem","position":2,"name":"Alpitour selezionato dal MIMIT per la mostra \u201cIdentitalia\u201d"}]},{"@type":"WebSite","@id":"https:\/\/www.livemag.it\/#website","url":"https:\/\/www.livemag.it\/","name":"Live Magazine","description":"Varie ed eventi","publisher":{"@id":"https:\/\/www.livemag.it\/#organization"},"potentialAction":[{"@type":"SearchAction","target":{"@type":"EntryPoint","urlTemplate":"https:\/\/www.livemag.it\/?s={search_term_string}"},"query-input":{"@type":"PropertyValueSpecification","valueRequired":true,"valueName":"search_term_string"}}],"inLanguage":"it-IT"},{"@type":"Organization","@id":"https:\/\/www.livemag.it\/#organization","name":"LiveMag","alternateName":"LiveMag News ed eventi","url":"https:\/\/www.livemag.it\/","logo":{"@type":"ImageObject","inLanguage":"it-IT","@id":"https:\/\/www.livemag.it\/#\/schema\/logo\/image\/","url":"https:\/\/www.livemag.it\/wp-content\/uploads\/2024\/02\/immagine-sito.jpg","contentUrl":"https:\/\/www.livemag.it\/wp-content\/uploads\/2024\/02\/immagine-sito.jpg","width":696,"height":696,"caption":"LiveMag"},"image":{"@id":"https:\/\/www.livemag.it\/#\/schema\/logo\/image\/"},"sameAs":["https:\/\/www.facebook.com\/LiveMag\/","https:\/\/x.com\/LiveNotizie","https:\/\/www.instagram.com\/livemag\/"]},{"@type":"Person","@id":"https:\/\/www.livemag.it\/#\/schema\/person\/b62c5f44451fdcdaeb0afe6c2424e73c","name":"italpress","image":{"@type":"ImageObject","inLanguage":"it-IT","@id":"https:\/\/secure.gravatar.com\/avatar\/b6a21695fc713ce7ee312cf57c97e2e641feb365be72d8745574d3c3e2b59066?s=96&r=g","url":"https:\/\/secure.gravatar.com\/avatar\/b6a21695fc713ce7ee312cf57c97e2e641feb365be72d8745574d3c3e2b59066?s=96&r=g","contentUrl":"https:\/\/secure.gravatar.com\/avatar\/b6a21695fc713ce7ee312cf57c97e2e641feb365be72d8745574d3c3e2b59066?s=96&r=g","caption":"italpress"},"description":"Italpress \u00e8 un'agenzia di stampa italiana a carattere nazionale.","url":"https:\/\/www.livemag.it\/index.php\/author\/italpress\/"}]}},"jetpack_featured_media_url":"https:\/\/www.livemag.it\/wp-content\/uploads\/2024\/02\/20240213_2022.jpg","_links":{"self":[{"href":"https:\/\/www.livemag.it\/index.php\/wp-json\/wp\/v2\/posts\/19947","targetHints":{"allow":["GET"]}}],"collection":[{"href":"https:\/\/www.livemag.it\/index.php\/wp-json\/wp\/v2\/posts"}],"about":[{"href":"https:\/\/www.livemag.it\/index.php\/wp-json\/wp\/v2\/types\/post"}],"author":[{"embeddable":true,"href":"https:\/\/www.livemag.it\/index.php\/wp-json\/wp\/v2\/users\/16"}],"replies":[{"embeddable":true,"href":"https:\/\/www.livemag.it\/index.php\/wp-json\/wp\/v2\/comments?post=19947"}],"version-history":[{"count":0,"href":"https:\/\/www.livemag.it\/index.php\/wp-json\/wp\/v2\/posts\/19947\/revisions"}],"wp:featuredmedia":[{"embeddable":true,"href":"https:\/\/www.livemag.it\/index.php\/wp-json\/wp\/v2\/media\/19948"}],"wp:attachment":[{"href":"https:\/\/www.livemag.it\/index.php\/wp-json\/wp\/v2\/media?parent=19947"}],"wp:term":[{"taxonomy":"category","embeddable":true,"href":"https:\/\/www.livemag.it\/index.php\/wp-json\/wp\/v2\/categories?post=19947"},{"taxonomy":"post_tag","embeddable":true,"href":"https:\/\/www.livemag.it\/index.php\/wp-json\/wp\/v2\/tags?post=19947"}],"curies":[{"name":"wp","href":"https:\/\/api.w.org\/{rel}","templated":true}]}}