{"id":18337,"date":"2024-01-25T14:35:10","date_gmt":"2024-01-25T13:35:10","guid":{"rendered":"https:\/\/www.livemag.it\/?p=17890"},"modified":"2024-01-25T15:42:40","modified_gmt":"2024-01-25T14:42:40","slug":"alba-salone-dellorientamento-universitario-online-dal-30-gennaio-all1-febbraio","status":"publish","type":"post","link":"https:\/\/www.livemag.it\/index.php\/2024\/01\/25\/alba-salone-dellorientamento-universitario-online-dal-30-gennaio-all1-febbraio\/","title":{"rendered":"Alba: Salone dell\u2019Orientamento Universitario online dal 30 gennaio all\u20191 febbraio"},"content":{"rendered":"\n<p>L\u2019Ufficio Informagiovani del Comune di Alba, in collaborazione con le scuole secondarie di secondo grado, lo sportello Obiettivo Orientamento Piemonte della Regione Piemonte ed Orso Societ\u00e0 Cooperativa organizza il <strong>Salone dell\u2019Orientamento Universitario e post diploma \u201cOn \u2013 Air\u201d marted\u00ec 30, mercoled\u00ec 31 gennaio e gioved\u00ec 1 febbraio 2024.<\/strong><\/p>\n\n\n\n<p>L\u2019iniziativa \u00e8 dedicata agli studenti delle classi quarte e quinte delle scuole superiori albesi. Online le facolt\u00e0 universitarie di Torino, Milano, Pavia, Genova, Biella, Brescia, Cuneo, Asti, Alba, Pollenzo, presenteranno la propria offerta formativa, aiutando nella scelta gli studenti che desiderano proseguire gli studi.<\/p>\n\n\n\n<figure class=\"wp-block-gallery has-nested-images columns-default is-cropped wp-block-gallery-1 is-layout-flex wp-block-gallery-is-layout-flex\">\n<figure class=\"wp-block-image size-large\"><img decoding=\"async\" data-id=\"17891\" src=\"https:\/\/www.livemag.it\/wp-content\/uploads\/2024\/01\/Depliant_Salone_Orientamento_01_2024_1-1024x723.jpg\" alt=\"\" class=\"wp-image-17891\"\/><\/figure>\n\n\n\n<figure class=\"wp-block-image size-large\"><img decoding=\"async\" data-id=\"17892\" src=\"https:\/\/www.livemag.it\/wp-content\/uploads\/2024\/01\/Depliant_Salone_Orientamento_01_2024_2-1024x716.jpg\" alt=\"\" class=\"wp-image-17892\"\/><\/figure>\n<\/figure>\n\n\n\n<p>Tre giorni di full immersion interattiva suddivisa secondo un preciso calendario, con la possibilit\u00e0 per i ragazzi di fare domande.<\/p>\n\n\n\n<p>Le giornate sono suddivise per aree: <strong>marted\u00ec 30 gennaio dalle ore 8.15 alle ore 17.30<\/strong> saranno presentati gli ambiti scientifico, tecnologico, militare; <strong>mercoled\u00ec 31 gennaio dalle ore 8.30 alle ore 16.00<\/strong> saranno online le facolt\u00e0 umanistiche ed economiche \u2013 giuridiche, mentre <strong>gioved\u00ec 1 febbraio dalle ore 9.00 alle ore 17.30<\/strong> ci saranno accademie artistiche e corsi degli istituti tecnici superiori.<\/p>\n\n\n\n<p>Il link di collegamento per il Salone dell\u2019Orientamento Universitario e post diploma sar\u00e0 fornito direttamente ai singoli istituti oppure si pu\u00f2 richiedere inviando una e-mail all\u2019indirizzo: <a href=\"mailto:informagiovani@comune.alba.cn.it\">informagiovani@comune.alba.cn.it<\/a>.<\/p>\n\n\n\n<p>Il depliant con appuntamenti e orari \u00e8 scaricabile dal sito del Comune di Alba al seguente link: <a href=\"https:\/\/www.comune.alba.cn.it\/it\/page\/orientamento-post-diploma\">https:\/\/www.comune.alba.cn.it\/it\/page\/orientamento-post-diploma<\/a><\/p>\n\n\n\n<p>\u00ab<em>Il Salone dell\u2019Orientamento Universitario<\/em> \u2013 spiega l\u2019Assessore alle Politiche Giovanili e alla Formazione e Lavoro <strong>Carlotta Boffa<\/strong> \u2013 <em>\u00e8 un evento molto importante ed utile per gli studenti dell\u2019ultimo anno delle scuole superiori che si accingono a scegliere il proprio futuro percorso di studi. Si tratta di un momento particolare e delicato nella vita di un giovane che deve decidere sulla preparazione pi\u00f9 consona alle proprie attitudini. Per questo, il Salone presenta l\u2019intero paniere dell\u2019offerta formativa universitaria ed i possibili sbocchi professionali prospettati da ciascun corso di studi, affinch\u00e9 i ragazzi possano scegliere la strada migliore per il proprio futuro<\/em>\u00bb.<\/p>\n\n\n\n<p>Sempre in tema,<strong> sabato 16 marzo dalle ore 14.00 alle ore 18.00<\/strong>, nel salone del Centro Giovani H-Zone (Piazzale Beausoleil 1 \u2013 Alba) ci saranno i <strong>\u201cSalottini universitari\u201d<\/strong>, incontri informali tra studenti universitari e studenti delle scuole superiori per un confronto sul mondo universitario, dalla struttura ed organizzazione alla gestione della vita quotidiana studentesca.<\/p>\n\n\n\n<p><strong><em>ENRICO SANTAMARIA aka SANTY<\/em><\/strong><\/p>\n","protected":false},"excerpt":{"rendered":"<p>L\u2019Ufficio Informagiovani del Comune di Alba, in collaborazione con le scuole secondarie di secondo grado, lo sportello Obiettivo Orientamento Piemonte della Regione Piemonte ed Orso Societ\u00e0 Cooperativa organizza il Salone dell\u2019Orientamento Universitario e post diploma \u201cOn \u2013 Air\u201d marted\u00ec 30, mercoled\u00ec 31 gennaio e gioved\u00ec 1 febbraio 2024. L\u2019iniziativa \u00e8 dedicata agli studenti delle classi [&hellip;]<\/p>\n","protected":false},"author":6,"featured_media":18342,"comment_status":"open","ping_status":"open","sticky":false,"template":"","format":"standard","meta":{"jnews-multi-image_gallery":[],"jnews_single_post":{"subtitle":"","format":"standard","video":"","gallery":"","source_name":"","source_url":"","via_name":"","via_url":"","override_template":"0","override":[{"template":"1","single_blog_custom":"","parallax":"1","fullscreen":"1","layout":"right-sidebar","sidebar":"default-sidebar","second_sidebar":"default-sidebar","sticky_sidebar":"1","share_position":"top","share_float_style":"share-monocrhome","show_share_counter":"1","show_view_counter":"1","show_featured":"1","show_post_meta":"1","show_post_author":"1","show_post_author_image":"1","show_post_date":"1","post_date_format":"default","post_date_format_custom":"Y\/m\/d","show_post_category":"1","show_post_reading_time":"0","post_reading_time_wpm":"300","show_zoom_button":"0","zoom_button_out_step":"2","zoom_button_in_step":"3","show_post_tag":"1","show_prev_next_post":"1","show_popup_post":"1","number_popup_post":"1","show_author_box":"1","show_post_related":"0","show_inline_post_related":"0"}],"override_image_size":"0","image_override":[{"single_post_thumbnail_size":"crop-500","single_post_gallery_size":"crop-500"}],"trending_post":"0","trending_post_position":"meta","trending_post_label":"Trending","sponsored_post":"0","sponsored_post_label":"Sponsored by","sponsored_post_name":"","sponsored_post_url":"","sponsored_post_logo_enable":"0","sponsored_post_logo":"","sponsored_post_desc":"","disable_ad":"0"},"jnews_primary_category":{"id":"","hide":""},"jnews_social_meta":[],"jnews_override_counter":[],"jnews_post_split":[],"footnotes":""},"categories":[6],"tags":[1158,1159,1160,1161,1162],"class_list":["post-18337","post","type-post","status-publish","format-standard","has-post-thumbnail","hentry","category-cuneolive","tag-carlottaboffa","tag-comunealba","tag-informagiovanialba","tag-regionepiemonte","tag-saloneorientamentouniversitario"],"yoast_head":"<!-- This site is optimized with the Yoast SEO plugin v27.5 - https:\/\/yoast.com\/product\/yoast-seo-wordpress\/ -->\n<title>Alba: Salone dell\u2019Orientamento Universitario online dal 30 gennaio all\u20191 febbraio - Live Magazine<\/title>\n<meta name=\"robots\" content=\"index, follow, max-snippet:-1, max-image-preview:large, max-video-preview:-1\" \/>\n<link rel=\"canonical\" href=\"https:\/\/www.livemag.it\/index.php\/2024\/01\/25\/alba-salone-dellorientamento-universitario-online-dal-30-gennaio-all1-febbraio\/\" \/>\n<meta property=\"og:locale\" content=\"it_IT\" \/>\n<meta property=\"og:type\" content=\"article\" \/>\n<meta property=\"og:title\" content=\"Alba: Salone dell\u2019Orientamento Universitario online dal 30 gennaio all\u20191 febbraio - Live Magazine\" \/>\n<meta property=\"og:description\" content=\"L\u2019Ufficio Informagiovani del Comune di Alba, in collaborazione con le scuole secondarie di secondo grado, lo sportello Obiettivo Orientamento Piemonte della Regione Piemonte ed Orso Societ\u00e0 Cooperativa organizza il Salone dell\u2019Orientamento Universitario e post diploma \u201cOn \u2013 Air\u201d marted\u00ec 30, mercoled\u00ec 31 gennaio e gioved\u00ec 1 febbraio 2024. L\u2019iniziativa \u00e8 dedicata agli studenti delle classi [&hellip;]\" \/>\n<meta property=\"og:url\" content=\"https:\/\/www.livemag.it\/index.php\/2024\/01\/25\/alba-salone-dellorientamento-universitario-online-dal-30-gennaio-all1-febbraio\/\" \/>\n<meta property=\"og:site_name\" content=\"Live Magazine\" \/>\n<meta property=\"article:publisher\" content=\"https:\/\/www.facebook.com\/LiveMag\/\" \/>\n<meta property=\"article:published_time\" content=\"2024-01-25T13:35:10+00:00\" \/>\n<meta property=\"article:modified_time\" content=\"2024-01-25T14:42:40+00:00\" \/>\n<meta property=\"og:image\" content=\"https:\/\/www.livemag.it\/wp-content\/uploads\/2024\/01\/Salone_Orientamento_2017_GDivino-1-678x381-1.jpg\" \/>\n\t<meta property=\"og:image:width\" content=\"678\" \/>\n\t<meta property=\"og:image:height\" content=\"381\" \/>\n\t<meta property=\"og:image:type\" content=\"image\/jpeg\" \/>\n<meta name=\"author\" content=\"Enrico Santamaria\" \/>\n<meta name=\"twitter:card\" content=\"summary_large_image\" \/>\n<meta name=\"twitter:creator\" content=\"@LiveNotizie\" \/>\n<meta name=\"twitter:site\" content=\"@LiveNotizie\" \/>\n<meta name=\"twitter:label1\" content=\"Scritto da\" \/>\n\t<meta name=\"twitter:data1\" content=\"Enrico Santamaria\" \/>\n\t<meta name=\"twitter:label2\" content=\"Tempo di lettura stimato\" \/>\n\t<meta name=\"twitter:data2\" content=\"3 minuti\" \/>\n<script type=\"application\/ld+json\" class=\"yoast-schema-graph\">{\"@context\":\"https:\\\/\\\/schema.org\",\"@graph\":[{\"@type\":\"Article\",\"@id\":\"https:\\\/\\\/www.livemag.it\\\/index.php\\\/2024\\\/01\\\/25\\\/alba-salone-dellorientamento-universitario-online-dal-30-gennaio-all1-febbraio\\\/#article\",\"isPartOf\":{\"@id\":\"https:\\\/\\\/www.livemag.it\\\/index.php\\\/2024\\\/01\\\/25\\\/alba-salone-dellorientamento-universitario-online-dal-30-gennaio-all1-febbraio\\\/\"},\"author\":{\"name\":\"Enrico Santamaria\",\"@id\":\"https:\\\/\\\/www.livemag.it\\\/#\\\/schema\\\/person\\\/eac39c35e128046ef29b7f0e4aba2063\"},\"headline\":\"Alba: Salone dell\u2019Orientamento Universitario online dal 30 gennaio all\u20191 febbraio\",\"datePublished\":\"2024-01-25T13:35:10+00:00\",\"dateModified\":\"2024-01-25T14:42:40+00:00\",\"mainEntityOfPage\":{\"@id\":\"https:\\\/\\\/www.livemag.it\\\/index.php\\\/2024\\\/01\\\/25\\\/alba-salone-dellorientamento-universitario-online-dal-30-gennaio-all1-febbraio\\\/\"},\"wordCount\":382,\"commentCount\":0,\"publisher\":{\"@id\":\"https:\\\/\\\/www.livemag.it\\\/#organization\"},\"image\":{\"@id\":\"https:\\\/\\\/www.livemag.it\\\/index.php\\\/2024\\\/01\\\/25\\\/alba-salone-dellorientamento-universitario-online-dal-30-gennaio-all1-febbraio\\\/#primaryimage\"},\"thumbnailUrl\":\"https:\\\/\\\/www.livemag.it\\\/wp-content\\\/uploads\\\/2024\\\/01\\\/Salone_Orientamento_2017_GDivino-1-678x381-1.jpg\",\"keywords\":[\"CARLOTTABOFFA\",\"COMUNEALBA\",\"informagiovanialba\",\"regionepiemonte\",\"saloneorientamentouniversitario\"],\"articleSection\":[\"CuneoLive\"],\"inLanguage\":\"it-IT\",\"potentialAction\":[{\"@type\":\"CommentAction\",\"name\":\"Comment\",\"target\":[\"https:\\\/\\\/www.livemag.it\\\/index.php\\\/2024\\\/01\\\/25\\\/alba-salone-dellorientamento-universitario-online-dal-30-gennaio-all1-febbraio\\\/#respond\"]}]},{\"@type\":\"WebPage\",\"@id\":\"https:\\\/\\\/www.livemag.it\\\/index.php\\\/2024\\\/01\\\/25\\\/alba-salone-dellorientamento-universitario-online-dal-30-gennaio-all1-febbraio\\\/\",\"url\":\"https:\\\/\\\/www.livemag.it\\\/index.php\\\/2024\\\/01\\\/25\\\/alba-salone-dellorientamento-universitario-online-dal-30-gennaio-all1-febbraio\\\/\",\"name\":\"Alba: Salone dell\u2019Orientamento Universitario online dal 30 gennaio all\u20191 febbraio - Live Magazine\",\"isPartOf\":{\"@id\":\"https:\\\/\\\/www.livemag.it\\\/#website\"},\"primaryImageOfPage\":{\"@id\":\"https:\\\/\\\/www.livemag.it\\\/index.php\\\/2024\\\/01\\\/25\\\/alba-salone-dellorientamento-universitario-online-dal-30-gennaio-all1-febbraio\\\/#primaryimage\"},\"image\":{\"@id\":\"https:\\\/\\\/www.livemag.it\\\/index.php\\\/2024\\\/01\\\/25\\\/alba-salone-dellorientamento-universitario-online-dal-30-gennaio-all1-febbraio\\\/#primaryimage\"},\"thumbnailUrl\":\"https:\\\/\\\/www.livemag.it\\\/wp-content\\\/uploads\\\/2024\\\/01\\\/Salone_Orientamento_2017_GDivino-1-678x381-1.jpg\",\"datePublished\":\"2024-01-25T13:35:10+00:00\",\"dateModified\":\"2024-01-25T14:42:40+00:00\",\"breadcrumb\":{\"@id\":\"https:\\\/\\\/www.livemag.it\\\/index.php\\\/2024\\\/01\\\/25\\\/alba-salone-dellorientamento-universitario-online-dal-30-gennaio-all1-febbraio\\\/#breadcrumb\"},\"inLanguage\":\"it-IT\",\"potentialAction\":[{\"@type\":\"ReadAction\",\"target\":[\"https:\\\/\\\/www.livemag.it\\\/index.php\\\/2024\\\/01\\\/25\\\/alba-salone-dellorientamento-universitario-online-dal-30-gennaio-all1-febbraio\\\/\"]}]},{\"@type\":\"ImageObject\",\"inLanguage\":\"it-IT\",\"@id\":\"https:\\\/\\\/www.livemag.it\\\/index.php\\\/2024\\\/01\\\/25\\\/alba-salone-dellorientamento-universitario-online-dal-30-gennaio-all1-febbraio\\\/#primaryimage\",\"url\":\"https:\\\/\\\/www.livemag.it\\\/wp-content\\\/uploads\\\/2024\\\/01\\\/Salone_Orientamento_2017_GDivino-1-678x381-1.jpg\",\"contentUrl\":\"https:\\\/\\\/www.livemag.it\\\/wp-content\\\/uploads\\\/2024\\\/01\\\/Salone_Orientamento_2017_GDivino-1-678x381-1.jpg\",\"width\":678,\"height\":381},{\"@type\":\"BreadcrumbList\",\"@id\":\"https:\\\/\\\/www.livemag.it\\\/index.php\\\/2024\\\/01\\\/25\\\/alba-salone-dellorientamento-universitario-online-dal-30-gennaio-all1-febbraio\\\/#breadcrumb\",\"itemListElement\":[{\"@type\":\"ListItem\",\"position\":1,\"name\":\"Home\",\"item\":\"https:\\\/\\\/www.livemag.it\\\/\"},{\"@type\":\"ListItem\",\"position\":2,\"name\":\"Alba: Salone dell\u2019Orientamento Universitario online dal 30 gennaio all\u20191 febbraio\"}]},{\"@type\":\"WebSite\",\"@id\":\"https:\\\/\\\/www.livemag.it\\\/#website\",\"url\":\"https:\\\/\\\/www.livemag.it\\\/\",\"name\":\"Live Magazine\",\"description\":\"Varie ed eventi\",\"publisher\":{\"@id\":\"https:\\\/\\\/www.livemag.it\\\/#organization\"},\"potentialAction\":[{\"@type\":\"SearchAction\",\"target\":{\"@type\":\"EntryPoint\",\"urlTemplate\":\"https:\\\/\\\/www.livemag.it\\\/?s={search_term_string}\"},\"query-input\":{\"@type\":\"PropertyValueSpecification\",\"valueRequired\":true,\"valueName\":\"search_term_string\"}}],\"inLanguage\":\"it-IT\"},{\"@type\":\"Organization\",\"@id\":\"https:\\\/\\\/www.livemag.it\\\/#organization\",\"name\":\"LiveMag\",\"alternateName\":\"LiveMag News ed eventi\",\"url\":\"https:\\\/\\\/www.livemag.it\\\/\",\"logo\":{\"@type\":\"ImageObject\",\"inLanguage\":\"it-IT\",\"@id\":\"https:\\\/\\\/www.livemag.it\\\/#\\\/schema\\\/logo\\\/image\\\/\",\"url\":\"https:\\\/\\\/www.livemag.it\\\/wp-content\\\/uploads\\\/2024\\\/02\\\/immagine-sito.jpg\",\"contentUrl\":\"https:\\\/\\\/www.livemag.it\\\/wp-content\\\/uploads\\\/2024\\\/02\\\/immagine-sito.jpg\",\"width\":696,\"height\":696,\"caption\":\"LiveMag\"},\"image\":{\"@id\":\"https:\\\/\\\/www.livemag.it\\\/#\\\/schema\\\/logo\\\/image\\\/\"},\"sameAs\":[\"https:\\\/\\\/www.facebook.com\\\/LiveMag\\\/\",\"https:\\\/\\\/x.com\\\/LiveNotizie\",\"https:\\\/\\\/www.instagram.com\\\/livemag\\\/\"]},{\"@type\":\"Person\",\"@id\":\"https:\\\/\\\/www.livemag.it\\\/#\\\/schema\\\/person\\\/eac39c35e128046ef29b7f0e4aba2063\",\"name\":\"Enrico Santamaria\",\"image\":{\"@type\":\"ImageObject\",\"inLanguage\":\"it-IT\",\"@id\":\"https:\\\/\\\/secure.gravatar.com\\\/avatar\\\/46fb4cd9943ae438f83f978b8089dd12731d06416fe529f1e6492edfba34f6d7?s=96&r=g\",\"url\":\"https:\\\/\\\/secure.gravatar.com\\\/avatar\\\/46fb4cd9943ae438f83f978b8089dd12731d06416fe529f1e6492edfba34f6d7?s=96&r=g\",\"contentUrl\":\"https:\\\/\\\/secure.gravatar.com\\\/avatar\\\/46fb4cd9943ae438f83f978b8089dd12731d06416fe529f1e6492edfba34f6d7?s=96&r=g\",\"caption\":\"Enrico Santamaria\"},\"description\":\"giornalista, copywriter, graphic designer\",\"url\":\"https:\\\/\\\/www.livemag.it\\\/index.php\\\/author\\\/santy\\\/\"}]}<\/script>\n<!-- \/ Yoast SEO plugin. -->","yoast_head_json":{"title":"Alba: Salone dell\u2019Orientamento Universitario online dal 30 gennaio all\u20191 febbraio - Live Magazine","robots":{"index":"index","follow":"follow","max-snippet":"max-snippet:-1","max-image-preview":"max-image-preview:large","max-video-preview":"max-video-preview:-1"},"canonical":"https:\/\/www.livemag.it\/index.php\/2024\/01\/25\/alba-salone-dellorientamento-universitario-online-dal-30-gennaio-all1-febbraio\/","og_locale":"it_IT","og_type":"article","og_title":"Alba: Salone dell\u2019Orientamento Universitario online dal 30 gennaio all\u20191 febbraio - Live Magazine","og_description":"L\u2019Ufficio Informagiovani del Comune di Alba, in collaborazione con le scuole secondarie di secondo grado, lo sportello Obiettivo Orientamento Piemonte della Regione Piemonte ed Orso Societ\u00e0 Cooperativa organizza il Salone dell\u2019Orientamento Universitario e post diploma \u201cOn \u2013 Air\u201d marted\u00ec 30, mercoled\u00ec 31 gennaio e gioved\u00ec 1 febbraio 2024. L\u2019iniziativa \u00e8 dedicata agli studenti delle classi [&hellip;]","og_url":"https:\/\/www.livemag.it\/index.php\/2024\/01\/25\/alba-salone-dellorientamento-universitario-online-dal-30-gennaio-all1-febbraio\/","og_site_name":"Live Magazine","article_publisher":"https:\/\/www.facebook.com\/LiveMag\/","article_published_time":"2024-01-25T13:35:10+00:00","article_modified_time":"2024-01-25T14:42:40+00:00","og_image":[{"width":678,"height":381,"url":"https:\/\/www.livemag.it\/wp-content\/uploads\/2024\/01\/Salone_Orientamento_2017_GDivino-1-678x381-1.jpg","type":"image\/jpeg"}],"author":"Enrico Santamaria","twitter_card":"summary_large_image","twitter_creator":"@LiveNotizie","twitter_site":"@LiveNotizie","twitter_misc":{"Scritto da":"Enrico Santamaria","Tempo di lettura stimato":"3 minuti"},"schema":{"@context":"https:\/\/schema.org","@graph":[{"@type":"Article","@id":"https:\/\/www.livemag.it\/index.php\/2024\/01\/25\/alba-salone-dellorientamento-universitario-online-dal-30-gennaio-all1-febbraio\/#article","isPartOf":{"@id":"https:\/\/www.livemag.it\/index.php\/2024\/01\/25\/alba-salone-dellorientamento-universitario-online-dal-30-gennaio-all1-febbraio\/"},"author":{"name":"Enrico Santamaria","@id":"https:\/\/www.livemag.it\/#\/schema\/person\/eac39c35e128046ef29b7f0e4aba2063"},"headline":"Alba: Salone dell\u2019Orientamento Universitario online dal 30 gennaio all\u20191 febbraio","datePublished":"2024-01-25T13:35:10+00:00","dateModified":"2024-01-25T14:42:40+00:00","mainEntityOfPage":{"@id":"https:\/\/www.livemag.it\/index.php\/2024\/01\/25\/alba-salone-dellorientamento-universitario-online-dal-30-gennaio-all1-febbraio\/"},"wordCount":382,"commentCount":0,"publisher":{"@id":"https:\/\/www.livemag.it\/#organization"},"image":{"@id":"https:\/\/www.livemag.it\/index.php\/2024\/01\/25\/alba-salone-dellorientamento-universitario-online-dal-30-gennaio-all1-febbraio\/#primaryimage"},"thumbnailUrl":"https:\/\/www.livemag.it\/wp-content\/uploads\/2024\/01\/Salone_Orientamento_2017_GDivino-1-678x381-1.jpg","keywords":["CARLOTTABOFFA","COMUNEALBA","informagiovanialba","regionepiemonte","saloneorientamentouniversitario"],"articleSection":["CuneoLive"],"inLanguage":"it-IT","potentialAction":[{"@type":"CommentAction","name":"Comment","target":["https:\/\/www.livemag.it\/index.php\/2024\/01\/25\/alba-salone-dellorientamento-universitario-online-dal-30-gennaio-all1-febbraio\/#respond"]}]},{"@type":"WebPage","@id":"https:\/\/www.livemag.it\/index.php\/2024\/01\/25\/alba-salone-dellorientamento-universitario-online-dal-30-gennaio-all1-febbraio\/","url":"https:\/\/www.livemag.it\/index.php\/2024\/01\/25\/alba-salone-dellorientamento-universitario-online-dal-30-gennaio-all1-febbraio\/","name":"Alba: Salone dell\u2019Orientamento Universitario online dal 30 gennaio all\u20191 febbraio - Live Magazine","isPartOf":{"@id":"https:\/\/www.livemag.it\/#website"},"primaryImageOfPage":{"@id":"https:\/\/www.livemag.it\/index.php\/2024\/01\/25\/alba-salone-dellorientamento-universitario-online-dal-30-gennaio-all1-febbraio\/#primaryimage"},"image":{"@id":"https:\/\/www.livemag.it\/index.php\/2024\/01\/25\/alba-salone-dellorientamento-universitario-online-dal-30-gennaio-all1-febbraio\/#primaryimage"},"thumbnailUrl":"https:\/\/www.livemag.it\/wp-content\/uploads\/2024\/01\/Salone_Orientamento_2017_GDivino-1-678x381-1.jpg","datePublished":"2024-01-25T13:35:10+00:00","dateModified":"2024-01-25T14:42:40+00:00","breadcrumb":{"@id":"https:\/\/www.livemag.it\/index.php\/2024\/01\/25\/alba-salone-dellorientamento-universitario-online-dal-30-gennaio-all1-febbraio\/#breadcrumb"},"inLanguage":"it-IT","potentialAction":[{"@type":"ReadAction","target":["https:\/\/www.livemag.it\/index.php\/2024\/01\/25\/alba-salone-dellorientamento-universitario-online-dal-30-gennaio-all1-febbraio\/"]}]},{"@type":"ImageObject","inLanguage":"it-IT","@id":"https:\/\/www.livemag.it\/index.php\/2024\/01\/25\/alba-salone-dellorientamento-universitario-online-dal-30-gennaio-all1-febbraio\/#primaryimage","url":"https:\/\/www.livemag.it\/wp-content\/uploads\/2024\/01\/Salone_Orientamento_2017_GDivino-1-678x381-1.jpg","contentUrl":"https:\/\/www.livemag.it\/wp-content\/uploads\/2024\/01\/Salone_Orientamento_2017_GDivino-1-678x381-1.jpg","width":678,"height":381},{"@type":"BreadcrumbList","@id":"https:\/\/www.livemag.it\/index.php\/2024\/01\/25\/alba-salone-dellorientamento-universitario-online-dal-30-gennaio-all1-febbraio\/#breadcrumb","itemListElement":[{"@type":"ListItem","position":1,"name":"Home","item":"https:\/\/www.livemag.it\/"},{"@type":"ListItem","position":2,"name":"Alba: Salone dell\u2019Orientamento Universitario online dal 30 gennaio all\u20191 febbraio"}]},{"@type":"WebSite","@id":"https:\/\/www.livemag.it\/#website","url":"https:\/\/www.livemag.it\/","name":"Live Magazine","description":"Varie ed eventi","publisher":{"@id":"https:\/\/www.livemag.it\/#organization"},"potentialAction":[{"@type":"SearchAction","target":{"@type":"EntryPoint","urlTemplate":"https:\/\/www.livemag.it\/?s={search_term_string}"},"query-input":{"@type":"PropertyValueSpecification","valueRequired":true,"valueName":"search_term_string"}}],"inLanguage":"it-IT"},{"@type":"Organization","@id":"https:\/\/www.livemag.it\/#organization","name":"LiveMag","alternateName":"LiveMag News ed eventi","url":"https:\/\/www.livemag.it\/","logo":{"@type":"ImageObject","inLanguage":"it-IT","@id":"https:\/\/www.livemag.it\/#\/schema\/logo\/image\/","url":"https:\/\/www.livemag.it\/wp-content\/uploads\/2024\/02\/immagine-sito.jpg","contentUrl":"https:\/\/www.livemag.it\/wp-content\/uploads\/2024\/02\/immagine-sito.jpg","width":696,"height":696,"caption":"LiveMag"},"image":{"@id":"https:\/\/www.livemag.it\/#\/schema\/logo\/image\/"},"sameAs":["https:\/\/www.facebook.com\/LiveMag\/","https:\/\/x.com\/LiveNotizie","https:\/\/www.instagram.com\/livemag\/"]},{"@type":"Person","@id":"https:\/\/www.livemag.it\/#\/schema\/person\/eac39c35e128046ef29b7f0e4aba2063","name":"Enrico Santamaria","image":{"@type":"ImageObject","inLanguage":"it-IT","@id":"https:\/\/secure.gravatar.com\/avatar\/46fb4cd9943ae438f83f978b8089dd12731d06416fe529f1e6492edfba34f6d7?s=96&r=g","url":"https:\/\/secure.gravatar.com\/avatar\/46fb4cd9943ae438f83f978b8089dd12731d06416fe529f1e6492edfba34f6d7?s=96&r=g","contentUrl":"https:\/\/secure.gravatar.com\/avatar\/46fb4cd9943ae438f83f978b8089dd12731d06416fe529f1e6492edfba34f6d7?s=96&r=g","caption":"Enrico Santamaria"},"description":"giornalista, copywriter, graphic designer","url":"https:\/\/www.livemag.it\/index.php\/author\/santy\/"}]}},"jetpack_featured_media_url":"https:\/\/www.livemag.it\/wp-content\/uploads\/2024\/01\/Salone_Orientamento_2017_GDivino-1-678x381-1.jpg","_links":{"self":[{"href":"https:\/\/www.livemag.it\/index.php\/wp-json\/wp\/v2\/posts\/18337","targetHints":{"allow":["GET"]}}],"collection":[{"href":"https:\/\/www.livemag.it\/index.php\/wp-json\/wp\/v2\/posts"}],"about":[{"href":"https:\/\/www.livemag.it\/index.php\/wp-json\/wp\/v2\/types\/post"}],"author":[{"embeddable":true,"href":"https:\/\/www.livemag.it\/index.php\/wp-json\/wp\/v2\/users\/6"}],"replies":[{"embeddable":true,"href":"https:\/\/www.livemag.it\/index.php\/wp-json\/wp\/v2\/comments?post=18337"}],"version-history":[{"count":1,"href":"https:\/\/www.livemag.it\/index.php\/wp-json\/wp\/v2\/posts\/18337\/revisions"}],"predecessor-version":[{"id":18344,"href":"https:\/\/www.livemag.it\/index.php\/wp-json\/wp\/v2\/posts\/18337\/revisions\/18344"}],"wp:featuredmedia":[{"embeddable":true,"href":"https:\/\/www.livemag.it\/index.php\/wp-json\/wp\/v2\/media\/18342"}],"wp:attachment":[{"href":"https:\/\/www.livemag.it\/index.php\/wp-json\/wp\/v2\/media?parent=18337"}],"wp:term":[{"taxonomy":"category","embeddable":true,"href":"https:\/\/www.livemag.it\/index.php\/wp-json\/wp\/v2\/categories?post=18337"},{"taxonomy":"post_tag","embeddable":true,"href":"https:\/\/www.livemag.it\/index.php\/wp-json\/wp\/v2\/tags?post=18337"}],"curies":[{"name":"wp","href":"https:\/\/api.w.org\/{rel}","templated":true}]}}